{"id":6045,"date":"2025-08-15T11:59:11","date_gmt":"2025-08-15T03:59:11","guid":{"rendered":"https:\/\/lydenim.com\/?p=6045"},"modified":"2025-08-15T11:59:11","modified_gmt":"2025-08-15T03:59:11","slug":"fall-2025-denim-3-essential-jean-styles-for-effortless-chic","status":"publish","type":"post","link":"https:\/\/lydenim.com\/es\/otono-2025-denim-3-estilos-de-jeans-esenciales-para-un-estilo-chic-sin-esfuerzo\/","title":{"rendered":"Denim Oto\u00f1o 2025: 3 estilos de jeans esenciales para un estilo chic sin esfuerzo"},"content":{"rendered":"<h2>Tiempo estimado de lectura: ~4 minutos<\/h2>\n<h2 class=\"section-introduction\">Introducci\u00f3n<\/h2>\n<p>Unos jeans de calidad ofrecen la opci\u00f3n m\u00e1s c\u00f3moda y vers\u00e1til cuando soplan los vientos oto\u00f1ales en el hemisferio norte. Las tres prendas b\u00e1sicas de mezclilla que los expertos en moda recomiendan para el oto\u00f1o son: <strong>jeans de pierna ancha<\/strong> <strong>jeans de pierna recta<\/strong> y <strong>vaqueros acampanados<\/strong>Las siluetas cl\u00e1sicas alargan las piernas de forma natural y estilizan la figura, y combinan a la perfecci\u00f3n con su\u00e9teres casuales y blusas elegantes. Estos tres estilos ofrecen comodidad y estilo para adaptarse a cualquier estilo, desde un look relajado hasta uno urbano. \u00bfQu\u00e9 estilo de jeans se adapta mejor a tu estilo? Estos art\u00edculos te gu\u00edan sobre c\u00f3mo estilizarlos y explican por qu\u00e9 estos tres estilos se convertir\u00e1n en tus imprescindibles de oto\u00f1o.<\/p>\n<div id=\"attachment_6042\" style=\"width: 610px\" class=\"wp-caption aligncenter\"><img loading=\"lazy\" decoding=\"async\" aria-describedby=\"caption-attachment-6042\" class=\"wp-image-6042\" src=\"https:\/\/lydenim.com\/wp-content\/uploads\/2025\/08\/DM_20250812220744_001-scaled.jpg\" alt=\"\" width=\"600\" height=\"800\" srcset=\"https:\/\/lydenim.com\/wp-content\/uploads\/2025\/08\/DM_20250812220744_001-scaled.jpg 1920w, https:\/\/lydenim.com\/wp-content\/uploads\/2025\/08\/DM_20250812220744_001-225x300.jpg 225w, https:\/\/lydenim.com\/wp-content\/uploads\/2025\/08\/DM_20250812220744_001-768x1024.jpg 768w, https:\/\/lydenim.com\/wp-content\/uploads\/2025\/08\/DM_20250812220744_001-1152x1536.jpg 1152w, https:\/\/lydenim.com\/wp-content\/uploads\/2025\/08\/DM_20250812220744_001-1536x2048.jpg 1536w, https:\/\/lydenim.com\/wp-content\/uploads\/2025\/08\/DM_20250812220744_001-9x12.jpg 9w, https:\/\/lydenim.com\/wp-content\/uploads\/2025\/08\/DM_20250812220744_001-600x800.jpg 600w, https:\/\/lydenim.com\/wp-content\/uploads\/2025\/08\/DM_20250812220744_001-150x200.jpg 150w\" sizes=\"auto, (max-width: 600px) 100vw, 600px\" \/><p id=\"caption-attachment-6042\" class=\"wp-caption-text\">estilo de moda<\/p><\/div>\n<h2>Vaqueros de pierna ancha: estilo vintage sin esfuerzo<\/h2>\n<p>El estilo de moda de los jeans de pierna ancha se presenta con una silueta generosa pero no excesivamente holgada. Este estilo crea un perfil m\u00e1s estilizado y alto, con el encanto de la moda retro. Esta prenda b\u00e1sica funciona tanto como un estilo relajado como un elemento de dise\u00f1o andr\u00f3gino, con elementos de jeans dad vintage que parecen contempor\u00e1neos.<\/p>\n<ul>\n<li style=\"list-style-type: none;\">\n<ul>\n<li><b><\/b><strong><b>Ropa deportiva informal:<\/b><\/strong>Combina unas perneras anchas de cintura alta con unas zapatillas gruesas y una camiseta ajustada para un look deportivo y relajado. La combinaci\u00f3n de una camiseta ajustada y un vaquero voluminoso realza la cintura y le da un aire vintage.\n<p><div id=\"attachment_6028\" style=\"width: 610px\" class=\"wp-caption aligncenter\"><img loading=\"lazy\" decoding=\"async\" aria-describedby=\"caption-attachment-6028\" class=\"wp-image-6028\" src=\"https:\/\/lydenim.com\/wp-content\/uploads\/2025\/08\/IMG_7787-scaled.jpg\" alt=\"\" width=\"600\" height=\"599\" srcset=\"https:\/\/lydenim.com\/wp-content\/uploads\/2025\/08\/IMG_7787-scaled.jpg 2560w, https:\/\/lydenim.com\/wp-content\/uploads\/2025\/08\/IMG_7787-300x300.jpg 300w, https:\/\/lydenim.com\/wp-content\/uploads\/2025\/08\/IMG_7787-1024x1024.jpg 1024w, https:\/\/lydenim.com\/wp-content\/uploads\/2025\/08\/IMG_7787-150x150.jpg 150w, https:\/\/lydenim.com\/wp-content\/uploads\/2025\/08\/IMG_7787-768x767.jpg 768w, https:\/\/lydenim.com\/wp-content\/uploads\/2025\/08\/IMG_7787-1536x1534.jpg 1536w, https:\/\/lydenim.com\/wp-content\/uploads\/2025\/08\/IMG_7787-2048x2046.jpg 2048w, https:\/\/lydenim.com\/wp-content\/uploads\/2025\/08\/IMG_7787-12x12.jpg 12w, https:\/\/lydenim.com\/wp-content\/uploads\/2025\/08\/IMG_7787-600x599.jpg 600w\" sizes=\"auto, (max-width: 600px) 100vw, 600px\" \/><p id=\"caption-attachment-6028\" class=\"wp-caption-text\">Ropa deportiva informal<\/p><\/div><\/li>\n<li><b><\/b><strong><b>Combinaci\u00f3n de top corto:<\/b><\/strong>Para un toque juvenil, muestra algo de abdomen con un su\u00e9ter corto o una camiseta de tirantes. El contraste entre un top corto y una camiseta de tiro alto y pierna ancha crea ese equilibrio perfecto de pies a cabeza, creando un look dulce y vanguardista.\n<p><div id=\"attachment_6029\" style=\"width: 610px\" class=\"wp-caption aligncenter\"><img loading=\"lazy\" decoding=\"async\" aria-describedby=\"caption-attachment-6029\" class=\"wp-image-6029\" src=\"https:\/\/lydenim.com\/wp-content\/uploads\/2025\/08\/IMG_7789-scaled.jpg\" alt=\"\" width=\"600\" height=\"337\" srcset=\"https:\/\/lydenim.com\/wp-content\/uploads\/2025\/08\/IMG_7789-scaled.jpg 2560w, https:\/\/lydenim.com\/wp-content\/uploads\/2025\/08\/IMG_7789-300x168.jpg 300w, https:\/\/lydenim.com\/wp-content\/uploads\/2025\/08\/IMG_7789-1024x575.jpg 1024w, https:\/\/lydenim.com\/wp-content\/uploads\/2025\/08\/IMG_7789-768x431.jpg 768w, https:\/\/lydenim.com\/wp-content\/uploads\/2025\/08\/IMG_7789-1536x863.jpg 1536w, https:\/\/lydenim.com\/wp-content\/uploads\/2025\/08\/IMG_7789-2048x1150.jpg 2048w, https:\/\/lydenim.com\/wp-content\/uploads\/2025\/08\/IMG_7789-18x10.jpg 18w, https:\/\/lydenim.com\/wp-content\/uploads\/2025\/08\/IMG_7789-600x337.jpg 600w, https:\/\/lydenim.com\/wp-content\/uploads\/2025\/08\/IMG_7789-150x84.jpg 150w\" sizes=\"auto, (max-width: 600px) 100vw, 600px\" \/><p id=\"caption-attachment-6029\" class=\"wp-caption-text\">Combo de top corto<\/p><\/div><\/li>\n<li><b><\/b><strong><b>Calzado Femenino:<\/b><\/strong>Cambia las zapatillas por unas sandalias delicadas o unos zapatos destalonados de tac\u00f3n bajo para suavizar el look. Unas tiras que sobresalen por debajo de unos vaqueros anchos a\u00f1aden un toque de elegancia y mantienen el conjunto ligero, perfecto para los frescos d\u00edas de oto\u00f1o.\n<p><div id=\"attachment_6030\" style=\"width: 610px\" class=\"wp-caption aligncenter\"><img loading=\"lazy\" decoding=\"async\" aria-describedby=\"caption-attachment-6030\" class=\"wp-image-6030\" src=\"https:\/\/lydenim.com\/wp-content\/uploads\/2025\/08\/IMG_7790-scaled.jpg\" alt=\"\" width=\"600\" height=\"599\" srcset=\"https:\/\/lydenim.com\/wp-content\/uploads\/2025\/08\/IMG_7790-scaled.jpg 2560w, https:\/\/lydenim.com\/wp-content\/uploads\/2025\/08\/IMG_7790-300x300.jpg 300w, https:\/\/lydenim.com\/wp-content\/uploads\/2025\/08\/IMG_7790-1024x1024.jpg 1024w, https:\/\/lydenim.com\/wp-content\/uploads\/2025\/08\/IMG_7790-150x150.jpg 150w, https:\/\/lydenim.com\/wp-content\/uploads\/2025\/08\/IMG_7790-768x767.jpg 768w, https:\/\/lydenim.com\/wp-content\/uploads\/2025\/08\/IMG_7790-1536x1534.jpg 1536w, https:\/\/lydenim.com\/wp-content\/uploads\/2025\/08\/IMG_7790-2048x2046.jpg 2048w, https:\/\/lydenim.com\/wp-content\/uploads\/2025\/08\/IMG_7790-12x12.jpg 12w, https:\/\/lydenim.com\/wp-content\/uploads\/2025\/08\/IMG_7790-600x599.jpg 600w\" sizes=\"auto, (max-width: 600px) 100vw, 600px\" \/><p id=\"caption-attachment-6030\" class=\"wp-caption-text\">Calzado Femenino<\/p><\/div><\/li>\n<li><b><\/b><strong><b>Mezcla de texturas:<\/b><\/strong>Ponte una blusa de encaje o una camisa de seda asim\u00e9trica para realzar los contrastes. Un top delicado o drapeado que combine con el volumen de unos vaqueros anchos crea un efecto interesante y equilibrado al instante.\n<p><div id=\"attachment_6031\" style=\"width: 610px\" class=\"wp-caption aligncenter\"><img loading=\"lazy\" decoding=\"async\" aria-describedby=\"caption-attachment-6031\" class=\"wp-image-6031\" src=\"https:\/\/lydenim.com\/wp-content\/uploads\/2025\/08\/IMG_7791-scaled.jpg\" alt=\"\" width=\"600\" height=\"599\" srcset=\"https:\/\/lydenim.com\/wp-content\/uploads\/2025\/08\/IMG_7791-scaled.jpg 2560w, https:\/\/lydenim.com\/wp-content\/uploads\/2025\/08\/IMG_7791-300x300.jpg 300w, https:\/\/lydenim.com\/wp-content\/uploads\/2025\/08\/IMG_7791-1024x1024.jpg 1024w, https:\/\/lydenim.com\/wp-content\/uploads\/2025\/08\/IMG_7791-150x150.jpg 150w, https:\/\/lydenim.com\/wp-content\/uploads\/2025\/08\/IMG_7791-768x767.jpg 768w, https:\/\/lydenim.com\/wp-content\/uploads\/2025\/08\/IMG_7791-1536x1534.jpg 1536w, https:\/\/lydenim.com\/wp-content\/uploads\/2025\/08\/IMG_7791-2048x2046.jpg 2048w, https:\/\/lydenim.com\/wp-content\/uploads\/2025\/08\/IMG_7791-12x12.jpg 12w, https:\/\/lydenim.com\/wp-content\/uploads\/2025\/08\/IMG_7791-600x599.jpg 600w\" sizes=\"auto, (max-width: 600px) 100vw, 600px\" \/><p id=\"caption-attachment-6031\" class=\"wp-caption-text\">Mezcla de texturas<\/p><\/div><\/li>\n<li><b><\/b><strong><b>Borde sofisticado:<\/b><\/strong>Completa el look con mocasines o zapatos oxford de punta y un blazer elegante para un conjunto chic y urbano. La parte superior entallada complementa la parte inferior relajada, demostrando que puedes estar c\u00f3moda. <strong><b>y <\/b><\/strong>pulido.\n<p><div id=\"attachment_6032\" style=\"width: 610px\" class=\"wp-caption aligncenter\"><img loading=\"lazy\" decoding=\"async\" aria-describedby=\"caption-attachment-6032\" class=\"wp-image-6032\" src=\"https:\/\/lydenim.com\/wp-content\/uploads\/2025\/08\/IMG_7792-scaled.jpg\" alt=\"\" width=\"600\" height=\"599\" srcset=\"https:\/\/lydenim.com\/wp-content\/uploads\/2025\/08\/IMG_7792-scaled.jpg 2560w, https:\/\/lydenim.com\/wp-content\/uploads\/2025\/08\/IMG_7792-300x300.jpg 300w, https:\/\/lydenim.com\/wp-content\/uploads\/2025\/08\/IMG_7792-1024x1024.jpg 1024w, https:\/\/lydenim.com\/wp-content\/uploads\/2025\/08\/IMG_7792-150x150.jpg 150w, https:\/\/lydenim.com\/wp-content\/uploads\/2025\/08\/IMG_7792-768x767.jpg 768w, https:\/\/lydenim.com\/wp-content\/uploads\/2025\/08\/IMG_7792-1536x1534.jpg 1536w, https:\/\/lydenim.com\/wp-content\/uploads\/2025\/08\/IMG_7792-2048x2046.jpg 2048w, https:\/\/lydenim.com\/wp-content\/uploads\/2025\/08\/IMG_7792-12x12.jpg 12w, https:\/\/lydenim.com\/wp-content\/uploads\/2025\/08\/IMG_7792-600x599.jpg 600w\" sizes=\"auto, (max-width: 600px) 100vw, 600px\" \/><p id=\"caption-attachment-6032\" class=\"wp-caption-text\">Borde sofisticado<\/p><\/div><\/li>\n<li><b><\/b><strong><b>Consejo para usar capas:<\/b><\/strong>Con la bajada de las temperaturas, un jersey de cuello alto ajustado o una chaqueta estructurada te abrigan sin perder la silueta de pierna ancha. Este corte queda perfecto incluso con gabardinas o c\u00e1rdigans largos: el tejido extra se extiende en el bajo, creando un efecto elegante y fluido.\n<p><div id=\"attachment_6033\" style=\"width: 610px\" class=\"wp-caption aligncenter\"><img loading=\"lazy\" decoding=\"async\" aria-describedby=\"caption-attachment-6033\" class=\"wp-image-6033\" src=\"https:\/\/lydenim.com\/wp-content\/uploads\/2025\/08\/IMG_7793-scaled.jpg\" alt=\"\" width=\"600\" height=\"599\" srcset=\"https:\/\/lydenim.com\/wp-content\/uploads\/2025\/08\/IMG_7793-scaled.jpg 2560w, https:\/\/lydenim.com\/wp-content\/uploads\/2025\/08\/IMG_7793-300x300.jpg 300w, https:\/\/lydenim.com\/wp-content\/uploads\/2025\/08\/IMG_7793-1024x1024.jpg 1024w, https:\/\/lydenim.com\/wp-content\/uploads\/2025\/08\/IMG_7793-150x150.jpg 150w, https:\/\/lydenim.com\/wp-content\/uploads\/2025\/08\/IMG_7793-768x767.jpg 768w, https:\/\/lydenim.com\/wp-content\/uploads\/2025\/08\/IMG_7793-1536x1534.jpg 1536w, https:\/\/lydenim.com\/wp-content\/uploads\/2025\/08\/IMG_7793-2048x2046.jpg 2048w, https:\/\/lydenim.com\/wp-content\/uploads\/2025\/08\/IMG_7793-12x12.jpg 12w, https:\/\/lydenim.com\/wp-content\/uploads\/2025\/08\/IMG_7793-600x599.jpg 600w\" sizes=\"auto, (max-width: 600px) 100vw, 600px\" \/><p id=\"caption-attachment-6033\" class=\"wp-caption-text\">Capas<\/p><\/div><\/li>\n<\/ul>\n<\/li>\n<\/ul>\n<p>Los jeans de pierna ancha combinan igual de bien con camisetas informales que con blusas sueltas. Cualquier top que elijas te ayudar\u00e1 a mantener tu look a la moda durante todo el oto\u00f1o.<\/p>\n<h2>Vaqueros rectos: el estilo cl\u00e1sico para el d\u00eda a d\u00eda<\/h2>\n<p>La silueta b\u00e1sica de los jeans de pierna recta mantiene un ancho uniforme desde la cadera hasta el bajo. Se adaptan a diferentes tipos de cuerpo, creando una apariencia suave y alargada que recorre las piernas. La versatilidad de los jeans rectos te permite pasar instant\u00e1neamente de un estilo casual a uno formal sin perder su estilo moderno y elegante.<\/p>\n<ul>\n<li style=\"list-style-type: none;\">\n<ul>\n<li><b><\/b><strong><b>Casual genial:<\/b><\/strong>Mete una camiseta de algod\u00f3n suave por dentro de unos vaqueros rectos de tiro alto para un look limpio y relajado. Esta combinaci\u00f3n es de lo m\u00e1s sencilla y alarga visualmente tus piernas (en serio, parece que el dobladillo es infinito).\n<p><div id=\"attachment_6035\" style=\"width: 610px\" class=\"wp-caption aligncenter\"><img loading=\"lazy\" decoding=\"async\" aria-describedby=\"caption-attachment-6035\" class=\"wp-image-6035\" src=\"https:\/\/lydenim.com\/wp-content\/uploads\/2025\/08\/IMG_7795-scaled.jpg\" alt=\"\" width=\"600\" height=\"599\" srcset=\"https:\/\/lydenim.com\/wp-content\/uploads\/2025\/08\/IMG_7795-scaled.jpg 2560w, https:\/\/lydenim.com\/wp-content\/uploads\/2025\/08\/IMG_7795-300x300.jpg 300w, https:\/\/lydenim.com\/wp-content\/uploads\/2025\/08\/IMG_7795-1024x1024.jpg 1024w, https:\/\/lydenim.com\/wp-content\/uploads\/2025\/08\/IMG_7795-150x150.jpg 150w, https:\/\/lydenim.com\/wp-content\/uploads\/2025\/08\/IMG_7795-768x767.jpg 768w, https:\/\/lydenim.com\/wp-content\/uploads\/2025\/08\/IMG_7795-1536x1534.jpg 1536w, https:\/\/lydenim.com\/wp-content\/uploads\/2025\/08\/IMG_7795-2048x2046.jpg 2048w, https:\/\/lydenim.com\/wp-content\/uploads\/2025\/08\/IMG_7795-12x12.jpg 12w, https:\/\/lydenim.com\/wp-content\/uploads\/2025\/08\/IMG_7795-600x599.jpg 600w\" sizes=\"auto, (max-width: 600px) 100vw, 600px\" \/><p id=\"caption-attachment-6035\" class=\"wp-caption-text\">Casual genial<\/p><\/div><\/li>\n<li><b><\/b><strong><b>Contraste rom\u00e1ntico:<\/b><\/strong>Combina la robustez del denim con una camisola sedosa o una blusa vaporosa. La elegante simplicidad de los jeans rectos realza el conjunto, permitiendo que una blusa femenina brille sin ser excesiva.\n<p><div id=\"attachment_6034\" style=\"width: 610px\" class=\"wp-caption aligncenter\"><img loading=\"lazy\" decoding=\"async\" aria-describedby=\"caption-attachment-6034\" class=\"wp-image-6034\" src=\"https:\/\/lydenim.com\/wp-content\/uploads\/2025\/08\/IMG_7794-scaled.jpg\" alt=\"\" width=\"600\" height=\"599\" srcset=\"https:\/\/lydenim.com\/wp-content\/uploads\/2025\/08\/IMG_7794-scaled.jpg 2560w, https:\/\/lydenim.com\/wp-content\/uploads\/2025\/08\/IMG_7794-300x300.jpg 300w, https:\/\/lydenim.com\/wp-content\/uploads\/2025\/08\/IMG_7794-1024x1024.jpg 1024w, https:\/\/lydenim.com\/wp-content\/uploads\/2025\/08\/IMG_7794-150x150.jpg 150w, https:\/\/lydenim.com\/wp-content\/uploads\/2025\/08\/IMG_7794-768x767.jpg 768w, https:\/\/lydenim.com\/wp-content\/uploads\/2025\/08\/IMG_7794-1536x1534.jpg 1536w, https:\/\/lydenim.com\/wp-content\/uploads\/2025\/08\/IMG_7794-2048x2046.jpg 2048w, https:\/\/lydenim.com\/wp-content\/uploads\/2025\/08\/IMG_7794-12x12.jpg 12w, https:\/\/lydenim.com\/wp-content\/uploads\/2025\/08\/IMG_7794-600x599.jpg 600w\" sizes=\"auto, (max-width: 600px) 100vw, 600px\" \/><p id=\"caption-attachment-6034\" class=\"wp-caption-text\">Contraste rom\u00e1ntico<\/p><\/div><\/li>\n<li><b><\/b><strong><b>Estilo chic listo para el trabajo:<\/b><\/strong>Para un look de oficina elegante, combina tus vaqueros rectos con una camisa elegante o un su\u00e9ter ligero. Una camisa de lino o sat\u00e9n impecable, metida por dentro (prueba a a\u00f1adir un cintur\u00f3n), da un aspecto elegante al instante. Completa el look con mocasines o tacones bajos y lucir\u00e1s elegante y relajada.\n<p><div id=\"attachment_6037\" style=\"width: 610px\" class=\"wp-caption aligncenter\"><img loading=\"lazy\" decoding=\"async\" aria-describedby=\"caption-attachment-6037\" class=\"wp-image-6037\" src=\"https:\/\/lydenim.com\/wp-content\/uploads\/2025\/08\/IMG_7797-scaled.jpg\" alt=\"\" width=\"600\" height=\"337\" srcset=\"https:\/\/lydenim.com\/wp-content\/uploads\/2025\/08\/IMG_7797-scaled.jpg 2560w, https:\/\/lydenim.com\/wp-content\/uploads\/2025\/08\/IMG_7797-300x168.jpg 300w, https:\/\/lydenim.com\/wp-content\/uploads\/2025\/08\/IMG_7797-1024x575.jpg 1024w, https:\/\/lydenim.com\/wp-content\/uploads\/2025\/08\/IMG_7797-768x431.jpg 768w, https:\/\/lydenim.com\/wp-content\/uploads\/2025\/08\/IMG_7797-1536x863.jpg 1536w, https:\/\/lydenim.com\/wp-content\/uploads\/2025\/08\/IMG_7797-2048x1150.jpg 2048w, https:\/\/lydenim.com\/wp-content\/uploads\/2025\/08\/IMG_7797-18x10.jpg 18w, https:\/\/lydenim.com\/wp-content\/uploads\/2025\/08\/IMG_7797-600x337.jpg 600w, https:\/\/lydenim.com\/wp-content\/uploads\/2025\/08\/IMG_7797-150x84.jpg 150w\" sizes=\"auto, (max-width: 600px) 100vw, 600px\" \/><p id=\"caption-attachment-6037\" class=\"wp-caption-text\">Chic listo para el trabajo<\/p><\/div><\/li>\n<li><b><\/b><strong><b>Temporada de botas:<\/b><\/strong>En oto\u00f1o, cambia los zapatos planos por botines o botines de tac\u00f3n. Los vaqueros rectos se llevan f\u00e1cilmente por encima o por debajo de las botas, lo que aumenta la altura al instante y hace que las piernas se vean largas. \u00bfVaqueros rectos oscuros con botines negros? \u00a1Un look chic!\n<p><div id=\"attachment_6036\" style=\"width: 610px\" class=\"wp-caption aligncenter\"><img loading=\"lazy\" decoding=\"async\" aria-describedby=\"caption-attachment-6036\" class=\"wp-image-6036\" src=\"https:\/\/lydenim.com\/wp-content\/uploads\/2025\/08\/IMG_7796-scaled.jpg\" alt=\"\" width=\"600\" height=\"337\" srcset=\"https:\/\/lydenim.com\/wp-content\/uploads\/2025\/08\/IMG_7796-scaled.jpg 2560w, https:\/\/lydenim.com\/wp-content\/uploads\/2025\/08\/IMG_7796-300x168.jpg 300w, https:\/\/lydenim.com\/wp-content\/uploads\/2025\/08\/IMG_7796-1024x575.jpg 1024w, https:\/\/lydenim.com\/wp-content\/uploads\/2025\/08\/IMG_7796-768x431.jpg 768w, https:\/\/lydenim.com\/wp-content\/uploads\/2025\/08\/IMG_7796-1536x863.jpg 1536w, https:\/\/lydenim.com\/wp-content\/uploads\/2025\/08\/IMG_7796-2048x1150.jpg 2048w, https:\/\/lydenim.com\/wp-content\/uploads\/2025\/08\/IMG_7796-18x10.jpg 18w, https:\/\/lydenim.com\/wp-content\/uploads\/2025\/08\/IMG_7796-600x337.jpg 600w, https:\/\/lydenim.com\/wp-content\/uploads\/2025\/08\/IMG_7796-150x84.jpg 150w\" sizes=\"auto, (max-width: 600px) 100vw, 600px\" \/><p id=\"caption-attachment-6036\" class=\"wp-caption-text\">Temporada de botas<\/p><\/div><\/li>\n<li><b><\/b><strong><b>Capas acogedoras:<\/b><\/strong>Cuando haga fr\u00edo, ponte encima un jersey de punto ajustado o un blazer a medida. El corte recto evita que las capas se vean voluminosas, manteniendo una silueta elegante y recta. Ponte una bufanda o un abrigo y estar\u00e1s lista para tus frescas ma\u00f1anas de viaje.<\/li>\n<\/ul>\n<\/li>\n<\/ul>\n<p>El dise\u00f1o discreto de los jeans rectos los hace ideales para cualquier prenda de tu colecci\u00f3n. Este estilo es tu prenda b\u00e1sica de confianza para crear cualquier conjunto de oto\u00f1o, ya que combina a la perfecci\u00f3n tanto con su\u00e9teres de punto de invierno como con gabardinas ligeras de oto\u00f1o.<\/p>\n<h2>Vaqueros acampanados: un resurgimiento de los a\u00f1os 70 para armarios modernos<\/h2>\n<p>Los jeans acampanados aportan al instante una elegancia dram\u00e1tica y de inspiraci\u00f3n vintage. La silueta se ajusta en caderas y muslos y luego se expande hasta convertirse en un amplio corte acampanado por debajo de la rodilla, que rinde homenaje a la libertad de los a\u00f1os 70, conservando elementos de la moda contempor\u00e1nea. Cada paso con jeans acampanados crea una apariencia alargada, junto con un estilo hippie de alta gama.<\/p>\n<ul>\n<li style=\"list-style-type: none;\">\n<ul>\n<li><b><\/b><strong><b>Elegancia parisina:<\/b><\/strong>Anuda una blusa vaporosa a la cintura y comb\u00ednala con pantalones acampanados de cintura alta para un look inspirado en el street style franc\u00e9s. Esta combinaci\u00f3n es rom\u00e1ntica y elegante: el bajo acampanado aporta un toque bohemio y lujoso, especialmente al combinarlo con un cintur\u00f3n trenzado cl\u00e1sico o una bufanda delicada.\n<p><div id=\"attachment_6040\" style=\"width: 610px\" class=\"wp-caption aligncenter\"><img loading=\"lazy\" decoding=\"async\" aria-describedby=\"caption-attachment-6040\" class=\"wp-image-6040\" src=\"https:\/\/lydenim.com\/wp-content\/uploads\/2025\/08\/IMG_7801-scaled.jpg\" alt=\"\" width=\"600\" height=\"599\" srcset=\"https:\/\/lydenim.com\/wp-content\/uploads\/2025\/08\/IMG_7801-scaled.jpg 2560w, https:\/\/lydenim.com\/wp-content\/uploads\/2025\/08\/IMG_7801-300x300.jpg 300w, https:\/\/lydenim.com\/wp-content\/uploads\/2025\/08\/IMG_7801-1024x1024.jpg 1024w, https:\/\/lydenim.com\/wp-content\/uploads\/2025\/08\/IMG_7801-150x150.jpg 150w, https:\/\/lydenim.com\/wp-content\/uploads\/2025\/08\/IMG_7801-768x767.jpg 768w, https:\/\/lydenim.com\/wp-content\/uploads\/2025\/08\/IMG_7801-1536x1534.jpg 1536w, https:\/\/lydenim.com\/wp-content\/uploads\/2025\/08\/IMG_7801-2048x2046.jpg 2048w, https:\/\/lydenim.com\/wp-content\/uploads\/2025\/08\/IMG_7801-12x12.jpg 12w, https:\/\/lydenim.com\/wp-content\/uploads\/2025\/08\/IMG_7801-600x599.jpg 600w\" sizes=\"auto, (max-width: 600px) 100vw, 600px\" \/><p id=\"caption-attachment-6040\" class=\"wp-caption-text\">Elegancia parisina<\/p><\/div><\/li>\n<li><b><\/b><strong><b>Camiseta y accesorios:<\/b><\/strong>Nunca subestimes una camiseta sencilla con vaqueros acampanados. Mete tu camiseta gr\u00e1fica o vintage favorita por dentro y a\u00f1ade un toque de estilo con joyas llamativas o un cintur\u00f3n ancho. Ponte mocasines o tacones anchos y tendr\u00e1s un conjunto moderno y desenfadado que se siente retro y fresco a la vez.\n<p><div id=\"attachment_6038\" style=\"width: 610px\" class=\"wp-caption aligncenter\"><img loading=\"lazy\" decoding=\"async\" aria-describedby=\"caption-attachment-6038\" class=\"wp-image-6038\" src=\"https:\/\/lydenim.com\/wp-content\/uploads\/2025\/08\/IMG_7798-scaled.jpg\" alt=\"\" width=\"600\" height=\"337\" srcset=\"https:\/\/lydenim.com\/wp-content\/uploads\/2025\/08\/IMG_7798-scaled.jpg 2560w, https:\/\/lydenim.com\/wp-content\/uploads\/2025\/08\/IMG_7798-300x168.jpg 300w, https:\/\/lydenim.com\/wp-content\/uploads\/2025\/08\/IMG_7798-1024x575.jpg 1024w, https:\/\/lydenim.com\/wp-content\/uploads\/2025\/08\/IMG_7798-768x431.jpg 768w, https:\/\/lydenim.com\/wp-content\/uploads\/2025\/08\/IMG_7798-1536x863.jpg 1536w, https:\/\/lydenim.com\/wp-content\/uploads\/2025\/08\/IMG_7798-2048x1150.jpg 2048w, https:\/\/lydenim.com\/wp-content\/uploads\/2025\/08\/IMG_7798-18x10.jpg 18w, https:\/\/lydenim.com\/wp-content\/uploads\/2025\/08\/IMG_7798-600x337.jpg 600w, https:\/\/lydenim.com\/wp-content\/uploads\/2025\/08\/IMG_7798-150x84.jpg 150w\" sizes=\"auto, (max-width: 600px) 100vw, 600px\" \/><p id=\"caption-attachment-6038\" class=\"wp-caption-text\">Camisetas y accesorios<\/p><\/div><\/li>\n<li><b><\/b><strong><b>Clima para su\u00e9teres:<\/b><\/strong>Conforme avanza el oto\u00f1o, cambia tu camiseta por una de punto grueso o un jersey de cuello alto ajustado. Un jersey ajustado con vuelo equilibra el volumen en la parte superior e inferior a la perfecci\u00f3n. (Consejo: mete el jersey hasta la mitad para que la cintura se defina bajo el vuelo).\n<p><div id=\"attachment_6039\" style=\"width: 610px\" class=\"wp-caption aligncenter\"><img loading=\"lazy\" decoding=\"async\" aria-describedby=\"caption-attachment-6039\" class=\"wp-image-6039\" src=\"https:\/\/lydenim.com\/wp-content\/uploads\/2025\/08\/IMG_7800-scaled.jpg\" alt=\"\" width=\"600\" height=\"599\" srcset=\"https:\/\/lydenim.com\/wp-content\/uploads\/2025\/08\/IMG_7800-scaled.jpg 2560w, https:\/\/lydenim.com\/wp-content\/uploads\/2025\/08\/IMG_7800-300x300.jpg 300w, https:\/\/lydenim.com\/wp-content\/uploads\/2025\/08\/IMG_7800-1024x1024.jpg 1024w, https:\/\/lydenim.com\/wp-content\/uploads\/2025\/08\/IMG_7800-150x150.jpg 150w, https:\/\/lydenim.com\/wp-content\/uploads\/2025\/08\/IMG_7800-768x767.jpg 768w, https:\/\/lydenim.com\/wp-content\/uploads\/2025\/08\/IMG_7800-1536x1534.jpg 1536w, https:\/\/lydenim.com\/wp-content\/uploads\/2025\/08\/IMG_7800-2048x2046.jpg 2048w, https:\/\/lydenim.com\/wp-content\/uploads\/2025\/08\/IMG_7800-12x12.jpg 12w, https:\/\/lydenim.com\/wp-content\/uploads\/2025\/08\/IMG_7800-600x599.jpg 600w\" sizes=\"auto, (max-width: 600px) 100vw, 600px\" \/><p id=\"caption-attachment-6039\" class=\"wp-caption-text\">Clima de su\u00e9ter<\/p><\/div><\/li>\n<li><b><\/b><strong><b>Declaraci\u00f3n sobre el calzado:<\/b><\/strong>El calzado es clave con los pantalones acampanados. Las sandalias de plataforma y los tacones gruesos son opciones cl\u00e1sicas, pero incluso los botines de tac\u00f3n se asoman por debajo para alargar las piernas. En d\u00edas muy fr\u00edos, una bota elegante de punta puede deslizarse justo debajo del bajo del pantal\u00f3n acampanado para un toque chic.\n<p><div id=\"attachment_6041\" style=\"width: 610px\" class=\"wp-caption aligncenter\"><img loading=\"lazy\" decoding=\"async\" aria-describedby=\"caption-attachment-6041\" class=\"wp-image-6041\" src=\"https:\/\/lydenim.com\/wp-content\/uploads\/2025\/08\/IMG_7802-scaled.jpg\" alt=\"\" width=\"600\" height=\"799\" srcset=\"https:\/\/lydenim.com\/wp-content\/uploads\/2025\/08\/IMG_7802-scaled.jpg 1922w, https:\/\/lydenim.com\/wp-content\/uploads\/2025\/08\/IMG_7802-225x300.jpg 225w, https:\/\/lydenim.com\/wp-content\/uploads\/2025\/08\/IMG_7802-769x1024.jpg 769w, https:\/\/lydenim.com\/wp-content\/uploads\/2025\/08\/IMG_7802-768x1023.jpg 768w, https:\/\/lydenim.com\/wp-content\/uploads\/2025\/08\/IMG_7802-1153x1536.jpg 1153w, https:\/\/lydenim.com\/wp-content\/uploads\/2025\/08\/IMG_7802-1537x2048.jpg 1537w, https:\/\/lydenim.com\/wp-content\/uploads\/2025\/08\/IMG_7802-9x12.jpg 9w, https:\/\/lydenim.com\/wp-content\/uploads\/2025\/08\/IMG_7802-600x799.jpg 600w, https:\/\/lydenim.com\/wp-content\/uploads\/2025\/08\/IMG_7802-150x200.jpg 150w\" sizes=\"auto, (max-width: 600px) 100vw, 600px\" \/><p id=\"caption-attachment-6041\" class=\"wp-caption-text\">Declaraci\u00f3n de calzado<\/p><\/div><\/li>\n<li><b><\/b><strong><b>Ambiente vintage:<\/b><\/strong>Los lavados \u00edndigo claros o medios mantienen vivo el esp\u00edritu de los 70. Para un toque moderno, prueba unos pantalones acampanados en denim oscuro o negro: le dan a la silueta un aire definido y contempor\u00e1neo. En cualquier caso, estos jeans son toda una declaraci\u00f3n de estilo.<\/li>\n<\/ul>\n<\/li>\n<\/ul>\n<p>Los jeans acampanados poseen una cualidad elusiva que transforma cualquier atuendo casual en algo m\u00e1s sofisticado. Un abrigo de lana o una chaqueta de ante son la capa ideal para realzar el look oto\u00f1al con pantalones acampanados, ya que cubren sin tapar los bajos acampanados.<\/p>\n<h2>\u00bfQu\u00e9 estilo es adecuado para usted?<\/h2>\n<p>Las tres siluetas de mezclilla poseen puntos fuertes \u00fanicos. La siguiente gu\u00eda te ayudar\u00e1 a elegir tus jeans perfectos para el oto\u00f1o:<\/p>\n<ul>\n<li style=\"list-style-type: none;\">\n<ul>\n<li><b><\/b><strong><b>Jeans de pierna ancha:<\/b><\/strong>Volumen de ensue\u00f1o y estilo vintage. Si te gusta una silueta amplia y llamativa, opta por las perneras anchas. Son perfectas para maximizar la altura y la comodidad, y quedan genial con todo, desde zapatillas hasta sandalias de tiras.<\/li>\n<li><b><\/b><strong><b>Vaqueros de pierna recta:<\/b><\/strong>El complemento perfecto para cualquier armario. Elige la pernera recta para un look elegante y sencillo que favorece a todos. Son infinitamente vers\u00e1tiles, tanto para el fin de semana como para un look elegante e informal de oficina.<\/li>\n<li><b><\/b><strong><b>Vaqueros acampanados:<\/b><\/strong>Drama retro y magia para alargar las piernas. Los pantalones acampanados son tu mejor opci\u00f3n si buscas un estilo atrevido y retro. Ideales para looks creativos y vanguardistas con un gui\u00f1o a los a\u00f1os 70, pero que siguen siendo totalmente llevables hoy en d\u00eda.<\/li>\n<\/ul>\n<\/li>\n<\/ul>\n<div class=\"mb-8 mt-5 h-[280px] max-h-[280px] min-h-[280px] w-full resize-none overflow-hidden overflow-y-auto whitespace-pre-line rounded-t-lg bg-white px-4 py-5 text-sm text-dark-navy focus:outline-none max-[430px]:pt-4 max-[430px]:pb-[3.25rem]\">El oto\u00f1o en el hemisferio norte tiene estilos de mezclilla espec\u00edficos que combinan a la perfecci\u00f3n con estos tres cortes. Con la bajada de las temperaturas, combina su\u00e9teres, c\u00e1rdigans o gabardinas abrigadas con estos pantalones. Sustituye las sandalias de verano por botines y completa tu look con una bufanda o una chaqueta corta. \u00bfEl resultado? Un conjunto c\u00f3modo y a la moda, totalmente a la moda este oto\u00f1o.<\/div>\n<div class=\"absolute bottom-7 flex w-full items-center rounded-bl-lg rounded-br-lg border-t-[0.5px] border-silverFoil bg-hovered-white\">\n<div class=\"flex w-full flex-wrap items-center justify-between px-4 py-2 sm:px-4 false\">\n<div class=\"flex items-center gap-1 text-center\">\n<h2>Servicios de personalizaci\u00f3n de LYDENIM<\/h2>\n<p>\ud83c\udfa8 \u00bfBuscas tela vaquera el\u00e1stica personalizada o ropa el\u00e1stica?<br \/>\nLYDENIM se especializa en soluciones a medida para satisfacer sus necesidades de dise\u00f1o y producci\u00f3n.<\/p>\n<p>\ud83d\udecd\ufe0f Explora e insp\u00edrate:<br \/>\nExplore nuestra selecci\u00f3n de telas y descubra ideas de dise\u00f1o directamente en <a href=\"https:\/\/lydenim.com\/es\/\">LYDENIM<\/a><\/p>\n<p>\ud83c\udf10 Ropa el\u00e1stica: <a href=\"http:\/\/liangyuantextile.m.en.alibaba.com\">Myalibaba<\/a><br \/>\n\ud83d\udce9 Cont\u00e1ctanos:<a href=\"mailto:malone@lydenim.com\">malone@lydenim.com<\/a><\/p>\n<p>Crea tu obra maestra en denim con LYDENIM, tu socio de confianza para tejidos elastizados y soluciones de denim personalizadas.<\/p>\n<\/div>\n<\/div>\n<\/div>","protected":false},"excerpt":{"rendered":"<p>Tiempo estimado de lectura: ~4 minutos Introducci\u00f3n Unos buenos jeans ofrecen la opci\u00f3n de ropa m\u00e1s c\u00f3moda y vers\u00e1til cuando soplan los vientos del oto\u00f1o.<\/p>","protected":false},"author":1,"featured_media":6049,"comment_status":"open","ping_status":"open","sticky":false,"template":"","format":"standard","meta":{"two_page_speed":[],"footnotes":""},"categories":[76],"tags":[],"class_list":["post-6045","post","type-post","status-publish","format-standard","has-post-thumbnail","hentry","category-garment"],"aioseo_notices":[],"_links":{"self":[{"href":"https:\/\/lydenim.com\/es\/wp-json\/wp\/v2\/posts\/6045","targetHints":{"allow":["GET"]}}],"collection":[{"href":"https:\/\/lydenim.com\/es\/wp-json\/wp\/v2\/posts"}],"about":[{"href":"https:\/\/lydenim.com\/es\/wp-json\/wp\/v2\/types\/post"}],"author":[{"embeddable":true,"href":"https:\/\/lydenim.com\/es\/wp-json\/wp\/v2\/users\/1"}],"replies":[{"embeddable":true,"href":"https:\/\/lydenim.com\/es\/wp-json\/wp\/v2\/comments?post=6045"}],"version-history":[{"count":4,"href":"https:\/\/lydenim.com\/es\/wp-json\/wp\/v2\/posts\/6045\/revisions"}],"predecessor-version":[{"id":6050,"href":"https:\/\/lydenim.com\/es\/wp-json\/wp\/v2\/posts\/6045\/revisions\/6050"}],"wp:featuredmedia":[{"embeddable":true,"href":"https:\/\/lydenim.com\/es\/wp-json\/wp\/v2\/media\/6049"}],"wp:attachment":[{"href":"https:\/\/lydenim.com\/es\/wp-json\/wp\/v2\/media?parent=6045"}],"wp:term":[{"taxonomy":"category","embeddable":true,"href":"https:\/\/lydenim.com\/es\/wp-json\/wp\/v2\/categories?post=6045"},{"taxonomy":"post_tag","embeddable":true,"href":"https:\/\/lydenim.com\/es\/wp-json\/wp\/v2\/tags?post=6045"}],"curies":[{"name":"wp","href":"https:\/\/api.w.org\/{rel}","templated":true}]}}