{"id":6059,"date":"2025-08-19T12:07:34","date_gmt":"2025-08-19T04:07:34","guid":{"rendered":"https:\/\/lydenim.com\/?p=6059"},"modified":"2025-08-19T12:07:34","modified_gmt":"2025-08-19T04:07:34","slug":"mastering-how-to-design-a-denim-dress","status":"publish","type":"post","link":"https:\/\/lydenim.com\/es\/dominando-el-diseno-de-un-vestido-de-mezclilla\/","title":{"rendered":"Dominando el dise\u00f1o de un vestido de mezclilla"},"content":{"rendered":"<h2>Tiempo estimado de lectura: ~5 minutos<\/h2>\n<h2>Introducci\u00f3n<\/h2>\n<p>Dise\u00f1ando una <strong>vestido de mezclilla<\/strong> requiere una combinaci\u00f3n de <strong>pensamiento creativo<\/strong> y <strong>dise\u00f1o funcional<\/strong> Para transformar telas b\u00e1sicas en prendas de moda. La tela demuestra un excelente <strong>durabilidad<\/strong>, <strong>caracter\u00edsticas c\u00f3modas<\/strong>, y alto <strong>flexibilidad de dise\u00f1o<\/strong>. <strong>Dril<\/strong> Sigue siendo un material popular debido a su valor de mercado, que alcanz\u00f3 <strong>$86.66 mil millones en 2024<\/strong> y se expandir\u00e1 a <strong>$121.50 mil millones para 2030<\/strong> en un <strong>Tasa de crecimiento anual compuesta<\/strong> de <strong>5.9%<\/strong> <a href=\"https:\/\/www.researchandmarkets.com\/reports\/5702164\/denim-jeans-market-size-share-and-trends-analysis?srsltid=AfmBOoqk8wEAVobO5V4a0R1vDzhTGCka3Amf_-tUeNMQUkBmW--6KfZ3\">[1]<\/a>El mercado en expansi\u00f3n muestra <strong>dril<\/strong> Sigue siendo popular entre <strong>consumidores<\/strong>. Los outlets de moda muestran <strong>vestidos de mezclilla<\/strong> est\u00e1n regresando en <strong>2025<\/strong> A trav\u00e9s de su promoci\u00f3n de <strong>fruncido<\/strong> y <strong>estilos ajustados<\/strong> que incorporan <strong>elementos retro nost\u00e1lgicos<\/strong> <a href=\"https:\/\/www.whowhatwear.com\/fashion\/dresses\/denim-dress-trends-2025\">[2]<\/a> <a href=\"https:\/\/www.vogue.com\/article\/spring-denim-trends-experts\">[3]<\/a>. El <strong>Industria de la moda 2025<\/strong> prioriza <strong>sostenibilidad<\/strong> y <strong>personalizaci\u00f3n<\/strong> En el dise\u00f1o de ropa, aprender t\u00e9cnicas de dise\u00f1o te permitir\u00e1 crear prendas contempor\u00e1neas. <strong>vestidos de mezclilla funcionales<\/strong>Una gu\u00eda completa gu\u00eda a los usuarios a trav\u00e9s de cada fase de la creaci\u00f3n desde <strong>inspiraci\u00f3n<\/strong> a <strong>entrega<\/strong>.<\/p>\n<h2>Reuniendo inspiraci\u00f3n<\/h2>\n<p>Comience recopilando ideas de m\u00faltiples fuentes:<\/p>\n<ul>\n<li><strong>Naturaleza y medio ambiente<\/strong>: <strong>Formas de las plantas<\/strong>, <strong>venas de las hojas<\/strong>, <strong>patrones florales<\/strong> puede inspirar <strong>angustioso<\/strong> o <strong>motivos de impresi\u00f3n<\/strong> <a href=\"https:\/\/lydenim.com\/es\/fuentes-de-inspiracion-para-el-diseno-de-prendas-de-moda\/\">[5]<\/a>.\n<p><div id=\"attachment_6076\" style=\"width: 610px\" class=\"wp-caption aligncenter\"><img loading=\"lazy\" decoding=\"async\" aria-describedby=\"caption-attachment-6076\" class=\"wp-image-6076\" src=\"https:\/\/lydenim.com\/wp-content\/uploads\/2025\/08\/be8e83c1af14c4ebf956343275578d7b.jpg\" alt=\"\" width=\"600\" height=\"400\" srcset=\"https:\/\/lydenim.com\/wp-content\/uploads\/2025\/08\/be8e83c1af14c4ebf956343275578d7b.jpg 2248w, https:\/\/lydenim.com\/wp-content\/uploads\/2025\/08\/be8e83c1af14c4ebf956343275578d7b-300x200.jpg 300w, https:\/\/lydenim.com\/wp-content\/uploads\/2025\/08\/be8e83c1af14c4ebf956343275578d7b-1024x683.jpg 1024w, https:\/\/lydenim.com\/wp-content\/uploads\/2025\/08\/be8e83c1af14c4ebf956343275578d7b-768x512.jpg 768w, https:\/\/lydenim.com\/wp-content\/uploads\/2025\/08\/be8e83c1af14c4ebf956343275578d7b-1536x1025.jpg 1536w, https:\/\/lydenim.com\/wp-content\/uploads\/2025\/08\/be8e83c1af14c4ebf956343275578d7b-2048x1367.jpg 2048w, https:\/\/lydenim.com\/wp-content\/uploads\/2025\/08\/be8e83c1af14c4ebf956343275578d7b-18x12.jpg 18w, https:\/\/lydenim.com\/wp-content\/uploads\/2025\/08\/be8e83c1af14c4ebf956343275578d7b-600x400.jpg 600w, https:\/\/lydenim.com\/wp-content\/uploads\/2025\/08\/be8e83c1af14c4ebf956343275578d7b-150x100.jpg 150w\" sizes=\"auto, (max-width: 600px) 100vw, 600px\" \/><p id=\"caption-attachment-6076\" class=\"wp-caption-text\">Dise\u00f1o Naturaleza y Medio Ambiente Inspiraci\u00f3n<\/p><\/div><\/li>\n<li><strong>Historia y cultura<\/strong>: <strong>Mangas abullonadas barrocas<\/strong> de <strong>moda vintage<\/strong> junto con <strong>ropa de trabajo cl\u00e1sica de mezclilla<\/strong> Los elementos pueden ayudar a definir <strong>siluetas<\/strong> <a href=\"https:\/\/lydenim.com\/es\/fuentes-de-inspiracion-para-el-diseno-de-prendas-de-moda\/\">[6]<\/a>.\n<p><div id=\"attachment_6072\" style=\"width: 610px\" class=\"wp-caption aligncenter\"><img loading=\"lazy\" decoding=\"async\" aria-describedby=\"caption-attachment-6072\" class=\"wp-image-6072\" src=\"https:\/\/lydenim.com\/wp-content\/uploads\/2025\/08\/66d5ed4dc86e9e4b8d393c5cc0ee1f7b-scaled.jpg\" alt=\"\" width=\"600\" height=\"267\" srcset=\"https:\/\/lydenim.com\/wp-content\/uploads\/2025\/08\/66d5ed4dc86e9e4b8d393c5cc0ee1f7b-scaled.jpg 2560w, https:\/\/lydenim.com\/wp-content\/uploads\/2025\/08\/66d5ed4dc86e9e4b8d393c5cc0ee1f7b-300x134.jpg 300w, https:\/\/lydenim.com\/wp-content\/uploads\/2025\/08\/66d5ed4dc86e9e4b8d393c5cc0ee1f7b-1024x456.jpg 1024w, https:\/\/lydenim.com\/wp-content\/uploads\/2025\/08\/66d5ed4dc86e9e4b8d393c5cc0ee1f7b-768x342.jpg 768w, https:\/\/lydenim.com\/wp-content\/uploads\/2025\/08\/66d5ed4dc86e9e4b8d393c5cc0ee1f7b-1536x684.jpg 1536w, https:\/\/lydenim.com\/wp-content\/uploads\/2025\/08\/66d5ed4dc86e9e4b8d393c5cc0ee1f7b-2048x912.jpg 2048w, https:\/\/lydenim.com\/wp-content\/uploads\/2025\/08\/66d5ed4dc86e9e4b8d393c5cc0ee1f7b-18x8.jpg 18w, https:\/\/lydenim.com\/wp-content\/uploads\/2025\/08\/66d5ed4dc86e9e4b8d393c5cc0ee1f7b-600x267.jpg 600w, https:\/\/lydenim.com\/wp-content\/uploads\/2025\/08\/66d5ed4dc86e9e4b8d393c5cc0ee1f7b-150x67.jpg 150w\" sizes=\"auto, (max-width: 600px) 100vw, 600px\" \/><p id=\"caption-attachment-6072\" class=\"wp-caption-text\">Inspiraci\u00f3n en la historia del dise\u00f1o<\/p><\/div><\/li>\n<li><strong>Material y t\u00e9cnicas<\/strong>:Piensa en algo innovador <strong>efectos de tela<\/strong> como <strong>patrones grabados con l\u00e1ser<\/strong>, <strong>te\u00f1ido anudado<\/strong>, o <strong>blanqueamiento<\/strong> en <strong>dril<\/strong> <a href=\"https:\/\/lydenim.com\/es\/fuentes-de-inspiracion-para-el-diseno-de-prendas-de-moda\/\">[7]<\/a>.\n<p><div id=\"attachment_6074\" style=\"width: 610px\" class=\"wp-caption aligncenter\"><img loading=\"lazy\" decoding=\"async\" aria-describedby=\"caption-attachment-6074\" class=\"wp-image-6074\" src=\"https:\/\/lydenim.com\/wp-content\/uploads\/2025\/08\/5004351a9db90c4077f5af0e7e1ba414-scaled.jpg\" alt=\"\" width=\"600\" height=\"201\" srcset=\"https:\/\/lydenim.com\/wp-content\/uploads\/2025\/08\/5004351a9db90c4077f5af0e7e1ba414-scaled.jpg 2560w, https:\/\/lydenim.com\/wp-content\/uploads\/2025\/08\/5004351a9db90c4077f5af0e7e1ba414-300x100.jpg 300w, https:\/\/lydenim.com\/wp-content\/uploads\/2025\/08\/5004351a9db90c4077f5af0e7e1ba414-1024x342.jpg 1024w, https:\/\/lydenim.com\/wp-content\/uploads\/2025\/08\/5004351a9db90c4077f5af0e7e1ba414-768x257.jpg 768w, https:\/\/lydenim.com\/wp-content\/uploads\/2025\/08\/5004351a9db90c4077f5af0e7e1ba414-1536x513.jpg 1536w, https:\/\/lydenim.com\/wp-content\/uploads\/2025\/08\/5004351a9db90c4077f5af0e7e1ba414-2048x685.jpg 2048w, https:\/\/lydenim.com\/wp-content\/uploads\/2025\/08\/5004351a9db90c4077f5af0e7e1ba414-18x6.jpg 18w, https:\/\/lydenim.com\/wp-content\/uploads\/2025\/08\/5004351a9db90c4077f5af0e7e1ba414-600x201.jpg 600w, https:\/\/lydenim.com\/wp-content\/uploads\/2025\/08\/5004351a9db90c4077f5af0e7e1ba414-150x50.jpg 150w\" sizes=\"auto, (max-width: 600px) 100vw, 600px\" \/><p id=\"caption-attachment-6074\" class=\"wp-caption-text\">Inspiraci\u00f3n en materiales y t\u00e9cnicas de dise\u00f1o<\/p><\/div><\/li>\n<li><strong>Estado de \u00e1nimo y emoci\u00f3n<\/strong>: Construir <strong>tableros de estado de \u00e1nimo<\/strong> o <strong>collages<\/strong> que se fusionan <strong>bandera<\/strong> y <strong>texturas<\/strong> con <strong>im\u00e1genes<\/strong> que representan tu <strong>visi\u00f3n del vestido<\/strong>.\n<p><div id=\"attachment_6075\" style=\"width: 610px\" class=\"wp-caption aligncenter\"><img loading=\"lazy\" decoding=\"async\" aria-describedby=\"caption-attachment-6075\" class=\"wp-image-6075\" src=\"https:\/\/lydenim.com\/wp-content\/uploads\/2025\/08\/ac917d765f7e2d99f08d7ccf3abc11df.jpg\" alt=\"\" width=\"600\" height=\"401\" srcset=\"https:\/\/lydenim.com\/wp-content\/uploads\/2025\/08\/ac917d765f7e2d99f08d7ccf3abc11df.jpg 2208w, https:\/\/lydenim.com\/wp-content\/uploads\/2025\/08\/ac917d765f7e2d99f08d7ccf3abc11df-300x201.jpg 300w, https:\/\/lydenim.com\/wp-content\/uploads\/2025\/08\/ac917d765f7e2d99f08d7ccf3abc11df-1024x685.jpg 1024w, https:\/\/lydenim.com\/wp-content\/uploads\/2025\/08\/ac917d765f7e2d99f08d7ccf3abc11df-768x513.jpg 768w, https:\/\/lydenim.com\/wp-content\/uploads\/2025\/08\/ac917d765f7e2d99f08d7ccf3abc11df-1536x1027.jpg 1536w, https:\/\/lydenim.com\/wp-content\/uploads\/2025\/08\/ac917d765f7e2d99f08d7ccf3abc11df-2048x1369.jpg 2048w, https:\/\/lydenim.com\/wp-content\/uploads\/2025\/08\/ac917d765f7e2d99f08d7ccf3abc11df-18x12.jpg 18w, https:\/\/lydenim.com\/wp-content\/uploads\/2025\/08\/ac917d765f7e2d99f08d7ccf3abc11df-600x401.jpg 600w, https:\/\/lydenim.com\/wp-content\/uploads\/2025\/08\/ac917d765f7e2d99f08d7ccf3abc11df-150x100.jpg 150w\" sizes=\"auto, (max-width: 600px) 100vw, 600px\" \/><p id=\"caption-attachment-6075\" class=\"wp-caption-text\">Inspiraci\u00f3n sobre el estado de \u00e1nimo y las emociones<\/p><\/div><\/li>\n<\/ul>\n<p>Guardar im\u00e1genes de referencia de <strong>Vestidos de mezclilla 2025<\/strong> en <strong>Instagram<\/strong> y <strong>Pinterest<\/strong> a trav\u00e9s de tableros que creas espec\u00edficamente para \u201c<strong>Vestido de mezclilla 2025<\/strong>.\u201d Los medios de moda ya lo han identificado <strong>vestidos de mezclilla fruncidos<\/strong> como la tendencia clave de la moda para <strong>2025<\/strong> porque suman <strong>textura<\/strong> y <strong>forma<\/strong> a la ropa <a href=\"https:\/\/www.whowhatwear.com\/fashion\/dresses\/denim-dress-trends-2025\">[2]<\/a>. <strong>Visuales<\/strong> y <strong>referencias<\/strong> ayudarle a desarrollar un individuo <strong>concepto de dise\u00f1o<\/strong>.<\/p>\n<h2>Definici\u00f3n de la intenci\u00f3n del dise\u00f1o<\/h2>\n<p>Una definici\u00f3n clara de <strong>intenci\u00f3n de dise\u00f1o<\/strong> Debe establecerse desde el principio para identificar tanto el objetivo previsto <strong>usar<\/strong> y el <strong>portador objetivo<\/strong> caracter\u00edsticas. \u00bfDebe el vestido servir como? <strong>ropa casual de diario<\/strong> \u00bfO necesita funcionar como algo m\u00e1s? <strong>atuendo formal<\/strong>\u00bfEl dise\u00f1o debe decidir entre ser un <strong>bohemia fluida<\/strong> dise\u00f1o o un <strong>estructura ajustada r\u00edgida<\/strong>. El dise\u00f1o debe ser creado para lo cual <strong>demogr\u00e1fico<\/strong>: <strong>rango de edad<\/strong>, <strong>dimensiones f\u00edsicas<\/strong>, y <strong>h\u00e1bitos diarios<\/strong>. <em>\u00bfPara qu\u00e9 ocasi\u00f3n es esto? \u00bfQu\u00e9 deber\u00eda priorizar? <strong>moda<\/strong> o <strong>funci\u00f3n<\/strong>?<\/em> El <strong>mercado estadounidense<\/strong> espect\u00e1culos <strong>dril<\/strong> Sigue siendo muy popular desde que las mujeres <strong>Venta de jeans ajustados<\/strong> disminuido solamente <strong>3% en 2023<\/strong> <a href=\"https:\/\/www.circana.com\/post\/the-future-of-skinny-jeans\">[8]<\/a>, indicando que est\u00e1 en curso <strong>inter\u00e9s por la moda<\/strong> en <strong>estilos de mezclilla<\/strong>. El <strong>mediciones<\/strong> del portador (<strong>busto<\/strong>, <strong>cintura<\/strong>, <strong>caderas<\/strong>) ayudar\u00e1 a definir los conceptos b\u00e1sicos <strong>silueta<\/strong> manteniendo <strong>comodidad<\/strong>. Un preciso <strong>resumen del dise\u00f1o<\/strong> En esta etapa dirigir\u00e1 las siguientes operaciones.<\/p>\n<div id=\"attachment_6069\" style=\"width: 610px\" class=\"wp-caption aligncenter\"><img loading=\"lazy\" decoding=\"async\" aria-describedby=\"caption-attachment-6069\" class=\"wp-image-6069\" src=\"https:\/\/lydenim.com\/wp-content\/uploads\/2025\/08\/8d0693048fb3d23387e8920ed2870e75.jpg\" alt=\"\" width=\"600\" height=\"450\" srcset=\"https:\/\/lydenim.com\/wp-content\/uploads\/2025\/08\/8d0693048fb3d23387e8920ed2870e75.jpg 1194w, https:\/\/lydenim.com\/wp-content\/uploads\/2025\/08\/8d0693048fb3d23387e8920ed2870e75-300x225.jpg 300w, https:\/\/lydenim.com\/wp-content\/uploads\/2025\/08\/8d0693048fb3d23387e8920ed2870e75-1024x768.jpg 1024w, https:\/\/lydenim.com\/wp-content\/uploads\/2025\/08\/8d0693048fb3d23387e8920ed2870e75-768x576.jpg 768w, https:\/\/lydenim.com\/wp-content\/uploads\/2025\/08\/8d0693048fb3d23387e8920ed2870e75-16x12.jpg 16w, https:\/\/lydenim.com\/wp-content\/uploads\/2025\/08\/8d0693048fb3d23387e8920ed2870e75-600x450.jpg 600w, https:\/\/lydenim.com\/wp-content\/uploads\/2025\/08\/8d0693048fb3d23387e8920ed2870e75-150x113.jpg 150w\" sizes=\"auto, (max-width: 600px) 100vw, 600px\" \/><p id=\"caption-attachment-6069\" class=\"wp-caption-text\">Definici\u00f3n de la intenci\u00f3n del dise\u00f1o<\/p><\/div>\n<h2>Investigando la estructura y los elementos<\/h2>\n<p>El estudio eval\u00faa c\u00f3mo varios <strong>tipos de tela de mezclilla<\/strong> y <strong>procesos de fabricaci\u00f3n<\/strong> afectar su desempe\u00f1o. Las caracter\u00edsticas de <strong>peso de mezclilla<\/strong> y <strong>composici\u00f3n del tejido<\/strong> determinar tanto la <strong>forma<\/strong> y c\u00f3mo es <strong>cuelga<\/strong> en el cuerpo. A <strong>mezclilla de peso medio<\/strong> con un rango de peso de <strong>8\u201312 onzas<\/strong> demuestra ser el m\u00e1s adecuado para <strong>vestidos<\/strong> ya que proporciona ambos <strong>estructura<\/strong> y <strong>movimiento<\/strong>. La adici\u00f3n de <strong>elastano 2\u20133%<\/strong> a <strong>mezclilla el\u00e1stica<\/strong> proporciona ambos <strong>comodidad<\/strong> y <strong>flexibilidad<\/strong> en <strong>vestidos ajustados<\/strong> <a href=\"https:\/\/jackofspades.com\/blogs\/mastering-denim-jos\/the-ultimate-guide-to-the-rise-on-jeans-finding-your-perfect-fit\">[9]<\/a>. Pruebe prendas existentes con diferentes <strong>pesas<\/strong> de <strong>dril<\/strong> para observar el <strong>retenci\u00f3n de forma<\/strong> de <strong>mezclilla pesada<\/strong> contra <strong>mezclilla ligera<\/strong> que produce <strong>cortina fluida<\/strong>Estudia el <strong>elementos de construcci\u00f3n<\/strong> de <strong>costuras<\/strong> (<strong>talado a nivel<\/strong> o <strong>overlock<\/strong>) y <strong>dobladillos<\/strong> as\u00ed como <strong>m\u00e9todos de costura<\/strong>. Investigaci\u00f3n <strong>tecnolog\u00edas de tejidos<\/strong> porque <strong>grabado l\u00e1ser<\/strong> Los m\u00e9todos permiten a los dise\u00f1adores crear complejos <strong>dise\u00f1os de superficies<\/strong> en <strong>tela de mezclilla<\/strong> <a href=\"https:\/\/lydenim.com\/es\/fuentes-de-inspiracion-para-el-diseno-de-prendas-de-moda\/\">[7]<\/a>Investigar el <strong>Paleta de colores 2025<\/strong> y <strong>opciones de lavado<\/strong> que incluyen <strong>\u00edndigo<\/strong>, <strong>lavado \u00e1cido<\/strong>, y <strong>azul descolorido<\/strong> para seleccionar una <strong>de moda<\/strong> y <strong>tela vaquera pr\u00e1ctica<\/strong> que coincida <strong>tendencias estacionales<\/strong>.<\/p>\n<div id=\"attachment_6070\" style=\"width: 610px\" class=\"wp-caption aligncenter\"><img loading=\"lazy\" decoding=\"async\" aria-describedby=\"caption-attachment-6070\" class=\"wp-image-6070\" src=\"https:\/\/lydenim.com\/wp-content\/uploads\/2025\/08\/9e000f4af9aeee1288409de6dbf2911d.jpg\" alt=\"\" width=\"600\" height=\"800\" srcset=\"https:\/\/lydenim.com\/wp-content\/uploads\/2025\/08\/9e000f4af9aeee1288409de6dbf2911d.jpg 1141w, https:\/\/lydenim.com\/wp-content\/uploads\/2025\/08\/9e000f4af9aeee1288409de6dbf2911d-225x300.jpg 225w, https:\/\/lydenim.com\/wp-content\/uploads\/2025\/08\/9e000f4af9aeee1288409de6dbf2911d-768x1024.jpg 768w, https:\/\/lydenim.com\/wp-content\/uploads\/2025\/08\/9e000f4af9aeee1288409de6dbf2911d-9x12.jpg 9w, https:\/\/lydenim.com\/wp-content\/uploads\/2025\/08\/9e000f4af9aeee1288409de6dbf2911d-600x800.jpg 600w, https:\/\/lydenim.com\/wp-content\/uploads\/2025\/08\/9e000f4af9aeee1288409de6dbf2911d-150x200.jpg 150w\" sizes=\"auto, (max-width: 600px) 100vw, 600px\" \/><p id=\"caption-attachment-6070\" class=\"wp-caption-text\">Investigando la estructura y los elementos<\/p><\/div>\n<h2>T\u00e9cnicas de dibujo conceptual<\/h2>\n<p>Convierte las ideas en <strong>bocetos<\/strong>Utilice un <strong>plantilla de croquis<\/strong> (un contorno de figura de moda) para dibujar tu <strong>silueta de vestido<\/strong> desde m\u00faltiples perspectivas de visualizaci\u00f3n. Pruebe varias <strong>escotes<\/strong> y <strong>dise\u00f1os de mangas<\/strong> en combinaci\u00f3n con diferentes <strong>medidas de la falda<\/strong> y <strong>elementos decorativos<\/strong> que incluyen <strong>bolsillos<\/strong>, <strong>collares<\/strong>, y <strong>costuras de paneles<\/strong>. Incluir <strong>elementos de moda<\/strong> que coincidan con la corriente <strong>estilo de moda<\/strong> y el <strong>lavado \u00edndigo cl\u00e1sico<\/strong> y <strong>canes\u00fa de estilo vintage<\/strong>. El <strong>Cuaderno de bocetos de moda<\/strong> y aplicaciones digitales como <strong>Procrear<\/strong> Ayudar a los usuarios a mantener <strong>dimensiones<\/strong> Preciso y haciendo <strong>modificaciones de dise\u00f1o<\/strong> eficientemente. Aseg\u00farese de incluir <strong>muestras de color de mezclilla<\/strong> junto con <strong>notas finales<\/strong> en tus dise\u00f1os. Debes generar inequ\u00edvocos <strong>bocetos<\/strong> que muestran la completa <strong>elementos de dise\u00f1o<\/strong> de tu <strong>vestido<\/strong>.<\/p>\n<div id=\"attachment_6077\" style=\"width: 610px\" class=\"wp-caption aligncenter\"><img loading=\"lazy\" decoding=\"async\" aria-describedby=\"caption-attachment-6077\" class=\"wp-image-6077\" src=\"https:\/\/lydenim.com\/wp-content\/uploads\/2025\/08\/e7f3503df27fb576974da87ac0e06c2e.jpg\" alt=\"\" width=\"600\" height=\"800\" srcset=\"https:\/\/lydenim.com\/wp-content\/uploads\/2025\/08\/e7f3503df27fb576974da87ac0e06c2e.jpg 1178w, https:\/\/lydenim.com\/wp-content\/uploads\/2025\/08\/e7f3503df27fb576974da87ac0e06c2e-225x300.jpg 225w, https:\/\/lydenim.com\/wp-content\/uploads\/2025\/08\/e7f3503df27fb576974da87ac0e06c2e-768x1024.jpg 768w, https:\/\/lydenim.com\/wp-content\/uploads\/2025\/08\/e7f3503df27fb576974da87ac0e06c2e-1152x1536.jpg 1152w, https:\/\/lydenim.com\/wp-content\/uploads\/2025\/08\/e7f3503df27fb576974da87ac0e06c2e-9x12.jpg 9w, https:\/\/lydenim.com\/wp-content\/uploads\/2025\/08\/e7f3503df27fb576974da87ac0e06c2e-600x800.jpg 600w, https:\/\/lydenim.com\/wp-content\/uploads\/2025\/08\/e7f3503df27fb576974da87ac0e06c2e-150x200.jpg 150w\" sizes=\"auto, (max-width: 600px) 100vw, 600px\" \/><p id=\"caption-attachment-6077\" class=\"wp-caption-text\">Boceto conceptual<\/p><\/div>\n<h2>Analizando el concepto de tu vestido de mezclilla<\/h2>\n<p>Comprueba el <strong>bocetos<\/strong> contra tu original <strong>intenci\u00f3n de dise\u00f1o<\/strong> para asegurar que se alineen correctamente. Haz lo siguiente <strong>dimensiones<\/strong> combina con tu <strong>visi\u00f3n<\/strong>? El <strong>estilo<\/strong> Se adapta al seleccionado <strong>tema<\/strong> y <strong>elementos de inspiraci\u00f3n<\/strong>Los objetivos del dise\u00f1o inclu\u00edan un <strong>look &#039;nost\u00e1lgico de los 90&#039;<\/strong> pero \u00bfel? <strong>forma<\/strong> y <strong>elementos decorativos<\/strong> \u00bfLograr este dise\u00f1o? Ajustar <strong>aspectos funcionales<\/strong> como <strong>colocaci\u00f3n de la cremallera<\/strong> Para crear <strong>dise\u00f1os ergon\u00f3micos<\/strong>. Son <strong>costuras<\/strong> \u00bfSe refuerza cuando es necesario? Debe solicitar la opini\u00f3n de ambos <strong>colegas<\/strong> y gente que pudiera llevar el <strong>prenda<\/strong>. Intercambio <strong>bocetos<\/strong> al principio de <strong>proyectos de dise\u00f1o personalizados<\/strong> ayuda a prevenir futuros <strong>retrasos en el dise\u00f1o<\/strong>. El dise\u00f1o se convierte <strong>cohesivo<\/strong> a trav\u00e9s de m\u00faltiples revisiones que implican cambios <strong>longitudes<\/strong> y <strong>plenitud<\/strong> y cambiar de una <strong>falda recta<\/strong> a un <strong>Estilo de l\u00ednea A<\/strong>.<\/p>\n<div id=\"attachment_6071\" style=\"width: 610px\" class=\"wp-caption aligncenter\"><img loading=\"lazy\" decoding=\"async\" aria-describedby=\"caption-attachment-6071\" class=\"wp-image-6071\" src=\"https:\/\/lydenim.com\/wp-content\/uploads\/2025\/08\/24a4866bf0f14c7081f82cce9ca56e39.jpg\" alt=\"\" width=\"600\" height=\"800\" srcset=\"https:\/\/lydenim.com\/wp-content\/uploads\/2025\/08\/24a4866bf0f14c7081f82cce9ca56e39.jpg 1093w, https:\/\/lydenim.com\/wp-content\/uploads\/2025\/08\/24a4866bf0f14c7081f82cce9ca56e39-225x300.jpg 225w, https:\/\/lydenim.com\/wp-content\/uploads\/2025\/08\/24a4866bf0f14c7081f82cce9ca56e39-768x1024.jpg 768w, https:\/\/lydenim.com\/wp-content\/uploads\/2025\/08\/24a4866bf0f14c7081f82cce9ca56e39-9x12.jpg 9w, https:\/\/lydenim.com\/wp-content\/uploads\/2025\/08\/24a4866bf0f14c7081f82cce9ca56e39-600x800.jpg 600w, https:\/\/lydenim.com\/wp-content\/uploads\/2025\/08\/24a4866bf0f14c7081f82cce9ca56e39-150x200.jpg 150w\" sizes=\"auto, (max-width: 600px) 100vw, 600px\" \/><p id=\"caption-attachment-6071\" class=\"wp-caption-text\">Analizando el concepto de tu vestido de mezclilla<\/p><\/div>\n<h2>Ilustrando el dise\u00f1o<\/h2>\n<p>El <strong>proceso de ilustraci\u00f3n<\/strong> Implica crear profesionales <strong>dibujos<\/strong> que muestran el <strong>vestido<\/strong> mientras que el <strong>modelo<\/strong> lo lleva puesto. El <strong>representaci\u00f3n visual<\/strong> muestra c\u00f3mo el <strong>movimientos del atuendo<\/strong> durante el uso. Dibuja tu dise\u00f1o en un <strong>maniqu\u00ed modelo<\/strong> o esbozar un <strong>modelo de ajuste<\/strong> Para demostrar <strong>drapeado de tela<\/strong> y <strong>movimiento<\/strong>. El <strong>ilustraci\u00f3n<\/strong> debe tener caracter\u00edsticas distintivas <strong>aspectos de dise\u00f1o<\/strong> incluido <strong>logotipos bordados<\/strong> as\u00ed como <strong>gr\u00e1ficos impresos<\/strong> junto con particular <strong>cierres<\/strong>. A trav\u00e9s de un elaborado <strong>ilustraci\u00f3n de moda<\/strong>Los dise\u00f1adores pueden mostrar eficazmente sus proyectos terminados. <strong>est\u00e9tica del dise\u00f1o<\/strong> junto con su <strong>estado de \u00e1nimo emocional<\/strong>. Puedes marcar \u00e1reas espec\u00edficas de la <strong>ilustraci\u00f3n<\/strong> con diferentes <strong>bandera<\/strong> Para demostrar <strong>textura de la tela<\/strong> (<strong>mezclilla \u00edndigo oscuro<\/strong> y <strong>costuras en contraste<\/strong>) mientras se agrega <strong>ilustraciones<\/strong> para completar <strong>accesorios de vestir<\/strong>.<\/p>\n<div id=\"attachment_6073\" style=\"width: 610px\" class=\"wp-caption aligncenter\"><img loading=\"lazy\" decoding=\"async\" aria-describedby=\"caption-attachment-6073\" class=\"wp-image-6073\" src=\"https:\/\/lydenim.com\/wp-content\/uploads\/2025\/08\/940b8418cb3f19ed290eba0e0ffc5ff6.jpg\" alt=\"\" width=\"600\" height=\"450\" srcset=\"https:\/\/lydenim.com\/wp-content\/uploads\/2025\/08\/940b8418cb3f19ed290eba0e0ffc5ff6.jpg 1352w, https:\/\/lydenim.com\/wp-content\/uploads\/2025\/08\/940b8418cb3f19ed290eba0e0ffc5ff6-300x225.jpg 300w, https:\/\/lydenim.com\/wp-content\/uploads\/2025\/08\/940b8418cb3f19ed290eba0e0ffc5ff6-1024x768.jpg 1024w, https:\/\/lydenim.com\/wp-content\/uploads\/2025\/08\/940b8418cb3f19ed290eba0e0ffc5ff6-768x576.jpg 768w, https:\/\/lydenim.com\/wp-content\/uploads\/2025\/08\/940b8418cb3f19ed290eba0e0ffc5ff6-16x12.jpg 16w, https:\/\/lydenim.com\/wp-content\/uploads\/2025\/08\/940b8418cb3f19ed290eba0e0ffc5ff6-600x450.jpg 600w, https:\/\/lydenim.com\/wp-content\/uploads\/2025\/08\/940b8418cb3f19ed290eba0e0ffc5ff6-150x113.jpg 150w\" sizes=\"auto, (max-width: 600px) 100vw, 600px\" \/><p id=\"caption-attachment-6073\" class=\"wp-caption-text\">Ilustrando el dise\u00f1o<\/p><\/div>\n<h2>Consejos pr\u00e1cticos<\/h2>\n<ul>\n<li><strong>Medidas<\/strong>: Verificar <strong>medidas corporales<\/strong> (<strong>busto<\/strong>, <strong>cintura<\/strong>, <strong>cadera<\/strong>) tanto para la persona que lo llevar\u00e1 <strong>prenda<\/strong> y el <strong>patr\u00f3n<\/strong> dos veces para evitarlo <strong>errores<\/strong>.\n<p><div id=\"attachment_6078\" style=\"width: 610px\" class=\"wp-caption aligncenter\"><img loading=\"lazy\" decoding=\"async\" aria-describedby=\"caption-attachment-6078\" class=\"wp-image-6078\" src=\"https:\/\/lydenim.com\/wp-content\/uploads\/2025\/08\/WechatIMG2250-scaled.jpeg\" alt=\"Medidas corporales\" width=\"600\" height=\"1516\" srcset=\"https:\/\/lydenim.com\/wp-content\/uploads\/2025\/08\/WechatIMG2250-scaled.jpeg 1013w, https:\/\/lydenim.com\/wp-content\/uploads\/2025\/08\/WechatIMG2250-119x300.jpeg 119w, https:\/\/lydenim.com\/wp-content\/uploads\/2025\/08\/WechatIMG2250-405x1024.jpeg 405w, https:\/\/lydenim.com\/wp-content\/uploads\/2025\/08\/WechatIMG2250-768x1942.jpeg 768w, https:\/\/lydenim.com\/wp-content\/uploads\/2025\/08\/WechatIMG2250-608x1536.jpeg 608w, https:\/\/lydenim.com\/wp-content\/uploads\/2025\/08\/WechatIMG2250-810x2048.jpeg 810w, https:\/\/lydenim.com\/wp-content\/uploads\/2025\/08\/WechatIMG2250-5x12.jpeg 5w, https:\/\/lydenim.com\/wp-content\/uploads\/2025\/08\/WechatIMG2250-600x1517.jpeg 600w, https:\/\/lydenim.com\/wp-content\/uploads\/2025\/08\/WechatIMG2250-150x379.jpeg 150w\" sizes=\"auto, (max-width: 600px) 100vw, 600px\" \/><p id=\"caption-attachment-6078\" class=\"wp-caption-text\">Medidas corporales<\/p><\/div><\/li>\n<li><strong>Selecci\u00f3n de telas<\/strong>: Antes <strong>producci\u00f3n<\/strong>, prueba <strong>muestras de mezclilla<\/strong> Para determinar la mejor <strong>elecci\u00f3n de tela<\/strong>. Seleccionar <strong>telas de mezclilla<\/strong> que coincidan con tu <strong>requisitos de peso<\/strong> y <strong>necesidades de estiramiento<\/strong> Para ti <strong>dise\u00f1o<\/strong>. El <strong>pesadez<\/strong> de <strong>tela de mezclilla<\/strong> determina su <strong>retenci\u00f3n de forma<\/strong> pero se vuelve <strong>r\u00edgido<\/strong>; <strong>mezclilla ligera<\/strong> <strong>cortinas<\/strong> mejor pero tiende a <strong>arruga<\/strong> f\u00e1cilmente. La elecci\u00f3n de <strong>peso de mezclilla<\/strong> depende de la <strong>estaci\u00f3n<\/strong> porque <strong>mezclilla el\u00e1stica m\u00e1s ligera<\/strong> trajes <strong>vestidos de primavera\/verano<\/strong> mientras <strong>pesos m\u00e1s pesados<\/strong> traje <strong>dise\u00f1os de oto\u00f1o\/invierno<\/strong>.<img loading=\"lazy\" decoding=\"async\" class=\"aligncenter wp-image-4518\" src=\"https:\/\/lydenim.com\/wp-content\/uploads\/2025\/03\/IMG_6232.jpg\" alt=\"\" width=\"600\" height=\"600\" srcset=\"https:\/\/lydenim.com\/wp-content\/uploads\/2025\/03\/IMG_6232.jpg 2196w, https:\/\/lydenim.com\/wp-content\/uploads\/2025\/03\/IMG_6232-300x300.jpg 300w, https:\/\/lydenim.com\/wp-content\/uploads\/2025\/03\/IMG_6232-1024x1024.jpg 1024w, https:\/\/lydenim.com\/wp-content\/uploads\/2025\/03\/IMG_6232-150x150.jpg 150w, https:\/\/lydenim.com\/wp-content\/uploads\/2025\/03\/IMG_6232-768x768.jpg 768w, https:\/\/lydenim.com\/wp-content\/uploads\/2025\/03\/IMG_6232-1536x1536.jpg 1536w, https:\/\/lydenim.com\/wp-content\/uploads\/2025\/03\/IMG_6232-2048x2048.jpg 2048w, https:\/\/lydenim.com\/wp-content\/uploads\/2025\/03\/IMG_6232-12x12.jpg 12w, https:\/\/lydenim.com\/wp-content\/uploads\/2025\/03\/IMG_6232-600x600.jpg 600w\" sizes=\"auto, (max-width: 600px) 100vw, 600px\" \/><\/li>\n<li><strong>Capas<\/strong>: <strong>vestidos de mezclilla<\/strong> funcionan bien para diferentes <strong>estaciones<\/strong> Porque se pueden usar en varias ocasiones. <strong>combinaciones<\/strong>. El <strong>vestido de mezclilla sin mangas<\/strong> Se ve mejor cuando se combina con un <strong>camisa de manga larga<\/strong> o <strong>su\u00e9ter tipo con cuello de tortuga<\/strong> debajo de \u00e9l, y puedes agregar <strong>polainas<\/strong> o <strong>medias<\/strong> para <strong>calor<\/strong>Puedes terminar el look aplicando un <strong>chaqueta a juego<\/strong> o <strong>c\u00e1rdigan<\/strong>. Durante <strong>clima de verano<\/strong>, deber\u00edas usar el <strong>vestido<\/strong> ya sea por s\u00ed solo o con un <strong>blusa ligera<\/strong> mientras elige entre <strong>sandalias<\/strong> o <strong>zapatillas<\/strong>. El <strong>combinaci\u00f3n<\/strong> de <strong>t\u00e9cnicas de capas<\/strong> crea ambos <strong>dise\u00f1os de moda<\/strong> y ampl\u00eda la frecuencia con la que <strong>vestido<\/strong> se puede usar\n<p><div id=\"attachment_4620\" style=\"width: 610px\" class=\"wp-caption aligncenter\"><img loading=\"lazy\" decoding=\"async\" aria-describedby=\"caption-attachment-4620\" class=\"wp-image-4620\" src=\"https:\/\/lydenim.com\/wp-content\/uploads\/2025\/04\/IMG_4829.jpg\" alt=\"Vestidos de mezclilla\" width=\"600\" height=\"903\" srcset=\"https:\/\/lydenim.com\/wp-content\/uploads\/2025\/04\/IMG_4829.jpg 670w, https:\/\/lydenim.com\/wp-content\/uploads\/2025\/04\/IMG_4829-199x300.jpg 199w, https:\/\/lydenim.com\/wp-content\/uploads\/2025\/04\/IMG_4829-8x12.jpg 8w, https:\/\/lydenim.com\/wp-content\/uploads\/2025\/04\/IMG_4829-600x903.jpg 600w, https:\/\/lydenim.com\/wp-content\/uploads\/2025\/04\/IMG_4829-150x226.jpg 150w\" sizes=\"auto, (max-width: 600px) 100vw, 600px\" \/><p id=\"caption-attachment-4620\" class=\"wp-caption-text\">Vestidos de mezclilla<\/p><\/div><\/li>\n<li><strong>Personalizaci\u00f3n<\/strong>: <strong>Detalles personalizados<\/strong> ayudar a crear <strong>individualidad<\/strong> en el <strong>dise\u00f1o<\/strong> a trav\u00e9s de <strong>personalizaci\u00f3n<\/strong>. <strong>Bordado<\/strong> junto con <strong>gr\u00e1ficos impresos<\/strong> y <strong>costura decorativa<\/strong> y <strong>parches<\/strong> representar lo posible <strong>detalles personalizados<\/strong> Puedes agregar a la <strong>dise\u00f1o<\/strong>. El <strong>industria de la moda<\/strong> predice <strong>siluetas de piernas de barril<\/strong> se volver\u00e1 prominente en <strong>Tendencias de moda 2025<\/strong> incluso para <strong>vestidos<\/strong> como se parecen <strong>jeans de pierna ancha<\/strong> <a href=\"https:\/\/www.vogue.com\/article\/spring-denim-trends-experts\">[12]<\/a>Puedes crear un <strong>mirada vanguardista<\/strong> poniendo \u201c<strong>cierre<\/strong>&quot; <strong>dril<\/strong> (<strong>inspirado en pantalones cortos<\/strong>) <strong>labor de retazos<\/strong> en una <strong>panel de vestido<\/strong>.<img loading=\"lazy\" decoding=\"async\" class=\"aligncenter wp-image-5520\" src=\"https:\/\/lydenim.com\/wp-content\/uploads\/2025\/06\/IMG_6579.jpg\" alt=\"\" width=\"600\" height=\"800\" srcset=\"https:\/\/lydenim.com\/wp-content\/uploads\/2025\/06\/IMG_6579.jpg 1280w, https:\/\/lydenim.com\/wp-content\/uploads\/2025\/06\/IMG_6579-225x300.jpg 225w, https:\/\/lydenim.com\/wp-content\/uploads\/2025\/06\/IMG_6579-768x1024.jpg 768w, https:\/\/lydenim.com\/wp-content\/uploads\/2025\/06\/IMG_6579-1152x1536.jpg 1152w, https:\/\/lydenim.com\/wp-content\/uploads\/2025\/06\/IMG_6579-9x12.jpg 9w, https:\/\/lydenim.com\/wp-content\/uploads\/2025\/06\/IMG_6579-600x800.jpg 600w, https:\/\/lydenim.com\/wp-content\/uploads\/2025\/06\/IMG_6579-150x200.jpg 150w\" sizes=\"auto, (max-width: 600px) 100vw, 600px\" \/><\/li>\n<li><strong>Proveedores<\/strong>: Seleccionar <strong>proveedores de tela vaquera<\/strong> que se especializan en su campo. <strong>f\u00e1bricas de tejidos<\/strong> y <strong>proveedores de mezclilla personalizada<\/strong> (como <strong>Mezclilla LY<\/strong>) puede producir particular <strong>mezclas de tejidos<\/strong> y <strong>opciones de acabado<\/strong>. Su <strong>recopilaci\u00f3n<\/strong> incluye ambos <strong>materiales de mezclilla el\u00e1sticos personalizados<\/strong> y <strong>alternativas de tejidos sostenibles<\/strong>. Antes de hacer <strong>compras de telas<\/strong>, debes solicitar ambos <strong>muestras<\/strong> y <strong>peque\u00f1as tiradas de tela<\/strong> mientras ten\u00eda <strong>comentario<\/strong> preparado para <strong>pruebas de materiales<\/strong>. La mayor\u00eda de <strong>proveedores<\/strong> proporcionar <strong>modificaciones de la tela<\/strong> Hasta que encuentres el perfecto <strong>tela<\/strong> Para ti <strong>dise\u00f1o<\/strong>.\n<p><div id=\"attachment_6079\" style=\"width: 610px\" class=\"wp-caption aligncenter\"><img loading=\"lazy\" decoding=\"async\" aria-describedby=\"caption-attachment-6079\" class=\"wp-image-6079\" src=\"https:\/\/lydenim.com\/wp-content\/uploads\/2025\/08\/ly.png\" alt=\"\" width=\"600\" height=\"615\" srcset=\"https:\/\/lydenim.com\/wp-content\/uploads\/2025\/08\/ly.png 512w, https:\/\/lydenim.com\/wp-content\/uploads\/2025\/08\/ly-293x300.png 293w, https:\/\/lydenim.com\/wp-content\/uploads\/2025\/08\/ly-12x12.png 12w, https:\/\/lydenim.com\/wp-content\/uploads\/2025\/08\/ly-150x154.png 150w\" sizes=\"auto, (max-width: 600px) 100vw, 600px\" \/><p id=\"caption-attachment-6079\" class=\"wp-caption-text\">lidenim<\/p><\/div><\/li>\n<\/ul>\n<h2>Conclusi\u00f3n<\/h2>\n<p>Aprendiendo a dise\u00f1ar un <strong>vestido de mezclilla<\/strong> le permite incorporar su <strong>estilo personal<\/strong> con un <strong>material cl\u00e1sico<\/strong>Puedes hacer una con confianza <strong>vestido de mezclilla personalizado<\/strong> Eso es ambas cosas <strong>de moda<\/strong> y <strong>funcional<\/strong> siguiendo una <strong>proceso estructurado<\/strong> que empieza con <strong>reuni\u00f3n de inspiraci\u00f3n<\/strong> y <strong>dibujando<\/strong>, contin\u00faa con <strong>creaci\u00f3n de especificaciones detalladas<\/strong>, y concluye con <strong>revisiones exhaustivas<\/strong>. En <strong>2025<\/strong>, el <strong>mundo de la mezclilla<\/strong> es impulsado por ambos <strong>referencias de dise\u00f1o nost\u00e1lgicas<\/strong> y <strong>sostenibilidad innovadora<\/strong> <a href=\"https:\/\/www.vogue.com\/article\/spring-denim-trends-experts\">[3]<\/a> <a href=\"https:\/\/www.fashionforgood.com\/our_news\/rethinking-denim\/\">[4]<\/a>Con estos pasos, tu <strong>vestido de mezclilla<\/strong> Estar\u00e1 bien posicionado en el <strong>mercado moderno<\/strong>Empieza hoy y tu propio <strong>obra maestra del denim<\/strong> \u00a1te espera!<\/p>\n<h2 dir=\"ltr\" data-pm-slice=\"1 1 []\">Servicios de personalizaci\u00f3n de LYDENIM<\/h2>\n<p dir=\"ltr\" data-pm-slice=\"1 1 []\">Buscando prima <strong>\u00a0telas de mezclilla<\/strong> o a medida <strong>\u00a0prendas de mezclilla<\/strong>? LYDENIM ofrece soluciones personalizadas para elevar sus objetivos de dise\u00f1o y producci\u00f3n con telas lujosas y texturizadas.<\/p>\n<p dir=\"ltr\">\ud83c\udfa8 <strong>Telas personalizadas<\/strong>Explora nuestra mezclilla de alta calidad, incluyendo opciones de jacquard y sarga de cuatro capas, o crea mezclas personalizadas (por ejemplo, algod\u00f3n-chenilla, chenilla-spandex) con texturas \u00fanicas. Visita <a href=\"https:\/\/lydenim.com\/es\/?s=Chenille&amp;post_type=product\"><strong>es.lydenim.com<\/strong><\/a> para descubrir nuestra gama.<\/p>\n<p dir=\"ltr\">\ud83d\udecd\ufe0f <strong>Ropa personalizada<\/strong>Dise\u00f1e prendas de mezclilla impactantes con nuestros vers\u00e1tiles tejidos de chenilla, desde jeans suaves al tacto hasta elegantes chaquetas. Explore y personalice en <a href=\"http:\/\/liangyuantextile.m.en.alibaba.com\"><strong>Myalibaba<\/strong><\/a>.<\/p>\n<p dir=\"ltr\">\ud83d\udce9 <strong>Contacto<\/strong>:Con\u00e9ctese con nuestro equipo en <a href=\"mailto:malone@lydenim.com\"><strong>malone@lydenim.com<\/strong><\/a> para discutir sus necesidades de telas o prendas de vestir, desde patrones de tejido hasta mezclas sustentables.<\/p>\n<p dir=\"ltr\">Cree su visi\u00f3n con LYDENIM, su socio de confianza para soluciones innovadoras y de alta calidad. <strong>\u00a0telas de mezclilla<\/strong> y soluciones de indumentaria personalizada.<\/p>","protected":false},"excerpt":{"rendered":"<p>Tiempo estimado de lectura: ~5 minutos Introducci\u00f3n Dise\u00f1ar un vestido de mezclilla requiere una combinaci\u00f3n de pensamiento creativo y dise\u00f1o funcional para<\/p>","protected":false},"author":1,"featured_media":6080,"comment_status":"open","ping_status":"open","sticky":false,"template":"","format":"standard","meta":{"two_page_speed":[],"footnotes":""},"categories":[76],"tags":[],"class_list":["post-6059","post","type-post","status-publish","format-standard","has-post-thumbnail","hentry","category-garment"],"aioseo_notices":[],"_links":{"self":[{"href":"https:\/\/lydenim.com\/es\/wp-json\/wp\/v2\/posts\/6059","targetHints":{"allow":["GET"]}}],"collection":[{"href":"https:\/\/lydenim.com\/es\/wp-json\/wp\/v2\/posts"}],"about":[{"href":"https:\/\/lydenim.com\/es\/wp-json\/wp\/v2\/types\/post"}],"author":[{"embeddable":true,"href":"https:\/\/lydenim.com\/es\/wp-json\/wp\/v2\/users\/1"}],"replies":[{"embeddable":true,"href":"https:\/\/lydenim.com\/es\/wp-json\/wp\/v2\/comments?post=6059"}],"version-history":[{"count":2,"href":"https:\/\/lydenim.com\/es\/wp-json\/wp\/v2\/posts\/6059\/revisions"}],"predecessor-version":[{"id":6081,"href":"https:\/\/lydenim.com\/es\/wp-json\/wp\/v2\/posts\/6059\/revisions\/6081"}],"wp:featuredmedia":[{"embeddable":true,"href":"https:\/\/lydenim.com\/es\/wp-json\/wp\/v2\/media\/6080"}],"wp:attachment":[{"href":"https:\/\/lydenim.com\/es\/wp-json\/wp\/v2\/media?parent=6059"}],"wp:term":[{"taxonomy":"category","embeddable":true,"href":"https:\/\/lydenim.com\/es\/wp-json\/wp\/v2\/categories?post=6059"},{"taxonomy":"post_tag","embeddable":true,"href":"https:\/\/lydenim.com\/es\/wp-json\/wp\/v2\/tags?post=6059"}],"curies":[{"name":"wp","href":"https:\/\/api.w.org\/{rel}","templated":true}]}}