{"id":6062,"date":"2025-08-25T12:48:02","date_gmt":"2025-08-25T04:48:02","guid":{"rendered":"https:\/\/lydenim.com\/?p=6062"},"modified":"2025-08-25T12:48:02","modified_gmt":"2025-08-25T04:48:02","slug":"mastering-how-to-lighten-denim-bleach","status":"publish","type":"post","link":"https:\/\/lydenim.com\/es\/dominando-la-tecnica-de-aclarado-del-decolorante-de-mezclilla\/","title":{"rendered":"Dominando c\u00f3mo aclarar el denim - blanqueador"},"content":{"rendered":"<h2>Tiempo estimado de lectura: ~4 minutos<\/h2>\n<h2 class=\"section-introduction\">Introducci\u00f3n<\/h2>\n<p>Puedes renovar f\u00e1cilmente tu guardarropa usando\u00a0<strong>lej\u00eda<\/strong>\u00a0para aclarar el denim, lo que permite crear piezas \u00fanicas y modernas a partir de jeans, chaquetas y vestidos.\u00a0<strong>Dril<\/strong>\u00a0se mantiene como un fundamental de la moda porque\u00a0<strong>57% de adultos estadounidenses<\/strong>\u00a0\u00daselo con frecuencia y este m\u00e9todo angustioso se vuelve popular para\u00a0<strong>moda de inspiraci\u00f3n vintage<\/strong>. El\u00a0<strong>mercado mundial de mezclilla<\/strong>\u00a0muestra un crecimiento proyectado de\u00a0<strong>$86.66 mil millones en 2024 a $121.50 mil millones en 2030<\/strong>\u00a0Porque el denim sigue siendo popular. Lo siguiente\u00a0<strong>gu\u00eda de siete pasos<\/strong>\u00a0Le mostraremos c\u00f3mo blanquear la mezclilla con \u00e9xito y le compartiremos consejos de expertos para lograr hermosos resultados con\u00a0<strong>da\u00f1o m\u00ednimo a la tela<\/strong>.<\/p>\n<div id=\"attachment_6129\" style=\"width: 610px\" class=\"wp-caption aligncenter\"><img loading=\"lazy\" decoding=\"async\" aria-describedby=\"caption-attachment-6129\" class=\"wp-image-6129\" src=\"https:\/\/lydenim.com\/wp-content\/uploads\/2025\/08\/3502c89bbfaecdb16dc25eb3c208adb9.jpg\" alt=\"\" width=\"600\" height=\"840\" srcset=\"https:\/\/lydenim.com\/wp-content\/uploads\/2025\/08\/3502c89bbfaecdb16dc25eb3c208adb9.jpg 1086w, https:\/\/lydenim.com\/wp-content\/uploads\/2025\/08\/3502c89bbfaecdb16dc25eb3c208adb9-214x300.jpg 214w, https:\/\/lydenim.com\/wp-content\/uploads\/2025\/08\/3502c89bbfaecdb16dc25eb3c208adb9-732x1024.jpg 732w, https:\/\/lydenim.com\/wp-content\/uploads\/2025\/08\/3502c89bbfaecdb16dc25eb3c208adb9-768x1075.jpg 768w, https:\/\/lydenim.com\/wp-content\/uploads\/2025\/08\/3502c89bbfaecdb16dc25eb3c208adb9-9x12.jpg 9w, https:\/\/lydenim.com\/wp-content\/uploads\/2025\/08\/3502c89bbfaecdb16dc25eb3c208adb9-600x840.jpg 600w, https:\/\/lydenim.com\/wp-content\/uploads\/2025\/08\/3502c89bbfaecdb16dc25eb3c208adb9-150x210.jpg 150w\" sizes=\"auto, (max-width: 600px) 100vw, 600px\" \/><p id=\"caption-attachment-6129\" class=\"wp-caption-text\">lej\u00eda<\/p><\/div>\n<h2 class=\"section-causes\"><strong>La ciencia detr\u00e1s del blanqueamiento de la mezclilla<\/strong><\/h2>\n<p>El blanqueamiento de mezclilla requiere\u00a0<strong>blanqueador a base de cloro<\/strong>\u00a0para descomponer las part\u00edculas de tinte en el material textil.\u00a0<strong>descomposici\u00f3n qu\u00edmica<\/strong>\u00a0de la tela de mezclilla a trav\u00e9s de la exposici\u00f3n al blanqueador provoca\u00a0<strong>debilidad de la fibra<\/strong>, y el uso excesivo de blanqueador puede reducir la resistencia de la mezclilla hasta\u00a0<strong>20%<\/strong>Al intentar aclarar la mezclilla, el proceso requiere\u00a0<strong>control exacto<\/strong>\u00a0porque el uso excesivo de lej\u00eda crea\u00a0<strong>patrones de blanqueo desequilibrados<\/strong>, lo que puede da\u00f1ar la estructura del tejido.\u00a0<strong>Mezclilla de algod\u00f3n puro<\/strong>\u00a0blanquea de forma consistente, mientras\u00a0<strong>fibras sint\u00e9ticas<\/strong>\u00a0o\u00a0<strong>materiales mezclados con elastano<\/strong>\u00a0Puede presentar patrones de blanqueamiento irregulares.\u00a0<a href=\"https:\/\/www.sciencedirect.com\/topics\/chemistry\/textile-chemistry\" target=\"_blank\" rel=\"noopener noreferrer\">Aprenda sobre la qu\u00edmica textil con ScienceDirect<\/a><\/p>\n<h3><strong>Paso 1: Recopilaci\u00f3n de materiales para blanquear la mezclilla<\/strong><\/h3>\n<p class=\"ds-markdown-paragraph\">Antes de comenzar a blanquear la mezclilla, debes tener todos los materiales necesarios que proporcionen\u00a0<strong>protecci\u00f3n de seguridad<\/strong>\u00a0y resultados exitosos:<\/p>\n<ul>\n<li>\n<p class=\"ds-markdown-paragraph\"><strong>Lej\u00eda dom\u00e9stica<\/strong>:A base de cloro, no concentrado (hipoclorito de sodio 5-6%).\u00a0<strong>Productos blanqueadores ecol\u00f3gicos<\/strong>\u00a0Los blanqueadores que contienen ox\u00edgeno representan una mejor opci\u00f3n ya que reemplazan el cloro con blanqueador de ox\u00edgeno para la sostenibilidad ambiental.\u00a0<a href=\"https:\/\/www.epa.gov\/greenerproducts\" target=\"_blank\" rel=\"noopener noreferrer\">Gu\u00eda de la EPA sobre alternativas m\u00e1s seguras al blanqueador<\/a><\/p>\n<div id=\"attachment_6134\" style=\"width: 610px\" class=\"wp-caption aligncenter\"><img loading=\"lazy\" decoding=\"async\" aria-describedby=\"caption-attachment-6134\" class=\"wp-image-6134\" src=\"https:\/\/lydenim.com\/wp-content\/uploads\/2025\/08\/Household-bleach.jpg\" alt=\"\" width=\"600\" height=\"697\" srcset=\"https:\/\/lydenim.com\/wp-content\/uploads\/2025\/08\/Household-bleach.jpg 511w, https:\/\/lydenim.com\/wp-content\/uploads\/2025\/08\/Household-bleach-258x300.jpg 258w, https:\/\/lydenim.com\/wp-content\/uploads\/2025\/08\/Household-bleach-10x12.jpg 10w, https:\/\/lydenim.com\/wp-content\/uploads\/2025\/08\/Household-bleach-150x174.jpg 150w\" sizes=\"auto, (max-width: 600px) 100vw, 600px\" \/><p id=\"caption-attachment-6134\" class=\"wp-caption-text\">Lej\u00eda dom\u00e9stica<\/p><\/div>\n<p class=\"ds-markdown-paragraph\">\n<\/li>\n<li>\n<p class=\"ds-markdown-paragraph\"><strong>Art\u00edculo de mezclilla<\/strong>:\u00a0<strong>Material de algod\u00f3n 100%<\/strong>\u00a0ofrece los mejores resultados de blanqueamiento porque\u00a0<strong>mezclas el\u00e1sticas<\/strong>\u00a0Con fibras sint\u00e9ticas y elastano podr\u00eda decolorarse irregularmente.<\/p>\n<p><div id=\"attachment_6130\" style=\"width: 610px\" class=\"wp-caption aligncenter\"><img loading=\"lazy\" decoding=\"async\" aria-describedby=\"caption-attachment-6130\" class=\"wp-image-6130\" src=\"https:\/\/lydenim.com\/wp-content\/uploads\/2025\/08\/b74086718820711cd33d94cc030e3032.jpg\" alt=\"\" width=\"600\" height=\"800\" srcset=\"https:\/\/lydenim.com\/wp-content\/uploads\/2025\/08\/b74086718820711cd33d94cc030e3032.jpg 1046w, https:\/\/lydenim.com\/wp-content\/uploads\/2025\/08\/b74086718820711cd33d94cc030e3032-225x300.jpg 225w, https:\/\/lydenim.com\/wp-content\/uploads\/2025\/08\/b74086718820711cd33d94cc030e3032-768x1024.jpg 768w, https:\/\/lydenim.com\/wp-content\/uploads\/2025\/08\/b74086718820711cd33d94cc030e3032-9x12.jpg 9w, https:\/\/lydenim.com\/wp-content\/uploads\/2025\/08\/b74086718820711cd33d94cc030e3032-600x800.jpg 600w, https:\/\/lydenim.com\/wp-content\/uploads\/2025\/08\/b74086718820711cd33d94cc030e3032-150x200.jpg 150w\" sizes=\"auto, (max-width: 600px) 100vw, 600px\" \/><p id=\"caption-attachment-6130\" class=\"wp-caption-text\">Tela de algod\u00f3n 100%<\/p><\/div><\/li>\n<li>\n<p class=\"ds-markdown-paragraph\"><strong>Equipo de protecci\u00f3n<\/strong>:\u00a0<strong>Guantes<\/strong>,\u00a0<strong>gafas de protecci\u00f3n<\/strong>, y un\u00a0<strong>mascarilla<\/strong>\u00a0Para evitar la irritaci\u00f3n de la piel y las v\u00edas respiratorias.<\/p>\n<p><div id=\"attachment_6132\" style=\"width: 610px\" class=\"wp-caption aligncenter\"><img loading=\"lazy\" decoding=\"async\" aria-describedby=\"caption-attachment-6132\" class=\"wp-image-6132\" src=\"https:\/\/lydenim.com\/wp-content\/uploads\/2025\/08\/d4bd512fc06682be0ab57f87fec465e7.jpg\" alt=\"\" width=\"600\" height=\"400\" srcset=\"https:\/\/lydenim.com\/wp-content\/uploads\/2025\/08\/d4bd512fc06682be0ab57f87fec465e7.jpg 2128w, https:\/\/lydenim.com\/wp-content\/uploads\/2025\/08\/d4bd512fc06682be0ab57f87fec465e7-300x200.jpg 300w, https:\/\/lydenim.com\/wp-content\/uploads\/2025\/08\/d4bd512fc06682be0ab57f87fec465e7-1024x683.jpg 1024w, https:\/\/lydenim.com\/wp-content\/uploads\/2025\/08\/d4bd512fc06682be0ab57f87fec465e7-768x512.jpg 768w, https:\/\/lydenim.com\/wp-content\/uploads\/2025\/08\/d4bd512fc06682be0ab57f87fec465e7-1536x1025.jpg 1536w, https:\/\/lydenim.com\/wp-content\/uploads\/2025\/08\/d4bd512fc06682be0ab57f87fec465e7-2048x1367.jpg 2048w, https:\/\/lydenim.com\/wp-content\/uploads\/2025\/08\/d4bd512fc06682be0ab57f87fec465e7-18x12.jpg 18w, https:\/\/lydenim.com\/wp-content\/uploads\/2025\/08\/d4bd512fc06682be0ab57f87fec465e7-600x400.jpg 600w, https:\/\/lydenim.com\/wp-content\/uploads\/2025\/08\/d4bd512fc06682be0ab57f87fec465e7-150x100.jpg 150w\" sizes=\"auto, (max-width: 600px) 100vw, 600px\" \/><p id=\"caption-attachment-6132\" class=\"wp-caption-text\">Guantes, gafas protectoras y mascarilla<\/p><\/div><\/li>\n<li>\n<p class=\"ds-markdown-paragraph\"><strong>Herramientas<\/strong>:\u00a0<strong>Botella de spray<\/strong>,\u00a0<strong>esponja<\/strong>, o\u00a0<strong>cepillar<\/strong>\u00a0para aplicaci\u00f3n;\u00a0<strong>balde<\/strong>\u00a0para remojar<\/p>\n<p><div id=\"attachment_6133\" style=\"width: 610px\" class=\"wp-caption aligncenter\"><img loading=\"lazy\" decoding=\"async\" aria-describedby=\"caption-attachment-6133\" class=\"wp-image-6133\" src=\"https:\/\/lydenim.com\/wp-content\/uploads\/2025\/08\/def89de96a8dc38537d2572bafc92bfd-scaled.jpg\" alt=\"\" width=\"600\" height=\"267\" srcset=\"https:\/\/lydenim.com\/wp-content\/uploads\/2025\/08\/def89de96a8dc38537d2572bafc92bfd-scaled.jpg 2560w, https:\/\/lydenim.com\/wp-content\/uploads\/2025\/08\/def89de96a8dc38537d2572bafc92bfd-300x134.jpg 300w, https:\/\/lydenim.com\/wp-content\/uploads\/2025\/08\/def89de96a8dc38537d2572bafc92bfd-1024x456.jpg 1024w, https:\/\/lydenim.com\/wp-content\/uploads\/2025\/08\/def89de96a8dc38537d2572bafc92bfd-768x342.jpg 768w, https:\/\/lydenim.com\/wp-content\/uploads\/2025\/08\/def89de96a8dc38537d2572bafc92bfd-1536x685.jpg 1536w, https:\/\/lydenim.com\/wp-content\/uploads\/2025\/08\/def89de96a8dc38537d2572bafc92bfd-2048x913.jpg 2048w, https:\/\/lydenim.com\/wp-content\/uploads\/2025\/08\/def89de96a8dc38537d2572bafc92bfd-18x8.jpg 18w, https:\/\/lydenim.com\/wp-content\/uploads\/2025\/08\/def89de96a8dc38537d2572bafc92bfd-600x267.jpg 600w, https:\/\/lydenim.com\/wp-content\/uploads\/2025\/08\/def89de96a8dc38537d2572bafc92bfd-150x67.jpg 150w\" sizes=\"auto, (max-width: 600px) 100vw, 600px\" \/><p id=\"caption-attachment-6133\" class=\"wp-caption-text\">Botella rociadora, esponja o balde para cepillos<\/p><\/div><\/li>\n<li>\n<p class=\"ds-markdown-paragraph\"><strong>Ventilaci\u00f3n<\/strong>:El \u00e1rea debe tener\u00a0<strong>buena ventilaci\u00f3n<\/strong>\u00a0ya que inhalar vapores de lej\u00eda puede causar da\u00f1os respiratorios<\/p>\n<\/li>\n<\/ul>\n<p class=\"ds-markdown-paragraph\"><strong>Consejo:<\/strong>\u00a0Pruebe la aplicaci\u00f3n de blanqueador en un trozo peque\u00f1o de tela de mezclilla antes de continuar con su proyecto.<\/p>\n<h3><strong>Paso 2: Preparaci\u00f3n de tu mezclilla<\/strong><\/h3>\n<ol start=\"1\">\n<li>\n<p class=\"ds-markdown-paragraph\"><strong>Lava tu mezclilla<\/strong>\u00a0Antes de blanquear para eliminar la suciedad, el aceite y los acabados de las telas.<\/p>\n<\/li>\n<li>\n<p class=\"ds-markdown-paragraph\">Deja que el denim\u00a0<strong>secar al aire<\/strong>\u00a0Para evitar que el calor fije las manchas no deseadas<\/p>\n<\/li>\n<li>\n<p class=\"ds-markdown-paragraph\">Elige tu dise\u00f1o:\u00a0<strong>aclaramiento total<\/strong>,\u00a0<strong>parches descoloridos<\/strong>, o\u00a0<strong>dise\u00f1os tie-dye<\/strong>Los parches descoloridos son una opci\u00f3n popular para un\u00a0<strong>mirada nost\u00e1lgica<\/strong>.\u00a0<a href=\"https:\/\/www.cottonworx.com\/denim\/wash-techniques\" target=\"_blank\" rel=\"noopener noreferrer\">T\u00e9cnicas de lavado de mezclilla de CottonWorks<\/a><\/p>\n<div id=\"attachment_6126\" style=\"width: 610px\" class=\"wp-caption aligncenter\"><img loading=\"lazy\" decoding=\"async\" aria-describedby=\"caption-attachment-6126\" class=\"wp-image-6126\" src=\"https:\/\/lydenim.com\/wp-content\/uploads\/2025\/08\/06fdedf142c2b20855998456017126b4.jpg\" alt=\"\" width=\"600\" height=\"800\" srcset=\"https:\/\/lydenim.com\/wp-content\/uploads\/2025\/08\/06fdedf142c2b20855998456017126b4.jpg 896w, https:\/\/lydenim.com\/wp-content\/uploads\/2025\/08\/06fdedf142c2b20855998456017126b4-225x300.jpg 225w, https:\/\/lydenim.com\/wp-content\/uploads\/2025\/08\/06fdedf142c2b20855998456017126b4-768x1023.jpg 768w, https:\/\/lydenim.com\/wp-content\/uploads\/2025\/08\/06fdedf142c2b20855998456017126b4-9x12.jpg 9w, https:\/\/lydenim.com\/wp-content\/uploads\/2025\/08\/06fdedf142c2b20855998456017126b4-600x800.jpg 600w, https:\/\/lydenim.com\/wp-content\/uploads\/2025\/08\/06fdedf142c2b20855998456017126b4-150x200.jpg 150w\" sizes=\"auto, (max-width: 600px) 100vw, 600px\" \/><p id=\"caption-attachment-6126\" class=\"wp-caption-text\">dise\u00f1os tie-dye<\/p><\/div>\n<p class=\"ds-markdown-paragraph\">\n<\/li>\n<\/ol>\n<h3><strong>Paso 3: Establecer un espacio de trabajo seguro<\/strong><\/h3>\n<ul>\n<li>\n<p class=\"ds-markdown-paragraph\">Proteja todas las \u00e1reas de trabajo con\u00a0<strong>l\u00e1minas de pl\u00e1stico<\/strong><\/p>\n<\/li>\n<li>\n<p class=\"ds-markdown-paragraph\">Tener puesto\u00a0<strong>equipo de protecci\u00f3n<\/strong>\u00a0en todo momento<\/p>\n<\/li>\n<li>\n<p class=\"ds-markdown-paragraph\">Mezclar lej\u00eda con agua en proporciones de\u00a0<strong>1:3 para efectos de luz<\/strong>\u00a0y\u00a0<strong>1:1 para obtener resultados m\u00e1s fuertes<\/strong><\/p>\n<\/li>\n<li>\n<p class=\"ds-markdown-paragraph\">Las investigaciones indican\u00a0<strong>lej\u00eda diluida<\/strong>\u00a0causas\u00a0<strong>15% menos da\u00f1o a la tela<\/strong>\u00a0que el blanqueador sin diluir<\/p>\n<\/li>\n<li>\n<p class=\"ds-markdown-paragraph\">Usar\u00a0<strong>espacios al aire libre<\/strong>\u00a0o \u00e1reas cercanas\u00a0<strong>ventanas abiertas<\/strong>\u00a0para protecci\u00f3n contra humos<\/p>\n<p><div id=\"attachment_6125\" style=\"width: 610px\" class=\"wp-caption aligncenter\"><img loading=\"lazy\" decoding=\"async\" aria-describedby=\"caption-attachment-6125\" class=\"wp-image-6125\" src=\"https:\/\/lydenim.com\/wp-content\/uploads\/2025\/08\/1e382b6a71dee523fb0bb1adb1b474e3.jpg\" alt=\"\" width=\"600\" height=\"800\" srcset=\"https:\/\/lydenim.com\/wp-content\/uploads\/2025\/08\/1e382b6a71dee523fb0bb1adb1b474e3.jpg 1046w, https:\/\/lydenim.com\/wp-content\/uploads\/2025\/08\/1e382b6a71dee523fb0bb1adb1b474e3-225x300.jpg 225w, https:\/\/lydenim.com\/wp-content\/uploads\/2025\/08\/1e382b6a71dee523fb0bb1adb1b474e3-768x1024.jpg 768w, https:\/\/lydenim.com\/wp-content\/uploads\/2025\/08\/1e382b6a71dee523fb0bb1adb1b474e3-9x12.jpg 9w, https:\/\/lydenim.com\/wp-content\/uploads\/2025\/08\/1e382b6a71dee523fb0bb1adb1b474e3-600x800.jpg 600w, https:\/\/lydenim.com\/wp-content\/uploads\/2025\/08\/1e382b6a71dee523fb0bb1adb1b474e3-150x200.jpg 150w\" sizes=\"auto, (max-width: 600px) 100vw, 600px\" \/><p id=\"caption-attachment-6125\" class=\"wp-caption-text\">Captura de pantalla<\/p><\/div><\/li>\n<\/ul>\n<h3><strong>Paso 4: Aplicaci\u00f3n de blanqueador para aclarar la mezclilla<\/strong><\/h3>\n<ul>\n<li>\n<p class=\"ds-markdown-paragraph\">Primera prueba en una\u00a0<strong>\u00e1rea discreta<\/strong><\/p>\n<\/li>\n<li>\n<p class=\"ds-markdown-paragraph\">M\u00e9todos de aplicaci\u00f3n:<\/p>\n<ul>\n<li>\n<p class=\"ds-markdown-paragraph\"><strong>Pulverizaci\u00f3n<\/strong>: Roc\u00ede lej\u00eda diluida durante un\u00a0<strong>desvanecimiento suave<\/strong>\u00a0(la distancia controla la intensidad)<\/p>\n<\/li>\n<li>\n<p class=\"ds-markdown-paragraph\"><strong>Esponja\/Cepillo<\/strong>:Permite\u00a0<strong>creaci\u00f3n precisa de patrones<\/strong><\/p>\n<\/li>\n<li>\n<p class=\"ds-markdown-paragraph\"><strong>Remojo<\/strong>:Sumergir para\u00a0<strong>aclaramiento uniforme<\/strong>\u00a0(verificar cada 5 minutos)<\/p>\n<\/li>\n<\/ul>\n<\/li>\n<li>\n<p class=\"ds-markdown-paragraph\"><strong>Mezclilla mojada<\/strong>\u00a0reduce el tiempo de procesamiento al\u00a0<strong>20%<\/strong><\/p>\n<\/li>\n<li>\n<p class=\"ds-markdown-paragraph\">El proceso normalmente toma\u00a0<strong>5-30 minutos<\/strong><\/p>\n<p><div id=\"attachment_6131\" style=\"width: 610px\" class=\"wp-caption aligncenter\"><img loading=\"lazy\" decoding=\"async\" aria-describedby=\"caption-attachment-6131\" class=\"wp-image-6131\" src=\"https:\/\/lydenim.com\/wp-content\/uploads\/2025\/08\/cb0a75e9afd309b34457ba5414993e82.jpg\" alt=\"\" width=\"600\" height=\"800\" srcset=\"https:\/\/lydenim.com\/wp-content\/uploads\/2025\/08\/cb0a75e9afd309b34457ba5414993e82.jpg 1203w, https:\/\/lydenim.com\/wp-content\/uploads\/2025\/08\/cb0a75e9afd309b34457ba5414993e82-225x300.jpg 225w, https:\/\/lydenim.com\/wp-content\/uploads\/2025\/08\/cb0a75e9afd309b34457ba5414993e82-768x1024.jpg 768w, https:\/\/lydenim.com\/wp-content\/uploads\/2025\/08\/cb0a75e9afd309b34457ba5414993e82-1152x1536.jpg 1152w, https:\/\/lydenim.com\/wp-content\/uploads\/2025\/08\/cb0a75e9afd309b34457ba5414993e82-9x12.jpg 9w, https:\/\/lydenim.com\/wp-content\/uploads\/2025\/08\/cb0a75e9afd309b34457ba5414993e82-600x800.jpg 600w, https:\/\/lydenim.com\/wp-content\/uploads\/2025\/08\/cb0a75e9afd309b34457ba5414993e82-150x200.jpg 150w\" sizes=\"auto, (max-width: 600px) 100vw, 600px\" \/><p id=\"caption-attachment-6131\" class=\"wp-caption-text\">Aclarar el denim<\/p><\/div><\/li>\n<\/ul>\n<h3><strong>Paso 5: Monitoreo y enjuague<\/strong><\/h3>\n<ul>\n<li style=\"list-style-type: none;\">\n<ul>\n<li>\n<p class=\"ds-markdown-paragraph\">Controlar\u00a0<strong>regularmente<\/strong>\u00a0durante el blanqueo<\/p>\n<\/li>\n<li>\n<p class=\"ds-markdown-paragraph\"><strong>Enjuague inmediato con agua fr\u00eda<\/strong>\u00a0previene hasta\u00a0<strong>Reducci\u00f3n de fuerza 25%<\/strong><\/p>\n<\/li>\n<li>\n<p class=\"ds-markdown-paragraph\"><strong>Lavar por separado<\/strong>\u00a0con jab\u00f3n suave<\/p>\n<\/li>\n<li>\n<p class=\"ds-markdown-paragraph\"><strong>Secar al aire<\/strong>\u00a0Para preservar la apariencia descolorida<\/p>\n<\/li>\n<\/ul>\n<\/li>\n<\/ul>\n<h3><strong>Paso 6: Evaluaci\u00f3n del resultado<\/strong><\/h3>\n<ul>\n<li>\n<p class=\"ds-markdown-paragraph\">Comparar el resultado con el plan original<\/p>\n<\/li>\n<li>\n<p class=\"ds-markdown-paragraph\">Comprobar si hay\u00a0<strong>lavados suaves<\/strong>\u00a0o\u00a0<strong>desvanecimientos intensos<\/strong><\/p>\n<\/li>\n<li>\n<p class=\"ds-markdown-paragraph\">Para\u00a0<strong>desvanecimiento desigual<\/strong>, aplicar\u00a0<strong>blanqueamiento dirigido<\/strong>\u00a0tratos<\/p>\n<\/li>\n<li>\n<p class=\"ds-markdown-paragraph\"><a href=\"https:\/\/www.textiletoday.com.bd\/troubleshooting-common-problems-fabric-dyeing\/\" target=\"_blank\" rel=\"noopener noreferrer\">Soluci\u00f3n de problemas de te\u00f1ido de telas de Textile Today<\/a><\/p>\n<\/li>\n<\/ul>\n<h3><strong>Paso 7: Acabado y peinado<\/strong><\/h3>\n<ul>\n<li>\n<p class=\"ds-markdown-paragraph\">Agregar\u00a0<strong>bordado<\/strong>,\u00a0<strong>parches<\/strong>, o\u00a0<strong>tachuelas<\/strong><\/p>\n<\/li>\n<li>\n<p class=\"ds-markdown-paragraph\">Emparejar con\u00a0<strong>siluetas de moda<\/strong>\u00a0para una apariencia moderna<\/p>\n<\/li>\n<li>\n<p class=\"ds-markdown-paragraph\"><a href=\"https:\/\/www.fashionrevolution.org\/sustainable-denim-guide\/\" target=\"_blank\" rel=\"noopener noreferrer\">Estilo denim sostenible de Fashion Revolution<\/a><\/p>\n<\/li>\n<\/ul>\n<h2 class=\"ds-markdown-paragraph\"><strong>Pros y contras de blanquear la mezclilla<\/strong><\/h2>\n<div class=\"markdown-table-wrapper\">\n<table style=\"height: 190px;\" width=\"600\">\n<thead>\n<tr>\n<th><strong>Ventajas<\/strong><\/th>\n<th><strong>Contras<\/strong><\/th>\n<\/tr>\n<\/thead>\n<tbody>\n<tr>\n<td><strong>Asequible<\/strong>\u00a0(Costo $1-$3)<\/td>\n<td><strong>Deterioro de la tela<\/strong>\u00a0(P\u00e9rdida de resistencia 20-25%)<\/td>\n<\/tr>\n<tr>\n<td><strong>Personalizaci\u00f3n completa<\/strong><\/td>\n<td><strong>Impacto ambiental<\/strong>\u00a0de lej\u00eda<\/td>\n<\/tr>\n<tr>\n<td><strong>Se alinea con la moda sostenible<\/strong><\/td>\n<td><strong>Precauciones de seguridad qu\u00edmica<\/strong>\u00a0requerido<\/td>\n<\/tr>\n<\/tbody>\n<\/table>\n<\/div>\n<h3><strong>Conclusi\u00f3n<\/strong><\/h3>\n<p>Transformando tu armario a trav\u00e9s de\u00a0<strong>Aclarado de mezclilla a base de lej\u00eda<\/strong>\u00a0crea\u00a0<strong>piezas \u00fanicas<\/strong>\u00a0que coincidan con la corriente\u00a0<strong>tendencias de moda<\/strong>\u00a0y apoyo\u00a0<strong>sostenibilidad<\/strong>. Estos\u00a0<strong>siete pasos<\/strong>\u00a0guiarte a trav\u00e9s de un\u00a0<strong>proceso seguro<\/strong>\u00a0Para crear\u00a0<strong>mezclilla de moda<\/strong>\u00a0Piezas de mayor durabilidad. \u00a1Feliz blanqueamiento!<\/p>\n<h3 dir=\"ltr\" data-pm-slice=\"1 1 []\">Servicios de personalizaci\u00f3n de LYDENIM<\/h3>\n<p dir=\"ltr\">\u00bfBuscas telas de mezclilla de primera calidad o prendas de mezclilla a medida? <a href=\"https:\/\/lydenim.com\/es\/\">LYDENIM<\/a> Ofrece soluciones personalizadas para darle vida a su visi\u00f3n creativa con texturas \u00fanicas y de alta calidad.<\/p>\n<p dir=\"ltr\">\ud83c\udfa8 <strong>Telas personalizadas<\/strong>Descubre nuestra colecci\u00f3n premium de mezclilla y dise\u00f1a tus propias telas con una variedad de colores, estampados y texturas que se adaptan a tu estilo. Explora nuestra oferta en lydenim.com.<\/p>\n<p dir=\"ltr\">\ud83d\udecd\ufe0f <strong>Ropa personalizada<\/strong>Crea prendas de mezclilla distintivas con nuestros lujosos tejidos de chenilla, desde c\u00f3modos jeans hasta sofisticadas chaquetas. Elige tus colores y estilos favoritos para personalizarlos. <a href=\"http:\/\/liangyuantextile.m.en.alibaba.com\">Mi Alibaba<\/a>.<\/p>\n<p dir=\"ltr\">\ud83d\udce9 <strong>Contacto<\/strong>Comun\u00edquese con nuestro equipo en <a href=\"mailto:malone@lydenim.com\">malone@lydenim.com<\/a> para discutir sus ideas sobre telas o prendas de vestir, desde patrones de tejido hasta mezclas ecol\u00f3gicas.<\/p>\n<p dir=\"ltr\">Haga realidad su visi\u00f3n \u00fanica con LYDENIM, su socio de confianza para telas de mezclilla innovadoras y soluciones de indumentaria personalizada.<\/p>","protected":false},"excerpt":{"rendered":"<p>Tiempo estimado de lectura: ~4 minutos Introducci\u00f3n Puedes refrescar f\u00e1cilmente tu guardarropa usando blanqueador para aclarar la mezclilla, lo que te permite<\/p>","protected":false},"author":1,"featured_media":6139,"comment_status":"open","ping_status":"open","sticky":false,"template":"","format":"standard","meta":{"two_page_speed":[],"footnotes":""},"categories":[76],"tags":[],"class_list":["post-6062","post","type-post","status-publish","format-standard","has-post-thumbnail","hentry","category-garment"],"aioseo_notices":[],"_links":{"self":[{"href":"https:\/\/lydenim.com\/es\/wp-json\/wp\/v2\/posts\/6062","targetHints":{"allow":["GET"]}}],"collection":[{"href":"https:\/\/lydenim.com\/es\/wp-json\/wp\/v2\/posts"}],"about":[{"href":"https:\/\/lydenim.com\/es\/wp-json\/wp\/v2\/types\/post"}],"author":[{"embeddable":true,"href":"https:\/\/lydenim.com\/es\/wp-json\/wp\/v2\/users\/1"}],"replies":[{"embeddable":true,"href":"https:\/\/lydenim.com\/es\/wp-json\/wp\/v2\/comments?post=6062"}],"version-history":[{"count":4,"href":"https:\/\/lydenim.com\/es\/wp-json\/wp\/v2\/posts\/6062\/revisions"}],"predecessor-version":[{"id":6135,"href":"https:\/\/lydenim.com\/es\/wp-json\/wp\/v2\/posts\/6062\/revisions\/6135"}],"wp:featuredmedia":[{"embeddable":true,"href":"https:\/\/lydenim.com\/es\/wp-json\/wp\/v2\/media\/6139"}],"wp:attachment":[{"href":"https:\/\/lydenim.com\/es\/wp-json\/wp\/v2\/media?parent=6062"}],"wp:term":[{"taxonomy":"category","embeddable":true,"href":"https:\/\/lydenim.com\/es\/wp-json\/wp\/v2\/categories?post=6062"},{"taxonomy":"post_tag","embeddable":true,"href":"https:\/\/lydenim.com\/es\/wp-json\/wp\/v2\/tags?post=6062"}],"curies":[{"name":"wp","href":"https:\/\/api.w.org\/{rel}","templated":true}]}}