{"id":6082,"date":"2025-08-21T13:44:40","date_gmt":"2025-08-21T05:44:40","guid":{"rendered":"https:\/\/lydenim.com\/?p=6082"},"modified":"2025-08-24T13:50:59","modified_gmt":"2025-08-24T05:50:59","slug":"2025fall-winter-pantone-colors8vibrant-shades","status":"publish","type":"post","link":"https:\/\/lydenim.com\/es\/colores-pantone-otono-invierno-2025-8-tonos-vibrantes\/","title":{"rendered":"Colores Pantone Oto\u00f1o-Invierno 2025: 8 tonos vibrantes"},"content":{"rendered":"<h2>Tiempo estimado de lectura: ~5 minutos<\/h2>\n<h2 dir=\"ltr\" data-pm-slice=\"1 1 []\"><strong>Introducci\u00f3n: Adoptando los colores Pantone Oto\u00f1o-Invierno 2025<\/strong><\/h2>\n<p dir=\"ltr\">El <strong>Colores Pantone oto\u00f1o-invierno 2025<\/strong> crear un esquema de color art\u00edstico que unifique <strong>tonos neutros suaves<\/strong> con <strong>poderosos matices expresivos<\/strong> para inspirar genuinamente <strong>dise\u00f1o de moda<\/strong>. El <strong>Instituto del Color Pantone<\/strong> cre\u00f3 estos tonos espec\u00edficos a trav\u00e9s de un proceso que fusiona <strong>elementos tradicionales<\/strong> con <strong>nuevos enfoques<\/strong> Para lograr <strong>dise\u00f1os \u00fanicos<\/strong> adecuado para <strong>dril<\/strong> y adicional <strong>aplicaciones de moda<\/strong>El siguiente an\u00e1lisis examina los m\u00e1s populares <strong>Tendencias de color 2025<\/strong> espec\u00edficamente dise\u00f1ado para <strong>aplicaciones de la moda vaquera<\/strong>. Conocimiento de <strong>Colores Pantone oto\u00f1o-invierno 2025<\/strong> permite a ambos <strong>dise\u00f1adores<\/strong> y <strong>entusiastas<\/strong> para lograr innumerables oportunidades creativas para hacer <strong>ropa individualizada con estilo<\/strong>.<\/p>\n<h2 dir=\"ltr\"><strong>La colecci\u00f3n de colores Pantone Oto\u00f1o Invierno 2025<\/strong><\/h2>\n<p dir=\"ltr\">El <strong>Colecci\u00f3n de colores Pantone Oto\u00f1o Invierno 2025<\/strong> incluye <strong>ocho tonos de color fuertes<\/strong> que producen <strong>dise\u00f1os emocionales<\/strong> para <strong>moda vaquera<\/strong>Cada color de esta colecci\u00f3n recibe un examen por su <strong>aplicaciones de moda<\/strong>.<\/p>\n<div id=\"attachment_6084\" style=\"width: 610px\" class=\"wp-caption aligncenter\"><img loading=\"lazy\" decoding=\"async\" aria-describedby=\"caption-attachment-6084\" class=\"wp-image-6084\" src=\"https:\/\/lydenim.com\/wp-content\/uploads\/2025\/08\/DM_20250820134313_002.jpg\" alt=\"Colecci\u00f3n de colores Pantone\" width=\"600\" height=\"600\" srcset=\"https:\/\/lydenim.com\/wp-content\/uploads\/2025\/08\/DM_20250820134313_002.jpg 1280w, https:\/\/lydenim.com\/wp-content\/uploads\/2025\/08\/DM_20250820134313_002-300x300.jpg 300w, https:\/\/lydenim.com\/wp-content\/uploads\/2025\/08\/DM_20250820134313_002-1024x1024.jpg 1024w, https:\/\/lydenim.com\/wp-content\/uploads\/2025\/08\/DM_20250820134313_002-150x150.jpg 150w, https:\/\/lydenim.com\/wp-content\/uploads\/2025\/08\/DM_20250820134313_002-768x768.jpg 768w, https:\/\/lydenim.com\/wp-content\/uploads\/2025\/08\/DM_20250820134313_002-12x12.jpg 12w, https:\/\/lydenim.com\/wp-content\/uploads\/2025\/08\/DM_20250820134313_002-600x600.jpg 600w\" sizes=\"auto, (max-width: 600px) 100vw, 600px\" \/><p id=\"caption-attachment-6084\" class=\"wp-caption-text\">Colecci\u00f3n de colores Pantone<\/p><\/div>\n<h3 dir=\"ltr\"><strong>Azul lavanda (PANTONE 14-3905 TCX)<\/strong><\/h3>\n<p dir=\"ltr\"><strong>Azul lavanda<\/strong> presenta una <strong>suave tono azul de ensue\u00f1o<\/strong> con <strong>matices lila<\/strong> que crean una <strong>mirada sofisticada y pac\u00edfica<\/strong>. El <strong>tono azul suave<\/strong> funciona bien para <strong>pantalones de mezclilla ligeros<\/strong> y <strong>chaquetas<\/strong>, que crean una <strong>apariencia pac\u00edfica contempor\u00e1nea<\/strong>El mercado muestra una <strong>Aumento del 30%<\/strong> en inter\u00e9s del consumidor hacia <strong>dise\u00f1os de ropa casual<\/strong> que utilizan <strong>tonos azul pastel<\/strong>, lo que hace que este color sea adecuado para <strong>atuendos casuales<\/strong>.<\/p>\n<div id=\"attachment_6085\" style=\"width: 610px\" class=\"wp-caption aligncenter\"><img loading=\"lazy\" decoding=\"async\" aria-describedby=\"caption-attachment-6085\" class=\"wp-image-6085\" src=\"https:\/\/lydenim.com\/wp-content\/uploads\/2025\/08\/DM_20250820134313_003.jpg\" alt=\"\" width=\"600\" height=\"1066\" srcset=\"https:\/\/lydenim.com\/wp-content\/uploads\/2025\/08\/DM_20250820134313_003.jpg 1280w, https:\/\/lydenim.com\/wp-content\/uploads\/2025\/08\/DM_20250820134313_003-169x300.jpg 169w, https:\/\/lydenim.com\/wp-content\/uploads\/2025\/08\/DM_20250820134313_003-576x1024.jpg 576w, https:\/\/lydenim.com\/wp-content\/uploads\/2025\/08\/DM_20250820134313_003-768x1365.jpg 768w, https:\/\/lydenim.com\/wp-content\/uploads\/2025\/08\/DM_20250820134313_003-864x1536.jpg 864w, https:\/\/lydenim.com\/wp-content\/uploads\/2025\/08\/DM_20250820134313_003-1152x2048.jpg 1152w, https:\/\/lydenim.com\/wp-content\/uploads\/2025\/08\/DM_20250820134313_003-7x12.jpg 7w, https:\/\/lydenim.com\/wp-content\/uploads\/2025\/08\/DM_20250820134313_003-600x1066.jpg 600w, https:\/\/lydenim.com\/wp-content\/uploads\/2025\/08\/DM_20250820134313_003-150x267.jpg 150w\" sizes=\"auto, (max-width: 600px) 100vw, 600px\" \/><p id=\"caption-attachment-6085\" class=\"wp-caption-text\">PANTONE 14-3905<\/p><\/div>\n<div id=\"attachment_6086\" style=\"width: 610px\" class=\"wp-caption aligncenter\"><img loading=\"lazy\" decoding=\"async\" aria-describedby=\"caption-attachment-6086\" class=\"wp-image-6086\" src=\"https:\/\/lydenim.com\/wp-content\/uploads\/2025\/08\/DM_20250820134313_004.jpg\" alt=\"\" width=\"600\" height=\"1066\" srcset=\"https:\/\/lydenim.com\/wp-content\/uploads\/2025\/08\/DM_20250820134313_004.jpg 1280w, https:\/\/lydenim.com\/wp-content\/uploads\/2025\/08\/DM_20250820134313_004-169x300.jpg 169w, https:\/\/lydenim.com\/wp-content\/uploads\/2025\/08\/DM_20250820134313_004-576x1024.jpg 576w, https:\/\/lydenim.com\/wp-content\/uploads\/2025\/08\/DM_20250820134313_004-768x1365.jpg 768w, https:\/\/lydenim.com\/wp-content\/uploads\/2025\/08\/DM_20250820134313_004-864x1536.jpg 864w, https:\/\/lydenim.com\/wp-content\/uploads\/2025\/08\/DM_20250820134313_004-1152x2048.jpg 1152w, https:\/\/lydenim.com\/wp-content\/uploads\/2025\/08\/DM_20250820134313_004-7x12.jpg 7w, https:\/\/lydenim.com\/wp-content\/uploads\/2025\/08\/DM_20250820134313_004-600x1066.jpg 600w, https:\/\/lydenim.com\/wp-content\/uploads\/2025\/08\/DM_20250820134313_004-150x267.jpg 150w\" sizes=\"auto, (max-width: 600px) 100vw, 600px\" \/><p id=\"caption-attachment-6086\" class=\"wp-caption-text\">Colecci\u00f3n de colores Pantone<\/p><\/div>\n<div id=\"attachment_6087\" style=\"width: 610px\" class=\"wp-caption aligncenter\"><img loading=\"lazy\" decoding=\"async\" aria-describedby=\"caption-attachment-6087\" class=\"wp-image-6087\" src=\"https:\/\/lydenim.com\/wp-content\/uploads\/2025\/08\/DM_20250820134313_005.jpg\" alt=\"\" width=\"600\" height=\"1066\" srcset=\"https:\/\/lydenim.com\/wp-content\/uploads\/2025\/08\/DM_20250820134313_005.jpg 1280w, https:\/\/lydenim.com\/wp-content\/uploads\/2025\/08\/DM_20250820134313_005-169x300.jpg 169w, https:\/\/lydenim.com\/wp-content\/uploads\/2025\/08\/DM_20250820134313_005-576x1024.jpg 576w, https:\/\/lydenim.com\/wp-content\/uploads\/2025\/08\/DM_20250820134313_005-768x1365.jpg 768w, https:\/\/lydenim.com\/wp-content\/uploads\/2025\/08\/DM_20250820134313_005-864x1536.jpg 864w, https:\/\/lydenim.com\/wp-content\/uploads\/2025\/08\/DM_20250820134313_005-1152x2048.jpg 1152w, https:\/\/lydenim.com\/wp-content\/uploads\/2025\/08\/DM_20250820134313_005-7x12.jpg 7w, https:\/\/lydenim.com\/wp-content\/uploads\/2025\/08\/DM_20250820134313_005-600x1066.jpg 600w, https:\/\/lydenim.com\/wp-content\/uploads\/2025\/08\/DM_20250820134313_005-150x267.jpg 150w\" sizes=\"auto, (max-width: 600px) 100vw, 600px\" \/><p id=\"caption-attachment-6087\" class=\"wp-caption-text\">Recopilaci\u00f3n<\/p><\/div>\n<h3 dir=\"ltr\"><strong>Sol del desierto (PANTONE 16-1149 TCX)<\/strong><\/h3>\n<p dir=\"ltr\">Este <strong>color naranja dorado<\/strong> produce una <strong>efecto c\u00e1lido y optimista<\/strong>, lo que me recuerda a la <strong>El sol brilla sobre el terreno des\u00e9rtico<\/strong>. El <strong>tendencia neutral terrosa<\/strong> recibe una <strong>acento atrevido<\/strong> a trav\u00e9s de <strong>Sol del desierto<\/strong> cuando se utiliza como <strong>piezas de mezclilla<\/strong>, incluido <strong>faldas completas<\/strong> o <strong>acentos<\/strong>.<\/p>\n<div id=\"attachment_6089\" style=\"width: 610px\" class=\"wp-caption aligncenter\"><img loading=\"lazy\" decoding=\"async\" aria-describedby=\"caption-attachment-6089\" class=\"wp-image-6089\" src=\"https:\/\/lydenim.com\/wp-content\/uploads\/2025\/08\/DM_20250820134313_007.jpg\" alt=\"\" width=\"600\" height=\"1066\" srcset=\"https:\/\/lydenim.com\/wp-content\/uploads\/2025\/08\/DM_20250820134313_007.jpg 1280w, https:\/\/lydenim.com\/wp-content\/uploads\/2025\/08\/DM_20250820134313_007-169x300.jpg 169w, https:\/\/lydenim.com\/wp-content\/uploads\/2025\/08\/DM_20250820134313_007-576x1024.jpg 576w, https:\/\/lydenim.com\/wp-content\/uploads\/2025\/08\/DM_20250820134313_007-768x1365.jpg 768w, https:\/\/lydenim.com\/wp-content\/uploads\/2025\/08\/DM_20250820134313_007-864x1536.jpg 864w, https:\/\/lydenim.com\/wp-content\/uploads\/2025\/08\/DM_20250820134313_007-1152x2048.jpg 1152w, https:\/\/lydenim.com\/wp-content\/uploads\/2025\/08\/DM_20250820134313_007-7x12.jpg 7w, https:\/\/lydenim.com\/wp-content\/uploads\/2025\/08\/DM_20250820134313_007-600x1066.jpg 600w, https:\/\/lydenim.com\/wp-content\/uploads\/2025\/08\/DM_20250820134313_007-150x267.jpg 150w\" sizes=\"auto, (max-width: 600px) 100vw, 600px\" \/><p id=\"caption-attachment-6089\" class=\"wp-caption-text\">PANTONE 16-1149<\/p><\/div>\n<div id=\"attachment_6090\" style=\"width: 610px\" class=\"wp-caption aligncenter\"><img loading=\"lazy\" decoding=\"async\" aria-describedby=\"caption-attachment-6090\" class=\"wp-image-6090\" src=\"https:\/\/lydenim.com\/wp-content\/uploads\/2025\/08\/DM_20250820134313_008.jpg\" alt=\"\" width=\"600\" height=\"1066\" srcset=\"https:\/\/lydenim.com\/wp-content\/uploads\/2025\/08\/DM_20250820134313_008.jpg 1280w, https:\/\/lydenim.com\/wp-content\/uploads\/2025\/08\/DM_20250820134313_008-169x300.jpg 169w, https:\/\/lydenim.com\/wp-content\/uploads\/2025\/08\/DM_20250820134313_008-576x1024.jpg 576w, https:\/\/lydenim.com\/wp-content\/uploads\/2025\/08\/DM_20250820134313_008-768x1365.jpg 768w, https:\/\/lydenim.com\/wp-content\/uploads\/2025\/08\/DM_20250820134313_008-864x1536.jpg 864w, https:\/\/lydenim.com\/wp-content\/uploads\/2025\/08\/DM_20250820134313_008-1152x2048.jpg 1152w, https:\/\/lydenim.com\/wp-content\/uploads\/2025\/08\/DM_20250820134313_008-7x12.jpg 7w, https:\/\/lydenim.com\/wp-content\/uploads\/2025\/08\/DM_20250820134313_008-600x1066.jpg 600w, https:\/\/lydenim.com\/wp-content\/uploads\/2025\/08\/DM_20250820134313_008-150x267.jpg 150w\" sizes=\"auto, (max-width: 600px) 100vw, 600px\" \/><p id=\"caption-attachment-6090\" class=\"wp-caption-text\">Colecci\u00f3n de colores Pantone<\/p><\/div>\n<div id=\"attachment_6091\" style=\"width: 610px\" class=\"wp-caption aligncenter\"><img loading=\"lazy\" decoding=\"async\" aria-describedby=\"caption-attachment-6091\" class=\"wp-image-6091\" src=\"https:\/\/lydenim.com\/wp-content\/uploads\/2025\/08\/DM_20250820134313_009.jpg\" alt=\"\" width=\"600\" height=\"1066\" srcset=\"https:\/\/lydenim.com\/wp-content\/uploads\/2025\/08\/DM_20250820134313_009.jpg 1280w, https:\/\/lydenim.com\/wp-content\/uploads\/2025\/08\/DM_20250820134313_009-169x300.jpg 169w, https:\/\/lydenim.com\/wp-content\/uploads\/2025\/08\/DM_20250820134313_009-576x1024.jpg 576w, https:\/\/lydenim.com\/wp-content\/uploads\/2025\/08\/DM_20250820134313_009-768x1365.jpg 768w, https:\/\/lydenim.com\/wp-content\/uploads\/2025\/08\/DM_20250820134313_009-864x1536.jpg 864w, https:\/\/lydenim.com\/wp-content\/uploads\/2025\/08\/DM_20250820134313_009-1152x2048.jpg 1152w, https:\/\/lydenim.com\/wp-content\/uploads\/2025\/08\/DM_20250820134313_009-7x12.jpg 7w, https:\/\/lydenim.com\/wp-content\/uploads\/2025\/08\/DM_20250820134313_009-600x1066.jpg 600w, https:\/\/lydenim.com\/wp-content\/uploads\/2025\/08\/DM_20250820134313_009-150x267.jpg 150w\" sizes=\"auto, (max-width: 600px) 100vw, 600px\" \/><p id=\"caption-attachment-6091\" class=\"wp-caption-text\">Recopilaci\u00f3n<\/p><\/div>\n<h3 dir=\"ltr\"><strong>Rojo amapola (PANTONE 17-1664 TCX)<\/strong><\/h3>\n<p dir=\"ltr\">El <strong>tono en\u00e9rgico y vibrante<\/strong> de <strong>Amapola roja<\/strong> trae <strong>estilo apasionado<\/strong> a cualquiera <strong>colecci\u00f3n de ropa<\/strong>El color funciona bien para <strong>vaqueros distintivos<\/strong> y <strong>bordado expresivo<\/strong> porque <strong>rojo<\/strong> se erige como un <strong>tendencia rom\u00e1ntica dominante<\/strong> en la actualidad <strong>moda<\/strong>.<\/p>\n<div id=\"attachment_6093\" style=\"width: 610px\" class=\"wp-caption aligncenter\"><img loading=\"lazy\" decoding=\"async\" aria-describedby=\"caption-attachment-6093\" class=\"wp-image-6093\" src=\"https:\/\/lydenim.com\/wp-content\/uploads\/2025\/08\/DM_20250820134313_011.jpg\" alt=\"\" width=\"600\" height=\"1066\" srcset=\"https:\/\/lydenim.com\/wp-content\/uploads\/2025\/08\/DM_20250820134313_011.jpg 1280w, https:\/\/lydenim.com\/wp-content\/uploads\/2025\/08\/DM_20250820134313_011-169x300.jpg 169w, https:\/\/lydenim.com\/wp-content\/uploads\/2025\/08\/DM_20250820134313_011-576x1024.jpg 576w, https:\/\/lydenim.com\/wp-content\/uploads\/2025\/08\/DM_20250820134313_011-768x1365.jpg 768w, https:\/\/lydenim.com\/wp-content\/uploads\/2025\/08\/DM_20250820134313_011-864x1536.jpg 864w, https:\/\/lydenim.com\/wp-content\/uploads\/2025\/08\/DM_20250820134313_011-1152x2048.jpg 1152w, https:\/\/lydenim.com\/wp-content\/uploads\/2025\/08\/DM_20250820134313_011-7x12.jpg 7w, https:\/\/lydenim.com\/wp-content\/uploads\/2025\/08\/DM_20250820134313_011-600x1066.jpg 600w, https:\/\/lydenim.com\/wp-content\/uploads\/2025\/08\/DM_20250820134313_011-150x267.jpg 150w\" sizes=\"auto, (max-width: 600px) 100vw, 600px\" \/><p id=\"caption-attachment-6093\" class=\"wp-caption-text\">PANTONE 17-1664<\/p><\/div>\n<div id=\"attachment_6094\" style=\"width: 610px\" class=\"wp-caption aligncenter\"><img loading=\"lazy\" decoding=\"async\" aria-describedby=\"caption-attachment-6094\" class=\"wp-image-6094\" src=\"https:\/\/lydenim.com\/wp-content\/uploads\/2025\/08\/DM_20250820134313_012.jpg\" alt=\"\" width=\"600\" height=\"1066\" srcset=\"https:\/\/lydenim.com\/wp-content\/uploads\/2025\/08\/DM_20250820134313_012.jpg 1280w, https:\/\/lydenim.com\/wp-content\/uploads\/2025\/08\/DM_20250820134313_012-169x300.jpg 169w, https:\/\/lydenim.com\/wp-content\/uploads\/2025\/08\/DM_20250820134313_012-576x1024.jpg 576w, https:\/\/lydenim.com\/wp-content\/uploads\/2025\/08\/DM_20250820134313_012-768x1365.jpg 768w, https:\/\/lydenim.com\/wp-content\/uploads\/2025\/08\/DM_20250820134313_012-864x1536.jpg 864w, https:\/\/lydenim.com\/wp-content\/uploads\/2025\/08\/DM_20250820134313_012-1152x2048.jpg 1152w, https:\/\/lydenim.com\/wp-content\/uploads\/2025\/08\/DM_20250820134313_012-7x12.jpg 7w, https:\/\/lydenim.com\/wp-content\/uploads\/2025\/08\/DM_20250820134313_012-600x1066.jpg 600w, https:\/\/lydenim.com\/wp-content\/uploads\/2025\/08\/DM_20250820134313_012-150x267.jpg 150w\" sizes=\"auto, (max-width: 600px) 100vw, 600px\" \/><p id=\"caption-attachment-6094\" class=\"wp-caption-text\">Colecci\u00f3n de colores Pantone<\/p><\/div>\n<div id=\"attachment_6095\" style=\"width: 610px\" class=\"wp-caption aligncenter\"><img loading=\"lazy\" decoding=\"async\" aria-describedby=\"caption-attachment-6095\" class=\"wp-image-6095\" src=\"https:\/\/lydenim.com\/wp-content\/uploads\/2025\/08\/DM_20250820134313_013.jpg\" alt=\"\" width=\"600\" height=\"1066\" srcset=\"https:\/\/lydenim.com\/wp-content\/uploads\/2025\/08\/DM_20250820134313_013.jpg 1280w, https:\/\/lydenim.com\/wp-content\/uploads\/2025\/08\/DM_20250820134313_013-169x300.jpg 169w, https:\/\/lydenim.com\/wp-content\/uploads\/2025\/08\/DM_20250820134313_013-576x1024.jpg 576w, https:\/\/lydenim.com\/wp-content\/uploads\/2025\/08\/DM_20250820134313_013-768x1365.jpg 768w, https:\/\/lydenim.com\/wp-content\/uploads\/2025\/08\/DM_20250820134313_013-864x1536.jpg 864w, https:\/\/lydenim.com\/wp-content\/uploads\/2025\/08\/DM_20250820134313_013-1152x2048.jpg 1152w, https:\/\/lydenim.com\/wp-content\/uploads\/2025\/08\/DM_20250820134313_013-7x12.jpg 7w, https:\/\/lydenim.com\/wp-content\/uploads\/2025\/08\/DM_20250820134313_013-600x1066.jpg 600w, https:\/\/lydenim.com\/wp-content\/uploads\/2025\/08\/DM_20250820134313_013-150x267.jpg 150w\" sizes=\"auto, (max-width: 600px) 100vw, 600px\" \/><p id=\"caption-attachment-6095\" class=\"wp-caption-text\">Recopilaci\u00f3n<\/p><\/div>\n<h3 dir=\"ltr\"><strong>Bosque m\u00e1gico (PANTONE 19-4908 TCX)<\/strong><\/h3>\n<p dir=\"ltr\">El <strong>tono verde profundo y m\u00edstico<\/strong> de <strong>Bosque m\u00e1gico<\/strong> crea un <strong>atm\u00f3sfera enigm\u00e1tica<\/strong> inspirado por <strong>elementos naturales<\/strong>. <strong>Chaquetas vaqueras lavadas oscuras<\/strong> Recibe la mejora perfecta con este color porque proporciona <strong>sofisticaci\u00f3n<\/strong> y <strong>durabilidad<\/strong>, mientras <strong>tonos verdes<\/strong> atraer <strong>compradores con conciencia ecol\u00f3gica<\/strong> por <strong>40%<\/strong>.<\/p>\n<div id=\"attachment_6097\" style=\"width: 610px\" class=\"wp-caption aligncenter\"><img loading=\"lazy\" decoding=\"async\" aria-describedby=\"caption-attachment-6097\" class=\"wp-image-6097\" src=\"https:\/\/lydenim.com\/wp-content\/uploads\/2025\/08\/DM_20250820134313_015.jpg\" alt=\"PANTONE 19-4908\" width=\"600\" height=\"1066\" srcset=\"https:\/\/lydenim.com\/wp-content\/uploads\/2025\/08\/DM_20250820134313_015.jpg 1280w, https:\/\/lydenim.com\/wp-content\/uploads\/2025\/08\/DM_20250820134313_015-169x300.jpg 169w, https:\/\/lydenim.com\/wp-content\/uploads\/2025\/08\/DM_20250820134313_015-576x1024.jpg 576w, https:\/\/lydenim.com\/wp-content\/uploads\/2025\/08\/DM_20250820134313_015-768x1365.jpg 768w, https:\/\/lydenim.com\/wp-content\/uploads\/2025\/08\/DM_20250820134313_015-864x1536.jpg 864w, https:\/\/lydenim.com\/wp-content\/uploads\/2025\/08\/DM_20250820134313_015-1152x2048.jpg 1152w, https:\/\/lydenim.com\/wp-content\/uploads\/2025\/08\/DM_20250820134313_015-7x12.jpg 7w, https:\/\/lydenim.com\/wp-content\/uploads\/2025\/08\/DM_20250820134313_015-600x1066.jpg 600w, https:\/\/lydenim.com\/wp-content\/uploads\/2025\/08\/DM_20250820134313_015-150x267.jpg 150w\" sizes=\"auto, (max-width: 600px) 100vw, 600px\" \/><p id=\"caption-attachment-6097\" class=\"wp-caption-text\">PANTONE 19-4908<\/p><\/div>\n<div id=\"attachment_6100\" style=\"width: 610px\" class=\"wp-caption aligncenter\"><img loading=\"lazy\" decoding=\"async\" aria-describedby=\"caption-attachment-6100\" class=\"wp-image-6100\" src=\"https:\/\/lydenim.com\/wp-content\/uploads\/2025\/08\/DM_20250820134313_018.jpg\" alt=\"\" width=\"600\" height=\"1066\" srcset=\"https:\/\/lydenim.com\/wp-content\/uploads\/2025\/08\/DM_20250820134313_018.jpg 1280w, https:\/\/lydenim.com\/wp-content\/uploads\/2025\/08\/DM_20250820134313_018-169x300.jpg 169w, https:\/\/lydenim.com\/wp-content\/uploads\/2025\/08\/DM_20250820134313_018-576x1024.jpg 576w, https:\/\/lydenim.com\/wp-content\/uploads\/2025\/08\/DM_20250820134313_018-768x1365.jpg 768w, https:\/\/lydenim.com\/wp-content\/uploads\/2025\/08\/DM_20250820134313_018-864x1536.jpg 864w, https:\/\/lydenim.com\/wp-content\/uploads\/2025\/08\/DM_20250820134313_018-1152x2048.jpg 1152w, https:\/\/lydenim.com\/wp-content\/uploads\/2025\/08\/DM_20250820134313_018-7x12.jpg 7w, https:\/\/lydenim.com\/wp-content\/uploads\/2025\/08\/DM_20250820134313_018-600x1066.jpg 600w, https:\/\/lydenim.com\/wp-content\/uploads\/2025\/08\/DM_20250820134313_018-150x267.jpg 150w\" sizes=\"auto, (max-width: 600px) 100vw, 600px\" \/><p id=\"caption-attachment-6100\" class=\"wp-caption-text\">PANTONE 19-4908 OOTD<\/p><\/div>\n<h3 dir=\"ltr\"><strong>Lima salada (PANTONE 17-0232 TCX)<\/strong><\/h3>\n<p dir=\"ltr\">El <strong>color verde apagado<\/strong> <strong>Lima salada<\/strong> crea <strong>efectos frescos pero picantes<\/strong> en <strong>dise\u00f1os<\/strong>Utilice el <strong>tono verde<\/strong> en <strong>vestidos de mezclilla<\/strong> o <strong>pantalones<\/strong> combinar <strong>moda ecol\u00f3gica<\/strong> con <strong>dise\u00f1os de estilo fuerte<\/strong>, especialmente cuando se utiliza <strong>mezclas el\u00e1sticas<\/strong> para mejor <strong>fluir<\/strong>.<\/p>\n<div id=\"attachment_6098\" style=\"width: 610px\" class=\"wp-caption aligncenter\"><img loading=\"lazy\" decoding=\"async\" aria-describedby=\"caption-attachment-6098\" class=\"wp-image-6098\" src=\"https:\/\/lydenim.com\/wp-content\/uploads\/2025\/08\/DM_20250820134313_016.jpg\" alt=\"Pantone 17-0232\" width=\"600\" height=\"1066\" srcset=\"https:\/\/lydenim.com\/wp-content\/uploads\/2025\/08\/DM_20250820134313_016.jpg 1280w, https:\/\/lydenim.com\/wp-content\/uploads\/2025\/08\/DM_20250820134313_016-169x300.jpg 169w, https:\/\/lydenim.com\/wp-content\/uploads\/2025\/08\/DM_20250820134313_016-576x1024.jpg 576w, https:\/\/lydenim.com\/wp-content\/uploads\/2025\/08\/DM_20250820134313_016-768x1365.jpg 768w, https:\/\/lydenim.com\/wp-content\/uploads\/2025\/08\/DM_20250820134313_016-864x1536.jpg 864w, https:\/\/lydenim.com\/wp-content\/uploads\/2025\/08\/DM_20250820134313_016-1152x2048.jpg 1152w, https:\/\/lydenim.com\/wp-content\/uploads\/2025\/08\/DM_20250820134313_016-7x12.jpg 7w, https:\/\/lydenim.com\/wp-content\/uploads\/2025\/08\/DM_20250820134313_016-600x1066.jpg 600w, https:\/\/lydenim.com\/wp-content\/uploads\/2025\/08\/DM_20250820134313_016-150x267.jpg 150w\" sizes=\"auto, (max-width: 600px) 100vw, 600px\" \/><p id=\"caption-attachment-6098\" class=\"wp-caption-text\">Pantone 17-0232<\/p><\/div>\n<div id=\"attachment_6099\" style=\"width: 610px\" class=\"wp-caption aligncenter\"><img loading=\"lazy\" decoding=\"async\" aria-describedby=\"caption-attachment-6099\" class=\"wp-image-6099\" src=\"https:\/\/lydenim.com\/wp-content\/uploads\/2025\/08\/DM_20250820134313_017.jpg\" alt=\"\" width=\"600\" height=\"1066\" srcset=\"https:\/\/lydenim.com\/wp-content\/uploads\/2025\/08\/DM_20250820134313_017.jpg 1280w, https:\/\/lydenim.com\/wp-content\/uploads\/2025\/08\/DM_20250820134313_017-169x300.jpg 169w, https:\/\/lydenim.com\/wp-content\/uploads\/2025\/08\/DM_20250820134313_017-576x1024.jpg 576w, https:\/\/lydenim.com\/wp-content\/uploads\/2025\/08\/DM_20250820134313_017-768x1365.jpg 768w, https:\/\/lydenim.com\/wp-content\/uploads\/2025\/08\/DM_20250820134313_017-864x1536.jpg 864w, https:\/\/lydenim.com\/wp-content\/uploads\/2025\/08\/DM_20250820134313_017-1152x2048.jpg 1152w, https:\/\/lydenim.com\/wp-content\/uploads\/2025\/08\/DM_20250820134313_017-7x12.jpg 7w, https:\/\/lydenim.com\/wp-content\/uploads\/2025\/08\/DM_20250820134313_017-600x1066.jpg 600w, https:\/\/lydenim.com\/wp-content\/uploads\/2025\/08\/DM_20250820134313_017-150x267.jpg 150w\" sizes=\"auto, (max-width: 600px) 100vw, 600px\" \/><p id=\"caption-attachment-6099\" class=\"wp-caption-text\">Recopilaci\u00f3n<\/p><\/div>\n<h3 dir=\"ltr\"><strong>Chocolate caliente (PANTONE 19-1325 TCX)<\/strong><\/h3>\n<p dir=\"ltr\"><strong>Chocolate caliente<\/strong> presenta una <strong>apariencia c\u00e1lida y reconfortante<\/strong>, que duplica el <strong>colores profundos del cacao<\/strong>. El <strong>Pantone 2025 Color del a\u00f1o Mocha Mousse<\/strong> inspira <strong>dise\u00f1adores<\/strong> Para usar este tono <strong>lavados de mezclilla inspirados en moca<\/strong>, que ofrecen ambos <strong>elegancia<\/strong> y <strong>calor<\/strong>.<\/p>\n<div id=\"attachment_6101\" style=\"width: 610px\" class=\"wp-caption aligncenter\"><img loading=\"lazy\" decoding=\"async\" aria-describedby=\"caption-attachment-6101\" class=\"wp-image-6101\" src=\"https:\/\/lydenim.com\/wp-content\/uploads\/2025\/08\/DM_20250820134313_020.jpg\" alt=\"PANTONE 19-1325\" width=\"600\" height=\"1066\" srcset=\"https:\/\/lydenim.com\/wp-content\/uploads\/2025\/08\/DM_20250820134313_020.jpg 1280w, https:\/\/lydenim.com\/wp-content\/uploads\/2025\/08\/DM_20250820134313_020-169x300.jpg 169w, https:\/\/lydenim.com\/wp-content\/uploads\/2025\/08\/DM_20250820134313_020-576x1024.jpg 576w, https:\/\/lydenim.com\/wp-content\/uploads\/2025\/08\/DM_20250820134313_020-768x1365.jpg 768w, https:\/\/lydenim.com\/wp-content\/uploads\/2025\/08\/DM_20250820134313_020-864x1536.jpg 864w, https:\/\/lydenim.com\/wp-content\/uploads\/2025\/08\/DM_20250820134313_020-1152x2048.jpg 1152w, https:\/\/lydenim.com\/wp-content\/uploads\/2025\/08\/DM_20250820134313_020-7x12.jpg 7w, https:\/\/lydenim.com\/wp-content\/uploads\/2025\/08\/DM_20250820134313_020-600x1066.jpg 600w, https:\/\/lydenim.com\/wp-content\/uploads\/2025\/08\/DM_20250820134313_020-150x267.jpg 150w\" sizes=\"auto, (max-width: 600px) 100vw, 600px\" \/><p id=\"caption-attachment-6101\" class=\"wp-caption-text\">PANTONE 19-1325<\/p><\/div>\n<div id=\"attachment_6104\" style=\"width: 610px\" class=\"wp-caption aligncenter\"><img loading=\"lazy\" decoding=\"async\" aria-describedby=\"caption-attachment-6104\" class=\"wp-image-6104\" src=\"https:\/\/lydenim.com\/wp-content\/uploads\/2025\/08\/DM_20250820134314_023.jpg\" alt=\"\" width=\"600\" height=\"1066\" srcset=\"https:\/\/lydenim.com\/wp-content\/uploads\/2025\/08\/DM_20250820134314_023.jpg 1280w, https:\/\/lydenim.com\/wp-content\/uploads\/2025\/08\/DM_20250820134314_023-169x300.jpg 169w, https:\/\/lydenim.com\/wp-content\/uploads\/2025\/08\/DM_20250820134314_023-576x1024.jpg 576w, https:\/\/lydenim.com\/wp-content\/uploads\/2025\/08\/DM_20250820134314_023-768x1365.jpg 768w, https:\/\/lydenim.com\/wp-content\/uploads\/2025\/08\/DM_20250820134314_023-864x1536.jpg 864w, https:\/\/lydenim.com\/wp-content\/uploads\/2025\/08\/DM_20250820134314_023-1152x2048.jpg 1152w, https:\/\/lydenim.com\/wp-content\/uploads\/2025\/08\/DM_20250820134314_023-7x12.jpg 7w, https:\/\/lydenim.com\/wp-content\/uploads\/2025\/08\/DM_20250820134314_023-600x1066.jpg 600w, https:\/\/lydenim.com\/wp-content\/uploads\/2025\/08\/DM_20250820134314_023-150x267.jpg 150w\" sizes=\"auto, (max-width: 600px) 100vw, 600px\" \/><p id=\"caption-attachment-6104\" class=\"wp-caption-text\">PANTONE 19-1325 oto\u00f1o<\/p><\/div>\n<h3 dir=\"ltr\"><strong>Fanfarria (PANTONE 18-4936 TCX)<\/strong><\/h3>\n<p dir=\"ltr\">El <strong>color verde azulado intenso<\/strong> de <strong>Trompeteo<\/strong> crea una <strong>ambiente festivo<\/strong> por su <strong>profundidad vibrante<\/strong>. <strong>Alternativas premium al denim \u00edndigo<\/strong> funciona mejor para <strong>chaquetas<\/strong> y <strong>vaqueros<\/strong> porque este color expresa <strong>tendencias de moda tranquilas<\/strong>.<\/p>\n<div id=\"attachment_6098\" style=\"width: 610px\" class=\"wp-caption aligncenter\"><img loading=\"lazy\" decoding=\"async\" aria-describedby=\"caption-attachment-6098\" class=\"wp-image-6098\" src=\"https:\/\/lydenim.com\/wp-content\/uploads\/2025\/08\/DM_20250820134313_016.jpg\" alt=\"Pantone 17-0232 y Pantone 18-4936\" width=\"600\" height=\"1066\" srcset=\"https:\/\/lydenim.com\/wp-content\/uploads\/2025\/08\/DM_20250820134313_016.jpg 1280w, https:\/\/lydenim.com\/wp-content\/uploads\/2025\/08\/DM_20250820134313_016-169x300.jpg 169w, https:\/\/lydenim.com\/wp-content\/uploads\/2025\/08\/DM_20250820134313_016-576x1024.jpg 576w, https:\/\/lydenim.com\/wp-content\/uploads\/2025\/08\/DM_20250820134313_016-768x1365.jpg 768w, https:\/\/lydenim.com\/wp-content\/uploads\/2025\/08\/DM_20250820134313_016-864x1536.jpg 864w, https:\/\/lydenim.com\/wp-content\/uploads\/2025\/08\/DM_20250820134313_016-1152x2048.jpg 1152w, https:\/\/lydenim.com\/wp-content\/uploads\/2025\/08\/DM_20250820134313_016-7x12.jpg 7w, https:\/\/lydenim.com\/wp-content\/uploads\/2025\/08\/DM_20250820134313_016-600x1066.jpg 600w, https:\/\/lydenim.com\/wp-content\/uploads\/2025\/08\/DM_20250820134313_016-150x267.jpg 150w\" sizes=\"auto, (max-width: 600px) 100vw, 600px\" \/><p id=\"caption-attachment-6098\" class=\"wp-caption-text\">Pantone 17-0232 y Pantone 18-4936<\/p><\/div>\n<h3 dir=\"ltr\"><strong>Aceite de chile (PANTONE 18-1440 TCX)<\/strong><\/h3>\n<p dir=\"ltr\"><strong>Dise\u00f1os<\/strong> recibir una <strong>efecto c\u00e1lido y picante<\/strong> A trav\u00e9s de la <strong>color marr\u00f3n rojizo<\/strong> de <strong>Aceite de chile<\/strong>. <strong>Dise\u00f1adores<\/strong> puede crear <strong>declaraciones de moda \u00fanicas<\/strong> con este color <strong>camisas de mezclilla<\/strong> y <strong>afueras<\/strong> para producir un <strong>aspecto delicioso y llamativo<\/strong>.<\/p>\n<div id=\"attachment_6102\" style=\"width: 610px\" class=\"wp-caption aligncenter\"><img loading=\"lazy\" decoding=\"async\" aria-describedby=\"caption-attachment-6102\" class=\"wp-image-6102\" src=\"https:\/\/lydenim.com\/wp-content\/uploads\/2025\/08\/DM_20250820134313_021.jpg\" alt=\"\" width=\"600\" height=\"1066\" srcset=\"https:\/\/lydenim.com\/wp-content\/uploads\/2025\/08\/DM_20250820134313_021.jpg 1280w, https:\/\/lydenim.com\/wp-content\/uploads\/2025\/08\/DM_20250820134313_021-169x300.jpg 169w, https:\/\/lydenim.com\/wp-content\/uploads\/2025\/08\/DM_20250820134313_021-576x1024.jpg 576w, https:\/\/lydenim.com\/wp-content\/uploads\/2025\/08\/DM_20250820134313_021-768x1365.jpg 768w, https:\/\/lydenim.com\/wp-content\/uploads\/2025\/08\/DM_20250820134313_021-864x1536.jpg 864w, https:\/\/lydenim.com\/wp-content\/uploads\/2025\/08\/DM_20250820134313_021-1152x2048.jpg 1152w, https:\/\/lydenim.com\/wp-content\/uploads\/2025\/08\/DM_20250820134313_021-7x12.jpg 7w, https:\/\/lydenim.com\/wp-content\/uploads\/2025\/08\/DM_20250820134313_021-600x1066.jpg 600w, https:\/\/lydenim.com\/wp-content\/uploads\/2025\/08\/DM_20250820134313_021-150x267.jpg 150w\" sizes=\"auto, (max-width: 600px) 100vw, 600px\" \/><p id=\"caption-attachment-6102\" class=\"wp-caption-text\">PANTONE 18-1440<\/p><\/div>\n<div id=\"attachment_6103\" style=\"width: 610px\" class=\"wp-caption aligncenter\"><img loading=\"lazy\" decoding=\"async\" aria-describedby=\"caption-attachment-6103\" class=\"wp-image-6103\" src=\"https:\/\/lydenim.com\/wp-content\/uploads\/2025\/08\/DM_20250820134314_022.jpg\" alt=\"Recopilaci\u00f3n\" width=\"600\" height=\"1066\" srcset=\"https:\/\/lydenim.com\/wp-content\/uploads\/2025\/08\/DM_20250820134314_022.jpg 1280w, https:\/\/lydenim.com\/wp-content\/uploads\/2025\/08\/DM_20250820134314_022-169x300.jpg 169w, https:\/\/lydenim.com\/wp-content\/uploads\/2025\/08\/DM_20250820134314_022-576x1024.jpg 576w, https:\/\/lydenim.com\/wp-content\/uploads\/2025\/08\/DM_20250820134314_022-768x1365.jpg 768w, https:\/\/lydenim.com\/wp-content\/uploads\/2025\/08\/DM_20250820134314_022-864x1536.jpg 864w, https:\/\/lydenim.com\/wp-content\/uploads\/2025\/08\/DM_20250820134314_022-1152x2048.jpg 1152w, https:\/\/lydenim.com\/wp-content\/uploads\/2025\/08\/DM_20250820134314_022-7x12.jpg 7w, https:\/\/lydenim.com\/wp-content\/uploads\/2025\/08\/DM_20250820134314_022-600x1066.jpg 600w, https:\/\/lydenim.com\/wp-content\/uploads\/2025\/08\/DM_20250820134314_022-150x267.jpg 150w\" sizes=\"auto, (max-width: 600px) 100vw, 600px\" \/><p id=\"caption-attachment-6103\" class=\"wp-caption-text\">Recopilaci\u00f3n<\/p><\/div>\n<h2 dir=\"ltr\"><strong>Aplicaci\u00f3n de los colores Pantone Oto\u00f1o\/Invierno 2025 en la moda vaquera<\/strong><\/h2>\n<p dir=\"ltr\">Estos <strong>bandera<\/strong> se puede utilizar a trav\u00e9s de <strong>tintura<\/strong>, <strong>impresi\u00f3n<\/strong>, o <strong>bordado<\/strong> producir <strong>dise\u00f1os distintivos de mezclilla<\/strong>. Usando <strong>org\u00e1nico premium<\/strong> o <strong>tejidos de mezclilla el\u00e1stica<\/strong> proporcionar\u00e1 <strong>durabilidad superior<\/strong> y <strong>comodidad<\/strong>Trabaja con <strong>profesionales de te\u00f1ido capacitados<\/strong> Para lograr <strong>resultados precisos<\/strong> y mantener <strong>colores vibrantes<\/strong> que perduran <strong>m\u00faltiples lavados<\/strong>.<\/p>\n<p dir=\"ltr\"><strong>Consejo<\/strong>:La combinaci\u00f3n de <strong>Azul lavanda<\/strong> con <strong>Chocolate caliente<\/strong> crea un <strong>apariencia ecol\u00f3gica<\/strong> que se alinea con <strong>tendencias modernas de moda sostenible<\/strong>.<\/p>\n<h2 dir=\"ltr\"><strong>Pros y contras de los colores Pantone Oto\u00f1o Invierno 2025<\/strong><\/h2>\n<h3 dir=\"ltr\"><strong>Ventajas<\/strong>:<\/h3>\n<ul class=\"tight\" dir=\"ltr\" data-tight=\"true\">\n<li>\n<p dir=\"ltr\">El <strong>paleta de colores<\/strong> ofertas <strong>versatilidad<\/strong> ya que combina <strong>neutral<\/strong> y <strong>tonos atrevidos<\/strong> mientras que tambi\u00e9n es <strong>sostenible<\/strong> debido a <strong>preferencias de color naturales<\/strong> de <strong>40% de los consumidores<\/strong> y mejorando <strong>resistencia de la mezclilla<\/strong>.<\/p>\n<\/li>\n<\/ul>\n<h3 dir=\"ltr\"><strong>Contras<\/strong>:<\/h3>\n<ul class=\"tight\" dir=\"ltr\" data-tight=\"true\">\n<li>\n<p dir=\"ltr\">El <strong>colores vibrantes<\/strong> puede experimentar <strong>desvanecimiento<\/strong> durante <strong>lavado repetido<\/strong>, lo que hace <strong>te\u00f1ido profesional<\/strong> o <strong>mantenimiento especial<\/strong> necesario.<\/p>\n<\/li>\n<\/ul>\n<h2 dir=\"ltr\"><strong>Conclusi\u00f3n<\/strong><\/h2>\n<p dir=\"ltr\">El <strong>Colores Pantone oto\u00f1o-invierno 2025<\/strong> inspirar <strong>moda atrevida y aut\u00e9ntica<\/strong>, perfecto para <strong>innovaciones en mezclilla<\/strong>. El <strong>ocho colores<\/strong>, a partir de <strong>Azul lavanda<\/strong>&#039;s <strong>encanto tranquilo<\/strong> A trav\u00e9s de <strong>Aceite de chile<\/strong>&#039;s <strong>pasi\u00f3n ardiente<\/strong>, dar <strong>dise\u00f1adores<\/strong> y <strong>entusiastas<\/strong> sin l\u00edmites <strong>posibilidades de dise\u00f1o<\/strong>Usando estos <strong>colores vibrantes<\/strong> te permitir\u00e1 crear <strong>productos de mezclilla personalizados<\/strong> que traen <strong>estilo sostenible de moda<\/strong> A tu <strong>armario<\/strong>.<\/p>\n<h2 dir=\"ltr\" data-pm-slice=\"1 1 []\">Servicios de personalizaci\u00f3n de LYDENIM<\/h2>\n<p dir=\"ltr\">\u00bfBuscas telas vaqueras premium o prendas vaqueras a medida? LYDENIM ofrece soluciones a medida para dar vida a tu visi\u00f3n creativa con texturas \u00fanicas y de alta calidad.<\/p>\n<p dir=\"ltr\">\ud83c\udfa8 <strong>Telas personalizadas<\/strong>Descubre nuestra colecci\u00f3n premium de mezclilla y dise\u00f1a tus propias telas con una variedad de colores, estampados y texturas que se adaptan a tu estilo. Explora nuestra oferta en <a href=\"http:\/\/lydenim.com\/es\/product\/\">lydenim.com.<\/a><\/p>\n<p dir=\"ltr\">\ud83d\udecd\ufe0f <strong>Ropa personalizada<\/strong>Crea prendas de mezclilla distintivas con nuestros lujosos tejidos, desde c\u00f3modos jeans hasta sofisticadas chaquetas. Elige tus colores y estilos favoritos para personalizarlos. <a href=\"http:\/\/liangyuantextile.m.en.alibaba.com\">Mialibaba.<\/a><\/p>\n<p dir=\"ltr\">\ud83d\udce9 <strong>Contacto<\/strong>Comun\u00edquese con nuestro equipo en <a href=\"mailto:malone@lydenim.com\">malone@lydenim.com<\/a> para discutir sus ideas sobre telas o prendas de vestir, desde patrones de tejido hasta mezclas ecol\u00f3gicas.<\/p>\n<p dir=\"ltr\">Haga realidad su visi\u00f3n \u00fanica con LYDENIM, su socio de confianza para telas de mezclilla innovadoras y soluciones de indumentaria personalizada.<\/p>","protected":false},"excerpt":{"rendered":"<p>Tiempo estimado de lectura: ~5 minutos Introducci\u00f3n: Adoptando los colores Pantone de oto\u00f1o-invierno de 2025 Los colores Pantone de oto\u00f1o-invierno de 2025 crean una<\/p>","protected":false},"author":1,"featured_media":6083,"comment_status":"open","ping_status":"open","sticky":false,"template":"","format":"standard","meta":{"two_page_speed":[],"footnotes":""},"categories":[67],"tags":[],"class_list":["post-6082","post","type-post","status-publish","format-standard","has-post-thumbnail","hentry","category-market"],"aioseo_notices":[],"_links":{"self":[{"href":"https:\/\/lydenim.com\/es\/wp-json\/wp\/v2\/posts\/6082","targetHints":{"allow":["GET"]}}],"collection":[{"href":"https:\/\/lydenim.com\/es\/wp-json\/wp\/v2\/posts"}],"about":[{"href":"https:\/\/lydenim.com\/es\/wp-json\/wp\/v2\/types\/post"}],"author":[{"embeddable":true,"href":"https:\/\/lydenim.com\/es\/wp-json\/wp\/v2\/users\/1"}],"replies":[{"embeddable":true,"href":"https:\/\/lydenim.com\/es\/wp-json\/wp\/v2\/comments?post=6082"}],"version-history":[{"count":4,"href":"https:\/\/lydenim.com\/es\/wp-json\/wp\/v2\/posts\/6082\/revisions"}],"predecessor-version":[{"id":6397,"href":"https:\/\/lydenim.com\/es\/wp-json\/wp\/v2\/posts\/6082\/revisions\/6397"}],"wp:featuredmedia":[{"embeddable":true,"href":"https:\/\/lydenim.com\/es\/wp-json\/wp\/v2\/media\/6083"}],"wp:attachment":[{"href":"https:\/\/lydenim.com\/es\/wp-json\/wp\/v2\/media?parent=6082"}],"wp:term":[{"taxonomy":"category","embeddable":true,"href":"https:\/\/lydenim.com\/es\/wp-json\/wp\/v2\/categories?post=6082"},{"taxonomy":"post_tag","embeddable":true,"href":"https:\/\/lydenim.com\/es\/wp-json\/wp\/v2\/tags?post=6082"}],"curies":[{"name":"wp","href":"https:\/\/api.w.org\/{rel}","templated":true}]}}