{"id":6136,"date":"2025-08-27T11:41:37","date_gmt":"2025-08-27T03:41:37","guid":{"rendered":"https:\/\/lydenim.com\/?p=6136"},"modified":"2025-08-27T16:44:15","modified_gmt":"2025-08-27T08:44:15","slug":"revolutionary-selvedge-denim-styles","status":"publish","type":"post","link":"https:\/\/lydenim.com\/es\/estilos-revolucionarios-de-mezclilla-con-orillo\/","title":{"rendered":"Estilos revolucionarios de mezclilla con orillo"},"content":{"rendered":"<h3 dir=\"ltr\" data-pm-slice=\"1 1 []\">Tiempo estimado de lectura: ~4 minutos<\/h3>\n<h3 dir=\"ltr\" data-pm-slice=\"1 1 []\"><strong>Qu\u00e9 es <a href=\"https:\/\/lydenim.com\/es\/?s=Selvedge&amp;post_type=product\">Mezclilla con orillo<\/a>?<\/strong><\/h3>\n<p dir=\"ltr\"><strong>Mezclilla con orillo<\/strong> es el <strong>borde firmemente tejido<\/strong> en <strong>vaqueros premium<\/strong>, a menudo terminado con un <strong>hilo de color<\/strong>. En otras palabras, es literalmente el <strong>\u201cauto-borde\u201d<\/strong> del <strong>tela<\/strong>. Como <strong>Levi Strauss &amp; C\u00eda.<\/strong> historiador <strong>Tracey Panek<\/strong> notas, <strong>orillo<\/strong> (o <strong>orillo<\/strong>) es un <strong>borde vertical<\/strong> del <strong>tela de mezclilla<\/strong> Eso lo impide <strong>desenredando<\/strong>. El <strong>borde limpio y encuadernado<\/strong> se ha convertido en un <strong>sello distintivo de mezclilla de calidad<\/strong>. <strong>Mezclilla con orillo<\/strong> se teje en <strong>telares de lanzadera tradicionales<\/strong>, que crean una <strong>tela estrecha y apretada<\/strong> con <strong>bordes naturales<\/strong> que no lo hacen <strong>refriega<\/strong>. Hist\u00f3ricamente, la <strong>vaqueros azules<\/strong> naci\u00f3 en 1873 cuando <strong>L\u00e9vi Strauss<\/strong> y sastre <strong>Jacob Davis<\/strong> patentado <strong>remaches met\u00e1licos<\/strong> en <strong>pantalones de trabajo<\/strong>, y durante m\u00e1s de un siglo <strong>Jap\u00f3n<\/strong> se convirti\u00f3 en el <strong>epicentro de la producci\u00f3n de orillo premium<\/strong>. A diferencia de <strong>mezclilla el\u00e1stica moderna<\/strong>, <strong>orillo<\/strong> se vende a menudo <strong>crudo<\/strong> (sin lavar) para que los usuarios puedan <strong>romperlo<\/strong> ellos mismos. <strong>Mezclilla con orillo<\/strong> no posee inherentemente <strong>fortaleza<\/strong> pero se desarrolla una <strong>textura distintiva<\/strong> que la gente valora porque <strong>siglos<\/strong>.<\/p>\n<div id=\"attachment_6120\" style=\"width: 610px\" class=\"wp-caption aligncenter\"><img loading=\"lazy\" decoding=\"async\" aria-describedby=\"caption-attachment-6120\" class=\"wp-image-6120\" src=\"https:\/\/lydenim.com\/wp-content\/uploads\/2025\/08\/c67f8027959b3fdaa5fc2c4a36ea3b52.jpg\" alt=\"\" width=\"600\" height=\"800\" srcset=\"https:\/\/lydenim.com\/wp-content\/uploads\/2025\/08\/c67f8027959b3fdaa5fc2c4a36ea3b52.jpg 1098w, https:\/\/lydenim.com\/wp-content\/uploads\/2025\/08\/c67f8027959b3fdaa5fc2c4a36ea3b52-225x300.jpg 225w, https:\/\/lydenim.com\/wp-content\/uploads\/2025\/08\/c67f8027959b3fdaa5fc2c4a36ea3b52-768x1024.jpg 768w, https:\/\/lydenim.com\/wp-content\/uploads\/2025\/08\/c67f8027959b3fdaa5fc2c4a36ea3b52-9x12.jpg 9w, https:\/\/lydenim.com\/wp-content\/uploads\/2025\/08\/c67f8027959b3fdaa5fc2c4a36ea3b52-600x800.jpg 600w, https:\/\/lydenim.com\/wp-content\/uploads\/2025\/08\/c67f8027959b3fdaa5fc2c4a36ea3b52-150x200.jpg 150w\" sizes=\"auto, (max-width: 600px) 100vw, 600px\" \/><p id=\"caption-attachment-6120\" class=\"wp-caption-text\">Vaqueros de mezclilla con orillo<\/p><\/div>\n<h3 dir=\"ltr\"><strong>De la sarga pura a la textura flameada: una revoluci\u00f3n t\u00e1ctil<\/strong><\/h3>\n<p dir=\"ltr\"><strong>Denim cl\u00e1sico con orillo<\/strong> Generalmente se teje en una <strong>sarga suave y uniforme<\/strong>Los fabricantes ahora utilizan <strong>hilos flameados<\/strong>\u2014<strong>hilos desiguales m\u00e1s gruesos<\/strong> que crean <strong>golpes intencionados<\/strong> y <strong>irregularidades<\/strong> en sus productos. El <strong>tela<\/strong> desarrolla una <strong>apariencia artesanal vintage<\/strong> justo despu\u00e9s del primer uso. Acerca de <strong>20%<\/strong> de <strong>mezclilla premium<\/strong> usos actuales <strong>hilos flameados<\/strong>El resultado es un \u201c<strong>sal y pimienta<\/strong>&quot; o <strong>apariencia veteada<\/strong> y <strong>desvanecimiento muy personalizado<\/strong>. De hecho, el <strong>segmentos gruesos<\/strong> de <strong>hilo flameado<\/strong> se desgastan m\u00e1s r\u00e1pido en <strong>zonas de alto estr\u00e9s<\/strong> como el <strong>rodillas<\/strong> y <strong>asiento<\/strong>, produciendo <strong>\u201cbigotes\u201d dram\u00e1ticos<\/strong> y <strong>el panal se desvanece<\/strong> que son <strong>\u00fanico para cada usuario<\/strong>. Como uno <strong>gu\u00eda de mezclilla<\/strong> explica, <strong>mezclilla con orillo con infusi\u00f3n de flameado<\/strong> comienza con un <strong>vetas verticales sutiles<\/strong> y <strong>textura similar al m\u00e1rmol<\/strong>, haciendo el <strong>los desvanecimientos eventuales<\/strong> m\u00e1s <strong>llamativo<\/strong>. El <strong>innovaci\u00f3n t\u00e1ctil<\/strong> trae <strong>durabilidad<\/strong> junto con <strong>estilo vintage<\/strong> Para crear una apariencia que se parezca <strong>vaqueros desgastados<\/strong> desde <strong>f\u00e1brica<\/strong>.<a href=\"https:\/\/lydenim.com\/es\/producto\/773913e-orillo-azul-de-peso-pesado\/\"><img loading=\"lazy\" decoding=\"async\" class=\"aligncenter wp-image-4542\" src=\"https:\/\/lydenim.com\/wp-content\/uploads\/2025\/03\/IMG_6254.jpg\" alt=\"\" width=\"600\" height=\"600\" srcset=\"https:\/\/lydenim.com\/wp-content\/uploads\/2025\/03\/IMG_6254.jpg 2196w, https:\/\/lydenim.com\/wp-content\/uploads\/2025\/03\/IMG_6254-300x300.jpg 300w, https:\/\/lydenim.com\/wp-content\/uploads\/2025\/03\/IMG_6254-1024x1024.jpg 1024w, https:\/\/lydenim.com\/wp-content\/uploads\/2025\/03\/IMG_6254-150x150.jpg 150w, https:\/\/lydenim.com\/wp-content\/uploads\/2025\/03\/IMG_6254-768x768.jpg 768w, https:\/\/lydenim.com\/wp-content\/uploads\/2025\/03\/IMG_6254-1536x1536.jpg 1536w, https:\/\/lydenim.com\/wp-content\/uploads\/2025\/03\/IMG_6254-2048x2048.jpg 2048w, https:\/\/lydenim.com\/wp-content\/uploads\/2025\/03\/IMG_6254-12x12.jpg 12w, https:\/\/lydenim.com\/wp-content\/uploads\/2025\/03\/IMG_6254-600x600.jpg 600w\" sizes=\"auto, (max-width: 600px) 100vw, 600px\" \/><\/a><\/p>\n<h3 dir=\"ltr\"><strong>La revoluci\u00f3n del color: m\u00e1s all\u00e1 del azul y el blanco<\/strong><\/h3>\n<p dir=\"ltr\">Tradicionalmente, <strong>mezclilla con orillo<\/strong> es <strong>\u00edndigo<\/strong> en el exterior con un <strong>respaldo de trama blanca<\/strong>, pero <strong>tendencias modernas<\/strong> han explotado el <strong>paleta de colores<\/strong>Las marcas ahora est\u00e1n tejiendo <strong>negro<\/strong>, <strong>\u00edndigo profundo<\/strong>, <strong>amarillo<\/strong>, y a\u00fan <strong>pastel<\/strong> o <strong>telas con orillo de ne\u00f3n<\/strong>. El <strong>industria de la moda<\/strong> informa que <strong>mezclilla de colores<\/strong> Proporciona a los consumidores una <strong>alternativa de moda<\/strong> a <strong>jeans azules tradicionales<\/strong> Para aquellos que quieren expresar su <strong>estilo personal<\/strong>. Com\u00fan <strong>combinaciones innovadoras<\/strong> incluir:<\/p>\n<ul class=\"tight\" dir=\"ltr\" data-tight=\"true\">\n<li>\n<p dir=\"ltr\"><strong>Negro sobre negro<\/strong>: A <strong>aspecto elegante y minimalista<\/strong> donde incluso el <strong>trama<\/strong> est\u00e1 te\u00f1ido <strong>negro<\/strong>.<a href=\"https:\/\/lydenim.com\/es\/producto\/a7389k-2a-orillo-negro\/\"><img loading=\"lazy\" decoding=\"async\" class=\"aligncenter wp-image-4537\" src=\"https:\/\/lydenim.com\/wp-content\/uploads\/2025\/03\/IMG_6251.jpg\" alt=\"\" width=\"600\" height=\"600\" srcset=\"https:\/\/lydenim.com\/wp-content\/uploads\/2025\/03\/IMG_6251.jpg 2196w, https:\/\/lydenim.com\/wp-content\/uploads\/2025\/03\/IMG_6251-300x300.jpg 300w, https:\/\/lydenim.com\/wp-content\/uploads\/2025\/03\/IMG_6251-1024x1024.jpg 1024w, https:\/\/lydenim.com\/wp-content\/uploads\/2025\/03\/IMG_6251-150x150.jpg 150w, https:\/\/lydenim.com\/wp-content\/uploads\/2025\/03\/IMG_6251-768x768.jpg 768w, https:\/\/lydenim.com\/wp-content\/uploads\/2025\/03\/IMG_6251-1536x1536.jpg 1536w, https:\/\/lydenim.com\/wp-content\/uploads\/2025\/03\/IMG_6251-2048x2048.jpg 2048w, https:\/\/lydenim.com\/wp-content\/uploads\/2025\/03\/IMG_6251-12x12.jpg 12w, https:\/\/lydenim.com\/wp-content\/uploads\/2025\/03\/IMG_6251-600x600.jpg 600w\" sizes=\"auto, (max-width: 600px) 100vw, 600px\" \/><\/a><\/p>\n<\/li>\n<li>\n<p dir=\"ltr\"><strong>\u00cdndigo profundo\/blanco<\/strong>: A <strong>base \u00edndigo rica<\/strong> que se transforma en <strong>blanco brillante<\/strong> A medida que pasa el tiempo para crear <strong>fuerte contraste visual<\/strong>.<img loading=\"lazy\" decoding=\"async\" class=\"aligncenter wp-image-4541\" src=\"https:\/\/lydenim.com\/wp-content\/uploads\/2025\/03\/IMG_6253.jpg\" alt=\"\" width=\"600\" height=\"600\" srcset=\"https:\/\/lydenim.com\/wp-content\/uploads\/2025\/03\/IMG_6253.jpg 2196w, https:\/\/lydenim.com\/wp-content\/uploads\/2025\/03\/IMG_6253-300x300.jpg 300w, https:\/\/lydenim.com\/wp-content\/uploads\/2025\/03\/IMG_6253-1024x1024.jpg 1024w, https:\/\/lydenim.com\/wp-content\/uploads\/2025\/03\/IMG_6253-150x150.jpg 150w, https:\/\/lydenim.com\/wp-content\/uploads\/2025\/03\/IMG_6253-768x768.jpg 768w, https:\/\/lydenim.com\/wp-content\/uploads\/2025\/03\/IMG_6253-1536x1536.jpg 1536w, https:\/\/lydenim.com\/wp-content\/uploads\/2025\/03\/IMG_6253-2048x2048.jpg 2048w, https:\/\/lydenim.com\/wp-content\/uploads\/2025\/03\/IMG_6253-12x12.jpg 12w, https:\/\/lydenim.com\/wp-content\/uploads\/2025\/03\/IMG_6253-600x600.jpg 600w\" sizes=\"auto, (max-width: 600px) 100vw, 600px\" \/><\/p>\n<\/li>\n<li>\n<p dir=\"ltr\"><strong>Amarillo\/blanco<\/strong>: A <strong>tono vibrante y veraniego<\/strong> lo que crea una <strong>fuerte contraste<\/strong> con el <strong>trama blanca<\/strong>.<a href=\"https:\/\/lydenim.com\/es\/producto\/zl4331323-mezclilla-con-orillo\/\"><img loading=\"lazy\" decoding=\"async\" class=\"aligncenter wp-image-4465\" src=\"https:\/\/lydenim.com\/wp-content\/uploads\/2025\/03\/IMG_6169.jpg\" alt=\"\" width=\"600\" height=\"600\" srcset=\"https:\/\/lydenim.com\/wp-content\/uploads\/2025\/03\/IMG_6169.jpg 2196w, https:\/\/lydenim.com\/wp-content\/uploads\/2025\/03\/IMG_6169-300x300.jpg 300w, https:\/\/lydenim.com\/wp-content\/uploads\/2025\/03\/IMG_6169-1024x1024.jpg 1024w, https:\/\/lydenim.com\/wp-content\/uploads\/2025\/03\/IMG_6169-150x150.jpg 150w, https:\/\/lydenim.com\/wp-content\/uploads\/2025\/03\/IMG_6169-768x768.jpg 768w, https:\/\/lydenim.com\/wp-content\/uploads\/2025\/03\/IMG_6169-1536x1536.jpg 1536w, https:\/\/lydenim.com\/wp-content\/uploads\/2025\/03\/IMG_6169-2048x2048.jpg 2048w, https:\/\/lydenim.com\/wp-content\/uploads\/2025\/03\/IMG_6169-12x12.jpg 12w, https:\/\/lydenim.com\/wp-content\/uploads\/2025\/03\/IMG_6169-600x600.jpg 600w\" sizes=\"auto, (max-width: 600px) 100vw, 600px\" \/><\/a><\/p>\n<\/li>\n<\/ul>\n<p dir=\"ltr\"><strong>Demanda<\/strong> para <strong>colores no tradicionales<\/strong> ha aumentado entre <strong>consumidores m\u00e1s j\u00f3venes<\/strong>: muchos <strong>Millennials<\/strong> y <strong>Generaci\u00f3n Z<\/strong> Los compradores ahora prefieren <strong>tonos vibrantes de mezclilla<\/strong> encima <strong>azul cl\u00e1sico<\/strong>. El <strong>nueva paleta de colores<\/strong> no afecta a la <strong>caracter\u00edsticas de desvanecimiento<\/strong> de estos <strong>tejidos de orillo<\/strong>, que mantienen su <strong>potencial de decoloraci\u00f3n del denim crudo<\/strong>. El proceso de <strong>lavado<\/strong> y <strong>usando mezclilla<\/strong> resultados en <strong>p\u00e1tinas distintivas<\/strong> que crean una <strong>din\u00e1mica<\/strong> y <strong>apariencia personal<\/strong> para cada uno <strong>prenda<\/strong>En resumen, <strong>mezclilla con orillo colorido<\/strong> Permite a las personas mostrar su <strong>personalidad<\/strong> manteniendo la <strong>desvanecimientos profundos<\/strong> y <strong>artesan\u00eda<\/strong> eso <strong>orillo<\/strong> es famoso por<\/p>\n<h3 dir=\"ltr\"><strong>Edge Artistry: El rojo no es el \u00fanico color<\/strong><\/h3>\n<p dir=\"ltr\">El <strong>borde del orillo<\/strong>, a lo que la gente com\u00fanmente se refiere como el \u201c<strong>l\u00ednea roja<\/strong>\u201d, sirve como un <strong>indicador de estado tradicional<\/strong>, pero <strong>dise\u00f1adores modernos<\/strong> Ahora \u00fasalo para crear <strong>dise\u00f1os art\u00edsticos<\/strong>. Por ejemplo, <strong>Molinos de cono<\/strong> desarroll\u00f3 una <strong>orillo rojo<\/strong> exclusivamente para <strong>Vaqueros Levi&#039;s 501\u00ae<\/strong> en 1927: una <strong>un solo hilo rojo<\/strong> corriendo por el <strong>borde blanco<\/strong> Para identificar el <strong>tela<\/strong> como <strong>Mezclilla de Levi&#039;s<\/strong>Las marcas han comenzado a utilizar <strong>Identificaciones de orillo coloreado<\/strong> en <strong>negro<\/strong>, <strong>amarillo<\/strong>, <strong>verde<\/strong>, y <strong>rayas de arco\u00edris<\/strong> en la actualidad. Como uno <strong>editora de moda<\/strong> notas, <strong>dise\u00f1adores<\/strong> est\u00e1n usando \u201c<strong>orillo arco\u00edris<\/strong>&quot; y &quot;<strong>orillo en lista roja<\/strong>&quot;bordes como <strong>acentos festivos<\/strong>. El acto de <strong>enrollado de pu\u00f1os<\/strong> revela estos <strong>explosiones de color<\/strong>, lo que hace que el <strong>borde del orillo<\/strong> a <strong>identificador personal \u00fanico<\/strong>. El <strong>acentos fuertes<\/strong> servir a <strong>distinguir marcas<\/strong> mientras se habilita <strong>clientes<\/strong> a <strong>personalizar<\/strong> su <strong>elecciones de moda<\/strong> entre <strong>bordes de orillo negros b\u00e1sicos<\/strong> y <strong>rayas amarillas juguetonas<\/strong>, que crean una <strong>aspecto moderno inconfundible<\/strong>.<a href=\"https:\/\/lydenim.com\/es\/producto\/73817-pulgadas-9-tela-de-orillo\/\"><img loading=\"lazy\" decoding=\"async\" class=\"aligncenter wp-image-4473\" src=\"https:\/\/lydenim.com\/wp-content\/uploads\/2025\/03\/IMG_6181.jpg\" alt=\"\" width=\"600\" height=\"600\" srcset=\"https:\/\/lydenim.com\/wp-content\/uploads\/2025\/03\/IMG_6181.jpg 2196w, https:\/\/lydenim.com\/wp-content\/uploads\/2025\/03\/IMG_6181-300x300.jpg 300w, https:\/\/lydenim.com\/wp-content\/uploads\/2025\/03\/IMG_6181-1024x1024.jpg 1024w, https:\/\/lydenim.com\/wp-content\/uploads\/2025\/03\/IMG_6181-150x150.jpg 150w, https:\/\/lydenim.com\/wp-content\/uploads\/2025\/03\/IMG_6181-768x768.jpg 768w, https:\/\/lydenim.com\/wp-content\/uploads\/2025\/03\/IMG_6181-1536x1536.jpg 1536w, https:\/\/lydenim.com\/wp-content\/uploads\/2025\/03\/IMG_6181-2048x2048.jpg 2048w, https:\/\/lydenim.com\/wp-content\/uploads\/2025\/03\/IMG_6181-12x12.jpg 12w, https:\/\/lydenim.com\/wp-content\/uploads\/2025\/03\/IMG_6181-600x600.jpg 600w\" sizes=\"auto, (max-width: 600px) 100vw, 600px\" \/><\/a><\/p>\n<h3 dir=\"ltr\"><strong>Innovaciones sostenibles en el denim con orillo<\/strong><\/h3>\n<p dir=\"ltr\"><strong>Sostenibilidad<\/strong> se est\u00e1 remodelando <strong>mezclilla con orillo<\/strong>. El <strong>industria textil<\/strong> ha adoptado <strong>algod\u00f3n org\u00e1nico<\/strong>, <strong>fibras recicladas<\/strong>, y <strong>tintes ecol\u00f3gicos innovadores<\/strong> en muchos <strong>molinos<\/strong> disminuir <strong>impacto ambiental<\/strong>. <strong>Marcas<\/strong> que se centran en <strong>sostenibilidad<\/strong> en <strong>producci\u00f3n de mezclilla<\/strong> est\u00e1n atrayendo m\u00e1s <strong>clientes<\/strong>. La implementaci\u00f3n de <strong>nuevo te\u00f1ido<\/strong> y <strong>t\u00e9cnicas de acabado<\/strong> conduce a <strong>conservaci\u00f3n sustancial del agua<\/strong> porque estos m\u00e9todos disminuyen <strong>uso del agua<\/strong> aproximadamente <strong>40%<\/strong> relativo a <strong>m\u00e9todos convencionales<\/strong>. El uso de <strong>l\u00e1seres<\/strong> o <strong>ozono<\/strong> en lugar de <strong>productos qu\u00edmicos agresivos<\/strong> ayuda a <strong>minimizar el consumo de agua<\/strong>. <strong>tintes de origen vegetal<\/strong> y <strong>alternativas naturales al \u00edndigo<\/strong> proporcionar ambos <strong>nuevas opciones de color<\/strong> y <strong>alternativas ecol\u00f3gicas<\/strong>. <strong>Denim de orillo sostenible<\/strong> mantiene lo mismo <strong>apariencia<\/strong> y <strong>durabilidad<\/strong> como <strong>mezclilla tradicional<\/strong> porque requiere <strong>menos agua<\/strong> y <strong>menos productos qu\u00edmicos t\u00f3xicos<\/strong> durante <strong>producci\u00f3n<\/strong>. El moderno <strong>tejido de orillo ecol\u00f3gico<\/strong> La colecci\u00f3n proporciona <strong>tranquilidad de la moda \u00e9tica<\/strong> a <strong>consumidores<\/strong> que valoran <strong>sostenibilidad<\/strong> manteniendo la <strong>durabilidad<\/strong> eso <strong>tela de orillo<\/strong> es conocido por<img loading=\"lazy\" decoding=\"async\" class=\"aligncenter wp-image-4495\" src=\"https:\/\/lydenim.com\/wp-content\/uploads\/2025\/03\/IMG_6206.jpg\" alt=\"\" width=\"600\" height=\"600\" srcset=\"https:\/\/lydenim.com\/wp-content\/uploads\/2025\/03\/IMG_6206.jpg 2196w, https:\/\/lydenim.com\/wp-content\/uploads\/2025\/03\/IMG_6206-300x300.jpg 300w, https:\/\/lydenim.com\/wp-content\/uploads\/2025\/03\/IMG_6206-1024x1024.jpg 1024w, https:\/\/lydenim.com\/wp-content\/uploads\/2025\/03\/IMG_6206-150x150.jpg 150w, https:\/\/lydenim.com\/wp-content\/uploads\/2025\/03\/IMG_6206-768x768.jpg 768w, https:\/\/lydenim.com\/wp-content\/uploads\/2025\/03\/IMG_6206-1536x1536.jpg 1536w, https:\/\/lydenim.com\/wp-content\/uploads\/2025\/03\/IMG_6206-2048x2048.jpg 2048w, https:\/\/lydenim.com\/wp-content\/uploads\/2025\/03\/IMG_6206-12x12.jpg 12w, https:\/\/lydenim.com\/wp-content\/uploads\/2025\/03\/IMG_6206-600x600.jpg 600w\" sizes=\"auto, (max-width: 600px) 100vw, 600px\" \/><\/p>\n<h3 dir=\"ltr\"><strong>Tejidos h\u00edbridos: fusi\u00f3n de tradici\u00f3n e innovaci\u00f3n<\/strong><\/h3>\n<p dir=\"ltr\"><strong>Mezclilla con orillo<\/strong> contiene <strong>tejidos h\u00edbridos<\/strong> que combinan <strong>tela asargada<\/strong> con <strong>espiga<\/strong> o <strong>sarga rota<\/strong> patrones adem\u00e1s de <strong>texturas flameadas<\/strong>. El <strong>patrones detallados<\/strong> crear <strong>inter\u00e9s visual<\/strong> y un <strong>toque suave<\/strong> Lo cual atrae a <strong>consumidores contempor\u00e1neos<\/strong>. El uso de <strong>m\u00faltiples hilos<\/strong> crea <strong>intrincados patrones en zigzag<\/strong> y <strong>l\u00edneas diagonales rotas<\/strong> cual <strong>atraer la mirada<\/strong>. <strong>Entusiastas del denim<\/strong> informe en aumento <strong>demanda<\/strong> para estos <strong>tejidos de orillo h\u00edbridos<\/strong>, ya que mantienen la <strong>fortaleza<\/strong> de <strong>orillo cl\u00e1sico<\/strong> mientras siento <strong>m\u00e1s flexible<\/strong>. <strong>Tejidos h\u00edbridos<\/strong> establecer una <strong>posici\u00f3n en el mercado<\/strong> a trav\u00e9s de su combinaci\u00f3n de <strong>durabilidad<\/strong> con <strong>comodidad<\/strong> y <strong>elementos de dise\u00f1o innovadores<\/strong> que crean <strong>Vaqueros con orillo elegantes y vers\u00e1tiles<\/strong> y <strong>chaquetas<\/strong>.<img loading=\"lazy\" decoding=\"async\" class=\"aligncenter wp-image-5429\" src=\"https:\/\/lydenim.com\/wp-content\/uploads\/2025\/06\/Denim-Quality.jpg\" alt=\"\" width=\"600\" height=\"401\" srcset=\"https:\/\/lydenim.com\/wp-content\/uploads\/2025\/06\/Denim-Quality.jpg 1617w, https:\/\/lydenim.com\/wp-content\/uploads\/2025\/06\/Denim-Quality-300x200.jpg 300w, https:\/\/lydenim.com\/wp-content\/uploads\/2025\/06\/Denim-Quality-1024x684.jpg 1024w, https:\/\/lydenim.com\/wp-content\/uploads\/2025\/06\/Denim-Quality-768x513.jpg 768w, https:\/\/lydenim.com\/wp-content\/uploads\/2025\/06\/Denim-Quality-1536x1026.jpg 1536w, https:\/\/lydenim.com\/wp-content\/uploads\/2025\/06\/Denim-Quality-18x12.jpg 18w, https:\/\/lydenim.com\/wp-content\/uploads\/2025\/06\/Denim-Quality-600x401.jpg 600w, https:\/\/lydenim.com\/wp-content\/uploads\/2025\/06\/Denim-Quality-150x100.jpg 150w\" sizes=\"auto, (max-width: 600px) 100vw, 600px\" \/><\/p>\n<h3 dir=\"ltr\"><strong>Pros y contras del denim con orillo<\/strong><\/h3>\n<h4 dir=\"ltr\"><strong>Ventajas<\/strong><\/h4>\n<ul class=\"tight\" dir=\"ltr\" data-tight=\"true\">\n<li>\n<p dir=\"ltr\"><strong>Durabilidad excepcional<\/strong> (que a menudo duran mucho m\u00e1s que <strong>mezclilla producida en masa<\/strong>).<\/p>\n<\/li>\n<li>\n<p dir=\"ltr\"><strong>Un envejecimiento verdaderamente \u00fanico<\/strong> (<strong>orillo crudo<\/strong> se desarrolla <strong>Desvanecimientos altamente personalizados<\/strong>).<\/p>\n<\/li>\n<li>\n<p dir=\"ltr\"><strong>Gran atractivo artesanal<\/strong>.<\/p>\n<\/li>\n<li>\n<p dir=\"ltr\">Muchos <strong>opciones de orillo<\/strong> Tambi\u00e9n son m\u00e1s <strong>ecol\u00f3gico<\/strong>:por ejemplo, usando <strong>materiales sostenibles<\/strong> y <strong>procesos<\/strong> puede cortar <strong>uso del agua<\/strong> por aproximadamente <strong>40%<\/strong>Estas cualidades hacen <strong>mezclilla con orillo<\/strong> deseable para <strong>consumidores preocupados por la calidad<\/strong>.<\/p>\n<\/li>\n<\/ul>\n<h4 dir=\"ltr\"><strong>Contras<\/strong><\/h4>\n<ul class=\"tight\" dir=\"ltr\" data-tight=\"true\">\n<li>\n<p dir=\"ltr\"><strong>Precio premium<\/strong> \u2013 el costo de <strong>producci\u00f3n en telar de lanzadera<\/strong> y <strong>materiales de primera calidad<\/strong> t\u00edpicamente pone <strong>orillo<\/strong> <strong>15\u201325%<\/strong> arriba <strong>vaqueros est\u00e1ndar<\/strong>.<\/p>\n<\/li>\n<li>\n<p dir=\"ltr\"><strong>Nuevo denim con orillo<\/strong> Tambi\u00e9n puede ser <strong>inicialmente r\u00edgido<\/strong>; el <strong>tela cruda<\/strong> Generalmente necesita <strong>semanas de uso<\/strong> a <strong>ablandar<\/strong> y <strong>adaptarse a tu cuerpo<\/strong>.<\/p>\n<\/li>\n<li>\n<p dir=\"ltr\"><strong>Tejidos con orillo te\u00f1idos de colores vibrantes<\/strong> son menos comunes, por lo que algunos <strong>estilos de color\/borde<\/strong> tal vez <strong>dif\u00edcil de encontrar<\/strong> en <strong>tiendas de mercado masivo<\/strong>.<\/p>\n<\/li>\n<\/ul>\n<h3 dir=\"ltr\"><strong>Conclusi\u00f3n<\/strong><\/h3>\n<p dir=\"ltr\"><strong>Mezclilla con orillo<\/strong> existe como un <strong>desarrollo textil<\/strong> que combina <strong>m\u00e9todos de fabricaci\u00f3n tradicionales<\/strong> con <strong>aspectos de dise\u00f1o moderno<\/strong>. De <strong>hilos texturizados<\/strong> y <strong>nuevos tonos vibrantes<\/strong> a <strong>Identificaciones de orillo en negrita<\/strong> y <strong>materiales ecoconscientes<\/strong>, de hoy <strong>vaqueros con orillo<\/strong> y <strong>chaquetas<\/strong> ir mucho m\u00e1s all\u00e1 de sus <strong>ra\u00edces de la ropa de trabajo<\/strong>. El <strong>mercado de mezclilla premium<\/strong> es <strong>creciente<\/strong>, y estos <strong>estilos revolucionarios<\/strong> asegurarse de que <strong>orillo<\/strong> Sigue siendo un <strong>icono de la moda aut\u00e9ntica y personalizada<\/strong>Abrazando estos <strong>tendencias<\/strong> te permite crear <strong>piezas de mezclilla<\/strong> que son como <strong>vers\u00e1til<\/strong> tal como son <strong>eterno<\/strong> \u2013 tu pr\u00f3ximo <strong>obra maestra del denim<\/strong> est\u00e1 esperando ser <strong>usado en<\/strong>.<\/p>\n<h2 dir=\"ltr\" data-pm-slice=\"1 1 []\">Servicios de personalizaci\u00f3n de LYDENIM<\/h2>\n<p dir=\"ltr\">\u00bfBuscas telas vaqueras premium o prendas vaqueras a medida? LYDENIM ofrece soluciones a medida para dar vida a tu visi\u00f3n creativa con texturas \u00fanicas y de alta calidad.<\/p>\n<p dir=\"ltr\">\ud83c\udfa8 <strong>Telas personalizadas<\/strong>:Descubre nuestra gama premium <strong>orillo<\/strong> Colecci\u00f3n de mezclilla y dise\u00f1a tus propias telas con una variedad de colores, estampados y texturas que se adapten a tu estilo. Explora nuestra oferta en <a href=\"https:\/\/lydenim.com\/es\/?s=Selvedge&amp;post_type=product\">lydenim.com.<\/a><\/p>\n<p dir=\"ltr\">\ud83d\udecd\ufe0f <strong>Ropa personalizada<\/strong>:Crear distintivo <strong>orillo <\/strong>Prendas de mezclilla con nuestros lujosos tejidos, desde c\u00f3modos jeans hasta sofisticadas chaquetas. Elige tus colores y estilos favoritos para personalizarlos. <a href=\"https:\/\/liangyuantextile.m.en.alibaba.com\/search\/product?SearchText=selvedge\">Mialibaba.<\/a><\/p>\n<p dir=\"ltr\">\ud83d\udce9 <strong>Contacto<\/strong>Comun\u00edquese con nuestro equipo en <a href=\"mailto:malone@lydenim.com\">malone@lydenim.com<\/a> para discutir sus ideas sobre telas o prendas de vestir, desde patrones de tejido hasta mezclas ecol\u00f3gicas.<\/p>\n<p dir=\"ltr\">Haga realidad su visi\u00f3n \u00fanica con LYDENIM, su socio de confianza para telas de mezclilla innovadoras y soluciones de indumentaria personalizada.<\/p>","protected":false},"excerpt":{"rendered":"<p>Tiempo estimado de lectura: ~4 minutos \u00bfQu\u00e9 es el denim con orillo? El denim con orillo es el borde de tejido apretado de los jeans premium, a menudo...<\/p>","protected":false},"author":1,"featured_media":6401,"comment_status":"open","ping_status":"open","sticky":false,"template":"","format":"standard","meta":{"two_page_speed":[],"footnotes":""},"categories":[66],"tags":[],"class_list":["post-6136","post","type-post","status-publish","format-standard","has-post-thumbnail","hentry","category-denim-knowledge"],"aioseo_notices":[],"_links":{"self":[{"href":"https:\/\/lydenim.com\/es\/wp-json\/wp\/v2\/posts\/6136","targetHints":{"allow":["GET"]}}],"collection":[{"href":"https:\/\/lydenim.com\/es\/wp-json\/wp\/v2\/posts"}],"about":[{"href":"https:\/\/lydenim.com\/es\/wp-json\/wp\/v2\/types\/post"}],"author":[{"embeddable":true,"href":"https:\/\/lydenim.com\/es\/wp-json\/wp\/v2\/users\/1"}],"replies":[{"embeddable":true,"href":"https:\/\/lydenim.com\/es\/wp-json\/wp\/v2\/comments?post=6136"}],"version-history":[{"count":2,"href":"https:\/\/lydenim.com\/es\/wp-json\/wp\/v2\/posts\/6136\/revisions"}],"predecessor-version":[{"id":6400,"href":"https:\/\/lydenim.com\/es\/wp-json\/wp\/v2\/posts\/6136\/revisions\/6400"}],"wp:featuredmedia":[{"embeddable":true,"href":"https:\/\/lydenim.com\/es\/wp-json\/wp\/v2\/media\/6401"}],"wp:attachment":[{"href":"https:\/\/lydenim.com\/es\/wp-json\/wp\/v2\/media?parent=6136"}],"wp:term":[{"taxonomy":"category","embeddable":true,"href":"https:\/\/lydenim.com\/es\/wp-json\/wp\/v2\/categories?post=6136"},{"taxonomy":"post_tag","embeddable":true,"href":"https:\/\/lydenim.com\/es\/wp-json\/wp\/v2\/tags?post=6136"}],"curies":[{"name":"wp","href":"https:\/\/api.w.org\/{rel}","templated":true}]}}