{"id":6224,"date":"2025-09-11T11:54:27","date_gmt":"2025-09-11T03:54:27","guid":{"rendered":"https:\/\/lydenim.com\/?p=6224"},"modified":"2025-09-11T11:54:27","modified_gmt":"2025-09-11T03:54:27","slug":"what-is-denim-a-complete-guide","status":"publish","type":"post","link":"https:\/\/lydenim.com\/es\/que-es-el-denim-una-guia-completa\/","title":{"rendered":"\u00bfQu\u00e9 es el denim?: una gu\u00eda completa"},"content":{"rendered":"<h3 dir=\"auto\" style=\"text-align: center;\">Tabla de contenido<\/h3>\n<ol dir=\"auto\">\n<li style=\"text-align: center;\"><strong>Introducci\u00f3n al denim<\/strong><\/li>\n<li style=\"text-align: center;\"><strong>Or\u00edgenes y evoluci\u00f3n del denim<\/strong><\/li>\n<li style=\"text-align: center;\"><strong>Materiales y t\u00e9cnicas de tejido<\/strong><\/li>\n<li style=\"text-align: center;\"><strong>Principales tipos de mezclilla<\/strong><\/li>\n<li style=\"text-align: center;\"><strong>Ventajas y desventajas del denim<\/strong><\/li>\n<li style=\"text-align: center;\"><strong>Cuidado y mantenimiento de la mezclilla<\/strong><\/li>\n<li style=\"text-align: center;\"><strong>Consejos para prevenir el encogimiento de la mezclilla<\/strong><\/li>\n<li style=\"text-align: center;\"><strong>Conclusi\u00f3n<\/strong><\/li>\n<\/ol>\n<hr \/>\n<h3 dir=\"auto\">1. Introducci\u00f3n al denim<\/h3>\n<p dir=\"auto\"><strong>Dril<\/strong> es un robusto <strong>tela de sarga de algod\u00f3n<\/strong>, ic\u00f3nico por su uso en <strong>vaqueros<\/strong>Tejido en un <strong>tejido de sarga 3\/1<\/strong>, presenta hilos de urdimbre te\u00f1idos con \u00edndigo sobre hilos de trama sin te\u00f1ir, creando el cl\u00e1sico <strong>contraste azul y blanco<\/strong>Esta estructura hace que el denim <strong>desvanecerse naturalmente<\/strong>, desarrollando patrones \u00fanicos en \u00e1reas de alto desgaste, haciendo que cada pieza sea distinta.<\/p>\n<div id=\"attachment_6449\" style=\"width: 610px\" class=\"wp-caption aligncenter\"><img loading=\"lazy\" decoding=\"async\" aria-describedby=\"caption-attachment-6449\" class=\"wp-image-6449\" src=\"https:\/\/lydenim.com\/wp-content\/uploads\/2025\/08\/5dee0fd1422e7c39888f1a415f117dfd.jpg\" alt=\"\" width=\"600\" height=\"750\" srcset=\"https:\/\/lydenim.com\/wp-content\/uploads\/2025\/08\/5dee0fd1422e7c39888f1a415f117dfd.jpg 971w, https:\/\/lydenim.com\/wp-content\/uploads\/2025\/08\/5dee0fd1422e7c39888f1a415f117dfd-240x300.jpg 240w, https:\/\/lydenim.com\/wp-content\/uploads\/2025\/08\/5dee0fd1422e7c39888f1a415f117dfd-819x1024.jpg 819w, https:\/\/lydenim.com\/wp-content\/uploads\/2025\/08\/5dee0fd1422e7c39888f1a415f117dfd-768x960.jpg 768w, https:\/\/lydenim.com\/wp-content\/uploads\/2025\/08\/5dee0fd1422e7c39888f1a415f117dfd-10x12.jpg 10w, https:\/\/lydenim.com\/wp-content\/uploads\/2025\/08\/5dee0fd1422e7c39888f1a415f117dfd-600x750.jpg 600w, https:\/\/lydenim.com\/wp-content\/uploads\/2025\/08\/5dee0fd1422e7c39888f1a415f117dfd-150x188.jpg 150w\" sizes=\"auto, (max-width: 600px) 100vw, 600px\" \/><p id=\"caption-attachment-6449\" class=\"wp-caption-text\">Dril<\/p><\/div>\n<h3 dir=\"auto\">2. Or\u00edgenes y evoluci\u00f3n del denim<\/h3>\n<p dir=\"auto\">Originario de mediados del siglo XIX en Estados Unidos, <strong>dril<\/strong> Fue elaborado para <strong>ropa de trabajo<\/strong>, al servicio de mineros y obreros por su <strong>durabilidad<\/strong>En el siglo XX, se convirti\u00f3 en una piedra angular de <strong>cultura americana<\/strong>, popularizado a trav\u00e9s de im\u00e1genes de vaqueros y Hollywood. Hoy, <strong>dril<\/strong> trasciende <strong>vaqueros<\/strong>Aparece en chaquetas, faldas y textiles para el hogar, simbolizando rebeld\u00eda y estilo. M\u00e1s informaci\u00f3n en <a href=\"https:\/\/lydenim.com\/es\/\" target=\"_blank\" rel=\"noopener noreferrer nofollow\">El blog de LYDenim sobre tejidos denim<\/a>.<\/p>\n<div id=\"attachment_6454\" style=\"width: 610px\" class=\"wp-caption aligncenter\"><img loading=\"lazy\" decoding=\"async\" aria-describedby=\"caption-attachment-6454\" class=\"wp-image-6454\" src=\"https:\/\/lydenim.com\/wp-content\/uploads\/2025\/08\/49d5ee553d79a7db5be505302f7bc359.jpg\" alt=\"\" width=\"600\" height=\"750\" srcset=\"https:\/\/lydenim.com\/wp-content\/uploads\/2025\/08\/49d5ee553d79a7db5be505302f7bc359.jpg 1167w, https:\/\/lydenim.com\/wp-content\/uploads\/2025\/08\/49d5ee553d79a7db5be505302f7bc359-240x300.jpg 240w, https:\/\/lydenim.com\/wp-content\/uploads\/2025\/08\/49d5ee553d79a7db5be505302f7bc359-819x1024.jpg 819w, https:\/\/lydenim.com\/wp-content\/uploads\/2025\/08\/49d5ee553d79a7db5be505302f7bc359-768x960.jpg 768w, https:\/\/lydenim.com\/wp-content\/uploads\/2025\/08\/49d5ee553d79a7db5be505302f7bc359-10x12.jpg 10w, https:\/\/lydenim.com\/wp-content\/uploads\/2025\/08\/49d5ee553d79a7db5be505302f7bc359-600x750.jpg 600w, https:\/\/lydenim.com\/wp-content\/uploads\/2025\/08\/49d5ee553d79a7db5be505302f7bc359-150x188.jpg 150w\" sizes=\"auto, (max-width: 600px) 100vw, 600px\" \/><p id=\"caption-attachment-6454\" class=\"wp-caption-text\">Evoluci\u00f3n del denim<\/p><\/div>\n<h3 dir=\"auto\">3. Materiales y t\u00e9cnicas de tejido<\/h3>\n<p dir=\"auto\"><strong>Dril<\/strong> Est\u00e1 hecho principalmente de <strong>algod\u00f3n<\/strong>, ofreciendo transpirabilidad y comodidad. Su <strong>estructuras de tejido<\/strong> definir su textura y apariencia. Seg\u00fan <a href=\"https:\/\/lydenim.com\/es\/comprension-de-las-texturas-superficiales-de-la-tela-de-mezclilla-y-las-estructuras-del-tejido-decodificadas\/\" target=\"_blank\" rel=\"noopener noreferrer nofollow\">Gu\u00eda de tejido de LYDenim<\/a>Los tipos de claves incluyen:<\/p>\n<ul dir=\"auto\">\n<li><strong>Sarga derecha<\/strong>:Com\u00fan, con crestas diagonales; se siente r\u00edgido.\n<p><div id=\"attachment_6455\" style=\"width: 610px\" class=\"wp-caption aligncenter\"><img loading=\"lazy\" decoding=\"async\" aria-describedby=\"caption-attachment-6455\" class=\"wp-image-6455\" src=\"https:\/\/lydenim.com\/wp-content\/uploads\/2025\/08\/758825bff7d1ad935e374c53234bb6d8.jpg\" alt=\"\" width=\"600\" height=\"750\" srcset=\"https:\/\/lydenim.com\/wp-content\/uploads\/2025\/08\/758825bff7d1ad935e374c53234bb6d8.jpg 985w, https:\/\/lydenim.com\/wp-content\/uploads\/2025\/08\/758825bff7d1ad935e374c53234bb6d8-240x300.jpg 240w, https:\/\/lydenim.com\/wp-content\/uploads\/2025\/08\/758825bff7d1ad935e374c53234bb6d8-819x1024.jpg 819w, https:\/\/lydenim.com\/wp-content\/uploads\/2025\/08\/758825bff7d1ad935e374c53234bb6d8-768x960.jpg 768w, https:\/\/lydenim.com\/wp-content\/uploads\/2025\/08\/758825bff7d1ad935e374c53234bb6d8-10x12.jpg 10w, https:\/\/lydenim.com\/wp-content\/uploads\/2025\/08\/758825bff7d1ad935e374c53234bb6d8-600x750.jpg 600w, https:\/\/lydenim.com\/wp-content\/uploads\/2025\/08\/758825bff7d1ad935e374c53234bb6d8-150x187.jpg 150w\" sizes=\"auto, (max-width: 600px) 100vw, 600px\" \/><p id=\"caption-attachment-6455\" class=\"wp-caption-text\">Sarga derecha<\/p><\/div><\/li>\n<li><strong>Sarga izquierda<\/strong>:M\u00e1s suave, con desvanecimiento m\u00e1s uniforme.\n<p><div id=\"attachment_6451\" style=\"width: 610px\" class=\"wp-caption aligncenter\"><img loading=\"lazy\" decoding=\"async\" aria-describedby=\"caption-attachment-6451\" class=\"wp-image-6451\" src=\"https:\/\/lydenim.com\/wp-content\/uploads\/2025\/08\/8bb17324b8ae85ede6f5c3fd8321ec36.jpg\" alt=\"\" width=\"600\" height=\"750\" srcset=\"https:\/\/lydenim.com\/wp-content\/uploads\/2025\/08\/8bb17324b8ae85ede6f5c3fd8321ec36.jpg 988w, https:\/\/lydenim.com\/wp-content\/uploads\/2025\/08\/8bb17324b8ae85ede6f5c3fd8321ec36-240x300.jpg 240w, https:\/\/lydenim.com\/wp-content\/uploads\/2025\/08\/8bb17324b8ae85ede6f5c3fd8321ec36-819x1024.jpg 819w, https:\/\/lydenim.com\/wp-content\/uploads\/2025\/08\/8bb17324b8ae85ede6f5c3fd8321ec36-768x960.jpg 768w, https:\/\/lydenim.com\/wp-content\/uploads\/2025\/08\/8bb17324b8ae85ede6f5c3fd8321ec36-10x12.jpg 10w, https:\/\/lydenim.com\/wp-content\/uploads\/2025\/08\/8bb17324b8ae85ede6f5c3fd8321ec36-600x750.jpg 600w, https:\/\/lydenim.com\/wp-content\/uploads\/2025\/08\/8bb17324b8ae85ede6f5c3fd8321ec36-150x188.jpg 150w\" sizes=\"auto, (max-width: 600px) 100vw, 600px\" \/><p id=\"caption-attachment-6451\" class=\"wp-caption-text\">Sarga izquierda<\/p><\/div><\/li>\n<li><strong>Sarga rota<\/strong>:Patr\u00f3n en zigzag que reduce la torsi\u00f3n de la tela.\n<p><div id=\"attachment_6458\" style=\"width: 610px\" class=\"wp-caption aligncenter\"><img loading=\"lazy\" decoding=\"async\" aria-describedby=\"caption-attachment-6458\" class=\"wp-image-6458\" src=\"https:\/\/lydenim.com\/wp-content\/uploads\/2025\/08\/de00e9009fa67cebcfe6880ee36461b7.jpg\" alt=\"\" width=\"600\" height=\"750\" srcset=\"https:\/\/lydenim.com\/wp-content\/uploads\/2025\/08\/de00e9009fa67cebcfe6880ee36461b7.jpg 830w, https:\/\/lydenim.com\/wp-content\/uploads\/2025\/08\/de00e9009fa67cebcfe6880ee36461b7-240x300.jpg 240w, https:\/\/lydenim.com\/wp-content\/uploads\/2025\/08\/de00e9009fa67cebcfe6880ee36461b7-820x1024.jpg 820w, https:\/\/lydenim.com\/wp-content\/uploads\/2025\/08\/de00e9009fa67cebcfe6880ee36461b7-768x960.jpg 768w, https:\/\/lydenim.com\/wp-content\/uploads\/2025\/08\/de00e9009fa67cebcfe6880ee36461b7-10x12.jpg 10w, https:\/\/lydenim.com\/wp-content\/uploads\/2025\/08\/de00e9009fa67cebcfe6880ee36461b7-600x750.jpg 600w, https:\/\/lydenim.com\/wp-content\/uploads\/2025\/08\/de00e9009fa67cebcfe6880ee36461b7-150x187.jpg 150w\" sizes=\"auto, (max-width: 600px) 100vw, 600px\" \/><p id=\"caption-attachment-6458\" class=\"wp-caption-text\">Sarga rota<\/p><\/div><\/li>\n<\/ul>\n<h3 dir=\"auto\">4. Tipos principales de mezclilla<\/h3>\n<p dir=\"auto\">Moderno <strong>dril<\/strong> Var\u00eda para adaptarse a diversas necesidades:<\/p>\n<ul dir=\"auto\">\n<li><strong>Denim cl\u00e1sico<\/strong>:Pesado, duradero; ideal para <strong>vaqueros<\/strong> y chaquetas.<\/li>\n<li><strong>Mezclilla el\u00e1stica<\/strong>:Algod\u00f3n mezclado con elastano para mayor flexibilidad; utilizado en <strong>vaqueros ajustados<\/strong>.\n<p><div id=\"attachment_5605\" style=\"width: 610px\" class=\"wp-caption aligncenter\"><img loading=\"lazy\" decoding=\"async\" aria-describedby=\"caption-attachment-5605\" class=\"size-full wp-image-5605\" src=\"https:\/\/lydenim.com\/wp-content\/uploads\/2025\/06\/Denim-Stretch-.jpg\" alt=\"\" width=\"600\" height=\"800\" srcset=\"https:\/\/lydenim.com\/wp-content\/uploads\/2025\/06\/Denim-Stretch-.jpg 600w, https:\/\/lydenim.com\/wp-content\/uploads\/2025\/06\/Denim-Stretch--225x300.jpg 225w, https:\/\/lydenim.com\/wp-content\/uploads\/2025\/06\/Denim-Stretch--9x12.jpg 9w, https:\/\/lydenim.com\/wp-content\/uploads\/2025\/06\/Denim-Stretch--150x200.jpg 150w\" sizes=\"auto, (max-width: 600px) 100vw, 600px\" \/><p id=\"caption-attachment-5605\" class=\"wp-caption-text\">Denim Stretch<\/p><\/div><\/li>\n<li><strong>Chambray<\/strong>:Ligero, perfecto para camisas y ropa de verano.\n<p><div id=\"attachment_5619\" style=\"width: 610px\" class=\"wp-caption aligncenter\"><img loading=\"lazy\" decoding=\"async\" aria-describedby=\"caption-attachment-5619\" class=\"wp-image-5619\" src=\"https:\/\/lydenim.com\/wp-content\/uploads\/2025\/06\/DM_20250628035851_001.jpg\" alt=\"\" width=\"600\" height=\"600\" srcset=\"https:\/\/lydenim.com\/wp-content\/uploads\/2025\/06\/DM_20250628035851_001.jpg 2133w, https:\/\/lydenim.com\/wp-content\/uploads\/2025\/06\/DM_20250628035851_001-300x300.jpg 300w, https:\/\/lydenim.com\/wp-content\/uploads\/2025\/06\/DM_20250628035851_001-1024x1024.jpg 1024w, https:\/\/lydenim.com\/wp-content\/uploads\/2025\/06\/DM_20250628035851_001-150x150.jpg 150w, https:\/\/lydenim.com\/wp-content\/uploads\/2025\/06\/DM_20250628035851_001-768x768.jpg 768w, https:\/\/lydenim.com\/wp-content\/uploads\/2025\/06\/DM_20250628035851_001-1536x1536.jpg 1536w, https:\/\/lydenim.com\/wp-content\/uploads\/2025\/06\/DM_20250628035851_001-2048x2048.jpg 2048w, https:\/\/lydenim.com\/wp-content\/uploads\/2025\/06\/DM_20250628035851_001-12x12.jpg 12w, https:\/\/lydenim.com\/wp-content\/uploads\/2025\/06\/DM_20250628035851_001-600x600.jpg 600w\" sizes=\"auto, (max-width: 600px) 100vw, 600px\" \/><p id=\"caption-attachment-5619\" class=\"wp-caption-text\">Camisa de Chambray<\/p><\/div><\/li>\n<li><strong>Mezclilla cruda<\/strong>:Sin lavar, r\u00edgido; valorado por su <strong>desvanecimiento \u00fanico<\/strong> con el tiempo.\n<p><div id=\"attachment_6456\" style=\"width: 610px\" class=\"wp-caption aligncenter\"><img loading=\"lazy\" decoding=\"async\" aria-describedby=\"caption-attachment-6456\" class=\"wp-image-6456\" src=\"https:\/\/lydenim.com\/wp-content\/uploads\/2025\/08\/ac5847fe716e71f0df16b2e38405c99a.jpg\" alt=\"\" width=\"600\" height=\"750\" srcset=\"https:\/\/lydenim.com\/wp-content\/uploads\/2025\/08\/ac5847fe716e71f0df16b2e38405c99a.jpg 944w, https:\/\/lydenim.com\/wp-content\/uploads\/2025\/08\/ac5847fe716e71f0df16b2e38405c99a-240x300.jpg 240w, https:\/\/lydenim.com\/wp-content\/uploads\/2025\/08\/ac5847fe716e71f0df16b2e38405c99a-819x1024.jpg 819w, https:\/\/lydenim.com\/wp-content\/uploads\/2025\/08\/ac5847fe716e71f0df16b2e38405c99a-768x960.jpg 768w, https:\/\/lydenim.com\/wp-content\/uploads\/2025\/08\/ac5847fe716e71f0df16b2e38405c99a-10x12.jpg 10w, https:\/\/lydenim.com\/wp-content\/uploads\/2025\/08\/ac5847fe716e71f0df16b2e38405c99a-600x750.jpg 600w, https:\/\/lydenim.com\/wp-content\/uploads\/2025\/08\/ac5847fe716e71f0df16b2e38405c99a-150x188.jpg 150w\" sizes=\"auto, (max-width: 600px) 100vw, 600px\" \/><p id=\"caption-attachment-6456\" class=\"wp-caption-text\">Tipos de mezclilla<\/p><\/div><\/li>\n<\/ul>\n<h3 dir=\"auto\">5. Ventajas y desventajas del denim<\/h3>\n<p dir=\"auto\"><strong>Ventajas<\/strong>:<\/p>\n<ul dir=\"auto\">\n<li><strong>Durabilidad<\/strong>:El tejido de sarga garantiza resistencia.<\/li>\n<li><strong>Versatilidad<\/strong>:Se adapta a estilos casuales y formales.<\/li>\n<li><strong>Envejecimiento \u00fanico<\/strong>:Los desvanecimientos crean patrones personalizados.<\/li>\n<\/ul>\n<p dir=\"auto\"><strong>Contras<\/strong>:<\/p>\n<ul dir=\"auto\">\n<li><strong>Contracci\u00f3n<\/strong>:La tela de mezclilla de algod\u00f3n puede encogerse despu\u00e9s del lavado.<\/li>\n<li><strong>Desvanecimiento del color<\/strong>:El tinte \u00edndigo se desti\u00f1e f\u00e1cilmente.<\/li>\n<li><strong>Peso<\/strong>:El denim grueso puede resultar inc\u00f3modo cuando hace calor.<\/li>\n<\/ul>\n<p dir=\"auto\">Explora m\u00e1s en <a href=\"https:\/\/lydenim.com\/es\/guia-de-ventajas-y-desventajas-de-los-tejidos-mas-comunes\/\" target=\"_blank\" rel=\"noopener noreferrer nofollow\">Gu\u00eda de ventajas y desventajas de las telas de LYDenim<\/a>.<\/p>\n<div id=\"attachment_6452\" style=\"width: 610px\" class=\"wp-caption aligncenter\"><img loading=\"lazy\" decoding=\"async\" aria-describedby=\"caption-attachment-6452\" class=\"wp-image-6452\" src=\"https:\/\/lydenim.com\/wp-content\/uploads\/2025\/08\/09e0fc47fa479495e288ce5c281d9db6.jpg\" alt=\"\" width=\"600\" height=\"800\" srcset=\"https:\/\/lydenim.com\/wp-content\/uploads\/2025\/08\/09e0fc47fa479495e288ce5c281d9db6.jpg 1172w, https:\/\/lydenim.com\/wp-content\/uploads\/2025\/08\/09e0fc47fa479495e288ce5c281d9db6-225x300.jpg 225w, https:\/\/lydenim.com\/wp-content\/uploads\/2025\/08\/09e0fc47fa479495e288ce5c281d9db6-768x1024.jpg 768w, https:\/\/lydenim.com\/wp-content\/uploads\/2025\/08\/09e0fc47fa479495e288ce5c281d9db6-1152x1536.jpg 1152w, https:\/\/lydenim.com\/wp-content\/uploads\/2025\/08\/09e0fc47fa479495e288ce5c281d9db6-9x12.jpg 9w, https:\/\/lydenim.com\/wp-content\/uploads\/2025\/08\/09e0fc47fa479495e288ce5c281d9db6-600x800.jpg 600w, https:\/\/lydenim.com\/wp-content\/uploads\/2025\/08\/09e0fc47fa479495e288ce5c281d9db6-150x200.jpg 150w\" sizes=\"auto, (max-width: 600px) 100vw, 600px\" \/><p id=\"caption-attachment-6452\" class=\"wp-caption-text\">Ventajas y desventajas del denim<\/p><\/div>\n<h3 dir=\"auto\">6. Cuidado y mantenimiento de la mezclilla<\/h3>\n<p dir=\"auto\">El cuidado adecuado se extiende <strong>dril<\/strong>Vida \u00fatil de:<\/p>\n<ul dir=\"auto\">\n<li>Lavar con moderaci\u00f3n para conservar <strong>color<\/strong> y estructura.<\/li>\n<li>Utilice agua fr\u00eda (30\u00b0C\u201340\u00b0C) para minimizar <strong>contracci\u00f3n<\/strong>.<\/li>\n<li>Doblar <strong>vaqueros<\/strong> Del rev\u00e9s para reducir la decoloraci\u00f3n.<\/li>\n<li>Secar al aire, evitando la luz solar directa o secadoras.\n<p><div id=\"attachment_6459\" style=\"width: 610px\" class=\"wp-caption aligncenter\"><img loading=\"lazy\" decoding=\"async\" aria-describedby=\"caption-attachment-6459\" class=\"wp-image-6459\" src=\"https:\/\/lydenim.com\/wp-content\/uploads\/2025\/08\/\u725b\u4ed4\u517b\u62a4.jpg\" alt=\"\" width=\"600\" height=\"900\" srcset=\"https:\/\/lydenim.com\/wp-content\/uploads\/2025\/08\/\u725b\u4ed4\u517b\u62a4.jpg 683w, https:\/\/lydenim.com\/wp-content\/uploads\/2025\/08\/\u725b\u4ed4\u517b\u62a4-200x300.jpg 200w, https:\/\/lydenim.com\/wp-content\/uploads\/2025\/08\/\u725b\u4ed4\u517b\u62a4-8x12.jpg 8w, https:\/\/lydenim.com\/wp-content\/uploads\/2025\/08\/\u725b\u4ed4\u517b\u62a4-600x900.jpg 600w, https:\/\/lydenim.com\/wp-content\/uploads\/2025\/08\/\u725b\u4ed4\u517b\u62a4-150x225.jpg 150w\" sizes=\"auto, (max-width: 600px) 100vw, 600px\" \/><p id=\"caption-attachment-6459\" class=\"wp-caption-text\">Cuidado y mantenimiento de la mezclilla<\/p><\/div><\/li>\n<\/ul>\n<h3 dir=\"auto\">7. Consejos para prevenir el encogimiento de la mezclilla<\/h3>\n<p dir=\"auto\"><strong>Mezclilla cruda<\/strong> puede encogerse <strong>5%\u201310%<\/strong> despu\u00e9s del lavado, por <a href=\"https:\/\/lydenim.com\/es\/encogimiento-de-la-tela-como-prevenirlo\/\" target=\"_blank\" rel=\"noopener noreferrer nofollow\">Gu\u00eda de encogimiento de LYDenim<\/a>Para minimizar esto:<\/p>\n<ul dir=\"auto\">\n<li>Optar por <strong>mezclilla sanforizada<\/strong> (preencogido, contracci\u00f3n inferior a 3%).<\/li>\n<li>Lavar con agua fr\u00eda, evitando ciclos calientes.<\/li>\n<li>Colgar para secar para mantener el ajuste y la estructura.<img loading=\"lazy\" decoding=\"async\" class=\"aligncenter wp-image-3779\" src=\"https:\/\/lydenim.com\/wp-content\/uploads\/2025\/02\/b5f7329023ab2999562048f6a3dbbb5f-e1741494133971.png\" alt=\"\" width=\"600\" height=\"802\" srcset=\"https:\/\/lydenim.com\/wp-content\/uploads\/2025\/02\/b5f7329023ab2999562048f6a3dbbb5f-e1741494133971.png 598w, https:\/\/lydenim.com\/wp-content\/uploads\/2025\/02\/b5f7329023ab2999562048f6a3dbbb5f-e1741494133971-225x300.png 225w, https:\/\/lydenim.com\/wp-content\/uploads\/2025\/02\/b5f7329023ab2999562048f6a3dbbb5f-e1741494133971-9x12.png 9w, https:\/\/lydenim.com\/wp-content\/uploads\/2025\/02\/b5f7329023ab2999562048f6a3dbbb5f-e1741494133971-150x200.png 150w\" sizes=\"auto, (max-width: 600px) 100vw, 600px\" \/><\/li>\n<\/ul>\n<h3 dir=\"auto\">8. Conclusi\u00f3n<\/h3>\n<p dir=\"auto\"><strong>Dril<\/strong> es atemporal <strong>tela<\/strong>, evolucionando desde <strong>ropa de trabajo<\/strong> a un elemento b\u00e1sico de la moda mundial. Entendiendo su <strong>tejidos<\/strong>, tipos, cuidados y <strong>soluciones de contracci\u00f3n<\/strong> Permite a los consumidores y dise\u00f1adores tomar mejores decisiones. Profundice en <strong>dril<\/strong> en <a href=\"https:\/\/lydenim.com\/es\/\" target=\"_blank\" rel=\"noopener noreferrer nofollow\">El blog de LYDenim<\/a>.<\/p>","protected":false},"excerpt":{"rendered":"<p>\u00cdndice Introducci\u00f3n al denim Or\u00edgenes y evoluci\u00f3n del denim Materiales y t\u00e9cnicas de tejido Principales tipos de denim Ventajas<\/p>","protected":false},"author":1,"featured_media":6460,"comment_status":"open","ping_status":"open","sticky":false,"template":"","format":"standard","meta":{"two_page_speed":[],"footnotes":""},"categories":[66],"tags":[],"class_list":["post-6224","post","type-post","status-publish","format-standard","has-post-thumbnail","hentry","category-denim-knowledge"],"aioseo_notices":[],"_links":{"self":[{"href":"https:\/\/lydenim.com\/es\/wp-json\/wp\/v2\/posts\/6224","targetHints":{"allow":["GET"]}}],"collection":[{"href":"https:\/\/lydenim.com\/es\/wp-json\/wp\/v2\/posts"}],"about":[{"href":"https:\/\/lydenim.com\/es\/wp-json\/wp\/v2\/types\/post"}],"author":[{"embeddable":true,"href":"https:\/\/lydenim.com\/es\/wp-json\/wp\/v2\/users\/1"}],"replies":[{"embeddable":true,"href":"https:\/\/lydenim.com\/es\/wp-json\/wp\/v2\/comments?post=6224"}],"version-history":[{"count":3,"href":"https:\/\/lydenim.com\/es\/wp-json\/wp\/v2\/posts\/6224\/revisions"}],"predecessor-version":[{"id":6537,"href":"https:\/\/lydenim.com\/es\/wp-json\/wp\/v2\/posts\/6224\/revisions\/6537"}],"wp:featuredmedia":[{"embeddable":true,"href":"https:\/\/lydenim.com\/es\/wp-json\/wp\/v2\/media\/6460"}],"wp:attachment":[{"href":"https:\/\/lydenim.com\/es\/wp-json\/wp\/v2\/media?parent=6224"}],"wp:term":[{"taxonomy":"category","embeddable":true,"href":"https:\/\/lydenim.com\/es\/wp-json\/wp\/v2\/categories?post=6224"},{"taxonomy":"post_tag","embeddable":true,"href":"https:\/\/lydenim.com\/es\/wp-json\/wp\/v2\/tags?post=6224"}],"curies":[{"name":"wp","href":"https:\/\/api.w.org\/{rel}","templated":true}]}}