{"id":6403,"date":"2025-08-31T13:03:35","date_gmt":"2025-08-31T05:03:35","guid":{"rendered":"https:\/\/lydenim.com\/?p=6403"},"modified":"2025-08-31T13:03:35","modified_gmt":"2025-08-31T05:03:35","slug":"what-is-selvedge-denim-7-essential-facts","status":"publish","type":"post","link":"https:\/\/lydenim.com\/es\/que-es-el-denim-con-orillo-7-datos-esenciales\/","title":{"rendered":"\u00bfQu\u00e9 es el denim con orillo? 7 datos esenciales"},"content":{"rendered":"<h2>Tiempo estimado de lectura: ~4 minutos<\/h2>\n<h2>Introducci\u00f3n<\/h2>\n<p>Las personas que son nuevas en el mundo de los jeans premium suelen preguntar: <strong>\u00bfQu\u00e9 hace que el denim con orillo sea especial?<\/strong>El denim con orillo ha ganado una gran popularidad entre los aficionados a la moda y los aficionados al denim porque ofrece <strong>calidad de tela superior<\/strong> Combinado con caracter\u00edsticas espec\u00edficas. El denim con orillo o orillo se refiere a la tela de mezclilla tejida en telares tradicionales de lanzadera que crea <strong>bordes naturales<\/strong> que evitan el deshilachado. La mezclilla con orillo se diferencia de la mezclilla est\u00e1ndar fabricada con telares de proyectiles modernos porque produce una <strong>tela m\u00e1s densa<\/strong> Que dura m\u00e1s y produce patrones de decoloraci\u00f3n espec\u00edficos. La tela desarrolla patrones de uso \u00fanicos y personales que realzan su valor est\u00e9tico. Esta gu\u00eda examina los or\u00edgenes y beneficios de la mezclilla con orillo, junto con instrucciones de cuidado basadas en Heddels y Levi&#039;s. La empresa LY Denim es un proveedor l\u00edder de telas con orillo de alta calidad gracias a sus m\u00e1s de veinte a\u00f1os de experiencia. Conocer el significado de la mezclilla con orillo enriquecer\u00e1 tu guardarropa, tanto si compras tus primeros jeans como si deseas profundizar en su conocimiento.<\/p>\n<h2>\u00bfQu\u00e9 es el denim con orillo?<\/h2>\n<p>El denim con orillo se erige como un concepto fundamental del denim que la gente deber\u00eda comprender. El t\u00e9rmino <strong>&quot;orillo&quot;<\/strong> se origina de <strong>\u201cauto-borde\u201d<\/strong> lo que indica cu\u00e1n firmemente se mantienen los bordes de la tela tejida en su lugar sin deshilacharse. El denim con orillo contiene un <strong>franja roja distintiva<\/strong> que funciona como indicador de autenticidad para marcas como Levi&#039;s. Tradicional <strong>telares lanzadera<\/strong> Fabricar mezclilla con orillo tejiendo continuamente hilos de trama de ida y vuelta, lo que da como resultado rollos de tela m\u00e1s estrechos que llegan hasta la tela. <strong>30 pulgadas de ancho.<\/strong> El proceso de fabricaci\u00f3n del denim sin orillo se diferencia del denim con orillo porque utiliza un tejido m\u00e1s ancho. <strong>telares de proyectiles<\/strong> que necesitan dobladillo para evitar que se deshilachen.<\/p>\n<div id=\"attachment_6473\" style=\"width: 610px\" class=\"wp-caption aligncenter\"><img loading=\"lazy\" decoding=\"async\" aria-describedby=\"caption-attachment-6473\" class=\"wp-image-6473\" src=\"https:\/\/lydenim.com\/wp-content\/uploads\/2025\/08\/e560c22cc584d3402ba35af226869acf.jpg\" alt=\"\" width=\"600\" height=\"480\" srcset=\"https:\/\/lydenim.com\/wp-content\/uploads\/2025\/08\/e560c22cc584d3402ba35af226869acf.jpg 1203w, https:\/\/lydenim.com\/wp-content\/uploads\/2025\/08\/e560c22cc584d3402ba35af226869acf-300x240.jpg 300w, https:\/\/lydenim.com\/wp-content\/uploads\/2025\/08\/e560c22cc584d3402ba35af226869acf-1024x819.jpg 1024w, https:\/\/lydenim.com\/wp-content\/uploads\/2025\/08\/e560c22cc584d3402ba35af226869acf-768x614.jpg 768w, https:\/\/lydenim.com\/wp-content\/uploads\/2025\/08\/e560c22cc584d3402ba35af226869acf-15x12.jpg 15w, https:\/\/lydenim.com\/wp-content\/uploads\/2025\/08\/e560c22cc584d3402ba35af226869acf-600x480.jpg 600w, https:\/\/lydenim.com\/wp-content\/uploads\/2025\/08\/e560c22cc584d3402ba35af226869acf-150x120.jpg 150w\" sizes=\"auto, (max-width: 600px) 100vw, 600px\" \/><p id=\"caption-attachment-6473\" class=\"wp-caption-text\">mezclilla con orillo<\/p><\/div>\n<p>El denim con orillo exist\u00eda durante la <strong>siglo XIX<\/strong> porque los telares de lanzadera funcionaban como equipo est\u00e1ndar en las instalaciones de fabricaci\u00f3n. <strong>Molinos japoneses<\/strong> Siguen siendo productores destacados de tela vaquera con orillo, que Hiroshi Kato y marcas similares utilizan para crear hilos de primera calidad y productos te\u00f1idos con \u00edndigo. LY Denim produce telas vaqueras con orillo en bruto que se mantienen r\u00edgidas despu\u00e9s del te\u00f1ido, pero se vuelven suaves al usarlas para crear... <strong>ajuste personalizado<\/strong>Seg\u00fan la revista GQ, este enfoque de fabricaci\u00f3n tradicional produce <strong>tela pesada y r\u00edgida<\/strong> que resulta perfecto para jeans duraderos.<\/p>\n<h3>El proceso de tejido<\/h3>\n<p>Producci\u00f3n de orillos mediante <strong>telares lanzadera<\/strong> Se produce cuando un hilo de lanzadera pasa por la urdimbre para sellar naturalmente los bordes de la tela. El proceso de tejido crea un <strong>tela gruesa con patrones desiguales<\/strong> Lo que produce mejores efectos de desvanecimiento.<\/p>\n<div id=\"attachment_6464\" style=\"width: 610px\" class=\"wp-caption aligncenter\"><img loading=\"lazy\" decoding=\"async\" aria-describedby=\"caption-attachment-6464\" class=\"wp-image-6464\" src=\"https:\/\/lydenim.com\/wp-content\/uploads\/2025\/08\/9c3795e729305479abefe725a9832256.jpg\" alt=\"\" width=\"600\" height=\"750\" srcset=\"https:\/\/lydenim.com\/wp-content\/uploads\/2025\/08\/9c3795e729305479abefe725a9832256.jpg 1063w, https:\/\/lydenim.com\/wp-content\/uploads\/2025\/08\/9c3795e729305479abefe725a9832256-240x300.jpg 240w, https:\/\/lydenim.com\/wp-content\/uploads\/2025\/08\/9c3795e729305479abefe725a9832256-819x1024.jpg 819w, https:\/\/lydenim.com\/wp-content\/uploads\/2025\/08\/9c3795e729305479abefe725a9832256-768x960.jpg 768w, https:\/\/lydenim.com\/wp-content\/uploads\/2025\/08\/9c3795e729305479abefe725a9832256-10x12.jpg 10w, https:\/\/lydenim.com\/wp-content\/uploads\/2025\/08\/9c3795e729305479abefe725a9832256-600x750.jpg 600w, https:\/\/lydenim.com\/wp-content\/uploads\/2025\/08\/9c3795e729305479abefe725a9832256-150x188.jpg 150w\" sizes=\"auto, (max-width: 600px) 100vw, 600px\" \/><p id=\"caption-attachment-6464\" class=\"wp-caption-text\">Proceso de tejido de mezclilla con orillo<\/p><\/div>\n<h3>Tipos como el japon\u00e9s y el orillo crudo<\/h3>\n<p>El <strong>mezclilla con orillo japonesa<\/strong> en Kurabo y Nihon Menpu utiliza <strong>algod\u00f3n de primera calidad<\/strong> junto con <strong>te\u00f1ido de cuerdas<\/strong> para lograr tonos \u00edndigo profundos que se desvanecen con elegancia. <strong>Denim con orillo crudo<\/strong> Carece de tratamiento de prelavado por lo que se encoge entre <strong>3-15%<\/strong> Durante su ciclo de lavado inicial. LY Denim ofrece explicaciones detalladas sobre estos tipos de mezclilla a trav\u00e9s de su sitio web, explicando en qu\u00e9 se diferencian de los productos de mezclilla t\u00edpicos.<\/p>\n<div id=\"attachment_6475\" style=\"width: 610px\" class=\"wp-caption aligncenter\"><img loading=\"lazy\" decoding=\"async\" aria-describedby=\"caption-attachment-6475\" class=\"wp-image-6475\" src=\"https:\/\/lydenim.com\/wp-content\/uploads\/2025\/08\/fa63ee05ba16ddca0d07f41ebc733938.jpg\" alt=\"\" width=\"600\" height=\"750\" srcset=\"https:\/\/lydenim.com\/wp-content\/uploads\/2025\/08\/fa63ee05ba16ddca0d07f41ebc733938.jpg 1030w, https:\/\/lydenim.com\/wp-content\/uploads\/2025\/08\/fa63ee05ba16ddca0d07f41ebc733938-240x300.jpg 240w, https:\/\/lydenim.com\/wp-content\/uploads\/2025\/08\/fa63ee05ba16ddca0d07f41ebc733938-819x1024.jpg 819w, https:\/\/lydenim.com\/wp-content\/uploads\/2025\/08\/fa63ee05ba16ddca0d07f41ebc733938-768x960.jpg 768w, https:\/\/lydenim.com\/wp-content\/uploads\/2025\/08\/fa63ee05ba16ddca0d07f41ebc733938-10x12.jpg 10w, https:\/\/lydenim.com\/wp-content\/uploads\/2025\/08\/fa63ee05ba16ddca0d07f41ebc733938-600x750.jpg 600w, https:\/\/lydenim.com\/wp-content\/uploads\/2025\/08\/fa63ee05ba16ddca0d07f41ebc733938-150x188.jpg 150w\" sizes=\"auto, (max-width: 600px) 100vw, 600px\" \/><p id=\"caption-attachment-6475\" class=\"wp-caption-text\">vaqueros con orillo<\/p><\/div>\n<p>Lea nuestra gu\u00eda interna para obtener m\u00e1s informaci\u00f3n sobre los tipos de mezclilla en <a href=\"https:\/\/lydenim.com\/es\/comprension-de-las-texturas-superficiales-de-la-tela-de-mezclilla-y-las-estructuras-del-tejido-decodificadas\/\">\/guia-denim-crudo.<\/a><\/p>\n<h2>\u00bfQu\u00e9 son los jeans con orillo?<\/h2>\n<p>Los jeans con orillo derivan su tejido del material de mezclilla con <strong>acabados de borde propio<\/strong> que se hacen visibles durante las operaciones de dobladillo. Estos jeans muestran <strong>artesan\u00eda calificada<\/strong> a trav\u00e9s de <strong>cosido en cadena<\/strong> <strong>dobladillos<\/strong> junto con <strong>bolsillos reforzados<\/strong> que mejoran la durabilidad. LY Denim produce productos de mezclilla con orillo personalizados utilizando telas tejidas de alta calidad de f\u00e1bricas premium que marcas como Uniqlo y Levi&#039;s utilizan para confeccionar sus jeans con orillo.<\/p>\n<div id=\"attachment_6462\" style=\"width: 610px\" class=\"wp-caption aligncenter\"><img loading=\"lazy\" decoding=\"async\" aria-describedby=\"caption-attachment-6462\" class=\"wp-image-6462\" src=\"https:\/\/lydenim.com\/wp-content\/uploads\/2025\/08\/2b36161e561a960b787001c7de68987f.jpg\" alt=\"\" width=\"600\" height=\"750\" srcset=\"https:\/\/lydenim.com\/wp-content\/uploads\/2025\/08\/2b36161e561a960b787001c7de68987f.jpg 1232w, https:\/\/lydenim.com\/wp-content\/uploads\/2025\/08\/2b36161e561a960b787001c7de68987f-240x300.jpg 240w, https:\/\/lydenim.com\/wp-content\/uploads\/2025\/08\/2b36161e561a960b787001c7de68987f-819x1024.jpg 819w, https:\/\/lydenim.com\/wp-content\/uploads\/2025\/08\/2b36161e561a960b787001c7de68987f-768x960.jpg 768w, https:\/\/lydenim.com\/wp-content\/uploads\/2025\/08\/2b36161e561a960b787001c7de68987f-1229x1536.jpg 1229w, https:\/\/lydenim.com\/wp-content\/uploads\/2025\/08\/2b36161e561a960b787001c7de68987f-10x12.jpg 10w, https:\/\/lydenim.com\/wp-content\/uploads\/2025\/08\/2b36161e561a960b787001c7de68987f-600x750.jpg 600w, https:\/\/lydenim.com\/wp-content\/uploads\/2025\/08\/2b36161e561a960b787001c7de68987f-150x188.jpg 150w\" sizes=\"auto, (max-width: 600px) 100vw, 600px\" \/><p id=\"caption-attachment-6462\" class=\"wp-caption-text\">acabados de borde propio<\/p><\/div>\n<h3>Caracter\u00edsticas principales de los jeans con orillo<\/h3>\n<ul>\n<li><strong>Bordes autoacabados<\/strong>:Evita el deshilachado, ofreciendo un aspecto limpio.<\/li>\n<li><strong>Peso m\u00e1s pesado<\/strong>:T\u00edpicamente <strong>12-16 onzas<\/strong>, proporcionando una mejor estructura.<\/li>\n<li><strong>Desvanecimientos \u00fanicos<\/strong>: Natural <strong>bigotes y panales<\/strong> desarrollarse con el tiempo.<\/li>\n<li><strong>Cortes m\u00e1s estrechos<\/strong>:Derivado del ancho del telar, lo que da como resultado ajustes m\u00e1s ajustados.\n<p><div id=\"attachment_6468\" style=\"width: 610px\" class=\"wp-caption aligncenter\"><img loading=\"lazy\" decoding=\"async\" aria-describedby=\"caption-attachment-6468\" class=\"wp-image-6468\" src=\"https:\/\/lydenim.com\/wp-content\/uploads\/2025\/08\/c9cb4bfe7199eb24f8030c05d59d23cf.jpg\" alt=\"\" width=\"600\" height=\"750\" srcset=\"https:\/\/lydenim.com\/wp-content\/uploads\/2025\/08\/c9cb4bfe7199eb24f8030c05d59d23cf.jpg 1204w, https:\/\/lydenim.com\/wp-content\/uploads\/2025\/08\/c9cb4bfe7199eb24f8030c05d59d23cf-240x300.jpg 240w, https:\/\/lydenim.com\/wp-content\/uploads\/2025\/08\/c9cb4bfe7199eb24f8030c05d59d23cf-819x1024.jpg 819w, https:\/\/lydenim.com\/wp-content\/uploads\/2025\/08\/c9cb4bfe7199eb24f8030c05d59d23cf-768x960.jpg 768w, https:\/\/lydenim.com\/wp-content\/uploads\/2025\/08\/c9cb4bfe7199eb24f8030c05d59d23cf-10x12.jpg 10w, https:\/\/lydenim.com\/wp-content\/uploads\/2025\/08\/c9cb4bfe7199eb24f8030c05d59d23cf-600x750.jpg 600w, https:\/\/lydenim.com\/wp-content\/uploads\/2025\/08\/c9cb4bfe7199eb24f8030c05d59d23cf-150x188.jpg 150w\" sizes=\"auto, (max-width: 600px) 100vw, 600px\" \/><p id=\"caption-attachment-6468\" class=\"wp-caption-text\">Caracter\u00edsticas principales de los jeans con orillo<\/p><\/div><\/li>\n<\/ul>\n<h2>\u00bfEl denim con orillo es mejor que el denim normal?<\/h2>\n<p>\u00bfEs mejor la mezclilla con orillo? Quienes buscan calidad coinciden en que la mezclilla con orillo es superior debido a sus caracter\u00edsticas \u00fanicas. La mezclilla con orillo demuestra... <strong>durabilidad mejorada<\/strong> Porque la producci\u00f3n en telar de lanzadera crea una estructura de tela m\u00e1s densa que tambi\u00e9n resiste la decoloraci\u00f3n mejor que la mezclilla est\u00e1ndar sin orillo. Seg\u00fan Huckberry, la mezclilla con orillo proporciona... <strong>comodidad<\/strong> Adem\u00e1s del estilo y la buena onda de la producci\u00f3n \u00e9tica, cada par cuesta entre $150 y 300, ya que la producci\u00f3n lleva m\u00e1s tiempo, lo que aumenta el precio final. LY Denim ofrece precios competitivos en denim con orillo gracias a su combinaci\u00f3n de fabricaci\u00f3n experta y dise\u00f1o orientado al cliente.<\/p>\n<h3>Ventajas del denim con orillo<\/h3>\n<ul>\n<li><strong>Durabilidad<\/strong>:El orillo crudo puede durar <strong>5+ a\u00f1os<\/strong> con mucho desgaste.<\/li>\n<li><strong>Est\u00e9tica<\/strong>:Ofertas <strong>mejores desvanecimientos<\/strong> Sin sensaci\u00f3n sint\u00e9tica.<\/li>\n<li><strong>Sostenibilidad<\/strong>: Produce <strong>menos desperdicio<\/strong> debido a los bordes terminados.<\/li>\n<\/ul>\n<h3>Desventajas del denim con orillo<\/h3>\n<ul>\n<li><strong>M\u00e1s r\u00edgido inicialmente<\/strong>:Requiere rodaje.<\/li>\n<li><strong>Costo m\u00e1s alto<\/strong>:Debido a la compleja producci\u00f3n.\n<p><div id=\"attachment_6467\" style=\"width: 610px\" class=\"wp-caption aligncenter\"><img loading=\"lazy\" decoding=\"async\" aria-describedby=\"caption-attachment-6467\" class=\"wp-image-6467\" src=\"https:\/\/lydenim.com\/wp-content\/uploads\/2025\/08\/939e41809bf4e7dabe1a00599fe6c961.jpg\" alt=\"\" width=\"600\" height=\"375\" srcset=\"https:\/\/lydenim.com\/wp-content\/uploads\/2025\/08\/939e41809bf4e7dabe1a00599fe6c961.jpg 2080w, https:\/\/lydenim.com\/wp-content\/uploads\/2025\/08\/939e41809bf4e7dabe1a00599fe6c961-300x188.jpg 300w, https:\/\/lydenim.com\/wp-content\/uploads\/2025\/08\/939e41809bf4e7dabe1a00599fe6c961-1024x640.jpg 1024w, https:\/\/lydenim.com\/wp-content\/uploads\/2025\/08\/939e41809bf4e7dabe1a00599fe6c961-768x480.jpg 768w, https:\/\/lydenim.com\/wp-content\/uploads\/2025\/08\/939e41809bf4e7dabe1a00599fe6c961-1536x960.jpg 1536w, https:\/\/lydenim.com\/wp-content\/uploads\/2025\/08\/939e41809bf4e7dabe1a00599fe6c961-2048x1280.jpg 2048w, https:\/\/lydenim.com\/wp-content\/uploads\/2025\/08\/939e41809bf4e7dabe1a00599fe6c961-18x12.jpg 18w, https:\/\/lydenim.com\/wp-content\/uploads\/2025\/08\/939e41809bf4e7dabe1a00599fe6c961-600x375.jpg 600w, https:\/\/lydenim.com\/wp-content\/uploads\/2025\/08\/939e41809bf4e7dabe1a00599fe6c961-150x94.jpg 150w\" sizes=\"auto, (max-width: 600px) 100vw, 600px\" \/><p id=\"caption-attachment-6467\" class=\"wp-caption-text\">Mezclilla con orillo y mezclilla regular<\/p><\/div><\/li>\n<\/ul>\n<h2>\u00bfEl denim con orillo se estira o encoge?<\/h2>\n<p>\u00bfSe estira el orillo del denim? S\u00ed, con el uso, la cintura puede expandirse. <strong>1-2 pulgadas<\/strong> despu\u00e9s de entrar. El <strong>lavado inicial<\/strong> La fase conduce a la mayor contracci\u00f3n pero <strong>orillo sanforizado<\/strong> reduce en <strong>3%<\/strong> mientras <strong>orillo sin sanforizar<\/strong> se encoge entre <strong>10-15%<\/strong>Seg\u00fan Williamsburg Garment Co., los hilos experimentan reacciones post-te\u00f1ido a base de agua que provocan una reducci\u00f3n dimensional. Para minimizarlo: compre prendas de la talla correcta y, si no est\u00e1n sanforizadas, remoje primero.<\/p>\n<div id=\"attachment_4507\" style=\"width: 610px\" class=\"wp-caption aligncenter\"><img loading=\"lazy\" decoding=\"async\" aria-describedby=\"caption-attachment-4507\" class=\"wp-image-4507\" src=\"https:\/\/lydenim.com\/wp-content\/uploads\/2025\/03\/IMG_6219.jpg\" alt=\"\" width=\"600\" height=\"600\" srcset=\"https:\/\/lydenim.com\/wp-content\/uploads\/2025\/03\/IMG_6219.jpg 2196w, https:\/\/lydenim.com\/wp-content\/uploads\/2025\/03\/IMG_6219-300x300.jpg 300w, https:\/\/lydenim.com\/wp-content\/uploads\/2025\/03\/IMG_6219-1024x1024.jpg 1024w, https:\/\/lydenim.com\/wp-content\/uploads\/2025\/03\/IMG_6219-150x150.jpg 150w, https:\/\/lydenim.com\/wp-content\/uploads\/2025\/03\/IMG_6219-768x768.jpg 768w, https:\/\/lydenim.com\/wp-content\/uploads\/2025\/03\/IMG_6219-1536x1536.jpg 1536w, https:\/\/lydenim.com\/wp-content\/uploads\/2025\/03\/IMG_6219-2048x2048.jpg 2048w, https:\/\/lydenim.com\/wp-content\/uploads\/2025\/03\/IMG_6219-12x12.jpg 12w, https:\/\/lydenim.com\/wp-content\/uploads\/2025\/03\/IMG_6219-600x600.jpg 600w\" sizes=\"auto, (max-width: 600px) 100vw, 600px\" \/><p id=\"caption-attachment-4507\" class=\"wp-caption-text\">Orillo de baja elasticidad<\/p><\/div>\n<h2>C\u00f3mo ablandar el orillo del denim<\/h2>\n<p>\u00bfC\u00f3mo ablandar la mezclilla con orillo? El proceso de ablandar la mezclilla con orillo se vuelve m\u00e1s f\u00e1cil cuando usas estos pantalones a diario mientras te mueves. <strong>andar en bicicleta o hacer sentadillas<\/strong>Los expertos de Stridewise aconsejan utilizar <strong>ba\u00f1os tibios<\/strong> Para acelerar el proceso de ablandamiento sin perder el color \u00edndigo, evite el calor. <strong>secar al aire<\/strong>. Cronolog\u00eda: <strong>1-3 meses<\/strong> para mayor comodidad.<img loading=\"lazy\" decoding=\"async\" class=\"aligncenter wp-image-2913\" src=\"https:\/\/lydenim.com\/wp-content\/uploads\/2025\/01\/\u6df1\u8e72.jpg\" alt=\"\" width=\"600\" height=\"450\" srcset=\"https:\/\/lydenim.com\/wp-content\/uploads\/2025\/01\/\u6df1\u8e72.jpg 728w, https:\/\/lydenim.com\/wp-content\/uploads\/2025\/01\/\u6df1\u8e72-150x113.jpg 150w, https:\/\/lydenim.com\/wp-content\/uploads\/2025\/01\/\u6df1\u8e72-600x450.jpg 600w, https:\/\/lydenim.com\/wp-content\/uploads\/2025\/01\/\u6df1\u8e72-300x225.jpg 300w, https:\/\/lydenim.com\/wp-content\/uploads\/2025\/01\/\u6df1\u8e72-16x12.jpg 16w\" sizes=\"auto, (max-width: 600px) 100vw, 600px\" \/><\/p>\n<h3>Pasos para ablandar el orillo del denim<\/h3>\n<ol>\n<li><strong>Usar de manera consistente<\/strong>:El uso diario acelera el proceso.<\/li>\n<li><strong>Estirar manualmente<\/strong>:Realizar flexiones de rodillas o movimientos similares.<\/li>\n<li><strong>Remojo inicial<\/strong>:\u00daselo si es necesario para mezclilla no sanforizada.\n<p><div id=\"attachment_6469\" style=\"width: 610px\" class=\"wp-caption aligncenter\"><img loading=\"lazy\" decoding=\"async\" aria-describedby=\"caption-attachment-6469\" class=\"wp-image-6469\" src=\"https:\/\/lydenim.com\/wp-content\/uploads\/2025\/08\/c1880366dd62afd246a041d4d7031884.jpg\" alt=\"\" width=\"600\" height=\"750\" srcset=\"https:\/\/lydenim.com\/wp-content\/uploads\/2025\/08\/c1880366dd62afd246a041d4d7031884.jpg 1083w, https:\/\/lydenim.com\/wp-content\/uploads\/2025\/08\/c1880366dd62afd246a041d4d7031884-240x300.jpg 240w, https:\/\/lydenim.com\/wp-content\/uploads\/2025\/08\/c1880366dd62afd246a041d4d7031884-819x1024.jpg 819w, https:\/\/lydenim.com\/wp-content\/uploads\/2025\/08\/c1880366dd62afd246a041d4d7031884-768x960.jpg 768w, https:\/\/lydenim.com\/wp-content\/uploads\/2025\/08\/c1880366dd62afd246a041d4d7031884-10x12.jpg 10w, https:\/\/lydenim.com\/wp-content\/uploads\/2025\/08\/c1880366dd62afd246a041d4d7031884-600x750.jpg 600w, https:\/\/lydenim.com\/wp-content\/uploads\/2025\/08\/c1880366dd62afd246a041d4d7031884-150x188.jpg 150w\" sizes=\"auto, (max-width: 600px) 100vw, 600px\" \/><p id=\"caption-attachment-6469\" class=\"wp-caption-text\">Estirar manualmente<\/p><\/div><\/li>\n<\/ol>\n<h2>C\u00f3mo lavar jeans con orillo y consejos para su cuidado<\/h2>\n<p>\u00bfC\u00f3mo lavar los jeans con orillo? <strong>Con poca frecuencia<\/strong>-cada <strong>6 meses<\/strong> para crudo\u2014para conservar los desvanecimientos. Usar <strong>agua fr\u00eda<\/strong>, <strong>detergente suave<\/strong>, <strong>de adentro hacia afuera<\/strong>. <strong>Lavado a mano<\/strong> o <strong>ciclo suave<\/strong>; <strong>secar al aire en posici\u00f3n horizontal<\/strong>.<\/p>\n<div id=\"attachment_6459\" style=\"width: 610px\" class=\"wp-caption aligncenter\"><img loading=\"lazy\" decoding=\"async\" aria-describedby=\"caption-attachment-6459\" class=\"wp-image-6459\" src=\"https:\/\/lydenim.com\/wp-content\/uploads\/2025\/08\/\u725b\u4ed4\u517b\u62a4.jpg\" alt=\"\" width=\"600\" height=\"900\" srcset=\"https:\/\/lydenim.com\/wp-content\/uploads\/2025\/08\/\u725b\u4ed4\u517b\u62a4.jpg 683w, https:\/\/lydenim.com\/wp-content\/uploads\/2025\/08\/\u725b\u4ed4\u517b\u62a4-200x300.jpg 200w, https:\/\/lydenim.com\/wp-content\/uploads\/2025\/08\/\u725b\u4ed4\u517b\u62a4-8x12.jpg 8w, https:\/\/lydenim.com\/wp-content\/uploads\/2025\/08\/\u725b\u4ed4\u517b\u62a4-600x900.jpg 600w, https:\/\/lydenim.com\/wp-content\/uploads\/2025\/08\/\u725b\u4ed4\u517b\u62a4-150x225.jpg 150w\" sizes=\"auto, (max-width: 600px) 100vw, 600px\" \/><p id=\"caption-attachment-6459\" class=\"wp-caption-text\">Cuidado y mantenimiento de la mezclilla<\/p><\/div>\n<h2>Conclusi\u00f3n<\/h2>\n<p>El <strong>est\u00e1ndares de calidad<\/strong> Los principios b\u00e1sicos del denim con orillo se hacen evidentes despu\u00e9s de aprender lo b\u00e1sico, lo que explica su popularidad entre los clientes que valoran la calidad. <strong>bordes tejidos con lanzadera<\/strong> junto con su <strong>construcci\u00f3n duradera<\/strong> Proporcionar valor a largo plazo que supere las tendencias de moda actuales.<\/p>\n<h2 dir=\"ltr\" data-pm-slice=\"1 1 []\">Servicios de personalizaci\u00f3n de LYDENIM<\/h2>\n<p dir=\"ltr\">\u00bfSue\u00f1as con un denim de orillo premium con un distintivo acabado de borde rojo? LYDENIM se especializa en la confecci\u00f3n de telas y prendas de denim a medida, dando vida a tu visi\u00f3n \u00fanica con una calidad y comodidad inigualables.<\/p>\n<p dir=\"ltr\">\ud83c\udfa8 <strong>Telas con orillo personalizadas<\/strong><br \/>\nDise\u00f1a tu propia mezclilla con orillo con nuestra colecci\u00f3n premium. Elige entre una gama de colores vibrantes, estampados intrincados y texturas lujosas que se adaptan a tu estilo. Explora nuestra oferta en <a href=\"https:\/\/lydenim.com\/es\/?s=Selvedge&amp;post_type=product\">es.lydenim.com<\/a><\/p>\n<p dir=\"ltr\">\ud83d\udecd\ufe0f <strong>Ropa vaquera a medida<\/strong><br \/>\nCrea prendas impactantes con nuestro caracter\u00edstico denim con orillo, conocido por su excepcional comodidad y durabilidad. Desde jeans a medida hasta elegantes chaquetas, personaliza tu ajuste, color y estilo en <a href=\"https:\/\/liangyuantextile.m.en.alibaba.com\/search\/product?SearchText=selvedge\">Myalibaba<\/a>.<\/p>\n<p dir=\"ltr\">\ud83d\udce9 <strong>Cont\u00e1ctanos<\/strong><br \/>\n\u00bfTienes una idea para tu mezclilla con orillo perfecta? Contacta con nuestro equipo en <a href=\"mailto:malone@lydenim.com\">malone@lydenim.com<\/a> para discutir patrones de tejidos personalizados, mezclas ecol\u00f3gicas o cualquier otra idea.<\/p>\n<p dir=\"ltr\">Transforme sus ideas en realidad con LYDENIM, su socio de confianza para soluciones de mezclilla con bordes rojos innovadoras, c\u00f3modas y personalizadas.<\/p>","protected":false},"excerpt":{"rendered":"<p>Tiempo estimado de lectura: ~4 minutos Introducci\u00f3n Quienes se inician en los jeans premium suelen preguntarse qu\u00e9 hace que el denim con orillo sea especial.<\/p>","protected":false},"author":1,"featured_media":6477,"comment_status":"open","ping_status":"open","sticky":false,"template":"","format":"standard","meta":{"two_page_speed":[],"footnotes":""},"categories":[66],"tags":[],"class_list":["post-6403","post","type-post","status-publish","format-standard","has-post-thumbnail","hentry","category-denim-knowledge"],"aioseo_notices":[],"_links":{"self":[{"href":"https:\/\/lydenim.com\/es\/wp-json\/wp\/v2\/posts\/6403","targetHints":{"allow":["GET"]}}],"collection":[{"href":"https:\/\/lydenim.com\/es\/wp-json\/wp\/v2\/posts"}],"about":[{"href":"https:\/\/lydenim.com\/es\/wp-json\/wp\/v2\/types\/post"}],"author":[{"embeddable":true,"href":"https:\/\/lydenim.com\/es\/wp-json\/wp\/v2\/users\/1"}],"replies":[{"embeddable":true,"href":"https:\/\/lydenim.com\/es\/wp-json\/wp\/v2\/comments?post=6403"}],"version-history":[{"count":6,"href":"https:\/\/lydenim.com\/es\/wp-json\/wp\/v2\/posts\/6403\/revisions"}],"predecessor-version":[{"id":6476,"href":"https:\/\/lydenim.com\/es\/wp-json\/wp\/v2\/posts\/6403\/revisions\/6476"}],"wp:featuredmedia":[{"embeddable":true,"href":"https:\/\/lydenim.com\/es\/wp-json\/wp\/v2\/media\/6477"}],"wp:attachment":[{"href":"https:\/\/lydenim.com\/es\/wp-json\/wp\/v2\/media?parent=6403"}],"wp:term":[{"taxonomy":"category","embeddable":true,"href":"https:\/\/lydenim.com\/es\/wp-json\/wp\/v2\/categories?post=6403"},{"taxonomy":"post_tag","embeddable":true,"href":"https:\/\/lydenim.com\/es\/wp-json\/wp\/v2\/tags?post=6403"}],"curies":[{"name":"wp","href":"https:\/\/api.w.org\/{rel}","templated":true}]}}