{"id":6407,"date":"2025-09-03T12:16:27","date_gmt":"2025-09-03T04:16:27","guid":{"rendered":"https:\/\/lydenim.com\/?p=6407"},"modified":"2025-09-03T12:16:27","modified_gmt":"2025-09-03T04:16:27","slug":"selvedge-denim-vs-regular-denim","status":"publish","type":"post","link":"https:\/\/lydenim.com\/es\/mezclilla-con-orillo-vs-mezclilla-regular\/","title":{"rendered":"Mezclilla con orillo vs. mezclilla normal"},"content":{"rendered":"<h2>Tiempo estimado de lectura: ~6 minutos<\/h2>\n<h2 dir=\"ltr\" data-pm-slice=\"1 1 []\">Introducci\u00f3n<\/h2>\n<p dir=\"auto\">El p\u00fablico suele confundir <strong>mezclilla con orillo<\/strong> para <strong>mezclilla regular<\/strong> Aunque estos dos tejidos poseen caracter\u00edsticas de tejido distintas, la gu\u00eda profundiza en <strong>mezclilla con orillo<\/strong> versus <strong>mezclilla regular<\/strong> A trav\u00e9s de sus procesos de tejido, acabados de bordes, niveles de durabilidad, costos y diferencias de estilo. Quienes compran jeans o son aficionados a la mezclilla deber\u00edan leer esta informaci\u00f3n para seleccionar los jeans adecuados seg\u00fan sus necesidades.<\/p>\n<div id=\"attachment_6474\" style=\"width: 610px\" class=\"wp-caption aligncenter\"><img loading=\"lazy\" decoding=\"async\" aria-describedby=\"caption-attachment-6474\" class=\"wp-image-6474\" src=\"https:\/\/lydenim.com\/wp-content\/uploads\/2025\/08\/e5424408606906371a860560432e6700.jpg\" alt=\"\" width=\"600\" height=\"750\" srcset=\"https:\/\/lydenim.com\/wp-content\/uploads\/2025\/08\/e5424408606906371a860560432e6700.jpg 1060w, https:\/\/lydenim.com\/wp-content\/uploads\/2025\/08\/e5424408606906371a860560432e6700-240x300.jpg 240w, https:\/\/lydenim.com\/wp-content\/uploads\/2025\/08\/e5424408606906371a860560432e6700-819x1024.jpg 819w, https:\/\/lydenim.com\/wp-content\/uploads\/2025\/08\/e5424408606906371a860560432e6700-768x960.jpg 768w, https:\/\/lydenim.com\/wp-content\/uploads\/2025\/08\/e5424408606906371a860560432e6700-10x12.jpg 10w, https:\/\/lydenim.com\/wp-content\/uploads\/2025\/08\/e5424408606906371a860560432e6700-600x750.jpg 600w, https:\/\/lydenim.com\/wp-content\/uploads\/2025\/08\/e5424408606906371a860560432e6700-150x188.jpg 150w\" sizes=\"auto, (max-width: 600px) 100vw, 600px\" \/><p id=\"caption-attachment-6474\" class=\"wp-caption-text\">mezclilla con orillo<\/p><\/div>\n<h2 dir=\"auto\">Qu\u00e9 es <strong>Mezclilla con orillo<\/strong>?<\/h2>\n<p dir=\"auto\"><strong>Mezclilla con orillo<\/strong> recibe su nombre de la<strong> auto-borde<\/strong> t\u00e9rmino porque surge del tradicional <strong>telares lanzadera<\/strong>El proceso de fabricaci\u00f3n de estos telares da como resultado tiras finas de tela (de 71 a 91 cm de ancho) con bordes herm\u00e9ticos que evitan el deshilachado. Una l\u00ednea roja aparece en el borde de los dobladillos de los jeans hechos de mezclilla con orillo, aunque tambi\u00e9n se pueden usar otros colores como el naranja o el azul. El proceso de producci\u00f3n genera una tela m\u00e1s pesada con elementos de textura org\u00e1nica llamados <strong>babosas<\/strong>.<\/p>\n<div id=\"attachment_4338\" style=\"width: 610px\" class=\"wp-caption aligncenter\"><img loading=\"lazy\" decoding=\"async\" aria-describedby=\"caption-attachment-4338\" class=\"wp-image-4338\" src=\"https:\/\/lydenim.com\/wp-content\/uploads\/2025\/03\/slub.jpg\" alt=\"gamuza\" width=\"600\" height=\"401\" srcset=\"https:\/\/lydenim.com\/wp-content\/uploads\/2025\/03\/slub.jpg 1045w, https:\/\/lydenim.com\/wp-content\/uploads\/2025\/03\/slub-300x201.jpg 300w, https:\/\/lydenim.com\/wp-content\/uploads\/2025\/03\/slub-1024x685.jpg 1024w, https:\/\/lydenim.com\/wp-content\/uploads\/2025\/03\/slub-768x514.jpg 768w, https:\/\/lydenim.com\/wp-content\/uploads\/2025\/03\/slub-18x12.jpg 18w, https:\/\/lydenim.com\/wp-content\/uploads\/2025\/03\/slub-600x401.jpg 600w, https:\/\/lydenim.com\/wp-content\/uploads\/2025\/03\/slub-150x100.jpg 150w\" sizes=\"auto, (max-width: 600px) 100vw, 600px\" \/><p id=\"caption-attachment-4338\" class=\"wp-caption-text\">gamuza<\/p><\/div>\n<h2 dir=\"auto\">Qu\u00e9 es <strong>Mezclilla regular<\/strong>?<\/h2>\n<p dir=\"auto\"><strong>Mezclilla regular<\/strong> Recibe su nombre del denim sin orillo, ya que en su producci\u00f3n se utilizan tejidos modernos. <strong>telares sin lanzadera<\/strong> Tambi\u00e9n conocidos como telares de proyectiles. El proceso de fabricaci\u00f3n produce rollos de tela extensos (de 152 a 190 cm) a un ritmo r\u00e1pido para optimizar los costos. La mezclilla regular requiere costura overlock para evitar que sus bordes sin rematar se deshagan, ya que carece de... <strong>borde autoacabado<\/strong> Caracter\u00edstico del denim con orillo.<img loading=\"lazy\" decoding=\"async\" class=\"aligncenter wp-image-2843\" src=\"https:\/\/lydenim.com\/wp-content\/uploads\/2025\/01\/DSC07921-scaled.jpg\" alt=\"\" width=\"600\" height=\"600\" srcset=\"https:\/\/lydenim.com\/wp-content\/uploads\/2025\/01\/DSC07921-scaled.jpg 2560w, https:\/\/lydenim.com\/wp-content\/uploads\/2025\/01\/DSC07921-300x300.jpg 300w, https:\/\/lydenim.com\/wp-content\/uploads\/2025\/01\/DSC07921-150x150.jpg 150w, https:\/\/lydenim.com\/wp-content\/uploads\/2025\/01\/DSC07921-scaled-600x600.jpg 600w, https:\/\/lydenim.com\/wp-content\/uploads\/2025\/01\/DSC07921-1024x1024.jpg 1024w, https:\/\/lydenim.com\/wp-content\/uploads\/2025\/01\/DSC07921-768x768.jpg 768w, https:\/\/lydenim.com\/wp-content\/uploads\/2025\/01\/DSC07921-1536x1536.jpg 1536w, https:\/\/lydenim.com\/wp-content\/uploads\/2025\/01\/DSC07921-2048x2048.jpg 2048w, https:\/\/lydenim.com\/wp-content\/uploads\/2025\/01\/DSC07921-12x12.jpg 12w\" sizes=\"auto, (max-width: 600px) 100vw, 600px\" \/><\/p>\n<h2 dir=\"auto\">Diferencias clave entre <strong>Mezclilla con orillo<\/strong> y <strong>Mezclilla regular<\/strong><\/h2>\n<div dir=\"auto\">\n<div>\n<div><\/div>\n<\/div>\n<table dir=\"auto\" style=\"height: 285px;\" width=\"1048\" data-wide=\"false\">\n<thead>\n<tr>\n<th data-col-size=\"sm\">Caracter\u00edstica<\/th>\n<th data-col-size=\"lg\"><strong>Mezclilla con orillo<\/strong><\/th>\n<th data-col-size=\"lg\"><strong>Mezclilla regular<\/strong><\/th>\n<\/tr>\n<\/thead>\n<tbody>\n<tr>\n<td data-col-size=\"sm\"><strong>M\u00e9todo de tejido<\/strong><\/td>\n<td data-col-size=\"lg\"><strong>Telares de lanzadera<\/strong>, lento, estrecho (28\u201336 pulgadas)<\/td>\n<td data-col-size=\"lg\"><strong>Telares sin lanzadera<\/strong>, r\u00e1pido, ancho (60\u201375 pulgadas)<\/td>\n<\/tr>\n<tr>\n<td data-col-size=\"sm\"><strong>Acabado del borde<\/strong><\/td>\n<td data-col-size=\"lg\"><strong>Autoacabado<\/strong>l\u00ednea de color<\/td>\n<td data-col-size=\"lg\">Borde crudo, requiere <strong>costura overlock<\/strong><\/td>\n<\/tr>\n<tr>\n<td data-col-size=\"sm\"><strong>Ancho de la tela<\/strong><\/td>\n<td data-col-size=\"lg\">~28\u201336 pulgadas (90 cm)<\/td>\n<td data-col-size=\"lg\">~60\u201375 pulgadas (190 cm)<\/td>\n<\/tr>\n<tr>\n<td data-col-size=\"sm\"><strong>Eficiencia<\/strong><\/td>\n<td data-col-size=\"lg\">Bajo, requiere mucho tiempo<\/td>\n<td data-col-size=\"lg\">Alto y rentable<\/td>\n<\/tr>\n<tr>\n<td data-col-size=\"sm\"><strong>Durabilidad<\/strong><\/td>\n<td data-col-size=\"lg\">Tejido apretado, a menudo m\u00e1s duradero.<\/td>\n<td data-col-size=\"lg\">Var\u00eda seg\u00fan la calidad y el peso del hilo.<\/td>\n<\/tr>\n<tr>\n<td data-col-size=\"sm\"><strong>Mirada y estilo<\/strong><\/td>\n<td data-col-size=\"lg\">Antiguo <strong>auto-borde<\/strong> cuando est\u00e1 esposado<\/td>\n<td data-col-size=\"lg\">No <strong>auto-borde<\/strong>acabados vers\u00e1tiles<\/td>\n<\/tr>\n<tr>\n<td data-col-size=\"sm\"><strong>Gama de precios<\/strong><\/td>\n<td data-col-size=\"lg\">Vaqueros $120\u2013$400+<\/td>\n<td data-col-size=\"lg\">Vaqueros $40\u2013$120<\/td>\n<\/tr>\n<tr>\n<td data-col-size=\"sm\"><strong>Audiencia<\/strong><\/td>\n<td data-col-size=\"lg\">Entusiastas del denim, coleccionistas<\/td>\n<td data-col-size=\"lg\">Consumidores tradicionales<\/td>\n<\/tr>\n<\/tbody>\n<\/table>\n<\/div>\n<h2 dir=\"auto\">Comparaci\u00f3n detallada de <strong>Mezclilla con orillo<\/strong> contra <strong>Mezclilla regular<\/strong><\/h2>\n<h3 dir=\"auto\">1. <strong>M\u00e9todo de tejido<\/strong><\/h3>\n<ul dir=\"auto\">\n<li><strong>Mezclilla con orillo<\/strong>El denim con orillo adquiere su car\u00e1cter distintivo gracias a telares de lanzadera antiguos que utilizan el sistema de lanzadera de hilo de trama para producir telas estrechas y apretadas con acabados auto-rematados. El proceso de fabricaci\u00f3n a menor velocidad produce una textura distintiva, generando grumos naturales.\n<p><div id=\"attachment_6504\" style=\"width: 610px\" class=\"wp-caption aligncenter\"><img loading=\"lazy\" decoding=\"async\" aria-describedby=\"caption-attachment-6504\" class=\"wp-image-6504\" src=\"https:\/\/lydenim.com\/wp-content\/uploads\/2025\/08\/e3a17bbaf7341c9684f68cd87a920176.jpg\" alt=\"\" width=\"600\" height=\"750\" srcset=\"https:\/\/lydenim.com\/wp-content\/uploads\/2025\/08\/e3a17bbaf7341c9684f68cd87a920176.jpg 1094w, https:\/\/lydenim.com\/wp-content\/uploads\/2025\/08\/e3a17bbaf7341c9684f68cd87a920176-240x300.jpg 240w, https:\/\/lydenim.com\/wp-content\/uploads\/2025\/08\/e3a17bbaf7341c9684f68cd87a920176-819x1024.jpg 819w, https:\/\/lydenim.com\/wp-content\/uploads\/2025\/08\/e3a17bbaf7341c9684f68cd87a920176-768x960.jpg 768w, https:\/\/lydenim.com\/wp-content\/uploads\/2025\/08\/e3a17bbaf7341c9684f68cd87a920176-10x12.jpg 10w, https:\/\/lydenim.com\/wp-content\/uploads\/2025\/08\/e3a17bbaf7341c9684f68cd87a920176-600x750.jpg 600w, https:\/\/lydenim.com\/wp-content\/uploads\/2025\/08\/e3a17bbaf7341c9684f68cd87a920176-150x188.jpg 150w\" sizes=\"auto, (max-width: 600px) 100vw, 600px\" \/><p id=\"caption-attachment-6504\" class=\"wp-caption-text\">Tejido de orillo<\/p><\/div><\/li>\n<li><strong>Mezclilla regular<\/strong>Se produce en telares modernos sin lanzadera, que disparan el hilo de trama r\u00e1pidamente, creando rollos de tela m\u00e1s anchos. Esta t\u00e9cnica de fabricaci\u00f3n permite una producci\u00f3n r\u00e1pida, pero deja bordes de tela sin procesar que requieren costura.<img loading=\"lazy\" decoding=\"async\" class=\"aligncenter wp-image-2495\" src=\"https:\/\/lydenim.com\/wp-content\/uploads\/2024\/12\/\u5e8f\u5217-Sequence-01.00_05_11_14.Still028-scaled.jpg\" alt=\"\" width=\"600\" height=\"338\" srcset=\"https:\/\/lydenim.com\/wp-content\/uploads\/2024\/12\/\u5e8f\u5217-Sequence-01.00_05_11_14.Still028-scaled.jpg 2560w, https:\/\/lydenim.com\/wp-content\/uploads\/2024\/12\/\u5e8f\u5217-Sequence-01.00_05_11_14.Still028-scaled-150x84.jpg 150w, https:\/\/lydenim.com\/wp-content\/uploads\/2024\/12\/\u5e8f\u5217-Sequence-01.00_05_11_14.Still028-scaled-600x338.jpg 600w, https:\/\/lydenim.com\/wp-content\/uploads\/2024\/12\/\u5e8f\u5217-Sequence-01.00_05_11_14.Still028-300x169.jpg 300w, https:\/\/lydenim.com\/wp-content\/uploads\/2024\/12\/\u5e8f\u5217-Sequence-01.00_05_11_14.Still028-1024x576.jpg 1024w, https:\/\/lydenim.com\/wp-content\/uploads\/2024\/12\/\u5e8f\u5217-Sequence-01.00_05_11_14.Still028-768x432.jpg 768w, https:\/\/lydenim.com\/wp-content\/uploads\/2024\/12\/\u5e8f\u5217-Sequence-01.00_05_11_14.Still028-1536x864.jpg 1536w, https:\/\/lydenim.com\/wp-content\/uploads\/2024\/12\/\u5e8f\u5217-Sequence-01.00_05_11_14.Still028-2048x1152.jpg 2048w, https:\/\/lydenim.com\/wp-content\/uploads\/2024\/12\/\u5e8f\u5217-Sequence-01.00_05_11_14.Still028-18x10.jpg 18w\" sizes=\"auto, (max-width: 600px) 100vw, 600px\" \/><\/li>\n<\/ul>\n<h3 dir=\"auto\">2. <strong>Acabado del borde<\/strong><\/h3>\n<ul dir=\"auto\">\n<li><strong>Mezclilla con orillo<\/strong>Presenta un borde autoacabada con una franja roja que se ve al doblar los jeans. El borde mantiene su integridad sin costuras adicionales gracias a su autoacabada.\n<p><div id=\"attachment_6502\" style=\"width: 610px\" class=\"wp-caption aligncenter\"><img loading=\"lazy\" decoding=\"async\" aria-describedby=\"caption-attachment-6502\" class=\"wp-image-6502\" src=\"https:\/\/lydenim.com\/wp-content\/uploads\/2025\/08\/87404749a563b0c03a3f54394c4a0dd8.jpg\" alt=\"\" width=\"600\" height=\"750\" srcset=\"https:\/\/lydenim.com\/wp-content\/uploads\/2025\/08\/87404749a563b0c03a3f54394c4a0dd8.jpg 1215w, https:\/\/lydenim.com\/wp-content\/uploads\/2025\/08\/87404749a563b0c03a3f54394c4a0dd8-240x300.jpg 240w, https:\/\/lydenim.com\/wp-content\/uploads\/2025\/08\/87404749a563b0c03a3f54394c4a0dd8-819x1024.jpg 819w, https:\/\/lydenim.com\/wp-content\/uploads\/2025\/08\/87404749a563b0c03a3f54394c4a0dd8-768x960.jpg 768w, https:\/\/lydenim.com\/wp-content\/uploads\/2025\/08\/87404749a563b0c03a3f54394c4a0dd8-10x12.jpg 10w, https:\/\/lydenim.com\/wp-content\/uploads\/2025\/08\/87404749a563b0c03a3f54394c4a0dd8-600x750.jpg 600w, https:\/\/lydenim.com\/wp-content\/uploads\/2025\/08\/87404749a563b0c03a3f54394c4a0dd8-150x188.jpg 150w\" sizes=\"auto, (max-width: 600px) 100vw, 600px\" \/><p id=\"caption-attachment-6502\" class=\"wp-caption-text\">Acabado del borde del orillo<\/p><\/div><\/li>\n<li><strong>Mezclilla regular<\/strong>:Requiere costura overlock para evitar que sus bordes cortados sin rematar se deshagan y no tiene la atractiva calidad del borde propio.<img loading=\"lazy\" decoding=\"async\" class=\"aligncenter wp-image-2748\" src=\"https:\/\/lydenim.com\/wp-content\/uploads\/2025\/01\/DSC07869-1-scaled.jpg\" alt=\"\" width=\"600\" height=\"600\" srcset=\"https:\/\/lydenim.com\/wp-content\/uploads\/2025\/01\/DSC07869-1-scaled.jpg 2560w, https:\/\/lydenim.com\/wp-content\/uploads\/2025\/01\/DSC07869-1-300x300.jpg 300w, https:\/\/lydenim.com\/wp-content\/uploads\/2025\/01\/DSC07869-1-150x150.jpg 150w, https:\/\/lydenim.com\/wp-content\/uploads\/2025\/01\/DSC07869-1-scaled-600x600.jpg 600w, https:\/\/lydenim.com\/wp-content\/uploads\/2025\/01\/DSC07869-1-1024x1024.jpg 1024w, https:\/\/lydenim.com\/wp-content\/uploads\/2025\/01\/DSC07869-1-768x768.jpg 768w, https:\/\/lydenim.com\/wp-content\/uploads\/2025\/01\/DSC07869-1-1536x1536.jpg 1536w, https:\/\/lydenim.com\/wp-content\/uploads\/2025\/01\/DSC07869-1-2048x2048.jpg 2048w, https:\/\/lydenim.com\/wp-content\/uploads\/2025\/01\/DSC07869-1-12x12.jpg 12w\" sizes=\"auto, (max-width: 600px) 100vw, 600px\" \/><\/li>\n<\/ul>\n<h3 dir=\"auto\">3. <strong>Ancho y desperdicio de tela<\/strong><\/h3>\n<ul dir=\"auto\">\n<li><strong>Mezclilla con orillo<\/strong>:Los rollos alcanzan 30 pulgadas de ancho porque sus bordes autoacabados se convierten en parte del corte de patrones en la producci\u00f3n de jeans.\n<p><div id=\"attachment_6497\" style=\"width: 610px\" class=\"wp-caption aligncenter\"><img loading=\"lazy\" decoding=\"async\" aria-describedby=\"caption-attachment-6497\" class=\"wp-image-6497\" src=\"https:\/\/lydenim.com\/wp-content\/uploads\/2025\/08\/25e8f49fe670a1f619fb7f6b55162563.jpg\" alt=\"\" width=\"600\" height=\"750\" srcset=\"https:\/\/lydenim.com\/wp-content\/uploads\/2025\/08\/25e8f49fe670a1f619fb7f6b55162563.jpg 1082w, https:\/\/lydenim.com\/wp-content\/uploads\/2025\/08\/25e8f49fe670a1f619fb7f6b55162563-240x300.jpg 240w, https:\/\/lydenim.com\/wp-content\/uploads\/2025\/08\/25e8f49fe670a1f619fb7f6b55162563-819x1024.jpg 819w, https:\/\/lydenim.com\/wp-content\/uploads\/2025\/08\/25e8f49fe670a1f619fb7f6b55162563-768x960.jpg 768w, https:\/\/lydenim.com\/wp-content\/uploads\/2025\/08\/25e8f49fe670a1f619fb7f6b55162563-10x12.jpg 10w, https:\/\/lydenim.com\/wp-content\/uploads\/2025\/08\/25e8f49fe670a1f619fb7f6b55162563-600x750.jpg 600w, https:\/\/lydenim.com\/wp-content\/uploads\/2025\/08\/25e8f49fe670a1f619fb7f6b55162563-150x188.jpg 150w\" sizes=\"auto, (max-width: 600px) 100vw, 600px\" \/><p id=\"caption-attachment-6497\" class=\"wp-caption-text\">Ancho del orillo<\/p><\/div><\/li>\n<li><strong>Mezclilla regular<\/strong>:La producci\u00f3n se beneficia de rollos anchos de 60 a 75 pulgadas, pero estos rollos generan desechos adicionales cuando necesitan recortarse.\n<p><div id=\"attachment_6505\" style=\"width: 610px\" class=\"wp-caption aligncenter\"><img loading=\"lazy\" decoding=\"async\" aria-describedby=\"caption-attachment-6505\" class=\"wp-image-6505\" src=\"https:\/\/lydenim.com\/wp-content\/uploads\/2025\/08\/\u666e\u901a\u7684\u95e8\u5e45.jpeg\" alt=\"\" width=\"600\" height=\"750\" srcset=\"https:\/\/lydenim.com\/wp-content\/uploads\/2025\/08\/\u666e\u901a\u7684\u95e8\u5e45.jpeg 1027w, https:\/\/lydenim.com\/wp-content\/uploads\/2025\/08\/\u666e\u901a\u7684\u95e8\u5e45-240x300.jpeg 240w, https:\/\/lydenim.com\/wp-content\/uploads\/2025\/08\/\u666e\u901a\u7684\u95e8\u5e45-819x1024.jpeg 819w, https:\/\/lydenim.com\/wp-content\/uploads\/2025\/08\/\u666e\u901a\u7684\u95e8\u5e45-768x960.jpeg 768w, https:\/\/lydenim.com\/wp-content\/uploads\/2025\/08\/\u666e\u901a\u7684\u95e8\u5e45-10x12.jpeg 10w, https:\/\/lydenim.com\/wp-content\/uploads\/2025\/08\/\u666e\u901a\u7684\u95e8\u5e45-600x750.jpeg 600w, https:\/\/lydenim.com\/wp-content\/uploads\/2025\/08\/\u666e\u901a\u7684\u95e8\u5e45-150x188.jpeg 150w\" sizes=\"auto, (max-width: 600px) 100vw, 600px\" \/><p id=\"caption-attachment-6505\" class=\"wp-caption-text\">Ancho regular de mezclilla<\/p><\/div><\/li>\n<\/ul>\n<h3 dir=\"auto\">4. <strong>Calidad y durabilidad<\/strong><\/h3>\n<ul dir=\"auto\">\n<li><strong>Mezclilla con orillo<\/strong>:A menudo utiliza alta calidad <strong>algod\u00f3n hilado en anillos<\/strong> y te\u00f1ido experto, lo que contribuye a su reputaci\u00f3n de durabilidad. Pesado <strong>mezclilla con orillo<\/strong> (12\u201321 oz) puede durar de 5 a 10 a\u00f1os con el cuidado adecuado, desarrollando patrones de decoloraci\u00f3n \u00fanicos<\/li>\n<li><strong>Mezclilla regular<\/strong>La durabilidad depende de la calidad y el peso del hilo, no del m\u00e9todo de tejido. Alta calidad. <strong>mezclilla regular<\/strong> puede igualar <strong>mezclilla con orillo<\/strong> en resistencia, pero las telas m\u00e1s ligeras pueden desgastarse m\u00e1s r\u00e1pido\n<p><div id=\"attachment_6499\" style=\"width: 610px\" class=\"wp-caption aligncenter\"><img loading=\"lazy\" decoding=\"async\" aria-describedby=\"caption-attachment-6499\" class=\"wp-image-6499\" src=\"https:\/\/lydenim.com\/wp-content\/uploads\/2025\/08\/59d4084004479534273d33e5d5dd07ca.jpg\" alt=\"\" width=\"600\" height=\"375\" srcset=\"https:\/\/lydenim.com\/wp-content\/uploads\/2025\/08\/59d4084004479534273d33e5d5dd07ca.jpg 1726w, https:\/\/lydenim.com\/wp-content\/uploads\/2025\/08\/59d4084004479534273d33e5d5dd07ca-300x188.jpg 300w, https:\/\/lydenim.com\/wp-content\/uploads\/2025\/08\/59d4084004479534273d33e5d5dd07ca-1024x641.jpg 1024w, https:\/\/lydenim.com\/wp-content\/uploads\/2025\/08\/59d4084004479534273d33e5d5dd07ca-768x481.jpg 768w, https:\/\/lydenim.com\/wp-content\/uploads\/2025\/08\/59d4084004479534273d33e5d5dd07ca-1536x961.jpg 1536w, https:\/\/lydenim.com\/wp-content\/uploads\/2025\/08\/59d4084004479534273d33e5d5dd07ca-18x12.jpg 18w, https:\/\/lydenim.com\/wp-content\/uploads\/2025\/08\/59d4084004479534273d33e5d5dd07ca-600x375.jpg 600w, https:\/\/lydenim.com\/wp-content\/uploads\/2025\/08\/59d4084004479534273d33e5d5dd07ca-150x94.jpg 150w\" sizes=\"auto, (max-width: 600px) 100vw, 600px\" \/><p id=\"caption-attachment-6499\" class=\"wp-caption-text\">Comparaci\u00f3n de calidad<\/p><\/div><\/li>\n<\/ul>\n<h3 dir=\"auto\">5. <strong>Costo<\/strong><\/h3>\n<ul dir=\"auto\">\n<li><strong>Mezclilla con orillo<\/strong>:M\u00e1s caro debido a la mano de obra intensiva. <strong>telar de lanzadera<\/strong> proceso y tiradas de producci\u00f3n m\u00e1s peque\u00f1as. Los precios suelen oscilar entre $120 y $400+ (p. ej., <strong>Coraz\u00f3n de hierro<\/strong>:$300\u2013$450, <strong>Levi&#039;s Vintage Selvedge<\/strong>:$180\u2013$250).<\/li>\n<li><strong>Mezclilla regular<\/strong>:Producidos en masa y de forma rentable, con precios que oscilan entre $40 y $120 (por ejemplo, <strong>Levi&#039;s 501 Regular<\/strong>:$50\u2013$100).\n<p><div id=\"attachment_6503\" style=\"width: 610px\" class=\"wp-caption aligncenter\"><img loading=\"lazy\" decoding=\"async\" aria-describedby=\"caption-attachment-6503\" class=\"wp-image-6503\" src=\"https:\/\/lydenim.com\/wp-content\/uploads\/2025\/08\/b4fe328a06112441e4f0eb21c103f6ce.jpg\" alt=\"\" width=\"600\" height=\"480\" srcset=\"https:\/\/lydenim.com\/wp-content\/uploads\/2025\/08\/b4fe328a06112441e4f0eb21c103f6ce.jpg 1996w, https:\/\/lydenim.com\/wp-content\/uploads\/2025\/08\/b4fe328a06112441e4f0eb21c103f6ce-300x240.jpg 300w, https:\/\/lydenim.com\/wp-content\/uploads\/2025\/08\/b4fe328a06112441e4f0eb21c103f6ce-1024x819.jpg 1024w, https:\/\/lydenim.com\/wp-content\/uploads\/2025\/08\/b4fe328a06112441e4f0eb21c103f6ce-768x614.jpg 768w, https:\/\/lydenim.com\/wp-content\/uploads\/2025\/08\/b4fe328a06112441e4f0eb21c103f6ce-1536x1229.jpg 1536w, https:\/\/lydenim.com\/wp-content\/uploads\/2025\/08\/b4fe328a06112441e4f0eb21c103f6ce-15x12.jpg 15w, https:\/\/lydenim.com\/wp-content\/uploads\/2025\/08\/b4fe328a06112441e4f0eb21c103f6ce-600x480.jpg 600w, https:\/\/lydenim.com\/wp-content\/uploads\/2025\/08\/b4fe328a06112441e4f0eb21c103f6ce-150x120.jpg 150w\" sizes=\"auto, (max-width: 600px) 100vw, 600px\" \/><p id=\"caption-attachment-6503\" class=\"wp-caption-text\">Costo de calidad<\/p><\/div><\/li>\n<\/ul>\n<h3 dir=\"auto\">6. <strong>Estilo y est\u00e9tica<\/strong><\/h3>\n<ul dir=\"auto\">\n<li><strong>Mezclilla con orillo<\/strong>:Valorado por su atractivo patrimonial y <strong>borde autoacabado<\/strong>, que a\u00f1ade un toque \u00fanico al doblarse. El tejido irregular crea un toque personalizado. <strong>patrones de desvanecimiento<\/strong> con el tiempo, especialmente en <strong>mezclilla con orillo crudo<\/strong>.\n<p><div id=\"attachment_6496\" style=\"width: 610px\" class=\"wp-caption aligncenter\"><img loading=\"lazy\" decoding=\"async\" aria-describedby=\"caption-attachment-6496\" class=\"wp-image-6496\" src=\"https:\/\/lydenim.com\/wp-content\/uploads\/2025\/08\/23dbdb4caaeb937af46c7fa1f6196a12.jpg\" alt=\"\" width=\"600\" height=\"750\" srcset=\"https:\/\/lydenim.com\/wp-content\/uploads\/2025\/08\/23dbdb4caaeb937af46c7fa1f6196a12.jpg 1229w, https:\/\/lydenim.com\/wp-content\/uploads\/2025\/08\/23dbdb4caaeb937af46c7fa1f6196a12-240x300.jpg 240w, https:\/\/lydenim.com\/wp-content\/uploads\/2025\/08\/23dbdb4caaeb937af46c7fa1f6196a12-819x1024.jpg 819w, https:\/\/lydenim.com\/wp-content\/uploads\/2025\/08\/23dbdb4caaeb937af46c7fa1f6196a12-768x960.jpg 768w, https:\/\/lydenim.com\/wp-content\/uploads\/2025\/08\/23dbdb4caaeb937af46c7fa1f6196a12-10x12.jpg 10w, https:\/\/lydenim.com\/wp-content\/uploads\/2025\/08\/23dbdb4caaeb937af46c7fa1f6196a12-600x750.jpg 600w, https:\/\/lydenim.com\/wp-content\/uploads\/2025\/08\/23dbdb4caaeb937af46c7fa1f6196a12-150x187.jpg 150w\" sizes=\"auto, (max-width: 600px) 100vw, 600px\" \/><p id=\"caption-attachment-6496\" class=\"wp-caption-text\">Estilo orillo<\/p><\/div><\/li>\n<li><strong>Mezclilla regular<\/strong>Ofrece una amplia variedad de cortes, lavados y acabados (p. ej., ajustado, relajado, desgastado, el\u00e1stico). Carece de... <strong>auto-borde<\/strong> pero es m\u00e1s vers\u00e1til para los estilos convencionales.\n<p><div id=\"attachment_5971\" style=\"width: 610px\" class=\"wp-caption aligncenter\"><img loading=\"lazy\" decoding=\"async\" aria-describedby=\"caption-attachment-5971\" class=\"wp-image-5971\" src=\"https:\/\/lydenim.com\/wp-content\/uploads\/2025\/08\/7703-4\u7247-scaled.jpeg\" alt=\"\" width=\"600\" height=\"800\" srcset=\"https:\/\/lydenim.com\/wp-content\/uploads\/2025\/08\/7703-4\u7247-scaled.jpeg 1920w, https:\/\/lydenim.com\/wp-content\/uploads\/2025\/08\/7703-4\u7247-225x300.jpeg 225w, https:\/\/lydenim.com\/wp-content\/uploads\/2025\/08\/7703-4\u7247-768x1024.jpeg 768w, https:\/\/lydenim.com\/wp-content\/uploads\/2025\/08\/7703-4\u7247-1152x1536.jpeg 1152w, https:\/\/lydenim.com\/wp-content\/uploads\/2025\/08\/7703-4\u7247-1536x2048.jpeg 1536w, https:\/\/lydenim.com\/wp-content\/uploads\/2025\/08\/7703-4\u7247-9x12.jpeg 9w, https:\/\/lydenim.com\/wp-content\/uploads\/2025\/08\/7703-4\u7247-600x800.jpeg 600w, https:\/\/lydenim.com\/wp-content\/uploads\/2025\/08\/7703-4\u7247-150x200.jpeg 150w\" sizes=\"auto, (max-width: 600px) 100vw, 600px\" \/><p id=\"caption-attachment-5971\" class=\"wp-caption-text\">4-Arn\u00e9s<\/p><\/div><\/li>\n<\/ul>\n<h3 dir=\"auto\">7. <strong>Denim crudo vs. Denim con orillo: Aclarando el malentendido<\/strong><\/h3>\n<ul dir=\"auto\">\n<li><strong>Mezclilla cruda<\/strong> se refiere a mezclilla sin lavar, sin importar si es <strong>orillo<\/strong> o <strong>sin orillo<\/strong>. <strong>Mezclilla con orillo<\/strong> Describe el m\u00e9todo de tejido y el acabado del borde. Puedes tener <strong>mezclilla con orillo crudo<\/strong>, <strong>mezclilla con orillo lavado<\/strong>, <strong>mezclilla regular cruda<\/strong>, o <strong>mezclilla regular lavada<\/strong><\/li>\n<\/ul>\n<h2 dir=\"auto\">Pros y contras de <strong>Mezclilla con orillo<\/strong> y <strong>Mezclilla regular<\/strong><\/h2>\n<h3 dir=\"auto\"><strong>Mezclilla con orillo<\/strong> Ventajas<\/h3>\n<ul dir=\"auto\">\n<li><strong>Llamamiento al patrimonio<\/strong>: El <strong>borde autoacabado<\/strong> con una l\u00ednea de color es una marca de artesan\u00eda.<\/li>\n<li><strong>Tejido m\u00e1s apretado<\/strong>: Produce telas m\u00e1s densas y duraderas con caracter\u00edsticas \u00fanicas. <strong>patrones de desvanecimiento<\/strong>.<\/li>\n<li><strong>Valor de coleccionista<\/strong>:Tirajes limitados de f\u00e1bricas como <strong>kurabo<\/strong> o <strong>Kuroki<\/strong> (Jap\u00f3n) son muy buscados.<\/li>\n<li><strong>Larga vida \u00fatil<\/strong>: Pesado <strong>mezclilla con orillo<\/strong> (14\u201321 oz) puede durar entre 5 y 10 a\u00f1os con una hermosa decoloraci\u00f3n.<\/li>\n<\/ul>\n<h3 dir=\"auto\"><strong>Mezclilla con orillo<\/strong> Contras<\/h3>\n<ul dir=\"auto\">\n<li><strong>Caro<\/strong>:A menudo, entre 2 y 4 veces el costo de <strong>mezclilla regular<\/strong>.<\/li>\n<li><strong>R\u00edgido al principio<\/strong>:Requiere un per\u00edodo de adaptaci\u00f3n para mayor comodidad.<\/li>\n<li><strong>Estilos limitados<\/strong>:El ancho estrecho de la tela restringe los dise\u00f1os a cortes cl\u00e1sicos o rectos.\n<p><div id=\"attachment_6465\" style=\"width: 610px\" class=\"wp-caption aligncenter\"><img loading=\"lazy\" decoding=\"async\" aria-describedby=\"caption-attachment-6465\" class=\"wp-image-6465\" src=\"https:\/\/lydenim.com\/wp-content\/uploads\/2025\/08\/9cb7da4da0a8234f10a97c55471aa21e.jpg\" alt=\"\" width=\"600\" height=\"414\" srcset=\"https:\/\/lydenim.com\/wp-content\/uploads\/2025\/08\/9cb7da4da0a8234f10a97c55471aa21e.jpg 1567w, https:\/\/lydenim.com\/wp-content\/uploads\/2025\/08\/9cb7da4da0a8234f10a97c55471aa21e-300x207.jpg 300w, https:\/\/lydenim.com\/wp-content\/uploads\/2025\/08\/9cb7da4da0a8234f10a97c55471aa21e-1024x706.jpg 1024w, https:\/\/lydenim.com\/wp-content\/uploads\/2025\/08\/9cb7da4da0a8234f10a97c55471aa21e-768x529.jpg 768w, https:\/\/lydenim.com\/wp-content\/uploads\/2025\/08\/9cb7da4da0a8234f10a97c55471aa21e-1536x1059.jpg 1536w, https:\/\/lydenim.com\/wp-content\/uploads\/2025\/08\/9cb7da4da0a8234f10a97c55471aa21e-18x12.jpg 18w, https:\/\/lydenim.com\/wp-content\/uploads\/2025\/08\/9cb7da4da0a8234f10a97c55471aa21e-600x414.jpg 600w, https:\/\/lydenim.com\/wp-content\/uploads\/2025\/08\/9cb7da4da0a8234f10a97c55471aa21e-150x103.jpg 150w\" sizes=\"auto, (max-width: 600px) 100vw, 600px\" \/><p id=\"caption-attachment-6465\" class=\"wp-caption-text\">Vaqueros con orillo<\/p><\/div><\/li>\n<\/ul>\n<h3 dir=\"auto\"><strong>Mezclilla regular<\/strong> Ventajas<\/h3>\n<ul dir=\"auto\">\n<li><strong>Asequible<\/strong>:Ampliamente disponible en $40\u2013$100.<\/li>\n<li><strong>Vers\u00e1til<\/strong>:Ofrece varios ajustes, lavados y opciones de estiramiento para mayor comodidad.<\/li>\n<li><strong>Opciones ecol\u00f3gicas<\/strong>:Muchas f\u00e1bricas utilizan sistemas de lavado sostenibles y acabado l\u00e1ser.<\/li>\n<li><strong>C\u00f3modo<\/strong>:El denim el\u00e1stico con elastano es com\u00fan en <strong>mezclilla regular<\/strong>.<\/li>\n<\/ul>\n<h3 dir=\"auto\"><strong>Mezclilla regular<\/strong> Contras<\/h3>\n<ul dir=\"auto\">\n<li><strong>Carece de singularidad<\/strong>: No <strong>borde autoacabado<\/strong> o atractivo patrimonial.<\/li>\n<li><strong>Car\u00e1cter menos desvanecido<\/strong>:Los acabados prelavados carecen de los desvanecimientos personalizados de <strong>mezclilla cruda<\/strong>.<\/li>\n<li><strong>Durabilidad variable<\/strong>:Las telas m\u00e1s ligeras pueden desgastarse m\u00e1s r\u00e1pido.\n<p><div id=\"attachment_5804\" style=\"width: 610px\" class=\"wp-caption aligncenter\"><img loading=\"lazy\" decoding=\"async\" aria-describedby=\"caption-attachment-5804\" class=\"wp-image-5804\" src=\"https:\/\/lydenim.com\/wp-content\/uploads\/2025\/07\/f01864cc5302883c5a45a74acd0ca308.jpg\" alt=\"\" width=\"600\" height=\"355\" srcset=\"https:\/\/lydenim.com\/wp-content\/uploads\/2025\/07\/f01864cc5302883c5a45a74acd0ca308.jpg 1823w, https:\/\/lydenim.com\/wp-content\/uploads\/2025\/07\/f01864cc5302883c5a45a74acd0ca308-300x178.jpg 300w, https:\/\/lydenim.com\/wp-content\/uploads\/2025\/07\/f01864cc5302883c5a45a74acd0ca308-1024x607.jpg 1024w, https:\/\/lydenim.com\/wp-content\/uploads\/2025\/07\/f01864cc5302883c5a45a74acd0ca308-768x455.jpg 768w, https:\/\/lydenim.com\/wp-content\/uploads\/2025\/07\/f01864cc5302883c5a45a74acd0ca308-1536x910.jpg 1536w, https:\/\/lydenim.com\/wp-content\/uploads\/2025\/07\/f01864cc5302883c5a45a74acd0ca308-18x12.jpg 18w, https:\/\/lydenim.com\/wp-content\/uploads\/2025\/07\/f01864cc5302883c5a45a74acd0ca308-600x355.jpg 600w, https:\/\/lydenim.com\/wp-content\/uploads\/2025\/07\/f01864cc5302883c5a45a74acd0ca308-150x89.jpg 150w\" sizes=\"auto, (max-width: 600px) 100vw, 600px\" \/><p id=\"caption-attachment-5804\" class=\"wp-caption-text\">Vaqueros de pierna recta<\/p><\/div><\/li>\n<\/ul>\n<h2 dir=\"auto\">\u00bfQui\u00e9n deber\u00eda elegir? <strong>Mezclilla con orillo<\/strong> contra <strong>Mezclilla regular<\/strong>?<\/h2>\n<ul dir=\"auto\">\n<li><strong>Elige Selvedge Denim<\/strong> si usted:\n<ul dir=\"auto\">\n<li>Valorar la artesan\u00eda y el patrimonio.<\/li>\n<li>\u00bfQuieres unos vaqueros duraderos con un dise\u00f1o \u00fanico? <strong>patrones de desvanecimiento<\/strong>.<\/li>\n<li>Est\u00e1n dispuestos a invertir en denim premium ($120\u2013$400+).<\/li>\n<li>Disfruta de estilos cl\u00e1sicos o de corte recto.<\/li>\n<\/ul>\n<\/li>\n<li><strong>Elige Denim Regular<\/strong> si usted:\n<ul dir=\"auto\">\n<li>Priorizar la asequibilidad ($40\u2013$120).<\/li>\n<li>Prefiero una variedad de ajustes, lavados y opciones de estiramiento.<\/li>\n<li>\u00bfQuieres unos jeans c\u00f3modos sin per\u00edodo de adaptaci\u00f3n?<\/li>\n<li>Necesita estilos vers\u00e1tiles para el uso diario.<\/li>\n<\/ul>\n<\/li>\n<\/ul>\n<h2 dir=\"auto\">Precios y perspectivas del consumidor<\/h2>\n<ul dir=\"auto\">\n<li><strong>Mezclilla con orillo<\/strong>Producido en f\u00e1bricas m\u00e1s peque\u00f1as (p. ej., Jap\u00f3n, Italia, EE. UU.), dirigido a entusiastas y coleccionistas de mezclilla. Los precios oscilan entre $120 y $400+ (p. ej., <strong>Coraz\u00f3n de hierro<\/strong>:$300\u2013$450, <strong>Levi&#039;s Vintage Selvedge<\/strong>:$180\u2013$250).<\/li>\n<li><strong>Mezclilla regular<\/strong>: Producido en masa a nivel mundial para el p\u00fablico general. Los precios oscilan entre $40 y $120 (p. ej., <strong>Levi&#039;s 501 Regular<\/strong>:$50\u2013$100).<\/li>\n<\/ul>\n<h2 dir=\"auto\">Lectura adicional<\/h2>\n<p dir=\"auto\">Para obtener m\u00e1s informaci\u00f3n, explore estos recursos:<\/p>\n<ul dir=\"auto\">\n<li><a href=\"https:\/\/lydenim.com\/es\/\" target=\"_blank\" rel=\"noopener noreferrer nofollow\">Gu\u00eda de LY Denim para mezclilla cruda y con orillo<\/a><\/li>\n<li><a href=\"https:\/\/lydenim.com\/es\/comprension-de-las-texturas-superficiales-de-la-tela-de-mezclilla-y-las-estructuras-del-tejido-decodificadas\/\" target=\"_blank\" rel=\"noopener noreferrer nofollow\">Estilos y texturas de mezclilla de LY Denim<\/a><\/li>\n<li><a href=\"https:\/\/www.levi.com\" target=\"_blank\" rel=\"noopener noreferrer nofollow\">Gu\u00eda de Levi&#039;s para el denim con orillo<\/a><\/li>\n<li><a href=\"https:\/\/www.denimhunters.com\" target=\"_blank\" rel=\"noopener noreferrer nofollow\">Descripci\u00f3n general del denim con orillo de Denimhunters<\/a><\/li>\n<\/ul>\n<h2 dir=\"auto\">Conclusi\u00f3n<\/h2>\n<p dir=\"auto\">El <strong>mezclilla con orillo<\/strong> contra <strong>mezclilla regular<\/strong> El debate depende de tus prioridades. <strong>Mezclilla con orillo<\/strong> ofrece una <strong>borde autoacabado<\/strong>Artesan\u00eda de primera calidad y decoloraci\u00f3n \u00fanica, ideal para entusiastas dispuestos a pagar un precio superior. <strong>Mezclilla regular<\/strong> Es asequible, vers\u00e1til y c\u00f3modo, perfecto para el d\u00eda a d\u00eda. Ninguno es intr\u00ednsecamente &quot;mejor&quot;, pero cada uno satisface necesidades diferentes. Elige <strong>mezclilla con orillo<\/strong> por herencia y durabilidad, o <strong>mezclilla regular<\/strong> por practicidad y variedad.<\/p>\n<h2 dir=\"ltr\" data-pm-slice=\"1 1 []\">Servicios de personalizaci\u00f3n de LYDENIM<\/h2>\n<p dir=\"ltr\">\u00bfSue\u00f1as con un denim de orillo premium con un distintivo acabado de borde rojo? LYDENIM se especializa en la confecci\u00f3n de telas y prendas de denim a medida, dando vida a tu visi\u00f3n \u00fanica con una calidad y comodidad inigualables.<\/p>\n<p dir=\"ltr\">\ud83c\udfa8 <strong>Telas con orillo personalizadas<\/strong><br \/>\nDise\u00f1a tu propia mezclilla con orillo con nuestra colecci\u00f3n premium. Elige entre una gama de colores vibrantes, estampados intrincados y texturas lujosas que se adaptan a tu estilo. Explora nuestra oferta en <a href=\"https:\/\/lydenim.com\/es\/?s=Selvedge&amp;post_type=product\">es.lydenim.com<\/a><\/p>\n<p dir=\"ltr\">\ud83d\udecd\ufe0f <strong>Ropa vaquera a medida<\/strong><br \/>\nCrea prendas impactantes con nuestro caracter\u00edstico denim con orillo, conocido por su excepcional comodidad y durabilidad. Desde jeans a medida hasta elegantes chaquetas, personaliza tu ajuste, color y estilo en <a href=\"https:\/\/liangyuantextile.m.en.alibaba.com\/search\/product?SearchText=selvedge\">Myalibaba<\/a>.<\/p>\n<p dir=\"ltr\">\ud83d\udce9 <strong>Cont\u00e1ctanos<\/strong><br \/>\n\u00bfTienes una idea para tu mezclilla con orillo perfecta? Contacta con nuestro equipo en <a href=\"mailto:malone@lydenim.com\">malone@lydenim.com<\/a> para discutir patrones de tejidos personalizados, mezclas ecol\u00f3gicas o cualquier otra idea.<\/p>\n<p dir=\"ltr\">Transforme sus ideas en realidad con LYDENIM, su socio de confianza para soluciones de mezclilla con bordes rojos innovadoras, c\u00f3modas y personalizadas.<\/p>","protected":false},"excerpt":{"rendered":"<p>Tiempo estimado de lectura: ~6 minutos Introducci\u00f3n El p\u00fablico suele confundir el denim con orillo con el denim normal, aunque estos dos tejidos poseen<\/p>","protected":false},"author":1,"featured_media":6507,"comment_status":"open","ping_status":"open","sticky":false,"template":"","format":"standard","meta":{"two_page_speed":[],"footnotes":""},"categories":[76],"tags":[],"class_list":["post-6407","post","type-post","status-publish","format-standard","has-post-thumbnail","hentry","category-garment"],"aioseo_notices":[],"_links":{"self":[{"href":"https:\/\/lydenim.com\/es\/wp-json\/wp\/v2\/posts\/6407","targetHints":{"allow":["GET"]}}],"collection":[{"href":"https:\/\/lydenim.com\/es\/wp-json\/wp\/v2\/posts"}],"about":[{"href":"https:\/\/lydenim.com\/es\/wp-json\/wp\/v2\/types\/post"}],"author":[{"embeddable":true,"href":"https:\/\/lydenim.com\/es\/wp-json\/wp\/v2\/users\/1"}],"replies":[{"embeddable":true,"href":"https:\/\/lydenim.com\/es\/wp-json\/wp\/v2\/comments?post=6407"}],"version-history":[{"count":4,"href":"https:\/\/lydenim.com\/es\/wp-json\/wp\/v2\/posts\/6407\/revisions"}],"predecessor-version":[{"id":6506,"href":"https:\/\/lydenim.com\/es\/wp-json\/wp\/v2\/posts\/6407\/revisions\/6506"}],"wp:featuredmedia":[{"embeddable":true,"href":"https:\/\/lydenim.com\/es\/wp-json\/wp\/v2\/media\/6507"}],"wp:attachment":[{"href":"https:\/\/lydenim.com\/es\/wp-json\/wp\/v2\/media?parent=6407"}],"wp:term":[{"taxonomy":"category","embeddable":true,"href":"https:\/\/lydenim.com\/es\/wp-json\/wp\/v2\/categories?post=6407"},{"taxonomy":"post_tag","embeddable":true,"href":"https:\/\/lydenim.com\/es\/wp-json\/wp\/v2\/tags?post=6407"}],"curies":[{"name":"wp","href":"https:\/\/api.w.org\/{rel}","templated":true}]}}