{"id":6415,"date":"2025-09-01T00:11:05","date_gmt":"2025-08-31T16:11:05","guid":{"rendered":"https:\/\/lydenim.com\/?p=6415"},"modified":"2025-09-01T00:11:05","modified_gmt":"2025-08-31T16:11:05","slug":"pantalones-de-mezclilla-10-estilos-top-para-2025","status":"publish","type":"post","link":"https:\/\/lydenim.com\/es\/pantalones-de-mezclilla-10-estilos-top-para-2025\/","title":{"rendered":"Pantalones de Mezclilla: 10 Estilos Top para 2025"},"content":{"rendered":"<h2>Introducci\u00f3n<\/h2>\n<p dir=\"auto\">Los pantalones de mezclilla son algo que nunca pasa de moda. Esto se debe a que combine muy bien el estilo y la practicidad, lo que los convierte en una prenda muy popular en M\u00e9xico. En este pa\u00eds, el mercado de pantalones de mezclilla genera una cantidad significativa de dinero, con un total de USD 3.858,6 millones en 2025. Se espera que esta cifra aumente a USD 5.666,6 millones para 2030, seg\u00fan un informe de <a href=\"https:\/\/www.grandviewresearch.com\/horizon\/outlook\/denim-jeans-market\/mexico\">Grand View Research<\/a>. Lo que llama la atenci\u00f3n es que M\u00e9xico es el pa\u00eds donde m\u00e1s se consume jeans, con casi el 79% de la poblaci\u00f3n usando este tipo de pantalones de forma regular, lo que supera incluso al consumo en Europa, donde el porcentaje es del 75%.En todo el mundo, unos cuantos pa\u00edses destacan cuando se trata de consumo de pantalones de mezclilla, entre ellos los Estados Unidos, China -donde m\u00e1s del 70% de la poblaci\u00f3n los utiliza, seg\u00fan un estudio citado en <a href=\"https:\/\/mexicobusiness.news\/ecommerce\/news\/mexico-leads-global-denim-consumption-surpassing-europe-china\">Noticias de negocios de M\u00e9xico<\/a>\u2013 y otros. Este art\u00edculo se centra en las diversas opciones y tendencias para encontrar el par perfecto. Desde estilos \u00fanicos hasta marcas reconocidas, exploramos los distintos outfits y opciones disponibles para que cada persona encuentre sus pantalones de mezclilla favoritos.<\/p>\n<div id=\"attachment_6485\" style=\"width: 610px\" class=\"wp-caption aligncenter\"><img loading=\"lazy\" decoding=\"async\" aria-describedby=\"caption-attachment-6485\" class=\"wp-image-6485\" src=\"https:\/\/lydenim.com\/wp-content\/uploads\/2025\/08\/28ecbbab033a416d4ab725d9c201a94a.jpg\" alt=\"\" width=\"600\" height=\"800\" srcset=\"https:\/\/lydenim.com\/wp-content\/uploads\/2025\/08\/28ecbbab033a416d4ab725d9c201a94a.jpg 1196w, https:\/\/lydenim.com\/wp-content\/uploads\/2025\/08\/28ecbbab033a416d4ab725d9c201a94a-225x300.jpg 225w, https:\/\/lydenim.com\/wp-content\/uploads\/2025\/08\/28ecbbab033a416d4ab725d9c201a94a-768x1024.jpg 768w, https:\/\/lydenim.com\/wp-content\/uploads\/2025\/08\/28ecbbab033a416d4ab725d9c201a94a-1152x1536.jpg 1152w, https:\/\/lydenim.com\/wp-content\/uploads\/2025\/08\/28ecbbab033a416d4ab725d9c201a94a-9x12.jpg 9w, https:\/\/lydenim.com\/wp-content\/uploads\/2025\/08\/28ecbbab033a416d4ab725d9c201a94a-600x800.jpg 600w, https:\/\/lydenim.com\/wp-content\/uploads\/2025\/08\/28ecbbab033a416d4ab725d9c201a94a-150x200.jpg 150w\" sizes=\"auto, (max-width: 600px) 100vw, 600px\" \/><p id=\"caption-attachment-6485\" class=\"wp-caption-text\">Mezclilla<\/p><\/div>\n<h2 dir=\"auto\">Tipos de Pantalones de Mezclilla en Tendencia<\/h2>\n<p dir=\"auto\">Las tendencias de 2025 en pantalones de mezclilla destacan por su versatilidad y audacia. Seg\u00fan Vogue, los jeans acampanados est\u00e1n de vuelta, ofreciendo un aire retro y c\u00f3modo. Otros estilos incluyen populares:<\/p>\n<ul dir=\"auto\">\n<li><strong>Vaqueros holgados<\/strong>: Holgados, perfectos para un look urbano y relajado, ideales para pantalones de mezclilla hombre.\n<p><div id=\"attachment_6484\" style=\"width: 610px\" class=\"wp-caption aligncenter\"><img loading=\"lazy\" decoding=\"async\" aria-describedby=\"caption-attachment-6484\" class=\"wp-image-6484\" src=\"https:\/\/lydenim.com\/wp-content\/uploads\/2025\/08\/8f5d088ef0e34ef7fe4121056e569164.jpg\" alt=\"\" width=\"600\" height=\"414\" srcset=\"https:\/\/lydenim.com\/wp-content\/uploads\/2025\/08\/8f5d088ef0e34ef7fe4121056e569164.jpg 1567w, https:\/\/lydenim.com\/wp-content\/uploads\/2025\/08\/8f5d088ef0e34ef7fe4121056e569164-300x207.jpg 300w, https:\/\/lydenim.com\/wp-content\/uploads\/2025\/08\/8f5d088ef0e34ef7fe4121056e569164-1024x706.jpg 1024w, https:\/\/lydenim.com\/wp-content\/uploads\/2025\/08\/8f5d088ef0e34ef7fe4121056e569164-768x529.jpg 768w, https:\/\/lydenim.com\/wp-content\/uploads\/2025\/08\/8f5d088ef0e34ef7fe4121056e569164-1536x1059.jpg 1536w, https:\/\/lydenim.com\/wp-content\/uploads\/2025\/08\/8f5d088ef0e34ef7fe4121056e569164-18x12.jpg 18w, https:\/\/lydenim.com\/wp-content\/uploads\/2025\/08\/8f5d088ef0e34ef7fe4121056e569164-600x414.jpg 600w, https:\/\/lydenim.com\/wp-content\/uploads\/2025\/08\/8f5d088ef0e34ef7fe4121056e569164-150x103.jpg 150w\" sizes=\"auto, (max-width: 600px) 100vw, 600px\" \/><p id=\"caption-attachment-6484\" class=\"wp-caption-text\">Vaqueros holgados<\/p><\/div><\/li>\n<li><strong>Pierna ancha<\/strong>: Anchos desde la cadera, ideales para combinar con botas o tenis, adapt\u00e1ndose a varios tipos de cuerpo.\n<p><div id=\"attachment_6486\" style=\"width: 610px\" class=\"wp-caption aligncenter\"><img loading=\"lazy\" decoding=\"async\" aria-describedby=\"caption-attachment-6486\" class=\"wp-image-6486\" src=\"https:\/\/lydenim.com\/wp-content\/uploads\/2025\/08\/87bb0789b146eefa948424269704ff74.jpg\" alt=\"\" width=\"600\" height=\"800\" srcset=\"https:\/\/lydenim.com\/wp-content\/uploads\/2025\/08\/87bb0789b146eefa948424269704ff74.jpg 852w, https:\/\/lydenim.com\/wp-content\/uploads\/2025\/08\/87bb0789b146eefa948424269704ff74-225x300.jpg 225w, https:\/\/lydenim.com\/wp-content\/uploads\/2025\/08\/87bb0789b146eefa948424269704ff74-768x1024.jpg 768w, https:\/\/lydenim.com\/wp-content\/uploads\/2025\/08\/87bb0789b146eefa948424269704ff74-9x12.jpg 9w, https:\/\/lydenim.com\/wp-content\/uploads\/2025\/08\/87bb0789b146eefa948424269704ff74-600x800.jpg 600w, https:\/\/lydenim.com\/wp-content\/uploads\/2025\/08\/87bb0789b146eefa948424269704ff74-150x200.jpg 150w\" sizes=\"auto, (max-width: 600px) 100vw, 600px\" \/><p id=\"caption-attachment-6486\" class=\"wp-caption-text\">Pierna ancha<\/p><\/div><\/li>\n<li><strong>Vaqueros rectos<\/strong>: Cl\u00e1sicos y vers\u00e1tiles, como los pantalones de mezclilla para hombre de moda.\n<p><div id=\"attachment_6488\" style=\"width: 610px\" class=\"wp-caption aligncenter\"><img loading=\"lazy\" decoding=\"async\" aria-describedby=\"caption-attachment-6488\" class=\"wp-image-6488\" src=\"https:\/\/lydenim.com\/wp-content\/uploads\/2025\/08\/34605df8a8e46b4c6649470d767f7082.jpg\" alt=\"\" width=\"600\" height=\"750\" srcset=\"https:\/\/lydenim.com\/wp-content\/uploads\/2025\/08\/34605df8a8e46b4c6649470d767f7082.jpg 731w, https:\/\/lydenim.com\/wp-content\/uploads\/2025\/08\/34605df8a8e46b4c6649470d767f7082-240x300.jpg 240w, https:\/\/lydenim.com\/wp-content\/uploads\/2025\/08\/34605df8a8e46b4c6649470d767f7082-10x12.jpg 10w, https:\/\/lydenim.com\/wp-content\/uploads\/2025\/08\/34605df8a8e46b4c6649470d767f7082-600x750.jpg 600w, https:\/\/lydenim.com\/wp-content\/uploads\/2025\/08\/34605df8a8e46b4c6649470d767f7082-150x188.jpg 150w\" sizes=\"auto, (max-width: 600px) 100vw, 600px\" \/><p id=\"caption-attachment-6488\" class=\"wp-caption-text\">Vaqueros rectos<\/p><\/div><\/li>\n<li><strong>Vaqueros de barril<\/strong>: Innovadores, con forma de barril para un estilo juvenil.\n<p><div id=\"attachment_6492\" style=\"width: 610px\" class=\"wp-caption aligncenter\"><img loading=\"lazy\" decoding=\"async\" aria-describedby=\"caption-attachment-6492\" class=\"wp-image-6492\" src=\"https:\/\/lydenim.com\/wp-content\/uploads\/2025\/08\/f5155be23909dd960e509da4896b1acf.jpg\" alt=\"\" width=\"600\" height=\"750\" srcset=\"https:\/\/lydenim.com\/wp-content\/uploads\/2025\/08\/f5155be23909dd960e509da4896b1acf.jpg 1124w, https:\/\/lydenim.com\/wp-content\/uploads\/2025\/08\/f5155be23909dd960e509da4896b1acf-240x300.jpg 240w, https:\/\/lydenim.com\/wp-content\/uploads\/2025\/08\/f5155be23909dd960e509da4896b1acf-819x1024.jpg 819w, https:\/\/lydenim.com\/wp-content\/uploads\/2025\/08\/f5155be23909dd960e509da4896b1acf-768x960.jpg 768w, https:\/\/lydenim.com\/wp-content\/uploads\/2025\/08\/f5155be23909dd960e509da4896b1acf-10x12.jpg 10w, https:\/\/lydenim.com\/wp-content\/uploads\/2025\/08\/f5155be23909dd960e509da4896b1acf-600x750.jpg 600w, https:\/\/lydenim.com\/wp-content\/uploads\/2025\/08\/f5155be23909dd960e509da4896b1acf-150x188.jpg 150w\" sizes=\"auto, (max-width: 600px) 100vw, 600px\" \/><p id=\"caption-attachment-6492\" class=\"wp-caption-text\">Vaqueros de barril<\/p><\/div><\/li>\n<\/ul>\n<p dir=\"auto\">Estos cortes de pantalones de mezclilla no solo son c\u00f3modos, sino que se adaptan a diferentes estilos de vida. Por ejemplo, los jeans rotos a\u00f1aden un toque rebelde, mientras que los holgados priorizan la libertad de movimiento.<\/p>\n<h2 dir=\"auto\">Pantalones de Mezclilla para Hombre<\/h2>\n<p dir=\"auto\">Los pantalones de mezclilla hombre son un must en el armario masculino. Marcas como Levi&#039;s lideran por su calidad y durabilidad. Seg\u00fan Profeco, los modelos de American Crew y Members Mark destacan por su composici\u00f3n mayoritariamente de algod\u00f3n y resistencia al desgaste. Para un outfit casual, combina un pantal\u00f3n de mezclilla negro hombre con una camiseta blanca. Para un look m\u00e1s elegante, opta por un pantal\u00f3n de mezclilla azul marino con camisa de botones.<\/p>\n<div id=\"attachment_6487\" style=\"width: 610px\" class=\"wp-caption aligncenter\"><img loading=\"lazy\" decoding=\"async\" aria-describedby=\"caption-attachment-6487\" class=\"wp-image-6487\" src=\"https:\/\/lydenim.com\/wp-content\/uploads\/2025\/08\/2547ca48f4ccd37143af85875be69465.jpg\" alt=\"\" width=\"600\" height=\"837\" srcset=\"https:\/\/lydenim.com\/wp-content\/uploads\/2025\/08\/2547ca48f4ccd37143af85875be69465.jpg 902w, https:\/\/lydenim.com\/wp-content\/uploads\/2025\/08\/2547ca48f4ccd37143af85875be69465-215x300.jpg 215w, https:\/\/lydenim.com\/wp-content\/uploads\/2025\/08\/2547ca48f4ccd37143af85875be69465-734x1024.jpg 734w, https:\/\/lydenim.com\/wp-content\/uploads\/2025\/08\/2547ca48f4ccd37143af85875be69465-768x1071.jpg 768w, https:\/\/lydenim.com\/wp-content\/uploads\/2025\/08\/2547ca48f4ccd37143af85875be69465-9x12.jpg 9w, https:\/\/lydenim.com\/wp-content\/uploads\/2025\/08\/2547ca48f4ccd37143af85875be69465-600x837.jpg 600w, https:\/\/lydenim.com\/wp-content\/uploads\/2025\/08\/2547ca48f4ccd37143af85875be69465-150x209.jpg 150w\" sizes=\"auto, (max-width: 600px) 100vw, 600px\" \/><p id=\"caption-attachment-6487\" class=\"wp-caption-text\">Pantalones de Mezclilla para Hombre<\/p><\/div>\n<h2 dir=\"auto\">Pantalones de Mezclilla para Mujer<\/h2>\n<p dir=\"auto\">Las mujeres buscan pantalones de mezclilla que combinen moda y comodidad, con cortes como cintura alta y acampanados liderando las tendencias de Primavera.<a href=\"https:\/\/www.vogue.com\/article\/spring-denim-trends-experts\">Verano<\/a> 2025, seg\u00fan Vogue. Un outfit con pantal\u00f3n de mezclilla mujer roto y una blusa boho crea un estilo rom\u00e1ntico.<\/p>\n<p dir=\"auto\">Marcas accesibles como American Eagle y Shein son populares, mientras que opciones sostenibles como Casa Denim apuestan por materiales ecol\u00f3gicos. Mira m\u00e1s ideas en nuestro post sobre estilos femeninos modernos.<\/p>\n<div id=\"attachment_6489\" style=\"width: 610px\" class=\"wp-caption aligncenter\"><img loading=\"lazy\" decoding=\"async\" aria-describedby=\"caption-attachment-6489\" class=\"wp-image-6489\" src=\"https:\/\/lydenim.com\/wp-content\/uploads\/2025\/08\/a46ffad5d5a8b88111cdc984c61842ac.jpg\" alt=\"\" width=\"600\" height=\"750\" srcset=\"https:\/\/lydenim.com\/wp-content\/uploads\/2025\/08\/a46ffad5d5a8b88111cdc984c61842ac.jpg 902w, https:\/\/lydenim.com\/wp-content\/uploads\/2025\/08\/a46ffad5d5a8b88111cdc984c61842ac-240x300.jpg 240w, https:\/\/lydenim.com\/wp-content\/uploads\/2025\/08\/a46ffad5d5a8b88111cdc984c61842ac-820x1024.jpg 820w, https:\/\/lydenim.com\/wp-content\/uploads\/2025\/08\/a46ffad5d5a8b88111cdc984c61842ac-768x960.jpg 768w, https:\/\/lydenim.com\/wp-content\/uploads\/2025\/08\/a46ffad5d5a8b88111cdc984c61842ac-10x12.jpg 10w, https:\/\/lydenim.com\/wp-content\/uploads\/2025\/08\/a46ffad5d5a8b88111cdc984c61842ac-600x750.jpg 600w, https:\/\/lydenim.com\/wp-content\/uploads\/2025\/08\/a46ffad5d5a8b88111cdc984c61842ac-150x187.jpg 150w\" sizes=\"auto, (max-width: 600px) 100vw, 600px\" \/><p id=\"caption-attachment-6489\" class=\"wp-caption-text\">Pantalones de Mezclilla para Mujer<\/p><\/div>\n<h3 dir=\"auto\">Looks con Pantal\u00f3n de Mezclilla<\/h3>\n<p dir=\"auto\">Crear outfits con pantal\u00f3n de mezclilla es sencillo y vers\u00e1til. Para hombres: pantal\u00f3n de mezclilla azul claro con tenis y camiseta para un d\u00eda casual. Para mujeres: pantal\u00f3n de mezclilla negro con saco para un evento semiformal.<\/p>\n<p dir=\"auto\">Ideas populares:<\/p>\n<ul dir=\"auto\">\n<li><strong>Casual<\/strong>: Outfit con pantal\u00f3n de mezclilla y tenis \u2013 c\u00f3modo y trendy.\n<p><div id=\"attachment_6483\" style=\"width: 610px\" class=\"wp-caption aligncenter\"><img loading=\"lazy\" decoding=\"async\" aria-describedby=\"caption-attachment-6483\" class=\"wp-image-6483\" src=\"https:\/\/lydenim.com\/wp-content\/uploads\/2025\/08\/1f60a1f7c0fcb5ad137e347117e8a897.jpg\" alt=\"\" width=\"600\" height=\"750\" srcset=\"https:\/\/lydenim.com\/wp-content\/uploads\/2025\/08\/1f60a1f7c0fcb5ad137e347117e8a897.jpg 1241w, https:\/\/lydenim.com\/wp-content\/uploads\/2025\/08\/1f60a1f7c0fcb5ad137e347117e8a897-240x300.jpg 240w, https:\/\/lydenim.com\/wp-content\/uploads\/2025\/08\/1f60a1f7c0fcb5ad137e347117e8a897-819x1024.jpg 819w, https:\/\/lydenim.com\/wp-content\/uploads\/2025\/08\/1f60a1f7c0fcb5ad137e347117e8a897-768x960.jpg 768w, https:\/\/lydenim.com\/wp-content\/uploads\/2025\/08\/1f60a1f7c0fcb5ad137e347117e8a897-1229x1536.jpg 1229w, https:\/\/lydenim.com\/wp-content\/uploads\/2025\/08\/1f60a1f7c0fcb5ad137e347117e8a897-10x12.jpg 10w, https:\/\/lydenim.com\/wp-content\/uploads\/2025\/08\/1f60a1f7c0fcb5ad137e347117e8a897-600x750.jpg 600w, https:\/\/lydenim.com\/wp-content\/uploads\/2025\/08\/1f60a1f7c0fcb5ad137e347117e8a897-150x187.jpg 150w\" sizes=\"auto, (max-width: 600px) 100vw, 600px\" \/><p id=\"caption-attachment-6483\" class=\"wp-caption-text\">Casual<\/p><\/div><\/li>\n<li><strong>Formal<\/strong>: Blazer con pantal\u00f3n de mezclilla, como sugieren tendencias en TikTok.\n<p><div id=\"attachment_6491\" style=\"width: 610px\" class=\"wp-caption aligncenter\"><img loading=\"lazy\" decoding=\"async\" aria-describedby=\"caption-attachment-6491\" class=\"wp-image-6491\" src=\"https:\/\/lydenim.com\/wp-content\/uploads\/2025\/08\/cd9f4c873ad4f5275484b92045303710.jpg\" alt=\"\" width=\"600\" height=\"750\" srcset=\"https:\/\/lydenim.com\/wp-content\/uploads\/2025\/08\/cd9f4c873ad4f5275484b92045303710.jpg 1129w, https:\/\/lydenim.com\/wp-content\/uploads\/2025\/08\/cd9f4c873ad4f5275484b92045303710-240x300.jpg 240w, https:\/\/lydenim.com\/wp-content\/uploads\/2025\/08\/cd9f4c873ad4f5275484b92045303710-819x1024.jpg 819w, https:\/\/lydenim.com\/wp-content\/uploads\/2025\/08\/cd9f4c873ad4f5275484b92045303710-768x960.jpg 768w, https:\/\/lydenim.com\/wp-content\/uploads\/2025\/08\/cd9f4c873ad4f5275484b92045303710-10x12.jpg 10w, https:\/\/lydenim.com\/wp-content\/uploads\/2025\/08\/cd9f4c873ad4f5275484b92045303710-600x750.jpg 600w, https:\/\/lydenim.com\/wp-content\/uploads\/2025\/08\/cd9f4c873ad4f5275484b92045303710-150x187.jpg 150w\" sizes=\"auto, (max-width: 600px) 100vw, 600px\" \/><p id=\"caption-attachment-6491\" class=\"wp-caption-text\">Formal<\/p><\/div><\/li>\n<li><strong>Juvenil<\/strong>: Pantalones de mezclilla holgados con brillos para fiestas.\n<p><div id=\"attachment_6493\" style=\"width: 610px\" class=\"wp-caption aligncenter\"><img loading=\"lazy\" decoding=\"async\" aria-describedby=\"caption-attachment-6493\" class=\"wp-image-6493\" src=\"https:\/\/lydenim.com\/wp-content\/uploads\/2025\/08\/WechatIMG2290-scaled.jpeg\" alt=\"\" width=\"600\" height=\"250\" srcset=\"https:\/\/lydenim.com\/wp-content\/uploads\/2025\/08\/WechatIMG2290-scaled.jpeg 2560w, https:\/\/lydenim.com\/wp-content\/uploads\/2025\/08\/WechatIMG2290-300x125.jpeg 300w, https:\/\/lydenim.com\/wp-content\/uploads\/2025\/08\/WechatIMG2290-1024x427.jpeg 1024w, https:\/\/lydenim.com\/wp-content\/uploads\/2025\/08\/WechatIMG2290-768x320.jpeg 768w, https:\/\/lydenim.com\/wp-content\/uploads\/2025\/08\/WechatIMG2290-1536x640.jpeg 1536w, https:\/\/lydenim.com\/wp-content\/uploads\/2025\/08\/WechatIMG2290-2048x853.jpeg 2048w, https:\/\/lydenim.com\/wp-content\/uploads\/2025\/08\/WechatIMG2290-18x8.jpeg 18w, https:\/\/lydenim.com\/wp-content\/uploads\/2025\/08\/WechatIMG2290-600x250.jpeg 600w, https:\/\/lydenim.com\/wp-content\/uploads\/2025\/08\/WechatIMG2290-150x63.jpeg 150w\" sizes=\"auto, (max-width: 600px) 100vw, 600px\" \/><p id=\"caption-attachment-6493\" class=\"wp-caption-text\">Juvenil:<\/p><\/div><\/li>\n<\/ul>\n<p dir=\"auto\">Encuentra m\u00e1s inspiraci\u00f3n en nuestro art\u00edculo sobre combinaciones de moda diaria.<\/p>\n<h2 dir=\"ltr\" data-pm-slice=\"1 1 []\">Servicios de Personalizaci\u00f3n de LYDENIM<\/h2>\n<p dir=\"ltr\" data-pm-slice=\"1 1 []\">\u00bfBuscas telas de mezclilla premium o prendas de vestir? <strong>mezclilla<\/strong> \u00bfa medida? LYDENIM ofrece soluciones personalizadas para elevar tus objetivos de dise\u00f1o y producci\u00f3n con telas lujosas y texturizadas.<\/p>\n<p dir=\"ltr\">\ud83c\udfa8 \u00bfQuieres tejidos vaqueros personalizados o prendas vaqueras \u00fanicas y personalizadas? <a href=\"https:\/\/lydenim.com\/es\/\">LYDENIM<\/a> se especializa en soluciones a medida para satisfacer tus necesidades de dise\u00f1o y producci\u00f3n.<\/p>\n<p dir=\"ltr\">\ud83d\udecd\ufe0f <strong>Ropa personalizada<\/strong>: Dise\u00f1a prendas de mezclilla que destaquen con nuestros vers\u00e1tiles tejidos de chenilla, desde vaqueros suaves al tacto hasta elegantes chaquetas. Explora y personaliza\u00a0<a href=\"http:\/\/liangyuantextile.m.en.alibaba.com\"><strong>Myalibaba<\/strong><\/a>.<\/p>\n<p>\ud83d\udce9 <strong>Cont\u00e1ctanos<\/strong>: P\u00f3ngase en contacto con nuestro equipo en <a href=\"mailto:malone@lydenim.com\">malone@lydenim.com<\/a> para hablar sobre sus necesidades en materia de tejidos o prendas de vestir, desde patrones de tejido hasta mezclas sostenibles.<\/p>\n<p>Crea tu visi\u00f3n con LYDENIM, tu socio de confianza para tejidos vaqueros innovadores y de alta calidad y soluciones de ropa personalizada.<\/p>","protected":false},"excerpt":{"rendered":"<p>Introducci\u00f3n Los pantalones de mezclilla son algo que nunca pasa de moda. Esto se debe a que combinen muy bien<\/p>","protected":false},"author":1,"featured_media":6495,"comment_status":"open","ping_status":"open","sticky":false,"template":"","format":"standard","meta":{"two_page_speed":[],"footnotes":""},"categories":[76],"tags":[],"class_list":["post-6415","post","type-post","status-publish","format-standard","has-post-thumbnail","hentry","category-garment"],"aioseo_notices":[],"_links":{"self":[{"href":"https:\/\/lydenim.com\/es\/wp-json\/wp\/v2\/posts\/6415","targetHints":{"allow":["GET"]}}],"collection":[{"href":"https:\/\/lydenim.com\/es\/wp-json\/wp\/v2\/posts"}],"about":[{"href":"https:\/\/lydenim.com\/es\/wp-json\/wp\/v2\/types\/post"}],"author":[{"embeddable":true,"href":"https:\/\/lydenim.com\/es\/wp-json\/wp\/v2\/users\/1"}],"replies":[{"embeddable":true,"href":"https:\/\/lydenim.com\/es\/wp-json\/wp\/v2\/comments?post=6415"}],"version-history":[{"count":2,"href":"https:\/\/lydenim.com\/es\/wp-json\/wp\/v2\/posts\/6415\/revisions"}],"predecessor-version":[{"id":6494,"href":"https:\/\/lydenim.com\/es\/wp-json\/wp\/v2\/posts\/6415\/revisions\/6494"}],"wp:featuredmedia":[{"embeddable":true,"href":"https:\/\/lydenim.com\/es\/wp-json\/wp\/v2\/media\/6495"}],"wp:attachment":[{"href":"https:\/\/lydenim.com\/es\/wp-json\/wp\/v2\/media?parent=6415"}],"wp:term":[{"taxonomy":"category","embeddable":true,"href":"https:\/\/lydenim.com\/es\/wp-json\/wp\/v2\/categories?post=6415"},{"taxonomy":"post_tag","embeddable":true,"href":"https:\/\/lydenim.com\/es\/wp-json\/wp\/v2\/tags?post=6415"}],"curies":[{"name":"wp","href":"https:\/\/api.w.org\/{rel}","templated":true}]}}