{"id":6703,"date":"2025-10-10T12:00:01","date_gmt":"2025-10-10T04:00:01","guid":{"rendered":"https:\/\/lydenim.com\/?p=6703"},"modified":"2025-10-10T12:00:01","modified_gmt":"2025-10-10T04:00:01","slug":"fall-2025-denim-trends-the-must-have-jeans-styles-taking-over-your-wardrobe","status":"publish","type":"post","link":"https:\/\/lydenim.com\/es\/tendencias-de-mezclilla-otono-2025-los-estilos-de-jeans-imprescindibles-que-se-apoderaran-de-tu-armario\/","title":{"rendered":"Tendencias de mezclilla oto\u00f1o 2025: \u00a1Los estilos de jeans imprescindibles que se apoderar\u00e1n de tu guardarropa!"},"content":{"rendered":"<h2>Tiempo estimado de lectura: ~4 minutos<\/h2>\n<p dir=\"auto\">Todo el mundo sabe que los jeans son una prenda b\u00e1sica atemporal que nunca pasa de moda. Pero cada temporada, las marcas renuevan los cl\u00e1sicos con cortes y detalles innovadores. Entonces, \u00bfqu\u00e9...? <em>Tendencias de jeans oto\u00f1o 2025<\/em> \u00bfDominan las pasarelas y las calles? Acomp\u00e1\u00f1anos a analizar las siluetas de mezclilla m\u00e1s populares, desde los resurgimientos vintage hasta los looks informales para el d\u00eda a d\u00eda. Ya sea que busques... <em>Ideas de atuendos con jeans de pap\u00e1<\/em> o <em>Consejos para estilizar jeans acampanados<\/em>\u00a1Te tenemos cubierto!<\/p>\n<h2 dir=\"auto\">Vaqueros de pap\u00e1 n.\u00b0 1: el renacimiento vintage definitivo<\/h2>\n<p dir=\"auto\">Con la fiebre retro que recorre el mundo de la moda, las prendas sacadas directamente del armario de tus padres o incluso de tus abuelos est\u00e1n volviendo con fuerza. Los &quot;jeans mom&quot; y los &quot;pantalones abuela&quot; fueron solo el comienzo; ahora... <em>vaqueros de pap\u00e1<\/em> \u00a1Est\u00e1n arrasando en la escena y todos los compradores amantes del estilo los est\u00e1n adquiriendo!<\/p>\n<div id=\"attachment_6706\" style=\"width: 610px\" class=\"wp-caption aligncenter\"><img loading=\"lazy\" decoding=\"async\" aria-describedby=\"caption-attachment-6706\" class=\"wp-image-6706\" src=\"https:\/\/lydenim.com\/wp-content\/uploads\/2025\/10\/DM_20251008163638_002.jpg\" alt=\"\" width=\"600\" height=\"401\" srcset=\"https:\/\/lydenim.com\/wp-content\/uploads\/2025\/10\/DM_20251008163638_002.jpg 443w, https:\/\/lydenim.com\/wp-content\/uploads\/2025\/10\/DM_20251008163638_002-300x200.jpg 300w, https:\/\/lydenim.com\/wp-content\/uploads\/2025\/10\/DM_20251008163638_002-18x12.jpg 18w, https:\/\/lydenim.com\/wp-content\/uploads\/2025\/10\/DM_20251008163638_002-150x100.jpg 150w\" sizes=\"auto, (max-width: 600px) 100vw, 600px\" \/><p id=\"caption-attachment-6706\" class=\"wp-caption-text\">Vaqueros de pap\u00e1<\/p><\/div>\n<p dir=\"auto\">Si todav\u00eda est\u00e1s tratando de entender la diferencia entre <em>Vaqueros de pap\u00e1<\/em> y <em>Vaqueros de mam\u00e1<\/em>Aqu\u00ed tienes una comparaci\u00f3n r\u00e1pida: los jeans mom tienen una silueta de cintura alta, ancha en la parte superior y estrecha en la inferior, con un ajuste ce\u00f1ido y estructurado en caderas y tobillos. Los jeans dad, en cambio, ofrecen un corte relajado y recto, holgado desde la cadera hasta el bajo, sin enfatizar la cintura ni las curvas, para un look relajado y natural.<\/p>\n<div id=\"attachment_6707\" style=\"width: 610px\" class=\"wp-caption aligncenter\"><img loading=\"lazy\" decoding=\"async\" aria-describedby=\"caption-attachment-6707\" class=\"wp-image-6707\" src=\"https:\/\/lydenim.com\/wp-content\/uploads\/2025\/10\/DM_20251008163638_003.jpg\" alt=\"\" width=\"600\" height=\"449\" srcset=\"https:\/\/lydenim.com\/wp-content\/uploads\/2025\/10\/DM_20251008163638_003.jpg 676w, https:\/\/lydenim.com\/wp-content\/uploads\/2025\/10\/DM_20251008163638_003-300x225.jpg 300w, https:\/\/lydenim.com\/wp-content\/uploads\/2025\/10\/DM_20251008163638_003-16x12.jpg 16w, https:\/\/lydenim.com\/wp-content\/uploads\/2025\/10\/DM_20251008163638_003-600x449.jpg 600w, https:\/\/lydenim.com\/wp-content\/uploads\/2025\/10\/DM_20251008163638_003-150x112.jpg 150w\" sizes=\"auto, (max-width: 600px) 100vw, 600px\" \/><p id=\"caption-attachment-6707\" class=\"wp-caption-text\">Jeans de pap\u00e1 y jeans de mam\u00e1<\/p><\/div>\n<p dir=\"auto\">Los jeans dad destilan un estilo casual y moderno, con una energ\u00eda masculina desbordante. Comb\u00ednalos con prendas de g\u00e9nero neutro para un toque andr\u00f3gino, chic y con mucha personalidad.<\/p>\n<div id=\"attachment_6708\" style=\"width: 610px\" class=\"wp-caption aligncenter\"><img loading=\"lazy\" decoding=\"async\" aria-describedby=\"caption-attachment-6708\" class=\"wp-image-6708\" src=\"https:\/\/lydenim.com\/wp-content\/uploads\/2025\/10\/DM_20251008163638_004.jpg\" alt=\"\" width=\"600\" height=\"800\" srcset=\"https:\/\/lydenim.com\/wp-content\/uploads\/2025\/10\/DM_20251008163638_004.jpg 475w, https:\/\/lydenim.com\/wp-content\/uploads\/2025\/10\/DM_20251008163638_004-225x300.jpg 225w, https:\/\/lydenim.com\/wp-content\/uploads\/2025\/10\/DM_20251008163638_004-9x12.jpg 9w, https:\/\/lydenim.com\/wp-content\/uploads\/2025\/10\/DM_20251008163638_004-450x600.jpg 450w, https:\/\/lydenim.com\/wp-content\/uploads\/2025\/10\/DM_20251008163638_004-150x200.jpg 150w\" sizes=\"auto, (max-width: 600px) 100vw, 600px\" \/><p id=\"caption-attachment-6708\" class=\"wp-caption-text\">Vaqueros de pap\u00e1<\/p><\/div>\n<div id=\"attachment_6709\" style=\"width: 610px\" class=\"wp-caption aligncenter\"><img loading=\"lazy\" decoding=\"async\" aria-describedby=\"caption-attachment-6709\" class=\"wp-image-6709\" src=\"https:\/\/lydenim.com\/wp-content\/uploads\/2025\/10\/DM_20251008163638_005.jpg\" alt=\"\" width=\"600\" height=\"800\" srcset=\"https:\/\/lydenim.com\/wp-content\/uploads\/2025\/10\/DM_20251008163638_005.jpg 475w, https:\/\/lydenim.com\/wp-content\/uploads\/2025\/10\/DM_20251008163638_005-225x300.jpg 225w, https:\/\/lydenim.com\/wp-content\/uploads\/2025\/10\/DM_20251008163638_005-9x12.jpg 9w, https:\/\/lydenim.com\/wp-content\/uploads\/2025\/10\/DM_20251008163638_005-450x600.jpg 450w, https:\/\/lydenim.com\/wp-content\/uploads\/2025\/10\/DM_20251008163638_005-150x200.jpg 150w\" sizes=\"auto, (max-width: 600px) 100vw, 600px\" \/><p id=\"caption-attachment-6709\" class=\"wp-caption-text\">Vaqueros de pap\u00e1<\/p><\/div>\n<p dir=\"auto\">Comb\u00ednalos con blazers de inspiraci\u00f3n vintage o chaquetas cortas para lograr un look retro sofisticado, elegante pero divertido, que seguro llamar\u00e1 la atenci\u00f3n.<\/p>\n<div id=\"attachment_6710\" style=\"width: 610px\" class=\"wp-caption aligncenter\"><img loading=\"lazy\" decoding=\"async\" aria-describedby=\"caption-attachment-6710\" class=\"wp-image-6710\" src=\"https:\/\/lydenim.com\/wp-content\/uploads\/2025\/10\/DM_20251008163638_006.jpg\" alt=\"\" width=\"600\" height=\"800\" srcset=\"https:\/\/lydenim.com\/wp-content\/uploads\/2025\/10\/DM_20251008163638_006.jpg 475w, https:\/\/lydenim.com\/wp-content\/uploads\/2025\/10\/DM_20251008163638_006-225x300.jpg 225w, https:\/\/lydenim.com\/wp-content\/uploads\/2025\/10\/DM_20251008163638_006-9x12.jpg 9w, https:\/\/lydenim.com\/wp-content\/uploads\/2025\/10\/DM_20251008163638_006-450x600.jpg 450w, https:\/\/lydenim.com\/wp-content\/uploads\/2025\/10\/DM_20251008163638_006-150x200.jpg 150w\" sizes=\"auto, (max-width: 600px) 100vw, 600px\" \/><p id=\"caption-attachment-6710\" class=\"wp-caption-text\">Vaqueros de pap\u00e1 vintage a juego<\/p><\/div>\n<div id=\"attachment_6711\" style=\"width: 610px\" class=\"wp-caption aligncenter\"><img loading=\"lazy\" decoding=\"async\" aria-describedby=\"caption-attachment-6711\" class=\"wp-image-6711\" src=\"https:\/\/lydenim.com\/wp-content\/uploads\/2025\/10\/DM_20251008163638_007.jpg\" alt=\"\" width=\"600\" height=\"800\" srcset=\"https:\/\/lydenim.com\/wp-content\/uploads\/2025\/10\/DM_20251008163638_007.jpg 475w, https:\/\/lydenim.com\/wp-content\/uploads\/2025\/10\/DM_20251008163638_007-225x300.jpg 225w, https:\/\/lydenim.com\/wp-content\/uploads\/2025\/10\/DM_20251008163638_007-9x12.jpg 9w, https:\/\/lydenim.com\/wp-content\/uploads\/2025\/10\/DM_20251008163638_007-450x600.jpg 450w, https:\/\/lydenim.com\/wp-content\/uploads\/2025\/10\/DM_20251008163638_007-150x200.jpg 150w\" sizes=\"auto, (max-width: 600px) 100vw, 600px\" \/><p id=\"caption-attachment-6711\" class=\"wp-caption-text\">Vaqueros de pap\u00e1 vintage a juego<\/p><\/div>\n<p dir=\"auto\">Para darle un toque femenino, prioriza tu blusa y tus zapatos. Opta por blusas con hombros descubiertos y estampados florales o tacones de tiras para combinar un vaquero resistente con un toque rom\u00e1ntico: la elegancia se une a la discreci\u00f3n de la forma m\u00e1s seductora.<\/p>\n<div id=\"attachment_6712\" style=\"width: 580px\" class=\"wp-caption aligncenter\"><img loading=\"lazy\" decoding=\"async\" aria-describedby=\"caption-attachment-6712\" class=\"size-full wp-image-6712\" src=\"https:\/\/lydenim.com\/wp-content\/uploads\/2025\/10\/DM_20251008163638_008.jpg\" alt=\"\" width=\"570\" height=\"871\" srcset=\"https:\/\/lydenim.com\/wp-content\/uploads\/2025\/10\/DM_20251008163638_008.jpg 570w, https:\/\/lydenim.com\/wp-content\/uploads\/2025\/10\/DM_20251008163638_008-196x300.jpg 196w, https:\/\/lydenim.com\/wp-content\/uploads\/2025\/10\/DM_20251008163638_008-8x12.jpg 8w, https:\/\/lydenim.com\/wp-content\/uploads\/2025\/10\/DM_20251008163638_008-393x600.jpg 393w, https:\/\/lydenim.com\/wp-content\/uploads\/2025\/10\/DM_20251008163638_008-150x229.jpg 150w\" sizes=\"auto, (max-width: 570px) 100vw, 570px\" \/><p id=\"caption-attachment-6712\" class=\"wp-caption-text\">Combinaci\u00f3n de m\u00faltiples estilos<\/p><\/div>\n<div id=\"attachment_6713\" style=\"width: 610px\" class=\"wp-caption aligncenter\"><img loading=\"lazy\" decoding=\"async\" aria-describedby=\"caption-attachment-6713\" class=\"wp-image-6713\" src=\"https:\/\/lydenim.com\/wp-content\/uploads\/2025\/10\/DM_20251008163638_009.jpg\" alt=\"\" width=\"600\" height=\"917\" srcset=\"https:\/\/lydenim.com\/wp-content\/uploads\/2025\/10\/DM_20251008163638_009.jpg 570w, https:\/\/lydenim.com\/wp-content\/uploads\/2025\/10\/DM_20251008163638_009-196x300.jpg 196w, https:\/\/lydenim.com\/wp-content\/uploads\/2025\/10\/DM_20251008163638_009-8x12.jpg 8w, https:\/\/lydenim.com\/wp-content\/uploads\/2025\/10\/DM_20251008163638_009-393x600.jpg 393w, https:\/\/lydenim.com\/wp-content\/uploads\/2025\/10\/DM_20251008163638_009-150x229.jpg 150w\" sizes=\"auto, (max-width: 600px) 100vw, 600px\" \/><p id=\"caption-attachment-6713\" class=\"wp-caption-text\">Combinaci\u00f3n de m\u00faltiples estilos<\/p><\/div>\n<div id=\"attachment_6714\" style=\"width: 610px\" class=\"wp-caption aligncenter\"><img loading=\"lazy\" decoding=\"async\" aria-describedby=\"caption-attachment-6714\" class=\"wp-image-6714\" src=\"https:\/\/lydenim.com\/wp-content\/uploads\/2025\/10\/DM_20251008163638_010.jpg\" alt=\"\" width=\"600\" height=\"917\" srcset=\"https:\/\/lydenim.com\/wp-content\/uploads\/2025\/10\/DM_20251008163638_010.jpg 570w, https:\/\/lydenim.com\/wp-content\/uploads\/2025\/10\/DM_20251008163638_010-196x300.jpg 196w, https:\/\/lydenim.com\/wp-content\/uploads\/2025\/10\/DM_20251008163638_010-8x12.jpg 8w, https:\/\/lydenim.com\/wp-content\/uploads\/2025\/10\/DM_20251008163638_010-393x600.jpg 393w, https:\/\/lydenim.com\/wp-content\/uploads\/2025\/10\/DM_20251008163638_010-150x229.jpg 150w\" sizes=\"auto, (max-width: 600px) 100vw, 600px\" \/><p id=\"caption-attachment-6714\" class=\"wp-caption-text\">Combinaci\u00f3n de m\u00faltiples estilos<\/p><\/div>\n<div id=\"attachment_6715\" style=\"width: 610px\" class=\"wp-caption aligncenter\"><img loading=\"lazy\" decoding=\"async\" aria-describedby=\"caption-attachment-6715\" class=\"wp-image-6715\" src=\"https:\/\/lydenim.com\/wp-content\/uploads\/2025\/10\/DM_20251008163638_011.jpg\" alt=\"\" width=\"600\" height=\"917\" srcset=\"https:\/\/lydenim.com\/wp-content\/uploads\/2025\/10\/DM_20251008163638_011.jpg 570w, https:\/\/lydenim.com\/wp-content\/uploads\/2025\/10\/DM_20251008163638_011-196x300.jpg 196w, https:\/\/lydenim.com\/wp-content\/uploads\/2025\/10\/DM_20251008163638_011-8x12.jpg 8w, https:\/\/lydenim.com\/wp-content\/uploads\/2025\/10\/DM_20251008163638_011-393x600.jpg 393w, https:\/\/lydenim.com\/wp-content\/uploads\/2025\/10\/DM_20251008163638_011-150x229.jpg 150w\" sizes=\"auto, (max-width: 600px) 100vw, 600px\" \/><p id=\"caption-attachment-6715\" class=\"wp-caption-text\">Combinaci\u00f3n de m\u00faltiples estilos<\/p><\/div>\n<h2 dir=\"auto\">Vaqueros acampanados n.\u00b0 2: el glamour de los 70 se vuelve grande<\/h2>\n<p dir=\"auto\">Cuando se trata de vibraciones retro, ninguna pieza grita nostalgia como... <em>pantalones vaqueros de campana<\/em>. A diferencia de los sutiles brotes de los \u00faltimos a\u00f1os, <em>Tendencias de mezclilla oto\u00f1o 2025<\/em> Se trata de campanas de pierna ancha, atrevidas y dram\u00e1ticas, de estilo a\u00f1os 70, que regresan con fuerza.<\/p>\n<div id=\"attachment_6716\" style=\"width: 610px\" class=\"wp-caption aligncenter\"><img loading=\"lazy\" decoding=\"async\" aria-describedby=\"caption-attachment-6716\" class=\"wp-image-6716\" src=\"https:\/\/lydenim.com\/wp-content\/uploads\/2025\/10\/DM_20251008163638_012.jpg\" alt=\"\" width=\"600\" height=\"917\" srcset=\"https:\/\/lydenim.com\/wp-content\/uploads\/2025\/10\/DM_20251008163638_012.jpg 570w, https:\/\/lydenim.com\/wp-content\/uploads\/2025\/10\/DM_20251008163638_012-196x300.jpg 196w, https:\/\/lydenim.com\/wp-content\/uploads\/2025\/10\/DM_20251008163638_012-8x12.jpg 8w, https:\/\/lydenim.com\/wp-content\/uploads\/2025\/10\/DM_20251008163638_012-393x600.jpg 393w, https:\/\/lydenim.com\/wp-content\/uploads\/2025\/10\/DM_20251008163638_012-150x229.jpg 150w\" sizes=\"auto, (max-width: 600px) 100vw, 600px\" \/><p id=\"caption-attachment-6716\" class=\"wp-caption-text\">Vaqueros de campana<\/p><\/div>\n<div id=\"attachment_6717\" style=\"width: 610px\" class=\"wp-caption aligncenter\"><img loading=\"lazy\" decoding=\"async\" aria-describedby=\"caption-attachment-6717\" class=\"wp-image-6717\" src=\"https:\/\/lydenim.com\/wp-content\/uploads\/2025\/10\/DM_20251008163638_013.jpg\" alt=\"\" width=\"600\" height=\"917\" srcset=\"https:\/\/lydenim.com\/wp-content\/uploads\/2025\/10\/DM_20251008163638_013.jpg 570w, https:\/\/lydenim.com\/wp-content\/uploads\/2025\/10\/DM_20251008163638_013-196x300.jpg 196w, https:\/\/lydenim.com\/wp-content\/uploads\/2025\/10\/DM_20251008163638_013-8x12.jpg 8w, https:\/\/lydenim.com\/wp-content\/uploads\/2025\/10\/DM_20251008163638_013-393x600.jpg 393w, https:\/\/lydenim.com\/wp-content\/uploads\/2025\/10\/DM_20251008163638_013-150x229.jpg 150w\" sizes=\"auto, (max-width: 600px) 100vw, 600px\" \/><p id=\"caption-attachment-6717\" class=\"wp-caption-text\">Vaqueros de campana<\/p><\/div>\n<p dir=\"auto\">Estos jeans no solo transmiten el glamour moderno y retro, sino que tambi\u00e9n crean una ilusi\u00f3n instant\u00e1nea de alargamiento de piernas, convirtiendo cada paso en un paso lleno de energ\u00eda boho-chic atemporal.<\/p>\n<div id=\"attachment_6718\" style=\"width: 610px\" class=\"wp-caption aligncenter\"><img loading=\"lazy\" decoding=\"async\" aria-describedby=\"caption-attachment-6718\" class=\"wp-image-6718\" src=\"https:\/\/lydenim.com\/wp-content\/uploads\/2025\/10\/DM_20251008163638_014.jpg\" alt=\"\" width=\"600\" height=\"917\" srcset=\"https:\/\/lydenim.com\/wp-content\/uploads\/2025\/10\/DM_20251008163638_014.jpg 570w, https:\/\/lydenim.com\/wp-content\/uploads\/2025\/10\/DM_20251008163638_014-196x300.jpg 196w, https:\/\/lydenim.com\/wp-content\/uploads\/2025\/10\/DM_20251008163638_014-8x12.jpg 8w, https:\/\/lydenim.com\/wp-content\/uploads\/2025\/10\/DM_20251008163638_014-393x600.jpg 393w, https:\/\/lydenim.com\/wp-content\/uploads\/2025\/10\/DM_20251008163638_014-150x229.jpg 150w\" sizes=\"auto, (max-width: 600px) 100vw, 600px\" \/><p id=\"caption-attachment-6718\" class=\"wp-caption-text\">glamour moderno-retro<\/p><\/div>\n<p dir=\"auto\">Los pantalones acampanados tambi\u00e9n son un b\u00e1sico de la moda francesa para una elegancia rom\u00e1ntica y natural. Comb\u00ednalos con c\u00e1rdigans de estilo abuelo, camisetas a rayas o camisas elegantes con botones. <em>estilo franc\u00e9s chic<\/em> Una est\u00e9tica fresca para la temporada: simple, sofisticada y muy fotog\u00e9nica.<\/p>\n<div id=\"attachment_6721\" style=\"width: 610px\" class=\"wp-caption aligncenter\"><img loading=\"lazy\" decoding=\"async\" aria-describedby=\"caption-attachment-6721\" class=\"wp-image-6721\" src=\"https:\/\/lydenim.com\/wp-content\/uploads\/2025\/10\/DM_20251008163638_017.jpg\" alt=\"\" width=\"600\" height=\"751\" srcset=\"https:\/\/lydenim.com\/wp-content\/uploads\/2025\/10\/DM_20251008163638_017.jpg 570w, https:\/\/lydenim.com\/wp-content\/uploads\/2025\/10\/DM_20251008163638_017-240x300.jpg 240w, https:\/\/lydenim.com\/wp-content\/uploads\/2025\/10\/DM_20251008163638_017-10x12.jpg 10w, https:\/\/lydenim.com\/wp-content\/uploads\/2025\/10\/DM_20251008163638_017-480x600.jpg 480w, https:\/\/lydenim.com\/wp-content\/uploads\/2025\/10\/DM_20251008163638_017-150x188.jpg 150w\" sizes=\"auto, (max-width: 600px) 100vw, 600px\" \/><p id=\"caption-attachment-6721\" class=\"wp-caption-text\">Art\u00edculos de moda de pantalones de campana<\/p><\/div>\n<div id=\"attachment_6722\" style=\"width: 610px\" class=\"wp-caption aligncenter\"><img loading=\"lazy\" decoding=\"async\" aria-describedby=\"caption-attachment-6722\" class=\"wp-image-6722\" src=\"https:\/\/lydenim.com\/wp-content\/uploads\/2025\/10\/DM_20251008163638_018.jpg\" alt=\"\" width=\"600\" height=\"751\" srcset=\"https:\/\/lydenim.com\/wp-content\/uploads\/2025\/10\/DM_20251008163638_018.jpg 570w, https:\/\/lydenim.com\/wp-content\/uploads\/2025\/10\/DM_20251008163638_018-240x300.jpg 240w, https:\/\/lydenim.com\/wp-content\/uploads\/2025\/10\/DM_20251008163638_018-10x12.jpg 10w, https:\/\/lydenim.com\/wp-content\/uploads\/2025\/10\/DM_20251008163638_018-480x600.jpg 480w, https:\/\/lydenim.com\/wp-content\/uploads\/2025\/10\/DM_20251008163638_018-150x188.jpg 150w\" sizes=\"auto, (max-width: 600px) 100vw, 600px\" \/><p id=\"caption-attachment-6722\" class=\"wp-caption-text\">Art\u00edculos de moda de pantalones de campana<\/p><\/div>\n<div id=\"attachment_6723\" style=\"width: 610px\" class=\"wp-caption aligncenter\"><img loading=\"lazy\" decoding=\"async\" aria-describedby=\"caption-attachment-6723\" class=\"wp-image-6723\" src=\"https:\/\/lydenim.com\/wp-content\/uploads\/2025\/10\/DM_20251008163638_019.jpg\" alt=\"\" width=\"600\" height=\"751\" srcset=\"https:\/\/lydenim.com\/wp-content\/uploads\/2025\/10\/DM_20251008163638_019.jpg 570w, https:\/\/lydenim.com\/wp-content\/uploads\/2025\/10\/DM_20251008163638_019-240x300.jpg 240w, https:\/\/lydenim.com\/wp-content\/uploads\/2025\/10\/DM_20251008163638_019-10x12.jpg 10w, https:\/\/lydenim.com\/wp-content\/uploads\/2025\/10\/DM_20251008163638_019-480x600.jpg 480w, https:\/\/lydenim.com\/wp-content\/uploads\/2025\/10\/DM_20251008163638_019-150x188.jpg 150w\" sizes=\"auto, (max-width: 600px) 100vw, 600px\" \/><p id=\"caption-attachment-6723\" class=\"wp-caption-text\">Art\u00edculos de moda de pantalones de campana<\/p><\/div>\n<h2 dir=\"auto\">N.\u00b0 3 Overol de mezclilla: el pantal\u00f3n del &quot;primer amor&quot; para un look juvenil y sin esfuerzo<\/h2>\n<p dir=\"auto\">Otro \u00e9xito lleno de nostalgia, <em>overoles de mezclilla<\/em> (tambi\u00e9n conocidos como &quot;pantalones del primer amor&quot;) ser\u00e1n los protagonistas este oto\u00f1o. Combinando un toque juvenil y divertido con un encanto retro art\u00edstico, evocan esa dulce e inocente sensaci\u00f3n de enamoramiento, perfectos para un estilo que te har\u00e1 sentir bien.<\/p>\n<p dir=\"auto\">Combina un su\u00e9ter de punto acogedor sobre un mono para lograr conjuntos listos para el oto\u00f1o: un toque de fantas\u00eda se combina con una sofisticaci\u00f3n relajada, logrando el equilibrio de moda perfecto.<\/p>\n<div id=\"attachment_6724\" style=\"width: 610px\" class=\"wp-caption aligncenter\"><img loading=\"lazy\" decoding=\"async\" aria-describedby=\"caption-attachment-6724\" class=\"wp-image-6724\" src=\"https:\/\/lydenim.com\/wp-content\/uploads\/2025\/10\/DM_20251008163638_020.jpg\" alt=\"\" width=\"600\" height=\"900\" srcset=\"https:\/\/lydenim.com\/wp-content\/uploads\/2025\/10\/DM_20251008163638_020.jpg 422w, https:\/\/lydenim.com\/wp-content\/uploads\/2025\/10\/DM_20251008163638_020-200x300.jpg 200w, https:\/\/lydenim.com\/wp-content\/uploads\/2025\/10\/DM_20251008163638_020-8x12.jpg 8w, https:\/\/lydenim.com\/wp-content\/uploads\/2025\/10\/DM_20251008163638_020-400x600.jpg 400w, https:\/\/lydenim.com\/wp-content\/uploads\/2025\/10\/DM_20251008163638_020-150x225.jpg 150w\" sizes=\"auto, (max-width: 600px) 100vw, 600px\" \/><p id=\"caption-attachment-6724\" class=\"wp-caption-text\">overoles de mezclilla<\/p><\/div>\n<div id=\"attachment_6725\" style=\"width: 610px\" class=\"wp-caption aligncenter\"><img loading=\"lazy\" decoding=\"async\" aria-describedby=\"caption-attachment-6725\" class=\"wp-image-6725\" src=\"https:\/\/lydenim.com\/wp-content\/uploads\/2025\/10\/DM_20251008163638_021.jpg\" alt=\"\" width=\"600\" height=\"900\" srcset=\"https:\/\/lydenim.com\/wp-content\/uploads\/2025\/10\/DM_20251008163638_021.jpg 422w, https:\/\/lydenim.com\/wp-content\/uploads\/2025\/10\/DM_20251008163638_021-200x300.jpg 200w, https:\/\/lydenim.com\/wp-content\/uploads\/2025\/10\/DM_20251008163638_021-8x12.jpg 8w, https:\/\/lydenim.com\/wp-content\/uploads\/2025\/10\/DM_20251008163638_021-400x600.jpg 400w, https:\/\/lydenim.com\/wp-content\/uploads\/2025\/10\/DM_20251008163638_021-150x225.jpg 150w\" sizes=\"auto, (max-width: 600px) 100vw, 600px\" \/><p id=\"caption-attachment-6725\" class=\"wp-caption-text\">overoles de mezclilla<\/p><\/div>\n<p dir=\"auto\">Para un toque m\u00e1s deportivo, ponte una sudadera con capucha o una camiseta estampada: el gui\u00f1o definitivo a la ropa urbana vintage relajada que domina el estilo. <em>tendencias de mezclilla sostenible<\/em>.<\/p>\n<div id=\"attachment_6726\" style=\"width: 610px\" class=\"wp-caption aligncenter\"><img loading=\"lazy\" decoding=\"async\" aria-describedby=\"caption-attachment-6726\" class=\"wp-image-6726\" src=\"https:\/\/lydenim.com\/wp-content\/uploads\/2025\/10\/DM_20251008163638_022.jpg\" alt=\"\" width=\"600\" height=\"751\" srcset=\"https:\/\/lydenim.com\/wp-content\/uploads\/2025\/10\/DM_20251008163638_022.jpg 570w, https:\/\/lydenim.com\/wp-content\/uploads\/2025\/10\/DM_20251008163638_022-240x300.jpg 240w, https:\/\/lydenim.com\/wp-content\/uploads\/2025\/10\/DM_20251008163638_022-10x12.jpg 10w, https:\/\/lydenim.com\/wp-content\/uploads\/2025\/10\/DM_20251008163638_022-480x600.jpg 480w, https:\/\/lydenim.com\/wp-content\/uploads\/2025\/10\/DM_20251008163638_022-150x188.jpg 150w\" sizes=\"auto, (max-width: 600px) 100vw, 600px\" \/><p id=\"caption-attachment-6726\" class=\"wp-caption-text\">Monos de mezclilla a juego con la moda<\/p><\/div>\n<div id=\"attachment_6729\" style=\"width: 610px\" class=\"wp-caption aligncenter\"><img loading=\"lazy\" decoding=\"async\" aria-describedby=\"caption-attachment-6729\" class=\"wp-image-6729\" src=\"https:\/\/lydenim.com\/wp-content\/uploads\/2025\/10\/DM_20251008163638_025.jpg\" alt=\"\" width=\"600\" height=\"751\" srcset=\"https:\/\/lydenim.com\/wp-content\/uploads\/2025\/10\/DM_20251008163638_025.jpg 570w, https:\/\/lydenim.com\/wp-content\/uploads\/2025\/10\/DM_20251008163638_025-240x300.jpg 240w, https:\/\/lydenim.com\/wp-content\/uploads\/2025\/10\/DM_20251008163638_025-10x12.jpg 10w, https:\/\/lydenim.com\/wp-content\/uploads\/2025\/10\/DM_20251008163638_025-480x600.jpg 480w, https:\/\/lydenim.com\/wp-content\/uploads\/2025\/10\/DM_20251008163638_025-150x188.jpg 150w\" sizes=\"auto, (max-width: 600px) 100vw, 600px\" \/><p id=\"caption-attachment-6729\" class=\"wp-caption-text\">Monos de mezclilla a juego con la moda<\/p><\/div>\n<p dir=\"auto\">\u00bfLa combinaci\u00f3n de overol y camisa? Puramente fresca y refinada, como una suave brisa primaveral en mezclilla, ideal para d\u00edas informales y elegantes.<\/p>\n<div id=\"attachment_6731\" style=\"width: 610px\" class=\"wp-caption aligncenter\"><img loading=\"lazy\" decoding=\"async\" aria-describedby=\"caption-attachment-6731\" class=\"wp-image-6731\" src=\"https:\/\/lydenim.com\/wp-content\/uploads\/2025\/10\/DM_20251008163638_027.jpg\" alt=\"\" width=\"600\" height=\"900\" srcset=\"https:\/\/lydenim.com\/wp-content\/uploads\/2025\/10\/DM_20251008163638_027.jpg 422w, https:\/\/lydenim.com\/wp-content\/uploads\/2025\/10\/DM_20251008163638_027-200x300.jpg 200w, https:\/\/lydenim.com\/wp-content\/uploads\/2025\/10\/DM_20251008163638_027-8x12.jpg 8w, https:\/\/lydenim.com\/wp-content\/uploads\/2025\/10\/DM_20251008163638_027-400x600.jpg 400w, https:\/\/lydenim.com\/wp-content\/uploads\/2025\/10\/DM_20251008163638_027-150x225.jpg 150w\" sizes=\"auto, (max-width: 600px) 100vw, 600px\" \/><p id=\"caption-attachment-6731\" class=\"wp-caption-text\">conjunto de overol y camisa<\/p><\/div>\n<div id=\"attachment_6733\" style=\"width: 610px\" class=\"wp-caption aligncenter\"><img loading=\"lazy\" decoding=\"async\" aria-describedby=\"caption-attachment-6733\" class=\"wp-image-6733\" src=\"https:\/\/lydenim.com\/wp-content\/uploads\/2025\/10\/DM_20251008163638_029.jpg\" alt=\"\" width=\"600\" height=\"900\" srcset=\"https:\/\/lydenim.com\/wp-content\/uploads\/2025\/10\/DM_20251008163638_029.jpg 422w, https:\/\/lydenim.com\/wp-content\/uploads\/2025\/10\/DM_20251008163638_029-200x300.jpg 200w, https:\/\/lydenim.com\/wp-content\/uploads\/2025\/10\/DM_20251008163638_029-8x12.jpg 8w, https:\/\/lydenim.com\/wp-content\/uploads\/2025\/10\/DM_20251008163638_029-400x600.jpg 400w, https:\/\/lydenim.com\/wp-content\/uploads\/2025\/10\/DM_20251008163638_029-150x225.jpg 150w\" sizes=\"auto, (max-width: 600px) 100vw, 600px\" \/><p id=\"caption-attachment-6733\" class=\"wp-caption-text\">conjunto de overol y camisa<\/p><\/div>\n<p dir=\"auto\">Aumente la sensualidad con un top de un solo hombro o un vestido lencero debajo: incluso los monos m\u00e1s masculinos pueden rezumar un encanto sensual y que llama la atenci\u00f3n.<\/p>\n<div id=\"attachment_6735\" style=\"width: 610px\" class=\"wp-caption aligncenter\"><img loading=\"lazy\" decoding=\"async\" aria-describedby=\"caption-attachment-6735\" class=\"wp-image-6735\" src=\"https:\/\/lydenim.com\/wp-content\/uploads\/2025\/10\/DM_20251008163638_031.jpg\" alt=\"\" width=\"600\" height=\"902\" srcset=\"https:\/\/lydenim.com\/wp-content\/uploads\/2025\/10\/DM_20251008163638_031.jpg 348w, https:\/\/lydenim.com\/wp-content\/uploads\/2025\/10\/DM_20251008163638_031-200x300.jpg 200w, https:\/\/lydenim.com\/wp-content\/uploads\/2025\/10\/DM_20251008163638_031-8x12.jpg 8w, https:\/\/lydenim.com\/wp-content\/uploads\/2025\/10\/DM_20251008163638_031-150x225.jpg 150w\" sizes=\"auto, (max-width: 600px) 100vw, 600px\" \/><p id=\"caption-attachment-6735\" class=\"wp-caption-text\">Overol de mezclilla con un solo hombro<\/p><\/div>\n<div id=\"attachment_6734\" style=\"width: 610px\" class=\"wp-caption aligncenter\"><img loading=\"lazy\" decoding=\"async\" aria-describedby=\"caption-attachment-6734\" class=\"wp-image-6734\" src=\"https:\/\/lydenim.com\/wp-content\/uploads\/2025\/10\/DM_20251008163638_030.jpg\" alt=\"\" width=\"600\" height=\"902\" srcset=\"https:\/\/lydenim.com\/wp-content\/uploads\/2025\/10\/DM_20251008163638_030.jpg 348w, https:\/\/lydenim.com\/wp-content\/uploads\/2025\/10\/DM_20251008163638_030-200x300.jpg 200w, https:\/\/lydenim.com\/wp-content\/uploads\/2025\/10\/DM_20251008163638_030-8x12.jpg 8w, https:\/\/lydenim.com\/wp-content\/uploads\/2025\/10\/DM_20251008163638_030-150x225.jpg 150w\" sizes=\"auto, (max-width: 600px) 100vw, 600px\" \/><p id=\"caption-attachment-6734\" class=\"wp-caption-text\">Overol de mezclilla con un solo hombro<\/p><\/div>\n<h2 dir=\"auto\">N.\u00b0 4 Vaqueros con dobladillo sin rematar: detalles atrevidos para un look moderno al instante<\/h2>\n<p dir=\"auto\">Atr\u00e1s quedaron los d\u00edas de los pu\u00f1os perfectamente enrollados.<em>Tendencias de jeans oto\u00f1o 2025<\/em> est\u00e1n desplazando el foco hacia los propios dobladillos. Entra <em>vaqueros con dobladillo sin rematar<\/em> con sus bordes desgastados y deshechos: la potencia vers\u00e1til que est\u00e1 en todas partes en este momento.<\/p>\n<div id=\"attachment_6738\" style=\"width: 610px\" class=\"wp-caption aligncenter\"><img loading=\"lazy\" decoding=\"async\" aria-describedby=\"caption-attachment-6738\" class=\"wp-image-6738\" src=\"https:\/\/lydenim.com\/wp-content\/uploads\/2025\/10\/DM_20251008163638_034.jpg\" alt=\"\" width=\"600\" height=\"400\" srcset=\"https:\/\/lydenim.com\/wp-content\/uploads\/2025\/10\/DM_20251008163638_034.jpg 649w, https:\/\/lydenim.com\/wp-content\/uploads\/2025\/10\/DM_20251008163638_034-300x200.jpg 300w, https:\/\/lydenim.com\/wp-content\/uploads\/2025\/10\/DM_20251008163638_034-18x12.jpg 18w, https:\/\/lydenim.com\/wp-content\/uploads\/2025\/10\/DM_20251008163638_034-600x400.jpg 600w, https:\/\/lydenim.com\/wp-content\/uploads\/2025\/10\/DM_20251008163638_034-150x100.jpg 150w\" sizes=\"auto, (max-width: 600px) 100vw, 600px\" \/><p id=\"caption-attachment-6738\" class=\"wp-caption-text\">Vaqueros con dobladillo sin rematar<\/p><\/div>\n<div id=\"attachment_6739\" style=\"width: 610px\" class=\"wp-caption aligncenter\"><img loading=\"lazy\" decoding=\"async\" aria-describedby=\"caption-attachment-6739\" class=\"wp-image-6739\" src=\"https:\/\/lydenim.com\/wp-content\/uploads\/2025\/10\/DM_20251008163638_035.jpg\" alt=\"\" width=\"600\" height=\"751\" srcset=\"https:\/\/lydenim.com\/wp-content\/uploads\/2025\/10\/DM_20251008163638_035.jpg 570w, https:\/\/lydenim.com\/wp-content\/uploads\/2025\/10\/DM_20251008163638_035-240x300.jpg 240w, https:\/\/lydenim.com\/wp-content\/uploads\/2025\/10\/DM_20251008163638_035-10x12.jpg 10w, https:\/\/lydenim.com\/wp-content\/uploads\/2025\/10\/DM_20251008163638_035-480x600.jpg 480w, https:\/\/lydenim.com\/wp-content\/uploads\/2025\/10\/DM_20251008163638_035-150x188.jpg 150w\" sizes=\"auto, (max-width: 600px) 100vw, 600px\" \/><p id=\"caption-attachment-6739\" class=\"wp-caption-text\">Vaqueros con dobladillo sin rematar<\/p><\/div>\n<div id=\"attachment_6740\" style=\"width: 610px\" class=\"wp-caption aligncenter\"><img loading=\"lazy\" decoding=\"async\" aria-describedby=\"caption-attachment-6740\" class=\"wp-image-6740\" src=\"https:\/\/lydenim.com\/wp-content\/uploads\/2025\/10\/DM_20251008163638_036.jpg\" alt=\"\" width=\"600\" height=\"751\" srcset=\"https:\/\/lydenim.com\/wp-content\/uploads\/2025\/10\/DM_20251008163638_036.jpg 570w, https:\/\/lydenim.com\/wp-content\/uploads\/2025\/10\/DM_20251008163638_036-240x300.jpg 240w, https:\/\/lydenim.com\/wp-content\/uploads\/2025\/10\/DM_20251008163638_036-10x12.jpg 10w, https:\/\/lydenim.com\/wp-content\/uploads\/2025\/10\/DM_20251008163638_036-480x600.jpg 480w, https:\/\/lydenim.com\/wp-content\/uploads\/2025\/10\/DM_20251008163638_036-150x188.jpg 150w\" sizes=\"auto, (max-width: 600px) 100vw, 600px\" \/><p id=\"caption-attachment-6740\" class=\"wp-caption-text\">Vaqueros con dobladillo sin rematar<\/p><\/div>\n<p dir=\"auto\">No subestimes este sutil cambio: un dobladillo deshilachado agrega un toque rebelde instant\u00e1neo, aumentando tu factor cool sin esforzarte demasiado.<\/p>\n<div id=\"attachment_6741\" style=\"width: 610px\" class=\"wp-caption aligncenter\"><img loading=\"lazy\" decoding=\"async\" aria-describedby=\"caption-attachment-6741\" class=\"wp-image-6741\" src=\"https:\/\/lydenim.com\/wp-content\/uploads\/2025\/10\/DM_20251008163638_037.jpg\" alt=\"\" width=\"600\" height=\"751\" srcset=\"https:\/\/lydenim.com\/wp-content\/uploads\/2025\/10\/DM_20251008163638_037.jpg 570w, https:\/\/lydenim.com\/wp-content\/uploads\/2025\/10\/DM_20251008163638_037-240x300.jpg 240w, https:\/\/lydenim.com\/wp-content\/uploads\/2025\/10\/DM_20251008163638_037-10x12.jpg 10w, https:\/\/lydenim.com\/wp-content\/uploads\/2025\/10\/DM_20251008163638_037-480x600.jpg 480w, https:\/\/lydenim.com\/wp-content\/uploads\/2025\/10\/DM_20251008163638_037-150x188.jpg 150w\" sizes=\"auto, (max-width: 600px) 100vw, 600px\" \/><p id=\"caption-attachment-6741\" class=\"wp-caption-text\">Los jeans con dobladillo sin rematar realzan el encanto<\/p><\/div>\n<div id=\"attachment_6742\" style=\"width: 610px\" class=\"wp-caption aligncenter\"><img loading=\"lazy\" decoding=\"async\" aria-describedby=\"caption-attachment-6742\" class=\"wp-image-6742\" src=\"https:\/\/lydenim.com\/wp-content\/uploads\/2025\/10\/DM_20251008163638_038.jpg\" alt=\"\" width=\"600\" height=\"751\" srcset=\"https:\/\/lydenim.com\/wp-content\/uploads\/2025\/10\/DM_20251008163638_038.jpg 570w, https:\/\/lydenim.com\/wp-content\/uploads\/2025\/10\/DM_20251008163638_038-240x300.jpg 240w, https:\/\/lydenim.com\/wp-content\/uploads\/2025\/10\/DM_20251008163638_038-10x12.jpg 10w, https:\/\/lydenim.com\/wp-content\/uploads\/2025\/10\/DM_20251008163638_038-480x600.jpg 480w, https:\/\/lydenim.com\/wp-content\/uploads\/2025\/10\/DM_20251008163638_038-150x188.jpg 150w\" sizes=\"auto, (max-width: 600px) 100vw, 600px\" \/><p id=\"caption-attachment-6742\" class=\"wp-caption-text\">Los jeans con dobladillo sin rematar realzan el encanto<\/p><\/div>\n<p dir=\"auto\">Con jeans con dobladillo sin rematar, incluso las prendas b\u00e1sicas m\u00e1s simples se transforman en prendas de alta costura: realza las sudaderas con capucha, las camisetas y las zapatillas para lograr conjuntos que gritan despreocupaci\u00f3n y estilo.<\/p>\n<div id=\"attachment_6744\" style=\"width: 610px\" class=\"wp-caption aligncenter\"><img loading=\"lazy\" decoding=\"async\" aria-describedby=\"caption-attachment-6744\" class=\"wp-image-6744\" src=\"https:\/\/lydenim.com\/wp-content\/uploads\/2025\/10\/DM_20251008163638_040.jpg\" alt=\"\" width=\"600\" height=\"900\" srcset=\"https:\/\/lydenim.com\/wp-content\/uploads\/2025\/10\/DM_20251008163638_040.jpg 422w, https:\/\/lydenim.com\/wp-content\/uploads\/2025\/10\/DM_20251008163638_040-200x300.jpg 200w, https:\/\/lydenim.com\/wp-content\/uploads\/2025\/10\/DM_20251008163638_040-8x12.jpg 8w, https:\/\/lydenim.com\/wp-content\/uploads\/2025\/10\/DM_20251008163638_040-400x600.jpg 400w, https:\/\/lydenim.com\/wp-content\/uploads\/2025\/10\/DM_20251008163638_040-150x225.jpg 150w\" sizes=\"auto, (max-width: 600px) 100vw, 600px\" \/><p id=\"caption-attachment-6744\" class=\"wp-caption-text\">Vaqueros de alta costura con dobladillo sin rematar<\/p><\/div>\n<p dir=\"auto\">\u00bfListo para renovar tu estilo denim? Estos <em>Tendencias de mezclilla oto\u00f1o 2025<\/em> Demuestra que los jeans son m\u00e1s vers\u00e1tiles que nunca. Compra cortes de inspiraci\u00f3n vintage, experimenta con <em>estilo de jeans de pap\u00e1<\/em>Y abraza el resurgimiento del estilo retro. \u00bfCu\u00e1l es tu par favorito esta temporada? \u00a1Deja un comentario abajo! \u00a1Nos encantar\u00eda saberlo! Para m\u00e1s informaci\u00f3n <em>mezclilla sostenible<\/em> Consejos e inspiraci\u00f3n para atuendos, estad atentos.<\/p>\n<h2 dir=\"ltr\" data-pm-slice=\"1 1 []\">Servicios de personalizaci\u00f3n de LYDENIM<\/h2>\n<p dir=\"ltr\">So\u00f1ando con la prima <strong>\u00a0ropa de mezclilla<\/strong>? LYDENIM se especializa en la elaboraci\u00f3n de telas y prendas de mezclilla a medida, dando vida a su visi\u00f3n \u00fanica con una calidad y comodidad incomparables.<\/p>\n<p dir=\"ltr\">\ud83c\udfa8 <strong>Prenda vaquera encantadora personalizada<\/strong><br \/>\nDise\u00f1a el tuyo propio <strong>encantador<\/strong><strong>\u00a0dril<\/strong> Con nuestra tela de color premium. Elija entre una gama de colores vibrantes, patrones intrincados y texturas lujosas que se adaptan a su estilo. Explore nuestras ofertas en <a href=\"https:\/\/lydenim.com\/es\/product\/\">es.lydenim.com<\/a><\/p>\n<p dir=\"ltr\">\ud83d\udecd\ufe0f <strong>Ropa vaquera a medida<\/strong><br \/>\nCrea prendas impactantes con nuestra tela de color distintiva, conocida por su excepcional comodidad y durabilidad. Desde jeans a medida hasta chaquetas elegantes, personaliza tu ajuste, color y estilo en <a href=\"https:\/\/liangyuantextile.m.en.alibaba.com\/productlist.html?spm=a2700.shop_index.88.10.14b53cf4cJMPG3\">Myalibaba<\/a>.<\/p>\n<p dir=\"ltr\">\ud83d\udce9 <strong>Cont\u00e1ctanos<\/strong><br \/>\nTen una visi\u00f3n de tu perfecci\u00f3n <strong>encantador<\/strong> \u00bfDenim? Contacta con nuestro equipo en <a href=\"mailto:malone@lydenim.com\">malone@lydenim.com<\/a> para discutir patrones de tejidos personalizados, mezclas ecol\u00f3gicas o cualquier otra idea.<\/p>\n<p dir=\"ltr\">Transforme sus ideas en realidad con LYDENIM, su socio de confianza para soluciones innovadoras, c\u00f3modas y personalizadas. <strong>encantador<\/strong> Soluciones de mezclilla.<\/p>","protected":false},"excerpt":{"rendered":"<p>Tiempo estimado de lectura: ~4 minutos Todos saben que los jeans son una prenda b\u00e1sica y atemporal que nunca pasa de moda. Pero<\/p>","protected":false},"author":1,"featured_media":6749,"comment_status":"open","ping_status":"open","sticky":false,"template":"","format":"standard","meta":{"two_page_speed":[],"footnotes":""},"categories":[76],"tags":[],"class_list":["post-6703","post","type-post","status-publish","format-standard","has-post-thumbnail","hentry","category-garment"],"aioseo_notices":[],"_links":{"self":[{"href":"https:\/\/lydenim.com\/es\/wp-json\/wp\/v2\/posts\/6703","targetHints":{"allow":["GET"]}}],"collection":[{"href":"https:\/\/lydenim.com\/es\/wp-json\/wp\/v2\/posts"}],"about":[{"href":"https:\/\/lydenim.com\/es\/wp-json\/wp\/v2\/types\/post"}],"author":[{"embeddable":true,"href":"https:\/\/lydenim.com\/es\/wp-json\/wp\/v2\/users\/1"}],"replies":[{"embeddable":true,"href":"https:\/\/lydenim.com\/es\/wp-json\/wp\/v2\/comments?post=6703"}],"version-history":[{"count":4,"href":"https:\/\/lydenim.com\/es\/wp-json\/wp\/v2\/posts\/6703\/revisions"}],"predecessor-version":[{"id":6750,"href":"https:\/\/lydenim.com\/es\/wp-json\/wp\/v2\/posts\/6703\/revisions\/6750"}],"wp:featuredmedia":[{"embeddable":true,"href":"https:\/\/lydenim.com\/es\/wp-json\/wp\/v2\/media\/6749"}],"wp:attachment":[{"href":"https:\/\/lydenim.com\/es\/wp-json\/wp\/v2\/media?parent=6703"}],"wp:term":[{"taxonomy":"category","embeddable":true,"href":"https:\/\/lydenim.com\/es\/wp-json\/wp\/v2\/categories?post=6703"},{"taxonomy":"post_tag","embeddable":true,"href":"https:\/\/lydenim.com\/es\/wp-json\/wp\/v2\/tags?post=6703"}],"curies":[{"name":"wp","href":"https:\/\/api.w.org\/{rel}","templated":true}]}}