{"id":7093,"date":"2026-01-12T17:12:08","date_gmt":"2026-01-12T09:12:08","guid":{"rendered":"https:\/\/lydenim.com\/?p=7093"},"modified":"2026-01-12T17:12:08","modified_gmt":"2026-01-12T09:12:08","slug":"tips-for-prevent-stretch-denim-fabric-failures","status":"publish","type":"post","link":"https:\/\/lydenim.com\/es\/consejos-para-evitar-fallas-en-la-tela-de-mezclilla-elastica\/","title":{"rendered":"Consejos para prevenir fallas en la tela de mezclilla el\u00e1stica"},"content":{"rendered":"<h2 dir=\"auto\">Tiempo estimado de lectura: ~3 minutos<\/h2>\n<p dir=\"auto\">Si alguna vez usaste unos jeans suaves y el\u00e1sticos que te quedaban perfectos, pero que pronto se ca\u00edan con cada lavado, eres parte de una multitud. Desde cortes ajustados para mujeres hasta looks holgados para hombres, el denim el\u00e1stico ahora llena estantes en todas partes. La comodidad se une a la moda, permitiendo el movimiento silenciosamente mientras se mantiene en su lugar, sin tirones inc\u00f3modos ni extremos holgados. Aun as\u00ed, \u00bfesa incre\u00edble elasticidad? Tiene la costumbre de deshilacharse r\u00e1pidamente cuando se acumula presi\u00f3n. Imag\u00ednate esto: una tela que regresa como por arte de magia podr\u00eda romperse bajo tensi\u00f3n sin cuidado. Aqu\u00ed radica el problema: lo que le da vida podr\u00eda matarla si el tiempo falla o los materiales flaquean. Piensa en ello como el impulso que se vuelve hueco. El spandex zumba a trav\u00e9s del denim en silencio hasta que las fibras dejan de escuchar. Los tropiezos de producci\u00f3n aparecen sin previo aviso, cada error deja una marca. Incluso las estrellas que brillan en las pasarelas no pueden ocultar la tela desgastada debajo.<\/p>\n<p dir=\"auto\">Empieza con n\u00fameros: \u00bfqui\u00e9n ignora las estad\u00edsticas cuando ayudan a contar una historia? Para 2024, el mercado mundial de tela vaquera alcanz\u00f3 aproximadamente $21.5 mil millones, seg\u00fan los datos. Se dirige hacia $31.67 mil millones para 2033, con una tendencia destacada: los materiales el\u00e1sticos liderando el camino. La comodidad importa, por lo que la gente quiere prendas que se ajusten bien. Esa demanda de telas suaves y el\u00e1sticas es lo que impulsa el crecimiento aqu\u00ed. Sin embargo, no en todas partes se ve, como en Am\u00e9rica del Norte. All\u00ed, la tela vaquera el\u00e1stica alcanz\u00f3 $1.2 mil millones en 2023. A partir de ah\u00ed, las cifras siguen aumentando porque cada vez m\u00e1s hombres est\u00e1n probando versiones m\u00e1s el\u00e1sticas. Estirar mucho significa cargar con m\u00e1s peso, a menos que la elasticidad se desvanezca r\u00e1pidamente cuando las cosas van demasiado lejos.<img loading=\"lazy\" decoding=\"async\" class=\"aligncenter wp-image-6897\" src=\"https:\/\/lydenim.com\/wp-content\/uploads\/2025\/11\/data.jpg\" alt=\"\" width=\"600\" height=\"350\" srcset=\"https:\/\/lydenim.com\/wp-content\/uploads\/2025\/11\/data.jpg 870w, https:\/\/lydenim.com\/wp-content\/uploads\/2025\/11\/data-300x175.jpg 300w, https:\/\/lydenim.com\/wp-content\/uploads\/2025\/11\/data-768x448.jpg 768w, https:\/\/lydenim.com\/wp-content\/uploads\/2025\/11\/data-18x12.jpg 18w, https:\/\/lydenim.com\/wp-content\/uploads\/2025\/11\/data-600x350.jpg 600w, https:\/\/lydenim.com\/wp-content\/uploads\/2025\/11\/data-150x88.jpg 150w\" sizes=\"auto, (max-width: 600px) 100vw, 600px\" \/><\/p>\n<h2 dir=\"auto\">\u00bfPor qu\u00e9 la tela vaquera el\u00e1stica pierde su elasticidad?<\/h2>\n<p dir=\"auto\">\u00bfQu\u00e9 pasa cuando tus jeans favoritos pierden su forma? La culpa podr\u00eda recaer en el spandex tejido en la mezclilla, el material responsable de la flexibilidad. Este componente el\u00e1stico se presenta en varios grosores, desde el ligero 20D hasta versiones m\u00e1s resistentes como el 40D o el 70D de alta resistencia. Los tipos delicados, como el 20D, tienden a deshilacharse r\u00e1pidamente con el uso. Cuando se desgastan as\u00ed, la tela se debilita y se estira. Esa ca\u00edda aparece antes de lo esperado. Ese momento se presenta m\u00e1s veces de las que esperaba, trabajando estrechamente con textiles.<\/p>\n<div id=\"attachment_5605\" style=\"width: 610px\" class=\"wp-caption aligncenter\"><img loading=\"lazy\" decoding=\"async\" aria-describedby=\"caption-attachment-5605\" class=\"size-full wp-image-5605\" src=\"https:\/\/lydenim.com\/wp-content\/uploads\/2025\/06\/Denim-Stretch-.jpg\" alt=\"\" width=\"600\" height=\"800\" srcset=\"https:\/\/lydenim.com\/wp-content\/uploads\/2025\/06\/Denim-Stretch-.jpg 600w, https:\/\/lydenim.com\/wp-content\/uploads\/2025\/06\/Denim-Stretch--225x300.jpg 225w, https:\/\/lydenim.com\/wp-content\/uploads\/2025\/06\/Denim-Stretch--9x12.jpg 9w, https:\/\/lydenim.com\/wp-content\/uploads\/2025\/06\/Denim-Stretch--150x200.jpg 150w\" sizes=\"auto, (max-width: 600px) 100vw, 600px\" \/><p id=\"caption-attachment-5605\" class=\"wp-caption-text\">Denim Stretch<\/p><\/div>\n<p dir=\"auto\">Un gran problema empieza con el propio hilo de spandex. No todo el spandex es igual: las marcas y f\u00e1bricas var\u00edan en calidad, desde los \u00edndices de elasticidad hasta c\u00f3mo se envuelve en el algod\u00f3n. Si el envoltorio es irregular o demasiado suelto, el spandex puede sobresalir durante el lavado y da\u00f1arse. Imag\u00ednate: est\u00e1s inspeccionando un lote de tela y detectas esas peque\u00f1as inconsistencias. Omite las comprobaciones y, \u00a1bum!, p\u00e9rdida de elasticidad en el futuro. Para opciones de primera calidad, busca telas vaqueras de alta elasticidad de fuentes confiables como <a href=\"https:\/\/lydenim.com\/es\/product-category\/high-stretch-denim-fabric\/\" target=\"_blank\" rel=\"noopener noreferrer nofollow\">La colecci\u00f3n de alta elasticidad de Lydenim<\/a>, que se centra en mezclas de spandex duraderas.<\/p>\n<p dir=\"auto\">Despu\u00e9s viene el proceso de tejido. A veces, los equipos de f\u00e1brica omiten controles clave durante la extracci\u00f3n de material. Las hebras rotas a menudo pasan desapercibidas. Aunque los defectos evidentes aparecen m\u00e1s tarde, los peque\u00f1os problemas pasan completamente desapercibidos. Despu\u00e9s del lavado, aparecen, lo que genera grandes gastos para las empresas. Un trabajo anterior destaca: el cliente desestim\u00f3 por completo estos problemas. De repente, un lote completo qued\u00f3 desplomado, arruinado sin previo aviso. Lo que parec\u00eda insignificante se convirti\u00f3 en un desastre de la noche a la ma\u00f1ana.<\/p>\n<p dir=\"auto\">El da\u00f1o y la estructura de la tela tambi\u00e9n influyen. Al desarrollar mezclilla el\u00e1stica supersuave o de punto, la mala comunicaci\u00f3n entre los equipos puede generar puntos d\u00e9biles. La clave est\u00e1 en equilibrar la sensaci\u00f3n al tacto con la durabilidad. Si te interesan los detalles, Lydenim tiene una excelente lectura sobre... <a href=\"https:\/\/lydenim.com\/es\/el-spandex-en-denim-revoluciona-la-comodidad-y-el-estilo\/\" target=\"_blank\" rel=\"noopener noreferrer nofollow\">El spandex en denim revoluciona la comodidad<\/a> que hace eco de estos puntos.<\/p>\n<div id=\"attachment_6937\" style=\"width: 610px\" class=\"wp-caption aligncenter\"><img loading=\"lazy\" decoding=\"async\" aria-describedby=\"caption-attachment-6937\" class=\"wp-image-6937\" src=\"https:\/\/lydenim.com\/wp-content\/uploads\/2025\/11\/cdb505a9e2dbbe43dbfb843c46a90955.jpg\" alt=\"\" width=\"600\" height=\"750\" srcset=\"https:\/\/lydenim.com\/wp-content\/uploads\/2025\/11\/cdb505a9e2dbbe43dbfb843c46a90955.jpg 961w, https:\/\/lydenim.com\/wp-content\/uploads\/2025\/11\/cdb505a9e2dbbe43dbfb843c46a90955-240x300.jpg 240w, https:\/\/lydenim.com\/wp-content\/uploads\/2025\/11\/cdb505a9e2dbbe43dbfb843c46a90955-819x1024.jpg 819w, https:\/\/lydenim.com\/wp-content\/uploads\/2025\/11\/cdb505a9e2dbbe43dbfb843c46a90955-768x961.jpg 768w, https:\/\/lydenim.com\/wp-content\/uploads\/2025\/11\/cdb505a9e2dbbe43dbfb843c46a90955-10x12.jpg 10w, https:\/\/lydenim.com\/wp-content\/uploads\/2025\/11\/cdb505a9e2dbbe43dbfb843c46a90955-480x600.jpg 480w, https:\/\/lydenim.com\/wp-content\/uploads\/2025\/11\/cdb505a9e2dbbe43dbfb843c46a90955-600x750.jpg 600w, https:\/\/lydenim.com\/wp-content\/uploads\/2025\/11\/cdb505a9e2dbbe43dbfb843c46a90955-150x188.jpg 150w\" sizes=\"auto, (max-width: 600px) 100vw, 600px\" \/><p id=\"caption-attachment-6937\" class=\"wp-caption-text\">mezclilla el\u00e1stica c\u00f3moda<\/p><\/div>\n<h2 dir=\"auto\">Soluciones inteligentes para mantener la elasticidad de tu tela vaquera<\/h2>\n<p dir=\"auto\">Bien. Eso necesita cambiar. Al elegir telas, elija hilos de spandex de alta calidad; los de fabricantes confiables suelen reducir los problemas. Probar cada pieza cuidadosamente es muy importante; observe qu\u00e9 tan apretada se envuelve y si se estira como deber\u00eda, y solo entonces avance con el tejido. Esforzarse desde el principio abre un gran camino hacia adelante.<\/p>\n<p dir=\"auto\">En la f\u00e1brica de ropa, los peque\u00f1os detalles cuentan. Al cortar, mant\u00e9n la prenda a una temperatura inferior a 32 \u00b0C y deja reposar la tela veinticuatro horas despu\u00e9s de encogerse. \u00bfCapas gruesas encima? Eso deforma la prenda, especialmente con materiales el\u00e1sticos. Al coser, cambia a agujas de cabeza redonda de calibre 12 a 16. Los hilos deben mantenerse tensos, con un ancho inferior a 606. Las agujas se desgastan r\u00e1pido, c\u00e1mbialas con regularidad. El calor no es recomendable en estas m\u00e1quinas: usa agujas resistentes al calor en las remalladoras. Para costuras de cinco hilos, deja una separaci\u00f3n de al menos 1,1 cm entre los hilos antes del lavado para que cada hebra se mantenga en su lugar.<\/p>\n<p dir=\"auto\">El lavado es donde muchos se equivocan. Sigue el proceso: pH entre 5 y 7 para los qu\u00edmicos, sin temperaturas extremas en el secado y enjuague bien despu\u00e9s del blanqueado. Registra cada producto usado; es como llevar un diario para detectar patrones. Si buscas piezas personalizadas, sitios como <a href=\"http:\/\/liangyuantextile.m.en.alibaba.com\" target=\"_blank\" rel=\"noopener noreferrer nofollow\">Proveedores de mezclilla de Alibaba<\/a> A menudo tienen opciones el\u00e1sticas con buenas especificaciones de spandex, aunque siempre verifique.<\/p>\n<p dir=\"auto\">Si quieres mantener ese estiramiento, consulta nuestro art\u00edculo relacionado sobre c\u00f3mo cuidar el denim o qu\u00e9 hay de nuevo en estilos de denim ecol\u00f3gicos: tiene ideas \u00fatiles que puedes usar dentro del equipo.<\/p>\n<div id=\"attachment_5422\" style=\"width: 610px\" class=\"wp-caption aligncenter\"><img loading=\"lazy\" decoding=\"async\" aria-describedby=\"caption-attachment-5422\" class=\"wp-image-5422\" src=\"https:\/\/lydenim.com\/wp-content\/uploads\/2025\/01\/Washing-machine-to-wash-jeans.jpg\" alt=\"Lavadora para lavar jeans\" width=\"600\" height=\"327\" srcset=\"https:\/\/lydenim.com\/wp-content\/uploads\/2025\/01\/Washing-machine-to-wash-jeans.jpg 1200w, https:\/\/lydenim.com\/wp-content\/uploads\/2025\/01\/Washing-machine-to-wash-jeans-300x164.jpg 300w, https:\/\/lydenim.com\/wp-content\/uploads\/2025\/01\/Washing-machine-to-wash-jeans-1024x558.jpg 1024w, https:\/\/lydenim.com\/wp-content\/uploads\/2025\/01\/Washing-machine-to-wash-jeans-768x419.jpg 768w, https:\/\/lydenim.com\/wp-content\/uploads\/2025\/01\/Washing-machine-to-wash-jeans-18x10.jpg 18w, https:\/\/lydenim.com\/wp-content\/uploads\/2025\/01\/Washing-machine-to-wash-jeans-600x327.jpg 600w, https:\/\/lydenim.com\/wp-content\/uploads\/2025\/01\/Washing-machine-to-wash-jeans-150x82.jpg 150w\" sizes=\"auto, (max-width: 600px) 100vw, 600px\" \/><p id=\"caption-attachment-5422\" class=\"wp-caption-text\">Lavadora para lavar jeans<\/p><\/div>\n<h2 dir=\"auto\">Casos de moda: Celebridades que lucen mezclilla el\u00e1stica<\/h2>\n<p dir=\"auto\">Imag\u00ednate a Hailey Bieber con unos vaqueros ajustados y el\u00e1sticos que se adaptan a la perfecci\u00f3n a cada curva. A menudo los lleva con camisetas cortas, lo que le da un aire relajado y californiano. Verla as\u00ed le hace maravillas a la reputaci\u00f3n de la tela. Mientras tanto, Kendall Jenner opta por unas piernas ajustadas y el\u00e1sticas cada vez que trabaja duro en el set. \u00bfSu elecci\u00f3n predilecta? Sigue el ritmo sin descolgarse ni perder la forma. Cada vez que salen as\u00ed, la tela se vuelve m\u00e1s resistente en el mundo real. Beyonc\u00e9 lleva vaqueros holgados y el\u00e1sticos de gira, combinando comodidad con un estilo elegante. Tambi\u00e9n encontrar\u00e1s a Katie Holmes con vaqueros negros el\u00e1sticos, caminando por las calles de la ciudad: suaves pero con un estilo impecable. Estas mujeres demuestran que el look funciona en cualquier lugar, incluso bajo purpurina o simplemente por la ciudad.<\/p>\n<div id=\"attachment_7098\" style=\"width: 610px\" class=\"wp-caption aligncenter\"><img loading=\"lazy\" decoding=\"async\" aria-describedby=\"caption-attachment-7098\" class=\"wp-image-7098\" src=\"https:\/\/lydenim.com\/wp-content\/uploads\/2026\/01\/122.jpg\" alt=\"\" width=\"600\" height=\"900\" srcset=\"https:\/\/lydenim.com\/wp-content\/uploads\/2026\/01\/122.jpg 700w, https:\/\/lydenim.com\/wp-content\/uploads\/2026\/01\/122-200x300.jpg 200w, https:\/\/lydenim.com\/wp-content\/uploads\/2026\/01\/122-683x1024.jpg 683w, https:\/\/lydenim.com\/wp-content\/uploads\/2026\/01\/122-8x12.jpg 8w, https:\/\/lydenim.com\/wp-content\/uploads\/2026\/01\/122-400x600.jpg 400w, https:\/\/lydenim.com\/wp-content\/uploads\/2026\/01\/122-600x900.jpg 600w, https:\/\/lydenim.com\/wp-content\/uploads\/2026\/01\/122-150x225.jpg 150w\" sizes=\"auto, (max-width: 600px) 100vw, 600px\" \/><p id=\"caption-attachment-7098\" class=\"wp-caption-text\">Hailey Bieber con jeans ajustados y el\u00e1sticos<\/p><\/div>\n<h2 dir=\"auto\">Preguntas frecuentes: Sus preguntas m\u00e1s frecuentes sobre la tela vaquera el\u00e1stica<\/h2>\n<p dir=\"auto\">P: \u00bfC\u00f3mo puedo saber si mis jeans tienen buena elasticidad en la tela vaquera? R: Busca etiquetas que indiquen elasticidad 20D-70D y prueba el ajuste: deber\u00eda volver a su lugar sin descolgarse.<\/p>\n<p dir=\"auto\">P: \u00bfCu\u00e1l es la mejor manera de lavar la mezclilla el\u00e1stica para evitar que pierda elasticidad? R: Agua fr\u00eda, del rev\u00e9s y secar al aire. Evita la secadora para evitar da\u00f1os por calor.<\/p>\n<p dir=\"auto\">P: \u00bfHay problemas de tejido en la mezclilla que deba tener en cuenta al comprarla? R: Compruebe que la textura sea uniforme; los tejidos desiguales suelen indicar posibles roturas.<\/p>\n<p dir=\"auto\">P: \u00bfAlg\u00fan consejo para coser mezclilla en casa? R: Usa agujas afiladas y ve despacio para evitar que se arrugue.<\/p>\n<p dir=\"auto\">P: \u00bfC\u00f3mo afecta el proceso de lavado de la mezclilla a su elasticidad? R: Los productos qu\u00edmicos agresivos o las altas temperaturas pueden degradar el spandex, por lo que los ciclos suaves son clave.<\/p>\n<p dir=\"auto\">Ah\u00ed lo tienes: la tela vaquera el\u00e1stica no tiene por qu\u00e9 ser una apuesta arriesgada. Con estos consejos, mantendr\u00e1s tu armario fresco y entallado. \u00bfTienes tus propias an\u00e9cdotas o aciertos? \u00a1Deja un comentario abajo!<\/p>\n<h2 dir=\"auto\">Servicios de personalizaci\u00f3n de LYDENIM<\/h2>\n<p>\u00bfSue\u00f1a con telas premium con una textura y durabilidad excepcionales? LYDENIM se especializa en textiles de alta calidad y soluciones de confecci\u00f3n a medida, ayud\u00e1ndole a convertir sus ideas creativas en realidad con precisi\u00f3n y estilo.<\/p>\n<p>\ud83c\udfa8 Telas personalizadas<br \/>\nDise\u00f1a tu propia colecci\u00f3n de telas con los materiales premium de LYDENIM. Desde lujosas mezclas de algod\u00f3n hasta innovadores textiles ecol\u00f3gicos, explora colores, tejidos y acabados que se adaptan perfectamente a tu marca o visi\u00f3n de dise\u00f1o. Visita <a href=\"http:\/\/LYDENIM.COM\/PRODUCT\/\">LYDENIM<\/a> Para saber m\u00e1s.<\/p>\n<p>\ud83d\udecd\ufe0f Soluciones de prendas a medida<br \/>\nDa vida a tus dise\u00f1os con nuestros servicios de personalizaci\u00f3n de prendas. Ya sean trajes a medida, vestidos elegantes o ropa de trabajo resistente, garantizamos un ajuste perfecto, comodidad superior y calidad duradera. Explora las opciones de personalizaci\u00f3n en <a href=\"http:\/\/liangyuantextile.m.en.alibaba.com\">Mialibaba.<\/a><\/p>\n<p>\ud83d\udce9 Cont\u00e1ctanos<br \/>\n\u00bfTienes un proyecto en mente? Contacta con nuestro equipo en <a href=\"mailto:malone@lydenim.com\">malone@lydenim.com<\/a> para discutir sobre telas personalizadas, dise\u00f1o de prendas o soluciones textiles sustentables.<\/p>\n<p>Transforme sus ideas en realidad con LYDENIM, su socio de confianza para telas innovadoras y de alta calidad y soluciones de indumentaria a medida.<\/p>","protected":false},"excerpt":{"rendered":"<p>Tiempo estimado de lectura: ~3 minutos Si alguna vez te pusiste unos jeans suaves y el\u00e1sticos que te quedaban perfectos, pero pronto se te hundieron,<\/p>","protected":false},"author":1,"featured_media":7099,"comment_status":"open","ping_status":"open","sticky":false,"template":"","format":"standard","meta":{"two_page_speed":[],"footnotes":""},"categories":[66],"tags":[],"class_list":["post-7093","post","type-post","status-publish","format-standard","has-post-thumbnail","hentry","category-denim-knowledge"],"aioseo_notices":[],"_links":{"self":[{"href":"https:\/\/lydenim.com\/es\/wp-json\/wp\/v2\/posts\/7093","targetHints":{"allow":["GET"]}}],"collection":[{"href":"https:\/\/lydenim.com\/es\/wp-json\/wp\/v2\/posts"}],"about":[{"href":"https:\/\/lydenim.com\/es\/wp-json\/wp\/v2\/types\/post"}],"author":[{"embeddable":true,"href":"https:\/\/lydenim.com\/es\/wp-json\/wp\/v2\/users\/1"}],"replies":[{"embeddable":true,"href":"https:\/\/lydenim.com\/es\/wp-json\/wp\/v2\/comments?post=7093"}],"version-history":[{"count":5,"href":"https:\/\/lydenim.com\/es\/wp-json\/wp\/v2\/posts\/7093\/revisions"}],"predecessor-version":[{"id":7100,"href":"https:\/\/lydenim.com\/es\/wp-json\/wp\/v2\/posts\/7093\/revisions\/7100"}],"wp:featuredmedia":[{"embeddable":true,"href":"https:\/\/lydenim.com\/es\/wp-json\/wp\/v2\/media\/7099"}],"wp:attachment":[{"href":"https:\/\/lydenim.com\/es\/wp-json\/wp\/v2\/media?parent=7093"}],"wp:term":[{"taxonomy":"category","embeddable":true,"href":"https:\/\/lydenim.com\/es\/wp-json\/wp\/v2\/categories?post=7093"},{"taxonomy":"post_tag","embeddable":true,"href":"https:\/\/lydenim.com\/es\/wp-json\/wp\/v2\/tags?post=7093"}],"curies":[{"name":"wp","href":"https:\/\/api.w.org\/{rel}","templated":true}]}}