{"id":58,"count":139,"description":"Tela vaquera sin agrupar | Aplicaci\u00f3n flexible en diversos dise\u00f1os de prendas vaqueras. Nuestra tela vaquera sin agrupar ofrece gran flexibilidad, lo que la hace ideal para una amplia variedad de dise\u00f1os de prendas vaqueras. Esta tela combina la durabilidad de la mezclilla cl\u00e1sica con las necesidades modernas de comodidad y elasticidad, perfecta para confeccionar jeans, tops, chaquetas y m\u00e1s. Ya sea que produzca en grandes cantidades o personalice lotes peque\u00f1os, la tela vaquera sin agrupar le ofrece el soporte perfecto. Tambi\u00e9n ofrecemos servicios de personalizaci\u00f3n personalizados, ayud\u00e1ndole a ajustar el gramaje, el color, los efectos de lavado y los dise\u00f1os de textura para satisfacer las demandas del mercado.","link":"https:\/\/lydenim.com\/es\/categoria-producto\/desagrupado\/","name":"Desagrupado","slug":"ungrouped","taxonomy":"product_cat","parent":0,"meta":[],"menu_order":0,"_links":{"self":[{"href":"https:\/\/lydenim.com\/es\/wp-json\/wp\/v2\/product_cat\/58","targetHints":{"allow":["GET"]}}],"collection":[{"href":"https:\/\/lydenim.com\/es\/wp-json\/wp\/v2\/product_cat"}],"about":[{"href":"https:\/\/lydenim.com\/es\/wp-json\/wp\/v2\/taxonomies\/product_cat"}],"wp:post_type":[{"href":"https:\/\/lydenim.com\/es\/wp-json\/wp\/v2\/product?product_cat=58"}],"curies":[{"name":"wp","href":"https:\/\/api.w.org\/{rel}","templated":true}]}}