{"id":2770,"date":"2025-01-05T18:09:33","date_gmt":"2025-01-05T10:09:33","guid":{"rendered":"https:\/\/lydenim.com\/?p=2770"},"modified":"2025-08-23T16:03:00","modified_gmt":"2025-08-23T08:03:00","slug":"the-manufacturing-process-of-denim-fabric-from-raw-material-to-finished-product","status":"publish","type":"post","link":"https:\/\/lydenim.com\/fr\/le-processus-de-fabrication-du-tissu-denim-de-la-matiere-premiere-au-produit-fini-2\/","title":{"rendered":"Le processus de fabrication du tissu denim\u00a0: de la mati\u00e8re premi\u00e8re au produit fini"},"content":{"rendered":"<article class=\"group\/turn w-full text-token-text-primary focus-visible:outline-2 focus-visible:outline-offset-[-4px]\" dir=\"auto\" tabindex=\"-1\" data-testid=\"conversation-turn-5\" data-scroll-anchor=\"false\">\n<div class=\"text-base my-auto mx-auto py-[18px] px-6\">\n<div class=\"mx-auto flex flex-1 text-base gap-4 md:gap-5 lg:gap-6 md:max-w-3xl lg:max-w-[40rem] xl:max-w-[48rem]\">\n<div class=\"group\/conversation-turn relative flex w-full min-w-0 flex-col @xs\/thread:px-0 @sm\/thread:px-1.5 @md\/thread:px-4\">\n<div class=\"flex-col gap-1 md:gap-3\">\n<div class=\"flex max-w-full flex-col flex-grow\">\n<div class=\"min-h-8 text-message relative flex w-full flex-col items-end gap-2 whitespace-normal break-words text-start [.text-message+&amp;]:mt-5\" dir=\"auto\" data-message-author-role=\"user\" data-message-id=\"a7df86d0-eeb8-4d6b-8c95-66646d5d5d95\">\n<div class=\"w-full\">\n<div class=\"flex w-full flex-col gap-1 empty:hidden items-end rtl:items-start\">\n<div class=\"relative max-w-[var(--user-chat-width,70%)] rounded-3xl bg-token-message-surface px-5 py-2.5\">\n<div class=\"whitespace-pre-wrap\">\n<h2 dir=\"auto\">Temps de lecture estim\u00e9 : ~5 minutes<\/h2>\n<h2 dir=\"auto\">Introduction \u00e0 <strong>Production de tissu denim<\/strong><\/h2>\n<p dir=\"auto\"><strong>Production de tissu denim<\/strong> fabrique l&#039;un des textiles les plus embl\u00e9matiques au monde, c\u00e9l\u00e9br\u00e9 pour ses <strong>durabilit\u00e9<\/strong>, confort et charme intemporel. Des v\u00eatements de travail robustes aux basiques de haute couture, le charme unique du denim d\u00e9coule d&#039;un processus m\u00e9ticuleux qui transforme le coton brut en v\u00eatements \u00e9l\u00e9gants. Ce guide explore les cinq \u00e9tapes cl\u00e9s de la fabrication du denim. <strong>production de tissu denim<\/strong>\u2014 s\u00e9lection du coton, filage et teinture, tissage, post-traitement et finition \u2014 r\u00e9v\u00e9lant comment chaque \u00e9tape contribue \u00e0 la p\u00e9rennit\u00e9 du denim. Que vous soyez cr\u00e9ateur ou passionn\u00e9, comprendre ce processus vous permettra de d\u00e9couvrir les secrets de la polyvalence du denim.<\/p>\n<h2 dir=\"auto\">S\u00e9lection des mati\u00e8res premi\u00e8res<\/h2>\n<h3 dir=\"auto\">Choisir du coton de haute qualit\u00e9<\/h3>\n<p dir=\"auto\">La fondation de <strong>production de tissu denim<\/strong> r\u00e9side dans la s\u00e9lection <strong>coton de haute qualit\u00e9<\/strong>. <strong>Coton \u00e0 fibres longues<\/strong> est pr\u00e9f\u00e9r\u00e9 pour ses fibres plus longues, qui cr\u00e9ent un tissage plus lisse et plus serr\u00e9, am\u00e9liorant la sensation du tissu et <strong>durabilit\u00e9<\/strong>. Selon <a href=\"https:\/\/lydenim.com\/fr\/guide-des-avantages-et-des-inconvenients-des-tissus-courants\/\" target=\"_blank\" rel=\"noopener noreferrer nofollow\">Guide des tissus LYDenim<\/a>Le coton de qualit\u00e9 sup\u00e9rieure assure une r\u00e9sistance et un confort sup\u00e9rieurs. De nombreuses marques optent pour <strong>coton biologique<\/strong> pour r\u00e9duire l\u2019impact environnemental, en s\u2019alignant sur des pratiques durables tout en maintenant la qualit\u00e9.<\/p>\n<\/div>\n<\/div>\n<\/div>\n<\/div>\n<\/div>\n<\/div>\n<\/div>\n<\/div>\n<\/div>\n<\/div>\n<\/article>\n<article class=\"group\/turn w-full text-token-text-primary focus-visible:outline-2 focus-visible:outline-offset-[-4px]\" dir=\"auto\" tabindex=\"-1\" data-testid=\"conversation-turn-6\" data-scroll-anchor=\"true\">\n<div class=\"text-base my-auto mx-auto py-[18px] px-6\">\n<div class=\"mx-auto flex flex-1 text-base gap-4 md:gap-5 lg:gap-6 md:max-w-3xl lg:max-w-[40rem] xl:max-w-[48rem]\">\n<div class=\"group\/conversation-turn relative flex w-full min-w-0 flex-col agent-turn @xs\/thread:px-0 @sm\/thread:px-1.5 @md\/thread:px-4\">\n<div class=\"flex-col gap-1 md:gap-3\">\n<div class=\"flex max-w-full flex-col flex-grow\">\n<div class=\"min-h-8 text-message relative flex w-full flex-col items-end gap-2 whitespace-normal break-words text-start [.text-message+&amp;]:mt-5\" dir=\"auto\" data-message-author-role=\"assistant\" data-message-id=\"7fff431a-37e0-4657-80e4-d7daacb27947\" data-message-model-slug=\"gpt-4o-mini\">\n<div class=\"flex w-full flex-col gap-1 empty:hidden first:pt-[3px]\">\n<div class=\"markdown prose w-full break-words dark:prose-invert light\">\n<div id=\"attachment_2739\" style=\"width: 310px\" class=\"wp-caption aligncenter\"><img loading=\"lazy\" decoding=\"async\" aria-describedby=\"caption-attachment-2739\" class=\"wp-image-2739\" src=\"https:\/\/lydenim.com\/wp-content\/uploads\/2025\/01\/MJ%E4%B9%8B%E5%A4%A9%E7%A9%BA%E4%B8%8E%E6%A3%89%E8%8A%B1%E8%8C%89%E8%8E%89%E7%89%B9%E5%86%99_1_AI%E8%AE%BE%E8%AE%A1%E5%9C%B0%E9%BC%A0_%E6%9D%A5%E8%87%AA%E5%B0%8F%E7%BA%A2%E4%B9%A6%E7%BD%91%E9%A1%B5%E7%89%88.jpg\" alt=\"Coton\" width=\"300\" height=\"450\" \/><p id=\"caption-attachment-2739\" class=\"wp-caption-text\">Coton<\/p><\/div>\n<div id=\"attachment_2577\" style=\"width: 410px\" class=\"wp-caption aligncenter\"><img loading=\"lazy\" decoding=\"async\" aria-describedby=\"caption-attachment-2577\" class=\"wp-image-2577\" style=\"color: #333333; font-size: 16px;\" src=\"https:\/\/lydenim.com\/wp-content\/uploads\/2024\/12\/\u7eba\u7eb1-1024x683.jpeg\" alt=\"Fil\" width=\"400\" height=\"267\" srcset=\"https:\/\/lydenim.com\/wp-content\/uploads\/2024\/12\/\u7eba\u7eb1-1024x683.jpeg 1024w, https:\/\/lydenim.com\/wp-content\/uploads\/2024\/12\/\u7eba\u7eb1-150x100.jpeg 150w, https:\/\/lydenim.com\/wp-content\/uploads\/2024\/12\/\u7eba\u7eb1-600x400.jpeg 600w, https:\/\/lydenim.com\/wp-content\/uploads\/2024\/12\/\u7eba\u7eb1-300x200.jpeg 300w, https:\/\/lydenim.com\/wp-content\/uploads\/2024\/12\/\u7eba\u7eb1-768x512.jpeg 768w, https:\/\/lydenim.com\/wp-content\/uploads\/2024\/12\/\u7eba\u7eb1-1536x1025.jpeg 1536w, https:\/\/lydenim.com\/wp-content\/uploads\/2024\/12\/\u7eba\u7eb1-18x12.jpeg 18w, https:\/\/lydenim.com\/wp-content\/uploads\/2024\/12\/\u7eba\u7eb1.jpeg 1619w\" sizes=\"auto, (max-width: 400px) 100vw, 400px\" \/><p id=\"caption-attachment-2577\" class=\"wp-caption-text\">Fil<\/p><\/div>\n<h2 dir=\"auto\">Filage et teinture<\/h2>\n<h3 dir=\"auto\">Cr\u00e9ation de denim indigo<\/h3>\n<p dir=\"auto\">Le processus de teinture d\u00e9finit le look embl\u00e9matique du denim. <strong>Teinture \u00e0 l&#039;indigo<\/strong> conf\u00e8re au denim sa teinte bleue caract\u00e9ristique, obtenue en teignant les fils plut\u00f4t que le tissu. Les fibres de coton sont fil\u00e9es <strong>fil<\/strong>, puis immerg\u00e9 dans des bains d&#039;indigo. Cette m\u00e9thode, comme indiqu\u00e9 dans <a href=\"https:\/\/lydenim.com\/fr\/comprendre-les-textures-de-surface-et-les-structures-de-tissage-du-tissu-denim-decodees\/\" target=\"_blank\" rel=\"noopener noreferrer nofollow\">Guide de tissage de LYDenim<\/a>, cr\u00e9e une surface plus fonc\u00e9e avec des fibres int\u00e9rieures plus claires, permettant une d\u00e9coloration naturelle au fil du temps. Il en r\u00e9sulte la profondeur et la polyvalence caract\u00e9ristiques du denim, id\u00e9ales pour une esth\u00e9tique unique et us\u00e9e.<\/p>\n<div id=\"attachment_2771\" style=\"width: 410px\" class=\"wp-caption aligncenter\"><img loading=\"lazy\" decoding=\"async\" aria-describedby=\"caption-attachment-2771\" class=\"wp-image-2771\" src=\"https:\/\/lydenim.com\/wp-content\/uploads\/2025\/01\/\u62c9\u7ecf-1024x576.jpg\" alt=\"Pr\u00e9paration pour la teinture\" width=\"400\" height=\"225\" srcset=\"https:\/\/lydenim.com\/wp-content\/uploads\/2025\/01\/\u62c9\u7ecf-1024x576.jpg 1024w, https:\/\/lydenim.com\/wp-content\/uploads\/2025\/01\/\u62c9\u7ecf-scaled-150x84.jpg 150w, https:\/\/lydenim.com\/wp-content\/uploads\/2025\/01\/\u62c9\u7ecf-scaled-600x338.jpg 600w, https:\/\/lydenim.com\/wp-content\/uploads\/2025\/01\/\u62c9\u7ecf-300x169.jpg 300w, https:\/\/lydenim.com\/wp-content\/uploads\/2025\/01\/\u62c9\u7ecf-768x432.jpg 768w, https:\/\/lydenim.com\/wp-content\/uploads\/2025\/01\/\u62c9\u7ecf-1536x864.jpg 1536w, https:\/\/lydenim.com\/wp-content\/uploads\/2025\/01\/\u62c9\u7ecf-2048x1152.jpg 2048w, https:\/\/lydenim.com\/wp-content\/uploads\/2025\/01\/\u62c9\u7ecf-18x10.jpg 18w\" sizes=\"auto, (max-width: 400px) 100vw, 400px\" \/><p id=\"caption-attachment-2771\" class=\"wp-caption-text\">Pr\u00e9paration pour la teinture<\/p><\/div>\n<div id=\"attachment_2482\" style=\"width: 410px\" class=\"wp-caption aligncenter\"><img loading=\"lazy\" decoding=\"async\" aria-describedby=\"caption-attachment-2482\" class=\"wp-image-2482\" src=\"https:\/\/lydenim.com\/wp-content\/uploads\/2024\/12\/\u5e8f\u5217-Sequence-01.00_04_02_11.Still015-1024x576.jpg\" alt=\"Teinture\" width=\"400\" height=\"225\" srcset=\"https:\/\/lydenim.com\/wp-content\/uploads\/2024\/12\/\u5e8f\u5217-Sequence-01.00_04_02_11.Still015-1024x576.jpg 1024w, https:\/\/lydenim.com\/wp-content\/uploads\/2024\/12\/\u5e8f\u5217-Sequence-01.00_04_02_11.Still015-scaled-150x84.jpg 150w, https:\/\/lydenim.com\/wp-content\/uploads\/2024\/12\/\u5e8f\u5217-Sequence-01.00_04_02_11.Still015-scaled-600x338.jpg 600w, https:\/\/lydenim.com\/wp-content\/uploads\/2024\/12\/\u5e8f\u5217-Sequence-01.00_04_02_11.Still015-300x169.jpg 300w, https:\/\/lydenim.com\/wp-content\/uploads\/2024\/12\/\u5e8f\u5217-Sequence-01.00_04_02_11.Still015-768x432.jpg 768w, https:\/\/lydenim.com\/wp-content\/uploads\/2024\/12\/\u5e8f\u5217-Sequence-01.00_04_02_11.Still015-1536x864.jpg 1536w, https:\/\/lydenim.com\/wp-content\/uploads\/2024\/12\/\u5e8f\u5217-Sequence-01.00_04_02_11.Still015-2048x1152.jpg 2048w, https:\/\/lydenim.com\/wp-content\/uploads\/2024\/12\/\u5e8f\u5217-Sequence-01.00_04_02_11.Still015-18x10.jpg 18w, https:\/\/lydenim.com\/wp-content\/uploads\/2024\/12\/\u5e8f\u5217-Sequence-01.00_04_02_11.Still015-scaled-1281x720.jpg 1281w\" sizes=\"auto, (max-width: 400px) 100vw, 400px\" \/><p id=\"caption-attachment-2482\" class=\"wp-caption-text\">Teinture<\/p><\/div>\n<h2 dir=\"auto\">Tissage<\/h2>\n<h3 dir=\"auto\">La structure serg\u00e9e classique<\/h3>\n<p dir=\"auto\">La texture distinctive du denim provient de sa <strong>armure serg\u00e9e<\/strong>, o\u00f9 moins de fils de cha\u00eene (verticaux) s&#039;entrelacent avec plus de fils de trame (horizontaux), formant des lignes diagonales. Cette structure, d\u00e9taill\u00e9e dans <a href=\"https:\/\/lydenim.com\/fr\/comprendre-les-textures-de-surface-et-les-structures-de-tissage-du-tissu-denim-decodees\/\" target=\"_blank\" rel=\"noopener noreferrer nofollow\">Guide de tissage de LYDenim<\/a>, am\u00e9liore <strong>durabilit\u00e9<\/strong> et de flexibilit\u00e9 tout en donnant au denim son apparence reconnaissable. <strong>Serg\u00e9 3\/1<\/strong> est standard, \u00e9quilibrant r\u00e9sistance et drap\u00e9, ce qui le rend id\u00e9al pour les jeans et les vestes.<\/p>\n<div id=\"attachment_2493\" style=\"width: 410px\" class=\"wp-caption aligncenter\"><img loading=\"lazy\" decoding=\"async\" aria-describedby=\"caption-attachment-2493\" class=\"wp-image-2493\" src=\"https:\/\/lydenim.com\/wp-content\/uploads\/2024\/12\/\u5e8f\u5217-Sequence-01.00_05_01_21.Still026-scaled-e1734622662986-1024x486.jpg\" alt=\"Tissage\" width=\"400\" height=\"190\" srcset=\"https:\/\/lydenim.com\/wp-content\/uploads\/2024\/12\/\u5e8f\u5217-Sequence-01.00_05_01_21.Still026-scaled-e1734622662986-1024x486.jpg 1024w, https:\/\/lydenim.com\/wp-content\/uploads\/2024\/12\/\u5e8f\u5217-Sequence-01.00_05_01_21.Still026-scaled-e1734622662986-150x71.jpg 150w, https:\/\/lydenim.com\/wp-content\/uploads\/2024\/12\/\u5e8f\u5217-Sequence-01.00_05_01_21.Still026-scaled-e1734622662986-600x285.jpg 600w, https:\/\/lydenim.com\/wp-content\/uploads\/2024\/12\/\u5e8f\u5217-Sequence-01.00_05_01_21.Still026-scaled-e1734622662986-300x142.jpg 300w, https:\/\/lydenim.com\/wp-content\/uploads\/2024\/12\/\u5e8f\u5217-Sequence-01.00_05_01_21.Still026-scaled-e1734622662986-768x364.jpg 768w, https:\/\/lydenim.com\/wp-content\/uploads\/2024\/12\/\u5e8f\u5217-Sequence-01.00_05_01_21.Still026-scaled-e1734622662986-1536x728.jpg 1536w, https:\/\/lydenim.com\/wp-content\/uploads\/2024\/12\/\u5e8f\u5217-Sequence-01.00_05_01_21.Still026-scaled-e1734622662986-2048x971.jpg 2048w, https:\/\/lydenim.com\/wp-content\/uploads\/2024\/12\/\u5e8f\u5217-Sequence-01.00_05_01_21.Still026-scaled-e1734622662986-18x9.jpg 18w\" sizes=\"auto, (max-width: 400px) 100vw, 400px\" \/><p id=\"caption-attachment-2493\" class=\"wp-caption-text\">Tissage<\/p><\/div>\n<h2 dir=\"auto\">Post-traitement<\/h2>\n<h3 dir=\"auto\">Adoucissement et coiffage<\/h3>\n<p dir=\"auto\">Apr\u00e8s le tissage, le denim subit <strong>post-traitement<\/strong> pour obtenir la sensation et l&#039;apparence souhait\u00e9es. Des proc\u00e9d\u00e9s comme <strong>lavage<\/strong>, le brossage et le blanchiment adoucissent le tissu et rehaussent <strong>\u00e9vacuant l&#039;humidit\u00e9<\/strong> propri\u00e9t\u00e9s. Le <strong>lavage \u00e0 la pierre<\/strong> technique, d\u00e9crite dans <a href=\"https:\/\/lydenim.com\/fr\/retrecissement-du-tissu-comment-leviter\/\" target=\"_blank\" rel=\"noopener noreferrer nofollow\">Guide de r\u00e9tr\u00e9cissement de LYDenim<\/a>, utilise des pierres ponces pour cr\u00e9er un aspect vintage naturellement d\u00e9lav\u00e9, am\u00e9liorant ainsi le confort et le style. Ces traitements transforment le denim brut en un textile doux et agr\u00e9able \u00e0 porter.<\/p>\n<div id=\"attachment_2757\" style=\"width: 410px\" class=\"wp-caption aligncenter\"><img loading=\"lazy\" decoding=\"async\" aria-describedby=\"caption-attachment-2757\" class=\"wp-image-2757\" src=\"https:\/\/lydenim.com\/wp-content\/uploads\/2025\/01\/%E4%B8%8B%E8%BD%BD-2.jpeg\" alt=\"Post-traitement\" width=\"400\" height=\"400\" \/><p id=\"caption-attachment-2757\" class=\"wp-caption-text\">Post-traitement<\/p><\/div>\n<h2 dir=\"auto\">Finition<\/h2>\n<h3 dir=\"auto\">Confection de v\u00eatements en denim<\/h3>\n<p dir=\"auto\">La derni\u00e8re \u00e9tape de <strong>production de tissu denim<\/strong> implique <strong>finition des v\u00eatements<\/strong>Les cr\u00e9ateurs coupent et cousent le denim en <strong>jeans<\/strong>, vestes, jupes et autres, en int\u00e9grant des d\u00e9tails comme des rivets ou des coutures pour s&#039;adapter aux tendances de la mode. Cette \u00e9tape allie savoir-faire et cr\u00e9ativit\u00e9, garantissant que le denim r\u00e9pond aux pr\u00e9f\u00e9rences des consommateurs en mati\u00e8re de style et de fonctionnalit\u00e9, comme le montre l&#039;exemple ci-dessous. <a href=\"https:\/\/lydenim.com\/fr\/guide-des-avantages-et-des-inconvenients-des-tissus-courants\/\" target=\"_blank\" rel=\"noopener noreferrer nofollow\">Guide des tissus LYDenim<\/a>.<\/p>\n<div id=\"attachment_2471\" style=\"width: 410px\" class=\"wp-caption aligncenter\"><img loading=\"lazy\" decoding=\"async\" aria-describedby=\"caption-attachment-2471\" class=\"wp-image-2471\" src=\"https:\/\/lydenim.com\/wp-content\/uploads\/2024\/12\/pexels-cottonbro-7764611-683x1024.jpg\" alt=\"Habits\" width=\"400\" height=\"426\" \/><p id=\"caption-attachment-2471\" class=\"wp-caption-text\">Habits<\/p><\/div>\n<h2 dir=\"auto\">Conclusion<\/h2>\n<p dir=\"auto\"><strong>Production de tissu denim<\/strong> est un m\u00e9lange de tradition et d&#039;innovation, transformant <strong>coton de haute qualit\u00e9<\/strong> en un textile polyvalent et durable. <strong>teinture \u00e0 l&#039;indigo<\/strong> \u00e0 <strong>tissage serg\u00e9<\/strong> et <strong>lavage de pierres<\/strong>Chaque \u00e9tape fa\u00e7onne le charme embl\u00e9matique du denim. Comprendre ce processus permet aux cr\u00e9ateurs et aux consommateurs d&#039;appr\u00e9cier le charme intemporel du denim. Pour en savoir plus, consultez nos guides sur les conseils d&#039;entretien du denim ou notre guide de cr\u00e9ation textile.<\/p>\n<h2 dir=\"auto\">Services de personnalisation par LYDENIM<\/h2>\n<p dir=\"auto\">\ud83c\udfa8 Vouloir <strong>tissus denim personnalis\u00e9s<\/strong> ou\u00a0 <strong>unique<\/strong> <strong>v\u00eatement en denim personnalis\u00e9<\/strong>? LYDENIM est sp\u00e9cialis\u00e9 dans les solutions sur mesure pour r\u00e9pondre \u00e0 vos besoins de conception et de production.<\/p>\n<p dir=\"auto\">\ud83d\udecd\ufe0f <strong>Explorez et inspirez-vous<\/strong>: Parcourez nos s\u00e9lections de tissus et d\u00e9couvrez des id\u00e9es de design sur <a href=\"https:\/\/lydenim.com\/fr\/\" target=\"_blank\" rel=\"noopener noreferrer nofollow\">LYDenim<\/a>.<\/p>\n<p dir=\"auto\">\ud83c\udf10 <strong>V\u00eatements \u00e9lastiques<\/strong>:D\u00e9couvrez nos offres sur <a href=\"http:\/\/liangyuantextile.m.en.alibaba.com\" target=\"_blank\" rel=\"noopener noreferrer nofollow\">MonAlibaba<\/a>. \ud83d\udce9 <strong>Contactez-nous<\/strong>: Contactez-nous \u00e0 <a href=\"mailto:malone@lydenim.com\" target=\"_blank\" rel=\"noopener noreferrer nofollow\">malone@lydenim.com<\/a>.<\/p>\n<p dir=\"auto\">Cr\u00e9ez votre chef-d&#039;\u0153uvre en denim avec LYDENIM, votre partenaire de confiance pour <strong>tissu extensible<\/strong> et <strong>solutions denim personnalis\u00e9es<\/strong>.<\/p>\n<\/div>\n<\/div>\n<\/div>\n<\/div>\n<\/div>\n<\/div>\n<\/div>\n<\/div>\n<\/article>","protected":false},"excerpt":{"rendered":"<p>Temps de lecture estim\u00e9 : ~5 minutes Introduction \u00e0 la production de tissu denim La production de tissu denim est l&#039;un des m\u00e9tiers les plus embl\u00e9matiques au monde<\/p>","protected":false},"author":1,"featured_media":2833,"comment_status":"open","ping_status":"open","sticky":false,"template":"","format":"standard","meta":{"two_page_speed":[],"footnotes":""},"categories":[67],"tags":[],"class_list":["post-2770","post","type-post","status-publish","format-standard","has-post-thumbnail","hentry","category-market"],"aioseo_notices":[],"_links":{"self":[{"href":"https:\/\/lydenim.com\/fr\/wp-json\/wp\/v2\/posts\/2770","targetHints":{"allow":["GET"]}}],"collection":[{"href":"https:\/\/lydenim.com\/fr\/wp-json\/wp\/v2\/posts"}],"about":[{"href":"https:\/\/lydenim.com\/fr\/wp-json\/wp\/v2\/types\/post"}],"author":[{"embeddable":true,"href":"https:\/\/lydenim.com\/fr\/wp-json\/wp\/v2\/users\/1"}],"replies":[{"embeddable":true,"href":"https:\/\/lydenim.com\/fr\/wp-json\/wp\/v2\/comments?post=2770"}],"version-history":[{"count":8,"href":"https:\/\/lydenim.com\/fr\/wp-json\/wp\/v2\/posts\/2770\/revisions"}],"predecessor-version":[{"id":6203,"href":"https:\/\/lydenim.com\/fr\/wp-json\/wp\/v2\/posts\/2770\/revisions\/6203"}],"wp:featuredmedia":[{"embeddable":true,"href":"https:\/\/lydenim.com\/fr\/wp-json\/wp\/v2\/media\/2833"}],"wp:attachment":[{"href":"https:\/\/lydenim.com\/fr\/wp-json\/wp\/v2\/media?parent=2770"}],"wp:term":[{"taxonomy":"category","embeddable":true,"href":"https:\/\/lydenim.com\/fr\/wp-json\/wp\/v2\/categories?post=2770"},{"taxonomy":"post_tag","embeddable":true,"href":"https:\/\/lydenim.com\/fr\/wp-json\/wp\/v2\/tags?post=2770"}],"curies":[{"name":"wp","href":"https:\/\/api.w.org\/{rel}","templated":true}]}}