{"id":2839,"date":"2025-01-09T12:13:55","date_gmt":"2025-01-09T04:13:55","guid":{"rendered":"https:\/\/lydenim.com\/?p=2839"},"modified":"2025-08-23T16:03:44","modified_gmt":"2025-08-23T08:03:44","slug":"denims-journey-from-miners-workwear-to-an-american-icon","status":"publish","type":"post","link":"https:\/\/lydenim.com\/fr\/le-voyage-du-denim-des-vetements-de-travail-des-mineurs-a-une-icone-americaine\/","title":{"rendered":"Le voyage du denim\u00a0: du v\u00eatement de travail des mineurs \u00e0 l&#039;ic\u00f4ne am\u00e9ricaine"},"content":{"rendered":"<div class=\"flex-1 overflow-hidden @container\/thread\">\n<div class=\"h-full\">\n<div class=\"react-scroll-to-bottom--css-qzpqx-79elbk h-full\">\n<div class=\"react-scroll-to-bottom--css-qzpqx-1n7m0yu\">\n<div class=\"flex flex-col text-sm md:pb-9\">\n<article class=\"w-full scroll-mb-[var(--thread-trailing-height,150px)] text-token-text-primary focus-visible:outline-2 focus-visible:outline-offset-[-4px]\" dir=\"auto\" data-testid=\"conversation-turn-15\" data-scroll-anchor=\"true\">\n<div class=\"m-auto text-base py-[18px] px-3 md:px-4 w-full md:px-5 lg:px-4 xl:px-5\">\n<div class=\"mx-auto flex flex-1 gap-4 text-base md:gap-5 lg:gap-6 md:max-w-3xl lg:max-w-[40rem] xl:max-w-[48rem]\">\n<div class=\"group\/conversation-turn relative flex w-full min-w-0 flex-col agent-turn\">\n<div class=\"flex-col gap-1 md:gap-3\">\n<div class=\"flex max-w-full flex-col flex-grow\">\n<div class=\"min-h-8 text-message flex w-full flex-col items-end gap-2 whitespace-normal break-words text-start [.text-message+&amp;]:mt-5\" dir=\"auto\" data-message-author-role=\"assistant\" data-message-id=\"402aabb5-5d74-4ddf-9c7d-11a833629832\" data-message-model-slug=\"gpt-4o\">\n<div class=\"flex w-full flex-col gap-1 empty:hidden first:pt-[3px]\">\n<div class=\"markdown prose w-full break-words dark:prose-invert light\">\n<h3 dir=\"ltr\" data-pm-slice=\"1 1 []\">Temps de lecture estim\u00e9 : ~5 minutes<\/h3>\n<h3 dir=\"ltr\" data-pm-slice=\"1 1 []\">Le charme intemporel du jean bleu<\/h3>\n<p dir=\"ltr\">Le blue-jean est bien plus qu&#039;un simple v\u00eatement\u00a0; il est un symbole de la culture am\u00e9ricaine, incarnant la durabilit\u00e9, l&#039;individualit\u00e9 et un style intemporel. De ses origines de v\u00eatement de travail robuste \u00e0 son statut d&#039;ic\u00f4ne de la mode mondiale, le blue-jean a fa\u00e7onn\u00e9 les tendances et transcend\u00e9 les g\u00e9n\u00e9rations. Cet article explore la riche histoire du blue-jean, son importance culturelle et pourquoi il demeure un incontournable de la garde-robe.<\/p>\n<p><img loading=\"lazy\" decoding=\"async\" class=\"aligncenter\" src=\"http:\/\/p7.itc.cn\/q_70\/images03\/20201118\/2c3ab26df88c480c82a0906763caa5f2.png\" width=\"599\" height=\"480\" \/><\/p>\n<h3 dir=\"ltr\" data-pm-slice=\"1 1 []\">L&#039;origine du denim<\/h3>\n<p dir=\"ltr\">L&#039;histoire du jean bleu commence avec le denim, un tissu robuste originaire de France. Appel\u00e9 \u00e0 l&#039;origine \u00ab\u00a0Serge de N\u00eemes\u00a0\u00bb, ce qui signifie \u00ab\u00a0serg\u00e9 de N\u00eemes\u00a0\u00bb, le terme \u00ab\u00a0<a href=\"https:\/\/en.wikipedia.org\/wiki\/Denim\">denim\u201d<\/a> D\u00e9riv\u00e9 de \u00ab de N\u00eemes \u00bb. Au XIXe si\u00e8cle, le denim gagna en popularit\u00e9 aux \u00c9tats-Unis gr\u00e2ce \u00e0 sa durabilit\u00e9 et son prix abordable. Mineurs, agriculteurs et \u00e9leveurs comptaient sur ce tissu pour sa r\u00e9sistance aux conditions difficiles. La couleur bleue embl\u00e9matique du denim, obtenue gr\u00e2ce \u00e0 une teinture indigo import\u00e9e d&#039;Inde, contribuait \u00e0 son attrait universel et \u00e0 sa praticit\u00e9.<\/p>\n<p><img loading=\"lazy\" decoding=\"async\" class=\"aligncenter\" src=\"http:\/\/p9.itc.cn\/q_70\/images03\/20201118\/b131b21da82d45828426071439806026.png\" width=\"599\" height=\"387\" \/><\/p>\n<h3 dir=\"ltr\" data-pm-slice=\"1 1 []\">La naissance du blue-jean<\/h3>\n<p dir=\"ltr\">Le 20 mai 1873, le blue-jean \u00e9tait officiellement n\u00e9. Le tailleur Jacob Davis s&#039;associa \u00e0 l&#039;homme d&#039;affaires Levi Strauss pour breveter un mod\u00e8le r\u00e9volutionnaire\u00a0: un pantalon renforc\u00e9 de rivets pour une durabilit\u00e9 accrue. Initialement appel\u00e9s \u00ab\u00a0salopette \u00e0 taille\u00a0\u00bb, ces premiers blue-jeans \u00e9taient dot\u00e9s d&#039;une poche gousset, de poches arri\u00e8re, de boutons de bretelles et de rivets, r\u00e9pondant aux besoins des ouvriers. Cette innovation pratique posa les bases du blue-jean moderne que nous connaissons aujourd&#039;hui.<\/p>\n<div style=\"width: 609px\" class=\"wp-caption aligncenter\"><img loading=\"lazy\" decoding=\"async\" class=\"\" src=\"http:\/\/p7.itc.cn\/q_70\/images03\/20201118\/da0140852cd144608f518dc6c1b135c5.png\" alt=\"L\u00e9vi\" width=\"599\" height=\"400\" \/><p class=\"wp-caption-text\">L\u00e9vi<\/p><\/div>\n<p><img loading=\"lazy\" decoding=\"async\" class=\"aligncenter\" src=\"http:\/\/p8.itc.cn\/q_70\/images03\/20201118\/7fe809f3670b44f782cf0912a6ee955e.jpeg\" width=\"599\" height=\"797\" \/><\/p>\n<h3 dir=\"ltr\" data-pm-slice=\"1 3 []\">Du v\u00eatement de travail au symbole de la mode<\/h3>\n<p dir=\"ltr\">Le jean bleu a consid\u00e9rablement \u00e9volu\u00e9 au fil des d\u00e9cennies, refl\u00e9tant les changements culturels et sociaux de l\u2019Am\u00e9rique :<\/p>\n<ul class=\"tight\" dir=\"ltr\" data-tight=\"true\">\n<li>\n<p dir=\"ltr\"><strong>ann\u00e9es 1920-1930<\/strong>:Le jean bleu est devenu synonyme de tenue de travail robuste pour les mineurs, les agriculteurs et les \u00e9leveurs. Les films hollywoodiens ont romanc\u00e9 le denim \u00e0 travers des stars comme John Wayne et Gary Cooper, transformant le jean bleu en article de mode masculin d\u00e9sirable.<\/p>\n<p><img loading=\"lazy\" decoding=\"async\" class=\"aligncenter\" src=\"http:\/\/p1.itc.cn\/q_70\/images03\/20201118\/e508b757133341bca5cd08341c585cb1.png\" alt=\"\uff08John Wayne\uff09\" width=\"400\" height=\"600\" \/><\/li>\n<\/ul>\n<ul data-start=\"1464\" data-end=\"2205\">\n<li data-start=\"1715\" data-end=\"1852\">\n<p dir=\"ltr\" data-pm-slice=\"1 1 [&quot;bulletList&quot;,{&quot;tight&quot;:true,&quot;dir&quot;:&quot;ltr&quot;},&quot;listItem&quot;,{}]\"><strong>ann\u00e9es 1950<\/strong>Le jean est devenu un symbole de r\u00e9bellion, popularis\u00e9 par des ic\u00f4nes comme James Dean et Marlon Brando. Son charme brut a trouv\u00e9 un \u00e9cho aupr\u00e8s des adolescents cherchant \u00e0 d\u00e9fier les normes sociales.<\/p>\n<div style=\"width: 408px\" class=\"wp-caption aligncenter\"><img loading=\"lazy\" decoding=\"async\" src=\"http:\/\/p1.itc.cn\/q_70\/images03\/20201118\/b1a65d3e6dd1465fbd0943bf772cd6df.jpeg\" alt=\"(Marilyn Monroe)\" width=\"398\" height=\"302\" \/><p class=\"wp-caption-text\">(Marilyn Monroe)<\/p><\/div>\n<div style=\"width: 384px\" class=\"wp-caption aligncenter\"><img loading=\"lazy\" decoding=\"async\" src=\"http:\/\/p5.itc.cn\/q_70\/images03\/20201118\/e157fe64b4964da69591ecba88ec48d5.png\" alt=\"\uff08Gary Cooper\uff09\" width=\"374\" height=\"561\" \/><p class=\"wp-caption-text\">\uff08Gary Cooper\uff09<\/p><\/div>\n<p><div style=\"width: 379px\" class=\"wp-caption aligncenter\"><img loading=\"lazy\" decoding=\"async\" src=\"http:\/\/p1.itc.cn\/q_70\/images03\/20201118\/c02d5b40cba54196afe96ac8a88fb3a7.png\" alt=\"(Marlon Brando)\" width=\"369\" height=\"486\" \/><p class=\"wp-caption-text\">(Marlon Brando)<\/p><\/div><\/li>\n<li data-start=\"1853\" data-end=\"2037\">\n<p dir=\"ltr\" data-pm-slice=\"1 1 [&quot;bulletList&quot;,{&quot;tight&quot;:true,&quot;dir&quot;:&quot;ltr&quot;},&quot;listItem&quot;,{}]\"><strong>ann\u00e9es 1960<\/strong>:Le mouvement hippie a adopt\u00e9 le jean bleu comme symbole de libert\u00e9 et de contre-culture. Broderies, patchs et pattes d&#039;\u00e9l\u00e9phant ont permis l&#039;expression cr\u00e9ative.<\/p>\n<p><img loading=\"lazy\" decoding=\"async\" class=\"aligncenter\" src=\"http:\/\/p1.itc.cn\/q_70\/images03\/20201118\/e8e1c6cf5a2b486da2d339825d256b3f.png\" alt=\"\uff08Robert Plant\uff09\" width=\"400\" height=\"600\" \/><\/p>\n<p><img loading=\"lazy\" decoding=\"async\" class=\"aligncenter\" src=\"http:\/\/p7.itc.cn\/q_70\/images03\/20201118\/5722e58a94634ba0a93f1a34d919221f.png\" alt=\"(Les hippies portent des pantalons \u00e9vas\u00e9s et des pantalons \u00e0 patchs)\" width=\"399\" height=\"279\" \/><\/li>\n<li data-start=\"1853\" data-end=\"2037\"><strong data-start=\"2040\" data-end=\"2050\">Ann\u00e9es 1980 :<\/strong> Les jeans de cr\u00e9ateurs sont devenus un symbole de statut, avec des marques comme Calvin Klein et Jordache \u00e9levant le denim dans la mode grand public et m\u00eame dans les environnements de bureau d\u00e9contract\u00e9s.<\/li>\n<\/ul>\n<div style=\"width: 410px\" class=\"wp-caption aligncenter\"><img loading=\"lazy\" decoding=\"async\" class=\"\" src=\"http:\/\/p3.itc.cn\/q_70\/images03\/20201118\/9aa965d39d1f44fb9d5f5081d2bc2d73.png\" alt=\"(D\u00e9fil\u00e9 Calvin Klein en 1976)\" width=\"400\" height=\"600\" \/><p class=\"wp-caption-text\">(D\u00e9fil\u00e9 Calvin Klein en 1976)<\/p><\/div>\n<div style=\"width: 410px\" class=\"wp-caption aligncenter\"><img loading=\"lazy\" decoding=\"async\" class=\"\" src=\"http:\/\/p6.itc.cn\/q_70\/images03\/20201118\/2c508c03131c47c4a284e76c13725c37.png\" alt=\"(Cindy Crawford)\" width=\"400\" height=\"517\" \/><p class=\"wp-caption-text\">(Cindy Crawford)<\/p><\/div>\n<h3 dir=\"ltr\" data-pm-slice=\"1 1 []\">La culture contemporaine du denim<\/h3>\n<p dir=\"ltr\">Aujourd&#039;hui, le jean bleu est un incontournable de la mode mondiale, c\u00e9l\u00e9br\u00e9 pour sa polyvalence et son originalit\u00e9. Du bleu classique aux mod\u00e8les us\u00e9s, avec d\u00e9chirures, d\u00e9colorations et broderies, chaque paire raconte une histoire unique. Le jean bleu reste un favori gr\u00e2ce \u00e0 sa durabilit\u00e9, son confort et son appartenance culturelle, ce qui en fait un incontournable des garde-robes du monde entier.<\/p>\n<h3 dir=\"auto\">Services de personnalisation par LYDENIM<\/h3>\n<p dir=\"auto\">\ud83c\udfa8 Vouloir <strong>tissus denim personnalis\u00e9s<\/strong> ou\u00a0 <strong>unique<\/strong> <strong>v\u00eatement en denim personnalis\u00e9<\/strong>? LYDENIM est sp\u00e9cialis\u00e9 dans les solutions sur mesure pour r\u00e9pondre \u00e0 vos besoins de conception et de production.<\/p>\n<p dir=\"auto\">\ud83d\udecd\ufe0f <strong>Explorez et inspirez-vous<\/strong>: Parcourez nos s\u00e9lections de tissus et d\u00e9couvrez des id\u00e9es de design sur <a href=\"https:\/\/lydenim.com\/fr\/\" target=\"_blank\" rel=\"noopener noreferrer nofollow\">LYDenim<\/a>.<\/p>\n<p dir=\"auto\">\ud83c\udf10 <strong>V\u00eatements \u00e9lastiques<\/strong>:D\u00e9couvrez nos offres sur <a href=\"http:\/\/liangyuantextile.m.en.alibaba.com\" target=\"_blank\" rel=\"noopener noreferrer nofollow\">MonAlibaba<\/a>. \ud83d\udce9 <strong>Contactez-nous<\/strong>: Contactez-nous \u00e0 <a href=\"mailto:malone@lydenim.com\" target=\"_blank\" rel=\"noopener noreferrer nofollow\">malone@lydenim.com<\/a>.<\/p>\n<p dir=\"auto\">Cr\u00e9ez votre chef-d&#039;\u0153uvre en denim avec LYDENIM, votre partenaire de confiance pour <strong>tissu extensible<\/strong> et <strong>solutions denim personnalis\u00e9es<\/strong>.<\/p>\n<h3 dir=\"ltr\">Pourquoi les jeans bleus durent<\/h3>\n<p dir=\"ltr\">L&#039;attrait durable du jean r\u00e9side dans sa capacit\u00e9 \u00e0 s&#039;adapter aux changements tout en conservant ses qualit\u00e9s fondamentales\u00a0: durabilit\u00e9, style et signification culturelle. Qu&#039;il soit port\u00e9 par les mineurs au XIXe\u00a0si\u00e8cle ou par les passionn\u00e9s de mode d&#039;aujourd&#039;hui, le jean continue de d\u00e9finir le style am\u00e9ricain gr\u00e2ce \u00e0 son approche d\u00e9mocratique de la mode.<\/p>\n<\/div>\n<\/div>\n<\/div>\n<\/div>\n<\/div>\n<\/div>\n<\/div>\n<\/div>\n<\/article>\n<\/div>\n<\/div>\n<\/div>\n<\/div>\n<\/div>","protected":false},"excerpt":{"rendered":"<p>Temps de lecture estim\u00e9 : ~5 minutes L&#039;attrait intemporel du jean bleu Le jean bleu est plus que de simples v\u00eatements ; il est<\/p>","protected":false},"author":1,"featured_media":2909,"comment_status":"open","ping_status":"open","sticky":false,"template":"","format":"standard","meta":{"two_page_speed":[],"footnotes":""},"categories":[66],"tags":[],"class_list":["post-2839","post","type-post","status-publish","format-standard","has-post-thumbnail","hentry","category-denim-knowledge"],"aioseo_notices":[],"_links":{"self":[{"href":"https:\/\/lydenim.com\/fr\/wp-json\/wp\/v2\/posts\/2839","targetHints":{"allow":["GET"]}}],"collection":[{"href":"https:\/\/lydenim.com\/fr\/wp-json\/wp\/v2\/posts"}],"about":[{"href":"https:\/\/lydenim.com\/fr\/wp-json\/wp\/v2\/types\/post"}],"author":[{"embeddable":true,"href":"https:\/\/lydenim.com\/fr\/wp-json\/wp\/v2\/users\/1"}],"replies":[{"embeddable":true,"href":"https:\/\/lydenim.com\/fr\/wp-json\/wp\/v2\/comments?post=2839"}],"version-history":[{"count":7,"href":"https:\/\/lydenim.com\/fr\/wp-json\/wp\/v2\/posts\/2839\/revisions"}],"predecessor-version":[{"id":6205,"href":"https:\/\/lydenim.com\/fr\/wp-json\/wp\/v2\/posts\/2839\/revisions\/6205"}],"wp:featuredmedia":[{"embeddable":true,"href":"https:\/\/lydenim.com\/fr\/wp-json\/wp\/v2\/media\/2909"}],"wp:attachment":[{"href":"https:\/\/lydenim.com\/fr\/wp-json\/wp\/v2\/media?parent=2839"}],"wp:term":[{"taxonomy":"category","embeddable":true,"href":"https:\/\/lydenim.com\/fr\/wp-json\/wp\/v2\/categories?post=2839"},{"taxonomy":"post_tag","embeddable":true,"href":"https:\/\/lydenim.com\/fr\/wp-json\/wp\/v2\/tags?post=2839"}],"curies":[{"name":"wp","href":"https:\/\/api.w.org\/{rel}","templated":true}]}}