{"id":3745,"date":"2025-02-24T15:08:42","date_gmt":"2025-02-24T07:08:42","guid":{"rendered":"https:\/\/lydenim.com\/?p=3745"},"modified":"2025-08-23T16:06:58","modified_gmt":"2025-08-23T08:06:58","slug":"indigo-denim","status":"publish","type":"post","link":"https:\/\/lydenim.com\/fr\/denim-indigo\/","title":{"rendered":"L&#039;histoire fascinante de la teinture bleue dans les jeans en denim : de l&#039;indigo \u00e0 l&#039;ic\u00f4ne"},"content":{"rendered":"<h2 style=\"text-align: left;\" data-pm-slice=\"1 1 []\">Temps de lecture estim\u00e9 ~4 minutes<\/h2>\n<h2 style=\"text-align: left;\" data-pm-slice=\"1 1 []\">Introduction<\/h2>\n<p data-start=\"40\" data-end=\"516\">Le jean est un incontournable de la mode mondiale, mais vous \u00eates-vous d\u00e9j\u00e0 demand\u00e9 pourquoi il est presque toujours bleu\u00a0? La r\u00e9ponse r\u00e9side dans la riche histoire de la teinture indigo et sa relation unique avec le denim. Dans cet article, nous explorerons les origines du denim bleu, sa signification culturelle et comment il est devenu un symbole de r\u00e9bellion, de libert\u00e9 et de style. Nous verrons \u00e9galement comment le denim est pass\u00e9 du statut de v\u00eatement de travail \u00e0 celui d&#039;ic\u00f4ne de la mode et pourquoi sa teinte bleue embl\u00e9matique reste intemporelle.<\/p>\n<h2 data-start=\"518\" data-end=\"559\"><strong data-start=\"518\" data-end=\"559\">Les origines du denim bleu : <a href=\"https:\/\/en.wikipedia.org\/wiki\/Indigofera\">Teinture indigo<\/a><\/strong><\/h2>\n<p data-start=\"561\" data-end=\"1052\">L&#039;histoire du denim bleu commence avec la teinture indigo, un colorant naturel d\u00e9riv\u00e9 de l&#039;indigotier. Historiquement, l&#039;indigo \u00e9tait l&#039;une des teintures les plus accessibles et abordables, ce qui en faisait un choix pratique pour les v\u00eatements de travail. Au XIXe si\u00e8cle, les jeans \u00e9taient initialement con\u00e7us pour les ouvriers, les mineurs et les cow-boys qui avaient besoin de v\u00eatements durables. La couleur bleu profond de l&#039;indigo dissimulait non seulement la salet\u00e9 et les taches, mais se d\u00e9colorait \u00e9galement magnifiquement avec le temps, cr\u00e9ant des motifs d&#039;usure uniques qui ajoutaient du caract\u00e8re \u00e0 chaque paire.<\/p>\n<div style=\"width: 611px\" class=\"wp-caption aligncenter\"><img loading=\"lazy\" decoding=\"async\" class=\"aligncenter\" src=\"https:\/\/mysocalgarden.imgix.net\/posts\/2022\/w-indigofera-tinctoria-0001.jpg?ar=5%3A3&amp;auto=format%2Ccompress&amp;fit=crop&amp;ixlib=react-9.2.0&amp;w=4087\" alt=\"Comment faire pousser une plante indigo\" width=\"601\" height=\"361\" \/><p class=\"wp-caption-text\">Plante indigo<\/p><\/div>\n<div style=\"width: 608px\" class=\"wp-caption aligncenter\"><img loading=\"lazy\" decoding=\"async\" class=\"aligncenter\" src=\"https:\/\/i.pinimg.com\/736x\/17\/c0\/49\/17c0490cc5ceb75b8fc7c936a744d379.jpg\" alt=\"\" width=\"598\" height=\"842\" \/><p class=\"wp-caption-text\">V\u00eatements de travail en denim<\/p><\/div>\n<h2 data-start=\"1054\" data-end=\"1097\"><strong data-start=\"1054\" data-end=\"1097\">Pourquoi le bleu\u00a0? La science derri\u00e8re la teinture indigo<\/strong><\/h2>\n<p data-start=\"1099\" data-end=\"1549\">La teinture indigo a une propri\u00e9t\u00e9 unique\u00a0: elle ne p\u00e9n\u00e8tre pas compl\u00e8tement le tissu. Elle se fixe \u00e0 la surface des fils de coton, ce qui explique la d\u00e9coloration si particuli\u00e8re du denim. Chaque lavage enl\u00e8ve une partie de la teinture, adoucissant le tissu et cr\u00e9ant ces lignes de d\u00e9coloration tant convoit\u00e9es, ou \u00ab\u00a0moustaches\u00a0\u00bb, qui rendent chaque jean unique. Ce processus de d\u00e9coloration conf\u00e8re au denim son aspect brut et us\u00e9, une caract\u00e9ristique qui a fait du jean un favori depuis des g\u00e9n\u00e9rations.<\/p>\n<h2 data-start=\"1551\" data-end=\"1606\"><strong data-start=\"1551\" data-end=\"1606\">L&#039;impact culturel du denim\u00a0: du v\u00eatement de travail \u00e0 la r\u00e9bellion<\/strong><\/h2>\n<p data-start=\"1608\" data-end=\"2066\">Si le denim \u00e9tait \u00e0 l&#039;origine un v\u00eatement de travail pratique, il est rapidement devenu un symbole de r\u00e9bellion et de libert\u00e9. Dans les ann\u00e9es 1950, des ic\u00f4nes comme James Dean et Marlon Brando portaient des jeans dans des films comme <em data-start=\"1789\" data-end=\"1812\">Rebelle sans cause<\/em> et <em data-start=\"1817\" data-end=\"1831\">L&#039;\u00c9quip\u00e9e sauvage<\/em>, le transformant en symbole de d\u00e9fiance juv\u00e9nile. Dans les ann\u00e9es 1960 et 1970, le denim a \u00e9t\u00e9 adopt\u00e9 par les mouvements contre-culturels, marquant une rupture avec la tradition. Aujourd&#039;hui, le jean est un symbole universel de style d\u00e9contract\u00e9 et d&#039;expression personnelle.<\/p>\n<div style=\"width: 458px\" class=\"wp-caption aligncenter\"><img loading=\"lazy\" decoding=\"async\" src=\"https:\/\/i.pinimg.com\/originals\/12\/51\/c6\/1251c6d1b396e97d216608daaaf43254.jpg\" alt=\"Tendances denim - L&#039;histoire du denim | James Dean | James Dean, Marlon Brando, James Dean, Jimmy Dean\" width=\"448\" height=\"617\" \/><p class=\"wp-caption-text\">Publicit\u00e9 r\u00e9tro des jeans Levi&#039;s<\/p><\/div>\n<h2 data-start=\"2068\" data-end=\"2102\"><strong data-start=\"2068\" data-end=\"2102\">L&#039;\u00e9volution de la mode denim<\/strong><\/h2>\n<p data-start=\"2104\" data-end=\"2498\">Le denim a transcend\u00e9 ses humbles origines pour devenir un incontournable de la mode. Des pattes d&#039;\u00e9l\u00e9phant des ann\u00e9es 70 aux jeans skinny des ann\u00e9es 2000, le denim s&#039;est adapt\u00e9 \u00e0 toutes les tendances tout en conservant son identit\u00e9 profonde. Les cr\u00e9ateurs ont exp\u00e9riment\u00e9 diff\u00e9rents d\u00e9lavages, coupes et couleurs, mais le jean bleu classique reste embl\u00e9matique. Sa polyvalence lui permet d&#039;\u00eatre port\u00e9 aussi bien avec une tenue habill\u00e9e qu&#039;avec une tenue d\u00e9contract\u00e9e, ce qui en fait un incontournable de toute garde-robe.<\/p>\n<p data-start=\"2104\" data-end=\"2498\"><img loading=\"lazy\" decoding=\"async\" class=\"aligncenter\" src=\"https:\/\/i.pinimg.com\/736x\/90\/e1\/8b\/90e18b9f0143ace827e8e1396c260b2a.jpg\" width=\"463\" height=\"579\" \/><\/p>\n<h2 data-start=\"2500\" data-end=\"2549\"><strong data-start=\"2500\" data-end=\"2549\">Durabilit\u00e9 et avenir de la teinture du denim<\/strong><\/h2>\n<p data-start=\"2551\" data-end=\"2950\">La teinture traditionnelle du denim, bien qu&#039;embl\u00e9matique, pr\u00e9sente des inconv\u00e9nients environnementaux. Ce proc\u00e9d\u00e9 utilise de grandes quantit\u00e9s d&#039;eau et de produits chimiques, ce qui engendre de la pollution. Cependant, l&#039;industrie \u00e9volue. Des innovations comme la teinture sans eau et l&#039;extraction naturelle d&#039;indigo rendent la production de denim plus durable. Face \u00e0 une consommation plus \u00e9co-responsable, l&#039;avenir du denim r\u00e9side dans l&#039;\u00e9quilibre entre tradition et durabilit\u00e9.<\/p>\n<h2 data-start=\"2952\" data-end=\"2966\"><strong data-start=\"2952\" data-end=\"2966\">Conclusion<\/strong><\/h2>\n<p data-start=\"2968\" data-end=\"3366\">L&#039;histoire de la teinture bleue dans le denim est une histoire de praticit\u00e9, de r\u00e9bellion et de style intemporel. De ses origines de v\u00eatement de travail \u00e0 son statut d&#039;ic\u00f4ne de la mode mondiale, le denim bleu a perdur\u00e9 gr\u00e2ce \u00e0 ses propri\u00e9t\u00e9s de d\u00e9coloration uniques, son importance culturelle et sa grande adaptabilit\u00e9. \u00c0 l&#039;avenir, des pratiques durables garantiront que ce tissu appr\u00e9ci\u00e9 restera un incontournable pour les g\u00e9n\u00e9rations futures.<\/p>\n<h2 dir=\"auto\">Services de personnalisation par LYDENIM<\/h2>\n<p dir=\"auto\">\ud83c\udfa8 Vouloir <strong>tissus denim personnalis\u00e9s<\/strong> ou\u00a0 <strong>unique<\/strong> <strong>v\u00eatement en denim personnalis\u00e9<\/strong>? LYDENIM est sp\u00e9cialis\u00e9 dans les solutions sur mesure pour r\u00e9pondre \u00e0 vos besoins de conception et de production.<\/p>\n<p dir=\"auto\">\ud83d\udecd\ufe0f <strong>Explorez et inspirez-vous<\/strong>: Parcourez nos s\u00e9lections de tissus et d\u00e9couvrez des id\u00e9es de design sur <a href=\"https:\/\/lydenim.com\/fr\/\" target=\"_blank\" rel=\"noopener noreferrer nofollow\">LYDenim<\/a>.<\/p>\n<p dir=\"auto\">\ud83c\udf10 <strong>V\u00eatements \u00e9lastiques<\/strong>:D\u00e9couvrez nos offres sur <a href=\"http:\/\/liangyuantextile.m.en.alibaba.com\" target=\"_blank\" rel=\"noopener noreferrer nofollow\">MonAlibaba<\/a>. \ud83d\udce9 <strong>Contactez-nous<\/strong>: Contactez-nous \u00e0 <a href=\"mailto:malone@lydenim.com\" target=\"_blank\" rel=\"noopener noreferrer nofollow\">malone@lydenim.com<\/a>.<\/p>\n<p dir=\"auto\">Cr\u00e9ez votre chef-d&#039;\u0153uvre en denim avec LYDENIM, votre partenaire de confiance pour <strong>tissu extensible<\/strong> et <strong>solutions denim personnalis\u00e9es<\/strong>.<\/p>","protected":false},"excerpt":{"rendered":"<p>Temps de lecture estim\u00e9 ~ 4 minutes Introduction Les jeans en denim sont un incontournable de la mode mondiale, mais vous \u00eates-vous d\u00e9j\u00e0 demand\u00e9 pourquoi ils sont<\/p>","protected":false},"author":1,"featured_media":3751,"comment_status":"open","ping_status":"open","sticky":false,"template":"","format":"standard","meta":{"two_page_speed":[],"footnotes":""},"categories":[66],"tags":[],"class_list":["post-3745","post","type-post","status-publish","format-standard","has-post-thumbnail","hentry","category-denim-knowledge"],"aioseo_notices":[],"_links":{"self":[{"href":"https:\/\/lydenim.com\/fr\/wp-json\/wp\/v2\/posts\/3745","targetHints":{"allow":["GET"]}}],"collection":[{"href":"https:\/\/lydenim.com\/fr\/wp-json\/wp\/v2\/posts"}],"about":[{"href":"https:\/\/lydenim.com\/fr\/wp-json\/wp\/v2\/types\/post"}],"author":[{"embeddable":true,"href":"https:\/\/lydenim.com\/fr\/wp-json\/wp\/v2\/users\/1"}],"replies":[{"embeddable":true,"href":"https:\/\/lydenim.com\/fr\/wp-json\/wp\/v2\/comments?post=3745"}],"version-history":[{"count":8,"href":"https:\/\/lydenim.com\/fr\/wp-json\/wp\/v2\/posts\/3745\/revisions"}],"predecessor-version":[{"id":6209,"href":"https:\/\/lydenim.com\/fr\/wp-json\/wp\/v2\/posts\/3745\/revisions\/6209"}],"wp:featuredmedia":[{"embeddable":true,"href":"https:\/\/lydenim.com\/fr\/wp-json\/wp\/v2\/media\/3751"}],"wp:attachment":[{"href":"https:\/\/lydenim.com\/fr\/wp-json\/wp\/v2\/media?parent=3745"}],"wp:term":[{"taxonomy":"category","embeddable":true,"href":"https:\/\/lydenim.com\/fr\/wp-json\/wp\/v2\/categories?post=3745"},{"taxonomy":"post_tag","embeddable":true,"href":"https:\/\/lydenim.com\/fr\/wp-json\/wp\/v2\/tags?post=3745"}],"curies":[{"name":"wp","href":"https:\/\/api.w.org\/{rel}","templated":true}]}}