{"id":3858,"date":"2025-03-05T12:44:57","date_gmt":"2025-03-05T04:44:57","guid":{"rendered":"https:\/\/lydenim.com\/?p=3858"},"modified":"2025-08-23T15:41:35","modified_gmt":"2025-08-23T07:41:35","slug":"making-your-denim-jacket-a-year-round-staple","status":"publish","type":"post","link":"https:\/\/lydenim.com\/fr\/faire-de-votre-veste-en-jean-un-incontournable-toute-lannee\/","title":{"rendered":"Faire de votre veste en jean un incontournable toute l&#039;ann\u00e9e"},"content":{"rendered":"<h2 data-pm-slice=\"1 1 []\">Temps de lecture estim\u00e9 : ~3 minutes<\/h2>\n<h2 style=\"text-align: left;\" data-pm-slice=\"1 1 []\">Introduction<\/h2>\n<p class=\"break-words\">Les vestes en jean sont un incontournable intemporel, appr\u00e9ci\u00e9 pour leur polyvalence et leur durabilit\u00e9. Que vous soyez passionn\u00e9 de mode, cr\u00e9ateur ou simplement amateur de style, une veste en jean peut sublimer n&#039;importe quelle tenue. Ce guide vous propose des conseils de style pour transformer votre veste en jean en un incontournable, adapt\u00e9 \u00e0 toutes les saisons et \u00e0 toutes les occasions.<\/p>\n<h2><strong>Style printanier : frais et l\u00e9ger<\/strong><\/h2>\n<p class=\"break-words\">Le printemps appelle \u00e0 des superpositions l\u00e9g\u00e8res et des teintes vibrantes. Associez votre <strong>veste en jean<\/strong> Avec une robe fleurie ou un jean pastel pour un look rafra\u00eechissant. Ajoutez une \u00e9charpe l\u00e9g\u00e8re pour les matins frais.<\/p>\n<div style=\"width: 610px\" class=\"wp-caption aligncenter\"><img loading=\"lazy\" decoding=\"async\" src=\"https:\/\/i.pinimg.com\/736x\/79\/23\/af\/7923afe8af4a09b6b5991655f5879ad1.jpg\" alt=\"Haut en jean avec jupe\" width=\"600\" height=\"924\" \/><p class=\"wp-caption-text\">Robe en jean de printemps \u00e0 partager<\/p><\/div>\n<h2><strong>Style d&#039;\u00e9t\u00e9 : cool et d\u00e9contract\u00e9<\/strong><\/h2>\n<p class=\"break-words\">Gardez la brise estivale en associant votre <strong>veste en jean<\/strong> Avec un short et un d\u00e9bardeur. Pour une allure plage, portez-le sur une robe d&#039;\u00e9t\u00e9.<\/p>\n<div style=\"width: 610px\" class=\"wp-caption aligncenter\"><img loading=\"lazy\" decoding=\"async\" class=\"\" src=\"https:\/\/i.pinimg.com\/736x\/2b\/a7\/90\/2ba7901f03d77e33695f5239c5700b14.jpg\" alt=\"Robe en jean pour l&#039;\u00e9t\u00e9\" width=\"600\" height=\"738\" \/><p class=\"wp-caption-text\">Robe en jean pour l&#039;\u00e9t\u00e9<\/p><\/div>\n<h2><strong>Style d&#039;automne : couches douillettes<\/strong><\/h2>\n<p class=\"break-words\">\u00c0 mesure que le temps se rafra\u00eechit, superposez vos v\u00eatements <strong>veste en jean<\/strong> Avec un pull chaud et une \u00e9charpe, compl\u00e9tez votre look avec des bottines pour un ensemble \u00e0 la fois confortable et \u00e9l\u00e9gant.<\/p>\n<div style=\"width: 610px\" class=\"wp-caption aligncenter\"><img loading=\"lazy\" decoding=\"async\" src=\"https:\/\/i.pinimg.com\/736x\/e1\/38\/9c\/e1389cf49fa5f14df768424bab981f88.jpg\" alt=\"Tenue d&#039;automne en jean\" width=\"600\" height=\"915\" \/><p class=\"wp-caption-text\">Tenue d&#039;automne en jean<\/p><\/div>\n<h2><strong>Style d&#039;hiver : chaleureux et \u00e9l\u00e9gant<\/strong><\/h2>\n<p class=\"break-words\">En hiver, portez votre <strong>veste en jean<\/strong> Sous un manteau \u00e9pais pour plus de chaleur. Accessoirisez-le avec un bonnet et des gants pour rester bien au chaud.<\/p>\n<div style=\"width: 610px\" class=\"wp-caption aligncenter\"><img loading=\"lazy\" decoding=\"async\" src=\"https:\/\/i.pinimg.com\/736x\/81\/76\/2d\/81762d45d4ea019a46c054e12c7318f1.jpg\" alt=\"Partage de v\u00eatements en jean d&#039;hiver\" width=\"600\" height=\"739\" \/><p class=\"wp-caption-text\">Partage de v\u00eatements en jean d&#039;hiver<\/p><\/div>\n<h2><strong>Style bas\u00e9 sur l&#039;occasion<\/strong><\/h2>\n<ul class=\"marker:text-secondary\">\n<li style=\"list-style-type: none;\">\n<ul class=\"marker:text-secondary\">\n<li class=\"break-words\"><strong>Occasionnel<\/strong>: Associez-le \u00e0 un jean et un t-shirt pour un style double denim intemporel.<\/li>\n<\/ul>\n<\/li>\n<\/ul>\n<ul class=\"marker:text-secondary\">\n<li style=\"list-style-type: none;\">\n<ul class=\"marker:text-secondary\">\n<li class=\"break-words\"><strong>Travail<\/strong>: Associez-le \u00e0 un pantalon tailleur et \u00e0 un chemisier pour une tenue d\u00e9contract\u00e9e et \u00e9l\u00e9gante.<\/li>\n<\/ul>\n<\/li>\n<\/ul>\n<ul class=\"marker:text-secondary\">\n<li style=\"list-style-type: none;\">\n<ul class=\"marker:text-secondary\">\n<li class=\"break-words\"><strong>Soir\u00e9e<\/strong>:Rehaussez-le avec une robe \u00e9l\u00e9gante et des bijoux audacieux pour une soir\u00e9e.<\/li>\n<\/ul>\n<\/li>\n<\/ul>\n<div style=\"width: 610px\" class=\"wp-caption aligncenter\"><img loading=\"lazy\" decoding=\"async\" src=\"https:\/\/i.pinimg.com\/736x\/a5\/87\/ac\/a587acbb8da85e47821bb64244bb0057.jpg\" alt=\"Inspiration pour une tenue en jean au quotidien\" width=\"600\" height=\"900\" \/><p class=\"wp-caption-text\">Inspiration pour une tenue en jean au quotidien<\/p><\/div>\n<div style=\"width: 610px\" class=\"wp-caption aligncenter\"><img loading=\"lazy\" decoding=\"async\" src=\"https:\/\/i.pinimg.com\/736x\/e4\/2a\/92\/e42a925d8b778a5ecf933ec8caf1ac5c.jpg\" alt=\"Inspiration pour une tenue de travail en jean\" width=\"600\" height=\"1016\" \/><p class=\"wp-caption-text\">Inspiration pour une tenue de travail en jean<\/p><\/div>\n<div style=\"width: 610px\" class=\"wp-caption aligncenter\"><img loading=\"lazy\" decoding=\"async\" class=\"\" src=\"https:\/\/i.pinimg.com\/736x\/2e\/39\/50\/2e3950b2eea1b3be425446043a9512af.jpg\" alt=\"Inspiration pour une tenue de soir\u00e9e en jean\" width=\"600\" height=\"1189\" \/><p class=\"wp-caption-text\">Inspiration pour une tenue de soir\u00e9e en jean<\/p><\/div>\n<h2><strong>Conseils d&#039;entretien du denim<\/strong><\/h2>\n<p class=\"break-words\">Pour assurer votre <strong>veste en jean<\/strong> reste un <strong>aliment de base toute l&#039;ann\u00e9e<\/strong>, lavez-le \u00e0 l&#039;envers \u00e0 l&#039;eau froide et \u00e9vitez l&#039;eau de Javel. Pour en savoir plus <strong>entretien du denim<\/strong> conseils, visitez ceci <a href=\"https:\/\/lydenim.com\/fr\/how-to-effectively-stretch-your-jeans-and-keep-them-in-perfect-condition\/\" target=\"_blank\" rel=\"noopener noreferrer\">guide d&#039;entretien du denim<\/a>.<\/p>\n<h2><strong>Conclusion<\/strong><\/h2>\n<p class=\"break-words\">UN <strong>veste en jean<\/strong> ce n&#039;est pas seulement un v\u00eatement, c&#039;est une pierre angulaire de <strong>mode polyvalente<\/strong> Adapt\u00e9 \u00e0 toutes les saisons et \u00e0 toutes les occasions. Pr\u00eat \u00e0 commander <strong>denim de haute qualit\u00e9<\/strong> Pour en savoir plus sur nos tissus, contactez-nous au <a href=\"mailto:malone@lydenim.com\" target=\"_blank\" rel=\"noopener noreferrer\">malone@lydenim.com<\/a> ou visitez <a href=\"https:\/\/lydenim.com\/fr\/\" target=\"_blank\" rel=\"noopener noreferrer\">www.lydenim.com<\/a> pour des conseils d&#039;experts et des solutions sur mesure.<\/p>","protected":false},"excerpt":{"rendered":"<p>Temps de lecture estim\u00e9 : ~3 minutes Introduction Les vestes en jean sont un essentiel intemporel de la garde-robe, appr\u00e9ci\u00e9es pour leur polyvalence et leur durabilit\u00e9.<\/p>","protected":false},"author":1,"featured_media":3860,"comment_status":"open","ping_status":"open","sticky":false,"template":"","format":"standard","meta":{"two_page_speed":[],"footnotes":""},"categories":[66],"tags":[],"class_list":["post-3858","post","type-post","status-publish","format-standard","has-post-thumbnail","hentry","category-denim-knowledge"],"aioseo_notices":[],"_links":{"self":[{"href":"https:\/\/lydenim.com\/fr\/wp-json\/wp\/v2\/posts\/3858","targetHints":{"allow":["GET"]}}],"collection":[{"href":"https:\/\/lydenim.com\/fr\/wp-json\/wp\/v2\/posts"}],"about":[{"href":"https:\/\/lydenim.com\/fr\/wp-json\/wp\/v2\/types\/post"}],"author":[{"embeddable":true,"href":"https:\/\/lydenim.com\/fr\/wp-json\/wp\/v2\/users\/1"}],"replies":[{"embeddable":true,"href":"https:\/\/lydenim.com\/fr\/wp-json\/wp\/v2\/comments?post=3858"}],"version-history":[{"count":3,"href":"https:\/\/lydenim.com\/fr\/wp-json\/wp\/v2\/posts\/3858\/revisions"}],"predecessor-version":[{"id":6177,"href":"https:\/\/lydenim.com\/fr\/wp-json\/wp\/v2\/posts\/3858\/revisions\/6177"}],"wp:featuredmedia":[{"embeddable":true,"href":"https:\/\/lydenim.com\/fr\/wp-json\/wp\/v2\/media\/3860"}],"wp:attachment":[{"href":"https:\/\/lydenim.com\/fr\/wp-json\/wp\/v2\/media?parent=3858"}],"wp:term":[{"taxonomy":"category","embeddable":true,"href":"https:\/\/lydenim.com\/fr\/wp-json\/wp\/v2\/categories?post=3858"},{"taxonomy":"post_tag","embeddable":true,"href":"https:\/\/lydenim.com\/fr\/wp-json\/wp\/v2\/tags?post=3858"}],"curies":[{"name":"wp","href":"https:\/\/api.w.org\/{rel}","templated":true}]}}