{"id":3863,"date":"2025-03-06T12:35:30","date_gmt":"2025-03-06T04:35:30","guid":{"rendered":"https:\/\/lydenim.com\/?p=3863"},"modified":"2025-08-23T16:02:21","modified_gmt":"2025-08-23T08:02:21","slug":"the-role-of-denim-in-fashion-retail","status":"publish","type":"post","link":"https:\/\/lydenim.com\/fr\/le-role-du-denim-dans-la-vente-au-detail-de-mode\/","title":{"rendered":"Le r\u00f4le du denim dans la vente au d\u00e9tail de la mode"},"content":{"rendered":"<h2 data-pm-slice=\"1 1 []\">Temps de lecture estim\u00e9 : ~3 minutes<\/h2>\n<h2 style=\"text-align: left;\" data-pm-slice=\"1 1 []\">Introduction<\/h2>\n<p>Le denim est depuis longtemps un \u00e9l\u00e9ment cl\u00e9 du commerce de d\u00e9tail de la mode, \u00e9voluant de ses humbles origines de v\u00eatement de travail \u00e0 un incontournable de la mode mondiale. Sa polyvalence, sa durabilit\u00e9 et son attrait intemporel en font un produit pl\u00e9biscit\u00e9 par les consommateurs comme par les d\u00e9taillants. Dans cet article, nous explorerons le r\u00f4le multiforme du denim dans le commerce de d\u00e9tail de la mode, de son importance historique \u00e0 ses tendances actuelles et \u00e0 son potentiel futur.<\/p>\n<h2><strong>L&#039;importance historique du denim dans le commerce de d\u00e9tail de la mode<\/strong><\/h2>\n<p>Le voyage du denim dans le commerce de d\u00e9tail de la mode a commenc\u00e9 \u00e0 la fin du XIXe si\u00e8cle lorsque Levi Strauss &amp; Co. a \u00e9t\u00e9 le pionnier de son utilisation dans les v\u00eatements de travail durables, tels que la veste en jean embl\u00e9matique et les jeans (<a href=\"https:\/\/en.wikipedia.org\/wiki\/Levi_Strauss_%26_Co.\" target=\"_blank\" rel=\"noopener noreferrer\">Wikip\u00e9dia, Levi Strauss &amp; Co.<\/a>). Dans les ann\u00e9es 1950 et 1960, le denim a transcend\u00e9 ses racines utilitaires pour devenir un symbole de r\u00e9bellion et de culture jeune. Les d\u00e9taillants ont capitalis\u00e9 sur cette \u00e9volution, proposant le denim comme un choix tendance au quotidien. Aujourd&#039;hui, le denim est un ph\u00e9nom\u00e8ne mondial, avec des marques proposant des variantes sp\u00e9cialis\u00e9es comme\u00a0<strong>denim lisi\u00e8re<\/strong>\u2014un tissu haut de gamme, tiss\u00e9 serr\u00e9, r\u00e9put\u00e9 pour sa durabilit\u00e9 et son savoir-faire (<a href=\"https:\/\/denimhunters.com\/denim-wiki\/denim-explained\/selvedge\/\" target=\"_blank\" rel=\"noopener noreferrer\">Guide du denim Selvedge<\/a>).<\/p>\n<div style=\"width: 610px\" class=\"wp-caption aligncenter\"><img loading=\"lazy\" decoding=\"async\" class=\"\" src=\"https:\/\/thejeansblog.com\/wp-content\/uploads\/2019\/05\/LTS_DenimGraphic_Final.jpg\" alt=\"L&#039;\u00e9volution du jean de 1950 \u00e0 2019\" width=\"600\" height=\"962\" \/><p class=\"wp-caption-text\">L&#039;\u00e9volution du jean de 1950 \u00e0 2019<\/p><\/div>\n<h2><strong>Tendances actuelles dans la vente au d\u00e9tail de v\u00eatements en denim<\/strong><\/h2>\n<p>Ces derni\u00e8res ann\u00e9es, le denim a connu un regain de popularit\u00e9, port\u00e9 par\u00a0<strong>mode durable<\/strong>\u00a0et l&#039;essor des v\u00eatements d\u00e9contract\u00e9s. Les consommateurs recherchent de plus en plus des options \u00e9cologiques, ce qui pousse les d\u00e9taillants \u00e0 adopter des pratiques telles que la culture du coton biologique et les mat\u00e9riaux recycl\u00e9s. Par exemple, la Fondation Ellen MacArthur\u00a0<em>Refonte du jean<\/em> L&#039;initiative d\u00e9crit les lignes directrices pour la cr\u00e9ation de denim durable et recyclable (<a href=\"https:\/\/assets.ellenmacarthurfoundation.org.cn\/PDF\/publications\/%E7%89%9B%E4%BB%94%20%E5%86%8D%E9%80%A0%E6%8C%87%E5%8D%97.pdf\">Guide de refonte du denim (version chinoise)<\/a>).<\/p>\n<p>Les ventes de denim durable ont augment\u00e9 de\u00a0<strong>35%<\/strong>\u00a0depuis 2018, refl\u00e9tant l&#039;\u00e9volution des priorit\u00e9s des consommateurs (<a href=\"https:\/\/www.statista.com\/topics\/5959\/denim-market-worldwide\/\" target=\"_blank\" rel=\"noopener noreferrer\">Statista, 2023<\/a>). Des innovations comme\u00a0<strong>denim extensible<\/strong>\u00a0et\u00a0<strong>denim brut<\/strong>\u00a0r\u00e9pondre \u00e0 des pr\u00e9f\u00e9rences diverses, tandis que les d\u00e9taillants \u00e9largissent leurs offres pour inclure des robes en jean, des combinaisons et des accessoires.<\/p>\n<p><img loading=\"lazy\" decoding=\"async\" class=\"aligncenter\" src=\"https:\/\/www.marketresearchfuture.com\/uploads\/infographics\/Denim_Fabrics_Market.jpg\" alt=\"Aper\u00e7u du march\u00e9 des tissus denim\" width=\"600\" height=\"300\" \/><\/p>\n<h2><strong>L&#039;avenir du denim dans le commerce de d\u00e9tail de la mode<\/strong><\/h2>\n<p>L&#039;avenir du denim r\u00e9side dans l&#039;alliance de la tradition et de l&#039;innovation. Les avanc\u00e9es technologiques en mati\u00e8re de tissus, telles que\u00a0<strong>denim \u00e9vacuant l&#039;humidit\u00e9<\/strong>\u00a0(par exemple, Cotton Incorporated\u00a0<a href=\"https:\/\/www.cottoninc.com\/innovation\/transdry-technology\/\" target=\"_blank\" rel=\"noopener noreferrer\">TransDRY\u00ae<\/a>) et les textiles thermor\u00e9gulateurs am\u00e9liorent la fonctionnalit\u00e9 des v\u00eatements de sport et de performance. La personnalisation est un autre domaine d&#039;int\u00e9r\u00eat\u00a0: des marques comme\u00a0<em>Non fil\u00e9<\/em> utiliser la num\u00e9risation 3D pour cr\u00e9er des jeans sur mesure, r\u00e9duisant ainsi les d\u00e9chets et augmentant l&#039;engagement des consommateurs.<\/p>\n<p>Les d\u00e9taillants explorent \u00e9galement la circularit\u00e9, avec des initiatives telles que\u00a0<em>Programmes de recyclage du denim<\/em>\u00a0gagne du terrain. Comme le souligne le\u00a0<em>Journal de recherche textile<\/em>, les colorants biod\u00e9gradables pour denim et les syst\u00e8mes de production en boucle ferm\u00e9e pourraient red\u00e9finir la durabilit\u00e9 dans l&#039;industrie (<a href=\"https:\/\/journals.sagepub.com\/action\/doSearch?AllField=denim\" target=\"_blank\" rel=\"noopener noreferrer\">Revues SAGE<\/a>).<\/p>\n<div id=\"attachment_3865\" style=\"width: 610px\" class=\"wp-caption aligncenter\"><img loading=\"lazy\" decoding=\"async\" aria-describedby=\"caption-attachment-3865\" class=\"size-full wp-image-3865\" src=\"https:\/\/lydenim.com\/wp-content\/uploads\/2025\/03\/\u4e0b\u8f7d-e1741234514365.png\" alt=\"\" width=\"600\" height=\"600\" \/><p id=\"caption-attachment-3865\" class=\"wp-caption-text\">R\u00eaverie futuriste en denim<\/p><\/div>\n<h2><strong>Conclusion<\/strong><\/h2>\n<p>Le r\u00f4le du denim dans le commerce de d\u00e9tail de la mode est aussi dynamique que le tissu lui-m\u00eame. De ses origines de v\u00eatement de travail \u00e0 son statut de pi\u00e8ce incontournable durable et technologique, le denim continue de fa\u00e7onner l&#039;industrie. Les d\u00e9taillants qui privil\u00e9gient l&#039;innovation et l&#039;\u00e9thique prosp\u00e9reront dans ce paysage en constante \u00e9volution.<\/p>\n<h2 dir=\"auto\">Services de personnalisation par LYDENIM<\/h2>\n<p dir=\"auto\">\ud83c\udfa8 Vouloir <strong>tissus denim personnalis\u00e9s<\/strong> ou\u00a0 <strong>unique<\/strong> <strong>v\u00eatement en denim personnalis\u00e9<\/strong>? LYDENIM est sp\u00e9cialis\u00e9 dans les solutions sur mesure pour r\u00e9pondre \u00e0 vos besoins de conception et de production.<\/p>\n<p dir=\"auto\">\ud83d\udecd\ufe0f <strong>Explorez et inspirez-vous<\/strong>: Parcourez nos s\u00e9lections de tissus et d\u00e9couvrez des id\u00e9es de design sur <a href=\"https:\/\/lydenim.com\/fr\/\" target=\"_blank\" rel=\"noopener noreferrer nofollow\">LYDenim<\/a>.<\/p>\n<p dir=\"auto\">\ud83c\udf10 <strong>V\u00eatements \u00e9lastiques<\/strong>:D\u00e9couvrez nos offres sur <a href=\"http:\/\/liangyuantextile.m.en.alibaba.com\" target=\"_blank\" rel=\"noopener noreferrer nofollow\">MonAlibaba<\/a>. \ud83d\udce9 <strong>Contactez-nous<\/strong>: Contactez-nous \u00e0 <a href=\"mailto:malone@lydenim.com\" target=\"_blank\" rel=\"noopener noreferrer nofollow\">malone@lydenim.com<\/a>.<\/p>\n<p dir=\"auto\">Cr\u00e9ez votre chef-d&#039;\u0153uvre en denim avec LYDENIM, votre partenaire de confiance pour <strong>tissu extensible<\/strong> et <strong>solutions denim personnalis\u00e9es<\/strong>.<\/p>","protected":false},"excerpt":{"rendered":"<p>Temps de lecture estim\u00e9 : ~3 minutes Introduction Le denim est depuis longtemps une pierre angulaire du commerce de d\u00e9tail de la mode, \u00e9voluant depuis ses humbles origines<\/p>","protected":false},"author":1,"featured_media":3913,"comment_status":"open","ping_status":"open","sticky":false,"template":"","format":"standard","meta":{"two_page_speed":[],"footnotes":""},"categories":[67],"tags":[],"class_list":["post-3863","post","type-post","status-publish","format-standard","has-post-thumbnail","hentry","category-market"],"aioseo_notices":[],"_links":{"self":[{"href":"https:\/\/lydenim.com\/fr\/wp-json\/wp\/v2\/posts\/3863","targetHints":{"allow":["GET"]}}],"collection":[{"href":"https:\/\/lydenim.com\/fr\/wp-json\/wp\/v2\/posts"}],"about":[{"href":"https:\/\/lydenim.com\/fr\/wp-json\/wp\/v2\/types\/post"}],"author":[{"embeddable":true,"href":"https:\/\/lydenim.com\/fr\/wp-json\/wp\/v2\/users\/1"}],"replies":[{"embeddable":true,"href":"https:\/\/lydenim.com\/fr\/wp-json\/wp\/v2\/comments?post=3863"}],"version-history":[{"count":5,"href":"https:\/\/lydenim.com\/fr\/wp-json\/wp\/v2\/posts\/3863\/revisions"}],"predecessor-version":[{"id":6201,"href":"https:\/\/lydenim.com\/fr\/wp-json\/wp\/v2\/posts\/3863\/revisions\/6201"}],"wp:featuredmedia":[{"embeddable":true,"href":"https:\/\/lydenim.com\/fr\/wp-json\/wp\/v2\/media\/3913"}],"wp:attachment":[{"href":"https:\/\/lydenim.com\/fr\/wp-json\/wp\/v2\/media?parent=3863"}],"wp:term":[{"taxonomy":"category","embeddable":true,"href":"https:\/\/lydenim.com\/fr\/wp-json\/wp\/v2\/categories?post=3863"},{"taxonomy":"post_tag","embeddable":true,"href":"https:\/\/lydenim.com\/fr\/wp-json\/wp\/v2\/tags?post=3863"}],"curies":[{"name":"wp","href":"https:\/\/api.w.org\/{rel}","templated":true}]}}