{"id":4088,"date":"2025-03-14T13:43:44","date_gmt":"2025-03-14T05:43:44","guid":{"rendered":"https:\/\/lydenim.com\/?p=4088"},"modified":"2025-08-23T16:10:17","modified_gmt":"2025-08-23T08:10:17","slug":"colored-denim","status":"publish","type":"post","link":"https:\/\/lydenim.com\/fr\/denim-colore\/","title":{"rendered":"Pourquoi le denim color\u00e9 est-il si populaire\u00a0? D\u00e9couvrez son essor dans la mode."},"content":{"rendered":"<h2 data-pm-slice=\"1 1 []\">Temps de lecture estim\u00e9 : ~5 minutes<\/h2>\n<h2>Une br\u00e8ve introduction au tissu denim<\/h2>\n<p>Le denim, un tissu serg\u00e9 de coton robuste et polyvalent, est un incontournable de la mode et du design depuis des si\u00e8cles. Ses origines remontent \u00e0 la fin du XVIIe si\u00e8cle \u00e0 N\u00eemes, en France, o\u00f9 il fut d&#039;abord produit sous le nom de \u00ab\u00a0serg\u00e9 de N\u00eemes\u00a0\u00bb, puis abr\u00e9g\u00e9 en \u00ab\u00a0denim\u00a0\u00bb. Initialement con\u00e7u pour durer, le denim \u00e9tait tiss\u00e9 en coton et con\u00e7u pour r\u00e9sister \u00e0 un usage intensif, ce qui en fit un choix populaire pour les v\u00eatements de travail, notamment parmi les mineurs et les ouvriers pendant la ru\u00e9e vers l&#039;or am\u00e9ricaine au XIXe si\u00e8cle. Aujourd&#039;hui, le denim a largement d\u00e9pass\u00e9 ses racines utilitaires pour devenir une ic\u00f4ne de la mode mondiale qui s&#039;adapte aux tendances et aux innovations.<\/p>\n<h2>Pourquoi le denim \u00e9tait-il bleu \u00e0 l\u2019origine ?<\/h2>\n<p>La teinte bleue embl\u00e9matique du denim poss\u00e8de une histoire fascinante li\u00e9e \u00e0 son processus de production. Traditionnellement, le denim \u00e9tait teint \u00e0 l&#039;indigo, un colorant naturel extrait de la plante indigo. L&#039;indigo a \u00e9t\u00e9 choisi non seulement pour sa couleur riche et profonde, mais aussi pour sa propri\u00e9t\u00e9 unique\u00a0: il se fixe \u00e0 la surface des fibres de coton au lieu de les p\u00e9n\u00e9trer compl\u00e8tement. Cela cr\u00e9e un effet de d\u00e9coloration au fil du temps, conf\u00e9rant au denim son aspect us\u00e9 caract\u00e9ristique, synonyme d&#039;authenticit\u00e9 et de robustesse. Le bleu masquait \u00e9galement la salet\u00e9 et l&#039;usure, le rendant pratique pour les ouvriers. Avec la popularit\u00e9 croissante du denim, cette nuance de bleu est devenue sa caract\u00e9ristique principale, s&#039;imprimant dans les perceptions culturelles du tissu.<\/p>\n<h2>L&#039;\u00e9volution des styles de denim<\/h2>\n<p>Le denim a \u00e9volu\u00e9 au rythme de la mode, se diversifiant en diff\u00e9rents styles pour r\u00e9pondre aux go\u00fbts et aux exigences changeantes. Voici quelques variations notables qui ont \u00e9merg\u00e9\u00a0:<\/p>\n<ul data-spread=\"false\">\n<li><strong>Denim flamm\u00e9 :<\/strong> Caract\u00e9ris\u00e9 par ses fils irr\u00e9guliers et textur\u00e9s, le denim flamm\u00e9 conf\u00e8re aux v\u00eatements un aspect rustique et artisanal. L&#039;\u00e9paisseur irr\u00e9guli\u00e8re des fils cr\u00e9e une surface tactile unique qui se distingue des autres v\u00eatements d\u00e9contract\u00e9s.<\/li>\n<li><strong>Denim jacquard :<\/strong> S&#039;inspirant de la technique de tissage complexe invent\u00e9e par Joseph Marie Jacquard, ce style int\u00e8gre des motifs complexes directement dans le tissu. Contrairement au denim traditionnel, le denim jacquard offre un attrait sophistiqu\u00e9 et d\u00e9coratif, id\u00e9al aussi bien pour les v\u00eatements que pour la d\u00e9coration int\u00e9rieure.<\/li>\n<\/ul>\n<div id=\"attachment_3981\" style=\"width: 610px\" class=\"wp-caption aligncenter\"><img loading=\"lazy\" decoding=\"async\" aria-describedby=\"caption-attachment-3981\" class=\"wp-image-3981\" src=\"https:\/\/lydenim.com\/wp-content\/uploads\/2025\/03\/\u659c\u7eb9.jpeg\" alt=\"Tissage uni\" width=\"600\" height=\"301\" srcset=\"https:\/\/lydenim.com\/wp-content\/uploads\/2025\/03\/\u659c\u7eb9.jpeg 1156w, https:\/\/lydenim.com\/wp-content\/uploads\/2025\/03\/\u659c\u7eb9-300x151.jpeg 300w, https:\/\/lydenim.com\/wp-content\/uploads\/2025\/03\/\u659c\u7eb9-1024x514.jpeg 1024w, https:\/\/lydenim.com\/wp-content\/uploads\/2025\/03\/\u659c\u7eb9-768x385.jpeg 768w, https:\/\/lydenim.com\/wp-content\/uploads\/2025\/03\/\u659c\u7eb9-18x9.jpeg 18w, https:\/\/lydenim.com\/wp-content\/uploads\/2025\/03\/\u659c\u7eb9-600x301.jpeg 600w, https:\/\/lydenim.com\/wp-content\/uploads\/2025\/03\/\u659c\u7eb9-150x75.jpeg 150w\" sizes=\"auto, (max-width: 600px) 100vw, 600px\" \/><p id=\"caption-attachment-3981\" class=\"wp-caption-text\">Tissage uni<\/p><\/div>\n<div id=\"attachment_3986\" style=\"width: 610px\" class=\"wp-caption aligncenter\"><img loading=\"lazy\" decoding=\"async\" aria-describedby=\"caption-attachment-3986\" class=\"wp-image-3986\" src=\"https:\/\/lydenim.com\/wp-content\/uploads\/2025\/03\/IMG_4210.jpg\" alt=\"Jacquard\" width=\"600\" height=\"281\" srcset=\"https:\/\/lydenim.com\/wp-content\/uploads\/2025\/03\/IMG_4210.jpg 1181w, https:\/\/lydenim.com\/wp-content\/uploads\/2025\/03\/IMG_4210-300x140.jpg 300w, https:\/\/lydenim.com\/wp-content\/uploads\/2025\/03\/IMG_4210-1024x479.jpg 1024w, https:\/\/lydenim.com\/wp-content\/uploads\/2025\/03\/IMG_4210-768x360.jpg 768w, https:\/\/lydenim.com\/wp-content\/uploads\/2025\/03\/IMG_4210-18x8.jpg 18w, https:\/\/lydenim.com\/wp-content\/uploads\/2025\/03\/IMG_4210-600x281.jpg 600w, https:\/\/lydenim.com\/wp-content\/uploads\/2025\/03\/IMG_4210-150x70.jpg 150w\" sizes=\"auto, (max-width: 600px) 100vw, 600px\" \/><p id=\"caption-attachment-3986\" class=\"wp-caption-text\">Jacquard<\/p><\/div>\n<h2>S&#039;adapter aux tendances modernes\u00a0: notre collection de denim color\u00e9<\/h2>\n<p>Pour suivre l&#039;\u00e9volution constante de la mode et du design, nous avons \u00e9largi notre gamme de denim avec des options dynamiques et tendance. Notre derni\u00e8re collection propose trois types de denim color\u00e9s distincts, chacun con\u00e7u pour sublimer style et polyvalence\u00a0:<\/p>\n<h3><strong>Tissu denim color\u00e9 non extensible<\/strong><\/h3>\n<p>Notre denim color\u00e9 non extensible est une version moderne du denim classique, conservant sa durabilit\u00e9 et sa structure sans \u00e9lasticit\u00e9. Fabriqu\u00e9 \u00e0 partir de <strong>75% coton, 3% polyester et 22% Tencel (Lyocell)<\/strong>Ce tissu est teint dans une gamme de teintes audacieuses, allant au-del\u00e0 du bleu traditionnel pour inclure des nuances comme le rouge, le vert et le jaune moutarde. Sa rigidit\u00e9 le rend id\u00e9al pour les v\u00eatements structur\u00e9s tels que les vestes, les jupes et les pantalons tailleurs, offrant une silhouette nette et ind\u00e9formable. Ce type de denim est parfait pour les cr\u00e9ateurs en qu\u00eate d&#039;une base intemporelle et color\u00e9e pour leurs cr\u00e9ations.<\/p>\n<div id=\"attachment_3870\" style=\"width: 610px\" class=\"wp-caption aligncenter\"><a href=\"https:\/\/lydenim.com\/fr\/produit\/denim-non-extensible-18-options-de-couleurs-personnalisation-professionnelle\/\"><img loading=\"lazy\" decoding=\"async\" aria-describedby=\"caption-attachment-3870\" class=\"wp-image-3870\" src=\"https:\/\/lydenim.com\/wp-content\/uploads\/2025\/03\/IMG_5422-scaled.jpg\" alt=\"Tissu color\u00e9 non \u00e9lastique\" width=\"600\" height=\"600\" srcset=\"https:\/\/lydenim.com\/wp-content\/uploads\/2025\/03\/IMG_5422-scaled.jpg 2560w, https:\/\/lydenim.com\/wp-content\/uploads\/2025\/03\/IMG_5422-300x300.jpg 300w, https:\/\/lydenim.com\/wp-content\/uploads\/2025\/03\/IMG_5422-1024x1024.jpg 1024w, https:\/\/lydenim.com\/wp-content\/uploads\/2025\/03\/IMG_5422-150x150.jpg 150w, https:\/\/lydenim.com\/wp-content\/uploads\/2025\/03\/IMG_5422-768x768.jpg 768w, https:\/\/lydenim.com\/wp-content\/uploads\/2025\/03\/IMG_5422-1536x1536.jpg 1536w, https:\/\/lydenim.com\/wp-content\/uploads\/2025\/03\/IMG_5422-2048x2048.jpg 2048w, https:\/\/lydenim.com\/wp-content\/uploads\/2025\/03\/IMG_5422-12x12.jpg 12w, https:\/\/lydenim.com\/wp-content\/uploads\/2025\/03\/IMG_5422-600x600.jpg 600w\" sizes=\"auto, (max-width: 600px) 100vw, 600px\" \/><\/a><p id=\"caption-attachment-3870\" class=\"wp-caption-text\">Cliquez sur l&#039;image pour en savoir plus sur les informations du produit<\/p><\/div>\n<h3><strong>Tissu denim extensible color\u00e9<\/strong><\/h3>\n<p>Pour ceux qui privil\u00e9gient le confort au style, notre denim extensible color\u00e9 combine <strong>Coton 50%, \u00e9lasthanne 2%, Tencel (Lyocell) 22% et polyester 26%<\/strong>Ce m\u00e9lange offre une grande souplesse, permettant au tissu d&#039;accompagner les mouvements de la personne qui le porte tout en conservant l&#039;aspect embl\u00e9matique du denim. Disponible en 18 couleurs vives, allant des pastels doux comme le lavande aux tons vifs comme le vert \u00e9meraude, ce tissu est id\u00e9al pour les jeans, leggings et robes moulants. Son extensibilit\u00e9 am\u00e9liore sa portabilit\u00e9, ce qui en fait un incontournable pour une tenue de tous les jours sans compromis sur l&#039;\u00e9l\u00e9gance.<\/p>\n<div id=\"attachment_3874\" style=\"width: 610px\" class=\"wp-caption aligncenter\"><a href=\"https:\/\/lydenim.com\/fr\/produit\/\ud83c\udf08-denim-extensible-colore-18-options-de-couleurs-personnalisation-professionnelle\/\"><img loading=\"lazy\" decoding=\"async\" aria-describedby=\"caption-attachment-3874\" class=\"wp-image-3874\" src=\"https:\/\/lydenim.com\/wp-content\/uploads\/2025\/03\/IMG_5432-scaled.jpg\" alt=\"Tissu denim \u00e9lastique color\u00e9\" width=\"600\" height=\"600\" srcset=\"https:\/\/lydenim.com\/wp-content\/uploads\/2025\/03\/IMG_5432-scaled.jpg 2560w, https:\/\/lydenim.com\/wp-content\/uploads\/2025\/03\/IMG_5432-300x300.jpg 300w, https:\/\/lydenim.com\/wp-content\/uploads\/2025\/03\/IMG_5432-1024x1024.jpg 1024w, https:\/\/lydenim.com\/wp-content\/uploads\/2025\/03\/IMG_5432-150x150.jpg 150w, https:\/\/lydenim.com\/wp-content\/uploads\/2025\/03\/IMG_5432-768x768.jpg 768w, https:\/\/lydenim.com\/wp-content\/uploads\/2025\/03\/IMG_5432-1536x1536.jpg 1536w, https:\/\/lydenim.com\/wp-content\/uploads\/2025\/03\/IMG_5432-2048x2048.jpg 2048w, https:\/\/lydenim.com\/wp-content\/uploads\/2025\/03\/IMG_5432-12x12.jpg 12w, https:\/\/lydenim.com\/wp-content\/uploads\/2025\/03\/IMG_5432-600x600.jpg 600w\" sizes=\"auto, (max-width: 600px) 100vw, 600px\" \/><\/a><p id=\"caption-attachment-3874\" class=\"wp-caption-text\">Cliquez sur l&#039;image pour en savoir plus sur les informations du produit<\/p><\/div>\n<h3><strong>Tissu denim extensible jacquard color\u00e9<\/strong><\/h3>\n<p>Alliant art et fonctionnalit\u00e9, notre denim stretch jacquard color\u00e9 sublime le tissu. Ce mod\u00e8le pr\u00e9sente des motifs tiss\u00e9s complexes \u2013 fleurs, motifs g\u00e9om\u00e9triques ou abstraits \u2013 impr\u00e9gn\u00e9s de propri\u00e9t\u00e9s extensibles pour un confort accru. D\u00e9clin\u00e9 en 18 teintes attrayantes, comme un bordeaux profond et un turquoise \u00e9clatant, ce denim allie couleur vive et texture, ce qui en fait un choix remarquable pour des pi\u00e8ces d&#039;exception comme des robes, des blazers ou m\u00eame des tissus d&#039;ameublement. Il est parfait pour celles qui souhaitent apporter une touche d&#039;\u00e9l\u00e9gance et de personnalit\u00e9 \u00e0 leurs projets.<\/p>\n<div id=\"attachment_4140\" style=\"width: 610px\" class=\"wp-caption aligncenter\"><a href=\"https:\/\/lydenim.com\/fr\/product\/18-colored-no-st\u2026h-jacquard-denim\/\"><img loading=\"lazy\" decoding=\"async\" aria-describedby=\"caption-attachment-4140\" class=\"wp-image-4140\" src=\"https:\/\/lydenim.com\/wp-content\/uploads\/2025\/03\/IMG_5714.jpg\" alt=\"\" width=\"600\" height=\"600\" srcset=\"https:\/\/lydenim.com\/wp-content\/uploads\/2025\/03\/IMG_5714.jpg 2196w, https:\/\/lydenim.com\/wp-content\/uploads\/2025\/03\/IMG_5714-300x300.jpg 300w, https:\/\/lydenim.com\/wp-content\/uploads\/2025\/03\/IMG_5714-1024x1024.jpg 1024w, https:\/\/lydenim.com\/wp-content\/uploads\/2025\/03\/IMG_5714-150x150.jpg 150w, https:\/\/lydenim.com\/wp-content\/uploads\/2025\/03\/IMG_5714-768x768.jpg 768w, https:\/\/lydenim.com\/wp-content\/uploads\/2025\/03\/IMG_5714-1536x1536.jpg 1536w, https:\/\/lydenim.com\/wp-content\/uploads\/2025\/03\/IMG_5714-2048x2048.jpg 2048w, https:\/\/lydenim.com\/wp-content\/uploads\/2025\/03\/IMG_5714-12x12.jpg 12w, https:\/\/lydenim.com\/wp-content\/uploads\/2025\/03\/IMG_5714-600x600.jpg 600w\" sizes=\"auto, (max-width: 600px) 100vw, 600px\" \/><\/a><p id=\"caption-attachment-4140\" class=\"wp-caption-text\">Cliquez sur l&#039;image pour en savoir plus sur les informations du produit<\/p><\/div>\n<h2>Un \u00e9ventail de choix pour la mode et au-del\u00e0<\/h2>\n<p>Avec 18 coloris distincts r\u00e9partis dans nos gammes de denim non extensible, extensible et jacquard extensible, nous proposons une palette adapt\u00e9e \u00e0 chaque vision. Que vous conceviez des v\u00eatements avant-gardistes, cr\u00e9iez des accessoires uniques ou embellissiez votre d\u00e9coration int\u00e9rieure, nos denims color\u00e9s offrent des possibilit\u00e9s infinies. Ces tissus apportent une touche de fra\u00eecheur et de mode \u00e0 vos jeans, vestes, jupes, sacs et m\u00eame \u00e0 vos meubles, vous permettant d&#039;insuffler personnalit\u00e9 et modernit\u00e9 \u00e0 vos cr\u00e9ations.<\/p>\n<h2>Appel \u00e0 l&#039;action<\/h2>\n<p>Pr\u00eat \u00e0 explorer l&#039;univers du denim color\u00e9 ? Plongez dans notre collection et d\u00e9couvrez comment ces tissus vibrants peuvent transformer votre prochain projet. Contactez-nous d\u00e8s aujourd&#039;hui pour demander des \u00e9chantillons, explorer notre gamme de 18 couleurs et cr\u00e9er des mod\u00e8les qui se d\u00e9marquent. Pour des conseils d&#039;experts et des solutions sur mesure, contactez-nous \u00e0 <a><strong>malone@lydenim.com<\/strong><\/a> ou visitez <a><strong>www.lydenim.com<\/strong><\/a> pour plus d&#039;informations.<\/p>\n<h2 dir=\"auto\">Services de personnalisation par LYDENIM<\/h2>\n<p dir=\"auto\">\ud83c\udfa8 Vouloir <strong>tissus denim personnalis\u00e9s<\/strong> ou\u00a0 <strong>unique<\/strong> <strong>v\u00eatement en denim personnalis\u00e9<\/strong>? LYDENIM est sp\u00e9cialis\u00e9 dans les solutions sur mesure pour r\u00e9pondre \u00e0 vos besoins de conception et de production.<\/p>\n<p dir=\"auto\">\ud83d\udecd\ufe0f <strong>Explorez et inspirez-vous<\/strong>: Parcourez nos s\u00e9lections de tissus et d\u00e9couvrez des id\u00e9es de design sur <a href=\"https:\/\/lydenim.com\/fr\/\" target=\"_blank\" rel=\"noopener noreferrer nofollow\">LYDenim<\/a>.<\/p>\n<p dir=\"auto\">\ud83c\udf10 <strong>V\u00eatements \u00e9lastiques<\/strong>:D\u00e9couvrez nos offres sur <a href=\"http:\/\/liangyuantextile.m.en.alibaba.com\" target=\"_blank\" rel=\"noopener noreferrer nofollow\">MonAlibaba<\/a>. \ud83d\udce9 <strong>Contactez-nous<\/strong>: Contactez-nous \u00e0 <a href=\"mailto:malone@lydenim.com\" target=\"_blank\" rel=\"noopener noreferrer nofollow\">malone@lydenim.com<\/a>.<\/p>\n<p dir=\"auto\">Cr\u00e9ez votre chef-d&#039;\u0153uvre en denim avec LYDENIM, votre partenaire de confiance pour <strong>tissu extensible<\/strong> et <strong>solutions denim personnalis\u00e9es<\/strong>.<\/p>","protected":false},"excerpt":{"rendered":"<p>Temps de lecture estim\u00e9 : ~5 minutes Une br\u00e8ve introduction au tissu denim Le denim, un tissu en serg\u00e9 de coton robuste et polyvalent, a<\/p>","protected":false},"author":1,"featured_media":4174,"comment_status":"open","ping_status":"open","sticky":false,"template":"","format":"standard","meta":{"two_page_speed":[],"footnotes":""},"categories":[66,67],"tags":[],"class_list":["post-4088","post","type-post","status-publish","format-standard","has-post-thumbnail","hentry","category-denim-knowledge","category-market"],"aioseo_notices":[],"_links":{"self":[{"href":"https:\/\/lydenim.com\/fr\/wp-json\/wp\/v2\/posts\/4088","targetHints":{"allow":["GET"]}}],"collection":[{"href":"https:\/\/lydenim.com\/fr\/wp-json\/wp\/v2\/posts"}],"about":[{"href":"https:\/\/lydenim.com\/fr\/wp-json\/wp\/v2\/types\/post"}],"author":[{"embeddable":true,"href":"https:\/\/lydenim.com\/fr\/wp-json\/wp\/v2\/users\/1"}],"replies":[{"embeddable":true,"href":"https:\/\/lydenim.com\/fr\/wp-json\/wp\/v2\/comments?post=4088"}],"version-history":[{"count":7,"href":"https:\/\/lydenim.com\/fr\/wp-json\/wp\/v2\/posts\/4088\/revisions"}],"predecessor-version":[{"id":6186,"href":"https:\/\/lydenim.com\/fr\/wp-json\/wp\/v2\/posts\/4088\/revisions\/6186"}],"wp:featuredmedia":[{"embeddable":true,"href":"https:\/\/lydenim.com\/fr\/wp-json\/wp\/v2\/media\/4174"}],"wp:attachment":[{"href":"https:\/\/lydenim.com\/fr\/wp-json\/wp\/v2\/media?parent=4088"}],"wp:term":[{"taxonomy":"category","embeddable":true,"href":"https:\/\/lydenim.com\/fr\/wp-json\/wp\/v2\/categories?post=4088"},{"taxonomy":"post_tag","embeddable":true,"href":"https:\/\/lydenim.com\/fr\/wp-json\/wp\/v2\/tags?post=4088"}],"curies":[{"name":"wp","href":"https:\/\/api.w.org\/{rel}","templated":true}]}}