{"id":4090,"date":"2025-03-12T15:40:52","date_gmt":"2025-03-12T07:40:52","guid":{"rendered":"https:\/\/lydenim.com\/?p=4090"},"modified":"2025-08-23T16:10:02","modified_gmt":"2025-08-23T08:10:02","slug":"what-is-non-fading-denim-innovation-meets-timeless-style","status":"publish","type":"post","link":"https:\/\/lydenim.com\/fr\/quest-ce-que-le-denim-non-decolorant-linnovation-rencontre-le-style-intemporel\/","title":{"rendered":"Qu&#039;est-ce que le denim r\u00e9sistant \u00e0 la lumi\u00e8re\u00a0? Quand l&#039;innovation rencontre le style intemporel."},"content":{"rendered":"<h2 data-pm-slice=\"1 1 []\">Temps de lecture estim\u00e9 : ~5 minutes<\/h2>\n<h2 data-start=\"66\" data-end=\"103\">Partie 1 : L&#039;origine du tissu denim<\/h2>\n<p data-start=\"105\" data-end=\"578\">Le denim, un tissu en serg\u00e9 de coton robuste, est un incontournable de la mode mondiale depuis le XIXe si\u00e8cle. Con\u00e7u \u00e0 l&#039;origine pour r\u00e9sister aux exigences des ouvriers et des mineurs, son bord-c\u00f4te diagonal caract\u00e9ristique lui conf\u00e8re une durabilit\u00e9 exceptionnelle. Le terme \u00ab denim \u00bb vient du fran\u00e7ais. <em data-start=\"385\" data-end=\"401\">serge de N\u00eemes<\/em>, en r\u00e9f\u00e9rence \u00e0 un tissu produit \u00e0 N\u00eemes, en France. Ce sont Levi Strauss et Jacob Davis qui ont transform\u00e9 le denim en jean bleu moderne en le renfor\u00e7ant avec des rivets en cuivre.<\/p>\n<h2 data-start=\"670\" data-end=\"711\">Partie 2 : Pourquoi le denim \u00e9tait-il bleu \u00e0 l\u2019origine ?<\/h2>\n<p data-start=\"713\" data-end=\"1177\">La teinte bleue embl\u00e9matique du denim traditionnel est obtenue gr\u00e2ce \u00e0 l&#039;indigo, un colorant naturel extrait de la plante Indigofera. Gr\u00e2ce \u00e0 sa structure mol\u00e9culaire, l&#039;indigo adh\u00e8re uniquement \u00e0 la surface des fibres de coton sans les p\u00e9n\u00e9trer compl\u00e8tement. Cette caract\u00e9ristique donne au tissu un aspect d\u00e9lav\u00e9 et us\u00e9 au fil des lavages. De plus, le bleu s&#039;est av\u00e9r\u00e9 pratique\u00a0: il dissimulait efficacement la salet\u00e9 et les taches, ce qui le rendait id\u00e9al pour les environnements de travail exigeants.<\/p>\n<h2 data-start=\"1281\" data-end=\"1342\">Partie 3\u00a0: Pourquoi le denim se d\u00e9colore-t-il\u00a0? Facteurs cl\u00e9s de la d\u00e9coloration<\/h2>\n<p data-start=\"1344\" data-end=\"1400\">La d\u00e9coloration du denim est due \u00e0 plusieurs facteurs contributifs :<\/p>\n<ul data-start=\"1402\" data-end=\"1788\">\n<li data-start=\"1402\" data-end=\"1491\"><strong data-start=\"1404\" data-end=\"1417\">Type de colorant :<\/strong> La liaison superficielle de l&#039;indigo le rend susceptible d&#039;\u00eatre emport\u00e9 par le lavage.<\/li>\n<li data-start=\"1492\" data-end=\"1582\"><strong data-start=\"1494\" data-end=\"1513\">Habitudes de lavage :<\/strong> Les d\u00e9tergents agressifs, l\u2019eau chaude et les lavages fr\u00e9quents acc\u00e9l\u00e8rent la perte de teinture.<\/li>\n<li data-start=\"1583\" data-end=\"1697\"><strong data-start=\"1585\" data-end=\"1598\">Friction:<\/strong> Les activit\u00e9s quotidiennes, en particulier dans les zones de contact \u00e9lev\u00e9 comme les genoux et les cuisses, \u00e9rodent progressivement le colorant.<\/li>\n<li data-start=\"1698\" data-end=\"1788\"><strong data-start=\"1700\" data-end=\"1727\">Exposition environnementale :<\/strong> Les rayons UV et l\u2019humidit\u00e9 peuvent d\u00e9composer les mol\u00e9cules de colorant au fil du temps.<\/li>\n<\/ul>\n<p data-start=\"1790\" data-end=\"1924\">Bien que l&#039;effet de d\u00e9coloration soit appr\u00e9ci\u00e9 comme faisant partie du caract\u00e8re du denim, une perte de couleur excessive peut compromettre \u00e0 la fois l&#039;esth\u00e9tique et la durabilit\u00e9.<\/p>\n<h2 data-start=\"2006\" data-end=\"2067\">Partie 4\u00a0: Pr\u00e9sentation du denim r\u00e9sistant \u00e0 la lumi\u00e8re \u2013 Une innovation moderne<\/h2>\n<p data-start=\"2069\" data-end=\"2431\">Pour r\u00e9pondre aux d\u00e9fis du denim traditionnel, nous sommes fiers de pr\u00e9senter notre tissu denim r\u00e9sistant \u00e0 la lumi\u00e8re. Exploitant la r\u00e9sistance naturelle du coton, notre technologie innovante utilise des techniques de teinture avanc\u00e9es et des stabilisateurs synth\u00e9tiques. Contrairement \u00e0 l&#039;indigo traditionnel, ces colorants p\u00e9n\u00e8trent profond\u00e9ment dans les fibres, garantissant une couleur uniforme, m\u00eame apr\u00e8s plusieurs lavages.<\/p>\n<h3 data-start=\"2433\" data-end=\"2478\">Notre collection de denim r\u00e9sistant \u00e0 la d\u00e9coloration comprend\u00a0:<\/h3>\n<ul data-start=\"2480\" data-end=\"2861\">\n<li data-start=\"2480\" data-end=\"2622\"><strong data-start=\"2482\" data-end=\"2504\">Options d&#039;\u00e9paisseur :<\/strong> Disponible en tissus denim \u00e0 7, 8 et 10 fils, r\u00e9pondant \u00e0 diverses exigences de style et de performance.<\/li>\n<li data-start=\"2623\" data-end=\"2731\"><strong data-start=\"2625\" data-end=\"2647\">Extensible ou rigide :<\/strong> Choisissez parmi des options offrant confort et \u00e9lasticit\u00e9 ou une sensation classique et structur\u00e9e.<\/li>\n<li data-start=\"2732\" data-end=\"2861\"><strong data-start=\"2734\" data-end=\"2767\">Avec ou sans texture flamm\u00e9e :<\/strong> Personnalisez votre finition : optez pour une surface lisse ou ajoutez des d\u00e9tails rustiques pour une profondeur visuelle.<\/li>\n<\/ul>\n<div id=\"attachment_4128\" style=\"width: 610px\" class=\"wp-caption aligncenter\"><img loading=\"lazy\" decoding=\"async\" aria-describedby=\"caption-attachment-4128\" class=\"wp-image-4128 size-full\" src=\"https:\/\/lydenim.com\/wp-content\/uploads\/2025\/03\/IMG_5571-e1741764048760.jpg\" alt=\"Tissu denim r\u00e9sistant \u00e0 la lumi\u00e8re s\u00e9rie 7S-10S\" width=\"600\" height=\"600\" \/><p id=\"caption-attachment-4128\" class=\"wp-caption-text\">Tissu denim r\u00e9sistant \u00e0 la lumi\u00e8re s\u00e9rie 7S-10S<\/p><\/div>\n<h2 data-start=\"2994\" data-end=\"3048\">Partie 5\u00a0: Innovations futures et applications polyvalentes<\/h2>\n<p data-start=\"3050\" data-end=\"3294\">Notre aventure ne s&#039;arr\u00eate pas l\u00e0. Nous explorons sans cesse de nouvelles \u00e9paisseurs et des finitions sp\u00e9cialis\u00e9es pour enrichir notre collection de denim r\u00e9sistant \u00e0 la lumi\u00e8re. Ce tissu r\u00e9volutionnaire ne se limite pas aux jeans\u00a0: il est pr\u00eat \u00e0 r\u00e9volutionner de nombreuses applications\u00a0:<\/p>\n<ul data-start=\"3296\" data-end=\"3557\">\n<li data-start=\"3296\" data-end=\"3379\"><strong data-start=\"3298\" data-end=\"3310\">V\u00eatements:<\/strong> Vestes, jupes, chemises et plus encore qui conservent leur couleur vibrante.<\/li>\n<li data-start=\"3380\" data-end=\"3462\"><strong data-start=\"3382\" data-end=\"3397\">D\u00e9coration d&#039;int\u00e9rieur :<\/strong> Rembourrage durable, rideaux accrocheurs et coussins \u00e9l\u00e9gants.<\/li>\n<li data-start=\"3463\" data-end=\"3557\"><strong data-start=\"3465\" data-end=\"3481\">Accessoires:<\/strong> Sacs, chapeaux et autres articles tendance avec une couleur durable.<\/li>\n<\/ul>\n<p data-start=\"3559\" data-end=\"3659\"><img loading=\"lazy\" decoding=\"async\" class=\"wp-image-4129 aligncenter\" src=\"https:\/\/lydenim.com\/wp-content\/uploads\/2025\/03\/Non-fading-denim-fabric1.jpeg\" alt=\"Tissu denim r\u00e9sistant \u00e0 la lumi\u00e8re\" width=\"600\" height=\"800\" srcset=\"https:\/\/lydenim.com\/wp-content\/uploads\/2025\/03\/Non-fading-denim-fabric1.jpeg 750w, https:\/\/lydenim.com\/wp-content\/uploads\/2025\/03\/Non-fading-denim-fabric1-225x300.jpeg 225w, https:\/\/lydenim.com\/wp-content\/uploads\/2025\/03\/Non-fading-denim-fabric1-9x12.jpeg 9w, https:\/\/lydenim.com\/wp-content\/uploads\/2025\/03\/Non-fading-denim-fabric1-600x800.jpeg 600w, https:\/\/lydenim.com\/wp-content\/uploads\/2025\/03\/Non-fading-denim-fabric1-150x200.jpeg 150w\" sizes=\"auto, (max-width: 600px) 100vw, 600px\" \/> <img loading=\"lazy\" decoding=\"async\" class=\"wp-image-4130 aligncenter\" src=\"https:\/\/lydenim.com\/wp-content\/uploads\/2025\/03\/Non-fading-denim-fabric2.jpeg\" alt=\"\" width=\"600\" height=\"800\" srcset=\"https:\/\/lydenim.com\/wp-content\/uploads\/2025\/03\/Non-fading-denim-fabric2.jpeg 750w, https:\/\/lydenim.com\/wp-content\/uploads\/2025\/03\/Non-fading-denim-fabric2-225x300.jpeg 225w, https:\/\/lydenim.com\/wp-content\/uploads\/2025\/03\/Non-fading-denim-fabric2-9x12.jpeg 9w, https:\/\/lydenim.com\/wp-content\/uploads\/2025\/03\/Non-fading-denim-fabric2-600x800.jpeg 600w, https:\/\/lydenim.com\/wp-content\/uploads\/2025\/03\/Non-fading-denim-fabric2-150x200.jpeg 150w\" sizes=\"auto, (max-width: 600px) 100vw, 600px\" \/> <img loading=\"lazy\" decoding=\"async\" class=\"wp-image-4131 aligncenter\" src=\"https:\/\/lydenim.com\/wp-content\/uploads\/2025\/03\/Non-fading-denim-fabric3.jpeg\" alt=\"Tissu denim r\u00e9sistant \u00e0 la lumi\u00e8re\" width=\"600\" height=\"800\" srcset=\"https:\/\/lydenim.com\/wp-content\/uploads\/2025\/03\/Non-fading-denim-fabric3.jpeg 750w, https:\/\/lydenim.com\/wp-content\/uploads\/2025\/03\/Non-fading-denim-fabric3-225x300.jpeg 225w, https:\/\/lydenim.com\/wp-content\/uploads\/2025\/03\/Non-fading-denim-fabric3-9x12.jpeg 9w, https:\/\/lydenim.com\/wp-content\/uploads\/2025\/03\/Non-fading-denim-fabric3-600x800.jpeg 600w, https:\/\/lydenim.com\/wp-content\/uploads\/2025\/03\/Non-fading-denim-fabric3-150x200.jpeg 150w\" sizes=\"auto, (max-width: 600px) 100vw, 600px\" \/><\/p>\n<h2 style=\"text-align: left;\">Conclusion<\/h2>\n<p data-start=\"3685\" data-end=\"3959\">D\u00e9couvrez un denim qui r\u00e9siste \u00e0 l&#039;\u00e9preuve du temps. Dites adieu aux imperfections et sublimez votre style gr\u00e2ce \u00e0 notre tissu denim innovant et r\u00e9sistant. Que vous soyez cr\u00e9ateur ou passionn\u00e9 de mode, notre collection est con\u00e7ue pour r\u00e9pondre \u00e0 vos besoins avec un style et une durabilit\u00e9 durables.<\/p>\n<h2 dir=\"auto\">Services de personnalisation par LYDENIM<\/h2>\n<p dir=\"auto\">\ud83c\udfa8 Vouloir <strong>tissus denim personnalis\u00e9s<\/strong> ou\u00a0 <strong>unique<\/strong> <strong>v\u00eatement en denim personnalis\u00e9<\/strong>? LYDENIM est sp\u00e9cialis\u00e9 dans les solutions sur mesure pour r\u00e9pondre \u00e0 vos besoins de conception et de production.<\/p>\n<p dir=\"auto\">\ud83d\udecd\ufe0f <strong>Explorez et inspirez-vous<\/strong>: Parcourez nos s\u00e9lections de tissus et d\u00e9couvrez des id\u00e9es de design sur <a href=\"https:\/\/lydenim.com\/fr\/\" target=\"_blank\" rel=\"noopener noreferrer nofollow\">LYDenim<\/a>.<\/p>\n<p dir=\"auto\">\ud83c\udf10 <strong>V\u00eatements \u00e9lastiques<\/strong>:D\u00e9couvrez nos offres sur <a href=\"http:\/\/liangyuantextile.m.en.alibaba.com\" target=\"_blank\" rel=\"noopener noreferrer nofollow\">MonAlibaba<\/a>. \ud83d\udce9 <strong>Contactez-nous<\/strong>: Contactez-nous \u00e0 <a href=\"mailto:malone@lydenim.com\" target=\"_blank\" rel=\"noopener noreferrer nofollow\">malone@lydenim.com<\/a>.<\/p>\n<p dir=\"auto\">Cr\u00e9ez votre chef-d&#039;\u0153uvre en denim avec LYDENIM, votre partenaire de confiance pour <strong>tissu extensible<\/strong> et <strong>solutions denim personnalis\u00e9es<\/strong>.<\/p>","protected":false},"excerpt":{"rendered":"<p>Temps de lecture estim\u00e9 : ~5 minutes Partie 1 : L&#039;origine du tissu denim Le denim, un tissu en serg\u00e9 de coton robuste, a \u00e9t\u00e9<\/p>","protected":false},"author":1,"featured_media":4132,"comment_status":"open","ping_status":"open","sticky":false,"template":"","format":"standard","meta":{"two_page_speed":[],"footnotes":""},"categories":[66,67],"tags":[],"class_list":["post-4090","post","type-post","status-publish","format-standard","has-post-thumbnail","hentry","category-denim-knowledge","category-market"],"aioseo_notices":[],"_links":{"self":[{"href":"https:\/\/lydenim.com\/fr\/wp-json\/wp\/v2\/posts\/4090","targetHints":{"allow":["GET"]}}],"collection":[{"href":"https:\/\/lydenim.com\/fr\/wp-json\/wp\/v2\/posts"}],"about":[{"href":"https:\/\/lydenim.com\/fr\/wp-json\/wp\/v2\/types\/post"}],"author":[{"embeddable":true,"href":"https:\/\/lydenim.com\/fr\/wp-json\/wp\/v2\/users\/1"}],"replies":[{"embeddable":true,"href":"https:\/\/lydenim.com\/fr\/wp-json\/wp\/v2\/comments?post=4090"}],"version-history":[{"count":6,"href":"https:\/\/lydenim.com\/fr\/wp-json\/wp\/v2\/posts\/4090\/revisions"}],"predecessor-version":[{"id":6217,"href":"https:\/\/lydenim.com\/fr\/wp-json\/wp\/v2\/posts\/4090\/revisions\/6217"}],"wp:featuredmedia":[{"embeddable":true,"href":"https:\/\/lydenim.com\/fr\/wp-json\/wp\/v2\/media\/4132"}],"wp:attachment":[{"href":"https:\/\/lydenim.com\/fr\/wp-json\/wp\/v2\/media?parent=4090"}],"wp:term":[{"taxonomy":"category","embeddable":true,"href":"https:\/\/lydenim.com\/fr\/wp-json\/wp\/v2\/categories?post=4090"},{"taxonomy":"post_tag","embeddable":true,"href":"https:\/\/lydenim.com\/fr\/wp-json\/wp\/v2\/tags?post=4090"}],"curies":[{"name":"wp","href":"https:\/\/api.w.org\/{rel}","templated":true}]}}