{"id":4194,"date":"2025-03-31T10:51:16","date_gmt":"2025-03-31T02:51:16","guid":{"rendered":"https:\/\/lydenim.com\/?p=4194"},"modified":"2025-08-24T12:17:19","modified_gmt":"2025-08-24T04:17:19","slug":"jacquard-fabrics","status":"publish","type":"post","link":"https:\/\/lydenim.com\/fr\/tissus-jacquard\/","title":{"rendered":"Le denim jacquard est-il un style d\u00e9contract\u00e9 pour les femmes ?"},"content":{"rendered":"<h2 data-pm-slice=\"1 1 []\">Temps de lecture estim\u00e9 : ~3 minutes<\/h2>\n<h2 style=\"text-align: left;\" data-pm-slice=\"1 1 []\">Introduction<\/h2>\n<p class=\"break-words\">Les r\u00e8gles vestimentaires au travail cr\u00e9ent une confusion quant aux codes vestimentaires professionnels. Nombreux sont ceux qui s&#039;interrogent sur les directives vestimentaires qui d\u00e9finissent le jean comme une tenue d\u00e9contract\u00e9e pour les employ\u00e9es. Le jean traditionnel ne r\u00e9pond g\u00e9n\u00e9ralement pas aux normes professionnelles dans de nombreux lieux de travail, mais les innovations en mati\u00e8re de tissu jacquard ouvrent de nouvelles perspectives. Cet article analyse comment les entreprises de style d\u00e9contract\u00e9 consid\u00e8rent le jean, ainsi que sa variante jacquard haut de gamme, comme une tenue de bureau appropri\u00e9e.<\/p>\n<h2>Qu&#039;est-ce que le style Business Casual ?<\/h2>\n<p class=\"break-words\">Le style \u00ab\u00a0business casual\u00a0\u00bb se pr\u00e9sente comme un code vestimentaire professionnel alliant tenue professionnelle et confort d\u00e9contract\u00e9. La tenue business casual se compose de blazers ajust\u00e9s, de chemisiers \u00e9l\u00e9gants et de chaussures \u00e9l\u00e9gantes, offrant une plus grande libert\u00e9 de mouvement que les costumes classiques. La tenue professionnelle pour les femmes comprend des combinaisons de jupes, de robes et de pantalons alliant aisance et \u00e9l\u00e9gance. Le jean, autrefois tendance week-end, est devenu une tenue professionnelle, mais les diff\u00e9rents types de jeans restent distincts.<\/p>\n<h2>Le jean en denim : un classique incontournable<\/h2>\n<p class=\"break-words\">Le denim, ce tissu en coton robuste, doit sa composition durable \u00e0 son motif serg\u00e9 caract\u00e9ristique. Traditionnellement, le denim utilise exclusivement du coton 100%, mais les fabricants cr\u00e9ent d\u00e9sormais des tissus extensibles en m\u00e9langeant du coton avec d&#039;autres fibres. Sa robustesse en fait un mat\u00e9riau id\u00e9al pour les tenues d\u00e9contract\u00e9es du quotidien, mais son utilisation dans les environnements professionnels formels reste sujette \u00e0 caution.<\/p>\n<div id=\"attachment_4433\" style=\"width: 610px\" class=\"wp-caption aligncenter\"><img loading=\"lazy\" decoding=\"async\" aria-describedby=\"caption-attachment-4433\" class=\"wp-image-4433\" src=\"https:\/\/lydenim.com\/wp-content\/uploads\/2025\/03\/dark-wash-tailored-denim-vs.-ripped-jeans.jpg\" alt=\"denim sur mesure d\u00e9lav\u00e9 fonc\u00e9 vs. jeans d\u00e9chir\u00e9s\" width=\"600\" height=\"600\" srcset=\"https:\/\/lydenim.com\/wp-content\/uploads\/2025\/03\/dark-wash-tailored-denim-vs.-ripped-jeans.jpg 1000w, https:\/\/lydenim.com\/wp-content\/uploads\/2025\/03\/dark-wash-tailored-denim-vs.-ripped-jeans-300x300.jpg 300w, https:\/\/lydenim.com\/wp-content\/uploads\/2025\/03\/dark-wash-tailored-denim-vs.-ripped-jeans-150x150.jpg 150w, https:\/\/lydenim.com\/wp-content\/uploads\/2025\/03\/dark-wash-tailored-denim-vs.-ripped-jeans-768x768.jpg 768w, https:\/\/lydenim.com\/wp-content\/uploads\/2025\/03\/dark-wash-tailored-denim-vs.-ripped-jeans-12x12.jpg 12w, https:\/\/lydenim.com\/wp-content\/uploads\/2025\/03\/dark-wash-tailored-denim-vs.-ripped-jeans-600x600.jpg 600w\" sizes=\"auto, (max-width: 600px) 100vw, 600px\" \/><p id=\"caption-attachment-4433\" class=\"wp-caption-text\">denim sur mesure d\u00e9lav\u00e9 fonc\u00e9 vs. jeans d\u00e9chir\u00e9s<\/p><\/div>\n<h2>D\u00e9couvrez le denim Jacquard : une innovation r\u00e9volutionnaire<\/h2>\n<p class=\"break-words\">Qu&#039;est-ce que le tissu jacquard exactement\u00a0? Ce textile tiss\u00e9 suscite un vif int\u00e9r\u00eat. Gr\u00e2ce \u00e0 son m\u00e9tier \u00e0 tisser sp\u00e9cialis\u00e9, le tissu jacquard permet de r\u00e9aliser des motifs floraux et g\u00e9om\u00e9triques. L&#039;association du denim et du tissage jacquard transforme un jean basique en v\u00eatement sophistiqu\u00e9.<\/p>\n<ul class=\"marker:text-secondary\">\n<li class=\"break-words\"><strong>Pourquoi \u00e7a marche<\/strong>:Les motifs complexes du denim jacquard cr\u00e9ent une esth\u00e9tique avanc\u00e9e qui fait passer le denim du style industriel au style de bureau d&#039;entreprise.<\/li>\n<li class=\"break-words\"><strong>Conseil de style<\/strong>:Un blazer structur\u00e9 associ\u00e9 \u00e0 des talons transformera un jean en denim jacquard en une tenue d&#039;affaires \u00e9l\u00e9gante.<\/li>\n<\/ul>\n<div id=\"attachment_4434\" style=\"width: 610px\" class=\"wp-caption aligncenter\"><img loading=\"lazy\" decoding=\"async\" aria-describedby=\"caption-attachment-4434\" class=\"wp-image-4434\" src=\"https:\/\/lydenim.com\/wp-content\/uploads\/2025\/03\/Jacquard-Denim.jpg\" alt=\"Denim jacquard\" width=\"600\" height=\"600\" srcset=\"https:\/\/lydenim.com\/wp-content\/uploads\/2025\/03\/Jacquard-Denim.jpg 1000w, https:\/\/lydenim.com\/wp-content\/uploads\/2025\/03\/Jacquard-Denim-300x300.jpg 300w, https:\/\/lydenim.com\/wp-content\/uploads\/2025\/03\/Jacquard-Denim-150x150.jpg 150w, https:\/\/lydenim.com\/wp-content\/uploads\/2025\/03\/Jacquard-Denim-768x768.jpg 768w, https:\/\/lydenim.com\/wp-content\/uploads\/2025\/03\/Jacquard-Denim-12x12.jpg 12w, https:\/\/lydenim.com\/wp-content\/uploads\/2025\/03\/Jacquard-Denim-600x600.jpg 600w\" sizes=\"auto, (max-width: 600px) 100vw, 600px\" \/><p id=\"caption-attachment-4434\" class=\"wp-caption-text\">Denim jacquard<\/p><\/div>\n<h2>Les jeans peuvent-ils \u00eatre un style d\u00e9contract\u00e9 pour le travail\u00a0?<\/h2>\n<p class=\"break-words\">Le choix du jean pour une tenue d\u00e9contract\u00e9e d\u00e9pend \u00e0 la fois de votre environnement de travail et de votre style vestimentaire. Voici un petit guide\u00a0:<\/p>\n<ol class=\"marker:text-secondary\">\n<li class=\"break-words\"><strong>L&#039;ajustement est important<\/strong>:Le style de jean appropri\u00e9 pour le travail d\u00e9contract\u00e9 n\u00e9cessite des coupes droites ou slim au lieu de mod\u00e8les amples ou skinny<\/li>\n<li><strong>TAILLE<\/strong>:Les options de personnalisation doivent \u00eatre explor\u00e9es, car les jeans sur mesure cr\u00e9ent un impact significatif sur le style.<\/li>\n<li class=\"break-words\"><strong>Les couleurs comptent<\/strong>:L&#039;apparence professionnelle se d\u00e9gage des jeans d\u00e9lav\u00e9s fonc\u00e9s ainsi que des nuances distinctives, notamment le tissu denim rose sur un jean bleu clair.<\/li>\n<li class=\"break-words\"><strong>\u00c9levez-vous avec des accessoires<\/strong>:La tenue professionnelle \u00e9merge lorsque les jeans re\u00e7oivent une touche de sophistication gr\u00e2ce \u00e0 des chemisiers en soie ou des bijoux tendance et des mocassins.<\/li>\n<\/ol>\n<p class=\"break-words\"><img loading=\"lazy\" decoding=\"async\" class=\"aligncenter\" src=\"https:\/\/i.pinimg.com\/736x\/5d\/3c\/c7\/5d3cc78541caf134d448a944cc9b4e7d.jpg\" alt=\"image carrousel 0\" width=\"600\" height=\"800\" \/><\/p>\n<h3 class=\"\" data-start=\"2393\" data-end=\"2409\">Conclusion<\/h3>\n<p class=\"break-words\">Les femmes peuvent porter des jeans en tenue professionnelle d\u00e9contract\u00e9e gr\u00e2ce \u00e0 des mati\u00e8res sophistiqu\u00e9es comme le denim jacquard. Votre r\u00e9ussite repose sur le choix de jeans de qualit\u00e9 sup\u00e9rieure, aux tailles adapt\u00e9es et aux techniques de style appropri\u00e9es. Il est prouv\u00e9 que les femmes souhaitent allier style personnel et comportement professionnel.<\/p>\n<h2 dir=\"auto\">Services de personnalisation par LYDENIM<\/h2>\n<p dir=\"auto\">\ud83c\udfa8 Vouloir <strong>tissus denim personnalis\u00e9s<\/strong> ou\u00a0 <strong>unique<\/strong> <strong>v\u00eatement en denim personnalis\u00e9<\/strong>? LYDENIM est sp\u00e9cialis\u00e9 dans les solutions sur mesure pour r\u00e9pondre \u00e0 vos besoins de conception et de production.<\/p>\n<p dir=\"auto\">\ud83d\udecd\ufe0f <strong>Explorez et inspirez-vous<\/strong>: Parcourez nos s\u00e9lections de tissus et d\u00e9couvrez des id\u00e9es de design sur <a href=\"https:\/\/lydenim.com\/fr\/\" target=\"_blank\" rel=\"noopener noreferrer nofollow\">LYDenim<\/a>.<\/p>\n<p dir=\"auto\">\ud83c\udf10 <strong>V\u00eatements \u00e9lastiques<\/strong>:D\u00e9couvrez nos offres sur <a href=\"http:\/\/liangyuantextile.m.en.alibaba.com\" target=\"_blank\" rel=\"noopener noreferrer nofollow\">MonAlibaba<\/a>. \ud83d\udce9 <strong>Contactez-nous<\/strong>: Contactez-nous \u00e0 <a href=\"mailto:malone@lydenim.com\" target=\"_blank\" rel=\"noopener noreferrer nofollow\">malone@lydenim.com<\/a>.<\/p>\n<p dir=\"auto\">Cr\u00e9ez votre chef-d&#039;\u0153uvre en denim avec LYDENIM, votre partenaire de confiance pour <strong>tissu extensible<\/strong> et <strong>solutions denim personnalis\u00e9es<\/strong>.<\/p>","protected":false},"excerpt":{"rendered":"<p>Temps de lecture estim\u00e9 : ~3 minutes Introduction Les r\u00e8gles de mode au travail cr\u00e9ent une confusion quant aux codes vestimentaires professionnels. Beaucoup de gens s&#039;interrogent sur<\/p>","protected":false},"author":1,"featured_media":4435,"comment_status":"open","ping_status":"open","sticky":false,"template":"","format":"standard","meta":{"two_page_speed":[],"footnotes":""},"categories":[66],"tags":[],"class_list":["post-4194","post","type-post","status-publish","format-standard","has-post-thumbnail","hentry","category-denim-knowledge"],"aioseo_notices":[],"_links":{"self":[{"href":"https:\/\/lydenim.com\/fr\/wp-json\/wp\/v2\/posts\/4194","targetHints":{"allow":["GET"]}}],"collection":[{"href":"https:\/\/lydenim.com\/fr\/wp-json\/wp\/v2\/posts"}],"about":[{"href":"https:\/\/lydenim.com\/fr\/wp-json\/wp\/v2\/types\/post"}],"author":[{"embeddable":true,"href":"https:\/\/lydenim.com\/fr\/wp-json\/wp\/v2\/users\/1"}],"replies":[{"embeddable":true,"href":"https:\/\/lydenim.com\/fr\/wp-json\/wp\/v2\/comments?post=4194"}],"version-history":[{"count":5,"href":"https:\/\/lydenim.com\/fr\/wp-json\/wp\/v2\/posts\/4194\/revisions"}],"predecessor-version":[{"id":6244,"href":"https:\/\/lydenim.com\/fr\/wp-json\/wp\/v2\/posts\/4194\/revisions\/6244"}],"wp:featuredmedia":[{"embeddable":true,"href":"https:\/\/lydenim.com\/fr\/wp-json\/wp\/v2\/media\/4435"}],"wp:attachment":[{"href":"https:\/\/lydenim.com\/fr\/wp-json\/wp\/v2\/media?parent=4194"}],"wp:term":[{"taxonomy":"category","embeddable":true,"href":"https:\/\/lydenim.com\/fr\/wp-json\/wp\/v2\/categories?post=4194"},{"taxonomy":"post_tag","embeddable":true,"href":"https:\/\/lydenim.com\/fr\/wp-json\/wp\/v2\/tags?post=4194"}],"curies":[{"name":"wp","href":"https:\/\/api.w.org\/{rel}","templated":true}]}}