{"id":4326,"date":"2025-03-23T12:45:55","date_gmt":"2025-03-23T04:45:55","guid":{"rendered":"https:\/\/lydenim.com\/?p=4326"},"modified":"2025-08-23T16:11:19","modified_gmt":"2025-08-23T08:11:19","slug":"denim-knowledge","status":"publish","type":"post","link":"https:\/\/lydenim.com\/fr\/connaissances-sur-le-denim\/","title":{"rendered":"De A \u00e0 Z\u00a0: un guide complet sur la connaissance du denim"},"content":{"rendered":"<h2 data-pm-slice=\"1 1 []\">Temps de lecture estim\u00e9 : ~10 minutes<\/h2>\n<h2 style=\"text-align: left;\" data-pm-slice=\"1 1 []\">Introduction<\/h2>\n<p data-start=\"258\" data-end=\"454\">Le denim n&#039;est pas qu&#039;un simple tissu\u00a0: c&#039;est une histoire tiss\u00e9e de g\u00e9n\u00e9ration en g\u00e9n\u00e9ration, fa\u00e7onn\u00e9e avec savoir-faire et impr\u00e9gn\u00e9e de culture. Embarquons pour un voyage de A \u00e0 Z \u00e0 la d\u00e9couverte du monde fascinant du denim.<\/p>\n<h3 data-start=\"461\" data-end=\"483\">\ud83c\udd70\ufe0f A \u2013 Arcuates<\/h3>\n<p data-start=\"484\" data-end=\"706\"><strong data-start=\"484\" data-end=\"499\">D\u00e9finition:<\/strong><br \/>\nLes arcs sont les motifs de couture distinctifs des poches arri\u00e8re des jeans, commun\u00e9ment appel\u00e9s signatures de poche arri\u00e8re. Ces motifs soulignent l&#039;identit\u00e9 de la marque et rehaussent l&#039;esth\u00e9tique du jean.<\/p>\n<div id=\"attachment_4329\" style=\"width: 610px\" class=\"wp-caption aligncenter\"><img loading=\"lazy\" decoding=\"async\" aria-describedby=\"caption-attachment-4329\" class=\"wp-image-4329\" src=\"https:\/\/lydenim.com\/wp-content\/uploads\/2025\/03\/Arcuates.jpg\" alt=\"Arcuates\" width=\"600\" height=\"587\" srcset=\"https:\/\/lydenim.com\/wp-content\/uploads\/2025\/03\/Arcuates.jpg 640w, https:\/\/lydenim.com\/wp-content\/uploads\/2025\/03\/Arcuates-300x293.jpg 300w, https:\/\/lydenim.com\/wp-content\/uploads\/2025\/03\/Arcuates-12x12.jpg 12w, https:\/\/lydenim.com\/wp-content\/uploads\/2025\/03\/Arcuates-600x587.jpg 600w, https:\/\/lydenim.com\/wp-content\/uploads\/2025\/03\/Arcuates-150x147.jpg 150w\" sizes=\"auto, (max-width: 600px) 100vw, 600px\" \/><p id=\"caption-attachment-4329\" class=\"wp-caption-text\">Arcuates<\/p><\/div>\n<h3 data-start=\"870\" data-end=\"891\">\ud83c\udd71\ufe0f B \u2013 Bartack<\/h3>\n<p data-start=\"892\" data-end=\"1091\"><strong data-start=\"892\" data-end=\"907\">D\u00e9finition:<\/strong><\/p>\n<p>Le renfort est une s\u00e9rie de points rapproch\u00e9s qui renforcent les zones de tension des jeans, comme les coins des poches et les passants de ceinture. Cette m\u00e9thode pr\u00e9vient les d\u00e9chirures et prolonge la durabilit\u00e9.<\/p>\n<div id=\"attachment_4330\" style=\"width: 610px\" class=\"wp-caption aligncenter\"><img loading=\"lazy\" decoding=\"async\" aria-describedby=\"caption-attachment-4330\" class=\"size-full wp-image-4330\" src=\"https:\/\/lydenim.com\/wp-content\/uploads\/2025\/03\/Bartack.jpg\" alt=\"Bartack\" width=\"600\" height=\"375\" srcset=\"https:\/\/lydenim.com\/wp-content\/uploads\/2025\/03\/Bartack.jpg 600w, https:\/\/lydenim.com\/wp-content\/uploads\/2025\/03\/Bartack-300x188.jpg 300w, https:\/\/lydenim.com\/wp-content\/uploads\/2025\/03\/Bartack-18x12.jpg 18w, https:\/\/lydenim.com\/wp-content\/uploads\/2025\/03\/Bartack-150x94.jpg 150w\" sizes=\"auto, (max-width: 600px) 100vw, 600px\" \/><p id=\"caption-attachment-4330\" class=\"wp-caption-text\">Bartack<\/p><\/div>\n<h3 data-start=\"1240\" data-end=\"1266\">\ud83c\udd72\ufe0f C \u2013 Point de cha\u00eenette<\/h3>\n<p data-start=\"1267\" data-end=\"1444\"><strong data-start=\"1267\" data-end=\"1282\">D\u00e9finition:<\/strong><br data-start=\"1282\" data-end=\"1285\" \/>Le point de cha\u00eenette utilise un fil continu enroul\u00e9 sur lui-m\u00eame, cr\u00e9ant une couture \u00e0 la fois souple et r\u00e9sistante. Il est souvent utilis\u00e9 pour les ourlets et les zones n\u00e9cessitant une certaine \u00e9lasticit\u00e9.<\/p>\n<div id=\"attachment_4331\" style=\"width: 610px\" class=\"wp-caption aligncenter\"><img loading=\"lazy\" decoding=\"async\" aria-describedby=\"caption-attachment-4331\" class=\"wp-image-4331\" src=\"https:\/\/lydenim.com\/wp-content\/uploads\/2025\/03\/Chain-Stitch.jpg\" alt=\"Point de cha\u00eenette\" width=\"600\" height=\"901\" srcset=\"https:\/\/lydenim.com\/wp-content\/uploads\/2025\/03\/Chain-Stitch.jpg 736w, https:\/\/lydenim.com\/wp-content\/uploads\/2025\/03\/Chain-Stitch-200x300.jpg 200w, https:\/\/lydenim.com\/wp-content\/uploads\/2025\/03\/Chain-Stitch-682x1024.jpg 682w, https:\/\/lydenim.com\/wp-content\/uploads\/2025\/03\/Chain-Stitch-8x12.jpg 8w, https:\/\/lydenim.com\/wp-content\/uploads\/2025\/03\/Chain-Stitch-600x901.jpg 600w, https:\/\/lydenim.com\/wp-content\/uploads\/2025\/03\/Chain-Stitch-150x225.jpg 150w\" sizes=\"auto, (max-width: 600px) 100vw, 600px\" \/><p id=\"caption-attachment-4331\" class=\"wp-caption-text\">Point de cha\u00eenette<\/p><\/div>\n<h3 data-start=\"1607\" data-end=\"1649\">\ud83c\udd73\ufe0f D \u2013 Jean, <a href=\"https:\/\/en.wikipedia.org\/wiki\/Dyeing\">Teinture<\/a> &amp; <a href=\"https:\/\/en.wikipedia.org\/wiki\/Denim\">Denim<\/a> Poids<\/h3>\n<ul data-start=\"1650\" data-end=\"1967\">\n<li data-start=\"1650\" data-end=\"1752\"><strong data-start=\"1652\" data-end=\"1662\">Jean:<\/strong> Un tissu serg\u00e9 tiss\u00e9, g\u00e9n\u00e9ralement fabriqu\u00e9 \u00e0 partir de coton, connu pour sa durabilit\u00e9 et son confort.<\/li>\n<li data-start=\"1753\" data-end=\"1855\"><strong data-start=\"1755\" data-end=\"1766\">Teinture:<\/strong> Le processus d&#039;ajout de couleur, en particulier avec de la teinture indigo, pour cr\u00e9er un jean bleu classique.<\/li>\n<li data-start=\"1856\" data-end=\"1967\"><strong data-start=\"1858\" data-end=\"1875\">Poids du denim :<\/strong> Mesur\u00e9 en onces par m\u00e8tre carr\u00e9, allant du poids l\u00e9ger (8 oz) au poids lourd (16 oz).<\/li>\n<\/ul>\n<div id=\"attachment_2483\" style=\"width: 610px\" class=\"wp-caption aligncenter\"><img loading=\"lazy\" decoding=\"async\" aria-describedby=\"caption-attachment-2483\" class=\"wp-image-2483\" src=\"https:\/\/lydenim.com\/wp-content\/uploads\/2024\/12\/\u5e8f\u5217-Sequence-01.00_04_07_12.Still016-scaled.jpg\" alt=\"Teinture\" width=\"600\" height=\"338\" srcset=\"https:\/\/lydenim.com\/wp-content\/uploads\/2024\/12\/\u5e8f\u5217-Sequence-01.00_04_07_12.Still016-scaled.jpg 2560w, https:\/\/lydenim.com\/wp-content\/uploads\/2024\/12\/\u5e8f\u5217-Sequence-01.00_04_07_12.Still016-scaled-150x84.jpg 150w, https:\/\/lydenim.com\/wp-content\/uploads\/2024\/12\/\u5e8f\u5217-Sequence-01.00_04_07_12.Still016-scaled-600x338.jpg 600w, https:\/\/lydenim.com\/wp-content\/uploads\/2024\/12\/\u5e8f\u5217-Sequence-01.00_04_07_12.Still016-300x169.jpg 300w, https:\/\/lydenim.com\/wp-content\/uploads\/2024\/12\/\u5e8f\u5217-Sequence-01.00_04_07_12.Still016-1024x576.jpg 1024w, https:\/\/lydenim.com\/wp-content\/uploads\/2024\/12\/\u5e8f\u5217-Sequence-01.00_04_07_12.Still016-768x432.jpg 768w, https:\/\/lydenim.com\/wp-content\/uploads\/2024\/12\/\u5e8f\u5217-Sequence-01.00_04_07_12.Still016-1536x864.jpg 1536w, https:\/\/lydenim.com\/wp-content\/uploads\/2024\/12\/\u5e8f\u5217-Sequence-01.00_04_07_12.Still016-2048x1152.jpg 2048w, https:\/\/lydenim.com\/wp-content\/uploads\/2024\/12\/\u5e8f\u5217-Sequence-01.00_04_07_12.Still016-18x10.jpg 18w\" sizes=\"auto, (max-width: 600px) 100vw, 600px\" \/><p id=\"caption-attachment-2483\" class=\"wp-caption-text\">Teinture<\/p><\/div>\n<h3 data-start=\"2107\" data-end=\"2151\">\ud83c\udd74\ufe0f E \u2013 D\u00e9tails des bords et attrait durable<\/h3>\n<p data-start=\"2152\" data-end=\"2354\"><strong data-start=\"2152\" data-end=\"2167\">D\u00e9finition:<\/strong><br data-start=\"2167\" data-end=\"2170\" \/>Les d\u00e9tails des bords, notamment ceux du denim selvedge, t\u00e9moignent du savoir-faire artisanal du denim haut de gamme. Tiss\u00e9 sur des m\u00e9tiers \u00e0 navette, le denim selvedge est reconnu pour ses bords nets et finis sur mesure.<\/p>\n<div id=\"attachment_4332\" style=\"width: 610px\" class=\"wp-caption aligncenter\"><img loading=\"lazy\" decoding=\"async\" aria-describedby=\"caption-attachment-4332\" class=\"wp-image-4332\" src=\"https:\/\/lydenim.com\/wp-content\/uploads\/2025\/03\/Edge-Details.jpeg\" alt=\"D\u00e9tails des bords\" width=\"600\" height=\"600\" srcset=\"https:\/\/lydenim.com\/wp-content\/uploads\/2025\/03\/Edge-Details.jpeg 800w, https:\/\/lydenim.com\/wp-content\/uploads\/2025\/03\/Edge-Details-300x300.jpeg 300w, https:\/\/lydenim.com\/wp-content\/uploads\/2025\/03\/Edge-Details-150x150.jpeg 150w, https:\/\/lydenim.com\/wp-content\/uploads\/2025\/03\/Edge-Details-768x768.jpeg 768w, https:\/\/lydenim.com\/wp-content\/uploads\/2025\/03\/Edge-Details-12x12.jpeg 12w, https:\/\/lydenim.com\/wp-content\/uploads\/2025\/03\/Edge-Details-600x600.jpeg 600w\" sizes=\"auto, (max-width: 600px) 100vw, 600px\" \/><p id=\"caption-attachment-4332\" class=\"wp-caption-text\">D\u00e9tails des bords<\/p><\/div>\n<h3 data-start=\"2498\" data-end=\"2527\">\ud83c\udd75\ufe0f F \u2013 D\u00e9grad\u00e9s et mode<\/h3>\n<p data-start=\"2528\" data-end=\"2734\"><strong data-start=\"2528\" data-end=\"2543\">D\u00e9finition:<\/strong><br data-start=\"2543\" data-end=\"2546\" \/>Les d\u00e9colorations apparaissent naturellement au fil du temps, cr\u00e9ant des motifs uniques qui refl\u00e8tent le style de vie de celui qui les porte. Les d\u00e9colorations, comme les moustaches et les nids d&#039;abeilles, ajoutent du caract\u00e8re et sont tr\u00e8s recherch\u00e9es.<\/p>\n<h3 data-start=\"2872\" data-end=\"2898\">\ud83c\udd76\ufe0f G \u2013 Grain et gravier<\/h3>\n<p data-start=\"2899\" data-end=\"3046\"><strong data-start=\"2899\" data-end=\"2914\">D\u00e9finition:<\/strong><br data-start=\"2914\" data-end=\"2917\" \/>Le grain fait r\u00e9f\u00e9rence \u00e0 la texture du tissage du denim, tandis que le grain refl\u00e8te la durabilit\u00e9 et la robustesse associ\u00e9es au denim de haute qualit\u00e9.<\/p>\n<div id=\"attachment_4334\" style=\"width: 610px\" class=\"wp-caption aligncenter\"><img loading=\"lazy\" decoding=\"async\" aria-describedby=\"caption-attachment-4334\" class=\"wp-image-4334\" src=\"https:\/\/lydenim.com\/wp-content\/uploads\/2025\/03\/Grain.jpg\" alt=\"Grain\" width=\"600\" height=\"600\" srcset=\"https:\/\/lydenim.com\/wp-content\/uploads\/2025\/03\/Grain.jpg 1500w, https:\/\/lydenim.com\/wp-content\/uploads\/2025\/03\/Grain-300x300.jpg 300w, https:\/\/lydenim.com\/wp-content\/uploads\/2025\/03\/Grain-1024x1024.jpg 1024w, https:\/\/lydenim.com\/wp-content\/uploads\/2025\/03\/Grain-150x150.jpg 150w, https:\/\/lydenim.com\/wp-content\/uploads\/2025\/03\/Grain-768x768.jpg 768w, https:\/\/lydenim.com\/wp-content\/uploads\/2025\/03\/Grain-12x12.jpg 12w, https:\/\/lydenim.com\/wp-content\/uploads\/2025\/03\/Grain-600x600.jpg 600w\" sizes=\"auto, (max-width: 600px) 100vw, 600px\" \/><p id=\"caption-attachment-4334\" class=\"wp-caption-text\">Grain<\/p><\/div>\n<h3 data-start=\"3189\" data-end=\"3226\">\ud83c\udd77\ufe0f H \u2013 Patrimoine et artisanat<\/h3>\n<p data-start=\"3227\" data-end=\"3432\"><strong data-start=\"3227\" data-end=\"3242\">D\u00e9finition:<\/strong><\/p>\n<p>Le denim Heritage c\u00e9l\u00e8bre les techniques traditionnelles de production du denim. Coutures artisanales, effet vieilli unique et m\u00e9thodes de teinture traditionnelles contribuent \u00e0 son charme intemporel.<\/p>\n<h3 data-start=\"3569\" data-end=\"3589\">\ud83c\udd78\ufe0f Je \u2013 <a href=\"https:\/\/en.wikipedia.org\/wiki\/Indigo\">Indigo<\/a><\/h3>\n<p data-start=\"3590\" data-end=\"3742\"><strong data-start=\"3590\" data-end=\"3605\">D\u00e9finition:<\/strong><br data-start=\"3605\" data-end=\"3608\" \/>La teinture indigo conf\u00e8re au denim sa couleur bleue embl\u00e9matique. Cette teinture permet une d\u00e9coloration progressive, ce qui renforce le caract\u00e8re unique de chaque jean.<\/p>\n<div id=\"attachment_4335\" style=\"width: 490px\" class=\"wp-caption aligncenter\"><img loading=\"lazy\" decoding=\"async\" aria-describedby=\"caption-attachment-4335\" class=\"size-full wp-image-4335\" src=\"https:\/\/lydenim.com\/wp-content\/uploads\/2025\/03\/Indigo.png\" alt=\"Indigo\" width=\"480\" height=\"480\" srcset=\"https:\/\/lydenim.com\/wp-content\/uploads\/2025\/03\/Indigo.png 480w, https:\/\/lydenim.com\/wp-content\/uploads\/2025\/03\/Indigo-300x300.png 300w, https:\/\/lydenim.com\/wp-content\/uploads\/2025\/03\/Indigo-150x150.png 150w, https:\/\/lydenim.com\/wp-content\/uploads\/2025\/03\/Indigo-12x12.png 12w\" sizes=\"auto, (max-width: 480px) 100vw, 480px\" \/><p id=\"caption-attachment-4335\" class=\"wp-caption-text\">Indigo<\/p><\/div>\n<h3 data-start=\"3895\" data-end=\"3935\">\ud83c\udd79\ufe0f J \u2013 Jeans<\/h3>\n<p data-start=\"3936\" data-end=\"4115\"><strong data-start=\"3936\" data-end=\"3951\">D\u00e9finition:<\/strong><\/p>\n<p>Le denim japonais est r\u00e9put\u00e9 pour sa qualit\u00e9 sup\u00e9rieure et son souci du d\u00e9tail, avec des m\u00e9tiers \u00e0 navette traditionnels utilis\u00e9s pour cr\u00e9er du denim lisi\u00e8re appr\u00e9ci\u00e9 dans le monde entier.<\/p>\n<div id=\"attachment_4336\" style=\"width: 610px\" class=\"wp-caption aligncenter\"><img loading=\"lazy\" decoding=\"async\" aria-describedby=\"caption-attachment-4336\" class=\"wp-image-4336\" src=\"https:\/\/lydenim.com\/wp-content\/uploads\/2025\/03\/Jeans.jpg\" alt=\"Jeans\" width=\"600\" height=\"801\" srcset=\"https:\/\/lydenim.com\/wp-content\/uploads\/2025\/03\/Jeans.jpg 735w, https:\/\/lydenim.com\/wp-content\/uploads\/2025\/03\/Jeans-225x300.jpg 225w, https:\/\/lydenim.com\/wp-content\/uploads\/2025\/03\/Jeans-9x12.jpg 9w, https:\/\/lydenim.com\/wp-content\/uploads\/2025\/03\/Jeans-600x801.jpg 600w, https:\/\/lydenim.com\/wp-content\/uploads\/2025\/03\/Jeans-150x200.jpg 150w\" sizes=\"auto, (max-width: 600px) 100vw, 600px\" \/><p id=\"caption-attachment-4336\" class=\"wp-caption-text\">Jeans<\/p><\/div>\n<h3 data-start=\"4269\" data-end=\"4310\">\ud83c\udd7a\ufe0f K \u2013 Connaissances et d\u00e9tails tricot\u00e9s<\/h3>\n<p data-start=\"4311\" data-end=\"4492\"><strong data-start=\"4311\" data-end=\"4326\">D\u00e9finition:<\/strong><br data-start=\"4326\" data-end=\"4329\" \/>Comprendre le denim implique de se familiariser avec le choix des fils, les techniques de couture et le processus de teinture. Les d\u00e9tails tricot\u00e9s, comme le denim extensible, offrent un confort accru.<\/p>\n<h3 data-start=\"4624\" data-end=\"4653\">\ud83c\udd7b\ufe0f L \u2013 M\u00e9tier \u00e0 tisser et lisi\u00e8re<\/h3>\n<p data-start=\"4654\" data-end=\"4820\"><strong data-start=\"4654\" data-end=\"4669\">D\u00e9finition:<\/strong><br data-start=\"4669\" data-end=\"4672\" \/>Les m\u00e9tiers \u00e0 tisser sont essentiels \u00e0 la production de denim. Le denim selvedge, produit sur des m\u00e9tiers \u00e0 navette, est r\u00e9put\u00e9 pour ses bords tiss\u00e9s serr\u00e9s qui emp\u00eachent l&#039;effilochage.<\/p>\n<div id=\"attachment_2494\" style=\"width: 610px\" class=\"wp-caption aligncenter\"><img loading=\"lazy\" decoding=\"async\" aria-describedby=\"caption-attachment-2494\" class=\"wp-image-2494\" src=\"https:\/\/lydenim.com\/wp-content\/uploads\/2024\/12\/\u5e8f\u5217-Sequence-01.00_05_06_10.Still027-scaled.jpg\" alt=\"M\u00e9tier \u00e0 tisser\" width=\"600\" height=\"338\" srcset=\"https:\/\/lydenim.com\/wp-content\/uploads\/2024\/12\/\u5e8f\u5217-Sequence-01.00_05_06_10.Still027-scaled.jpg 2560w, https:\/\/lydenim.com\/wp-content\/uploads\/2024\/12\/\u5e8f\u5217-Sequence-01.00_05_06_10.Still027-scaled-150x84.jpg 150w, https:\/\/lydenim.com\/wp-content\/uploads\/2024\/12\/\u5e8f\u5217-Sequence-01.00_05_06_10.Still027-scaled-600x338.jpg 600w, https:\/\/lydenim.com\/wp-content\/uploads\/2024\/12\/\u5e8f\u5217-Sequence-01.00_05_06_10.Still027-300x169.jpg 300w, https:\/\/lydenim.com\/wp-content\/uploads\/2024\/12\/\u5e8f\u5217-Sequence-01.00_05_06_10.Still027-1024x576.jpg 1024w, https:\/\/lydenim.com\/wp-content\/uploads\/2024\/12\/\u5e8f\u5217-Sequence-01.00_05_06_10.Still027-768x432.jpg 768w, https:\/\/lydenim.com\/wp-content\/uploads\/2024\/12\/\u5e8f\u5217-Sequence-01.00_05_06_10.Still027-1536x864.jpg 1536w, https:\/\/lydenim.com\/wp-content\/uploads\/2024\/12\/\u5e8f\u5217-Sequence-01.00_05_06_10.Still027-2048x1152.jpg 2048w, https:\/\/lydenim.com\/wp-content\/uploads\/2024\/12\/\u5e8f\u5217-Sequence-01.00_05_06_10.Still027-18x10.jpg 18w\" sizes=\"auto, (max-width: 600px) 100vw, 600px\" \/><p id=\"caption-attachment-2494\" class=\"wp-caption-text\">M\u00e9tier \u00e0 tisser<\/p><\/div>\n<h3 data-start=\"4958\" data-end=\"5006\">\ud83c\udd7c\ufe0f M \u2013 Maintenance et fabrication moderne<\/h3>\n<p data-start=\"5007\" data-end=\"5219\"><strong data-start=\"5007\" data-end=\"5022\">D\u00e9finition:<\/strong><br data-start=\"5022\" data-end=\"5025\" \/>Un entretien appropri\u00e9 du denim, notamment en \u00e9vitant les lavages fr\u00e9quents, pr\u00e9serve sa texture et sa couleur. Les techniques de fabrication modernes garantissent une qualit\u00e9 uniforme tout en respectant le savoir-faire traditionnel.<\/p>\n<h3 data-start=\"5343\" data-end=\"5371\">\ud83c\udd7d\ufe0f N \u2013 Fibres naturelles<\/h3>\n<p data-start=\"5372\" data-end=\"5544\"><strong data-start=\"5372\" data-end=\"5387\">D\u00e9finition:<\/strong><br data-start=\"5387\" data-end=\"5390\" \/>Le denim est principalement fabriqu\u00e9 \u00e0 partir de fibres de coton naturelles, offrant respirabilit\u00e9, confort et durabilit\u00e9. Le coton biologique et durable gagne en popularit\u00e9.<\/p>\n<div id=\"attachment_2739\" style=\"width: 610px\" class=\"wp-caption aligncenter\"><img loading=\"lazy\" decoding=\"async\" aria-describedby=\"caption-attachment-2739\" class=\"wp-image-2739\" src=\"https:\/\/lydenim.com\/wp-content\/uploads\/2025\/01\/MJ\u4e4b\u5929\u7a7a\u4e0e\u68c9\u82b1\u8309\u8389\u7279\u5199_1_AI\u8bbe\u8ba1\u5730\u9f20_\u6765\u81ea\u5c0f\u7ea2\u4e66\u7f51\u9875\u7248.jpg\" alt=\"Fibres naturelles\" width=\"600\" height=\"900\" srcset=\"https:\/\/lydenim.com\/wp-content\/uploads\/2025\/01\/MJ\u4e4b\u5929\u7a7a\u4e0e\u68c9\u82b1\u8309\u8389\u7279\u5199_1_AI\u8bbe\u8ba1\u5730\u9f20_\u6765\u81ea\u5c0f\u7ea2\u4e66\u7f51\u9875\u7248.jpg 896w, https:\/\/lydenim.com\/wp-content\/uploads\/2025\/01\/MJ\u4e4b\u5929\u7a7a\u4e0e\u68c9\u82b1\u8309\u8389\u7279\u5199_1_AI\u8bbe\u8ba1\u5730\u9f20_\u6765\u81ea\u5c0f\u7ea2\u4e66\u7f51\u9875\u7248-150x225.jpg 150w, https:\/\/lydenim.com\/wp-content\/uploads\/2025\/01\/MJ\u4e4b\u5929\u7a7a\u4e0e\u68c9\u82b1\u8309\u8389\u7279\u5199_1_AI\u8bbe\u8ba1\u5730\u9f20_\u6765\u81ea\u5c0f\u7ea2\u4e66\u7f51\u9875\u7248-600x900.jpg 600w, https:\/\/lydenim.com\/wp-content\/uploads\/2025\/01\/MJ\u4e4b\u5929\u7a7a\u4e0e\u68c9\u82b1\u8309\u8389\u7279\u5199_1_AI\u8bbe\u8ba1\u5730\u9f20_\u6765\u81ea\u5c0f\u7ea2\u4e66\u7f51\u9875\u7248-200x300.jpg 200w, https:\/\/lydenim.com\/wp-content\/uploads\/2025\/01\/MJ\u4e4b\u5929\u7a7a\u4e0e\u68c9\u82b1\u8309\u8389\u7279\u5199_1_AI\u8bbe\u8ba1\u5730\u9f20_\u6765\u81ea\u5c0f\u7ea2\u4e66\u7f51\u9875\u7248-683x1024.jpg 683w, https:\/\/lydenim.com\/wp-content\/uploads\/2025\/01\/MJ\u4e4b\u5929\u7a7a\u4e0e\u68c9\u82b1\u8309\u8389\u7279\u5199_1_AI\u8bbe\u8ba1\u5730\u9f20_\u6765\u81ea\u5c0f\u7ea2\u4e66\u7f51\u9875\u7248-768x1152.jpg 768w, https:\/\/lydenim.com\/wp-content\/uploads\/2025\/01\/MJ\u4e4b\u5929\u7a7a\u4e0e\u68c9\u82b1\u8309\u8389\u7279\u5199_1_AI\u8bbe\u8ba1\u5730\u9f20_\u6765\u81ea\u5c0f\u7ea2\u4e66\u7f51\u9875\u7248-8x12.jpg 8w\" sizes=\"auto, (max-width: 600px) 100vw, 600px\" \/><p id=\"caption-attachment-2739\" class=\"wp-caption-text\">Fibres naturelles<\/p><\/div>\n<h3 data-start=\"5665\" data-end=\"5697\">\ud83c\udd7e\ufe0f O \u2013 Origine et \u00e9volution<\/h3>\n<p data-start=\"5698\" data-end=\"5896\"><strong data-start=\"5698\" data-end=\"5713\">D\u00e9finition:<\/strong><br data-start=\"5713\" data-end=\"5716\" \/>Le denim est n\u00e9 au XIXe si\u00e8cle comme v\u00eatement de travail r\u00e9sistant et est devenu un incontournable de la mode mondiale. Sa transformation, passant du fonctionnel au moderne, a fait du denim une ic\u00f4ne culturelle.<\/p>\n<h3 data-start=\"6066\" data-end=\"6098\">\ud83c\udd7f\ufe0f P \u2013 Poches et motifs<\/h3>\n<p data-start=\"6099\" data-end=\"6284\"><strong data-start=\"6099\" data-end=\"6114\">D\u00e9finition:<\/strong><br data-start=\"6114\" data-end=\"6117\" \/>Les poches, des mod\u00e8les classiques \u00e0 cinq poches aux motifs innovants, ajoutent fonctionnalit\u00e9 et style aux jeans. Les coutures arqu\u00e9es sur les poches arri\u00e8re restent une signature de nombreuses marques.<\/p>\n<h3 data-start=\"6428\" data-end=\"6449\">\ud83c\udd80\ufe0f Q \u2013 Qualit\u00e9<\/h3>\n<p data-start=\"6450\" data-end=\"6638\"><strong data-start=\"6450\" data-end=\"6465\">D\u00e9finition:<\/strong><br data-start=\"6465\" data-end=\"6468\" \/>Un denim de qualit\u00e9 se caract\u00e9rise par des coutures pr\u00e9cises, une teinture uniforme et la durabilit\u00e9 du tissu. Un jean de qualit\u00e9 conserve sa forme et se d\u00e9colore gracieusement au fil du temps.<\/p>\n<h3 data-start=\"6772\" data-end=\"6804\">\ud83c\udd81\ufe0f R \u2013 Rivets et denim brut<\/h3>\n<ul data-start=\"6805\" data-end=\"6980\">\n<li data-start=\"6805\" data-end=\"6883\"><strong data-start=\"6807\" data-end=\"6818\">Rivets :<\/strong> Les attaches m\u00e9talliques renforcent les points de tension, am\u00e9liorant ainsi la durabilit\u00e9.<\/li>\n<li data-start=\"6884\" data-end=\"6980\"><strong data-start=\"6886\" data-end=\"6900\">Denim brut :<\/strong> Denim non trait\u00e9 qui d\u00e9veloppe un look personnalis\u00e9 au fil du temps avec des d\u00e9colorations naturelles.<\/li>\n<\/ul>\n<div id=\"attachment_4337\" style=\"width: 610px\" class=\"wp-caption aligncenter\"><img loading=\"lazy\" decoding=\"async\" aria-describedby=\"caption-attachment-4337\" class=\"wp-image-4337\" src=\"https:\/\/lydenim.com\/wp-content\/uploads\/2025\/03\/Rivets-.jpg\" alt=\"Rivets\" width=\"600\" height=\"600\" srcset=\"https:\/\/lydenim.com\/wp-content\/uploads\/2025\/03\/Rivets-.jpg 1280w, https:\/\/lydenim.com\/wp-content\/uploads\/2025\/03\/Rivets--300x300.jpg 300w, https:\/\/lydenim.com\/wp-content\/uploads\/2025\/03\/Rivets--1024x1024.jpg 1024w, https:\/\/lydenim.com\/wp-content\/uploads\/2025\/03\/Rivets--150x150.jpg 150w, https:\/\/lydenim.com\/wp-content\/uploads\/2025\/03\/Rivets--768x768.jpg 768w, https:\/\/lydenim.com\/wp-content\/uploads\/2025\/03\/Rivets--12x12.jpg 12w, https:\/\/lydenim.com\/wp-content\/uploads\/2025\/03\/Rivets--600x600.jpg 600w\" sizes=\"auto, (max-width: 600px) 100vw, 600px\" \/><p id=\"caption-attachment-4337\" class=\"wp-caption-text\">Rivets<\/p><\/div>\n<h3 data-start=\"7110\" data-end=\"7155\">\ud83c\udd82\ufe0f S \u2013 Sanforisation, lisi\u00e8re et flamm\u00e9s<\/h3>\n<ul data-start=\"7156\" data-end=\"7358\">\n<li data-start=\"7156\" data-end=\"7231\"><strong data-start=\"7158\" data-end=\"7176\">Sanforisation :<\/strong> Un processus de pr\u00e9-r\u00e9tr\u00e9cissement minimisant le r\u00e9tr\u00e9cissement futur.<\/li>\n<li data-start=\"7232\" data-end=\"7298\"><strong data-start=\"7234\" data-end=\"7247\">Lisi\u00e8re :<\/strong> Tiss\u00e9 sur des m\u00e9tiers \u00e0 navette avec des bords auto-finis.<\/li>\n<li data-start=\"7299\" data-end=\"7358\"><strong data-start=\"7301\" data-end=\"7311\">Flammes :<\/strong> Variations d&#039;\u00e9paisseur de fil qui ajoutent de la texture.<\/li>\n<\/ul>\n<div id=\"attachment_4338\" style=\"width: 610px\" class=\"wp-caption aligncenter\"><img loading=\"lazy\" decoding=\"async\" aria-describedby=\"caption-attachment-4338\" class=\"wp-image-4338\" src=\"https:\/\/lydenim.com\/wp-content\/uploads\/2025\/03\/slub.jpg\" alt=\"flamm\u00e9\" width=\"600\" height=\"401\" srcset=\"https:\/\/lydenim.com\/wp-content\/uploads\/2025\/03\/slub.jpg 1045w, https:\/\/lydenim.com\/wp-content\/uploads\/2025\/03\/slub-300x201.jpg 300w, https:\/\/lydenim.com\/wp-content\/uploads\/2025\/03\/slub-1024x685.jpg 1024w, https:\/\/lydenim.com\/wp-content\/uploads\/2025\/03\/slub-768x514.jpg 768w, https:\/\/lydenim.com\/wp-content\/uploads\/2025\/03\/slub-18x12.jpg 18w, https:\/\/lydenim.com\/wp-content\/uploads\/2025\/03\/slub-600x401.jpg 600w, https:\/\/lydenim.com\/wp-content\/uploads\/2025\/03\/slub-150x100.jpg 150w\" sizes=\"auto, (max-width: 600px) 100vw, 600px\" \/><p id=\"caption-attachment-4338\" class=\"wp-caption-text\">flamm\u00e9<\/p><\/div>\n<h3 data-start=\"7502\" data-end=\"7542\">\ud83c\udd83\ufe0f T \u2013 D\u00e9tails de couture et de fil<\/h3>\n<p data-start=\"7543\" data-end=\"7701\"><strong data-start=\"7543\" data-end=\"7558\">D\u00e9finition:<\/strong><br data-start=\"7558\" data-end=\"7561\" \/>La couture comprend la s\u00e9lection de types de fils, de motifs de points et de coupes appropri\u00e9s pour cr\u00e9er un ajustement parfait, alliant confort et durabilit\u00e9.<\/p>\n<div id=\"attachment_4339\" style=\"width: 610px\" class=\"wp-caption aligncenter\"><img loading=\"lazy\" decoding=\"async\" aria-describedby=\"caption-attachment-4339\" class=\"wp-image-4339\" src=\"https:\/\/lydenim.com\/wp-content\/uploads\/2025\/03\/Tailoring.jpg\" alt=\"Adaptation\" width=\"600\" height=\"415\" srcset=\"https:\/\/lydenim.com\/wp-content\/uploads\/2025\/03\/Tailoring.jpg 1200w, https:\/\/lydenim.com\/wp-content\/uploads\/2025\/03\/Tailoring-300x208.jpg 300w, https:\/\/lydenim.com\/wp-content\/uploads\/2025\/03\/Tailoring-1024x708.jpg 1024w, https:\/\/lydenim.com\/wp-content\/uploads\/2025\/03\/Tailoring-768x531.jpg 768w, https:\/\/lydenim.com\/wp-content\/uploads\/2025\/03\/Tailoring-18x12.jpg 18w, https:\/\/lydenim.com\/wp-content\/uploads\/2025\/03\/Tailoring-600x415.jpg 600w, https:\/\/lydenim.com\/wp-content\/uploads\/2025\/03\/Tailoring-150x104.jpg 150w\" sizes=\"auto, (max-width: 600px) 100vw, 600px\" \/><p id=\"caption-attachment-4339\" class=\"wp-caption-text\">Adaptation<\/p><\/div>\n<h3 data-start=\"7843\" data-end=\"7872\">\ud83c\udd84\ufe0f U \u2013 Influence urbaine<\/h3>\n<p data-start=\"7873\" data-end=\"8009\"><strong data-start=\"7873\" data-end=\"7888\">D\u00e9finition:<\/strong><br data-start=\"7888\" data-end=\"7891\" \/>Le denim est devenu synonyme de culture urbaine, alliant fonctionnalit\u00e9 et c\u00f4t\u00e9 rebelle qui r\u00e9sonne dans le monde entier.<\/p>\n<h3 data-start=\"8149\" data-end=\"8176\">\ud83c\udd85\ufe0f V \u2013 Ambiance Vintage<\/h3>\n<p data-start=\"8177\" data-end=\"8356\"><strong data-start=\"8177\" data-end=\"8192\">D\u00e9finition:<\/strong><br data-start=\"8192\" data-end=\"8195\" \/>Le denim vintage respire la nostalgie, avec ses textures d\u00e9lav\u00e9es et ses coupes classiques ind\u00e9modables. Ces mod\u00e8les intemporels continuent d&#039;inspirer la mode contemporaine.<\/p>\n<h3 data-start=\"8494\" data-end=\"8529\">\ud83c\udd86\ufe0f W \u2013 Cha\u00eene, trame et moustaches<\/h3>\n<ul data-start=\"8530\" data-end=\"8682\">\n<li data-start=\"8530\" data-end=\"8600\"><strong data-start=\"8532\" data-end=\"8550\">Cha\u00eene et trame :<\/strong> Fils qui constituent la base du tissu denim.<\/li>\n<li data-start=\"8601\" data-end=\"8682\"><strong data-start=\"8603\" data-end=\"8616\">Moustaches:<\/strong> Plis estomp\u00e9s autour des cuisses qui se d\u00e9veloppent naturellement avec l&#039;usure.\n<p><div id=\"attachment_4341\" style=\"width: 360px\" class=\"wp-caption aligncenter\"><img loading=\"lazy\" decoding=\"async\" aria-describedby=\"caption-attachment-4341\" class=\"size-full wp-image-4341\" src=\"https:\/\/lydenim.com\/wp-content\/uploads\/2025\/03\/Warp-and-Weft.jpg\" alt=\"Cha\u00eene et trame\" width=\"350\" height=\"388\" srcset=\"https:\/\/lydenim.com\/wp-content\/uploads\/2025\/03\/Warp-and-Weft.jpg 350w, https:\/\/lydenim.com\/wp-content\/uploads\/2025\/03\/Warp-and-Weft-271x300.jpg 271w, https:\/\/lydenim.com\/wp-content\/uploads\/2025\/03\/Warp-and-Weft-11x12.jpg 11w, https:\/\/lydenim.com\/wp-content\/uploads\/2025\/03\/Warp-and-Weft-150x166.jpg 150w\" sizes=\"auto, (max-width: 350px) 100vw, 350px\" \/><p id=\"caption-attachment-4341\" class=\"wp-caption-text\">Cha\u00eene et trame<\/p><\/div><\/li>\n<\/ul>\n<h3 data-start=\"8809\" data-end=\"8840\">\ud83c\udd87\ufe0f X \u2013 Le facteur X du denim<\/h3>\n<p data-start=\"8841\" data-end=\"8993\"><strong data-start=\"8841\" data-end=\"8856\">D\u00e9finition:<\/strong><br data-start=\"8856\" data-end=\"8859\" \/>Le \u00ab\u00a0facteur X\u00a0\u00bb du denim r\u00e9side dans l&#039;\u00e9quilibre entre design, confort et h\u00e9ritage. C&#039;est cet \u00e9quilibre qui fait du jean un incontournable intemporel.<\/p>\n<h3 data-start=\"9139\" data-end=\"9167\">\ud83c\udd88\ufe0f Y \u2013 <a href=\"https:\/\/en.wikipedia.org\/wiki\/Yarn\">Fil<\/a> S\u00e9lection<\/h3>\n<p data-start=\"9168\" data-end=\"9328\"><strong data-start=\"9168\" data-end=\"9183\">D\u00e9finition:<\/strong><br data-start=\"9183\" data-end=\"9186\" \/>Le type de fil utilis\u00e9 influence la texture et la durabilit\u00e9 du denim. Un fil de coton de haute qualit\u00e9 assure une absorption uniforme de la teinture et un tissu lisse.<\/p>\n<div id=\"attachment_4342\" style=\"width: 554px\" class=\"wp-caption aligncenter\"><img loading=\"lazy\" decoding=\"async\" aria-describedby=\"caption-attachment-4342\" class=\"size-full wp-image-4342\" src=\"https:\/\/lydenim.com\/wp-content\/uploads\/2025\/03\/Yarn-.webp\" alt=\"Fil\" width=\"544\" height=\"711\" srcset=\"https:\/\/lydenim.com\/wp-content\/uploads\/2025\/03\/Yarn-.webp 544w, https:\/\/lydenim.com\/wp-content\/uploads\/2025\/03\/Yarn--230x300.webp 230w, https:\/\/lydenim.com\/wp-content\/uploads\/2025\/03\/Yarn--9x12.webp 9w, https:\/\/lydenim.com\/wp-content\/uploads\/2025\/03\/Yarn--150x196.webp 150w\" sizes=\"auto, (max-width: 544px) 100vw, 544px\" \/><p id=\"caption-attachment-4342\" class=\"wp-caption-text\">Fil<\/p><\/div>\n<h3 data-start=\"9453\" data-end=\"9488\">\ud83c\udd89\ufe0f Z \u2013 Zealous Denim Culture<\/h3>\n<p data-start=\"9489\" data-end=\"9651\"><strong data-start=\"9489\" data-end=\"9504\">D\u00e9finition:<\/strong><br data-start=\"9504\" data-end=\"9507\" \/>La passion des passionn\u00e9s de denim, connus sous le nom de denimheads, alimente une innovation constante dans la production de denim, faisant progresser de nouvelles techniques et tendances.<\/p>\n<h2 dir=\"auto\">Services de personnalisation par LYDENIM<\/h2>\n<p dir=\"auto\">\ud83c\udfa8 Vouloir <strong>tissus denim personnalis\u00e9s<\/strong> ou\u00a0 <strong>unique<\/strong> <strong>v\u00eatement en denim personnalis\u00e9<\/strong>? LYDENIM est sp\u00e9cialis\u00e9 dans les solutions sur mesure pour r\u00e9pondre \u00e0 vos besoins de conception et de production.<\/p>\n<p dir=\"auto\">\ud83d\udecd\ufe0f <strong>Explorez et inspirez-vous<\/strong>: Parcourez nos s\u00e9lections de tissus et d\u00e9couvrez des id\u00e9es de design sur <a href=\"https:\/\/lydenim.com\/fr\/\" target=\"_blank\" rel=\"noopener noreferrer nofollow\">LYDenim<\/a>.<\/p>\n<p dir=\"auto\">\ud83c\udf10 <strong>V\u00eatements \u00e9lastiques<\/strong>:D\u00e9couvrez nos offres sur <a href=\"http:\/\/liangyuantextile.m.en.alibaba.com\" target=\"_blank\" rel=\"noopener noreferrer nofollow\">MonAlibaba<\/a>. \ud83d\udce9 <strong>Contactez-nous<\/strong>: Contactez-nous \u00e0 <a href=\"mailto:malone@lydenim.com\" target=\"_blank\" rel=\"noopener noreferrer nofollow\">malone@lydenim.com<\/a>.<\/p>\n<p dir=\"auto\">Cr\u00e9ez votre chef-d&#039;\u0153uvre en denim avec LYDENIM, votre partenaire de confiance pour <strong>tissu extensible<\/strong> et <strong>solutions denim personnalis\u00e9es<\/strong>.<\/p>","protected":false},"excerpt":{"rendered":"<p>Temps de lecture estim\u00e9 : ~10 minutes Introduction Le denim n&#039;est pas seulement un tissu, c&#039;est une histoire tiss\u00e9e \u00e0 travers les g\u00e9n\u00e9rations, cousue<\/p>","protected":false},"author":1,"featured_media":4343,"comment_status":"open","ping_status":"open","sticky":false,"template":"","format":"standard","meta":{"two_page_speed":[],"footnotes":""},"categories":[66],"tags":[],"class_list":["post-4326","post","type-post","status-publish","format-standard","has-post-thumbnail","hentry","category-denim-knowledge"],"aioseo_notices":[],"_links":{"self":[{"href":"https:\/\/lydenim.com\/fr\/wp-json\/wp\/v2\/posts\/4326","targetHints":{"allow":["GET"]}}],"collection":[{"href":"https:\/\/lydenim.com\/fr\/wp-json\/wp\/v2\/posts"}],"about":[{"href":"https:\/\/lydenim.com\/fr\/wp-json\/wp\/v2\/types\/post"}],"author":[{"embeddable":true,"href":"https:\/\/lydenim.com\/fr\/wp-json\/wp\/v2\/users\/1"}],"replies":[{"embeddable":true,"href":"https:\/\/lydenim.com\/fr\/wp-json\/wp\/v2\/comments?post=4326"}],"version-history":[{"count":6,"href":"https:\/\/lydenim.com\/fr\/wp-json\/wp\/v2\/posts\/4326\/revisions"}],"predecessor-version":[{"id":6221,"href":"https:\/\/lydenim.com\/fr\/wp-json\/wp\/v2\/posts\/4326\/revisions\/6221"}],"wp:featuredmedia":[{"embeddable":true,"href":"https:\/\/lydenim.com\/fr\/wp-json\/wp\/v2\/media\/4343"}],"wp:attachment":[{"href":"https:\/\/lydenim.com\/fr\/wp-json\/wp\/v2\/media?parent=4326"}],"wp:term":[{"taxonomy":"category","embeddable":true,"href":"https:\/\/lydenim.com\/fr\/wp-json\/wp\/v2\/categories?post=4326"},{"taxonomy":"post_tag","embeddable":true,"href":"https:\/\/lydenim.com\/fr\/wp-json\/wp\/v2\/tags?post=4326"}],"curies":[{"name":"wp","href":"https:\/\/api.w.org\/{rel}","templated":true}]}}