{"id":4426,"date":"2025-04-01T11:43:02","date_gmt":"2025-04-01T03:43:02","guid":{"rendered":"https:\/\/lydenim.com\/?p=4426"},"modified":"2025-08-24T12:18:10","modified_gmt":"2025-08-24T04:18:10","slug":"lydenim","status":"publish","type":"post","link":"https:\/\/lydenim.com\/fr\/lydenim\/","title":{"rendered":"Pourquoi choisir Lydenim pour vos besoins en denim"},"content":{"rendered":"<h2 data-pm-slice=\"1 1 []\">Temps de lecture estim\u00e9 : ~3 minutes<\/h2>\n<h2 style=\"text-align: left;\" data-pm-slice=\"1 1 []\">Introduction<\/h2>\n<p class=\"break-words\">Pour tous vos besoins en denim, y compris les tissus haut de gamme, les v\u00eatements sur mesure et la fabrication, Lydenim.com s&#039;impose comme la r\u00e9f\u00e9rence. Lydenim allie expertise en production de denim, design innovant et orientation client pour offrir des avantages uniques r\u00e9pondant aux besoins des particuliers et des entreprises. Cet article de blog vous montrera comment Lydenim est la destination id\u00e9ale pour vos produits en denim, des vestes sur mesure aux tissus en denim au m\u00e8tre, et comment nos usines nous distinguent dans le secteur concurrentiel de la mode et du textile.<\/p>\n<h2>1. Une expertise in\u00e9gal\u00e9e dans le tissu denim<\/h2>\n<p class=\"break-words\">Le denim repr\u00e9sente bien plus qu&#039;un simple tissu, il incarne un v\u00e9ritable art de vivre. L&#039;\u00e9quipe Lydenim propose diverses collections de denim, comprenant du denim extensible, du denim selvedge et du denim l\u00e9ger, pour r\u00e9pondre aux besoins vari\u00e9s de nos clients. Notre collection propose un large choix de denim pour les cr\u00e9ateurs \u00e0 la recherche de coupes au m\u00e8tre et les grossistes. L&#039;entreprise applique des m\u00e9thodes de production rigoureuses pour l&#039;approvisionnement et la fabrication de ses tissus.<\/p>\n<div id=\"attachment_2566\" style=\"width: 610px\" class=\"wp-caption aligncenter\"><img loading=\"lazy\" decoding=\"async\" aria-describedby=\"caption-attachment-2566\" class=\"wp-image-2566\" src=\"https:\/\/lydenim.com\/wp-content\/uploads\/2024\/12\/\u5b58\u8d27-scaled.jpg\" alt=\"Entrep\u00f4t d&#039;usine\" width=\"600\" height=\"338\" srcset=\"https:\/\/lydenim.com\/wp-content\/uploads\/2024\/12\/\u5b58\u8d27-scaled.jpg 2560w, https:\/\/lydenim.com\/wp-content\/uploads\/2024\/12\/\u5b58\u8d27-scaled-150x84.jpg 150w, https:\/\/lydenim.com\/wp-content\/uploads\/2024\/12\/\u5b58\u8d27-scaled-600x338.jpg 600w, https:\/\/lydenim.com\/wp-content\/uploads\/2024\/12\/\u5b58\u8d27-300x169.jpg 300w, https:\/\/lydenim.com\/wp-content\/uploads\/2024\/12\/\u5b58\u8d27-1024x576.jpg 1024w, https:\/\/lydenim.com\/wp-content\/uploads\/2024\/12\/\u5b58\u8d27-768x432.jpg 768w, https:\/\/lydenim.com\/wp-content\/uploads\/2024\/12\/\u5b58\u8d27-1536x864.jpg 1536w, https:\/\/lydenim.com\/wp-content\/uploads\/2024\/12\/\u5b58\u8d27-2048x1152.jpg 2048w, https:\/\/lydenim.com\/wp-content\/uploads\/2024\/12\/\u5b58\u8d27-18x10.jpg 18w\" sizes=\"auto, (max-width: 600px) 100vw, 600px\" \/><p id=\"caption-attachment-2566\" class=\"wp-caption-text\">Entrep\u00f4t d&#039;usine<\/p><\/div>\n<h2>2. Des v\u00eatements personnalis\u00e9s qui refl\u00e8tent votre style<\/h2>\n<p class=\"break-words\">La personnalisation est au c\u0153ur de la mode moderne, et Lydenim propose des services de personnalisation exceptionnels. L&#039;entreprise propose des produits en denim personnalis\u00e9s, notamment des vestes et des jupes, pour vous aider \u00e0 concr\u00e9tiser votre vision de la mode. D\u00e9couvrez comment porter une veste en jean et choisir votre jupe en jean gr\u00e2ce \u00e0 nos ressources. Notre \u00e9quipe de designers cr\u00e9e vos v\u00eatements tout en vous proposant des suggestions cr\u00e9atives pour vous aider \u00e0 les utiliser au mieux. L&#039;entreprise applique des techniques de finition personnalis\u00e9es \u00e0 ses produits, bas\u00e9es sur les recherches populaires concernant le vieillissement du denim et l&#039;adoucissement de la texture des tissus.<\/p>\n<div id=\"attachment_4453\" style=\"width: 610px\" class=\"wp-caption aligncenter\"><img loading=\"lazy\" decoding=\"async\" aria-describedby=\"caption-attachment-4453\" class=\"wp-image-4453\" src=\"https:\/\/lydenim.com\/wp-content\/uploads\/2025\/03\/IMG_6082-scaled.jpg\" alt=\"Personnalisation client, plus de d\u00e9tails ne peuvent pas \u00eatre affich\u00e9s en raison de probl\u00e8mes de conception.\" width=\"600\" height=\"600\" srcset=\"https:\/\/lydenim.com\/wp-content\/uploads\/2025\/03\/IMG_6082-scaled.jpg 2560w, https:\/\/lydenim.com\/wp-content\/uploads\/2025\/03\/IMG_6082-300x300.jpg 300w, https:\/\/lydenim.com\/wp-content\/uploads\/2025\/03\/IMG_6082-1024x1024.jpg 1024w, https:\/\/lydenim.com\/wp-content\/uploads\/2025\/03\/IMG_6082-150x150.jpg 150w, https:\/\/lydenim.com\/wp-content\/uploads\/2025\/03\/IMG_6082-768x768.jpg 768w, https:\/\/lydenim.com\/wp-content\/uploads\/2025\/03\/IMG_6082-1536x1536.jpg 1536w, https:\/\/lydenim.com\/wp-content\/uploads\/2025\/03\/IMG_6082-2048x2048.jpg 2048w, https:\/\/lydenim.com\/wp-content\/uploads\/2025\/03\/IMG_6082-12x12.jpg 12w, https:\/\/lydenim.com\/wp-content\/uploads\/2025\/03\/IMG_6082-600x600.jpg 600w\" sizes=\"auto, (max-width: 600px) 100vw, 600px\" \/><p id=\"caption-attachment-4453\" class=\"wp-caption-text\">Personnalisation client, plus de d\u00e9tails ne peuvent pas \u00eatre affich\u00e9s en raison de probl\u00e8mes de conception.<\/p><\/div>\n<h2>3. Avantage direct usine<\/h2>\n<p class=\"break-words\">Lydenim op\u00e8re en tant que fournisseur direct d&#039;usine afin d&#039;\u00e9liminer les co\u00fbts d&#039;interm\u00e9diaires tout en offrant \u00e0 ses clients des prix de gros abordables pour le denim et un acc\u00e8s direct aux produits finis. Notre centre de fabrication de pointe produit d&#039;excellents produits en denim, notamment du tissu pour jeans et du tissu d&#039;ameublement pour la d\u00e9coration int\u00e9rieure. Lydenim allie efficacit\u00e9 et prix avantageux pour toutes les commandes, de la petite \u00e0 la grande s\u00e9rie.<\/p>\n<h2>4. Design et tendances innovants<\/h2>\n<p class=\"break-words\">La r\u00e9ussite dans la production de denim repose sur l&#039;adoption constante de m\u00e9thodes innovantes. Les designers de Lydenim suivent les tendances actuelles pour cr\u00e9er des mod\u00e8les innovants. Nos clients peuvent d\u00e9couvrir les derni\u00e8res tendances gr\u00e2ce \u00e0 notre collection de tissus denim modernes, imprim\u00e9s et color\u00e9s. Nos cr\u00e9ations Lydenim allient des \u00e9l\u00e9ments traditionnels du denim \u00e0 des designs contemporains pour cr\u00e9er des robes en denim audacieuses ou des jeans classiques.<\/p>\n<h2>5. Engagement en mati\u00e8re de durabilit\u00e9 et de qualit\u00e9<\/h2>\n<p data-start=\"132\" data-end=\"583\">Lydenim est \u00e0 la pointe de la transformation de l&#039;industrie du denim gr\u00e2ce \u00e0 ses m\u00e9thodes de production innovantes et durables, dans un contexte de pr\u00e9occupation environnementale. Nous utilisons du denim de coton 100% comme mati\u00e8re premi\u00e8re et int\u00e9grons les technologies lyocell et triac\u00e9tate \u00e0 des fils \u00e9cologiques, tout en explorant de nouvelles mati\u00e8res durables. Nos m\u00e9thodes de fabrication traditionnelles, combin\u00e9es aux avanc\u00e9es technologiques modernes, permettent de r\u00e9duire les d\u00e9chets et de r\u00e9pondre \u00e0 la demande croissante des consommateurs pour une mode responsable et durable.<\/p>\n<h2>Pourquoi Lydenim ?<\/h2>\n<ul class=\"marker:text-secondary\">\n<li class=\"break-words\"><strong>Vari\u00e9t\u00e9<\/strong>: Depuis <strong>tissu denim brut<\/strong> \u00e0 <strong>tissu denim japonais<\/strong>, nous avons tout.<\/li>\n<li class=\"break-words\"><strong>Personnalisation<\/strong>: Des solutions sur mesure pour chaque client.<\/li>\n<li class=\"break-words\"><strong>Force de l&#039;usine<\/strong>:Acc\u00e8s direct \u00e0 l&#039;excellence de la production.<\/li>\n<li class=\"break-words\"><strong>Tendance<\/strong>: Des designs qui vous permettent de garder une longueur d&#039;avance.<\/li>\n<li class=\"break-words\"><strong>Durabilit\u00e9<\/strong>:Une qualit\u00e9 \u00e0 laquelle vous pouvez faire confiance, avec une conscience.<\/li>\n<\/ul>\n<p class=\"break-words\">Il est temps d&#039;am\u00e9liorer votre exp\u00e9rience denim. Visitez Lydenim.com pour d\u00e9couvrir nos produits ou contactez Malone@lydenim.com pour b\u00e9n\u00e9ficier d&#039;une assistance d\u00e9di\u00e9e. Lydenim est votre partenaire de confiance pour l&#039;excellence du denim, que vous soyez passionn\u00e9 de mode ou chef d&#039;entreprise.<\/p>","protected":false},"excerpt":{"rendered":"<p>Temps de lecture estim\u00e9 : ~3 minutes Introduction Pour tous vos besoins en denim, y compris les tissus haut de gamme, les v\u00eatements sur mesure et les besoins de fabrication<\/p>","protected":false},"author":1,"featured_media":4454,"comment_status":"open","ping_status":"open","sticky":false,"template":"","format":"standard","meta":{"two_page_speed":[],"footnotes":""},"categories":[67],"tags":[],"class_list":["post-4426","post","type-post","status-publish","format-standard","has-post-thumbnail","hentry","category-market"],"aioseo_notices":[],"_links":{"self":[{"href":"https:\/\/lydenim.com\/fr\/wp-json\/wp\/v2\/posts\/4426","targetHints":{"allow":["GET"]}}],"collection":[{"href":"https:\/\/lydenim.com\/fr\/wp-json\/wp\/v2\/posts"}],"about":[{"href":"https:\/\/lydenim.com\/fr\/wp-json\/wp\/v2\/types\/post"}],"author":[{"embeddable":true,"href":"https:\/\/lydenim.com\/fr\/wp-json\/wp\/v2\/users\/1"}],"replies":[{"embeddable":true,"href":"https:\/\/lydenim.com\/fr\/wp-json\/wp\/v2\/comments?post=4426"}],"version-history":[{"count":5,"href":"https:\/\/lydenim.com\/fr\/wp-json\/wp\/v2\/posts\/4426\/revisions"}],"predecessor-version":[{"id":6245,"href":"https:\/\/lydenim.com\/fr\/wp-json\/wp\/v2\/posts\/4426\/revisions\/6245"}],"wp:featuredmedia":[{"embeddable":true,"href":"https:\/\/lydenim.com\/fr\/wp-json\/wp\/v2\/media\/4454"}],"wp:attachment":[{"href":"https:\/\/lydenim.com\/fr\/wp-json\/wp\/v2\/media?parent=4426"}],"wp:term":[{"taxonomy":"category","embeddable":true,"href":"https:\/\/lydenim.com\/fr\/wp-json\/wp\/v2\/categories?post=4426"},{"taxonomy":"post_tag","embeddable":true,"href":"https:\/\/lydenim.com\/fr\/wp-json\/wp\/v2\/tags?post=4426"}],"curies":[{"name":"wp","href":"https:\/\/api.w.org\/{rel}","templated":true}]}}