{"id":4615,"date":"2025-04-09T10:49:33","date_gmt":"2025-04-09T02:49:33","guid":{"rendered":"https:\/\/lydenim.com\/?p=4615"},"modified":"2025-08-24T12:29:07","modified_gmt":"2025-08-24T04:29:07","slug":"four-way-stretch-fabric-the-elastic-marvel-transforming-denim-apparel","status":"publish","type":"post","link":"https:\/\/lydenim.com\/fr\/tissu-extensible-dans-les-quatre-sens-la-merveille-elastique-qui-transforme-les-vetements-en-denim\/","title":{"rendered":"Tissu extensible dans les quatre sens\u00a0: la merveille \u00e9lastique qui transforme les v\u00eatements en denim"},"content":{"rendered":"<h2 data-pm-slice=\"1 1 []\">Temps de lecture estim\u00e9 : ~5 minutes<\/h2>\n<h2 style=\"text-align: left;\" data-pm-slice=\"1 1 []\">Introduction<\/h2>\n<p data-start=\"85\" data-end=\"481\">Dans le monde de la cr\u00e9ation vestimentaire moderne, le choix des tissus joue un r\u00f4le essentiel pour le confort et la fonctionnalit\u00e9. Parmi les innovations marquantes figure le tissu extensible dans les quatre sens, reconnu pour son \u00e9lasticit\u00e9 et sa polyvalence exceptionnelles. Gagnant rapidement en popularit\u00e9 aupr\u00e8s des cr\u00e9ateurs et des consommateurs, ce tissu dynamique transforme les produits en denim tels que les jeans, les jupes et les robes.<\/p>\n<div id=\"attachment_4616\" style=\"width: 610px\" class=\"wp-caption aligncenter\"><img loading=\"lazy\" decoding=\"async\" aria-describedby=\"caption-attachment-4616\" class=\"size-full wp-image-4616\" src=\"https:\/\/lydenim.com\/wp-content\/uploads\/2025\/04\/IMG_4824-e1744094113425.jpg\" alt=\"Tissu extensible dans les quatre sens\" width=\"600\" height=\"599\" \/><p id=\"caption-attachment-4616\" class=\"wp-caption-text\">Tissu extensible dans les quatre sens<\/p><\/div>\n<h2 data-start=\"488\" data-end=\"524\">Qu&#039;est-ce qu&#039;un tissu extensible dans les quatre sens ?<\/h2>\n<p class=\"\" data-start=\"526\" data-end=\"996\">Le tissu extensible dans les quatre sens s&#039;\u00e9tire dans les quatre directions\u00a0: vers le haut, vers le bas, vers la gauche et vers la droite. Il s&#039;adapte parfaitement aux mouvements du corps, offrant un confort l\u00e9ger tout en pr\u00e9servant la forme du v\u00eatement.<br data-start=\"735\" data-end=\"738\" \/>Que ce soit aux genoux d&#039;un jean ou aux coudes d&#039;une veste en jean, ce tissu r\u00e9siste \u00e0 la d\u00e9formation et au gonflement, m\u00eame apr\u00e8s un port prolong\u00e9. Compar\u00e9 au denim traditionnel, il se distingue par son extensibilit\u00e9, offrant un ajustement et une sensation sup\u00e9rieurs.<\/p>\n<h2 data-start=\"1003\" data-end=\"1043\">Structure du tissu extensible dans les quatre sens<\/h2>\n<p class=\"\" data-start=\"1045\" data-end=\"1199\">L&#039;\u00e9lasticit\u00e9 du tissu extensible dans les quatre sens provient de l&#039;inclusion de spandex.<br data-start=\"1123\" data-end=\"1126\" \/>Selon le sens d&#039;\u00e9tirement, les tissus impr\u00e9gn\u00e9s de spandex se r\u00e9partissent en :<\/p>\n<ul data-start=\"1201\" data-end=\"1272\">\n<li class=\"\" data-start=\"1201\" data-end=\"1217\">\n<p class=\"\" data-start=\"1203\" data-end=\"1217\">\u00c9tirement de la cha\u00eene<\/p>\n<\/li>\n<li class=\"\" data-start=\"1218\" data-end=\"1234\">\n<p class=\"\" data-start=\"1220\" data-end=\"1234\">\u00c9tirement de la trame<\/p>\n<\/li>\n<li class=\"\" data-start=\"1235\" data-end=\"1272\">\n<p class=\"\" data-start=\"1237\" data-end=\"1272\">\u00c9tirement bidirectionnel (\u00e0 quatre voies)<\/p>\n<\/li>\n<\/ul>\n<p class=\"\" data-start=\"1274\" data-end=\"1347\">Le tissu extensible dans les quatre sens s&#039;\u00e9tire dans les deux sens de la cha\u00eene et de la trame, avec :<\/p>\n<ul data-start=\"1349\" data-end=\"1416\">\n<li class=\"\" data-start=\"1349\" data-end=\"1385\">\n<p class=\"\" data-start=\"1351\" data-end=\"1385\">Taux d&#039;allongement typique : 10%\u201315%<\/p>\n<\/li>\n<li class=\"\" data-start=\"1386\" data-end=\"1416\">\n<p class=\"\" data-start=\"1388\" data-end=\"1416\">Teneur en \u00e9lasthanne : environ 3%<\/p>\n<\/li>\n<\/ul>\n<p class=\"\" data-start=\"1418\" data-end=\"1533\">Cette structure est id\u00e9ale pour confectionner des jeans, des jupes et des robes en denim qui allient forme, fonction et flexibilit\u00e9.<\/p>\n<div id=\"attachment_4617\" style=\"width: 610px\" class=\"wp-caption aligncenter\"><img loading=\"lazy\" decoding=\"async\" aria-describedby=\"caption-attachment-4617\" class=\"wp-image-4617\" src=\"https:\/\/lydenim.com\/wp-content\/uploads\/2025\/04\/IMG_4827-scaled.jpg\" alt=\"Jean en denim extensible dans les quatre sens\" width=\"600\" height=\"799\" srcset=\"https:\/\/lydenim.com\/wp-content\/uploads\/2025\/04\/IMG_4827-scaled.jpg 1922w, https:\/\/lydenim.com\/wp-content\/uploads\/2025\/04\/IMG_4827-225x300.jpg 225w, https:\/\/lydenim.com\/wp-content\/uploads\/2025\/04\/IMG_4827-769x1024.jpg 769w, https:\/\/lydenim.com\/wp-content\/uploads\/2025\/04\/IMG_4827-768x1023.jpg 768w, https:\/\/lydenim.com\/wp-content\/uploads\/2025\/04\/IMG_4827-1153x1536.jpg 1153w, https:\/\/lydenim.com\/wp-content\/uploads\/2025\/04\/IMG_4827-1537x2048.jpg 1537w, https:\/\/lydenim.com\/wp-content\/uploads\/2025\/04\/IMG_4827-9x12.jpg 9w, https:\/\/lydenim.com\/wp-content\/uploads\/2025\/04\/IMG_4827-600x799.jpg 600w, https:\/\/lydenim.com\/wp-content\/uploads\/2025\/04\/IMG_4827-150x200.jpg 150w\" sizes=\"auto, (max-width: 600px) 100vw, 600px\" \/><p id=\"caption-attachment-4617\" class=\"wp-caption-text\">Jean en denim extensible dans les quatre sens<\/p><\/div>\n<h2 data-start=\"1540\" data-end=\"1580\">Comment est fabriqu\u00e9 le tissu extensible dans les quatre sens ?<\/h2>\n<p class=\"\" data-start=\"1582\" data-end=\"1617\">Le processus de fabrication comprend :<\/p>\n<ul data-start=\"1619\" data-end=\"1792\">\n<li class=\"\" data-start=\"1619\" data-end=\"1662\">\n<p class=\"\" data-start=\"1621\" data-end=\"1662\">M\u00e9lange de fils avec du fil recouvert d&#039;\u00e9lasthanne<\/p>\n<\/li>\n<li class=\"\" data-start=\"1663\" data-end=\"1710\">\n<p class=\"\" data-start=\"1665\" data-end=\"1710\">En les tordant ensemble pour former un fil \u00e9lastique<\/p>\n<\/li>\n<li class=\"\" data-start=\"1711\" data-end=\"1792\">\n<p class=\"\" data-start=\"1713\" data-end=\"1792\">Contr\u00f4le des longueurs d&#039;alimentation du fil et du spandex pour affiner l&#039;\u00e9lasticit\u00e9<\/p>\n<\/li>\n<\/ul>\n<p class=\"\" data-start=\"1794\" data-end=\"1932\">La pr\u00e9cision des \u00e9tapes de production et de finition garantit que le tissu denim extensible final \u00e9quilibre confort, maintien de la forme et durabilit\u00e9.<\/p>\n<h2 data-start=\"1939\" data-end=\"1977\">Propri\u00e9t\u00e9s du fil \u00e9lastique Spandex<\/h2>\n<p class=\"\" data-start=\"1979\" data-end=\"2022\">Le spandex se comporte un peu comme le caoutchouc, offrant :<\/p>\n<ul data-start=\"2024\" data-end=\"2114\">\n<li class=\"\" data-start=\"2024\" data-end=\"2057\">\n<p class=\"\" data-start=\"2026\" data-end=\"2057\">Taux d&#039;allongement jusqu&#039;\u00e0 500%<\/p>\n<\/li>\n<li class=\"\" data-start=\"2058\" data-end=\"2114\">\n<p class=\"\" data-start=\"2060\" data-end=\"2114\">R\u00e9cup\u00e9ration instantan\u00e9e \u00e0 la longueur d&#039;origine apr\u00e8s \u00e9tirement<\/p>\n<\/li>\n<\/ul>\n<p class=\"\" data-start=\"2116\" data-end=\"2146\">Les formes de fils spandex comprennent :<\/p>\n<ul data-start=\"2148\" data-end=\"2214\">\n<li class=\"\" data-start=\"2148\" data-end=\"2161\">\n<p class=\"\" data-start=\"2150\" data-end=\"2161\">Fil nu<\/p>\n<\/li>\n<li class=\"\" data-start=\"2162\" data-end=\"2195\">\n<p class=\"\" data-start=\"2164\" data-end=\"2195\">Fil recouvert simple ou double<\/p>\n<\/li>\n<li class=\"\" data-start=\"2196\" data-end=\"2214\">\n<p class=\"\" data-start=\"2198\" data-end=\"2214\">Fil \u00e0 \u00e2me<\/p>\n<\/li>\n<\/ul>\n<p class=\"\" data-start=\"2216\" data-end=\"2337\">Pour le denim, le fil recouvert simple ou double est le plus adapt\u00e9, en particulier pour les articles comme les vestes en jean ou les combinaisons en jean.<\/p>\n<h2 data-start=\"2344\" data-end=\"2378\">Applications dans les produits en denim<\/h2>\n<p class=\"\" data-start=\"2380\" data-end=\"2487\">Compar\u00e9 au tissu denim traditionnel, le denim extensible dans les quatre sens offre une \u00e9lasticit\u00e9 bidirectionnelle, am\u00e9liorant :<\/p>\n<p class=\"\" data-start=\"2489\" data-end=\"2567\"><strong data-start=\"2489\" data-end=\"2504\">Jeans en denim<\/strong><br data-start=\"2504\" data-end=\"2507\" \/>\u2192 Coupe ajust\u00e9e, excellent confort, id\u00e9al pour les modes de vie actifs<\/p>\n<div id=\"attachment_4621\" style=\"width: 610px\" class=\"wp-caption aligncenter\"><img loading=\"lazy\" decoding=\"async\" aria-describedby=\"caption-attachment-4621\" class=\"wp-image-4621\" src=\"https:\/\/lydenim.com\/wp-content\/uploads\/2025\/04\/IMG_4825.jpg\" alt=\"Jeans en denim\" width=\"600\" height=\"859\" srcset=\"https:\/\/lydenim.com\/wp-content\/uploads\/2025\/04\/IMG_4825.jpg 930w, https:\/\/lydenim.com\/wp-content\/uploads\/2025\/04\/IMG_4825-209x300.jpg 209w, https:\/\/lydenim.com\/wp-content\/uploads\/2025\/04\/IMG_4825-715x1024.jpg 715w, https:\/\/lydenim.com\/wp-content\/uploads\/2025\/04\/IMG_4825-768x1100.jpg 768w, https:\/\/lydenim.com\/wp-content\/uploads\/2025\/04\/IMG_4825-8x12.jpg 8w, https:\/\/lydenim.com\/wp-content\/uploads\/2025\/04\/IMG_4825-600x859.jpg 600w, https:\/\/lydenim.com\/wp-content\/uploads\/2025\/04\/IMG_4825-150x215.jpg 150w\" sizes=\"auto, (max-width: 600px) 100vw, 600px\" \/><p id=\"caption-attachment-4621\" class=\"wp-caption-text\">Jeans en denim<\/p><\/div>\n<p class=\"\" data-start=\"2569\" data-end=\"2640\"><strong data-start=\"2569\" data-end=\"2585\">Jupes en jean<\/strong><br data-start=\"2585\" data-end=\"2588\" \/>\u2192 Conserve sa forme tout en permettant la libert\u00e9 de mouvement<\/p>\n<p class=\"\" data-start=\"2642\" data-end=\"2717\"><strong data-start=\"2642\" data-end=\"2659\">Robes en jean<\/strong><br data-start=\"2659\" data-end=\"2662\" \/>\u2192 Combine style et confort dans un seul v\u00eatement polyvalent<\/p>\n<div id=\"attachment_4620\" style=\"width: 610px\" class=\"wp-caption aligncenter\"><img loading=\"lazy\" decoding=\"async\" aria-describedby=\"caption-attachment-4620\" class=\"wp-image-4620\" src=\"https:\/\/lydenim.com\/wp-content\/uploads\/2025\/04\/IMG_4829.jpg\" alt=\"Robes en jean\" width=\"600\" height=\"903\" srcset=\"https:\/\/lydenim.com\/wp-content\/uploads\/2025\/04\/IMG_4829.jpg 670w, https:\/\/lydenim.com\/wp-content\/uploads\/2025\/04\/IMG_4829-199x300.jpg 199w, https:\/\/lydenim.com\/wp-content\/uploads\/2025\/04\/IMG_4829-8x12.jpg 8w, https:\/\/lydenim.com\/wp-content\/uploads\/2025\/04\/IMG_4829-600x903.jpg 600w, https:\/\/lydenim.com\/wp-content\/uploads\/2025\/04\/IMG_4829-150x226.jpg 150w\" sizes=\"auto, (max-width: 600px) 100vw, 600px\" \/><p id=\"caption-attachment-4620\" class=\"wp-caption-text\">Robes en jean<\/p><\/div>\n<p class=\"\" data-start=\"2719\" data-end=\"2805\"><strong data-start=\"2719\" data-end=\"2736\">Vestes en jean<\/strong><br data-start=\"2736\" data-end=\"2739\" \/>\u2192 Ajoute de la flexibilit\u00e9 aux \u00e9paules et aux coudes, r\u00e9duisant ainsi les restrictions<\/p>\n<div id=\"attachment_4619\" style=\"width: 610px\" class=\"wp-caption aligncenter\"><img loading=\"lazy\" decoding=\"async\" aria-describedby=\"caption-attachment-4619\" class=\"wp-image-4619\" src=\"https:\/\/lydenim.com\/wp-content\/uploads\/2025\/04\/IMG_4828.jpg\" alt=\"Vestes en jean\" width=\"600\" height=\"800\" srcset=\"https:\/\/lydenim.com\/wp-content\/uploads\/2025\/04\/IMG_4828.jpg 750w, https:\/\/lydenim.com\/wp-content\/uploads\/2025\/04\/IMG_4828-225x300.jpg 225w, https:\/\/lydenim.com\/wp-content\/uploads\/2025\/04\/IMG_4828-9x12.jpg 9w, https:\/\/lydenim.com\/wp-content\/uploads\/2025\/04\/IMG_4828-600x800.jpg 600w, https:\/\/lydenim.com\/wp-content\/uploads\/2025\/04\/IMG_4828-150x200.jpg 150w\" sizes=\"auto, (max-width: 600px) 100vw, 600px\" \/><p id=\"caption-attachment-4619\" class=\"wp-caption-text\">Vestes en jean<\/p><\/div>\n<p class=\"\" data-start=\"2807\" data-end=\"2827\">C&#039;est \u00e9galement id\u00e9al pour :<\/p>\n<ul data-start=\"2829\" data-end=\"2914\">\n<li class=\"\" data-start=\"2829\" data-end=\"2853\">\n<p class=\"\" data-start=\"2831\" data-end=\"2853\">Patchs en tissu denim<\/p>\n<\/li>\n<li class=\"\" data-start=\"2854\" data-end=\"2881\">\n<p class=\"\" data-start=\"2856\" data-end=\"2881\">Tissu d&#039;ameublement en denim<\/p>\n<\/li>\n<li class=\"\" data-start=\"2882\" data-end=\"2914\">\n<p class=\"\" data-start=\"2884\" data-end=\"2914\">Mod\u00e8les de denim extensible personnalis\u00e9s<\/p>\n<\/li>\n<\/ul>\n<h2 data-start=\"2921\" data-end=\"2970\">Choisir et entretenir un tissu extensible dans les quatre sens<\/h2>\n<p class=\"\" data-start=\"2972\" data-end=\"3009\">Lors du choix de votre tissu, tenez compte des \u00e9l\u00e9ments suivants :<\/p>\n<ul data-start=\"3011\" data-end=\"3047\">\n<li class=\"\" data-start=\"3011\" data-end=\"3030\">\n<p class=\"\" data-start=\"3013\" data-end=\"3030\">Teneur en \u00e9lasthanne<\/p>\n<\/li>\n<li class=\"\" data-start=\"3031\" data-end=\"3047\">\n<p class=\"\" data-start=\"3033\" data-end=\"3047\">Taux d&#039;\u00e9tirement<\/p>\n<\/li>\n<\/ul>\n<p class=\"\" data-start=\"3049\" data-end=\"3117\">Id\u00e9al pour les projets comme le denim l\u00e9ger ou le denim extensible \u00e0 lisi\u00e8re.<\/p>\n<p class=\"\" data-start=\"3119\" data-end=\"3129\">Conseils d&#039;entretien :<\/p>\n<ul data-start=\"3131\" data-end=\"3232\">\n<li class=\"\" data-start=\"3131\" data-end=\"3169\">\n<p class=\"\" data-start=\"3133\" data-end=\"3169\">Suivez toujours les instructions de lavage<\/p>\n<\/li>\n<li class=\"\" data-start=\"3170\" data-end=\"3232\">\n<p class=\"\" data-start=\"3172\" data-end=\"3232\">\u00c9vitez le s\u00e9chage \u00e0 haute temp\u00e9rature pour prot\u00e9ger l&#039;\u00e9lasticit\u00e9 et la long\u00e9vit\u00e9<\/p>\n<\/li>\n<\/ul>\n<h2 data-start=\"3239\" data-end=\"3253\">Conclusion<\/h2>\n<p class=\"\" data-start=\"3255\" data-end=\"3462\">Le tissu extensible dans les quatre sens r\u00e9volutionne le denim en alliant libert\u00e9 de mouvement, confort et esth\u00e9tique moderne. Du jean du quotidien aux robes tendance, ce tissu red\u00e9finit le toucher et les performances du denim.<\/p>\n<h2 dir=\"auto\">Services de personnalisation par LYDENIM<\/h2>\n<p dir=\"auto\">\ud83c\udfa8 Vouloir <strong>tissus denim personnalis\u00e9s<\/strong> ou\u00a0 <strong>unique<\/strong> <strong>v\u00eatement en denim personnalis\u00e9<\/strong>? LYDENIM est sp\u00e9cialis\u00e9 dans les solutions sur mesure pour r\u00e9pondre \u00e0 vos besoins de conception et de production.<\/p>\n<p dir=\"auto\">\ud83d\udecd\ufe0f <strong>Explorez et inspirez-vous<\/strong>: Parcourez nos s\u00e9lections de tissus et d\u00e9couvrez des id\u00e9es de design sur <a href=\"https:\/\/lydenim.com\/fr\/\" target=\"_blank\" rel=\"noopener noreferrer nofollow\">LYDenim<\/a>.<\/p>\n<p dir=\"auto\">\ud83c\udf10 <strong>V\u00eatements \u00e9lastiques<\/strong>:D\u00e9couvrez nos offres sur <a href=\"http:\/\/liangyuantextile.m.en.alibaba.com\" target=\"_blank\" rel=\"noopener noreferrer nofollow\">MonAlibaba<\/a>. \ud83d\udce9 <strong>Contactez-nous<\/strong>: Contactez-nous \u00e0 <a href=\"mailto:malone@lydenim.com\" target=\"_blank\" rel=\"noopener noreferrer nofollow\">malone@lydenim.com<\/a>.<\/p>\n<p dir=\"auto\">Cr\u00e9ez votre chef-d&#039;\u0153uvre en denim avec LYDENIM, votre partenaire de confiance pour <strong>tissu extensible<\/strong> et <strong>solutions denim personnalis\u00e9es<\/strong>.<\/p>","protected":false},"excerpt":{"rendered":"<p>Temps de lecture estim\u00e9 : ~5 minutes Introduction Dans le domaine de la conception de v\u00eatements modernes, le choix des tissus joue un r\u00f4le essentiel dans<\/p>","protected":false},"author":1,"featured_media":4622,"comment_status":"open","ping_status":"open","sticky":false,"template":"","format":"standard","meta":{"two_page_speed":[],"footnotes":""},"categories":[66],"tags":[],"class_list":["post-4615","post","type-post","status-publish","format-standard","has-post-thumbnail","hentry","category-denim-knowledge"],"aioseo_notices":[],"_links":{"self":[{"href":"https:\/\/lydenim.com\/fr\/wp-json\/wp\/v2\/posts\/4615","targetHints":{"allow":["GET"]}}],"collection":[{"href":"https:\/\/lydenim.com\/fr\/wp-json\/wp\/v2\/posts"}],"about":[{"href":"https:\/\/lydenim.com\/fr\/wp-json\/wp\/v2\/types\/post"}],"author":[{"embeddable":true,"href":"https:\/\/lydenim.com\/fr\/wp-json\/wp\/v2\/users\/1"}],"replies":[{"embeddable":true,"href":"https:\/\/lydenim.com\/fr\/wp-json\/wp\/v2\/comments?post=4615"}],"version-history":[{"count":4,"href":"https:\/\/lydenim.com\/fr\/wp-json\/wp\/v2\/posts\/4615\/revisions"}],"predecessor-version":[{"id":6259,"href":"https:\/\/lydenim.com\/fr\/wp-json\/wp\/v2\/posts\/4615\/revisions\/6259"}],"wp:featuredmedia":[{"embeddable":true,"href":"https:\/\/lydenim.com\/fr\/wp-json\/wp\/v2\/media\/4622"}],"wp:attachment":[{"href":"https:\/\/lydenim.com\/fr\/wp-json\/wp\/v2\/media?parent=4615"}],"wp:term":[{"taxonomy":"category","embeddable":true,"href":"https:\/\/lydenim.com\/fr\/wp-json\/wp\/v2\/categories?post=4615"},{"taxonomy":"post_tag","embeddable":true,"href":"https:\/\/lydenim.com\/fr\/wp-json\/wp\/v2\/tags?post=4615"}],"curies":[{"name":"wp","href":"https:\/\/api.w.org\/{rel}","templated":true}]}}