{"id":4718,"date":"2025-04-14T12:22:21","date_gmt":"2025-04-14T04:22:21","guid":{"rendered":"https:\/\/lydenim.com\/?p=4718"},"modified":"2025-08-24T12:31:09","modified_gmt":"2025-08-24T04:31:09","slug":"jeans-trends-for-2025","status":"publish","type":"post","link":"https:\/\/lydenim.com\/fr\/tendances-jeans-pour-2025\/","title":{"rendered":"Tendances jeans pour 2025"},"content":{"rendered":"<h2 data-pm-slice=\"1 1 []\">Temps de lecture estim\u00e9 : ~5 minutes<\/h2>\n<h2 dir=\"auto\">Introduction<\/h2>\n<p class=\"break-words\" dir=\"auto\">Le denim reste un pilier de la mode, \u00e9voluant \u00e0 chaque saison pour refl\u00e9ter les nouveaux styles et les innovations. En 2025, les tendances jeans prennent des tournants audacieux, alliant cr\u00e9ativit\u00e9 et durabilit\u00e9. Ce blog explore quatre tendances phares\u00a0: les d\u00e9lavages indigo profond, les d\u00e9tails effiloch\u00e9s et les conseils de Kingpins NYC, qui fa\u00e7onnent le paysage du denim. Que vous cherchiez la pi\u00e8ce parfaite ou l&#039;inspiration pour votre prochain projet, ces tendances sublimeront votre style.<\/p>\n<h2 dir=\"auto\">1. Denim imprim\u00e9 et orn\u00e9<\/h2>\n<p class=\"break-words\" dir=\"auto\">L&#039;essor du denim transforme le jean en v\u00e9ritable art vestimentaire. Imaginez-le orn\u00e9 de motifs floraux ou de broderies. Pour une touche personnelle, les motifs patchwork ajoutent une touche de charme. Chez Lydenim, nous proposons des mod\u00e8les sur mesure, parfaits pour des pi\u00e8ces exceptionnelles.<img loading=\"lazy\" decoding=\"async\" class=\"aligncenter wp-image-4719\" src=\"https:\/\/lydenim.com\/wp-content\/uploads\/2025\/04\/DM_20250413211023_002.jpg\" alt=\"\" width=\"600\" height=\"749\" srcset=\"https:\/\/lydenim.com\/wp-content\/uploads\/2025\/04\/DM_20250413211023_002.jpg 1080w, https:\/\/lydenim.com\/wp-content\/uploads\/2025\/04\/DM_20250413211023_002-240x300.jpg 240w, https:\/\/lydenim.com\/wp-content\/uploads\/2025\/04\/DM_20250413211023_002-820x1024.jpg 820w, https:\/\/lydenim.com\/wp-content\/uploads\/2025\/04\/DM_20250413211023_002-768x959.jpg 768w, https:\/\/lydenim.com\/wp-content\/uploads\/2025\/04\/DM_20250413211023_002-10x12.jpg 10w, https:\/\/lydenim.com\/wp-content\/uploads\/2025\/04\/DM_20250413211023_002-600x749.jpg 600w, https:\/\/lydenim.com\/wp-content\/uploads\/2025\/04\/DM_20250413211023_002-150x187.jpg 150w\" sizes=\"auto, (max-width: 600px) 100vw, 600px\" \/><\/p>\n<h2 dir=\"auto\">2. Indigo profond et lavages contrast\u00e9s<\/h2>\n<p class=\"break-words\" dir=\"auto\">Les teintes indigo profondes font un retour en force, avec des termes comme \u00ab denim selvedge \u00bb et \u00ab denim brut \u00bb tr\u00e8s en vogue chez les amateurs de denim. Ces d\u00e9lavages riches et fonc\u00e9s, souvent pr\u00e9sents dans les collections, offrent un charme intemporel. Associez-les \u00e0 des styles contrast\u00e9s comme le denim clair ou fonc\u00e9 pour un look dynamique. Chez Lydenim, nous vous proposons de cr\u00e9er des jeans ou des pantalons avec ces contrastes saisissants.<img loading=\"lazy\" decoding=\"async\" class=\"aligncenter wp-image-4720\" src=\"https:\/\/lydenim.com\/wp-content\/uploads\/2025\/04\/DM_20250413211023_003.jpg\" alt=\"\" width=\"600\" height=\"749\" srcset=\"https:\/\/lydenim.com\/wp-content\/uploads\/2025\/04\/DM_20250413211023_003.jpg 1080w, https:\/\/lydenim.com\/wp-content\/uploads\/2025\/04\/DM_20250413211023_003-240x300.jpg 240w, https:\/\/lydenim.com\/wp-content\/uploads\/2025\/04\/DM_20250413211023_003-820x1024.jpg 820w, https:\/\/lydenim.com\/wp-content\/uploads\/2025\/04\/DM_20250413211023_003-768x959.jpg 768w, https:\/\/lydenim.com\/wp-content\/uploads\/2025\/04\/DM_20250413211023_003-10x12.jpg 10w, https:\/\/lydenim.com\/wp-content\/uploads\/2025\/04\/DM_20250413211023_003-600x749.jpg 600w, https:\/\/lydenim.com\/wp-content\/uploads\/2025\/04\/DM_20250413211023_003-150x187.jpg 150w\" sizes=\"auto, (max-width: 600px) 100vw, 600px\" \/><\/p>\n<h2 dir=\"auto\">3. Accents effiloch\u00e9s et textur\u00e9s<\/h2>\n<p class=\"break-words\" dir=\"auto\">En 2025, la texture est reine, avec des jeans vieillis et une fa\u00e7on d&#039;effilocher les jeans, reflet d&#039;un amour pour les d\u00e9tails bruts. Des ourlets effiloch\u00e9s ou des tissages textur\u00e9s ajoutent une touche d&#039;authenticit\u00e9 \u00e0 toutes les tenues, accentuant ainsi leur attrait tactile. Lydenim propose des mod\u00e8les textur\u00e9s, parfaits pour cr\u00e9er ou apporter une touche unique.<img loading=\"lazy\" decoding=\"async\" class=\"aligncenter wp-image-4721\" src=\"https:\/\/lydenim.com\/wp-content\/uploads\/2025\/04\/DM_20250413211023_004.jpg\" alt=\"\" width=\"600\" height=\"749\" srcset=\"https:\/\/lydenim.com\/wp-content\/uploads\/2025\/04\/DM_20250413211023_004.jpg 1080w, https:\/\/lydenim.com\/wp-content\/uploads\/2025\/04\/DM_20250413211023_004-240x300.jpg 240w, https:\/\/lydenim.com\/wp-content\/uploads\/2025\/04\/DM_20250413211023_004-820x1024.jpg 820w, https:\/\/lydenim.com\/wp-content\/uploads\/2025\/04\/DM_20250413211023_004-768x959.jpg 768w, https:\/\/lydenim.com\/wp-content\/uploads\/2025\/04\/DM_20250413211023_004-10x12.jpg 10w, https:\/\/lydenim.com\/wp-content\/uploads\/2025\/04\/DM_20250413211023_004-600x749.jpg 600w, https:\/\/lydenim.com\/wp-content\/uploads\/2025\/04\/DM_20250413211023_004-150x187.jpg 150w\" sizes=\"auto, (max-width: 600px) 100vw, 600px\" \/><\/p>\n<h2 dir=\"auto\">4. Tendances denim chez Kingpins NYC<\/h2>\n<p class=\"break-words\" dir=\"auto\">Kingpins NYC, salon majeur du denim, a pr\u00e9sent\u00e9 des innovations de pointe. La durabilit\u00e9 \u00e9tait au c\u0153ur de l&#039;attention, le denim durable gagnant du terrain aux c\u00f4t\u00e9s du denim japonais, r\u00e9put\u00e9 pour sa qualit\u00e9. La technologie stretch et les finitions \u00e9cologiques se sont \u00e9galement distingu\u00e9es, influant sur le d\u00e9veloppement durable. Lydenim s&#039;inscrit dans ces tendances en proposant des options durables pour des cr\u00e9ations avant-gardistes.<\/p>\n<h2 dir=\"auto\">Conclusion<\/h2>\n<p class=\"break-words\" dir=\"auto\">Des imprim\u00e9s audacieux aux innovations durables, ces tendances jeans s&#039;adressent \u00e0 tous les go\u00fbts. Chez Lydenim, nous mettons tout en \u0153uvre pour concr\u00e9tiser ces id\u00e9es gr\u00e2ce \u00e0 nos services de personnalisation de tissus et de v\u00eatements. Pr\u00eat \u00e0 cr\u00e9er votre prochain chef-d&#039;\u0153uvre\u00a0?<\/p>\n<h2 dir=\"auto\">Services de personnalisation par LYDENIM<\/h2>\n<p dir=\"auto\">\ud83c\udfa8 Vouloir <strong>tissus denim personnalis\u00e9s<\/strong> ou\u00a0 <strong>unique<\/strong> <strong>v\u00eatement en denim personnalis\u00e9<\/strong>? LYDENIM est sp\u00e9cialis\u00e9 dans les solutions sur mesure pour r\u00e9pondre \u00e0 vos besoins de conception et de production.<\/p>\n<p dir=\"auto\">\ud83d\udecd\ufe0f <strong>Explorez et inspirez-vous<\/strong>: Parcourez nos s\u00e9lections de tissus et d\u00e9couvrez des id\u00e9es de design sur <a href=\"https:\/\/lydenim.com\/fr\/\" target=\"_blank\" rel=\"noopener noreferrer nofollow\">LYDenim<\/a>.<\/p>\n<p dir=\"auto\">\ud83c\udf10 <strong>V\u00eatements \u00e9lastiques<\/strong>:D\u00e9couvrez nos offres sur <a href=\"http:\/\/liangyuantextile.m.en.alibaba.com\" target=\"_blank\" rel=\"noopener noreferrer nofollow\">MonAlibaba<\/a>. \ud83d\udce9 <strong>Contactez-nous<\/strong>: Contactez-nous \u00e0 <a href=\"mailto:malone@lydenim.com\" target=\"_blank\" rel=\"noopener noreferrer nofollow\">malone@lydenim.com<\/a>.<\/p>\n<p dir=\"auto\">Cr\u00e9ez votre chef-d&#039;\u0153uvre en denim avec LYDENIM, votre partenaire de confiance pour <strong>tissu extensible<\/strong> et <strong>solutions denim personnalis\u00e9es<\/strong>.<\/p>","protected":false},"excerpt":{"rendered":"<p>Temps de lecture estim\u00e9 : ~5 minutes Introduction Le denim reste une pierre angulaire de la mode, \u00e9voluant \u00e0 chaque saison pour refl\u00e9ter les nouveaux styles<\/p>","protected":false},"author":1,"featured_media":4722,"comment_status":"open","ping_status":"open","sticky":false,"template":"","format":"standard","meta":{"two_page_speed":[],"footnotes":""},"categories":[67],"tags":[],"class_list":["post-4718","post","type-post","status-publish","format-standard","has-post-thumbnail","hentry","category-market"],"aioseo_notices":[],"_links":{"self":[{"href":"https:\/\/lydenim.com\/fr\/wp-json\/wp\/v2\/posts\/4718","targetHints":{"allow":["GET"]}}],"collection":[{"href":"https:\/\/lydenim.com\/fr\/wp-json\/wp\/v2\/posts"}],"about":[{"href":"https:\/\/lydenim.com\/fr\/wp-json\/wp\/v2\/types\/post"}],"author":[{"embeddable":true,"href":"https:\/\/lydenim.com\/fr\/wp-json\/wp\/v2\/users\/1"}],"replies":[{"embeddable":true,"href":"https:\/\/lydenim.com\/fr\/wp-json\/wp\/v2\/comments?post=4718"}],"version-history":[{"count":3,"href":"https:\/\/lydenim.com\/fr\/wp-json\/wp\/v2\/posts\/4718\/revisions"}],"predecessor-version":[{"id":6262,"href":"https:\/\/lydenim.com\/fr\/wp-json\/wp\/v2\/posts\/4718\/revisions\/6262"}],"wp:featuredmedia":[{"embeddable":true,"href":"https:\/\/lydenim.com\/fr\/wp-json\/wp\/v2\/media\/4722"}],"wp:attachment":[{"href":"https:\/\/lydenim.com\/fr\/wp-json\/wp\/v2\/media?parent=4718"}],"wp:term":[{"taxonomy":"category","embeddable":true,"href":"https:\/\/lydenim.com\/fr\/wp-json\/wp\/v2\/categories?post=4718"},{"taxonomy":"post_tag","embeddable":true,"href":"https:\/\/lydenim.com\/fr\/wp-json\/wp\/v2\/tags?post=4718"}],"curies":[{"name":"wp","href":"https:\/\/api.w.org\/{rel}","templated":true}]}}