{"id":4785,"date":"2025-04-19T12:41:52","date_gmt":"2025-04-19T04:41:52","guid":{"rendered":"https:\/\/lydenim.com\/?p=4785"},"modified":"2025-08-24T12:34:46","modified_gmt":"2025-08-24T04:34:46","slug":"color-trends-for-spring-and-summer-2025","status":"publish","type":"post","link":"https:\/\/lydenim.com\/fr\/tendances-couleurs-pour-le-printemps-et-lete-2025\/","title":{"rendered":"Tendances couleurs pour le printemps et l&#039;\u00e9t\u00e9 2025"},"content":{"rendered":"<h3 data-pm-slice=\"1 1 []\">Temps de lecture estim\u00e9 : ~3 minutes<\/h3>\n<h3 style=\"text-align: left;\" data-pm-slice=\"1 1 []\">Introduction<\/h3>\n<p class=\"\" data-start=\"121\" data-end=\"573\">\u00c0 l&#039;approche du printemps et de l&#039;\u00e9t\u00e9 2025, les tendances couleurs red\u00e9finiront le paysage de la mode avec fra\u00eecheur, \u00e9nergie et \u00e9l\u00e9gance. Inspir\u00e9es par la nature, la technologie et la nostalgie, ces teintes sont parfaites pour revitaliser vos designs et vos tissus. L&#039;analyse approfondie de ces cinq couleurs embl\u00e9matiques vous aidera \u00e0 mieux imaginer et cr\u00e9er des pi\u00e8ces en denim populaires\u00a0: tissus, jupes et jeans.<\/p>\n<h3 class=\"\" data-start=\"580\" data-end=\"611\"><strong data-start=\"584\" data-end=\"609\">1. Jaune transparent<\/strong><\/h3>\n<p class=\"\" data-start=\"612\" data-end=\"1294\"><strong data-start=\"612\" data-end=\"625\">Mots-cl\u00e9s:<\/strong> Fra\u00eecheur, \u00c9nergie, Lumi\u00e8re<br data-start=\"650\" data-end=\"653\" \/>Le Jaune Transparent capture l&#039;essence du premier lever de soleil printanier, rayonnant de fra\u00eecheur et d&#039;\u00e9nergie. Cette teinte sublime instantan\u00e9ment n&#039;importe quel look, ce qui en fait un choix polyvalent pour les passionn\u00e9s de mode. Imaginez un jean Jaune Transparent associ\u00e9 \u00e0 des touches de noir ou de gris\u00a0: le contraste saisissant cr\u00e9e une ambiance sophistiqu\u00e9e et haut de gamme. Vous pouvez \u00e9galement l&#039;associer \u00e0 des tons neutres doux comme le beige ou le camel clair pour rehausser son charme l\u00e9ger et a\u00e9rien. Parfait pour une robe en jean qui \u00e9voque la fleur la plus \u00e9clatante d&#039;un jardin printanier. Sa polyvalence en fait une couleur id\u00e9ale pour les traitements personnalis\u00e9s de denim, offrant une allure \u00e0 la fois audacieuse et \u00e9l\u00e9gante.<\/p>\n<div id=\"attachment_4791\" style=\"width: 610px\" class=\"wp-caption aligncenter\"><img loading=\"lazy\" decoding=\"async\" aria-describedby=\"caption-attachment-4791\" class=\"wp-image-4791\" src=\"https:\/\/lydenim.com\/wp-content\/uploads\/2025\/04\/Transparent-Yellow.jpg\" alt=\"Jaune transparent\" width=\"600\" height=\"803\" srcset=\"https:\/\/lydenim.com\/wp-content\/uploads\/2025\/04\/Transparent-Yellow.jpg 1240w, https:\/\/lydenim.com\/wp-content\/uploads\/2025\/04\/Transparent-Yellow-224x300.jpg 224w, https:\/\/lydenim.com\/wp-content\/uploads\/2025\/04\/Transparent-Yellow-765x1024.jpg 765w, https:\/\/lydenim.com\/wp-content\/uploads\/2025\/04\/Transparent-Yellow-768x1028.jpg 768w, https:\/\/lydenim.com\/wp-content\/uploads\/2025\/04\/Transparent-Yellow-1147x1536.jpg 1147w, https:\/\/lydenim.com\/wp-content\/uploads\/2025\/04\/Transparent-Yellow-9x12.jpg 9w, https:\/\/lydenim.com\/wp-content\/uploads\/2025\/04\/Transparent-Yellow-600x803.jpg 600w, https:\/\/lydenim.com\/wp-content\/uploads\/2025\/04\/Transparent-Yellow-150x201.jpg 150w\" sizes=\"auto, (max-width: 600px) 100vw, 600px\" \/><p id=\"caption-attachment-4791\" class=\"wp-caption-text\">Jaune transparent<\/p><\/div>\n<h3 class=\"\" data-start=\"1301\" data-end=\"1325\"><strong data-start=\"1305\" data-end=\"1323\">2. Bonbons \u00e0 la p\u00eache<\/strong><\/h3>\n<p class=\"\" data-start=\"1326\" data-end=\"1854\"><strong data-start=\"1326\" data-end=\"1339\">Mots-cl\u00e9s:<\/strong> Doux, chaleureux, r\u00e9tro<br data-start=\"1358\" data-end=\"1361\" \/>Peach Candy, un rose chaud aux nuances orang\u00e9es, apporte une touche douce et r\u00e9tro \u00e0 la palette 2025. S&#039;appuyant sur la tendance Soft Peach de 2024, cette teinte plus vive et vibrante respire la vitalit\u00e9, id\u00e9ale pour les journ\u00e9es ensoleill\u00e9es du printemps et de l&#039;\u00e9t\u00e9. Imaginez une jupe ou une robe en jean couleur Peach Candy\u00a0: sa luminosit\u00e9 intense ajoute une touche \u00e0 la fois ludique et nostalgique \u00e0 votre garde-robe. Cette couleur revisite les styles classiques avec fra\u00eecheur, parfaite pour des vestes en jean personnalis\u00e9es ou des shorts en jean qui se d\u00e9marquent.<\/p>\n<div id=\"attachment_4789\" style=\"width: 610px\" class=\"wp-caption aligncenter\"><img loading=\"lazy\" decoding=\"async\" aria-describedby=\"caption-attachment-4789\" class=\"wp-image-4789\" src=\"https:\/\/lydenim.com\/wp-content\/uploads\/2025\/04\/Peach-Candy.jpg\" alt=\"Bonbons \u00e0 la p\u00eache\" width=\"600\" height=\"803\" srcset=\"https:\/\/lydenim.com\/wp-content\/uploads\/2025\/04\/Peach-Candy.jpg 1240w, https:\/\/lydenim.com\/wp-content\/uploads\/2025\/04\/Peach-Candy-224x300.jpg 224w, https:\/\/lydenim.com\/wp-content\/uploads\/2025\/04\/Peach-Candy-765x1024.jpg 765w, https:\/\/lydenim.com\/wp-content\/uploads\/2025\/04\/Peach-Candy-768x1028.jpg 768w, https:\/\/lydenim.com\/wp-content\/uploads\/2025\/04\/Peach-Candy-1147x1536.jpg 1147w, https:\/\/lydenim.com\/wp-content\/uploads\/2025\/04\/Peach-Candy-9x12.jpg 9w, https:\/\/lydenim.com\/wp-content\/uploads\/2025\/04\/Peach-Candy-600x803.jpg 600w, https:\/\/lydenim.com\/wp-content\/uploads\/2025\/04\/Peach-Candy-150x201.jpg 150w\" sizes=\"auto, (max-width: 600px) 100vw, 600px\" \/><p id=\"caption-attachment-4789\" class=\"wp-caption-text\">Bonbons \u00e0 la p\u00eache<\/p><\/div>\n<h3 class=\"\" data-start=\"1861\" data-end=\"1884\"><strong data-start=\"1865\" data-end=\"1882\">3. Cr\u00e8me de citron vert<\/strong><\/h3>\n<p class=\"\" data-start=\"1885\" data-end=\"2518\"><strong data-start=\"1885\" data-end=\"1898\">Mots-cl\u00e9s:<\/strong> Vibrant, naturel, apaisant<br data-start=\"1925\" data-end=\"1928\" \/>Le Lime Cream allie \u00e9nergie vibrante et calme apaisant, ce qui en fait un choix incontournable pour 2025. Cette couleur s&#039;associe \u00e0 merveille aux mati\u00e8res brillantes comme le satin ou le cuir, apportant une esth\u00e9tique \u00e9l\u00e9gante et intellectuelle \u00e0 une veste en jean. Associ\u00e9e \u00e0 des textures naturelles, elle se transforme en une option d\u00e9contract\u00e9e et chic pour un jean. Les cr\u00e9ateurs int\u00e8grent d\u00e9j\u00e0 le Lime Cream \u00e0 des trenchs et des vestes \u00e0 plis ou \u00e0 d\u00e9coupes, utilisant le denim extensible pour cr\u00e9er des pi\u00e8ces \u00e0 la fois d\u00e9contract\u00e9es et dynamiques, id\u00e9ales aussi bien pour le quotidien que pour des cr\u00e9ations denim avant-gardistes.<\/p>\n<div id=\"attachment_4787\" style=\"width: 610px\" class=\"wp-caption aligncenter\"><img loading=\"lazy\" decoding=\"async\" aria-describedby=\"caption-attachment-4787\" class=\"wp-image-4787\" src=\"https:\/\/lydenim.com\/wp-content\/uploads\/2025\/04\/Lime-Cream.jpg\" alt=\"Cr\u00e8me de citron vert\" width=\"600\" height=\"803\" srcset=\"https:\/\/lydenim.com\/wp-content\/uploads\/2025\/04\/Lime-Cream.jpg 1240w, https:\/\/lydenim.com\/wp-content\/uploads\/2025\/04\/Lime-Cream-224x300.jpg 224w, https:\/\/lydenim.com\/wp-content\/uploads\/2025\/04\/Lime-Cream-765x1024.jpg 765w, https:\/\/lydenim.com\/wp-content\/uploads\/2025\/04\/Lime-Cream-768x1028.jpg 768w, https:\/\/lydenim.com\/wp-content\/uploads\/2025\/04\/Lime-Cream-1147x1536.jpg 1147w, https:\/\/lydenim.com\/wp-content\/uploads\/2025\/04\/Lime-Cream-9x12.jpg 9w, https:\/\/lydenim.com\/wp-content\/uploads\/2025\/04\/Lime-Cream-600x803.jpg 600w, https:\/\/lydenim.com\/wp-content\/uploads\/2025\/04\/Lime-Cream-150x201.jpg 150w\" sizes=\"auto, (max-width: 600px) 100vw, 600px\" \/><p id=\"caption-attachment-4787\" class=\"wp-caption-text\">Cr\u00e8me de citron vert<\/p><\/div>\n<h3 class=\"\" data-start=\"2525\" data-end=\"2548\"><strong data-start=\"2529\" data-end=\"2546\">4. Verre Aqua<\/strong><\/h3>\n<p class=\"\" data-start=\"2549\" data-end=\"3166\"><strong data-start=\"2549\" data-end=\"2562\">Mots-cl\u00e9s:<\/strong> Transparent, \u00c9th\u00e9r\u00e9, Fluide<br data-start=\"2591\" data-end=\"2594\" \/>Aqua Glass, un vert unique inspir\u00e9 par la r\u00e9fraction de la lumi\u00e8re \u00e0 travers le verre, offre une transparence et une l\u00e9g\u00e8ret\u00e9 \u00e9th\u00e9r\u00e9es. Cette teinte futuriste s&#039;inscrit dans la qu\u00eate de puret\u00e9 de l&#039;\u00e8re num\u00e9rique tout en faisant \u00e9cho \u00e0 la fluidit\u00e9 de la nature. Il rayonne sur des soies brillantes ou des tissus nacr\u00e9s aux coupes asym\u00e9triques, parfaits pour une jupe ou un haut en jean avant-gardiste. Associ\u00e9 \u00e0 du coton mat ou \u00e0 un denim classique, il s&#039;adoucit et offre une \u00e9l\u00e9gance au quotidien, ce qui en fait un choix polyvalent pour des pi\u00e8ces en jean ou des robes en jean personnalis\u00e9es alliant design d&#039;inspiration technologique et confort.<\/p>\n<div id=\"attachment_4786\" style=\"width: 610px\" class=\"wp-caption aligncenter\"><img loading=\"lazy\" decoding=\"async\" aria-describedby=\"caption-attachment-4786\" class=\"wp-image-4786\" src=\"https:\/\/lydenim.com\/wp-content\/uploads\/2025\/04\/Aqua-Glass.jpg\" alt=\"Verre Aqua\" width=\"600\" height=\"803\" srcset=\"https:\/\/lydenim.com\/wp-content\/uploads\/2025\/04\/Aqua-Glass.jpg 1240w, https:\/\/lydenim.com\/wp-content\/uploads\/2025\/04\/Aqua-Glass-224x300.jpg 224w, https:\/\/lydenim.com\/wp-content\/uploads\/2025\/04\/Aqua-Glass-765x1024.jpg 765w, https:\/\/lydenim.com\/wp-content\/uploads\/2025\/04\/Aqua-Glass-768x1028.jpg 768w, https:\/\/lydenim.com\/wp-content\/uploads\/2025\/04\/Aqua-Glass-1147x1536.jpg 1147w, https:\/\/lydenim.com\/wp-content\/uploads\/2025\/04\/Aqua-Glass-9x12.jpg 9w, https:\/\/lydenim.com\/wp-content\/uploads\/2025\/04\/Aqua-Glass-600x803.jpg 600w, https:\/\/lydenim.com\/wp-content\/uploads\/2025\/04\/Aqua-Glass-150x201.jpg 150w\" sizes=\"auto, (max-width: 600px) 100vw, 600px\" \/><p id=\"caption-attachment-4786\" class=\"wp-caption-text\">Verre Aqua<\/p><\/div>\n<h3 class=\"\" data-start=\"3173\" data-end=\"3198\"><strong data-start=\"3177\" data-end=\"3196\">5. Coquille de patelle<\/strong><\/h3>\n<p class=\"\" data-start=\"3199\" data-end=\"3779\"><strong data-start=\"3199\" data-end=\"3212\">Mots-cl\u00e9s:<\/strong> Serein, Tech, Profond<br data-start=\"3231\" data-end=\"3234\" \/>Limpet Shell, un bleu eau doux, \u00e9voque le calme serein de l&#039;oc\u00e9an avec une touche subtile d&#039;inspiration technologique. Contrairement aux bleus plus profonds, cette teinte arbore un \u00e9clat doux rappelant les coquillages apr\u00e8s le retrait de la mar\u00e9e. Une robe ou un tailleur en jean Limpet Shell, aux lignes \u00e9pur\u00e9es et au design minimaliste, rayonne d&#039;\u00e9l\u00e9gance et de s\u00e9r\u00e9nit\u00e9. Associez-le \u00e0 des accessoires bleu clair ou \u00e0 des patchs en denim pour un look coh\u00e9rent et haut de gamme. Sa polyvalence en fait \u00e9galement un choix remarquable pour les vestes ou les jeans en jean, offrant une interpr\u00e9tation moderne et rafra\u00eechissante des classiques du denim.<\/p>\n<div id=\"attachment_4788\" style=\"width: 610px\" class=\"wp-caption aligncenter\"><img loading=\"lazy\" decoding=\"async\" aria-describedby=\"caption-attachment-4788\" class=\"wp-image-4788\" src=\"https:\/\/lydenim.com\/wp-content\/uploads\/2025\/04\/Limpet-Shell.jpg\" alt=\"Coquille de patelle\" width=\"600\" height=\"803\" srcset=\"https:\/\/lydenim.com\/wp-content\/uploads\/2025\/04\/Limpet-Shell.jpg 1240w, https:\/\/lydenim.com\/wp-content\/uploads\/2025\/04\/Limpet-Shell-224x300.jpg 224w, https:\/\/lydenim.com\/wp-content\/uploads\/2025\/04\/Limpet-Shell-765x1024.jpg 765w, https:\/\/lydenim.com\/wp-content\/uploads\/2025\/04\/Limpet-Shell-768x1028.jpg 768w, https:\/\/lydenim.com\/wp-content\/uploads\/2025\/04\/Limpet-Shell-1147x1536.jpg 1147w, https:\/\/lydenim.com\/wp-content\/uploads\/2025\/04\/Limpet-Shell-9x12.jpg 9w, https:\/\/lydenim.com\/wp-content\/uploads\/2025\/04\/Limpet-Shell-600x803.jpg 600w, https:\/\/lydenim.com\/wp-content\/uploads\/2025\/04\/Limpet-Shell-150x201.jpg 150w\" sizes=\"auto, (max-width: 600px) 100vw, 600px\" \/><p id=\"caption-attachment-4788\" class=\"wp-caption-text\">Coquille de patelle<\/p><\/div>\n<h3 class=\"\" data-start=\"3786\" data-end=\"3826\"><strong data-start=\"3790\" data-end=\"3824\">Apporter ces couleurs au denim<\/strong><\/h3>\n<p class=\"\" data-start=\"3827\" data-end=\"4282\">Le denim, r\u00e9put\u00e9 pour sa durabilit\u00e9 et sa polyvalence, est la toile de fond id\u00e9ale pour ces tendances couleurs 2025. Imaginez un jean jaune transparent pour une allure printani\u00e8re audacieuse, une robe en jean couleur p\u00eache bonbon pour une touche estivale de douceur, ou une veste en jean couleur citron vert pour une touche de peps. Les couleurs Aqua Glass et Limpet Shell rehaussent les jupes et les hauts en jean d&#039;une touche sophistiqu\u00e9e, prouvant que le denim peut transformer des pi\u00e8ces traditionnelles en cr\u00e9ations avant-gardistes.<\/p>\n<h3 class=\"\" data-start=\"4289\" data-end=\"4309\"><strong data-start=\"4293\" data-end=\"4307\">Conclusion<\/strong><\/h3>\n<p class=\"\" data-start=\"4310\" data-end=\"4625\">Ces cinq couleurs \u2013 Jaune Transparent, P\u00eache Bonbon, Cr\u00e8me Citron Vert, Verre Aqua et Coquillage Patelle \u2013 refl\u00e8tent l&#039;esprit du printemps et de l&#039;\u00e9t\u00e9 2025 et offrent des possibilit\u00e9s infinies de cr\u00e9ativit\u00e9. Que vous souhaitiez rafra\u00eechir votre garde-robe ou cr\u00e9er des cr\u00e9ations sur mesure en denim, ces teintes inspirent innovation et \u00e9l\u00e9gance.<\/p>\n<h3 dir=\"auto\">Services de personnalisation par LYDENIM<\/h3>\n<p dir=\"auto\">\ud83c\udfa8 Vouloir <strong>tissus denim personnalis\u00e9s<\/strong> ou\u00a0 <strong>unique<\/strong> <strong>v\u00eatement en denim personnalis\u00e9<\/strong>? LYDENIM est sp\u00e9cialis\u00e9 dans les solutions sur mesure pour r\u00e9pondre \u00e0 vos besoins de conception et de production.<\/p>\n<p dir=\"auto\">\ud83d\udecd\ufe0f <strong>Explorez et inspirez-vous<\/strong>: Parcourez nos s\u00e9lections de tissus et d\u00e9couvrez des id\u00e9es de design sur <a href=\"https:\/\/lydenim.com\/fr\/\" target=\"_blank\" rel=\"noopener noreferrer nofollow\">LYDenim<\/a>.<\/p>\n<p dir=\"auto\">\ud83c\udf10 <strong>V\u00eatements \u00e9lastiques<\/strong>:D\u00e9couvrez nos offres sur <a href=\"http:\/\/liangyuantextile.m.en.alibaba.com\" target=\"_blank\" rel=\"noopener noreferrer nofollow\">MonAlibaba<\/a>. \ud83d\udce9 <strong>Contactez-nous<\/strong>: Contactez-nous \u00e0 <a href=\"mailto:malone@lydenim.com\" target=\"_blank\" rel=\"noopener noreferrer nofollow\">malone@lydenim.com<\/a>.<\/p>\n<p dir=\"auto\">Cr\u00e9ez votre chef-d&#039;\u0153uvre en denim avec LYDENIM, votre partenaire de confiance pour <strong>tissu extensible<\/strong> et <strong>solutions denim personnalis\u00e9es<\/strong>.<\/p>\n<p data-start=\"4657\" data-end=\"5128\"><img loading=\"lazy\" decoding=\"async\" class=\"aligncenter wp-image-4145\" src=\"https:\/\/lydenim.com\/wp-content\/uploads\/2025\/03\/IMG_5719.jpg\" alt=\"\" width=\"600\" height=\"600\" srcset=\"https:\/\/lydenim.com\/wp-content\/uploads\/2025\/03\/IMG_5719.jpg 2196w, https:\/\/lydenim.com\/wp-content\/uploads\/2025\/03\/IMG_5719-300x300.jpg 300w, https:\/\/lydenim.com\/wp-content\/uploads\/2025\/03\/IMG_5719-1024x1024.jpg 1024w, https:\/\/lydenim.com\/wp-content\/uploads\/2025\/03\/IMG_5719-150x150.jpg 150w, https:\/\/lydenim.com\/wp-content\/uploads\/2025\/03\/IMG_5719-768x768.jpg 768w, https:\/\/lydenim.com\/wp-content\/uploads\/2025\/03\/IMG_5719-1536x1536.jpg 1536w, https:\/\/lydenim.com\/wp-content\/uploads\/2025\/03\/IMG_5719-2048x2048.jpg 2048w, https:\/\/lydenim.com\/wp-content\/uploads\/2025\/03\/IMG_5719-12x12.jpg 12w, https:\/\/lydenim.com\/wp-content\/uploads\/2025\/03\/IMG_5719-600x600.jpg 600w\" sizes=\"auto, (max-width: 600px) 100vw, 600px\" \/><\/p>","protected":false},"excerpt":{"rendered":"<p>Temps de lecture estim\u00e9 : ~3 minutes Introduction En pr\u00e9vision du printemps et de l&#039;\u00e9t\u00e9 dynamiques de 2025, les tendances en mati\u00e8re de couleurs red\u00e9finiront<\/p>","protected":false},"author":1,"featured_media":4790,"comment_status":"open","ping_status":"open","sticky":false,"template":"","format":"standard","meta":{"two_page_speed":[],"footnotes":""},"categories":[66],"tags":[],"class_list":["post-4785","post","type-post","status-publish","format-standard","has-post-thumbnail","hentry","category-denim-knowledge"],"aioseo_notices":[],"_links":{"self":[{"href":"https:\/\/lydenim.com\/fr\/wp-json\/wp\/v2\/posts\/4785","targetHints":{"allow":["GET"]}}],"collection":[{"href":"https:\/\/lydenim.com\/fr\/wp-json\/wp\/v2\/posts"}],"about":[{"href":"https:\/\/lydenim.com\/fr\/wp-json\/wp\/v2\/types\/post"}],"author":[{"embeddable":true,"href":"https:\/\/lydenim.com\/fr\/wp-json\/wp\/v2\/users\/1"}],"replies":[{"embeddable":true,"href":"https:\/\/lydenim.com\/fr\/wp-json\/wp\/v2\/comments?post=4785"}],"version-history":[{"count":4,"href":"https:\/\/lydenim.com\/fr\/wp-json\/wp\/v2\/posts\/4785\/revisions"}],"predecessor-version":[{"id":6269,"href":"https:\/\/lydenim.com\/fr\/wp-json\/wp\/v2\/posts\/4785\/revisions\/6269"}],"wp:featuredmedia":[{"embeddable":true,"href":"https:\/\/lydenim.com\/fr\/wp-json\/wp\/v2\/media\/4790"}],"wp:attachment":[{"href":"https:\/\/lydenim.com\/fr\/wp-json\/wp\/v2\/media?parent=4785"}],"wp:term":[{"taxonomy":"category","embeddable":true,"href":"https:\/\/lydenim.com\/fr\/wp-json\/wp\/v2\/categories?post=4785"},{"taxonomy":"post_tag","embeddable":true,"href":"https:\/\/lydenim.com\/fr\/wp-json\/wp\/v2\/tags?post=4785"}],"curies":[{"name":"wp","href":"https:\/\/api.w.org\/{rel}","templated":true}]}}