{"id":4833,"date":"2025-04-24T11:55:44","date_gmt":"2025-04-24T03:55:44","guid":{"rendered":"https:\/\/lydenim.com\/?p=4833"},"modified":"2025-08-24T12:43:02","modified_gmt":"2025-08-24T04:43:02","slug":"denim-fabric-trends","status":"publish","type":"post","link":"https:\/\/lydenim.com\/fr\/tendances-du-tissu-denim\/","title":{"rendered":"Tendances du tissu denim"},"content":{"rendered":"<h3 data-pm-slice=\"1 1 []\">Temps de lecture estim\u00e9 : ~3 minutes<\/h3>\n<h3 style=\"text-align: left;\" data-pm-slice=\"1 1 []\">Introduction<\/h3>\n<p dir=\"ltr\">Le denim reste un choix intemporel dans la mode. Des textures audacieuses aux finitions futuristes, ces techniques de fabrication, issues des analyses du secteur, offrent aux cr\u00e9ateurs une inspiration nouvelle. <a href=\"https:\/\/lydenim.com\/fr\/\">Lydenim.com.<\/a><\/p>\n<h3 dir=\"ltr\">1. <a href=\"https:\/\/www.google.com\/search?q=Three-Dimensional+Texture&amp;oq=Three-Dimensional+Texture&amp;aqs=chrome..69i57j46i3i143i308i362j0i3i66i143i308i362j46i3i143i308i362j0i3i66i143i308i362l3j69i59i450l2.296j0j15&amp;sourceid=chrome&amp;ie=UTF-8\">Texture tridimensionnelle<\/a><\/h3>\n<p dir=\"ltr\">Ajoutez de la profondeur avec des plis concaves et convexes, cr\u00e9ant une texture denim tactile. Parfaite pour les robes, les costumes et les pantalons, cette tendance allie avant-garde et silhouettes classiques. Notre denim extensible accentue cet effet, offrant une grande souplesse pour des cr\u00e9ations \u00e9poustouflantes.<img loading=\"lazy\" decoding=\"async\" class=\"aligncenter wp-image-4840\" src=\"https:\/\/lydenim.com\/wp-content\/uploads\/2025\/04\/Three-Dimensional-Texture.jpg\" alt=\"\" width=\"600\" height=\"800\" srcset=\"https:\/\/lydenim.com\/wp-content\/uploads\/2025\/04\/Three-Dimensional-Texture.jpg 900w, https:\/\/lydenim.com\/wp-content\/uploads\/2025\/04\/Three-Dimensional-Texture-225x300.jpg 225w, https:\/\/lydenim.com\/wp-content\/uploads\/2025\/04\/Three-Dimensional-Texture-768x1024.jpg 768w, https:\/\/lydenim.com\/wp-content\/uploads\/2025\/04\/Three-Dimensional-Texture-9x12.jpg 9w, https:\/\/lydenim.com\/wp-content\/uploads\/2025\/04\/Three-Dimensional-Texture-600x800.jpg 600w, https:\/\/lydenim.com\/wp-content\/uploads\/2025\/04\/Three-Dimensional-Texture-150x200.jpg 150w\" sizes=\"auto, (max-width: 600px) 100vw, 600px\" \/><\/p>\n<h3 dir=\"ltr\">2. D\u00e9tresse et effiloch\u00e9<\/h3>\n<p dir=\"ltr\">Obtenez un look vintage et us\u00e9 avec un denim vieilli. Id\u00e9al pour les vestes, les pantalons et les ensembles, cette technique s&#039;associe \u00e0 diff\u00e9rents d\u00e9lavages pour \u00e9voquer une ambiance punk-futuriste. Le denim r\u00e9sistant de Lydenim.com garantit une qualit\u00e9 durable.<img loading=\"lazy\" decoding=\"async\" class=\"aligncenter wp-image-4835\" src=\"https:\/\/lydenim.com\/wp-content\/uploads\/2025\/04\/Distressed-and-Frayed.jpg\" alt=\"\" width=\"600\" height=\"800\" srcset=\"https:\/\/lydenim.com\/wp-content\/uploads\/2025\/04\/Distressed-and-Frayed.jpg 900w, https:\/\/lydenim.com\/wp-content\/uploads\/2025\/04\/Distressed-and-Frayed-225x300.jpg 225w, https:\/\/lydenim.com\/wp-content\/uploads\/2025\/04\/Distressed-and-Frayed-768x1024.jpg 768w, https:\/\/lydenim.com\/wp-content\/uploads\/2025\/04\/Distressed-and-Frayed-9x12.jpg 9w, https:\/\/lydenim.com\/wp-content\/uploads\/2025\/04\/Distressed-and-Frayed-600x800.jpg 600w, https:\/\/lydenim.com\/wp-content\/uploads\/2025\/04\/Distressed-and-Frayed-150x200.jpg 150w\" sizes=\"auto, (max-width: 600px) 100vw, 600px\" \/><\/p>\n<h3 dir=\"ltr\">3. Tie-Dye d\u00e9grad\u00e9<\/h3>\n<p dir=\"ltr\">Confectionn\u00e9 en coton naturel, ce denim tie-dye d\u00e9lav\u00e9 apporte une touche artistique \u00e0 vos pantalons, vestes et chemises. Adapt\u00e9 aux styles urbains et avant-gardistes, notre tissu denim offre des r\u00e9sultats \u00e9clatants et durables.<img loading=\"lazy\" decoding=\"async\" class=\"aligncenter wp-image-4838\" src=\"https:\/\/lydenim.com\/wp-content\/uploads\/2025\/04\/Gradient-Tie-Dye.jpg\" alt=\"\" width=\"600\" height=\"800\" srcset=\"https:\/\/lydenim.com\/wp-content\/uploads\/2025\/04\/Gradient-Tie-Dye.jpg 900w, https:\/\/lydenim.com\/wp-content\/uploads\/2025\/04\/Gradient-Tie-Dye-225x300.jpg 225w, https:\/\/lydenim.com\/wp-content\/uploads\/2025\/04\/Gradient-Tie-Dye-768x1024.jpg 768w, https:\/\/lydenim.com\/wp-content\/uploads\/2025\/04\/Gradient-Tie-Dye-9x12.jpg 9w, https:\/\/lydenim.com\/wp-content\/uploads\/2025\/04\/Gradient-Tie-Dye-600x800.jpg 600w, https:\/\/lydenim.com\/wp-content\/uploads\/2025\/04\/Gradient-Tie-Dye-150x200.jpg 150w\" sizes=\"auto, (max-width: 600px) 100vw, 600px\" \/><\/p>\n<h3 dir=\"ltr\">4. Rev\u00eatement m\u00e9tallique<\/h3>\n<p dir=\"ltr\">Adoptez une esth\u00e9tique futuriste avec le denim m\u00e9tallis\u00e9. Ce fini d&#039;inspiration technologique sublime vos jupes et vestes, parfait pour des cr\u00e9ations avant-gardistes. Explorez nos denims enduits pour des looks audacieux.<img loading=\"lazy\" decoding=\"async\" class=\"aligncenter wp-image-4839\" src=\"https:\/\/lydenim.com\/wp-content\/uploads\/2025\/04\/Metallic-Coating.jpg\" alt=\"\" width=\"600\" height=\"800\" srcset=\"https:\/\/lydenim.com\/wp-content\/uploads\/2025\/04\/Metallic-Coating.jpg 900w, https:\/\/lydenim.com\/wp-content\/uploads\/2025\/04\/Metallic-Coating-225x300.jpg 225w, https:\/\/lydenim.com\/wp-content\/uploads\/2025\/04\/Metallic-Coating-768x1024.jpg 768w, https:\/\/lydenim.com\/wp-content\/uploads\/2025\/04\/Metallic-Coating-9x12.jpg 9w, https:\/\/lydenim.com\/wp-content\/uploads\/2025\/04\/Metallic-Coating-600x800.jpg 600w, https:\/\/lydenim.com\/wp-content\/uploads\/2025\/04\/Metallic-Coating-150x200.jpg 150w\" sizes=\"auto, (max-width: 600px) 100vw, 600px\" \/><\/p>\n<h3 dir=\"ltr\">5. <a href=\"https:\/\/lydenim.com\/fr\/?s=Jacquard&amp;post_type=product\">Jacquard<\/a> Tisser<\/h3>\n<p dir=\"ltr\">Des motifs complexes d\u00e9finissent le tissu denim jacquard, id\u00e9al pour les jupes, pantalons et vestes inspir\u00e9s de Chanel.<img loading=\"lazy\" decoding=\"async\" class=\"aligncenter wp-image-4834\" src=\"https:\/\/lydenim.com\/wp-content\/uploads\/2025\/04\/Jacquard-Weave.jpg\" alt=\"\" width=\"600\" height=\"800\" srcset=\"https:\/\/lydenim.com\/wp-content\/uploads\/2025\/04\/Jacquard-Weave.jpg 900w, https:\/\/lydenim.com\/wp-content\/uploads\/2025\/04\/Jacquard-Weave-225x300.jpg 225w, https:\/\/lydenim.com\/wp-content\/uploads\/2025\/04\/Jacquard-Weave-768x1024.jpg 768w, https:\/\/lydenim.com\/wp-content\/uploads\/2025\/04\/Jacquard-Weave-9x12.jpg 9w, https:\/\/lydenim.com\/wp-content\/uploads\/2025\/04\/Jacquard-Weave-600x800.jpg 600w, https:\/\/lydenim.com\/wp-content\/uploads\/2025\/04\/Jacquard-Weave-150x200.jpg 150w\" sizes=\"auto, (max-width: 600px) 100vw, 600px\" \/><\/p>\n<h3 dir=\"ltr\">6. Coupe des franges<\/h3>\n<p dir=\"ltr\">Ajoutez une touche ludique avec un denim \u00e0 franges. Ce fini vieilli et frang\u00e9 s&#039;accorde parfaitement avec les pantalons et les vestes, sublimant les styles urbains et d\u00e9construits. Personnalisez-le avec nos options sur mesure.<img loading=\"lazy\" decoding=\"async\" class=\"aligncenter wp-image-4837\" src=\"https:\/\/lydenim.com\/wp-content\/uploads\/2025\/04\/Fringe-Trimming.jpg\" alt=\"\" width=\"600\" height=\"800\" srcset=\"https:\/\/lydenim.com\/wp-content\/uploads\/2025\/04\/Fringe-Trimming.jpg 900w, https:\/\/lydenim.com\/wp-content\/uploads\/2025\/04\/Fringe-Trimming-225x300.jpg 225w, https:\/\/lydenim.com\/wp-content\/uploads\/2025\/04\/Fringe-Trimming-768x1024.jpg 768w, https:\/\/lydenim.com\/wp-content\/uploads\/2025\/04\/Fringe-Trimming-9x12.jpg 9w, https:\/\/lydenim.com\/wp-content\/uploads\/2025\/04\/Fringe-Trimming-600x800.jpg 600w, https:\/\/lydenim.com\/wp-content\/uploads\/2025\/04\/Fringe-Trimming-150x200.jpg 150w\" sizes=\"auto, (max-width: 600px) 100vw, 600px\" \/><\/p>\n<h3 dir=\"auto\">Services de personnalisation par LYDENIM<\/h3>\n<p dir=\"auto\">\ud83c\udfa8 Vouloir <strong>tissus denim personnalis\u00e9s<\/strong> ou\u00a0 <strong>unique<\/strong> <strong>v\u00eatement en denim personnalis\u00e9<\/strong>? LYDENIM est sp\u00e9cialis\u00e9 dans les solutions sur mesure pour r\u00e9pondre \u00e0 vos besoins de conception et de production.<\/p>\n<p dir=\"auto\">\ud83d\udecd\ufe0f <strong>Explorez et inspirez-vous<\/strong>: Parcourez nos s\u00e9lections de tissus et d\u00e9couvrez des id\u00e9es de design sur <a href=\"https:\/\/lydenim.com\/fr\/\" target=\"_blank\" rel=\"noopener noreferrer nofollow\">LYDenim<\/a>.<\/p>\n<p dir=\"auto\">\ud83c\udf10 <strong>V\u00eatements \u00e9lastiques<\/strong>:D\u00e9couvrez nos offres sur <a href=\"http:\/\/liangyuantextile.m.en.alibaba.com\" target=\"_blank\" rel=\"noopener noreferrer nofollow\">MonAlibaba<\/a>. \ud83d\udce9 <strong>Contactez-nous<\/strong>: Contactez-nous \u00e0 <a href=\"mailto:malone@lydenim.com\" target=\"_blank\" rel=\"noopener noreferrer nofollow\">malone@lydenim.com<\/a>.<\/p>\n<p dir=\"auto\">Cr\u00e9ez votre chef-d&#039;\u0153uvre en denim avec LYDENIM, votre partenaire de confiance pour <strong>tissu extensible<\/strong> et <strong>solutions denim personnalis\u00e9es<\/strong>.<\/p>\n<p dir=\"ltr\">\n<img loading=\"lazy\" decoding=\"async\" class=\"aligncenter wp-image-4844\" src=\"https:\/\/lydenim.com\/wp-content\/uploads\/2025\/04\/IMG_5001.jpg\" alt=\"\" width=\"600\" height=\"800\" srcset=\"https:\/\/lydenim.com\/wp-content\/uploads\/2025\/04\/IMG_5001.jpg 900w, https:\/\/lydenim.com\/wp-content\/uploads\/2025\/04\/IMG_5001-225x300.jpg 225w, https:\/\/lydenim.com\/wp-content\/uploads\/2025\/04\/IMG_5001-768x1024.jpg 768w, https:\/\/lydenim.com\/wp-content\/uploads\/2025\/04\/IMG_5001-9x12.jpg 9w, https:\/\/lydenim.com\/wp-content\/uploads\/2025\/04\/IMG_5001-600x800.jpg 600w, https:\/\/lydenim.com\/wp-content\/uploads\/2025\/04\/IMG_5001-150x200.jpg 150w\" sizes=\"auto, (max-width: 600px) 100vw, 600px\" \/> <img loading=\"lazy\" decoding=\"async\" class=\"aligncenter wp-image-4843\" src=\"https:\/\/lydenim.com\/wp-content\/uploads\/2025\/04\/IMG_4999.jpg\" alt=\"\" width=\"600\" height=\"800\" srcset=\"https:\/\/lydenim.com\/wp-content\/uploads\/2025\/04\/IMG_4999.jpg 900w, https:\/\/lydenim.com\/wp-content\/uploads\/2025\/04\/IMG_4999-225x300.jpg 225w, https:\/\/lydenim.com\/wp-content\/uploads\/2025\/04\/IMG_4999-768x1024.jpg 768w, https:\/\/lydenim.com\/wp-content\/uploads\/2025\/04\/IMG_4999-9x12.jpg 9w, https:\/\/lydenim.com\/wp-content\/uploads\/2025\/04\/IMG_4999-600x800.jpg 600w, https:\/\/lydenim.com\/wp-content\/uploads\/2025\/04\/IMG_4999-150x200.jpg 150w\" sizes=\"auto, (max-width: 600px) 100vw, 600px\" \/> <img loading=\"lazy\" decoding=\"async\" class=\"aligncenter wp-image-4842\" src=\"https:\/\/lydenim.com\/wp-content\/uploads\/2025\/04\/IMG_4998.jpg\" alt=\"\" width=\"600\" height=\"800\" srcset=\"https:\/\/lydenim.com\/wp-content\/uploads\/2025\/04\/IMG_4998.jpg 900w, https:\/\/lydenim.com\/wp-content\/uploads\/2025\/04\/IMG_4998-225x300.jpg 225w, https:\/\/lydenim.com\/wp-content\/uploads\/2025\/04\/IMG_4998-768x1024.jpg 768w, https:\/\/lydenim.com\/wp-content\/uploads\/2025\/04\/IMG_4998-9x12.jpg 9w, https:\/\/lydenim.com\/wp-content\/uploads\/2025\/04\/IMG_4998-600x800.jpg 600w, https:\/\/lydenim.com\/wp-content\/uploads\/2025\/04\/IMG_4998-150x200.jpg 150w\" sizes=\"auto, (max-width: 600px) 100vw, 600px\" \/><\/p>","protected":false},"excerpt":{"rendered":"<p>Temps de lecture estim\u00e9 : ~3 minutes Introduction Le denim reste un choix intemporel dans la mode. Des textures audacieuses aux finitions futuristes, ces<\/p>","protected":false},"author":1,"featured_media":4836,"comment_status":"open","ping_status":"open","sticky":false,"template":"","format":"standard","meta":{"two_page_speed":[],"footnotes":""},"categories":[67],"tags":[],"class_list":["post-4833","post","type-post","status-publish","format-standard","has-post-thumbnail","hentry","category-market"],"aioseo_notices":[],"_links":{"self":[{"href":"https:\/\/lydenim.com\/fr\/wp-json\/wp\/v2\/posts\/4833","targetHints":{"allow":["GET"]}}],"collection":[{"href":"https:\/\/lydenim.com\/fr\/wp-json\/wp\/v2\/posts"}],"about":[{"href":"https:\/\/lydenim.com\/fr\/wp-json\/wp\/v2\/types\/post"}],"author":[{"embeddable":true,"href":"https:\/\/lydenim.com\/fr\/wp-json\/wp\/v2\/users\/1"}],"replies":[{"embeddable":true,"href":"https:\/\/lydenim.com\/fr\/wp-json\/wp\/v2\/comments?post=4833"}],"version-history":[{"count":4,"href":"https:\/\/lydenim.com\/fr\/wp-json\/wp\/v2\/posts\/4833\/revisions"}],"predecessor-version":[{"id":6275,"href":"https:\/\/lydenim.com\/fr\/wp-json\/wp\/v2\/posts\/4833\/revisions\/6275"}],"wp:featuredmedia":[{"embeddable":true,"href":"https:\/\/lydenim.com\/fr\/wp-json\/wp\/v2\/media\/4836"}],"wp:attachment":[{"href":"https:\/\/lydenim.com\/fr\/wp-json\/wp\/v2\/media?parent=4833"}],"wp:term":[{"taxonomy":"category","embeddable":true,"href":"https:\/\/lydenim.com\/fr\/wp-json\/wp\/v2\/categories?post=4833"},{"taxonomy":"post_tag","embeddable":true,"href":"https:\/\/lydenim.com\/fr\/wp-json\/wp\/v2\/tags?post=4833"}],"curies":[{"name":"wp","href":"https:\/\/api.w.org\/{rel}","templated":true}]}}