{"id":4995,"date":"2025-05-06T16:05:26","date_gmt":"2025-05-06T08:05:26","guid":{"rendered":"https:\/\/lydenim.com\/?p=4995"},"modified":"2025-08-24T13:03:46","modified_gmt":"2025-08-24T05:03:46","slug":"denim-trends-from-couture-to-street-style","status":"publish","type":"post","link":"https:\/\/lydenim.com\/fr\/tendances-denim-de-la-couture-au-street-style\/","title":{"rendered":"Tendances denim : de la couture au street style"},"content":{"rendered":"<h2 data-pm-slice=\"1 1 []\">Temps de lecture estim\u00e9 : ~10 minutes<\/h2>\n<h2 style=\"text-align: left;\" data-pm-slice=\"1 1 []\">Introduction<\/h2>\n<p dir=\"ltr\">En 2025, la mode denim ne se r\u00e9sume plus \u00e0 une seule mati\u00e8re\u00a0: elle est synonyme de savoir-faire innovant et de contrastes de styles vari\u00e9s. Des d\u00e9lavages r\u00e9tro \u00e0 la d\u00e9construction futuriste, des textures naturelles aux imprim\u00e9s technologiques, le denim se renouvelle et devient l&#039;\u0153uvre d&#039;art rebelle la plus en vogue du printemps et de l&#039;\u00e9t\u00e9.<\/p>\n<h2 dir=\"ltr\">Vol.1 \/ Denim Haute Couture<\/h2>\n<p dir=\"ltr\"><strong>\u2014Quand le denim rencontre la pr\u00e9cision de la couture<img loading=\"lazy\" decoding=\"async\" class=\"size-full wp-image-4996 aligncenter\" src=\"https:\/\/lydenim.com\/wp-content\/uploads\/2025\/05\/DM_20250505014945_002-scaled-e1746514662817.jpg\" alt=\"SCHIAPARELLI \/ PR\u00caT-\u00c0-PORTER PRINTEMPS 2025\" width=\"600\" height=\"815\" \/><\/strong><\/p>\n<p dir=\"ltr\"><strong>Collection Schiaparelli Printemps\/\u00c9t\u00e9 2025<\/strong><br \/>\nLa collection printemps\/\u00e9t\u00e9 2025 de Schiaparelli s&#039;inspire du mythe grec d&#039;Icare s&#039;\u00e9levant vers le soleil, propulsant le denim, tissu classique, au sommet du savoir-faire et de l&#039;art. En d\u00e9construisant l&#039;histoire, en exp\u00e9rimentant avec la technologie et en honorant les classiques, la marque conf\u00e8re au denim un esprit nouveau, audacieux et rebelle. Utilisant le denim comme support, Schiaparelli cr\u00e9e un dialogue entre h\u00e9ritage artisanal et vision futuriste, le faisant passer du statut de symbole urbain \u00e0 celui d&#039;\u00ab \u0153uvre d&#039;art rebelle \u00bb dans l&#039;univers de la couture. Comme l&#039;\u00e9crit le cr\u00e9ateur dans le livret du d\u00e9fil\u00e9\u00a0: \u00ab\u00a0La haute couture aspire \u00e0 des sommets, nous permettant d&#039;\u00e9chapper un instant au chaos de la r\u00e9alit\u00e9.\u00a0\u00bb D\u00e9chirer, \u00e9pisser et r\u00e9assembler le denim ne sont pas seulement des innovations en mati\u00e8re de design, c&#039;est une d\u00e9claration d&#039;id\u00e9alisme audacieuse.<img loading=\"lazy\" decoding=\"async\" class=\"size-full wp-image-4997 aligncenter\" src=\"https:\/\/lydenim.com\/wp-content\/uploads\/2025\/05\/DM_20250505014945_003-e1746514729425.jpg\" alt=\"SCHIAPARELLI \/ PR\u00caT-\u00c0-PORTER PRINTEMPS 2025\" width=\"600\" height=\"805\" \/> <img loading=\"lazy\" decoding=\"async\" class=\"size-full wp-image-4998 aligncenter\" src=\"https:\/\/lydenim.com\/wp-content\/uploads\/2025\/05\/DM_20250505014945_004-e1746514798229.jpg\" alt=\"SCHIAPARELLI \/ PR\u00caT-\u00c0-PORTER PRINTEMPS 2025\" width=\"600\" height=\"850\" srcset=\"https:\/\/lydenim.com\/wp-content\/uploads\/2025\/05\/DM_20250505014945_004-e1746514798229.jpg 600w, https:\/\/lydenim.com\/wp-content\/uploads\/2025\/05\/DM_20250505014945_004-e1746514798229-212x300.jpg 212w, https:\/\/lydenim.com\/wp-content\/uploads\/2025\/05\/DM_20250505014945_004-e1746514798229-8x12.jpg 8w, https:\/\/lydenim.com\/wp-content\/uploads\/2025\/05\/DM_20250505014945_004-e1746514798229-150x213.jpg 150w\" sizes=\"auto, (max-width: 600px) 100vw, 600px\" \/> <img loading=\"lazy\" decoding=\"async\" class=\"size-full wp-image-4999 aligncenter\" src=\"https:\/\/lydenim.com\/wp-content\/uploads\/2025\/05\/DM_20250505014945_005-e1746514855125.jpg\" alt=\"SCHIAPARELLI \/ PR\u00caT-\u00c0-PORTER PRINTEMPS 2025\" width=\"600\" height=\"760\" \/><\/p>\n<p dir=\"ltr\"><strong>Collection printemps\/\u00e9t\u00e9 2025 de Stella McCartney<\/strong><br \/>\nLa collection printemps\/\u00e9t\u00e9 2025 de Stella McCartney s&#039;articule autour de la pr\u00e9servation de la nature et de la mode durable, m\u00ealant id\u00e9aux environnementaux, expression artistique et force f\u00e9minine au denim. S&#039;inspirant de la crise \u00e9cologique des oiseaux, de son h\u00e9ritage familial et des technologies du futur, la cr\u00e9atrice cr\u00e9e des pi\u00e8ces en denim \u00e0 la fois avant-gardistes et \u00e9thiques. Voici un aper\u00e7u de l&#039;inspiration derri\u00e8re ses cr\u00e9ations en denim sous quatre angles\u00a0:<\/p>\n<ul class=\"tight\" dir=\"ltr\" data-tight=\"true\">\n<li>\n<p dir=\"ltr\">L&#039;ADN de la marque, ancr\u00e9 dans les classiques britanniques et un h\u00e9ritage familial musical, transpara\u00eet, comme les costumes de Savile Row inspir\u00e9s des costumes de Paul McCartney des ann\u00e9es 1970. Les vestes \u00e0 revers en pointe \u00e0 double boutonnage s&#039;associent \u00e0 des jeans larges \u00e0 fines rayures bleu brumeux, canalisant l&#039;ambiance gentleman vintage tout en brisant les normes de genre avec une taille cintr\u00e9e ;<\/p>\n<\/li>\n<li>\n<p dir=\"ltr\">Un fil conducteur \u00e9questre traverse subtilement l&#039;ensemble : l&#039;amour du cr\u00e9ateur pour les chevaux fa\u00e7onne les lignes courbes du sac Ryder, refl\u00e9tant la gr\u00e2ce du dos d&#039;un cheval ;<\/p>\n<\/li>\n<li>\n<p dir=\"ltr\">De l\u00e9g\u00e8res broderies de chevaux et des coupes inspir\u00e9es du polo rendent hommage aux liens profonds de la famille avec la vie \u00e9questre.<img loading=\"lazy\" decoding=\"async\" class=\"size-full wp-image-5000 aligncenter\" src=\"https:\/\/lydenim.com\/wp-content\/uploads\/2025\/05\/DM_20250505014945_007-e1746515109178.jpg\" alt=\"STELLA MCCARTNEY \/ PR\u00caT-\u00c0-PORTER PRINTEMPS 2025\" width=\"600\" height=\"764\" \/><img loading=\"lazy\" decoding=\"async\" class=\"size-full wp-image-5001 aligncenter\" src=\"https:\/\/lydenim.com\/wp-content\/uploads\/2025\/05\/DM_20250505014945_008-e1746515150877.jpg\" alt=\"STELLA MCCARTNEY \/ PR\u00caT-\u00c0-PORTER PRINTEMPS 2025\" width=\"600\" height=\"563\" \/><\/p>\n<\/li>\n<\/ul>\n<h2 dir=\"ltr\">Vol.2 \/ Denim r\u00e9tro<\/h2>\n<p dir=\"ltr\"><strong>\u2014Glacier Washes \u00d7 Y2K Revival : R\u00eaver de nouveaux r\u00eaves dans le pass\u00e9<img loading=\"lazy\" decoding=\"async\" class=\"size-full wp-image-5002 aligncenter\" src=\"https:\/\/lydenim.com\/wp-content\/uploads\/2025\/05\/DM_20250505014945_009-e1746515390394.jpg\" alt=\"BALENCIAGA \/ PR\u00caT-\u00c0-PORTER PRINTEMPS 2025\" width=\"600\" height=\"863\" \/><\/strong><\/p>\n<p dir=\"ltr\"><strong>Balenciaga Pr\u00eat-\u00e0-porter Printemps\/\u00c9t\u00e9 2025<\/strong><br \/>\nLa collection de pr\u00eat-\u00e0-porter printemps-\u00e9t\u00e9 2025 de Balenciaga s&#039;articule autour du d\u00e9constructionnisme, des technologies du futur et des affrontements sous-culturels, inscrivant le denim au c\u0153ur de l&#039;esth\u00e9tique rebelle et de l&#039;artisanat avant-gardiste embl\u00e9matiques de la marque. Le cr\u00e9ateur Demna utilise des coupes radicales, des exp\u00e9rimentations mat\u00e9rielles et des symboles culturels emprunt\u00e9s pour insuffler au denim une tension dramatique et une profondeur philosophique. Le denim de cette saison r\u00e9interpr\u00e8te les v\u00eatements de travail traditionnels avec des coupes taille basse et des formes surr\u00e9alistes, \u00e0 l&#039;image du controvers\u00e9 jean bootcut \u00ab\u00a0taille ultra basse\u00a0\u00bb inspir\u00e9 de la s\u00e9rie Elwood de G-Star. Les tailles allong\u00e9es et les coutures de bottes exag\u00e9r\u00e9es brouillent la fronti\u00e8re entre pantalon et chaussure, cr\u00e9ant un effet visuel \u00ab\u00a0anti-ergonomique\u00a0\u00bb. Clin d&#039;\u0153il audacieux \u00e0 la culture urbaine et une interpr\u00e9tation futuriste de l&#039;esprit denim ample des sc\u00e8nes rave des ann\u00e9es 90. Le denim devient ici une toile de fond pour les dynamiques de pouvoir, avec des tailles plongeantes exposant les os des hanches et le bas-ventre \u2013 un renouveau des tendances taille basse des ann\u00e9es 2000 et une r\u00e9bellion contre les normes de beaut\u00e9 standardis\u00e9es.<img loading=\"lazy\" decoding=\"async\" class=\"aligncenter wp-image-5003\" src=\"https:\/\/lydenim.com\/wp-content\/uploads\/2025\/05\/DM_20250505014945_010-e1746515441618.jpg\" alt=\"BALENCIAGA \/ PR\u00caT-\u00c0-PORTER PRINTEMPS 2025\" width=\"600\" height=\"760\" srcset=\"https:\/\/lydenim.com\/wp-content\/uploads\/2025\/05\/DM_20250505014945_010-e1746515441618.jpg 1280w, https:\/\/lydenim.com\/wp-content\/uploads\/2025\/05\/DM_20250505014945_010-e1746515441618-237x300.jpg 237w, https:\/\/lydenim.com\/wp-content\/uploads\/2025\/05\/DM_20250505014945_010-e1746515441618-808x1024.jpg 808w, https:\/\/lydenim.com\/wp-content\/uploads\/2025\/05\/DM_20250505014945_010-e1746515441618-768x973.jpg 768w, https:\/\/lydenim.com\/wp-content\/uploads\/2025\/05\/DM_20250505014945_010-e1746515441618-1212x1536.jpg 1212w, https:\/\/lydenim.com\/wp-content\/uploads\/2025\/05\/DM_20250505014945_010-e1746515441618-9x12.jpg 9w, https:\/\/lydenim.com\/wp-content\/uploads\/2025\/05\/DM_20250505014945_010-e1746515441618-600x760.jpg 600w, https:\/\/lydenim.com\/wp-content\/uploads\/2025\/05\/DM_20250505014945_010-e1746515441618-150x190.jpg 150w\" sizes=\"auto, (max-width: 600px) 100vw, 600px\" \/><img loading=\"lazy\" decoding=\"async\" class=\"size-full wp-image-5004 aligncenter\" src=\"https:\/\/lydenim.com\/wp-content\/uploads\/2025\/05\/DM_20250505014945_011-e1746515541927.jpg\" alt=\"BALENCIAGA \/ PR\u00caT-\u00c0-PORTER PRINTEMPS 2025\" width=\"600\" height=\"561\" \/><\/p>\n<p dir=\"ltr\"><strong>Collection Coach Resort 2025<\/strong><br \/>\nLa collection croisi\u00e8re 2025 de Coach s&#039;appuie sur des racines r\u00e9tro, des pratiques durables et une esth\u00e9tique d\u00e9contract\u00e9e, m\u00ealant l&#039;esprit libre de la culture urbaine am\u00e9ricaine aux multiples facettes de la vie des femmes urbaines modernes. Le designer Stuart Vevers puise dans les archives de la marque, les principes \u00e9cologiques et l&#039;esprit anti-poli de la g\u00e9n\u00e9ration Z pour cr\u00e9er des pi\u00e8ces en denim \u00e0 la fois nostalgiques et originales, revisitant les tenues de travail et les styles urbains am\u00e9ricains des ann\u00e9es 1960 \u00e0 1990 avec des coupes oversize, des d\u00e9tails intemporels et une touche Y2K.<img loading=\"lazy\" decoding=\"async\" class=\"size-full wp-image-5005 aligncenter\" src=\"https:\/\/lydenim.com\/wp-content\/uploads\/2025\/05\/DM_20250505014945_014-e1746515746984.jpg\" alt=\"AUTOCAR \/ STATION 2025\" width=\"600\" height=\"864\" srcset=\"https:\/\/lydenim.com\/wp-content\/uploads\/2025\/05\/DM_20250505014945_014-e1746515746984.jpg 600w, https:\/\/lydenim.com\/wp-content\/uploads\/2025\/05\/DM_20250505014945_014-e1746515746984-208x300.jpg 208w, https:\/\/lydenim.com\/wp-content\/uploads\/2025\/05\/DM_20250505014945_014-e1746515746984-8x12.jpg 8w, https:\/\/lydenim.com\/wp-content\/uploads\/2025\/05\/DM_20250505014945_014-e1746515746984-150x216.jpg 150w\" sizes=\"auto, (max-width: 600px) 100vw, 600px\" \/><\/p>\n<p dir=\"ltr\"><strong>Collection MarkGong Printemps\/\u00c9t\u00e9 2025<\/strong><br \/>\nLa collection printemps\/\u00e9t\u00e9 2025 de MarkGong utilise <em>Sex and the City<\/em>Charlotte York, la \u00ab\u00a0femme au foyer parfaite\u00a0\u00bb, est au c\u0153ur du r\u00e9cit, explorant les r\u00f4les f\u00e9minins traditionnels face \u00e0 l&#039;ind\u00e9pendance moderne \u00e0 travers le denim. Le cr\u00e9ateur Mark Gong utilise la d\u00e9construction et la red\u00e9finition des symboles pour donner au denim une dualit\u00e9 \u00e9l\u00e9gante et provocante, explorant les th\u00e8mes du mariage, de la libert\u00e9 et de la conscience f\u00e9minine.<img loading=\"lazy\" decoding=\"async\" class=\"size-full wp-image-5006 aligncenter\" src=\"https:\/\/lydenim.com\/wp-content\/uploads\/2025\/05\/DM_20250505014945_015-e1746515890282.jpg\" alt=\"MARKGONG \/ SHANGHAI PRINTEMPS 2025\" width=\"600\" height=\"565\" \/><\/p>\n<p dir=\"ltr\"><strong>Collection Denim Printemps\/\u00c9t\u00e9 2025 de MM6<\/strong><br \/>\nLa collection denim printemps\/\u00e9t\u00e9 2025 de MM6 est une trilogie m\u00ealant d\u00e9constructionnisme, authenticit\u00e9 du quotidien et avenir durable. Avec des coupes subversives, des marques artisanales pr\u00e9serv\u00e9es, des symboles d&#039;archives r\u00e9interpr\u00e9t\u00e9s et des technologies \u00e9cologiques, la marque prouve que le denim est plus qu&#039;une ic\u00f4ne de la rue\u00a0: c&#039;est un vecteur d&#039;expression personnelle et d&#039;esprit du temps. Prenons l&#039;exemple des jeans \u00e0 ourlet brut\u00a0: les bords effiloch\u00e9s marquent la fin du design et le d\u00e9but de l&#039;histoire de celui qui les porte.<img loading=\"lazy\" decoding=\"async\" class=\"size-full wp-image-5007 aligncenter\" src=\"https:\/\/lydenim.com\/wp-content\/uploads\/2025\/05\/DM_20250505014945_016-e1746516062476.jpg\" alt=\"MM6 MAISON MARGIELA \/ PR\u00caT-\u00c0-PORTER PRINTEMPS 2025\" width=\"600\" height=\"411\" srcset=\"https:\/\/lydenim.com\/wp-content\/uploads\/2025\/05\/DM_20250505014945_016-e1746516062476.jpg 600w, https:\/\/lydenim.com\/wp-content\/uploads\/2025\/05\/DM_20250505014945_016-e1746516062476-300x206.jpg 300w, https:\/\/lydenim.com\/wp-content\/uploads\/2025\/05\/DM_20250505014945_016-e1746516062476-18x12.jpg 18w, https:\/\/lydenim.com\/wp-content\/uploads\/2025\/05\/DM_20250505014945_016-e1746516062476-150x103.jpg 150w\" sizes=\"auto, (max-width: 600px) 100vw, 600px\" \/><\/p>\n<p dir=\"ltr\"><strong>Collection Printemps\/\u00c9t\u00e9 2025 de la s\u00e9rie Cplus<\/strong><br \/>\nLa collection printemps\/\u00e9t\u00e9 2025 de Cplus Series s&#039;inspire de la m\u00e9moire collective des garde-robes des m\u00e8res, utilisant le denim pour tisser des liens entre \u00e9motions interg\u00e9n\u00e9rationnelles, transitions temporelles et pratiques durables. La cr\u00e9atrice Liu Junting s&#039;inspire de l&#039;\u00e9volution des garde-robes des femmes chinoises, m\u00ealant d\u00e9construction et surcyclage pour donner au denim une touche \u00e0 la fois nostalgique et avant-gardiste.<img loading=\"lazy\" decoding=\"async\" class=\"size-full wp-image-5008 aligncenter\" src=\"https:\/\/lydenim.com\/wp-content\/uploads\/2025\/05\/DM_20250505014945_017-e1746516125125.jpg\" alt=\"\" width=\"600\" height=\"764\" srcset=\"https:\/\/lydenim.com\/wp-content\/uploads\/2025\/05\/DM_20250505014945_017-e1746516125125.jpg 600w, https:\/\/lydenim.com\/wp-content\/uploads\/2025\/05\/DM_20250505014945_017-e1746516125125-236x300.jpg 236w, https:\/\/lydenim.com\/wp-content\/uploads\/2025\/05\/DM_20250505014945_017-e1746516125125-9x12.jpg 9w, https:\/\/lydenim.com\/wp-content\/uploads\/2025\/05\/DM_20250505014945_017-e1746516125125-150x191.jpg 150w\" sizes=\"auto, (max-width: 600px) 100vw, 600px\" \/><\/p>\n<h2 dir=\"ltr\">Vol.3 \/ Denim de travail<\/h2>\n<p dir=\"ltr\"><strong>\u2014Romance hardcore sous la fonctionnalit\u00e9 Doomsday<img loading=\"lazy\" decoding=\"async\" class=\"size-full wp-image-5009 aligncenter\" src=\"https:\/\/lydenim.com\/wp-content\/uploads\/2025\/05\/DM_20250505014945_018-e1746516210930.jpg\" alt=\"\" width=\"600\" height=\"861\" srcset=\"https:\/\/lydenim.com\/wp-content\/uploads\/2025\/05\/DM_20250505014945_018-e1746516210930.jpg 600w, https:\/\/lydenim.com\/wp-content\/uploads\/2025\/05\/DM_20250505014945_018-e1746516210930-209x300.jpg 209w, https:\/\/lydenim.com\/wp-content\/uploads\/2025\/05\/DM_20250505014945_018-e1746516210930-8x12.jpg 8w, https:\/\/lydenim.com\/wp-content\/uploads\/2025\/05\/DM_20250505014945_018-e1746516210930-150x215.jpg 150w\" sizes=\"auto, (max-width: 600px) 100vw, 600px\" \/><\/strong><\/p>\n<p dir=\"ltr\"><strong>Collection Sacai Printemps\/\u00c9t\u00e9 2025<\/strong><br \/>\nLa collection Printemps\/\u00c9t\u00e9 2025 de Sacai m\u00eale l&#039;ADN de la marque, la profondeur culturelle parisienne et l&#039;exploration de la jeunesse au d\u00e9constructionnisme, transformant le denim, symbole du workwear, en une d\u00e9claration de mode po\u00e9tique et avant-gardiste. La directrice artistique Chitose Abe redessine les silhouettes, exp\u00e9rimente les mati\u00e8res et r\u00e9interpr\u00e8te les ic\u00f4nes, insufflant au denim de nouvelles facettes narratives. S&#039;inspirant de classiques comme les trenchs et les blousons d&#039;aviateur MA-1, la collection les d\u00e9construit en pi\u00e8ces en denim asym\u00e9triques, conservant des poches fonctionnelles tout en utilisant des formes audacieuses pour briser les st\u00e9r\u00e9otypes du workwear.<img loading=\"lazy\" decoding=\"async\" class=\"size-full wp-image-5010 aligncenter\" src=\"https:\/\/lydenim.com\/wp-content\/uploads\/2025\/05\/DM_20250505014945_019-e1746516274311.jpg\" alt=\"SACAI \/ PR\u00caT-\u00c0-PORTER PRINTEMPS 2025\" width=\"600\" height=\"764\" srcset=\"https:\/\/lydenim.com\/wp-content\/uploads\/2025\/05\/DM_20250505014945_019-e1746516274311.jpg 600w, https:\/\/lydenim.com\/wp-content\/uploads\/2025\/05\/DM_20250505014945_019-e1746516274311-236x300.jpg 236w, https:\/\/lydenim.com\/wp-content\/uploads\/2025\/05\/DM_20250505014945_019-e1746516274311-9x12.jpg 9w, https:\/\/lydenim.com\/wp-content\/uploads\/2025\/05\/DM_20250505014945_019-e1746516274311-150x191.jpg 150w\" sizes=\"auto, (max-width: 600px) 100vw, 600px\" \/><img loading=\"lazy\" decoding=\"async\" class=\"size-full wp-image-5011 aligncenter\" src=\"https:\/\/lydenim.com\/wp-content\/uploads\/2025\/05\/DM_20250505014945_020-e1746516393120.jpg\" alt=\"SACAI \/ PR\u00caT-\u00c0-PORTER PRINTEMPS 2025 \" width=\"600\" height=\"567\" srcset=\"https:\/\/lydenim.com\/wp-content\/uploads\/2025\/05\/DM_20250505014945_020-e1746516393120.jpg 600w, https:\/\/lydenim.com\/wp-content\/uploads\/2025\/05\/DM_20250505014945_020-e1746516393120-300x284.jpg 300w, https:\/\/lydenim.com\/wp-content\/uploads\/2025\/05\/DM_20250505014945_020-e1746516393120-13x12.jpg 13w, https:\/\/lydenim.com\/wp-content\/uploads\/2025\/05\/DM_20250505014945_020-e1746516393120-150x142.jpg 150w\" sizes=\"auto, (max-width: 600px) 100vw, 600px\" \/><\/p>\n<p dir=\"ltr\"><strong>Collection denim Duckie Brown printemps 2025<\/strong><br \/>\nLa collection denim printemps 2025 de Duckie Brown s&#039;inscrit dans ses racines d\u00e9constructionnistes et streetwear, en phase avec les tendances de 2025\u00a0: durabilit\u00e9, esprit r\u00e9tro et praticit\u00e9. Gr\u00e2ce \u00e0 l&#039;innovation textile, \u00e0 la reconstruction des silhouettes et aux m\u00e9taphores culturelles, elle cr\u00e9e un denim \u00e0 la fois fonctionnel et avant-gardiste.<img loading=\"lazy\" decoding=\"async\" class=\"size-full wp-image-5012 aligncenter\" src=\"https:\/\/lydenim.com\/wp-content\/uploads\/2025\/05\/DM_20250505014945_021-scaled-e1746516443183.jpg\" alt=\"DUCKIE BROWN \/ V\u00caTEMENTS HOMMES PRINTEMPS 2025\" width=\"600\" height=\"844\" srcset=\"https:\/\/lydenim.com\/wp-content\/uploads\/2025\/05\/DM_20250505014945_021-scaled-e1746516443183.jpg 600w, https:\/\/lydenim.com\/wp-content\/uploads\/2025\/05\/DM_20250505014945_021-scaled-e1746516443183-213x300.jpg 213w, https:\/\/lydenim.com\/wp-content\/uploads\/2025\/05\/DM_20250505014945_021-scaled-e1746516443183-9x12.jpg 9w, https:\/\/lydenim.com\/wp-content\/uploads\/2025\/05\/DM_20250505014945_021-scaled-e1746516443183-150x211.jpg 150w\" sizes=\"auto, (max-width: 600px) 100vw, 600px\" \/><\/p>\n<p dir=\"ltr\"><strong>Sacai 2025 Spring Menswear Denim Series<\/strong><br \/>\nLa collection denim homme printemps 2025 de Sacai incarne l&#039;esprit libre de James Dean, utilisant la d\u00e9construction pour r\u00e9inventer le style am\u00e9ricain classique avec la culture urbaine, l&#039;esth\u00e9tique industrielle et une touche exp\u00e9rimentale. La cr\u00e9atrice Chitose Abe aborde la question de la croissance et de la d\u00e9couverte de soi \u00e0 travers ces cr\u00e9ations.<img loading=\"lazy\" decoding=\"async\" class=\"size-full wp-image-5013 aligncenter\" src=\"https:\/\/lydenim.com\/wp-content\/uploads\/2025\/05\/DM_20250505014945_022-e1746516515157.jpg\" alt=\"SACAI \/ V\u00caTEMENTS HOMMES PRINTEMPS 2025\" width=\"600\" height=\"858\" \/><\/p>\n<p dir=\"ltr\"><strong>Collection denim pour homme Coach printemps 2025<\/strong><br \/>\nLa collection denim homme printemps 2025 de Coach s&#039;articule autour d&#039;un \u00ab\u00a0nouveau luxe authentique\u00a0\u00bb, revisitant les v\u00eatements de travail vintage et la culture urbaine gr\u00e2ce \u00e0 un savoir-faire durable et un design innovant. Avec des pi\u00e8ces modulaires et des mat\u00e9riaux recycl\u00e9s, elle allie savoir-faire artisanal et technologie futuriste pour exprimer une attitude authentique, \u00e0 la fois clin d&#039;\u0153il aux classiques et r\u00e9ponse aux exigences actuelles de durabilit\u00e9 et de libert\u00e9 personnelle.<img loading=\"lazy\" decoding=\"async\" class=\"aligncenter wp-image-5014\" src=\"https:\/\/lydenim.com\/wp-content\/uploads\/2025\/05\/DM_20250505014945_025-e1746516598937.jpg\" alt=\"COACH \/ PR\u00caT-\u00c0-PORTER PRINTEMPS 2025\" width=\"600\" height=\"564\" srcset=\"https:\/\/lydenim.com\/wp-content\/uploads\/2025\/05\/DM_20250505014945_025-e1746516598937.jpg 1280w, https:\/\/lydenim.com\/wp-content\/uploads\/2025\/05\/DM_20250505014945_025-e1746516598937-300x282.jpg 300w, https:\/\/lydenim.com\/wp-content\/uploads\/2025\/05\/DM_20250505014945_025-e1746516598937-1024x962.jpg 1024w, https:\/\/lydenim.com\/wp-content\/uploads\/2025\/05\/DM_20250505014945_025-e1746516598937-768x722.jpg 768w, https:\/\/lydenim.com\/wp-content\/uploads\/2025\/05\/DM_20250505014945_025-e1746516598937-13x12.jpg 13w, https:\/\/lydenim.com\/wp-content\/uploads\/2025\/05\/DM_20250505014945_025-e1746516598937-600x564.jpg 600w, https:\/\/lydenim.com\/wp-content\/uploads\/2025\/05\/DM_20250505014945_025-e1746516598937-150x141.jpg 150w\" sizes=\"auto, (max-width: 600px) 100vw, 600px\" \/><\/p>\n<h2 dir=\"ltr\">Vol.4 \/ Denim d\u00e9contract\u00e9<\/h2>\n<p dir=\"ltr\"><strong>\u2014Une ambiance d\u00e9contract\u00e9e r\u00e8gne dans les rues<\/strong><\/p>\n<p dir=\"ltr\"><strong>Collection denim Kenzo Homme Printemps 2025<\/strong><br \/>\nLa collection denim homme printemps 2025 de Kenzo mise sur le dialogue interculturel, d\u00e9construisant et r\u00e9assemblant l&#039;esth\u00e9tique traditionnelle japonaise et la culture urbaine. Coupes kimono, clins d&#039;\u0153il aux uniformes de pompiers et graffitis ludiques de Verdy insufflent une nouvelle vie au denim. Le cr\u00e9ateur Nigo s&#039;inspire de la sensation ample et drap\u00e9e de la couche int\u00e9rieure du kimono (hanjuban) pour cr\u00e9er des jeans larges taille haute avec des liens r\u00e9glables au lieu de ceintures, perp\u00e9tuant ainsi l&#039;esprit libre du kimono dans la mode moderne.<img loading=\"lazy\" decoding=\"async\" class=\"size-full wp-image-5015 aligncenter\" src=\"https:\/\/lydenim.com\/wp-content\/uploads\/2025\/05\/DM_20250505014945_026-e1746516687857.jpg\" alt=\"KENZO \/ V\u00caTEMENTS HOMME PRINTEMPS 2025\" width=\"600\" height=\"858\" \/><\/p>\n<p dir=\"ltr\"><strong>Collection Stella McCartney 2025<\/strong><br \/>\nLa collection 2025 de Stella McCartney s&#039;inspire de la vitalit\u00e9 du myc\u00e9lium et de la symbiose des \u00e9cosyst\u00e8mes marins, m\u00eal\u00e9es \u00e0 la culture nomade et au style urbain des voyageurs. Les pi\u00e8ces en denim privil\u00e9gient la modularit\u00e9 et la polyvalence, int\u00e9grant du cuir de myc\u00e9lium cultiv\u00e9 en laboratoire et de la fibre de feuille d&#039;ananas (Pi\u00f1atex) pour promouvoir une mode pratique et sans cruaut\u00e9, dans un esprit \u00ab\u00a0fid\u00e8le \u00e0 la nature\u00a0\u00bb.<img loading=\"lazy\" decoding=\"async\" class=\"size-full wp-image-5016 aligncenter\" src=\"https:\/\/lydenim.com\/wp-content\/uploads\/2025\/05\/DM_20250505014945_027-scaled-e1746516764632.jpg\" alt=\"STELLA MCCARTNEY \/ RESORT 2025 \" width=\"600\" height=\"862\" srcset=\"https:\/\/lydenim.com\/wp-content\/uploads\/2025\/05\/DM_20250505014945_027-scaled-e1746516764632.jpg 600w, https:\/\/lydenim.com\/wp-content\/uploads\/2025\/05\/DM_20250505014945_027-scaled-e1746516764632-209x300.jpg 209w, https:\/\/lydenim.com\/wp-content\/uploads\/2025\/05\/DM_20250505014945_027-scaled-e1746516764632-8x12.jpg 8w, https:\/\/lydenim.com\/wp-content\/uploads\/2025\/05\/DM_20250505014945_027-scaled-e1746516764632-150x216.jpg 150w\" sizes=\"auto, (max-width: 600px) 100vw, 600px\" \/><\/p>\n<p dir=\"ltr\"><strong>S\u00e9rie Denim Printemps 2025 de The Row<\/strong><br \/>\nLa s\u00e9rie denim printemps 2025 de The Row vise \u00e0 \u00ab r\u00e9inventer les classiques \u00bb, en m\u00e9langeant l&#039;esth\u00e9tique des v\u00eatements de travail am\u00e9ricains avec la simplicit\u00e9 zen japonaise \u00e0 travers des coupes architecturales, des mat\u00e9riaux recycl\u00e9s et des techniques artisanales.<img loading=\"lazy\" decoding=\"async\" class=\"size-full wp-image-5017 aligncenter\" src=\"https:\/\/lydenim.com\/wp-content\/uploads\/2025\/05\/DM_20250505014945_028-e1746516802252.jpg\" alt=\"THE ROW \/ PR\u00caT-\u00c0-PORTER PRINTEMPS 2025\" width=\"600\" height=\"732\" srcset=\"https:\/\/lydenim.com\/wp-content\/uploads\/2025\/05\/DM_20250505014945_028-e1746516802252.jpg 600w, https:\/\/lydenim.com\/wp-content\/uploads\/2025\/05\/DM_20250505014945_028-e1746516802252-246x300.jpg 246w, https:\/\/lydenim.com\/wp-content\/uploads\/2025\/05\/DM_20250505014945_028-e1746516802252-10x12.jpg 10w, https:\/\/lydenim.com\/wp-content\/uploads\/2025\/05\/DM_20250505014945_028-e1746516802252-150x183.jpg 150w\" sizes=\"auto, (max-width: 600px) 100vw, 600px\" \/><\/p>\n<p dir=\"ltr\"><strong>Pr\u00eat-\u00e0-porter printemps 2025 de Ralph Lauren<\/strong><br \/>\nLes pi\u00e8ces en denim pr\u00eat-\u00e0-porter printemps 2025 de Ralph Lauren s&#039;inspirent des \u00ab rythmes naturels des Hamptons \u00bb, fusionnant les classiques am\u00e9ricains embl\u00e9matiques de la marque avec les loisirs de la c\u00f4te Est via l&#039;artisanat et la couture moderne, red\u00e9finissant l&#039;histoire du luxe du denim.<img loading=\"lazy\" decoding=\"async\" class=\"size-full wp-image-5018 aligncenter\" src=\"https:\/\/lydenim.com\/wp-content\/uploads\/2025\/05\/DM_20250505014945_029-e1746516846525.jpg\" alt=\"RALPH LAUREN \/ PR\u00caT-\u00c0-PORTER PRINTEMPS 2025\" width=\"600\" height=\"862\" srcset=\"https:\/\/lydenim.com\/wp-content\/uploads\/2025\/05\/DM_20250505014945_029-e1746516846525.jpg 600w, https:\/\/lydenim.com\/wp-content\/uploads\/2025\/05\/DM_20250505014945_029-e1746516846525-209x300.jpg 209w, https:\/\/lydenim.com\/wp-content\/uploads\/2025\/05\/DM_20250505014945_029-e1746516846525-8x12.jpg 8w, https:\/\/lydenim.com\/wp-content\/uploads\/2025\/05\/DM_20250505014945_029-e1746516846525-150x216.jpg 150w\" sizes=\"auto, (max-width: 600px) 100vw, 600px\" \/><img loading=\"lazy\" decoding=\"async\" class=\"size-full wp-image-5019 aligncenter\" src=\"https:\/\/lydenim.com\/wp-content\/uploads\/2025\/05\/DM_20250505014945_030-e1746516923598.jpg\" alt=\"RALPH LAUREN \/ PR\u00caT-\u00c0-PORTER PRINTEMPS 2025\" width=\"600\" height=\"749\" srcset=\"https:\/\/lydenim.com\/wp-content\/uploads\/2025\/05\/DM_20250505014945_030-e1746516923598.jpg 600w, https:\/\/lydenim.com\/wp-content\/uploads\/2025\/05\/DM_20250505014945_030-e1746516923598-240x300.jpg 240w, https:\/\/lydenim.com\/wp-content\/uploads\/2025\/05\/DM_20250505014945_030-e1746516923598-10x12.jpg 10w, https:\/\/lydenim.com\/wp-content\/uploads\/2025\/05\/DM_20250505014945_030-e1746516923598-150x187.jpg 150w\" sizes=\"auto, (max-width: 600px) 100vw, 600px\" \/><\/p>\n<p dir=\"ltr\"><strong>Collection Coperni 2025 Resort<\/strong><br \/>\nLes pi\u00e8ces en denim de la collection resort 2025 de Coperni adoptent \u00ab l&#039;esth\u00e9tique nomade urbaine \u00bb, tissant le d\u00e9constructionnisme et la technologie futuriste de la marque dans le denim classique \u00e0 travers des exp\u00e9riences de mat\u00e9riaux et un design fonctionnel, remodelant son r\u00e9cit quotidien.<img loading=\"lazy\" decoding=\"async\" class=\"size-full wp-image-5020 aligncenter\" src=\"https:\/\/lydenim.com\/wp-content\/uploads\/2025\/05\/DM_20250505014945_031-e1746516964809.jpg\" alt=\"COPERNI \/ RESORT 2025\" width=\"600\" height=\"855\" srcset=\"https:\/\/lydenim.com\/wp-content\/uploads\/2025\/05\/DM_20250505014945_031-e1746516964809.jpg 600w, https:\/\/lydenim.com\/wp-content\/uploads\/2025\/05\/DM_20250505014945_031-e1746516964809-211x300.jpg 211w, https:\/\/lydenim.com\/wp-content\/uploads\/2025\/05\/DM_20250505014945_031-e1746516964809-8x12.jpg 8w, https:\/\/lydenim.com\/wp-content\/uploads\/2025\/05\/DM_20250505014945_031-e1746516964809-150x214.jpg 150w\" sizes=\"auto, (max-width: 600px) 100vw, 600px\" \/><\/p>\n<p dir=\"ltr\"><strong>Collection printemps\/\u00e9t\u00e9 2025 d&#039;Acne Studios<\/strong><br \/>\nLa collection printemps\/\u00e9t\u00e9 2025 d&#039;Acne Studios est ax\u00e9e sur les \u00ab\u00a0super-h\u00e9ros\u00a0\u00bb. Le directeur artistique Jonny Johansson m\u00eale fantaisies enfantines et \u00e9l\u00e9gance adulte, conf\u00e9rant au denim une tension rebelle et romantique, m\u00ealant v\u00eatements de travail r\u00e9tro, artisanat durable et ambiance super-h\u00e9ro\u00efne DC.<img loading=\"lazy\" decoding=\"async\" class=\"size-full wp-image-5023 aligncenter\" src=\"https:\/\/lydenim.com\/wp-content\/uploads\/2025\/05\/DM_20250505014945_032-e1746517007549.jpg\" alt=\"ACNE STUDIOS \/ PR\u00caT-\u00c0-PORTER PRINTEMPS 2025\" width=\"598\" height=\"1030\" srcset=\"https:\/\/lydenim.com\/wp-content\/uploads\/2025\/05\/DM_20250505014945_032-e1746517007549.jpg 598w, https:\/\/lydenim.com\/wp-content\/uploads\/2025\/05\/DM_20250505014945_032-e1746517007549-174x300.jpg 174w, https:\/\/lydenim.com\/wp-content\/uploads\/2025\/05\/DM_20250505014945_032-e1746517007549-595x1024.jpg 595w, https:\/\/lydenim.com\/wp-content\/uploads\/2025\/05\/DM_20250505014945_032-e1746517007549-7x12.jpg 7w, https:\/\/lydenim.com\/wp-content\/uploads\/2025\/05\/DM_20250505014945_032-e1746517007549-150x258.jpg 150w\" sizes=\"auto, (max-width: 598px) 100vw, 598px\" \/><\/p>\n<p dir=\"ltr\"><strong>Feng Chen Wang - S\u00e9rie Denim Printemps 2025<\/strong><br \/>\nLa collection denim printemps 2025 de Feng Chen Wang s&#039;inscrit dans une philosophie de \u00ab r\u00e9invention des classiques \u00bb, m\u00ealant l&#039;esth\u00e9tique des artefacts orientaux \u00e0 la culture urbaine gr\u00e2ce \u00e0 des coupes architecturales, des mat\u00e9riaux recycl\u00e9s et un savoir-faire artisanal. Elle pr\u00f4ne l&#039;utilit\u00e9, la durabilit\u00e9 et l&#039;expression de soi avec des symboles minimalistes et des technologies d&#039;avenir.<img loading=\"lazy\" decoding=\"async\" class=\"size-full wp-image-5024 aligncenter\" src=\"https:\/\/lydenim.com\/wp-content\/uploads\/2025\/05\/DM_20250505014945_033-e1746517090399.jpg\" alt=\"FENG CHEN WANG \/ V\u00caTEMENTS HOMMES PRINTEMPS 2025\" width=\"600\" height=\"414\" srcset=\"https:\/\/lydenim.com\/wp-content\/uploads\/2025\/05\/DM_20250505014945_033-e1746517090399.jpg 600w, https:\/\/lydenim.com\/wp-content\/uploads\/2025\/05\/DM_20250505014945_033-e1746517090399-300x207.jpg 300w, https:\/\/lydenim.com\/wp-content\/uploads\/2025\/05\/DM_20250505014945_033-e1746517090399-18x12.jpg 18w, https:\/\/lydenim.com\/wp-content\/uploads\/2025\/05\/DM_20250505014945_033-e1746517090399-150x104.jpg 150w\" sizes=\"auto, (max-width: 600px) 100vw, 600px\" \/><\/p>\n<h2 dir=\"ltr\">Vol.5 \/ Denim tendance<\/h2>\n<p dir=\"ltr\"><strong>\u2014Cyber Neon et Quilting Virtuel : Un Manifeste pour l&#039;Avenir<\/strong><\/p>\n<p><img loading=\"lazy\" decoding=\"async\" class=\"size-full wp-image-5025 aligncenter\" src=\"https:\/\/lydenim.com\/wp-content\/uploads\/2025\/05\/DM_20250505014945_034-e1746517134111.jpg\" alt=\"DIESEL \/ PR\u00caT-\u00c0-PORTER PRINTEMPS 2025\" width=\"600\" height=\"846\" srcset=\"https:\/\/lydenim.com\/wp-content\/uploads\/2025\/05\/DM_20250505014945_034-e1746517134111.jpg 600w, https:\/\/lydenim.com\/wp-content\/uploads\/2025\/05\/DM_20250505014945_034-e1746517134111-213x300.jpg 213w, https:\/\/lydenim.com\/wp-content\/uploads\/2025\/05\/DM_20250505014945_034-e1746517134111-9x12.jpg 9w, https:\/\/lydenim.com\/wp-content\/uploads\/2025\/05\/DM_20250505014945_034-e1746517134111-150x212.jpg 150w\" sizes=\"auto, (max-width: 600px) 100vw, 600px\" \/><\/p>\n<p dir=\"ltr\"><strong>Pr\u00eat-\u00e0-porter Diesel Printemps 2025<\/strong><br \/>\nLa collection pr\u00eat-\u00e0-porter printemps 2025 de Diesel mise sur la d\u00e9construction et le d\u00e9veloppement durable, utilisant 14\u00a0800 kilogrammes de chutes de denim pour le d\u00e9fil\u00e9, faisant \u00e9cho \u00e0 son th\u00e8me \u00ab\u00a0la beaut\u00e9 du d\u00e9chet\u00a0\u00bb. Le denim Rehab, fabriqu\u00e9 \u00e0 partir de coton recycl\u00e9 100%, conserve des coupes faites main et des bords bruts pour un aspect brut. Des broderies \u00e0 franges ornent les ourlets des pantalons, des coutures touffet\u00e9es dynamisent les robes, et les vestes en cuir imitent la texture du denim, fusionn\u00e9es avec des shorts recycl\u00e9s pour brouiller les lignes de mati\u00e8re. Le logo Double D est revisit\u00e9 en 3D gr\u00e2ce \u00e0 une d\u00e9coupe laser, bouleversant ainsi le branding traditionnel.<img loading=\"lazy\" decoding=\"async\" class=\"size-full wp-image-5027 aligncenter\" src=\"https:\/\/lydenim.com\/wp-content\/uploads\/2025\/05\/DM_20250505014945_035-e1746517239919.jpg\" alt=\"DIESEL \/ PR\u00caT-\u00c0-PORTER PRINTEMPS 2025\" width=\"600\" height=\"856\" srcset=\"https:\/\/lydenim.com\/wp-content\/uploads\/2025\/05\/DM_20250505014945_035-e1746517239919.jpg 600w, https:\/\/lydenim.com\/wp-content\/uploads\/2025\/05\/DM_20250505014945_035-e1746517239919-210x300.jpg 210w, https:\/\/lydenim.com\/wp-content\/uploads\/2025\/05\/DM_20250505014945_035-e1746517239919-8x12.jpg 8w, https:\/\/lydenim.com\/wp-content\/uploads\/2025\/05\/DM_20250505014945_035-e1746517239919-150x214.jpg 150w\" sizes=\"auto, (max-width: 600px) 100vw, 600px\" \/><img loading=\"lazy\" decoding=\"async\" class=\"size-full wp-image-5028 aligncenter\" src=\"https:\/\/lydenim.com\/wp-content\/uploads\/2025\/05\/DM_20250505014945_036-e1746517289145.jpg\" alt=\"DIESEL \/ PR\u00caT-\u00c0-PORTER PRINTEMPS 2025\" width=\"600\" height=\"853\" srcset=\"https:\/\/lydenim.com\/wp-content\/uploads\/2025\/05\/DM_20250505014945_036-e1746517289145.jpg 600w, https:\/\/lydenim.com\/wp-content\/uploads\/2025\/05\/DM_20250505014945_036-e1746517289145-211x300.jpg 211w, https:\/\/lydenim.com\/wp-content\/uploads\/2025\/05\/DM_20250505014945_036-e1746517289145-8x12.jpg 8w, https:\/\/lydenim.com\/wp-content\/uploads\/2025\/05\/DM_20250505014945_036-e1746517289145-150x213.jpg 150w\" sizes=\"auto, (max-width: 600px) 100vw, 600px\" \/><\/p>\n<p dir=\"ltr\"><strong>Pr\u00eat-\u00e0-porter Moschino Printemps 2025<\/strong><br \/>\nLa collection pr\u00eat-\u00e0-porter printemps 2025 de Moschino transforme le th\u00e9 de l&#039;apr\u00e8s-midi britannique et les week-ends de chasse en imprim\u00e9s denim, comme des vestes en cuir de vachette et \u00e0 carreaux associ\u00e9es \u00e0 des chemisiers en soie \u00e0 n\u0153ud papillon, cr\u00e9ant une sensation de \u00ab rue aristocratique \u00bb d\u00e9licieusement absurde.<img loading=\"lazy\" decoding=\"async\" class=\"size-full wp-image-5029 aligncenter\" src=\"https:\/\/lydenim.com\/wp-content\/uploads\/2025\/05\/DM_20250505014945_037-e1746517334758.jpg\" alt=\"MOSCHINO \/ PR\u00caT-\u00c0-PORTER PRINTEMPS 2025\" width=\"600\" height=\"853\" srcset=\"https:\/\/lydenim.com\/wp-content\/uploads\/2025\/05\/DM_20250505014945_037-e1746517334758.jpg 600w, https:\/\/lydenim.com\/wp-content\/uploads\/2025\/05\/DM_20250505014945_037-e1746517334758-211x300.jpg 211w, https:\/\/lydenim.com\/wp-content\/uploads\/2025\/05\/DM_20250505014945_037-e1746517334758-8x12.jpg 8w, https:\/\/lydenim.com\/wp-content\/uploads\/2025\/05\/DM_20250505014945_037-e1746517334758-150x213.jpg 150w\" sizes=\"auto, (max-width: 600px) 100vw, 600px\" \/><\/p>\n<p dir=\"ltr\"><strong>Acne Studios Printemps 2025 V\u00eatements pour hommes<\/strong><br \/>\nLa collection homme printemps 2025 d&#039;Acne Studios s&#039;associe \u00e0 l&#039;artiste londonienne Francesca Frankis pour peindre des personnages f\u00e9minins de DC (comme Wonder Woman) sur du denim, m\u00ealant \u00ab virtuel et r\u00e9el \u00bb. Le denim jacquard \u00e0 texture peau de serpent se marie \u00e0 des vestes scell\u00e9es au silicone, tandis que les jeans bootcut taille basse et les genoux us\u00e9s \u00e0 rivets apparents brisent la rigidit\u00e9 du v\u00eatement homme.<img loading=\"lazy\" decoding=\"async\" class=\"size-full wp-image-5030 aligncenter\" src=\"https:\/\/lydenim.com\/wp-content\/uploads\/2025\/05\/DM_20250505014945_038-e1746517374509.jpg\" alt=\"ACNE STUDIOS \/ V\u00caTEMENTS HOMMES PRINTEMPS 2025\" width=\"600\" height=\"412\" srcset=\"https:\/\/lydenim.com\/wp-content\/uploads\/2025\/05\/DM_20250505014945_038-e1746517374509.jpg 600w, https:\/\/lydenim.com\/wp-content\/uploads\/2025\/05\/DM_20250505014945_038-e1746517374509-300x206.jpg 300w, https:\/\/lydenim.com\/wp-content\/uploads\/2025\/05\/DM_20250505014945_038-e1746517374509-18x12.jpg 18w, https:\/\/lydenim.com\/wp-content\/uploads\/2025\/05\/DM_20250505014945_038-e1746517374509-150x103.jpg 150w\" sizes=\"auto, (max-width: 600px) 100vw, 600px\" \/><\/p>\n<p dir=\"ltr\"><strong>Kamiya Tokyo Printemps 2025<\/strong><br \/>\nLa collection Tokyo Printemps 2025 de Kamiya incarne l&#039;innovation orientale en mati\u00e8re de wabi-sabi et de denim, transformant les \u00ab\u00a0douze couches\u00a0\u00bb du kimono en une veste modulaire avec doublure en jacquard de soie et manches amovibles. La teinture indigo d&#039;Okayama cr\u00e9e un d\u00e9grad\u00e9 de motifs nuageux, avec des marques de tie-dye \u00e0 l&#039;int\u00e9rieur du pantalon c\u00e9l\u00e9brant la \u00ab\u00a0perfection imparfaite\u00a0\u00bb.<img loading=\"lazy\" decoding=\"async\" class=\"size-full wp-image-5032 aligncenter\" src=\"https:\/\/lydenim.com\/wp-content\/uploads\/2025\/05\/DM_20250505014945_040-e1746517442557.jpg\" alt=\"KAMIYA \/ TOKYO PRINTEMPS 2025\" width=\"600\" height=\"852\" srcset=\"https:\/\/lydenim.com\/wp-content\/uploads\/2025\/05\/DM_20250505014945_040-e1746517442557.jpg 600w, https:\/\/lydenim.com\/wp-content\/uploads\/2025\/05\/DM_20250505014945_040-e1746517442557-211x300.jpg 211w, https:\/\/lydenim.com\/wp-content\/uploads\/2025\/05\/DM_20250505014945_040-e1746517442557-8x12.jpg 8w, https:\/\/lydenim.com\/wp-content\/uploads\/2025\/05\/DM_20250505014945_040-e1746517442557-150x213.jpg 150w\" sizes=\"auto, (max-width: 600px) 100vw, 600px\" \/> <img loading=\"lazy\" decoding=\"async\" class=\"size-full wp-image-5033 aligncenter\" src=\"https:\/\/lydenim.com\/wp-content\/uploads\/2025\/05\/DM_20250505014945_041-e1746517460969.jpg\" alt=\"KAMIYA \/ TOKYO PRINTEMPS 2025\" width=\"600\" height=\"767\" srcset=\"https:\/\/lydenim.com\/wp-content\/uploads\/2025\/05\/DM_20250505014945_041-e1746517460969.jpg 600w, https:\/\/lydenim.com\/wp-content\/uploads\/2025\/05\/DM_20250505014945_041-e1746517460969-235x300.jpg 235w, https:\/\/lydenim.com\/wp-content\/uploads\/2025\/05\/DM_20250505014945_041-e1746517460969-9x12.jpg 9w, https:\/\/lydenim.com\/wp-content\/uploads\/2025\/05\/DM_20250505014945_041-e1746517460969-150x192.jpg 150w\" sizes=\"auto, (max-width: 600px) 100vw, 600px\" \/><\/p>\n<p dir=\"ltr\"><strong>Collection printemps 2025 de Vivienne<\/strong><br \/>\nLa collection printemps 2025 de Vivienne m\u00eale cols cheongsam et fermetures brandebourgs \u00e0 des robes en jean fendues, associ\u00e9es \u00e0 des baskets \u00e9paisses pour un contraste entre classique et streetwear. Les vestes en jean arborent des imprim\u00e9s paysagers de la dynastie Song et des nuages dor\u00e9s brod\u00e9s \u00e0 la main, faisant \u00e9cho \u00e0 la vision \u00ab denim po\u00e9tique \u00bb de la marque.<img loading=\"lazy\" decoding=\"async\" class=\"size-full wp-image-5034 aligncenter\" src=\"https:\/\/lydenim.com\/wp-content\/uploads\/2025\/05\/DM_20250505014945_042-e1746517519696.jpg\" alt=\"VIVIENNE \/ SHANGHAI PRINTEMPS 2025\" width=\"600\" height=\"757\" srcset=\"https:\/\/lydenim.com\/wp-content\/uploads\/2025\/05\/DM_20250505014945_042-e1746517519696.jpg 600w, https:\/\/lydenim.com\/wp-content\/uploads\/2025\/05\/DM_20250505014945_042-e1746517519696-238x300.jpg 238w, https:\/\/lydenim.com\/wp-content\/uploads\/2025\/05\/DM_20250505014945_042-e1746517519696-10x12.jpg 10w, https:\/\/lydenim.com\/wp-content\/uploads\/2025\/05\/DM_20250505014945_042-e1746517519696-150x189.jpg 150w\" sizes=\"auto, (max-width: 600px) 100vw, 600px\" \/><\/p>\n<p dir=\"ltr\"><strong>Collection Yueqi Qi 2025<\/strong><br \/>\nLa collection 2025 de Yueqi Qi est un m\u00e9lange surr\u00e9aliste et sauvage de mythe oriental et de denim, d&#039;impression <em>Classique des montagnes et des mers<\/em> Des b\u00eates (comme Taotie) sur des pantalons aux \u00e9pissures fluo pour une ambiance \u00ab\u00a0cyber-mythologie\u00a0\u00bb. Les masques de l&#039;Op\u00e9ra de P\u00e9kin se transforment en broderies pour vestes, les fleurs imprim\u00e9es en 3D contrastent avec la robustesse du denim, et les bords de pantalon \u00e9clair\u00e9s par LED (contr\u00f4l\u00e9s par application\u00a0!) donnent vie au \u00ab\u00a0denim dynamique\u00a0\u00bb.<img loading=\"lazy\" decoding=\"async\" class=\"size-full wp-image-5035 aligncenter\" src=\"https:\/\/lydenim.com\/wp-content\/uploads\/2025\/05\/DM_20250505014945_043-e1746517550175.jpg\" alt=\"YUEQI QI \/ TOKYO PRINTEMPS 2025\" width=\"600\" height=\"847\" srcset=\"https:\/\/lydenim.com\/wp-content\/uploads\/2025\/05\/DM_20250505014945_043-e1746517550175.jpg 600w, https:\/\/lydenim.com\/wp-content\/uploads\/2025\/05\/DM_20250505014945_043-e1746517550175-213x300.jpg 213w, https:\/\/lydenim.com\/wp-content\/uploads\/2025\/05\/DM_20250505014945_043-e1746517550175-9x12.jpg 9w, https:\/\/lydenim.com\/wp-content\/uploads\/2025\/05\/DM_20250505014945_043-e1746517550175-150x212.jpg 150w\" sizes=\"auto, (max-width: 600px) 100vw, 600px\" \/> <img loading=\"lazy\" decoding=\"async\" class=\"size-full wp-image-5036 aligncenter\" src=\"https:\/\/lydenim.com\/wp-content\/uploads\/2025\/05\/DM_20250505014945_044-e1746517572458.jpg\" alt=\"YUEQI QI \/ TOKYO PRINTEMPS 2025\" width=\"600\" height=\"409\" srcset=\"https:\/\/lydenim.com\/wp-content\/uploads\/2025\/05\/DM_20250505014945_044-e1746517572458.jpg 600w, https:\/\/lydenim.com\/wp-content\/uploads\/2025\/05\/DM_20250505014945_044-e1746517572458-300x205.jpg 300w, https:\/\/lydenim.com\/wp-content\/uploads\/2025\/05\/DM_20250505014945_044-e1746517572458-18x12.jpg 18w, https:\/\/lydenim.com\/wp-content\/uploads\/2025\/05\/DM_20250505014945_044-e1746517572458-150x102.jpg 150w\" sizes=\"auto, (max-width: 600px) 100vw, 600px\" \/><\/p>\n<h2><strong>Conclusion<\/strong><\/h2>\n<p><strong data-start=\"60\" data-end=\"310\">Ly Denim est votre partenaire cr\u00e9atif dans l&#039;univers en constante \u00e9volution du denim. Gr\u00e2ce \u00e0 des designs tendance, une innovation durable et des tissus enti\u00e8rement personnalisables, nous aidons les designers, les marques, les d\u00e9taillants et les \u00e9quipes d&#039;approvisionnement \u00e0 cr\u00e9er facilement des collections exceptionnelles.<\/strong><\/p>\n<h2 dir=\"auto\">Services de personnalisation par LYDENIM<\/h2>\n<p dir=\"auto\">\ud83c\udfa8 Vouloir <strong>tissus denim personnalis\u00e9s<\/strong> ou\u00a0 <strong>unique<\/strong> <strong>v\u00eatement en denim personnalis\u00e9<\/strong>? LYDENIM est sp\u00e9cialis\u00e9 dans les solutions sur mesure pour r\u00e9pondre \u00e0 vos besoins de conception et de production.<\/p>\n<p dir=\"auto\">\ud83d\udecd\ufe0f <strong>Explorez et inspirez-vous<\/strong>: Parcourez nos s\u00e9lections de tissus et d\u00e9couvrez des id\u00e9es de design sur <a href=\"https:\/\/lydenim.com\/fr\/\" target=\"_blank\" rel=\"noopener noreferrer nofollow\">LYDenim<\/a>.<\/p>\n<p dir=\"auto\">\ud83c\udf10 <strong>V\u00eatements \u00e9lastiques<\/strong>:D\u00e9couvrez nos offres sur <a href=\"http:\/\/liangyuantextile.m.en.alibaba.com\" target=\"_blank\" rel=\"noopener noreferrer nofollow\">MonAlibaba<\/a>. \ud83d\udce9 <strong>Contactez-nous<\/strong>: Contactez-nous \u00e0 <a href=\"mailto:malone@lydenim.com\" target=\"_blank\" rel=\"noopener noreferrer nofollow\">malone@lydenim.com<\/a>.<\/p>\n<p dir=\"auto\">Cr\u00e9ez votre chef-d&#039;\u0153uvre en denim avec LYDENIM, votre partenaire de confiance pour <strong>tissu extensible<\/strong> et <strong>solutions denim personnalis\u00e9es<\/strong>.<\/p>","protected":false},"excerpt":{"rendered":"<p>Temps de lecture estim\u00e9 : ~10 minutes Introduction La mode denim en 2025 n&#039;est plus seulement une histoire de tissu unique, c&#039;est une question de<\/p>","protected":false},"author":1,"featured_media":5037,"comment_status":"open","ping_status":"open","sticky":false,"template":"","format":"standard","meta":{"two_page_speed":[],"footnotes":""},"categories":[67],"tags":[],"class_list":["post-4995","post","type-post","status-publish","format-standard","has-post-thumbnail","hentry","category-market"],"aioseo_notices":[],"_links":{"self":[{"href":"https:\/\/lydenim.com\/fr\/wp-json\/wp\/v2\/posts\/4995","targetHints":{"allow":["GET"]}}],"collection":[{"href":"https:\/\/lydenim.com\/fr\/wp-json\/wp\/v2\/posts"}],"about":[{"href":"https:\/\/lydenim.com\/fr\/wp-json\/wp\/v2\/types\/post"}],"author":[{"embeddable":true,"href":"https:\/\/lydenim.com\/fr\/wp-json\/wp\/v2\/users\/1"}],"replies":[{"embeddable":true,"href":"https:\/\/lydenim.com\/fr\/wp-json\/wp\/v2\/comments?post=4995"}],"version-history":[{"count":3,"href":"https:\/\/lydenim.com\/fr\/wp-json\/wp\/v2\/posts\/4995\/revisions"}],"predecessor-version":[{"id":6290,"href":"https:\/\/lydenim.com\/fr\/wp-json\/wp\/v2\/posts\/4995\/revisions\/6290"}],"wp:featuredmedia":[{"embeddable":true,"href":"https:\/\/lydenim.com\/fr\/wp-json\/wp\/v2\/media\/5037"}],"wp:attachment":[{"href":"https:\/\/lydenim.com\/fr\/wp-json\/wp\/v2\/media?parent=4995"}],"wp:term":[{"taxonomy":"category","embeddable":true,"href":"https:\/\/lydenim.com\/fr\/wp-json\/wp\/v2\/categories?post=4995"},{"taxonomy":"post_tag","embeddable":true,"href":"https:\/\/lydenim.com\/fr\/wp-json\/wp\/v2\/tags?post=4995"}],"curies":[{"name":"wp","href":"https:\/\/api.w.org\/{rel}","templated":true}]}}