{"id":5052,"date":"2025-05-10T15:44:27","date_gmt":"2025-05-10T07:44:27","guid":{"rendered":"https:\/\/lydenim.com\/?p=5052"},"modified":"2025-08-24T13:06:32","modified_gmt":"2025-08-24T05:06:32","slug":"high-quality-denim-fabric-for-jeans","status":"publish","type":"post","link":"https:\/\/lydenim.com\/fr\/tissu-denim-de-haute-qualite-pour-jeans\/","title":{"rendered":"Tissu denim de haute qualit\u00e9 pour jeans"},"content":{"rendered":"<h2 data-pm-slice=\"1 1 []\">Temps de lecture estim\u00e9 : ~4 minutes<\/h2>\n<h2 style=\"text-align: left;\" data-pm-slice=\"1 1 []\">Introduction<\/h2>\n<p>Pour confectionner des jeans \u00e0 la fois r\u00e9sistants et \u00e9l\u00e9gants, la qualit\u00e9 du denim est un facteur d\u00e9terminant. Un denim de haute qualit\u00e9 garantit non seulement la tenue et la r\u00e9sistance \u00e0 l&#039;usure, mais aussi la pr\u00e9servation de l&#039;esth\u00e9tique au fil du temps. Des coupes droites classiques aux coupes skinny modernes, la base de tout jean r\u00e9ussi repose sur le choix du tissu. Face \u00e0 la demande croissante des consommateurs pour un denim tendance et durable, choisir un fournisseur de tissu fiable devient plus crucial que jamais.<\/p>\n<p>&nbsp;<\/p>\n<p>LY Denim s&#039;impose comme un leader mondial du denim, r\u00e9put\u00e9 pour ses tissus denim innovants et de qualit\u00e9 sup\u00e9rieure. Fort de plusieurs d\u00e9cennies d&#039;exp\u00e9rience, d&#039;une forte concentration sur la recherche et le d\u00e9veloppement et d&#039;un engagement profond envers la qualit\u00e9, LY Denim propose des solutions denim de pointe qui r\u00e9pondent aux besoins changeants des marques et des cr\u00e9ateurs du monde entier. Que vous cr\u00e9iez des v\u00eatements en denim classiques ou des collections tendance, LY Denim vous offre la base textile indispensable au succ\u00e8s de vos jeans.<\/p>\n<h2><strong>Pourquoi la qualit\u00e9 du tissu denim est importante<\/strong><\/h2>\n<p><img loading=\"lazy\" decoding=\"async\" class=\"aligncenter wp-image-5053\" src=\"https:\/\/lydenim.com\/wp-content\/uploads\/2025\/05\/High-Quality-Denim-Fabric-for-Jeans-pic1.png\" alt=\"\" width=\"600\" height=\"361\" srcset=\"https:\/\/lydenim.com\/wp-content\/uploads\/2025\/05\/High-Quality-Denim-Fabric-for-Jeans-pic1.png 979w, https:\/\/lydenim.com\/wp-content\/uploads\/2025\/05\/High-Quality-Denim-Fabric-for-Jeans-pic1-300x180.png 300w, https:\/\/lydenim.com\/wp-content\/uploads\/2025\/05\/High-Quality-Denim-Fabric-for-Jeans-pic1-768x462.png 768w, https:\/\/lydenim.com\/wp-content\/uploads\/2025\/05\/High-Quality-Denim-Fabric-for-Jeans-pic1-18x12.png 18w, https:\/\/lydenim.com\/wp-content\/uploads\/2025\/05\/High-Quality-Denim-Fabric-for-Jeans-pic1-600x361.png 600w, https:\/\/lydenim.com\/wp-content\/uploads\/2025\/05\/High-Quality-Denim-Fabric-for-Jeans-pic1-150x90.png 150w\" sizes=\"auto, (max-width: 600px) 100vw, 600px\" \/><\/p>\n<p dir=\"auto\">La qualit\u00e9 d&#039;un jean repose sur son tissu denim. Un denim haut de gamme, comme le denim selvedge ou le denim ultra-doux ring-spun, influence significativement sa durabilit\u00e9, son confort, sa texture et son esth\u00e9tique. Des mati\u00e8res premi\u00e8res de qualit\u00e9 sup\u00e9rieure, comme le coton \u00e0 longues fibres, le denim ultra-doux ring-spun ou les fibres m\u00e9lang\u00e9es haute r\u00e9sistance, et le lyocell, pr\u00e9viennent efficacement le boulochage, la d\u00e9coloration et la d\u00e9formation, garantissant ainsi au jean une structure et un style impeccables, m\u00eame apr\u00e8s de nombreux lavages. Les produits phares de LY Denim \u2013 ses gammes de denim non extensible, selvedge et mi-extensible \u2013 illustrent l&#039;\u00e9quilibre parfait entre r\u00e9sistance et souplesse, les rendant parfaits pour un usage quotidien et offrant une exp\u00e9rience de port exceptionnelle.<\/p>\n<h2 dir=\"ltr\" data-pm-slice=\"1 3 []\">Que vous apportent les v\u00eatements fabriqu\u00e9s \u00e0 partir de denim de haute qualit\u00e9 ?<\/h2>\n<p dir=\"ltr\">Les v\u00eatements fabriqu\u00e9s \u00e0 partir de denim de haute qualit\u00e9 offrent plusieurs avantages cl\u00e9s :<\/p>\n<ul dir=\"ltr\">\n<li>\n<p dir=\"ltr\"><strong>Couleurs vibrantes et durables<\/strong><br \/>\nAvant tout, les tissus denim haut de gamme sont fabriqu\u00e9s \u00e0 partir de coton de qualit\u00e9 sup\u00e9rieure. Ce coton de haute qualit\u00e9 absorbe parfaitement les colorants, garantissant des couleurs \u00e9clatantes qui r\u00e9sistent \u00e0 la d\u00e9coloration et pr\u00e9servent l&#039;\u00e9clat de vos v\u00eatements au fil du temps.<\/p>\n<\/li>\n<li>\n<p dir=\"ltr\"><strong>Durabilit\u00e9 et r\u00e9sistance \u00e0 l&#039;usure am\u00e9lior\u00e9es<\/strong><br \/>\nDe plus, l&#039;utilisation de coton de qualit\u00e9 sup\u00e9rieure permet d&#039;obtenir des fibres plus longues. Ces fibres renforcent la structure du denim, rendant vos v\u00eatements ou jeans plus r\u00e9sistants \u00e0 l&#039;usure, prolongeant ainsi consid\u00e9rablement leur dur\u00e9e de vie.<\/p>\n<\/li>\n<li>\n<p dir=\"ltr\"><strong>Taux de retrait stable pour la conservation de la forme<\/strong><br \/>\nDe plus, le denim de haute qualit\u00e9 pr\u00e9sente un taux de r\u00e9tr\u00e9cissement plus stable. Cela garantit que vos v\u00eatements en denim conservent leur forme et leur int\u00e9grit\u00e9, \u00e9vitant ainsi toute d\u00e9formation ou tout dommage, m\u00eame apr\u00e8s plusieurs lavages.<img loading=\"lazy\" decoding=\"async\" class=\"aligncenter wp-image-5055\" src=\"https:\/\/lydenim.com\/wp-content\/uploads\/2025\/05\/Benefits-of-High-Quality-Denim-Clothing.jpg\" alt=\"\" width=\"600\" height=\"375\" srcset=\"https:\/\/lydenim.com\/wp-content\/uploads\/2025\/05\/Benefits-of-High-Quality-Denim-Clothing.jpg 1240w, https:\/\/lydenim.com\/wp-content\/uploads\/2025\/05\/Benefits-of-High-Quality-Denim-Clothing-300x187.jpg 300w, https:\/\/lydenim.com\/wp-content\/uploads\/2025\/05\/Benefits-of-High-Quality-Denim-Clothing-1024x639.jpg 1024w, https:\/\/lydenim.com\/wp-content\/uploads\/2025\/05\/Benefits-of-High-Quality-Denim-Clothing-768x479.jpg 768w, https:\/\/lydenim.com\/wp-content\/uploads\/2025\/05\/Benefits-of-High-Quality-Denim-Clothing-18x12.jpg 18w, https:\/\/lydenim.com\/wp-content\/uploads\/2025\/05\/Benefits-of-High-Quality-Denim-Clothing-600x375.jpg 600w, https:\/\/lydenim.com\/wp-content\/uploads\/2025\/05\/Benefits-of-High-Quality-Denim-Clothing-150x94.jpg 150w\" sizes=\"auto, (max-width: 600px) 100vw, 600px\" \/><\/p>\n<\/li>\n<\/ul>\n<h2 class=\"\" data-start=\"113\" data-end=\"168\"><strong data-start=\"116\" data-end=\"166\">Tissus recommand\u00e9s pour les jeans et v\u00eatements personnalis\u00e9s<\/strong><\/h2>\n<p class=\"\" data-start=\"169\" data-end=\"237\"><strong data-start=\"169\" data-end=\"237\">D\u00e9couvrez les lignes de tissus sp\u00e9cialis\u00e9s de LY Denim pour des cr\u00e9ations sur mesure<\/strong><\/p>\n<p class=\"\" data-start=\"239\" data-end=\"470\">LY Denim propose une s\u00e9lection soign\u00e9e de tissus denim de haute qualit\u00e9, con\u00e7us pour des jeans et des v\u00eatements de haute qualit\u00e9. Du selvedge embl\u00e9matique au denim floqu\u00e9 avant-gardiste, chaque gamme de tissus offre ses propres avantages et possibilit\u00e9s de style.<\/p>\n<h3 class=\"\" data-start=\"477\" data-end=\"508\"><strong data-start=\"481\" data-end=\"506\"><a href=\"https:\/\/lydenim.com\/fr\/?s=Selvedge&amp;post_type=product\">Lisi\u00e8re<\/a> S\u00e9rie Denim<\/strong><\/h3>\n<p class=\"\" data-start=\"509\" data-end=\"554\"><strong data-start=\"509\" data-end=\"554\">Artisanat traditionnel, attrait haut de gamme<\/strong><\/p>\n<div id=\"attachment_4513\" style=\"width: 610px\" class=\"wp-caption aligncenter\"><img loading=\"lazy\" decoding=\"async\" aria-describedby=\"caption-attachment-4513\" class=\"wp-image-4513\" src=\"https:\/\/lydenim.com\/wp-content\/uploads\/2025\/03\/IMG_6228.jpg\" alt=\"\" width=\"600\" height=\"600\" srcset=\"https:\/\/lydenim.com\/wp-content\/uploads\/2025\/03\/IMG_6228.jpg 2196w, https:\/\/lydenim.com\/wp-content\/uploads\/2025\/03\/IMG_6228-300x300.jpg 300w, https:\/\/lydenim.com\/wp-content\/uploads\/2025\/03\/IMG_6228-1024x1024.jpg 1024w, https:\/\/lydenim.com\/wp-content\/uploads\/2025\/03\/IMG_6228-150x150.jpg 150w, https:\/\/lydenim.com\/wp-content\/uploads\/2025\/03\/IMG_6228-768x768.jpg 768w, https:\/\/lydenim.com\/wp-content\/uploads\/2025\/03\/IMG_6228-1536x1536.jpg 1536w, https:\/\/lydenim.com\/wp-content\/uploads\/2025\/03\/IMG_6228-2048x2048.jpg 2048w, https:\/\/lydenim.com\/wp-content\/uploads\/2025\/03\/IMG_6228-12x12.jpg 12w, https:\/\/lydenim.com\/wp-content\/uploads\/2025\/03\/IMG_6228-600x600.jpg 600w\" sizes=\"auto, (max-width: 600px) 100vw, 600px\" \/><p id=\"caption-attachment-4513\" class=\"wp-caption-text\">Denim Selvedge<\/p><\/div>\n<p class=\"\" data-start=\"556\" data-end=\"770\">Tiss\u00e9 sur des m\u00e9tiers \u00e0 navette, ce tissu pr\u00e9sente des bords \u00e9troitement li\u00e9s qui r\u00e9sistent \u00e0 l&#039;effilochage. Avec son toucher brut et authentique, le denim selvedge est id\u00e9al pour les jeans de style classique, les vestes en denim haut de gamme et les pi\u00e8ces en \u00e9dition limit\u00e9e.<\/p>\n<h3 class=\"\" data-start=\"777\" data-end=\"812\"><strong data-start=\"781\" data-end=\"810\"><a href=\"https:\/\/lydenim.com\/fr\/product-category\/high-stretch-denim-fabric\/\">Denim tr\u00e8s extensible<\/a> S\u00e9rie<\/strong><\/h3>\n<p class=\"\" data-start=\"813\" data-end=\"848\"><strong data-start=\"813\" data-end=\"848\">Con\u00e7u pour le confort et la forme<\/strong><\/p>\n<p class=\"\" data-start=\"850\" data-end=\"1056\">M\u00e9lang\u00e9 \u00e0 de l&#039;\u00e9lasthanne ou de l&#039;\u00e9lasthanne, ce denim offre une extensibilit\u00e9 et une tenue optimales. Id\u00e9al pour les jeans skinny, les jeggings et les v\u00eatements de sport exigeant souplesse et coupe flatteuse.<img loading=\"lazy\" decoding=\"async\" class=\"aligncenter wp-image-4223\" src=\"https:\/\/lydenim.com\/wp-content\/uploads\/2025\/03\/IMG_5798.jpg\" alt=\"\" width=\"600\" height=\"600\" srcset=\"https:\/\/lydenim.com\/wp-content\/uploads\/2025\/03\/IMG_5798.jpg 2196w, https:\/\/lydenim.com\/wp-content\/uploads\/2025\/03\/IMG_5798-300x300.jpg 300w, https:\/\/lydenim.com\/wp-content\/uploads\/2025\/03\/IMG_5798-1024x1024.jpg 1024w, https:\/\/lydenim.com\/wp-content\/uploads\/2025\/03\/IMG_5798-150x150.jpg 150w, https:\/\/lydenim.com\/wp-content\/uploads\/2025\/03\/IMG_5798-768x768.jpg 768w, https:\/\/lydenim.com\/wp-content\/uploads\/2025\/03\/IMG_5798-1536x1536.jpg 1536w, https:\/\/lydenim.com\/wp-content\/uploads\/2025\/03\/IMG_5798-2048x2048.jpg 2048w, https:\/\/lydenim.com\/wp-content\/uploads\/2025\/03\/IMG_5798-12x12.jpg 12w, https:\/\/lydenim.com\/wp-content\/uploads\/2025\/03\/IMG_5798-600x600.jpg 600w\" sizes=\"auto, (max-width: 600px) 100vw, 600px\" \/><\/p>\n<h3 class=\"\" data-start=\"1063\" data-end=\"1103\"><strong data-start=\"1067\" data-end=\"1101\"><a href=\"https:\/\/lydenim.com\/fr\/?s=7705&amp;post_type=product\">Denim imprim\u00e9 et bross\u00e9<\/a> S\u00e9rie<\/strong><\/h3>\n<p class=\"\" data-start=\"1104\" data-end=\"1141\"><strong data-start=\"1104\" data-end=\"1141\">La texture douce rencontre l&#039;impact graphique<\/strong><\/p>\n<p class=\"\" data-start=\"1143\" data-end=\"1324\">Associant des imprim\u00e9s audacieux \u00e0 un int\u00e9rieur bross\u00e9 douillet, cette s\u00e9rie apporte chaleur et style. Id\u00e9ale pour les pantalons en denim cr\u00e9atifs, les vestes d\u00e9contract\u00e9es et les v\u00eatements de saison automne-hiver.<img loading=\"lazy\" decoding=\"async\" class=\"aligncenter wp-image-2902\" src=\"https:\/\/lydenim.com\/wp-content\/uploads\/2025\/01\/DSC08136-scaled.jpg\" alt=\"\" width=\"600\" height=\"600\" srcset=\"https:\/\/lydenim.com\/wp-content\/uploads\/2025\/01\/DSC08136-scaled.jpg 2560w, https:\/\/lydenim.com\/wp-content\/uploads\/2025\/01\/DSC08136-300x300.jpg 300w, https:\/\/lydenim.com\/wp-content\/uploads\/2025\/01\/DSC08136-150x150.jpg 150w, https:\/\/lydenim.com\/wp-content\/uploads\/2025\/01\/DSC08136-scaled-600x600.jpg 600w, https:\/\/lydenim.com\/wp-content\/uploads\/2025\/01\/DSC08136-1024x1024.jpg 1024w, https:\/\/lydenim.com\/wp-content\/uploads\/2025\/01\/DSC08136-768x768.jpg 768w, https:\/\/lydenim.com\/wp-content\/uploads\/2025\/01\/DSC08136-1536x1536.jpg 1536w, https:\/\/lydenim.com\/wp-content\/uploads\/2025\/01\/DSC08136-2048x2048.jpg 2048w, https:\/\/lydenim.com\/wp-content\/uploads\/2025\/01\/DSC08136-12x12.jpg 12w\" sizes=\"auto, (max-width: 600px) 100vw, 600px\" \/><\/p>\n<h3 class=\"\" data-start=\"1331\" data-end=\"1361\"><strong data-start=\"1335\" data-end=\"1359\"><a href=\"https:\/\/lydenim.com\/fr\/?s=Flocked&amp;post_type=product\">Denim floqu\u00e9<\/a> S\u00e9rie<\/strong><\/h3>\n<p class=\"\" data-start=\"1362\" data-end=\"1401\"><strong data-start=\"1362\" data-end=\"1401\">Surface velout\u00e9e avec un c\u00f4t\u00e9 urbain<\/strong><\/p>\n<p class=\"\" data-start=\"1403\" data-end=\"1577\">Dot\u00e9 d&#039;une finition floqu\u00e9e douce, ce tissu apporte profondeur et texture au denim. Id\u00e9al pour les jeans tendance, les v\u00eatements d&#039;ext\u00e9rieur tendance et les collections streetwear modernes.<img loading=\"lazy\" decoding=\"async\" class=\"aligncenter wp-image-4909\" src=\"https:\/\/lydenim.com\/wp-content\/uploads\/2025\/04\/IMG_6477.jpg\" alt=\"\" width=\"600\" height=\"600\" srcset=\"https:\/\/lydenim.com\/wp-content\/uploads\/2025\/04\/IMG_6477.jpg 2196w, https:\/\/lydenim.com\/wp-content\/uploads\/2025\/04\/IMG_6477-300x300.jpg 300w, https:\/\/lydenim.com\/wp-content\/uploads\/2025\/04\/IMG_6477-1024x1024.jpg 1024w, https:\/\/lydenim.com\/wp-content\/uploads\/2025\/04\/IMG_6477-150x150.jpg 150w, https:\/\/lydenim.com\/wp-content\/uploads\/2025\/04\/IMG_6477-768x768.jpg 768w, https:\/\/lydenim.com\/wp-content\/uploads\/2025\/04\/IMG_6477-1536x1536.jpg 1536w, https:\/\/lydenim.com\/wp-content\/uploads\/2025\/04\/IMG_6477-2048x2048.jpg 2048w, https:\/\/lydenim.com\/wp-content\/uploads\/2025\/04\/IMG_6477-12x12.jpg 12w, https:\/\/lydenim.com\/wp-content\/uploads\/2025\/04\/IMG_6477-600x600.jpg 600w\" sizes=\"auto, (max-width: 600px) 100vw, 600px\" \/><\/p>\n<h3 class=\"\" data-start=\"1584\" data-end=\"1613\"><strong data-start=\"1588\" data-end=\"1611\"><a href=\"https:\/\/lydenim.com\/fr\/?s=Bonded Denim&amp;post_type=product\">Denim coll\u00e9<\/a> S\u00e9rie<\/strong><\/h3>\n<p class=\"\" data-start=\"1614\" data-end=\"1664\"><strong data-start=\"1614\" data-end=\"1664\">Construction \u00e0 double couche pour la fonctionnalit\u00e9 et le style<\/strong><\/p>\n<p class=\"\" data-start=\"1666\" data-end=\"1875\">Le denim contrecoll\u00e9 fusionne deux couches \u2013 souvent du denim avec un envers polaire, tricot\u00e9 ou technique \u2013 pour plus de chaleur, de structure et de r\u00e9sistance au vent. Id\u00e9al pour les jeans d&#039;hiver, les vestes utilitaires et les pi\u00e8ces de mode fonctionnelles.<\/p>\n<h3 class=\"\" data-start=\"1787\" data-end=\"1818\"><strong data-start=\"1791\" data-end=\"1816\"><a href=\"https:\/\/lydenim.com\/fr\/?s=Jacquard&amp;post_type=product\">Denim jacquard<\/a> S\u00e9rie<\/strong><\/h3>\n<p class=\"\" data-start=\"1819\" data-end=\"1859\"><strong data-start=\"1819\" data-end=\"1859\">Motifs complexes, style raffin\u00e9<\/strong><\/p>\n<p class=\"\" data-start=\"1861\" data-end=\"2145\">Tiss\u00e9 sur un <a href=\"https:\/\/www.britannica.com\/technology\/jacquard-loom\">m\u00e9tier \u00e0 tisser jacquard<\/a>Ce denim int\u00e8gre des motifs complexes en relief directement dans la structure du tissu. Ses motifs d\u00e9coratifs et sa surface textur\u00e9e en font un choix id\u00e9al pour des jeans remarquables, des vestes tendance et des collections de mode haut de gamme exigeant \u00e0 la fois art et durabilit\u00e9.<img loading=\"lazy\" decoding=\"async\" class=\"aligncenter wp-image-3669\" src=\"https:\/\/lydenim.com\/wp-content\/uploads\/2025\/02\/9T3A2728-scaled.jpg\" alt=\"\" width=\"600\" height=\"600\" srcset=\"https:\/\/lydenim.com\/wp-content\/uploads\/2025\/02\/9T3A2728-scaled.jpg 2560w, https:\/\/lydenim.com\/wp-content\/uploads\/2025\/02\/9T3A2728-300x300.jpg 300w, https:\/\/lydenim.com\/wp-content\/uploads\/2025\/02\/9T3A2728-1024x1024.jpg 1024w, https:\/\/lydenim.com\/wp-content\/uploads\/2025\/02\/9T3A2728-150x150.jpg 150w, https:\/\/lydenim.com\/wp-content\/uploads\/2025\/02\/9T3A2728-768x768.jpg 768w, https:\/\/lydenim.com\/wp-content\/uploads\/2025\/02\/9T3A2728-1536x1536.jpg 1536w, https:\/\/lydenim.com\/wp-content\/uploads\/2025\/02\/9T3A2728-2048x2048.jpg 2048w, https:\/\/lydenim.com\/wp-content\/uploads\/2025\/02\/9T3A2728-12x12.jpg 12w, https:\/\/lydenim.com\/wp-content\/uploads\/2025\/02\/9T3A2728-600x600.jpg 600w\" sizes=\"auto, (max-width: 600px) 100vw, 600px\" \/><\/p>\n<h2 class=\"\" data-start=\"5\" data-end=\"40\"><strong data-start=\"8\" data-end=\"38\">Personnalisation et innovation<\/strong><\/h2>\n<p class=\"\" data-start=\"78\" data-end=\"430\">Nous sommes \u00e0 la pointe de l&#039;innovation denim, traduisant les derni\u00e8res tendances des d\u00e9fil\u00e9s en tissus haute performance. Notre \u00e9quipe R&amp;D interne d\u00e9veloppe en permanence des collections saisonni\u00e8res alliant textures innovantes, proc\u00e9d\u00e9s \u00e9co-responsables et designs avant-gardistes, offrant aux marques une feuille de route claire vers un denim contemporain qui s\u00e9duit les consommateurs soucieux de leur style.<\/p>\n<p class=\"\" data-start=\"432\" data-end=\"877\">Au-del\u00e0 des tissus tendance, nous proposons une personnalisation compl\u00e8te \u00e0 chaque \u00e9tape de la production. De la s\u00e9lection des fils de base et des param\u00e8tres de tissage aux finitions sp\u00e9cifiques et \u00e0 une logistique optimis\u00e9e, nous adaptons chaque \u00e9tape \u00e0 vos besoins. Que vous recherchiez des effets de surface sur mesure, des profils extensibles pr\u00e9cis ou une correspondance parfaite des couleurs, la flexibilit\u00e9 et la pr\u00e9cision technique de notre usine font de nous le partenaire id\u00e9al pour vous d\u00e9marquer sur un march\u00e9 concurrentiel.<\/p>\n<h2 class=\"\" data-start=\"5\" data-end=\"48\"><strong data-start=\"8\" data-end=\"46\">Assurance qualit\u00e9 et certifications<\/strong><\/h2>\n<p class=\"\" data-start=\"49\" data-end=\"60\">Nous proposons une s\u00e9lection vari\u00e9e de mat\u00e9riaux \u00e9cologiques et certifi\u00e9s par l&#039;industrie, adapt\u00e9s \u00e0 chaque projet. Que vous ayez besoin <a href=\"https:\/\/www.oeko-tex.com\/\">OEKO-TEX\u00ae<\/a>, <a href=\"https:\/\/www.textileexchange.org\/standards\/gr\/\">GRS (Norme mondiale de recyclage)<\/a>, <a href=\"https:\/\/www.bluesign.com\/\">Bluesign\u00ae<\/a>, ou d&#039;autres r\u00e9f\u00e9rences en mati\u00e8re de durabilit\u00e9, nous pouvons nous approvisionner et personnaliser des tissus qui r\u00e9pondent exactement \u00e0 vos sp\u00e9cifications.<\/p>\n<p class=\"\" data-start=\"372\" data-end=\"864\">Pour garantir le respect de vos exigences, nous effectuons des contr\u00f4les rigoureux \u00e0 chaque \u00e9tape de la production. De la v\u00e9rification des mati\u00e8res premi\u00e8res \u00e0 l&#039;entr\u00e9e, en passant par le tissage et la finition, jusqu&#039;aux tests sur les produits finis, chaque lot est \u00e9valu\u00e9 selon des crit\u00e8res de performance tels que la tenue des couleurs, le r\u00e9tr\u00e9cissement, la reprise d&#039;\u00e9lasticit\u00e9, la r\u00e9sistance \u00e0 la traction et le toucher. Ce processus de contr\u00f4le qualit\u00e9 rigoureux garantit que les tissus que vous recevez poss\u00e8dent non seulement les certifications exig\u00e9es, mais qu&#039;ils offrent \u00e9galement des performances fiables dans les produits finis.<img loading=\"lazy\" decoding=\"async\" class=\"aligncenter wp-image-5049\" src=\"https:\/\/lydenim.com\/wp-content\/uploads\/2025\/05\/\u8ba4\u8bc1-scaled.jpg\" alt=\"Certifier\" width=\"600\" height=\"53\" srcset=\"https:\/\/lydenim.com\/wp-content\/uploads\/2025\/05\/\u8ba4\u8bc1-scaled.jpg 2560w, https:\/\/lydenim.com\/wp-content\/uploads\/2025\/05\/\u8ba4\u8bc1-300x27.jpg 300w, https:\/\/lydenim.com\/wp-content\/uploads\/2025\/05\/\u8ba4\u8bc1-1024x91.jpg 1024w, https:\/\/lydenim.com\/wp-content\/uploads\/2025\/05\/\u8ba4\u8bc1-768x68.jpg 768w, https:\/\/lydenim.com\/wp-content\/uploads\/2025\/05\/\u8ba4\u8bc1-1536x136.jpg 1536w, https:\/\/lydenim.com\/wp-content\/uploads\/2025\/05\/\u8ba4\u8bc1-2048x182.jpg 2048w, https:\/\/lydenim.com\/wp-content\/uploads\/2025\/05\/\u8ba4\u8bc1-18x2.jpg 18w, https:\/\/lydenim.com\/wp-content\/uploads\/2025\/05\/\u8ba4\u8bc1-600x53.jpg 600w, https:\/\/lydenim.com\/wp-content\/uploads\/2025\/05\/\u8ba4\u8bc1-150x13.jpg 150w\" sizes=\"auto, (max-width: 600px) 100vw, 600px\" \/><\/p>\n<h2><strong>Conclusion<\/strong><\/h2>\n<p>Choisir un denim de haute qualit\u00e9 est essentiel pour cr\u00e9er des v\u00eatements alliant long\u00e9vit\u00e9 et style. Un denim haut de gamme am\u00e9liore non seulement le confort et la coupe des jeans, mais garantit \u00e9galement leur r\u00e9sistance \u00e0 l&#039;\u00e9preuve du temps, ce qui en fait un investissement judicieux pour les cr\u00e9ateurs comme pour les consommateurs. Avec le bon tissu, les jeans conservent leur forme, r\u00e9sistent \u00e0 la d\u00e9coloration et restent un incontournable de votre garde-robe pendant des ann\u00e9es.<\/p>\n<h2 dir=\"auto\">Services de personnalisation par LYDENIM<\/h2>\n<p dir=\"auto\">\ud83c\udfa8 Vouloir <strong>tissus denim personnalis\u00e9s<\/strong> ou\u00a0 <strong>unique<\/strong> <strong>v\u00eatement en denim personnalis\u00e9<\/strong>? LYDENIM est sp\u00e9cialis\u00e9 dans les solutions sur mesure pour r\u00e9pondre \u00e0 vos besoins de conception et de production.<\/p>\n<p dir=\"auto\">\ud83d\udecd\ufe0f <strong>Explorez et inspirez-vous<\/strong>: Parcourez nos s\u00e9lections de tissus et d\u00e9couvrez des id\u00e9es de design sur <a href=\"https:\/\/lydenim.com\/fr\/\" target=\"_blank\" rel=\"noopener noreferrer nofollow\">LYDenim<\/a>.<\/p>\n<p dir=\"auto\">\ud83c\udf10 <strong>V\u00eatements \u00e9lastiques<\/strong>:D\u00e9couvrez nos offres sur <a href=\"http:\/\/liangyuantextile.m.en.alibaba.com\" target=\"_blank\" rel=\"noopener noreferrer nofollow\">MonAlibaba<\/a>. \ud83d\udce9 <strong>Contactez-nous<\/strong>: Contactez-nous \u00e0 <a href=\"mailto:malone@lydenim.com\" target=\"_blank\" rel=\"noopener noreferrer nofollow\">malone@lydenim.com<\/a>.<\/p>\n<p dir=\"auto\">Cr\u00e9ez votre chef-d&#039;\u0153uvre en denim avec LYDENIM, votre partenaire de confiance pour <strong>tissu extensible<\/strong> et <strong>solutions denim personnalis\u00e9es<\/strong>.<\/p>","protected":false},"excerpt":{"rendered":"<p>Temps de lecture estim\u00e9 : ~4 minutes Introduction Lorsqu&#039;il s&#039;agit de fabriquer des jeans \u00e0 la fois durables et \u00e9l\u00e9gants, la qualit\u00e9<\/p>","protected":false},"author":1,"featured_media":5057,"comment_status":"open","ping_status":"open","sticky":false,"template":"","format":"standard","meta":{"two_page_speed":[],"footnotes":""},"categories":[67],"tags":[],"class_list":["post-5052","post","type-post","status-publish","format-standard","has-post-thumbnail","hentry","category-market"],"aioseo_notices":[],"_links":{"self":[{"href":"https:\/\/lydenim.com\/fr\/wp-json\/wp\/v2\/posts\/5052","targetHints":{"allow":["GET"]}}],"collection":[{"href":"https:\/\/lydenim.com\/fr\/wp-json\/wp\/v2\/posts"}],"about":[{"href":"https:\/\/lydenim.com\/fr\/wp-json\/wp\/v2\/types\/post"}],"author":[{"embeddable":true,"href":"https:\/\/lydenim.com\/fr\/wp-json\/wp\/v2\/users\/1"}],"replies":[{"embeddable":true,"href":"https:\/\/lydenim.com\/fr\/wp-json\/wp\/v2\/comments?post=5052"}],"version-history":[{"count":3,"href":"https:\/\/lydenim.com\/fr\/wp-json\/wp\/v2\/posts\/5052\/revisions"}],"predecessor-version":[{"id":6296,"href":"https:\/\/lydenim.com\/fr\/wp-json\/wp\/v2\/posts\/5052\/revisions\/6296"}],"wp:featuredmedia":[{"embeddable":true,"href":"https:\/\/lydenim.com\/fr\/wp-json\/wp\/v2\/media\/5057"}],"wp:attachment":[{"href":"https:\/\/lydenim.com\/fr\/wp-json\/wp\/v2\/media?parent=5052"}],"wp:term":[{"taxonomy":"category","embeddable":true,"href":"https:\/\/lydenim.com\/fr\/wp-json\/wp\/v2\/categories?post=5052"},{"taxonomy":"post_tag","embeddable":true,"href":"https:\/\/lydenim.com\/fr\/wp-json\/wp\/v2\/tags?post=5052"}],"curies":[{"name":"wp","href":"https:\/\/api.w.org\/{rel}","templated":true}]}}