{"id":5089,"date":"2025-05-13T11:40:17","date_gmt":"2025-05-13T03:40:17","guid":{"rendered":"https:\/\/lydenim.com\/?p=5089"},"modified":"2025-08-24T13:07:55","modified_gmt":"2025-08-24T05:07:55","slug":"denim-highlights-from-fw2025-2026-runways","status":"publish","type":"post","link":"https:\/\/lydenim.com\/fr\/les-points-forts-du-denim-des-defiles-automne-hiver-2025-2026\/","title":{"rendered":"Les incontournables du denim des d\u00e9fil\u00e9s automne-hiver 2025-2026"},"content":{"rendered":"<h3 data-pm-slice=\"1 1 []\">Temps de lecture estim\u00e9 : ~5 minutes<\/h3>\n<h3><strong>Simone Rocha<\/strong><\/h3>\n<p>Cette saison, la marque s&#039;est inspir\u00e9e d&#039;un \u00ab\u00a0conte de f\u00e9es sombre m\u00ealant tortues, li\u00e8vres et nostalgie inoubliable\u00a0\u00bb, d\u00e9clenchant une vague d&#039;ensembles noir d&#039;encre imparables. Le denim se superposait au cuir, au m\u00e9tal et aux perles, cr\u00e9ant des textures riches et des contrastes ludiques.<\/p>\n<div id=\"attachment_5090\" style=\"width: 610px\" class=\"wp-caption aligncenter\"><img loading=\"lazy\" decoding=\"async\" aria-describedby=\"caption-attachment-5090\" class=\"wp-image-5090\" src=\"https:\/\/lydenim.com\/wp-content\/uploads\/2025\/05\/IMG_5561-scaled.jpg\" alt=\"Simone Rocha\" width=\"600\" height=\"799\" srcset=\"https:\/\/lydenim.com\/wp-content\/uploads\/2025\/05\/IMG_5561-scaled.jpg 1922w, https:\/\/lydenim.com\/wp-content\/uploads\/2025\/05\/IMG_5561-225x300.jpg 225w, https:\/\/lydenim.com\/wp-content\/uploads\/2025\/05\/IMG_5561-769x1024.jpg 769w, https:\/\/lydenim.com\/wp-content\/uploads\/2025\/05\/IMG_5561-768x1023.jpg 768w, https:\/\/lydenim.com\/wp-content\/uploads\/2025\/05\/IMG_5561-1153x1536.jpg 1153w, https:\/\/lydenim.com\/wp-content\/uploads\/2025\/05\/IMG_5561-1537x2048.jpg 1537w, https:\/\/lydenim.com\/wp-content\/uploads\/2025\/05\/IMG_5561-9x12.jpg 9w, https:\/\/lydenim.com\/wp-content\/uploads\/2025\/05\/IMG_5561-600x799.jpg 600w, https:\/\/lydenim.com\/wp-content\/uploads\/2025\/05\/IMG_5561-150x200.jpg 150w\" sizes=\"auto, (max-width: 600px) 100vw, 600px\" \/><p id=\"caption-attachment-5090\" class=\"wp-caption-text\">Simone Rocha<\/p><\/div>\n<h3><strong>Versace<\/strong><\/h3>\n<p>La collection s&#039;inspirait des codes esth\u00e9tiques embl\u00e9matiques de Versace\u00a0: les mod\u00e8les \u00e0 \u00e9paules d\u00e9nud\u00e9es du d\u00e9fil\u00e9 haute couture de 1997 et la pr\u00e9cision des costumes de ballet, avec leurs corsets et leurs jupes opulentes. Les motifs embl\u00e9matiques \u00e9taient omnipr\u00e9sents\u00a0: taill\u00e9s en corsets, brod\u00e9s sur les poches poitrine, tiss\u00e9s en cotte de mailles et associ\u00e9s \u00e0 des jupons en soie. Le mod\u00e8le phare\u00a0? Des jeans orn\u00e9s de perles complexes et somptueuses.<\/p>\n<div id=\"attachment_5091\" style=\"width: 610px\" class=\"wp-caption aligncenter\"><img loading=\"lazy\" decoding=\"async\" aria-describedby=\"caption-attachment-5091\" class=\"wp-image-5091\" src=\"https:\/\/lydenim.com\/wp-content\/uploads\/2025\/05\/IMG_5562-scaled.jpg\" alt=\"Versace\" width=\"600\" height=\"799\" srcset=\"https:\/\/lydenim.com\/wp-content\/uploads\/2025\/05\/IMG_5562-scaled.jpg 1922w, https:\/\/lydenim.com\/wp-content\/uploads\/2025\/05\/IMG_5562-225x300.jpg 225w, https:\/\/lydenim.com\/wp-content\/uploads\/2025\/05\/IMG_5562-769x1024.jpg 769w, https:\/\/lydenim.com\/wp-content\/uploads\/2025\/05\/IMG_5562-768x1023.jpg 768w, https:\/\/lydenim.com\/wp-content\/uploads\/2025\/05\/IMG_5562-1153x1536.jpg 1153w, https:\/\/lydenim.com\/wp-content\/uploads\/2025\/05\/IMG_5562-1537x2048.jpg 1537w, https:\/\/lydenim.com\/wp-content\/uploads\/2025\/05\/IMG_5562-9x12.jpg 9w, https:\/\/lydenim.com\/wp-content\/uploads\/2025\/05\/IMG_5562-600x799.jpg 600w, https:\/\/lydenim.com\/wp-content\/uploads\/2025\/05\/IMG_5562-150x200.jpg 150w\" sizes=\"auto, (max-width: 600px) 100vw, 600px\" \/><p id=\"caption-attachment-5091\" class=\"wp-caption-text\">Versace<\/p><\/div>\n<h3><strong>Louis Vuitton<\/strong><\/h3>\n<p>Le d\u00e9fil\u00e9 automne-hiver 2025-2026 de Louis Vuitton s&#039;est d\u00e9roul\u00e9 avec la pr\u00e9cision rythmique d&#039;un train entrant en gare, o\u00f9 le temps, l&#039;\u00e9motion et le style convergeaient dans un hommage nostalgique \u00e0 l&#039;\u00e2ge d&#039;or du voyage. Cette saison, la marque a tiss\u00e9 un r\u00e9cit complexe reliant pass\u00e9 et futur, offrant une m\u00e9ditation po\u00e9tique sur le mouvement, la m\u00e9moire et la modernit\u00e9. Les pi\u00e8ces en denim arboraient des silhouettes \u00e9pur\u00e9es, ancr\u00e9es dans des tons classiques et naturels.<\/p>\n<div id=\"attachment_5092\" style=\"width: 610px\" class=\"wp-caption aligncenter\"><img loading=\"lazy\" decoding=\"async\" aria-describedby=\"caption-attachment-5092\" class=\"wp-image-5092\" src=\"https:\/\/lydenim.com\/wp-content\/uploads\/2025\/05\/IMG_5563-scaled.jpg\" alt=\"Louis Vuitton\" width=\"600\" height=\"799\" srcset=\"https:\/\/lydenim.com\/wp-content\/uploads\/2025\/05\/IMG_5563-scaled.jpg 1922w, https:\/\/lydenim.com\/wp-content\/uploads\/2025\/05\/IMG_5563-225x300.jpg 225w, https:\/\/lydenim.com\/wp-content\/uploads\/2025\/05\/IMG_5563-769x1024.jpg 769w, https:\/\/lydenim.com\/wp-content\/uploads\/2025\/05\/IMG_5563-768x1023.jpg 768w, https:\/\/lydenim.com\/wp-content\/uploads\/2025\/05\/IMG_5563-1153x1536.jpg 1153w, https:\/\/lydenim.com\/wp-content\/uploads\/2025\/05\/IMG_5563-1537x2048.jpg 1537w, https:\/\/lydenim.com\/wp-content\/uploads\/2025\/05\/IMG_5563-9x12.jpg 9w, https:\/\/lydenim.com\/wp-content\/uploads\/2025\/05\/IMG_5563-600x799.jpg 600w, https:\/\/lydenim.com\/wp-content\/uploads\/2025\/05\/IMG_5563-150x200.jpg 150w\" sizes=\"auto, (max-width: 600px) 100vw, 600px\" \/><p id=\"caption-attachment-5092\" class=\"wp-caption-text\">Louis Vuitton<\/p><\/div>\n<h3><strong>Chanel<\/strong><\/h3>\n<p>La collection r\u00e9invente les codes stylistiques de la maison avec une allure onirique, refl\u00e9t\u00e9e dans des d\u00e9tails raffin\u00e9s qui instaurent un dialogue entre tradition et innovation. Un point fort ? Trois ensembles en denim \u00e0 effet d\u00e9grad\u00e9, chacun associant diff\u00e9rentes mati\u00e8res, qui ont rapidement fait parler d&#039;eux.<\/p>\n<div id=\"attachment_5093\" style=\"width: 610px\" class=\"wp-caption aligncenter\"><img loading=\"lazy\" decoding=\"async\" aria-describedby=\"caption-attachment-5093\" class=\"wp-image-5093\" src=\"https:\/\/lydenim.com\/wp-content\/uploads\/2025\/05\/IMG_5564-scaled.jpg\" alt=\"Chanel\" width=\"600\" height=\"799\" srcset=\"https:\/\/lydenim.com\/wp-content\/uploads\/2025\/05\/IMG_5564-scaled.jpg 1922w, https:\/\/lydenim.com\/wp-content\/uploads\/2025\/05\/IMG_5564-225x300.jpg 225w, https:\/\/lydenim.com\/wp-content\/uploads\/2025\/05\/IMG_5564-769x1024.jpg 769w, https:\/\/lydenim.com\/wp-content\/uploads\/2025\/05\/IMG_5564-768x1023.jpg 768w, https:\/\/lydenim.com\/wp-content\/uploads\/2025\/05\/IMG_5564-1153x1536.jpg 1153w, https:\/\/lydenim.com\/wp-content\/uploads\/2025\/05\/IMG_5564-1537x2048.jpg 1537w, https:\/\/lydenim.com\/wp-content\/uploads\/2025\/05\/IMG_5564-9x12.jpg 9w, https:\/\/lydenim.com\/wp-content\/uploads\/2025\/05\/IMG_5564-600x799.jpg 600w, https:\/\/lydenim.com\/wp-content\/uploads\/2025\/05\/IMG_5564-150x200.jpg 150w\" sizes=\"auto, (max-width: 600px) 100vw, 600px\" \/><p id=\"caption-attachment-5093\" class=\"wp-caption-text\">Chanel<\/p><\/div>\n<h3 dir=\"auto\">Services de personnalisation par LYDENIM<\/h3>\n<p dir=\"auto\">\ud83c\udfa8 Vouloir <strong>tissus denim personnalis\u00e9s<\/strong> ou\u00a0 <strong>unique<\/strong> <strong>v\u00eatement en denim personnalis\u00e9<\/strong>? LYDENIM est sp\u00e9cialis\u00e9 dans les solutions sur mesure pour r\u00e9pondre \u00e0 vos besoins de conception et de production.<\/p>\n<p dir=\"auto\">\ud83d\udecd\ufe0f <strong>Explorez et inspirez-vous<\/strong>: Parcourez nos s\u00e9lections de tissus et d\u00e9couvrez des id\u00e9es de design sur <a href=\"https:\/\/lydenim.com\/fr\/\" target=\"_blank\" rel=\"noopener noreferrer nofollow\">LYDenim<\/a>.<\/p>\n<p dir=\"auto\">\ud83c\udf10 <strong>V\u00eatements \u00e9lastiques<\/strong>:D\u00e9couvrez nos offres sur <a href=\"http:\/\/liangyuantextile.m.en.alibaba.com\" target=\"_blank\" rel=\"noopener noreferrer nofollow\">MonAlibaba<\/a>. \ud83d\udce9 <strong>Contactez-nous<\/strong>: Contactez-nous \u00e0 <a href=\"mailto:malone@lydenim.com\" target=\"_blank\" rel=\"noopener noreferrer nofollow\">malone@lydenim.com<\/a>.<\/p>\n<p dir=\"auto\">Cr\u00e9ez votre chef-d&#039;\u0153uvre en denim avec LYDENIM, votre partenaire de confiance pour <strong>tissu extensible<\/strong> et <strong>solutions denim personnalis\u00e9es<\/strong>.<\/p>","protected":false},"excerpt":{"rendered":"<p>Temps de lecture estim\u00e9 : ~5 minutes Simone Rocha Cette saison, la marque s&#039;est inspir\u00e9e d&#039;\u00ab un sombre conte de f\u00e9es de tortues,<\/p>","protected":false},"author":1,"featured_media":5094,"comment_status":"open","ping_status":"open","sticky":false,"template":"","format":"standard","meta":{"two_page_speed":[],"footnotes":""},"categories":[64],"tags":[],"class_list":["post-5089","post","type-post","status-publish","format-standard","has-post-thumbnail","hentry","category-summer"],"aioseo_notices":[],"_links":{"self":[{"href":"https:\/\/lydenim.com\/fr\/wp-json\/wp\/v2\/posts\/5089","targetHints":{"allow":["GET"]}}],"collection":[{"href":"https:\/\/lydenim.com\/fr\/wp-json\/wp\/v2\/posts"}],"about":[{"href":"https:\/\/lydenim.com\/fr\/wp-json\/wp\/v2\/types\/post"}],"author":[{"embeddable":true,"href":"https:\/\/lydenim.com\/fr\/wp-json\/wp\/v2\/users\/1"}],"replies":[{"embeddable":true,"href":"https:\/\/lydenim.com\/fr\/wp-json\/wp\/v2\/comments?post=5089"}],"version-history":[{"count":3,"href":"https:\/\/lydenim.com\/fr\/wp-json\/wp\/v2\/posts\/5089\/revisions"}],"predecessor-version":[{"id":6300,"href":"https:\/\/lydenim.com\/fr\/wp-json\/wp\/v2\/posts\/5089\/revisions\/6300"}],"wp:featuredmedia":[{"embeddable":true,"href":"https:\/\/lydenim.com\/fr\/wp-json\/wp\/v2\/media\/5094"}],"wp:attachment":[{"href":"https:\/\/lydenim.com\/fr\/wp-json\/wp\/v2\/media?parent=5089"}],"wp:term":[{"taxonomy":"category","embeddable":true,"href":"https:\/\/lydenim.com\/fr\/wp-json\/wp\/v2\/categories?post=5089"},{"taxonomy":"post_tag","embeddable":true,"href":"https:\/\/lydenim.com\/fr\/wp-json\/wp\/v2\/tags?post=5089"}],"curies":[{"name":"wp","href":"https:\/\/api.w.org\/{rel}","templated":true}]}}