{"id":5108,"date":"2025-05-15T16:41:31","date_gmt":"2025-05-15T08:41:31","guid":{"rendered":"https:\/\/lydenim.com\/?p=5108"},"modified":"2025-08-24T13:09:32","modified_gmt":"2025-08-24T05:09:32","slug":"what-is-a-colored-jacquard-denim","status":"publish","type":"post","link":"https:\/\/lydenim.com\/fr\/quest-ce-quun-denim-jacquard-colore\/","title":{"rendered":"Qu&#039;est-ce qu&#039;un denim jacquard color\u00e9 ?"},"content":{"rendered":"<h2 class=\"\" data-start=\"2476\" data-end=\"2517\">Temps de lecture estim\u00e9 : \uff5e3 minutes<\/h2>\n<h2 class=\"\" data-start=\"2519\" data-end=\"2536\">Introduction<\/h2>\n<p class=\"\" data-start=\"2537\" data-end=\"2951\">L&#039;industrie de la mode et du textile s&#039;appuie sur les tissus pour d\u00e9finir les motifs et les styles. Cr\u00e9ateurs et consommateurs privil\u00e9gient d\u00e9sormais le denim Jacquard color\u00e9, qui allie m\u00e9thodes de tissage classiques et palettes de couleurs contemporaines. Cet article explore la d\u00e9finition du denim Jacquard, les innovations en mati\u00e8re de denim Jacquard color\u00e9, ainsi que les produits LY Denim et leur lien avec les tendances de la mode moderne.<\/p>\n<div id=\"attachment_3986\" style=\"width: 810px\" class=\"wp-caption aligncenter\"><img loading=\"lazy\" decoding=\"async\" aria-describedby=\"caption-attachment-3986\" class=\"wp-image-3986\" src=\"https:\/\/lydenim.com\/wp-content\/uploads\/2025\/03\/IMG_4210.jpg\" alt=\"Jacquard\" width=\"800\" height=\"375\" srcset=\"https:\/\/lydenim.com\/wp-content\/uploads\/2025\/03\/IMG_4210.jpg 1181w, https:\/\/lydenim.com\/wp-content\/uploads\/2025\/03\/IMG_4210-300x140.jpg 300w, https:\/\/lydenim.com\/wp-content\/uploads\/2025\/03\/IMG_4210-1024x479.jpg 1024w, https:\/\/lydenim.com\/wp-content\/uploads\/2025\/03\/IMG_4210-768x360.jpg 768w, https:\/\/lydenim.com\/wp-content\/uploads\/2025\/03\/IMG_4210-18x8.jpg 18w, https:\/\/lydenim.com\/wp-content\/uploads\/2025\/03\/IMG_4210-600x281.jpg 600w, https:\/\/lydenim.com\/wp-content\/uploads\/2025\/03\/IMG_4210-150x70.jpg 150w\" sizes=\"auto, (max-width: 800px) 100vw, 800px\" \/><p id=\"caption-attachment-3986\" class=\"wp-caption-text\">Jacquard<\/p><\/div>\n<h2 class=\"\" data-start=\"2958\" data-end=\"2993\">Qu&#039;est-ce que le denim Jacquard<\/h2>\n<ul data-start=\"2994\" data-end=\"4255\">\n<li class=\"\" data-start=\"2994\" data-end=\"3183\">\n<p class=\"\" data-start=\"2996\" data-end=\"3183\"><strong data-start=\"2996\" data-end=\"3007\">Origines<\/strong><br data-start=\"3007\" data-end=\"3010\" \/>En 1804, un tisserand fran\u00e7ais <a href=\"https:\/\/en.wikipedia.org\/wiki\/Jacquard_machine\">Joseph Marie Jacquard<\/a> Il a cr\u00e9\u00e9 le syst\u00e8me de tissage Jacquard. Sa technologie de tissage automatis\u00e9e, gr\u00e2ce \u00e0 des machines \u00e0 cartes perfor\u00e9es, a transform\u00e9 la production de motifs complexes.<\/p>\n<p><div id=\"attachment_5112\" style=\"width: 610px\" class=\"wp-caption aligncenter\"><img loading=\"lazy\" decoding=\"async\" aria-describedby=\"caption-attachment-5112\" class=\"wp-image-5112\" src=\"https:\/\/lydenim.com\/wp-content\/uploads\/2025\/05\/Joseph-Marie-Jacquard.jpg\" alt=\"Joseph Marie Jacquard\" width=\"600\" height=\"905\" srcset=\"https:\/\/lydenim.com\/wp-content\/uploads\/2025\/05\/Joseph-Marie-Jacquard.jpg 500w, https:\/\/lydenim.com\/wp-content\/uploads\/2025\/05\/Joseph-Marie-Jacquard-199x300.jpg 199w, https:\/\/lydenim.com\/wp-content\/uploads\/2025\/05\/Joseph-Marie-Jacquard-8x12.jpg 8w, https:\/\/lydenim.com\/wp-content\/uploads\/2025\/05\/Joseph-Marie-Jacquard-150x226.jpg 150w\" sizes=\"auto, (max-width: 600px) 100vw, 600px\" \/><p id=\"caption-attachment-5112\" class=\"wp-caption-text\">Joseph Marie Jacquard<\/p><\/div><\/li>\n<li class=\"\" data-start=\"3184\" data-end=\"3414\">\n<p class=\"\" data-start=\"3186\" data-end=\"3414\"><strong data-start=\"3186\" data-end=\"3207\">D\u00e9finition du tissu<\/strong><br data-start=\"3207\" data-end=\"3210\" \/>La technique du m\u00e9tier \u00e0 tisser Jacquard produit un tissu denim innovant en permettant aux designers de cr\u00e9er des motifs complexes gr\u00e2ce \u00e0 un contr\u00f4le pr\u00e9cis du fil de cha\u00eene pendant le processus de tissage.<\/p>\n<p><div id=\"attachment_5111\" style=\"width: 610px\" class=\"wp-caption aligncenter\"><img loading=\"lazy\" decoding=\"async\" aria-describedby=\"caption-attachment-5111\" class=\"wp-image-5111\" src=\"https:\/\/lydenim.com\/wp-content\/uploads\/2025\/05\/IMG_5648.jpg\" alt=\"Machine Jacquard\" width=\"600\" height=\"327\" srcset=\"https:\/\/lydenim.com\/wp-content\/uploads\/2025\/05\/IMG_5648.jpg 1179w, https:\/\/lydenim.com\/wp-content\/uploads\/2025\/05\/IMG_5648-300x164.jpg 300w, https:\/\/lydenim.com\/wp-content\/uploads\/2025\/05\/IMG_5648-1024x558.jpg 1024w, https:\/\/lydenim.com\/wp-content\/uploads\/2025\/05\/IMG_5648-768x419.jpg 768w, https:\/\/lydenim.com\/wp-content\/uploads\/2025\/05\/IMG_5648-18x10.jpg 18w, https:\/\/lydenim.com\/wp-content\/uploads\/2025\/05\/IMG_5648-600x327.jpg 600w, https:\/\/lydenim.com\/wp-content\/uploads\/2025\/05\/IMG_5648-150x82.jpg 150w\" sizes=\"auto, (max-width: 600px) 100vw, 600px\" \/><p id=\"caption-attachment-5111\" class=\"wp-caption-text\">Machine Jacquard<\/p><\/div><\/li>\n<li class=\"\" data-start=\"3415\" data-end=\"3636\">\n<p class=\"\" data-start=\"3417\" data-end=\"3636\"><strong data-start=\"3417\" data-end=\"3440\">Caract\u00e9ristiques structurelles<\/strong><br data-start=\"3440\" data-end=\"3443\" \/>Un m\u00e9tier \u00e0 tisser Jacquard fonctionne diff\u00e9remment du denim serg\u00e9 conventionnel car il permet un contr\u00f4le du fil de cha\u00eene unique qui produit des motifs g\u00e9om\u00e9triques floraux et abstraits d\u00e9coratifs.<\/p>\n<\/li>\n<li class=\"\" data-start=\"3637\" data-end=\"3802\">\n<p class=\"\" data-start=\"3639\" data-end=\"3802\"><strong data-start=\"3639\" data-end=\"3655\">Applications<\/strong><br data-start=\"3655\" data-end=\"3658\" \/>Le tissu obtenu pr\u00e9sente une qualit\u00e9 gaufr\u00e9e, adapt\u00e9e aux v\u00eatements de mode haut de gamme ainsi qu&#039;aux articles de d\u00e9coration int\u00e9rieure comme les coussins et les rideaux.<\/p>\n<p><div id=\"attachment_5109\" style=\"width: 610px\" class=\"wp-caption aligncenter\"><img loading=\"lazy\" decoding=\"async\" aria-describedby=\"caption-attachment-5109\" class=\"wp-image-5109\" src=\"https:\/\/lydenim.com\/wp-content\/uploads\/2025\/05\/IMG_5649.jpg\" alt=\"Mode denim jacquard\" width=\"600\" height=\"800\" srcset=\"https:\/\/lydenim.com\/wp-content\/uploads\/2025\/05\/IMG_5649.jpg 750w, https:\/\/lydenim.com\/wp-content\/uploads\/2025\/05\/IMG_5649-225x300.jpg 225w, https:\/\/lydenim.com\/wp-content\/uploads\/2025\/05\/IMG_5649-9x12.jpg 9w, https:\/\/lydenim.com\/wp-content\/uploads\/2025\/05\/IMG_5649-600x800.jpg 600w, https:\/\/lydenim.com\/wp-content\/uploads\/2025\/05\/IMG_5649-150x200.jpg 150w\" sizes=\"auto, (max-width: 600px) 100vw, 600px\" \/><p id=\"caption-attachment-5109\" class=\"wp-caption-text\">Mode denim jacquard<\/p><\/div><\/li>\n<li class=\"\" data-start=\"3803\" data-end=\"4255\">\n<p class=\"\" data-start=\"3805\" data-end=\"3821\"><strong data-start=\"3805\" data-end=\"3819\">Avantages<\/strong><\/p>\n<ul data-start=\"3824\" data-end=\"4255\">\n<li class=\"\" data-start=\"3824\" data-end=\"3925\">\n<p class=\"\" data-start=\"3826\" data-end=\"3925\"><strong data-start=\"3826\" data-end=\"3855\">Fort attrait d\u00e9coratif :<\/strong> Les motifs sont int\u00e9gr\u00e9s au tissu pour des visuels durables et vivants.<\/p>\n<\/li>\n<li class=\"\" data-start=\"3928\" data-end=\"4007\">\n<p class=\"\" data-start=\"3930\" data-end=\"4007\"><strong data-start=\"3930\" data-end=\"3951\">Sensation de main unique :<\/strong> Le processus de tissage produit une surface richement textur\u00e9e.<\/p>\n<\/li>\n<li class=\"\" data-start=\"4010\" data-end=\"4115\">\n<p class=\"\" data-start=\"4012\" data-end=\"4115\"><strong data-start=\"4012\" data-end=\"4035\">Large applicabilit\u00e9 :<\/strong> Id\u00e9al pour les v\u00eatements (vestes, pantalons) et la d\u00e9coration int\u00e9rieure (rideaux, tissus d&#039;ameublement).<\/p>\n<\/li>\n<li class=\"\" data-start=\"4118\" data-end=\"4255\">\n<p class=\"\" data-start=\"4120\" data-end=\"4255\"><strong data-start=\"4120\" data-end=\"4147\">M\u00e9langes de fibres polyvalents :<\/strong> Peut \u00eatre fabriqu\u00e9 \u00e0 partir de coton 100% ou de m\u00e9langes de coton avec du Lyocel et du polyester pour diverses possibilit\u00e9s de motifs.<\/p>\n<\/li>\n<\/ul>\n<\/li>\n<\/ul>\n<h2 class=\"\" data-start=\"4262\" data-end=\"4313\">Innovations dans le denim jacquard color\u00e9<\/h2>\n<ul data-start=\"4314\" data-end=\"5132\">\n<li class=\"\" data-start=\"4314\" data-end=\"4486\">\n<p class=\"\" data-start=\"4316\" data-end=\"4486\"><a href=\"https:\/\/lydenim.com\/fr\/teinture-de-corde\/\"><strong data-start=\"4316\" data-end=\"4337\">Couleur et technique<\/strong><\/a><br data-start=\"4337\" data-end=\"4340\" \/>Le d\u00e9veloppement du denim Jacquard color\u00e9 se fait gr\u00e2ce au tissage Jacquard avec des techniques de teinture avanc\u00e9es qui cr\u00e9ent des tissus aux couleurs diverses au-del\u00e0 du denim bleu traditionnel.<\/p>\n<\/li>\n<li class=\"\" data-start=\"4487\" data-end=\"4827\">\n<p class=\"\" data-start=\"4489\" data-end=\"4507\"><strong data-start=\"4489\" data-end=\"4505\">Caract\u00e9ristiques principales<\/strong><\/p>\n<ul data-start=\"4510\" data-end=\"4827\">\n<li class=\"\" data-start=\"4510\" data-end=\"4610\">\n<p class=\"\" data-start=\"4512\" data-end=\"4610\"><strong data-start=\"4512\" data-end=\"4538\">Diverses options de couleurs :<\/strong> Des pastels doux aux couleurs vives et \u00e9clatantes, r\u00e9pondant \u00e0 des besoins de conception vari\u00e9s.<\/p>\n<\/li>\n<li class=\"\" data-start=\"4613\" data-end=\"4705\">\n<p class=\"\" data-start=\"4615\" data-end=\"4705\"><strong data-start=\"4615\" data-end=\"4638\">Flexibilit\u00e9 de conception :<\/strong> Fusion harmonieuse de motifs et de couleurs pour des articles de mode uniques.<\/p>\n<\/li>\n<li class=\"\" data-start=\"4708\" data-end=\"4827\">\n<p class=\"\" data-start=\"4710\" data-end=\"4827\"><strong data-start=\"4710\" data-end=\"4731\">Proc\u00e9d\u00e9s modernes :<\/strong> Utilise des colorants \u00e9cologiques et des fibres durables (par exemple, Lyocel) pour r\u00e9pondre aux demandes du march\u00e9 actuel.<\/p>\n<\/li>\n<\/ul>\n<\/li>\n<li class=\"\" data-start=\"4828\" data-end=\"5132\">\n<p class=\"\" data-start=\"4830\" data-end=\"4850\"><strong data-start=\"4830\" data-end=\"4848\">M\u00e9thodes de teinture<\/strong><\/p>\n<ul data-start=\"4853\" data-end=\"5132\">\n<li class=\"\" data-start=\"4853\" data-end=\"4930\">\n<p class=\"\" data-start=\"4855\" data-end=\"4930\"><strong data-start=\"4855\" data-end=\"4872\">Teinture en pi\u00e8ce :<\/strong> Teinture du tissu entier apr\u00e8s le tissage pour des tons uniformes.<\/p>\n<\/li>\n<li class=\"\" data-start=\"4933\" data-end=\"5021\">\n<p class=\"\" data-start=\"4935\" data-end=\"5021\"><strong data-start=\"4935\" data-end=\"4951\">Teinture du fil :<\/strong> Coloration des fils avant tissage, permettant des motifs multicolores complexes.<\/p>\n<\/li>\n<li class=\"\" data-start=\"5024\" data-end=\"5132\">\n<p class=\"\" data-start=\"5026\" data-end=\"5132\"><strong data-start=\"5026\" data-end=\"5044\">Eco-proc\u00e9d\u00e9s :<\/strong> Utilisez des colorants r\u00e9actifs pour une excellente r\u00e9sistance des couleurs tout en minimisant l\u2019impact environnemental.<img loading=\"lazy\" decoding=\"async\" class=\"aligncenter wp-image-2482\" src=\"https:\/\/lydenim.com\/wp-content\/uploads\/2024\/12\/\u5e8f\u5217-Sequence-01.00_04_02_11.Still015-scaled.jpg\" alt=\"\" width=\"600\" height=\"338\" srcset=\"https:\/\/lydenim.com\/wp-content\/uploads\/2024\/12\/\u5e8f\u5217-Sequence-01.00_04_02_11.Still015-scaled.jpg 2560w, https:\/\/lydenim.com\/wp-content\/uploads\/2024\/12\/\u5e8f\u5217-Sequence-01.00_04_02_11.Still015-scaled-150x84.jpg 150w, https:\/\/lydenim.com\/wp-content\/uploads\/2024\/12\/\u5e8f\u5217-Sequence-01.00_04_02_11.Still015-scaled-600x338.jpg 600w, https:\/\/lydenim.com\/wp-content\/uploads\/2024\/12\/\u5e8f\u5217-Sequence-01.00_04_02_11.Still015-300x169.jpg 300w, https:\/\/lydenim.com\/wp-content\/uploads\/2024\/12\/\u5e8f\u5217-Sequence-01.00_04_02_11.Still015-1024x576.jpg 1024w, https:\/\/lydenim.com\/wp-content\/uploads\/2024\/12\/\u5e8f\u5217-Sequence-01.00_04_02_11.Still015-768x432.jpg 768w, https:\/\/lydenim.com\/wp-content\/uploads\/2024\/12\/\u5e8f\u5217-Sequence-01.00_04_02_11.Still015-1536x864.jpg 1536w, https:\/\/lydenim.com\/wp-content\/uploads\/2024\/12\/\u5e8f\u5217-Sequence-01.00_04_02_11.Still015-2048x1152.jpg 2048w, https:\/\/lydenim.com\/wp-content\/uploads\/2024\/12\/\u5e8f\u5217-Sequence-01.00_04_02_11.Still015-18x10.jpg 18w, https:\/\/lydenim.com\/wp-content\/uploads\/2024\/12\/\u5e8f\u5217-Sequence-01.00_04_02_11.Still015-scaled-1281x720.jpg 1281w\" sizes=\"auto, (max-width: 600px) 100vw, 600px\" \/><\/p>\n<\/li>\n<\/ul>\n<\/li>\n<\/ul>\n<h2 class=\"\" data-start=\"5139\" data-end=\"5187\">Produits en denim color\u00e9 de LY Denim<\/h2>\n<p class=\"\" data-start=\"5188\" data-end=\"5329\">LY Denim propose des tissus denim personnalisables de haute qualit\u00e9 dans un m\u00e9lange de coton 75%, de Lyocel 22% et de polyester 3%, d&#039;une largeur de 180 cm et d&#039;un poids de 10,8 oz.<\/p>\n<div class=\"_tableContainer_16hzy_1\">\n<div class=\"_tableWrapper_16hzy_14 group flex w-fit flex-col-reverse\" tabindex=\"-1\">\n<table class=\"w-fit min-w-(--thread-content-width)\" style=\"height: 132px;\" width=\"1048\" data-start=\"5331\" data-end=\"5903\">\n<thead data-start=\"5331\" data-end=\"5441\">\n<tr data-start=\"5331\" data-end=\"5441\">\n<th data-start=\"5331\" data-end=\"5359\" data-col-size=\"sm\">Produit<\/th>\n<th data-start=\"5359\" data-end=\"5368\" data-col-size=\"sm\">ARTICLE<\/th>\n<th data-start=\"5368\" data-end=\"5403\" data-col-size=\"sm\">Caract\u00e9ristiques<\/th>\n<th data-start=\"5403\" data-end=\"5441\" data-col-size=\"sm\">Applications<\/th>\n<\/tr>\n<\/thead>\n<tbody data-start=\"5553\" data-end=\"5903\">\n<tr data-start=\"5553\" data-end=\"5665\">\n<td data-start=\"5553\" data-end=\"5581\" data-col-size=\"sm\">Denim color\u00e9 non extensible<\/td>\n<td data-start=\"5581\" data-end=\"5590\" data-col-size=\"sm\">M9693<\/td>\n<td data-col-size=\"sm\" data-start=\"5590\" data-end=\"5627\">Serg\u00e9 uni, 18 couleurs, non extensible<\/td>\n<td data-col-size=\"sm\" data-start=\"5627\" data-end=\"5665\">V\u00eatements structur\u00e9s, v\u00eatements classiques<\/td>\n<\/tr>\n<tr data-start=\"5666\" data-end=\"5788\">\n<td data-start=\"5666\" data-end=\"5694\" data-col-size=\"sm\">Denim Jacquard color\u00e9<\/td>\n<td data-start=\"5694\" data-end=\"5703\" data-col-size=\"sm\">K9394<\/td>\n<td data-col-size=\"sm\" data-start=\"5703\" data-end=\"5746\">Motifs jacquard, 18 couleurs, non extensible<\/td>\n<td data-col-size=\"sm\" data-start=\"5746\" data-end=\"5788\">V\u00eatements d&#039;ext\u00e9rieur d\u00e9coratifs, pi\u00e8ces tendance<\/td>\n<\/tr>\n<tr data-start=\"5789\" data-end=\"5903\">\n<td data-start=\"5789\" data-end=\"5817\" data-col-size=\"sm\">Denim extensible color\u00e9<\/td>\n<td data-start=\"5817\" data-end=\"5826\" data-col-size=\"sm\">M9692<\/td>\n<td data-start=\"5826\" data-end=\"5865\" data-col-size=\"sm\">Serg\u00e9 uni, 18 couleurs, extensible<\/td>\n<td data-col-size=\"sm\" data-start=\"5865\" data-end=\"5903\">V\u00eatements moulants, athleisure<\/td>\n<\/tr>\n<\/tbody>\n<\/table>\n<div class=\"sticky end-(--thread-content-margin) h-0 self-end select-none\">\n<div class=\"absolute end-0 flex items-end\"><\/div>\n<\/div>\n<\/div>\n<\/div>\n<ul data-start=\"5905\" data-end=\"6341\">\n<li class=\"\" data-start=\"5905\" data-end=\"6039\">\n<p class=\"\" data-start=\"5907\" data-end=\"6039\"><a href=\"https:\/\/lydenim.com\/fr\/produit\/denim-non-extensible-18-options-de-couleurs-personnalisation-professionnelle\/\"><strong data-start=\"5907\" data-end=\"5935\">Denim color\u00e9 non extensible<\/strong><\/a><br data-start=\"5935\" data-end=\"5938\" \/>Serg\u00e9 classique sans \u00e9lasticit\u00e9, id\u00e9al pour les pi\u00e8ces qui conservent leur forme comme les vestes et les pantalons droits.<img loading=\"lazy\" decoding=\"async\" class=\"aligncenter wp-image-3870\" src=\"https:\/\/lydenim.com\/wp-content\/uploads\/2025\/03\/IMG_5422-scaled.jpg\" alt=\"\" width=\"600\" height=\"600\" srcset=\"https:\/\/lydenim.com\/wp-content\/uploads\/2025\/03\/IMG_5422-scaled.jpg 2560w, https:\/\/lydenim.com\/wp-content\/uploads\/2025\/03\/IMG_5422-300x300.jpg 300w, https:\/\/lydenim.com\/wp-content\/uploads\/2025\/03\/IMG_5422-1024x1024.jpg 1024w, https:\/\/lydenim.com\/wp-content\/uploads\/2025\/03\/IMG_5422-150x150.jpg 150w, https:\/\/lydenim.com\/wp-content\/uploads\/2025\/03\/IMG_5422-768x768.jpg 768w, https:\/\/lydenim.com\/wp-content\/uploads\/2025\/03\/IMG_5422-1536x1536.jpg 1536w, https:\/\/lydenim.com\/wp-content\/uploads\/2025\/03\/IMG_5422-2048x2048.jpg 2048w, https:\/\/lydenim.com\/wp-content\/uploads\/2025\/03\/IMG_5422-12x12.jpg 12w, https:\/\/lydenim.com\/wp-content\/uploads\/2025\/03\/IMG_5422-600x600.jpg 600w\" sizes=\"auto, (max-width: 600px) 100vw, 600px\" \/><\/p>\n<\/li>\n<li class=\"\" data-start=\"6040\" data-end=\"6209\">\n<p class=\"\" data-start=\"6042\" data-end=\"6209\"><a href=\"https:\/\/lydenim.com\/fr\/produit\/denim-jacquard-non-extensible-18-couleurs\/\"><strong data-start=\"6042\" data-end=\"6068\">Denim Jacquard color\u00e9<\/strong><\/a><br data-start=\"6068\" data-end=\"6071\" \/>Produit signature mariant des motifs Jacquard \u00e0 des teintes vives, parfait pour des v\u00eatements accrocheurs tels que des vestes et des jupes d\u00e9coratives.<img loading=\"lazy\" decoding=\"async\" class=\"aligncenter wp-image-4140\" src=\"https:\/\/lydenim.com\/wp-content\/uploads\/2025\/03\/IMG_5714.jpg\" alt=\"\" width=\"600\" height=\"600\" srcset=\"https:\/\/lydenim.com\/wp-content\/uploads\/2025\/03\/IMG_5714.jpg 2196w, https:\/\/lydenim.com\/wp-content\/uploads\/2025\/03\/IMG_5714-300x300.jpg 300w, https:\/\/lydenim.com\/wp-content\/uploads\/2025\/03\/IMG_5714-1024x1024.jpg 1024w, https:\/\/lydenim.com\/wp-content\/uploads\/2025\/03\/IMG_5714-150x150.jpg 150w, https:\/\/lydenim.com\/wp-content\/uploads\/2025\/03\/IMG_5714-768x768.jpg 768w, https:\/\/lydenim.com\/wp-content\/uploads\/2025\/03\/IMG_5714-1536x1536.jpg 1536w, https:\/\/lydenim.com\/wp-content\/uploads\/2025\/03\/IMG_5714-2048x2048.jpg 2048w, https:\/\/lydenim.com\/wp-content\/uploads\/2025\/03\/IMG_5714-12x12.jpg 12w, https:\/\/lydenim.com\/wp-content\/uploads\/2025\/03\/IMG_5714-600x600.jpg 600w\" sizes=\"auto, (max-width: 600px) 100vw, 600px\" \/><\/p>\n<\/li>\n<li class=\"\" data-start=\"6210\" data-end=\"6341\">\n<p class=\"\" data-start=\"6212\" data-end=\"6341\"><a href=\"https:\/\/lydenim.com\/fr\/produit\/\ud83c\udf08-denim-extensible-colore-18-options-de-couleurs-personnalisation-professionnelle\/\"><strong data-start=\"6212\" data-end=\"6237\">Denim extensible color\u00e9<\/strong><\/a><br data-start=\"6237\" data-end=\"6240\" \/>Ajoute de l&#039;\u00e9lasticit\u00e9 \u00e0 la palette de 18 couleurs pour un meilleur confort dans les jeans skinny et les styles athleisure.<img loading=\"lazy\" decoding=\"async\" class=\"aligncenter wp-image-3884 size-full\" src=\"https:\/\/lydenim.com\/wp-content\/uploads\/2025\/03\/IMG_5448-e1741413186325.jpg\" alt=\"\" width=\"600\" height=\"600\" \/><\/p>\n<\/li>\n<\/ul>\n<blockquote data-start=\"6343\" data-end=\"6441\">\n<p class=\"\" data-start=\"6345\" data-end=\"6441\"><strong data-start=\"6345\" data-end=\"6354\">Note:<\/strong> Tous les tissus sont personnalisables en largeur et en couleur. Consultez le site web de LY Denim pour plus de d\u00e9tails.<\/p>\n<\/blockquote>\n<h2 class=\"\" data-start=\"6448\" data-end=\"6490\">S&#039;aligner sur les tendances de la mode<\/h2>\n<ul data-start=\"6491\" data-end=\"7166\">\n<li class=\"\" data-start=\"6491\" data-end=\"6615\">\n<p class=\"\" data-start=\"6493\" data-end=\"6615\"><strong data-start=\"6493\" data-end=\"6512\">Personnalisation<\/strong><br data-start=\"6512\" data-end=\"6515\" \/>Des couleurs et des motifs riches soutiennent des conceptions sur mesure pour satisfaire le d\u00e9sir d&#039;individualit\u00e9 des consommateurs.<\/p>\n<\/li>\n<li class=\"\" data-start=\"6616\" data-end=\"6733\">\n<p class=\"\" data-start=\"6618\" data-end=\"6733\"><strong data-start=\"6618\" data-end=\"6636\">Durabilit\u00e9<\/strong><br data-start=\"6636\" data-end=\"6639\" \/>Le Lyocel et d&#039;autres fibres \u00e9cologiques aident LY Denim \u00e0 r\u00e9pondre aux exigences de la mode durable.<\/p>\n<\/li>\n<li class=\"\" data-start=\"6734\" data-end=\"6854\">\n<p class=\"\" data-start=\"6736\" data-end=\"6854\"><strong data-start=\"6736\" data-end=\"6766\">Progr\u00e8s technologiques<\/strong><br data-start=\"6766\" data-end=\"6769\" \/>L&#039;utilisation de m\u00e9thodes de tissage et de teinture de pointe permet d&#039;obtenir une qualit\u00e9 de tissu sup\u00e9rieure et une dur\u00e9e de vie prolong\u00e9e.<\/p>\n<\/li>\n<li class=\"\" data-start=\"6855\" data-end=\"6999\">\n<p class=\"\" data-start=\"6857\" data-end=\"6999\"><strong data-start=\"6857\" data-end=\"6875\">Perspectives du march\u00e9<\/strong><br data-start=\"6875\" data-end=\"6878\" \/>Les consommateurs de mode et de d\u00e9coration d&#039;int\u00e9rieur haut de gamme pr\u00e9f\u00e8rent le denim Jacquard color\u00e9 car il offre une d\u00e9coration combin\u00e9e \u00e0 une valeur fonctionnelle.<\/p>\n<\/li>\n<li class=\"\" data-start=\"7000\" data-end=\"7166\">\n<p class=\"\" data-start=\"7002\" data-end=\"7166\"><strong data-start=\"7002\" data-end=\"7021\">L&#039;avantage du denim LY<\/strong><br data-start=\"7021\" data-end=\"7024\" \/>L&#039;entreprise fournit aux designers des mat\u00e9riaux durables innovants et des services personnalisables pour r\u00e9aliser leurs conceptions cr\u00e9atives et mener les tendances du march\u00e9.<br \/>\n<img loading=\"lazy\" decoding=\"async\" class=\"aligncenter wp-image-2112\" src=\"https:\/\/lydenim.com\/wp-content\/uploads\/2024\/12\/group-people-working-out-business-plan-office_1303-15773.jpg\" alt=\"D\u00e9veloppement durable et innovation\" width=\"600\" height=\"400\" srcset=\"https:\/\/lydenim.com\/wp-content\/uploads\/2024\/12\/group-people-working-out-business-plan-office_1303-15773.jpg 1000w, https:\/\/lydenim.com\/wp-content\/uploads\/2024\/12\/group-people-working-out-business-plan-office_1303-15773-150x100.jpg 150w, https:\/\/lydenim.com\/wp-content\/uploads\/2024\/12\/group-people-working-out-business-plan-office_1303-15773-600x400.jpg 600w, https:\/\/lydenim.com\/wp-content\/uploads\/2024\/12\/group-people-working-out-business-plan-office_1303-15773-300x200.jpg 300w, https:\/\/lydenim.com\/wp-content\/uploads\/2024\/12\/group-people-working-out-business-plan-office_1303-15773-768x512.jpg 768w\" sizes=\"auto, (max-width: 600px) 100vw, 600px\" \/><\/p>\n<\/li>\n<\/ul>\n<h2 class=\"\" data-start=\"7173\" data-end=\"7188\">Conclusion<\/h2>\n<p class=\"\" data-start=\"7189\" data-end=\"7831\">L&#039;alliance du savoir-faire traditionnel et des innovations contemporaines du denim Jacquard color\u00e9 cr\u00e9e une innovation textile exceptionnelle qui multiplie les possibilit\u00e9s de cr\u00e9ation de mode. Les cr\u00e9ateurs peuvent choisir parmi les diff\u00e9rentes options de denim color\u00e9 de la collection LY Denim pour cr\u00e9er des mod\u00e8les tendance et distinctifs. <br data-start=\"7448\" data-end=\"7451\" \/>Envie d&#039;explorer l&#039;univers color\u00e9 du denim\u00a0? Notre collection propose une vaste s\u00e9lection de tissus \u00e9clatants pour vous aider \u00e0 cr\u00e9er des mod\u00e8les innovants pour votre prochain projet. Demandez-nous des \u00e9chantillons sur notre site web pour d\u00e9couvrir notre gamme de 18 couleurs et cr\u00e9er des mod\u00e8les uniques. Pour obtenir des conseils d&#039;experts et des solutions sur mesure, contactez Malone@lydenim.com ou rendez-vous sur www.lydenim.com pour plus d&#039;informations.<\/p>\n<h2 dir=\"auto\">Services de personnalisation par LYDENIM<\/h2>\n<p dir=\"auto\">\ud83c\udfa8 Vouloir <strong>tissus denim personnalis\u00e9s<\/strong> ou\u00a0 <strong>unique<\/strong> <strong>v\u00eatement en denim personnalis\u00e9<\/strong>? LYDENIM est sp\u00e9cialis\u00e9 dans les solutions sur mesure pour r\u00e9pondre \u00e0 vos besoins de conception et de production.<\/p>\n<p dir=\"auto\">\ud83d\udecd\ufe0f <strong>Explorez et inspirez-vous<\/strong>: Parcourez nos s\u00e9lections de tissus et d\u00e9couvrez des id\u00e9es de design sur <a href=\"https:\/\/lydenim.com\/fr\/\" target=\"_blank\" rel=\"noopener noreferrer nofollow\">LYDenim<\/a>.<\/p>\n<p dir=\"auto\">\ud83c\udf10 <strong>V\u00eatements \u00e9lastiques<\/strong>:D\u00e9couvrez nos offres sur <a href=\"http:\/\/liangyuantextile.m.en.alibaba.com\" target=\"_blank\" rel=\"noopener noreferrer nofollow\">MonAlibaba<\/a>. \ud83d\udce9 <strong>Contactez-nous<\/strong>: Contactez-nous \u00e0 <a href=\"mailto:malone@lydenim.com\" target=\"_blank\" rel=\"noopener noreferrer nofollow\">malone@lydenim.com<\/a>.<\/p>\n<p dir=\"auto\">Cr\u00e9ez votre chef-d&#039;\u0153uvre en denim avec LYDENIM, votre partenaire de confiance pour <strong>tissu extensible<\/strong> et <strong>solutions denim personnalis\u00e9es<\/strong>.<\/p>","protected":false},"excerpt":{"rendered":"<p>Temps de lecture estim\u00e9 : ~3 minutes Introduction L&#039;industrie de la mode et du textile d\u00e9pend des tissus pour \u00e9tablir \u00e0 la fois les mod\u00e8les et le style<\/p>","protected":false},"author":1,"featured_media":5113,"comment_status":"open","ping_status":"open","sticky":false,"template":"","format":"standard","meta":{"two_page_speed":[],"footnotes":""},"categories":[67],"tags":[],"class_list":["post-5108","post","type-post","status-publish","format-standard","has-post-thumbnail","hentry","category-market"],"aioseo_notices":[],"_links":{"self":[{"href":"https:\/\/lydenim.com\/fr\/wp-json\/wp\/v2\/posts\/5108","targetHints":{"allow":["GET"]}}],"collection":[{"href":"https:\/\/lydenim.com\/fr\/wp-json\/wp\/v2\/posts"}],"about":[{"href":"https:\/\/lydenim.com\/fr\/wp-json\/wp\/v2\/types\/post"}],"author":[{"embeddable":true,"href":"https:\/\/lydenim.com\/fr\/wp-json\/wp\/v2\/users\/1"}],"replies":[{"embeddable":true,"href":"https:\/\/lydenim.com\/fr\/wp-json\/wp\/v2\/comments?post=5108"}],"version-history":[{"count":4,"href":"https:\/\/lydenim.com\/fr\/wp-json\/wp\/v2\/posts\/5108\/revisions"}],"predecessor-version":[{"id":5199,"href":"https:\/\/lydenim.com\/fr\/wp-json\/wp\/v2\/posts\/5108\/revisions\/5199"}],"wp:featuredmedia":[{"embeddable":true,"href":"https:\/\/lydenim.com\/fr\/wp-json\/wp\/v2\/media\/5113"}],"wp:attachment":[{"href":"https:\/\/lydenim.com\/fr\/wp-json\/wp\/v2\/media?parent=5108"}],"wp:term":[{"taxonomy":"category","embeddable":true,"href":"https:\/\/lydenim.com\/fr\/wp-json\/wp\/v2\/categories?post=5108"},{"taxonomy":"post_tag","embeddable":true,"href":"https:\/\/lydenim.com\/fr\/wp-json\/wp\/v2\/tags?post=5108"}],"curies":[{"name":"wp","href":"https:\/\/api.w.org\/{rel}","templated":true}]}}