{"id":5115,"date":"2025-05-16T14:10:54","date_gmt":"2025-05-16T06:10:54","guid":{"rendered":"https:\/\/lydenim.com\/?p=5115"},"modified":"2025-08-24T13:11:00","modified_gmt":"2025-08-24T05:11:00","slug":"what-is-flocked-denimflocking-denim","status":"publish","type":"post","link":"https:\/\/lydenim.com\/fr\/quest-ce-que-le-denim-floque-denim-floque\/","title":{"rendered":"Qu&#039;est-ce que le denim floqu\u00e9 ?Le denim floqu\u00e9 ?"},"content":{"rendered":"<h2 class=\"\" data-start=\"2476\" data-end=\"2517\">Temps de lecture estim\u00e9 : \uff5e3 minutes<\/h2>\n<h3><strong><a href=\"https:\/\/en.wikipedia.org\/wiki\/Flocking_(texture)\">Floqu\u00e9<\/a> Denim<\/strong><\/h3>\n<p>Le denim traditionnel obtient une texture velout\u00e9e gr\u00e2ce \u00e0 la technologie de flocage, qui fixe les fibres courtes au tissu de base. La technologie de flocage moderne reproduit les techniques de broderie ancestrales en utilisant des syst\u00e8mes \u00e9lectrostatiques ou m\u00e9caniques pour int\u00e9grer verticalement des fibres de nylon ou de polyester dans le denim, pr\u00e9servant ainsi sa durabilit\u00e9 tout en cr\u00e9ant une surface textur\u00e9e et velout\u00e9e.<\/p>\n<h3>Une structure de denim floqu\u00e9e typique comprend :<\/h3>\n<ul>\n<li><strong>Couche sup\u00e9rieure<\/strong>:Denim classique avec tissage serg\u00e9 pour une r\u00e9sistance \u00e0 l&#039;abrasion ;<img loading=\"lazy\" decoding=\"async\" class=\"aligncenter wp-image-4694\" src=\"https:\/\/lydenim.com\/wp-content\/uploads\/2025\/04\/IMG_6397-scaled.jpg\" alt=\"\" width=\"600\" height=\"600\" srcset=\"https:\/\/lydenim.com\/wp-content\/uploads\/2025\/04\/IMG_6397-scaled.jpg 2560w, https:\/\/lydenim.com\/wp-content\/uploads\/2025\/04\/IMG_6397-300x300.jpg 300w, https:\/\/lydenim.com\/wp-content\/uploads\/2025\/04\/IMG_6397-1024x1024.jpg 1024w, https:\/\/lydenim.com\/wp-content\/uploads\/2025\/04\/IMG_6397-150x150.jpg 150w, https:\/\/lydenim.com\/wp-content\/uploads\/2025\/04\/IMG_6397-768x768.jpg 768w, https:\/\/lydenim.com\/wp-content\/uploads\/2025\/04\/IMG_6397-1536x1536.jpg 1536w, https:\/\/lydenim.com\/wp-content\/uploads\/2025\/04\/IMG_6397-2048x2048.jpg 2048w, https:\/\/lydenim.com\/wp-content\/uploads\/2025\/04\/IMG_6397-12x12.jpg 12w, https:\/\/lydenim.com\/wp-content\/uploads\/2025\/04\/IMG_6397-600x600.jpg 600w\" sizes=\"auto, (max-width: 600px) 100vw, 600px\" \/><\/li>\n<li><strong>Base m\u00e9diane<\/strong>: Tissu respirant pour un soutien structurel ;<\/li>\n<li><strong>Pile inf\u00e9rieure<\/strong>: Fibres de 0,3 \u00e0 1,2 mm offrant chaleur et texture 3D.<br \/>\nCette technologie r\u00e9sout le probl\u00e8me du froid du denim en ajoutant des \u00e9l\u00e9ments d\u00e9coratifs r\u00e9fl\u00e9chissant la lumi\u00e8re.<br \/>\n<img loading=\"lazy\" decoding=\"async\" class=\"aligncenter wp-image-4650\" src=\"https:\/\/lydenim.com\/wp-content\/uploads\/2025\/04\/IMG_6355.jpg\" alt=\"\" width=\"600\" height=\"600\" srcset=\"https:\/\/lydenim.com\/wp-content\/uploads\/2025\/04\/IMG_6355.jpg 2196w, https:\/\/lydenim.com\/wp-content\/uploads\/2025\/04\/IMG_6355-300x300.jpg 300w, https:\/\/lydenim.com\/wp-content\/uploads\/2025\/04\/IMG_6355-1024x1024.jpg 1024w, https:\/\/lydenim.com\/wp-content\/uploads\/2025\/04\/IMG_6355-150x150.jpg 150w, https:\/\/lydenim.com\/wp-content\/uploads\/2025\/04\/IMG_6355-768x768.jpg 768w, https:\/\/lydenim.com\/wp-content\/uploads\/2025\/04\/IMG_6355-1536x1536.jpg 1536w, https:\/\/lydenim.com\/wp-content\/uploads\/2025\/04\/IMG_6355-2048x2048.jpg 2048w, https:\/\/lydenim.com\/wp-content\/uploads\/2025\/04\/IMG_6355-12x12.jpg 12w, https:\/\/lydenim.com\/wp-content\/uploads\/2025\/04\/IMG_6355-600x600.jpg 600w\" sizes=\"auto, (max-width: 600px) 100vw, 600px\" \/><\/li>\n<\/ul>\n<h3><strong>L&#039;\u00e9volution de la mode du denim floqu\u00e9<\/strong><\/h3>\n<p>Le flocage transforme le denim classique en une multitude d&#039;applications mode. Cette m\u00e9thode permet aux cr\u00e9ateurs de cr\u00e9er des mod\u00e8les polyvalents.<\/p>\n<ol start=\"1\">\n<li><strong>Polyvalence de style<\/strong>\n<ul>\n<li>Les march\u00e9s du streetwear, du r\u00e9tro et de la haute couture b\u00e9n\u00e9ficient d&#039;imprim\u00e9s personnalis\u00e9s tels que des motifs l\u00e9opard, des formes g\u00e9om\u00e9triques et des effets ombr\u00e9s.<img loading=\"lazy\" decoding=\"async\" class=\"aligncenter wp-image-5116\" src=\"https:\/\/lydenim.com\/wp-content\/uploads\/2025\/05\/Flocked-Denim-Jacket-2.webp\" alt=\"\" width=\"600\" height=\"936\" srcset=\"https:\/\/lydenim.com\/wp-content\/uploads\/2025\/05\/Flocked-Denim-Jacket-2.webp 692w, https:\/\/lydenim.com\/wp-content\/uploads\/2025\/05\/Flocked-Denim-Jacket-2-192x300.webp 192w, https:\/\/lydenim.com\/wp-content\/uploads\/2025\/05\/Flocked-Denim-Jacket-2-656x1024.webp 656w, https:\/\/lydenim.com\/wp-content\/uploads\/2025\/05\/Flocked-Denim-Jacket-2-8x12.webp 8w, https:\/\/lydenim.com\/wp-content\/uploads\/2025\/05\/Flocked-Denim-Jacket-2-600x936.webp 600w, https:\/\/lydenim.com\/wp-content\/uploads\/2025\/05\/Flocked-Denim-Jacket-2-150x234.webp 150w\" sizes=\"auto, (max-width: 600px) 100vw, 600px\" \/><\/li>\n<\/ul>\n<\/li>\n<li><strong>Fonctionnalit\u00e9s am\u00e9lior\u00e9es<\/strong>\n<ul>\n<li>La couche floqu\u00e9e emprisonne l&#039;air pour l&#039;isolation et absorbe l&#039;humidit\u00e9, id\u00e9ale pour les vestes d&#039;hiver ou les tissus d&#039;ameublement\u00a0;<\/li>\n<li>Une r\u00e9sistance accrue \u00e0 l\u2019abrasion prolonge la dur\u00e9e de vie du v\u00eatement.<img loading=\"lazy\" decoding=\"async\" class=\"aligncenter wp-image-5117\" src=\"https:\/\/lydenim.com\/wp-content\/uploads\/2025\/05\/Flocked-Denim-Jacket.webp\" alt=\"\" width=\"600\" height=\"800\" srcset=\"https:\/\/lydenim.com\/wp-content\/uploads\/2025\/05\/Flocked-Denim-Jacket.webp 750w, https:\/\/lydenim.com\/wp-content\/uploads\/2025\/05\/Flocked-Denim-Jacket-225x300.webp 225w, https:\/\/lydenim.com\/wp-content\/uploads\/2025\/05\/Flocked-Denim-Jacket-9x12.webp 9w, https:\/\/lydenim.com\/wp-content\/uploads\/2025\/05\/Flocked-Denim-Jacket-600x800.webp 600w, https:\/\/lydenim.com\/wp-content\/uploads\/2025\/05\/Flocked-Denim-Jacket-150x200.webp 150w\" sizes=\"auto, (max-width: 600px) 100vw, 600px\" \/><\/li>\n<\/ul>\n<\/li>\n<li><strong>Avantage de la durabilit\u00e9<\/strong>\n<ul>\n<li>Le mouvement de la \u00ab mode verte \u00bb peut utiliser des mat\u00e9riaux respectueux de l\u2019environnement, notamment des fibres recycl\u00e9es, ainsi que des adh\u00e9sifs \u00e0 base d\u2019eau.<img loading=\"lazy\" decoding=\"async\" class=\"aligncenter wp-image-4637\" src=\"https:\/\/lydenim.com\/wp-content\/uploads\/2025\/04\/IMG_6327.jpg\" alt=\"\" width=\"600\" height=\"600\" srcset=\"https:\/\/lydenim.com\/wp-content\/uploads\/2025\/04\/IMG_6327.jpg 2196w, https:\/\/lydenim.com\/wp-content\/uploads\/2025\/04\/IMG_6327-300x300.jpg 300w, https:\/\/lydenim.com\/wp-content\/uploads\/2025\/04\/IMG_6327-1024x1024.jpg 1024w, https:\/\/lydenim.com\/wp-content\/uploads\/2025\/04\/IMG_6327-150x150.jpg 150w, https:\/\/lydenim.com\/wp-content\/uploads\/2025\/04\/IMG_6327-768x768.jpg 768w, https:\/\/lydenim.com\/wp-content\/uploads\/2025\/04\/IMG_6327-1536x1536.jpg 1536w, https:\/\/lydenim.com\/wp-content\/uploads\/2025\/04\/IMG_6327-2048x2048.jpg 2048w, https:\/\/lydenim.com\/wp-content\/uploads\/2025\/04\/IMG_6327-12x12.jpg 12w, https:\/\/lydenim.com\/wp-content\/uploads\/2025\/04\/IMG_6327-600x600.jpg 600w\" sizes=\"auto, (max-width: 600px) 100vw, 600px\" \/><\/li>\n<\/ul>\n<\/li>\n<\/ol>\n<h3><strong>Collections de denim floqu\u00e9 de LY Denim<\/strong><\/h3>\n<p>LY Denim fusionne le flocage avec la technologie stretch pour trois lignes remarquables :<\/p>\n<ol start=\"1\">\n<li><a href=\"https:\/\/lydenim.com\/fr\/produit\/tissu-denim-floque-colore\/\"><strong>Classique : Denim floqu\u00e9 non extensible<\/strong><\/a>\n<ul>\n<li>Un tissu serg\u00e9 non \u00e9lastique avec une base de filage siro ultra-douce supporte des poils denses et riches en couleurs adapt\u00e9s aux vestes structur\u00e9es et \u00e0 la d\u00e9coration int\u00e9rieure.<br \/>\n<img loading=\"lazy\" decoding=\"async\" class=\"aligncenter wp-image-4637\" src=\"https:\/\/lydenim.com\/wp-content\/uploads\/2025\/04\/IMG_6327.jpg\" alt=\"\" width=\"600\" height=\"600\" srcset=\"https:\/\/lydenim.com\/wp-content\/uploads\/2025\/04\/IMG_6327.jpg 2196w, https:\/\/lydenim.com\/wp-content\/uploads\/2025\/04\/IMG_6327-300x300.jpg 300w, https:\/\/lydenim.com\/wp-content\/uploads\/2025\/04\/IMG_6327-1024x1024.jpg 1024w, https:\/\/lydenim.com\/wp-content\/uploads\/2025\/04\/IMG_6327-150x150.jpg 150w, https:\/\/lydenim.com\/wp-content\/uploads\/2025\/04\/IMG_6327-768x768.jpg 768w, https:\/\/lydenim.com\/wp-content\/uploads\/2025\/04\/IMG_6327-1536x1536.jpg 1536w, https:\/\/lydenim.com\/wp-content\/uploads\/2025\/04\/IMG_6327-2048x2048.jpg 2048w, https:\/\/lydenim.com\/wp-content\/uploads\/2025\/04\/IMG_6327-12x12.jpg 12w, https:\/\/lydenim.com\/wp-content\/uploads\/2025\/04\/IMG_6327-600x600.jpg 600w\" sizes=\"auto, (max-width: 600px) 100vw, 600px\" \/><\/li>\n<\/ul>\n<\/li>\n<li><strong>Tendance : Denim floqu\u00e9 extensible<\/strong>\n<ul>\n<li>M\u00e9lang\u00e9 avec de l&#039;\u00e9lasthanne pour une \u00e9lasticit\u00e9 30%. La variante \u00e0 imprim\u00e9 l\u00e9opard (HF80562) allie mobilit\u00e9 et visuels audacieux, ce qui la rend id\u00e9ale pour les leggings ou les vestes de moto.<\/li>\n<\/ul>\n<\/li>\n<li><a href=\"https:\/\/lydenim.com\/fr\/produit\/denim-flamme-tres-extensible-3642\/\"><strong>Personnalis\u00e9 : Denim floqu\u00e9 multi-styles<\/strong><\/a>\n<ul>\n<li>Le processus de production comprend la teinture en d\u00e9grad\u00e9 et l&#039;application de motifs n\u00e9on sur des tissus extensibles ou non extensibles qui r\u00e9pondent aux exigences du streetwear et des v\u00eatements de luxe.<\/li>\n<li>Le processus de production vous permet de personnaliser l&#039;extensibilit\u00e9 ainsi que la couleur du flocage et le poids de base du denim pour r\u00e9pondre aux exigences exactes de votre marque.<\/li>\n<\/ul>\n<\/li>\n<li>Quelques <strong>Denim floqu\u00e9 <\/strong>options de mod\u00e8le\n<ul>\n<li>Type de barre verticale\n<p><div id=\"attachment_5888\" style=\"width: 610px\" class=\"wp-caption aligncenter\"><img loading=\"lazy\" decoding=\"async\" aria-describedby=\"caption-attachment-5888\" class=\"wp-image-5888\" src=\"https:\/\/lydenim.com\/wp-content\/uploads\/2025\/05\/IMG_7300-scaled.jpg\" alt=\"\" width=\"600\" height=\"199\" srcset=\"https:\/\/lydenim.com\/wp-content\/uploads\/2025\/05\/IMG_7300-scaled.jpg 2560w, https:\/\/lydenim.com\/wp-content\/uploads\/2025\/05\/IMG_7300-300x100.jpg 300w, https:\/\/lydenim.com\/wp-content\/uploads\/2025\/05\/IMG_7300-1024x340.jpg 1024w, https:\/\/lydenim.com\/wp-content\/uploads\/2025\/05\/IMG_7300-768x255.jpg 768w, https:\/\/lydenim.com\/wp-content\/uploads\/2025\/05\/IMG_7300-1536x510.jpg 1536w, https:\/\/lydenim.com\/wp-content\/uploads\/2025\/05\/IMG_7300-2048x681.jpg 2048w, https:\/\/lydenim.com\/wp-content\/uploads\/2025\/05\/IMG_7300-18x6.jpg 18w, https:\/\/lydenim.com\/wp-content\/uploads\/2025\/05\/IMG_7300-600x199.jpg 600w, https:\/\/lydenim.com\/wp-content\/uploads\/2025\/05\/IMG_7300-150x50.jpg 150w\" sizes=\"auto, (max-width: 600px) 100vw, 600px\" \/><p id=\"caption-attachment-5888\" class=\"wp-caption-text\">Type de barre verticale<\/p><\/div><\/li>\n<li>Type de serg\u00e9\n<p><div id=\"attachment_5889\" style=\"width: 610px\" class=\"wp-caption aligncenter\"><img loading=\"lazy\" decoding=\"async\" aria-describedby=\"caption-attachment-5889\" class=\"wp-image-5889\" src=\"https:\/\/lydenim.com\/wp-content\/uploads\/2025\/05\/IMG_7301-scaled.jpg\" alt=\"\" width=\"600\" height=\"199\" srcset=\"https:\/\/lydenim.com\/wp-content\/uploads\/2025\/05\/IMG_7301-scaled.jpg 2560w, https:\/\/lydenim.com\/wp-content\/uploads\/2025\/05\/IMG_7301-300x100.jpg 300w, https:\/\/lydenim.com\/wp-content\/uploads\/2025\/05\/IMG_7301-1024x340.jpg 1024w, https:\/\/lydenim.com\/wp-content\/uploads\/2025\/05\/IMG_7301-768x255.jpg 768w, https:\/\/lydenim.com\/wp-content\/uploads\/2025\/05\/IMG_7301-1536x510.jpg 1536w, https:\/\/lydenim.com\/wp-content\/uploads\/2025\/05\/IMG_7301-2048x681.jpg 2048w, https:\/\/lydenim.com\/wp-content\/uploads\/2025\/05\/IMG_7301-18x6.jpg 18w, https:\/\/lydenim.com\/wp-content\/uploads\/2025\/05\/IMG_7301-600x199.jpg 600w, https:\/\/lydenim.com\/wp-content\/uploads\/2025\/05\/IMG_7301-150x50.jpg 150w\" sizes=\"auto, (max-width: 600px) 100vw, 600px\" \/><p id=\"caption-attachment-5889\" class=\"wp-caption-text\">Type de serg\u00e9<\/p><\/div><\/li>\n<li>Type losange\n<p><div id=\"attachment_5887\" style=\"width: 610px\" class=\"wp-caption aligncenter\"><img loading=\"lazy\" decoding=\"async\" aria-describedby=\"caption-attachment-5887\" class=\"wp-image-5887\" src=\"https:\/\/lydenim.com\/wp-content\/uploads\/2025\/05\/IMG_7299-scaled.jpg\" alt=\"\" width=\"600\" height=\"199\" srcset=\"https:\/\/lydenim.com\/wp-content\/uploads\/2025\/05\/IMG_7299-scaled.jpg 2560w, https:\/\/lydenim.com\/wp-content\/uploads\/2025\/05\/IMG_7299-300x100.jpg 300w, https:\/\/lydenim.com\/wp-content\/uploads\/2025\/05\/IMG_7299-1024x340.jpg 1024w, https:\/\/lydenim.com\/wp-content\/uploads\/2025\/05\/IMG_7299-768x255.jpg 768w, https:\/\/lydenim.com\/wp-content\/uploads\/2025\/05\/IMG_7299-1536x510.jpg 1536w, https:\/\/lydenim.com\/wp-content\/uploads\/2025\/05\/IMG_7299-2048x681.jpg 2048w, https:\/\/lydenim.com\/wp-content\/uploads\/2025\/05\/IMG_7299-18x6.jpg 18w, https:\/\/lydenim.com\/wp-content\/uploads\/2025\/05\/IMG_7299-600x199.jpg 600w, https:\/\/lydenim.com\/wp-content\/uploads\/2025\/05\/IMG_7299-150x50.jpg 150w\" sizes=\"auto, (max-width: 600px) 100vw, 600px\" \/><p id=\"caption-attachment-5887\" class=\"wp-caption-text\">Type losange<\/p><\/div><\/li>\n<li>Autres types sp\u00e9ciaux et personnalisables\n<p><div id=\"attachment_5886\" style=\"width: 610px\" class=\"wp-caption aligncenter\"><img loading=\"lazy\" decoding=\"async\" aria-describedby=\"caption-attachment-5886\" class=\"size-full wp-image-5886\" src=\"https:\/\/lydenim.com\/wp-content\/uploads\/2025\/05\/b0bcb64b6ef9e901ee06e4d5ebeb96cb-e1752811228151.jpg\" alt=\"\" width=\"600\" height=\"983\" \/><p id=\"caption-attachment-5886\" class=\"wp-caption-text\">Autres types sp\u00e9ciaux et personnalisables<\/p><\/div><\/li>\n<\/ul>\n<\/li>\n<\/ol>\n<p>La s\u00e9lection de tissus vous permet d&#039;obtenir la sensation de produit souhait\u00e9e tout en r\u00e9pondant aux attentes de conception et de performance de votre marque.<\/p>\n<h3><strong>L&#039;avenir du denim\u00a0: o\u00f9 l&#039;artisanat rencontre l&#039;innovation<\/strong><\/h3>\n<p>L&#039;\u00e9volution future du denim allie savoir-faire traditionnel et avanc\u00e9es technologiques modernes. Les tendances actuelles et futures du design privil\u00e9gient l&#039;expression individuelle, faisant du denim floqu\u00e9 un outil d&#039;\u00ab art fonctionnel \u00bb gr\u00e2ce \u00e0 l&#039;int\u00e9gration de mati\u00e8res thermor\u00e9gulatrices et de fils photosensibles. LY Denim favorise une production durable et un design personnalis\u00e9 en transformant le denim produit en s\u00e9rie en mat\u00e9riaux contr\u00f4l\u00e9s par des designers.<\/p>\n<p>&nbsp;<\/p>\n<h3>\u00cates-vous pr\u00eat \u00e0 transformer votre design gr\u00e2ce au denim floqu\u00e9 ?<\/h3>\n<p dir=\"auto\">\ud83c\udfa8 Vouloir <strong>tissus denim personnalis\u00e9s<\/strong> ou\u00a0 <strong>unique<\/strong> <strong>v\u00eatement en denim personnalis\u00e9<\/strong>? LYDENIM est sp\u00e9cialis\u00e9 dans les solutions sur mesure pour r\u00e9pondre \u00e0 vos besoins de conception et de production.<\/p>\n<p dir=\"auto\">\ud83d\udecd\ufe0f <strong>Explorez et inspirez-vous<\/strong>: Parcourez nos s\u00e9lections de tissus et d\u00e9couvrez des id\u00e9es de design sur <a href=\"https:\/\/lydenim.com\/fr\/\" target=\"_blank\" rel=\"noopener noreferrer nofollow\">LYDenim<\/a>.<\/p>\n<p dir=\"auto\">\ud83c\udf10 <strong>V\u00eatements \u00e9lastiques<\/strong>:D\u00e9couvrez nos offres sur <a href=\"http:\/\/liangyuantextile.m.en.alibaba.com\" target=\"_blank\" rel=\"noopener noreferrer nofollow\">MonAlibaba<\/a>. \ud83d\udce9 <strong>Contactez-nous<\/strong>: Contactez-nous \u00e0 <a href=\"mailto:malone@lydenim.com\" target=\"_blank\" rel=\"noopener noreferrer nofollow\">malone@lydenim.com<\/a>.<\/p>\n<p dir=\"auto\">Cr\u00e9ez votre chef-d&#039;\u0153uvre en denim avec LYDENIM, votre partenaire de confiance pour <strong>tissu extensible<\/strong> et <strong>solutions denim personnalis\u00e9es<\/strong>.<\/p>","protected":false},"excerpt":{"rendered":"<p>Temps de lecture estim\u00e9 : ~3 minutes Denim floqu\u00e9 Le denim traditionnel re\u00e7oit une transformation de texture velout\u00e9e gr\u00e2ce \u00e0 la technologie de flocage qui adh\u00e8re<\/p>","protected":false},"author":1,"featured_media":5120,"comment_status":"open","ping_status":"open","sticky":false,"template":"","format":"standard","meta":{"two_page_speed":[],"footnotes":""},"categories":[67],"tags":[],"class_list":["post-5115","post","type-post","status-publish","format-standard","has-post-thumbnail","hentry","category-market"],"aioseo_notices":[],"_links":{"self":[{"href":"https:\/\/lydenim.com\/fr\/wp-json\/wp\/v2\/posts\/5115","targetHints":{"allow":["GET"]}}],"collection":[{"href":"https:\/\/lydenim.com\/fr\/wp-json\/wp\/v2\/posts"}],"about":[{"href":"https:\/\/lydenim.com\/fr\/wp-json\/wp\/v2\/types\/post"}],"author":[{"embeddable":true,"href":"https:\/\/lydenim.com\/fr\/wp-json\/wp\/v2\/users\/1"}],"replies":[{"embeddable":true,"href":"https:\/\/lydenim.com\/fr\/wp-json\/wp\/v2\/comments?post=5115"}],"version-history":[{"count":5,"href":"https:\/\/lydenim.com\/fr\/wp-json\/wp\/v2\/posts\/5115\/revisions"}],"predecessor-version":[{"id":6303,"href":"https:\/\/lydenim.com\/fr\/wp-json\/wp\/v2\/posts\/5115\/revisions\/6303"}],"wp:featuredmedia":[{"embeddable":true,"href":"https:\/\/lydenim.com\/fr\/wp-json\/wp\/v2\/media\/5120"}],"wp:attachment":[{"href":"https:\/\/lydenim.com\/fr\/wp-json\/wp\/v2\/media?parent=5115"}],"wp:term":[{"taxonomy":"category","embeddable":true,"href":"https:\/\/lydenim.com\/fr\/wp-json\/wp\/v2\/categories?post=5115"},{"taxonomy":"post_tag","embeddable":true,"href":"https:\/\/lydenim.com\/fr\/wp-json\/wp\/v2\/tags?post=5115"}],"curies":[{"name":"wp","href":"https:\/\/api.w.org\/{rel}","templated":true}]}}