{"id":5151,"date":"2025-05-20T11:48:56","date_gmt":"2025-05-20T03:48:56","guid":{"rendered":"https:\/\/lydenim.com\/?p=5151"},"modified":"2025-08-24T13:15:14","modified_gmt":"2025-08-24T05:15:14","slug":"bell-bottoms-jeans","status":"publish","type":"post","link":"https:\/\/lydenim.com\/fr\/jeans-pattes-delephant\/","title":{"rendered":"Jeans pattes d&#039;\u00e9l\u00e9phant\u00a0: du v\u00eatement de travail nautique \u00e0 l&#039;ic\u00f4ne de la mode"},"content":{"rendered":"<h2>Temps de lecture estim\u00e9 : environ 4 minutes<\/h2>\n<h2 class=\"\" data-start=\"0\" data-end=\"60\"><a href=\"https:\/\/en.wikipedia.org\/wiki\/Bell-bottoms\">Pattes d&#039;\u00e9l\u00e9phant<\/a> Jeans \u2014 L&#039;esth\u00e9tique architecturale dans la mode<\/h2>\n<p class=\"\" data-start=\"62\" data-end=\"306\"><strong data-start=\"62\" data-end=\"83\">Jean \u00e0 pattes d&#039;\u00e9l\u00e9phant<\/strong> S&#039;\u00e9vasant \u00e0 partir du genou, leur ourlet s&#039;ouvre comme une trompette. Ils \u00e9pousent les cuisses tout en se balan\u00e7ant librement \u00e0 chaque pas, allongeant la ligne des jambes et, comme le plaisantent souvent les personnes qui les portent, \u00ab ajoutant cinq centim\u00e8tres de hauteur et une dose d&#039;assurance \u00bb.<\/p>\n<p class=\"\" data-start=\"308\" data-end=\"716\">Au d\u00e9part, cette silhouette n&#039;\u00e9tait pas destin\u00e9e \u00e0 \u00eatre \u00e9l\u00e9gante. Au d\u00e9but du XIXe si\u00e8cle, dans la marine am\u00e9ricaine, les marins ont d\u00e9couvert que les larges revers pouvaient \u00eatre rapidement retrouss\u00e9s sur le pont et s\u00e9cher plus vite apr\u00e8s avoir \u00e9t\u00e9 mouill\u00e9s. Dans les ann\u00e9es 1960, les hippies ont adopt\u00e9 les pantalons pattes d&#039;\u00e9l\u00e9phant, les associant \u00e0 des gilets \u00e0 franges et des bottes en daim, signe de r\u00e9bellion. Aujourd&#039;hui encore, cette coupe est un incontournable. <em data-start=\"666\" data-end=\"683\">magicien visuel<\/em>, allongeant instantan\u00e9ment le corps.<\/p>\n<div id=\"attachment_5157\" style=\"width: 290px\" class=\"wp-caption aligncenter\"><img loading=\"lazy\" decoding=\"async\" aria-describedby=\"caption-attachment-5157\" class=\"size-full wp-image-5157\" src=\"https:\/\/lydenim.com\/wp-content\/uploads\/2025\/05\/f69f76a81a9fd198ffc7291112c393ba.jpg\" alt=\"\" width=\"280\" height=\"230\" srcset=\"https:\/\/lydenim.com\/wp-content\/uploads\/2025\/05\/f69f76a81a9fd198ffc7291112c393ba.jpg 280w, https:\/\/lydenim.com\/wp-content\/uploads\/2025\/05\/f69f76a81a9fd198ffc7291112c393ba-15x12.jpg 15w, https:\/\/lydenim.com\/wp-content\/uploads\/2025\/05\/f69f76a81a9fd198ffc7291112c393ba-150x123.jpg 150w\" sizes=\"auto, (max-width: 280px) 100vw, 280px\" \/><p id=\"caption-attachment-5157\" class=\"wp-caption-text\">Pantalon \u00e0 pattes d&#039;\u00e9l\u00e9phant bleu marine<\/p><\/div>\n<h3 class=\"\" data-start=\"723\" data-end=\"767\">Un voyage culturel en un seul pantalon<\/h3>\n<div class=\"_tableContainer_16hzy_1\">\n<div class=\"_tableWrapper_16hzy_14 group flex w-fit flex-col-reverse\" tabindex=\"-1\">\n<table class=\"w-fit min-w-(--thread-content-width)\" style=\"height: 183px;\" width=\"1360\" data-start=\"769\" data-end=\"1277\">\n<thead data-start=\"769\" data-end=\"788\">\n<tr data-start=\"769\" data-end=\"788\">\n<th data-start=\"769\" data-end=\"775\" data-col-size=\"sm\">\u00c8re<\/th>\n<th data-start=\"775\" data-end=\"788\" data-col-size=\"lg\">Jalon<\/th>\n<\/tr>\n<\/thead>\n<tbody data-start=\"810\" data-end=\"1277\">\n<tr data-start=\"810\" data-end=\"928\">\n<td data-start=\"810\" data-end=\"822\" data-col-size=\"sm\"><strong data-start=\"812\" data-end=\"821\">ann\u00e9es 1870<\/strong><\/td>\n<td data-start=\"822\" data-end=\"928\" data-col-size=\"lg\">La marine am\u00e9ricaine officialise le port du pantalon patte d&#039;eph comme uniforme standard ; les ports du monde entier prennent note de son utilit\u00e9.<\/td>\n<\/tr>\n<tr data-start=\"929\" data-end=\"1023\">\n<td data-start=\"929\" data-end=\"941\" data-col-size=\"sm\"><strong data-start=\"931\" data-end=\"940\">ann\u00e9es 1960<\/strong><\/td>\n<td data-start=\"941\" data-end=\"1023\" data-col-size=\"lg\">Les hippies de San Francisco recyclent les pantalons de la marine, les teignent et d\u00e9fient les codes vestimentaires.<\/td>\n<\/tr>\n<tr data-start=\"1024\" data-end=\"1151\">\n<td data-start=\"1024\" data-end=\"1036\" data-col-size=\"sm\"><strong data-start=\"1026\" data-end=\"1035\">ann\u00e9es 1970<\/strong><\/td>\n<td data-start=\"1036\" data-end=\"1151\" data-col-size=\"lg\">Dans les salles de discoth\u00e8que, Elvis se pavane dans un pantalon patte d&#039;\u00e9l\u00e9phant blanc bord\u00e9 de paillettes, scellant son look comme un symbole de sex-appeal.<\/td>\n<\/tr>\n<tr data-start=\"1152\" data-end=\"1277\">\n<td data-start=\"1152\" data-end=\"1164\" data-col-size=\"sm\"><strong data-start=\"1154\" data-end=\"1163\">ann\u00e9es 1990<\/strong><\/td>\n<td data-start=\"1164\" data-end=\"1277\" data-col-size=\"lg\">Le top model Naomi Campbell d\u00e9file sur le podium dans un jean micro-\u00e9vas\u00e9 taille haute : la \u00ab r\u00e9bellion \u00e9l\u00e9gante \u00bb red\u00e9finie.<\/td>\n<\/tr>\n<\/tbody>\n<\/table>\n<div class=\"sticky end-(--thread-content-margin) h-0 self-end select-none\">\n<div class=\"absolute end-0 flex items-end\"><\/div>\n<\/div>\n<\/div>\n<\/div>\n<p class=\"\" data-start=\"1279\" data-end=\"1447\">Le designer japonais Yohji Yamamoto a dit un jour : <em data-start=\"1326\" data-end=\"1447\">\u00ab Les pantalons pattes d&#039;\u00e9l\u00e9phant sont la coupe la plus d\u00e9mocratique : ils donnent du poids aux personnes minces et cachent les cuisses des personnes plus rondes. \u00bb<img loading=\"lazy\" decoding=\"async\" class=\"aligncenter wp-image-5155\" src=\"https:\/\/lydenim.com\/wp-content\/uploads\/2025\/05\/A-Cultural-Voyage-in-One-Pair-of-Pants.jpg\" alt=\"\" width=\"600\" height=\"799\" srcset=\"https:\/\/lydenim.com\/wp-content\/uploads\/2025\/05\/A-Cultural-Voyage-in-One-Pair-of-Pants.jpg 1280w, https:\/\/lydenim.com\/wp-content\/uploads\/2025\/05\/A-Cultural-Voyage-in-One-Pair-of-Pants-225x300.jpg 225w, https:\/\/lydenim.com\/wp-content\/uploads\/2025\/05\/A-Cultural-Voyage-in-One-Pair-of-Pants-769x1024.jpg 769w, https:\/\/lydenim.com\/wp-content\/uploads\/2025\/05\/A-Cultural-Voyage-in-One-Pair-of-Pants-768x1023.jpg 768w, https:\/\/lydenim.com\/wp-content\/uploads\/2025\/05\/A-Cultural-Voyage-in-One-Pair-of-Pants-1153x1536.jpg 1153w, https:\/\/lydenim.com\/wp-content\/uploads\/2025\/05\/A-Cultural-Voyage-in-One-Pair-of-Pants-9x12.jpg 9w, https:\/\/lydenim.com\/wp-content\/uploads\/2025\/05\/A-Cultural-Voyage-in-One-Pair-of-Pants-600x799.jpg 600w, https:\/\/lydenim.com\/wp-content\/uploads\/2025\/05\/A-Cultural-Voyage-in-One-Pair-of-Pants-150x200.jpg 150w\" sizes=\"auto, (max-width: 600px) 100vw, 600px\" \/><\/em><\/p>\n<h3 class=\"\" data-start=\"1454\" data-end=\"1503\">Le tissu est important \u2014 Choisir son pantalon patte d&#039;\u00e9l\u00e9phant<\/h3>\n<ul data-start=\"1505\" data-end=\"2012\">\n<li class=\"\" data-start=\"1505\" data-end=\"1779\">\n<p class=\"\" data-start=\"1507\" data-end=\"1779\"><strong data-start=\"1507\" data-end=\"1536\">Rigide (<a href=\"https:\/\/lydenim.com\/fr\/?s=non-stretch&amp;post_type=product\">non extensible<\/a>) denim<\/strong><br data-start=\"1536\" data-end=\"1539\" \/>Lisi\u00e8re brute lourde, comme les tissus lourds utilis\u00e9s par <em data-start=\"1597\" data-end=\"1604\">Jeu<\/em> \u00c9tiquette\u00a0: vieillit comme une armure. Portez-le avec intensit\u00e9, lavez-le avec parcimonie, et les d\u00e9colorations spectaculaires s&#039;\u00e9panouiront comme des coups de pinceau. Lavez-le souvent et le tissu s&#039;adoucira en un bleu clair d\u00e9contract\u00e9 au charme vintage.<\/p>\n<\/li>\n<li class=\"\" data-start=\"1781\" data-end=\"2012\">\n<p class=\"\" data-start=\"1783\" data-end=\"2012\"><a href=\"https:\/\/lydenim.com\/fr\/?s=stretch&amp;post_type=product\"><strong data-start=\"1783\" data-end=\"1800\">Denim extensible<\/strong><\/a><br data-start=\"1800\" data-end=\"1803\" \/>Ajoutez de l&#039;\u00e9lasthanne et l&#039;\u00e9vasement se comporte comme un \u00e9lastique. Lors des d\u00e9fil\u00e9s r\u00e9cents, les cr\u00e9ateurs ont cr\u00e9\u00e9 des \u00ab cloches flottantes \u00bb\u00a0: moulantes jusqu&#039;au genou, puis en forme de jupe en dessous, donnant l&#039;impression aux mannequins de glisser sur des skateboards invisibles.<\/p>\n<\/li>\n<\/ul>\n<h3 class=\"\" data-start=\"2019\" data-end=\"2067\"><a href=\"http:\/\/liangyuantextile.m.en.alibaba.com\">Pantalons pattes d&#039;\u00e9l\u00e9phant personnalis\u00e9s<\/a> \u2014 Votre id\u00e9e, devenue r\u00e9alit\u00e9<\/h3>\n<p class=\"\" data-start=\"2069\" data-end=\"2386\">\u00c0 <strong data-start=\"2072\" data-end=\"2084\">LY Denim<\/strong> Nous ne nous contentons pas de fabriquer des pantalons pattes d&#039;\u00e9l\u00e9phant\u00a0; nous les adaptons \u00e0 votre imagination. Un d\u00e9lavage particulier\u00a0? Une largeur d&#039;\u00e9vasement sp\u00e9cifique\u00a0? Absolument. Notre \u00e9quipe co-cr\u00e9e des \u00e9chantillons de jeans, du premier croquis \u00e0 la couture finale, qu&#039;il s&#039;agisse d&#039;une pi\u00e8ce personnelle ou d&#039;une petite s\u00e9rie pour votre marque. D\u00e9lais d&#039;ex\u00e9cution rapides, souci du d\u00e9tail.<a href=\"\/fr\/liangyuantextile.m.en.alibaba.com\/\"><img loading=\"lazy\" decoding=\"async\" class=\"aligncenter wp-image-5158\" src=\"https:\/\/lydenim.com\/wp-content\/uploads\/2025\/05\/18741747712009_.pic_.jpg\" alt=\"\" width=\"600\" height=\"799\" srcset=\"https:\/\/lydenim.com\/wp-content\/uploads\/2025\/05\/18741747712009_.pic_.jpg 1280w, https:\/\/lydenim.com\/wp-content\/uploads\/2025\/05\/18741747712009_.pic_-225x300.jpg 225w, https:\/\/lydenim.com\/wp-content\/uploads\/2025\/05\/18741747712009_.pic_-769x1024.jpg 769w, https:\/\/lydenim.com\/wp-content\/uploads\/2025\/05\/18741747712009_.pic_-768x1023.jpg 768w, https:\/\/lydenim.com\/wp-content\/uploads\/2025\/05\/18741747712009_.pic_-1153x1536.jpg 1153w, https:\/\/lydenim.com\/wp-content\/uploads\/2025\/05\/18741747712009_.pic_-9x12.jpg 9w, https:\/\/lydenim.com\/wp-content\/uploads\/2025\/05\/18741747712009_.pic_-600x799.jpg 600w, https:\/\/lydenim.com\/wp-content\/uploads\/2025\/05\/18741747712009_.pic_-150x200.jpg 150w\" sizes=\"auto, (max-width: 600px) 100vw, 600px\" \/><\/a><\/p>\n<h3 class=\"\" data-start=\"2393\" data-end=\"2409\">Conclusion<\/h3>\n<p class=\"\" data-start=\"2411\" data-end=\"2750\">Les pantalons pattes d&#039;\u00e9l\u00e9phant sont un classique, mais l&#039;univers du denim est en constante \u00e9volution. Jambes droites, vestes, innovations comme <strong data-start=\"2518\" data-end=\"2570\">denim jacquard, m\u00e9langes \u00e9cologiques, m\u00eame denim imperm\u00e9able<\/strong>continuer \u00e0 \u00e9largir la fronti\u00e8re.<\/p>\n<h2 dir=\"auto\">Services de personnalisation par LYDENIM<\/h2>\n<p dir=\"auto\">\ud83c\udfa8 Vouloir <strong>tissus denim personnalis\u00e9s<\/strong> ou\u00a0 <strong>unique<\/strong> <strong>v\u00eatement en denim personnalis\u00e9<\/strong>? LYDENIM est sp\u00e9cialis\u00e9 dans les solutions sur mesure pour r\u00e9pondre \u00e0 vos besoins de conception et de production.<\/p>\n<p dir=\"auto\">\ud83d\udecd\ufe0f <strong>Explorez et inspirez-vous<\/strong>: Parcourez nos s\u00e9lections de tissus et d\u00e9couvrez des id\u00e9es de design sur <a href=\"https:\/\/lydenim.com\/fr\/\" target=\"_blank\" rel=\"noopener noreferrer nofollow\">LYDenim<\/a>.<\/p>\n<p dir=\"auto\">\ud83c\udf10 <strong>V\u00eatements \u00e9lastiques<\/strong>:D\u00e9couvrez nos offres sur <a href=\"http:\/\/liangyuantextile.m.en.alibaba.com\" target=\"_blank\" rel=\"noopener noreferrer nofollow\">MonAlibaba<\/a>. \ud83d\udce9 <strong>Contactez-nous<\/strong>: Contactez-nous \u00e0 <a href=\"mailto:malone@lydenim.com\" target=\"_blank\" rel=\"noopener noreferrer nofollow\">malone@lydenim.com<\/a>.<\/p>\n<p dir=\"auto\">Cr\u00e9ez votre chef-d&#039;\u0153uvre en denim avec LYDENIM, votre partenaire de confiance pour <strong>tissu extensible<\/strong> et <strong>solutions denim personnalis\u00e9es<\/strong>.<\/p>","protected":false},"excerpt":{"rendered":"<p>Temps de lecture estim\u00e9 : ~4 minutes Jeans \u00e0 pattes d&#039;\u00e9l\u00e9phant \u2014 L&#039;esth\u00e9tique architecturale dans la mode Les jeans \u00e0 pattes d&#039;\u00e9l\u00e9phant s&#039;\u00e9vasent \u00e0 partir du genou, leur<\/p>","protected":false},"author":1,"featured_media":5156,"comment_status":"open","ping_status":"open","sticky":false,"template":"","format":"standard","meta":{"two_page_speed":[],"footnotes":""},"categories":[66],"tags":[],"class_list":["post-5151","post","type-post","status-publish","format-standard","has-post-thumbnail","hentry","category-denim-knowledge"],"aioseo_notices":[],"_links":{"self":[{"href":"https:\/\/lydenim.com\/fr\/wp-json\/wp\/v2\/posts\/5151","targetHints":{"allow":["GET"]}}],"collection":[{"href":"https:\/\/lydenim.com\/fr\/wp-json\/wp\/v2\/posts"}],"about":[{"href":"https:\/\/lydenim.com\/fr\/wp-json\/wp\/v2\/types\/post"}],"author":[{"embeddable":true,"href":"https:\/\/lydenim.com\/fr\/wp-json\/wp\/v2\/users\/1"}],"replies":[{"embeddable":true,"href":"https:\/\/lydenim.com\/fr\/wp-json\/wp\/v2\/comments?post=5151"}],"version-history":[{"count":5,"href":"https:\/\/lydenim.com\/fr\/wp-json\/wp\/v2\/posts\/5151\/revisions"}],"predecessor-version":[{"id":6309,"href":"https:\/\/lydenim.com\/fr\/wp-json\/wp\/v2\/posts\/5151\/revisions\/6309"}],"wp:featuredmedia":[{"embeddable":true,"href":"https:\/\/lydenim.com\/fr\/wp-json\/wp\/v2\/media\/5156"}],"wp:attachment":[{"href":"https:\/\/lydenim.com\/fr\/wp-json\/wp\/v2\/media?parent=5151"}],"wp:term":[{"taxonomy":"category","embeddable":true,"href":"https:\/\/lydenim.com\/fr\/wp-json\/wp\/v2\/categories?post=5151"},{"taxonomy":"post_tag","embeddable":true,"href":"https:\/\/lydenim.com\/fr\/wp-json\/wp\/v2\/tags?post=5151"}],"curies":[{"name":"wp","href":"https:\/\/api.w.org\/{rel}","templated":true}]}}