{"id":5162,"date":"2025-05-22T11:16:33","date_gmt":"2025-05-22T03:16:33","guid":{"rendered":"https:\/\/lydenim.com\/?p=5162"},"modified":"2025-08-24T13:18:34","modified_gmt":"2025-08-24T05:18:34","slug":"between-warp-and-weft-decoding-the-fabric-worlds-coordinates","status":"publish","type":"post","link":"https:\/\/lydenim.com\/fr\/entre-chaine-et-trame-decodant-les-coordonnees-des-mondes-du-tissu\/","title":{"rendered":"Entre cha\u00eene et trame \u2013 D\u00e9cryptage des coordonn\u00e9es du monde textile"},"content":{"rendered":"<h3 data-pm-slice=\"1 1 []\">Temps de lecture estim\u00e9 : ~3 minutes<\/h3>\n<h3><strong>Cha\u00eene et trame \u2013 La latitude et la longitude du tissu<\/strong><\/h3>\n<p class=\"ds-markdown-paragraph\">Imaginez le tissu comme un globe :\u00a0<strong>fils de cha\u00eene<\/strong>\u00a0sont les lignes de longitude verticales, qui soutiennent la structure comme une colonne vert\u00e9brale, tandis que\u00a0<strong>fils de trame<\/strong>\u00a0Tisser horizontalement comme des rivi\u00e8res de latitude. Cette danse de fils entrelac\u00e9s remonte \u00e0 6000 av. J.-C. \u00e0 Catalh\u00f6y\u00fck, en Turquie, o\u00f9 les cha\u00eenes de lin croisaient les trames de laine pour cr\u00e9er le premier tissu \u00e0 carreaux. En passant vos doigts sur le serg\u00e9 diagonal du denim, vous sentez les fils de cha\u00eene dominer les trames dans un rapport de 3:1\u00a0\u2013 chaque cr\u00eate est un murmure du langage ancestral du m\u00e9tier \u00e0 tisser.<img loading=\"lazy\" decoding=\"async\" class=\"aligncenter wp-image-5167\" src=\"https:\/\/lydenim.com\/wp-content\/uploads\/2025\/05\/Firefly_A_conceptual_illustration_showing_fabric_as_a_globe-_warp_yarns_as_vertical_longitude_178624.jpg\" alt=\"\" width=\"600\" height=\"467\" srcset=\"https:\/\/lydenim.com\/wp-content\/uploads\/2025\/05\/Firefly_A_conceptual_illustration_showing_fabric_as_a_globe-_warp_yarns_as_vertical_longitude_178624.jpg 2304w, https:\/\/lydenim.com\/wp-content\/uploads\/2025\/05\/Firefly_A_conceptual_illustration_showing_fabric_as_a_globe-_warp_yarns_as_vertical_longitude_178624-300x233.jpg 300w, https:\/\/lydenim.com\/wp-content\/uploads\/2025\/05\/Firefly_A_conceptual_illustration_showing_fabric_as_a_globe-_warp_yarns_as_vertical_longitude_178624-1024x796.jpg 1024w, https:\/\/lydenim.com\/wp-content\/uploads\/2025\/05\/Firefly_A_conceptual_illustration_showing_fabric_as_a_globe-_warp_yarns_as_vertical_longitude_178624-768x597.jpg 768w, https:\/\/lydenim.com\/wp-content\/uploads\/2025\/05\/Firefly_A_conceptual_illustration_showing_fabric_as_a_globe-_warp_yarns_as_vertical_longitude_178624-1536x1195.jpg 1536w, https:\/\/lydenim.com\/wp-content\/uploads\/2025\/05\/Firefly_A_conceptual_illustration_showing_fabric_as_a_globe-_warp_yarns_as_vertical_longitude_178624-2048x1593.jpg 2048w, https:\/\/lydenim.com\/wp-content\/uploads\/2025\/05\/Firefly_A_conceptual_illustration_showing_fabric_as_a_globe-_warp_yarns_as_vertical_longitude_178624-15x12.jpg 15w, https:\/\/lydenim.com\/wp-content\/uploads\/2025\/05\/Firefly_A_conceptual_illustration_showing_fabric_as_a_globe-_warp_yarns_as_vertical_longitude_178624-600x467.jpg 600w, https:\/\/lydenim.com\/wp-content\/uploads\/2025\/05\/Firefly_A_conceptual_illustration_showing_fabric_as_a_globe-_warp_yarns_as_vertical_longitude_178624-150x117.jpg 150w\" sizes=\"auto, (max-width: 600px) 100vw, 600px\" \/><\/p>\n<h3><strong>Le duo m\u00e9connu des textiles<\/strong><\/h3>\n<p class=\"ds-markdown-paragraph\">La cha\u00eene et la trame fonctionnent comme la basse et le chant dans un groupe :<\/p>\n<ul>\n<li>\n<p class=\"ds-markdown-paragraph\"><strong>Warp : Le Supporter Silencieux<\/strong>:Tendu fermement sur le m\u00e9tier \u00e0 tisser, c&#039;est pourquoi votre jean ne s&#039;affaisse pas lorsqu&#039;il est tir\u00e9 verticalement.<\/p>\n<\/li>\n<li>\n<p class=\"ds-markdown-paragraph\"><strong>Trame : l&#039;artiste de la texture<\/strong>:Un ouvrier textile chevronn\u00e9 a dit un jour : \u00ab Ajoutez du spandex 2% \u00e0 la trame, et les jeans passent du confort d&#039;une saucisse au confort d&#039;un pantalon de surv\u00eatement. \u00bb<\/p>\n<\/li>\n<\/ul>\n<p class=\"ds-markdown-paragraph\">Leurs motifs de tissage comptent \u00e9galement : armure toile pour des chemises impeccables, serg\u00e9 pour le charme du denim en diagonale.<\/p>\n<h3 class=\"\" data-start=\"1752\" data-end=\"1819\">Au-del\u00e0 du pur coton \u2013 Le jeu du m\u00e9lange cha\u00eene et trame<\/h3>\n<p class=\"\" data-start=\"1821\" data-end=\"1913\">Les cr\u00e9ateurs de tissus modernes sont comme des mixologues, m\u00e9langeant \u00e0 la perfection les formules de cha\u00eene et de trame.<\/p>\n<p class=\"\" data-start=\"1915\" data-end=\"2257\">Autrefois, le coton 100% \u00e9tait synonyme de tissu. Simple. Aujourd&#039;hui\u00a0? Plus vraiment. En combinant diff\u00e9rentes fibres dans la cha\u00eene et la trame, nous pouvons concevoir des textiles aux performances avanc\u00e9es. Imaginez une cha\u00eene en polyester r\u00e9sistant pour la durabilit\u00e9, tandis que la trame est en coton doux pour le confort. Ou ajoutez des fibres \u00e9lastiques \u00e0 la trame pour des jeans ajust\u00e9s et fluides.<\/p>\n<p class=\"\" data-start=\"2259\" data-end=\"2404\">Ces m\u00e9langes ne sont pas seulement pratiques, ils ont aussi une fonction. Il s&#039;agit de cr\u00e9er des tissus plus agr\u00e9ables au toucher, plus durables et adapt\u00e9s \u00e0 notre mode de vie moderne.<\/p>\n<p class=\"\" data-start=\"2406\" data-end=\"2466\">Chaque combinaison de fibres est comme la cr\u00e9ation d\u2019une recette signature.<\/p>\n<h3 class=\"\" data-start=\"2473\" data-end=\"2526\">La transformation du tissu gr\u00e2ce \u00e0 la magie de la cha\u00eene et de la trame<\/h3>\n<p class=\"\" data-start=\"2528\" data-end=\"2593\">Changer l\u2019\u00e9quilibre cha\u00eene-trame, c\u2019est comme modifier l\u2019ADN du tissu :<\/p>\n<ul data-start=\"2595\" data-end=\"2961\">\n<li class=\"\" data-start=\"2595\" data-end=\"2742\">\n<p class=\"\" data-start=\"2597\" data-end=\"2742\">Les fils plus \u00e9pais cr\u00e9ent des tissus chauds et lourds (comme pour les vestes d&#039;hiver), tandis que les fils plus fins produisent des tissus l\u00e9gers et respirants (id\u00e9aux pour les robes d&#039;\u00e9t\u00e9).<\/p>\n<\/li>\n<li class=\"\" data-start=\"2743\" data-end=\"2861\">\n<p class=\"\" data-start=\"2745\" data-end=\"2861\">Ajoutez du spandex \u00e0 la trame, ou m\u00eame \u00e0 la cha\u00eene, et le tissu devient flexible et parfait pour les v\u00eatements de sport ou les jeans skinny.<\/p>\n<\/li>\n<li class=\"\" data-start=\"2862\" data-end=\"2961\">\n<p class=\"\" data-start=\"2864\" data-end=\"2961\">La teinture de la cha\u00eene et de la trame avec des couleurs diff\u00e9rentes donne des tissus aux teintes uniques et multidimensionnelles.<\/p>\n<\/li>\n<\/ul>\n<p class=\"\" data-start=\"2963\" data-end=\"3080\">Chez LY Denim, nous aimons repousser les limites. Pour nous, le tissu n&#039;est pas seulement un produit, c&#039;est un support pour votre cr\u00e9ativit\u00e9.<\/p>\n<h3 class=\"\" data-start=\"3087\" data-end=\"3159\">Quand la cha\u00eene rencontre le futur \u2013 Une nouvelle \u00e8re de tissage personnalis\u00e9<\/h3>\n<p class=\"\" data-start=\"3161\" data-end=\"3239\">Les v\u00eatements personnalis\u00e9s d\u2019aujourd\u2019hui vont au-del\u00e0 des mesures : ils plongent dans le niveau du fil :<\/p>\n<ul data-start=\"3241\" data-end=\"3687\">\n<li class=\"\" data-start=\"3241\" data-end=\"3451\">\n<p class=\"\" data-start=\"3243\" data-end=\"3451\"><strong data-start=\"3243\" data-end=\"3267\">Tissus intelligents de science-fiction<\/strong>:Des fils de cha\u00eene int\u00e9gr\u00e9s \u00e0 des fibres thermosensibles et des fils de trame contenant des fils conducteurs : imaginez une veste qui change de couleur avec la temp\u00e9rature de votre corps et charge votre t\u00e9l\u00e9phone.<\/p>\n<\/li>\n<li class=\"\" data-start=\"3452\" data-end=\"3687\">\n<p class=\"\" data-start=\"3454\" data-end=\"3687\"><strong data-start=\"3454\" data-end=\"3479\">Textiles narratifs<\/strong>: Une cha\u00eene fabriqu\u00e9e \u00e0 partir de bouteilles en plastique recycl\u00e9es, entrelac\u00e9e avec une trame fabriqu\u00e9e \u00e0 partir de filets de p\u00eache r\u00e9cup\u00e9r\u00e9s. Chaque jean porte une histoire de durabilit\u00e9 des oc\u00e9ans, comme le maillot du Real Madrid fabriqu\u00e9 \u00e0 partir de plastique marin.<img loading=\"lazy\" decoding=\"async\" class=\"aligncenter wp-image-5166\" src=\"https:\/\/lydenim.com\/wp-content\/uploads\/2025\/05\/Environmentally-friendly-team-uniform.jpg\" alt=\"\" width=\"600\" height=\"341\" srcset=\"https:\/\/lydenim.com\/wp-content\/uploads\/2025\/05\/Environmentally-friendly-team-uniform.jpg 700w, https:\/\/lydenim.com\/wp-content\/uploads\/2025\/05\/Environmentally-friendly-team-uniform-300x171.jpg 300w, https:\/\/lydenim.com\/wp-content\/uploads\/2025\/05\/Environmentally-friendly-team-uniform-18x10.jpg 18w, https:\/\/lydenim.com\/wp-content\/uploads\/2025\/05\/Environmentally-friendly-team-uniform-600x341.jpg 600w, https:\/\/lydenim.com\/wp-content\/uploads\/2025\/05\/Environmentally-friendly-team-uniform-150x85.jpg 150w\" sizes=\"auto, (max-width: 600px) 100vw, 600px\" \/><\/p>\n<\/li>\n<\/ul>\n<h2 dir=\"auto\">Services de personnalisation par LYDENIM<\/h2>\n<p dir=\"auto\">\ud83c\udfa8 Vouloir <strong>tissus denim personnalis\u00e9s<\/strong> ou\u00a0 <strong>unique<\/strong> <strong>v\u00eatement en denim personnalis\u00e9<\/strong>? LYDENIM est sp\u00e9cialis\u00e9 dans les solutions sur mesure pour r\u00e9pondre \u00e0 vos besoins de conception et de production.<\/p>\n<p dir=\"auto\">\ud83d\udecd\ufe0f <strong>Explorez et inspirez-vous<\/strong>: Parcourez nos s\u00e9lections de tissus et d\u00e9couvrez des id\u00e9es de design sur <a href=\"https:\/\/lydenim.com\/fr\/\" target=\"_blank\" rel=\"noopener noreferrer nofollow\">LYDenim<\/a>.<\/p>\n<p dir=\"auto\">\ud83c\udf10 <strong>V\u00eatements \u00e9lastiques<\/strong>:D\u00e9couvrez nos offres sur <a href=\"http:\/\/liangyuantextile.m.en.alibaba.com\" target=\"_blank\" rel=\"noopener noreferrer nofollow\">MonAlibaba<\/a>. \ud83d\udce9 <strong>Contactez-nous<\/strong>: Contactez-nous \u00e0 <a href=\"mailto:malone@lydenim.com\" target=\"_blank\" rel=\"noopener noreferrer nofollow\">malone@lydenim.com<\/a>.<\/p>\n<p dir=\"auto\">Cr\u00e9ez votre chef-d&#039;\u0153uvre en denim avec LYDENIM, votre partenaire de confiance pour <strong>tissu extensible<\/strong> et <strong>solutions denim personnalis\u00e9es<\/strong>.<\/p>\n<p>&nbsp;<\/p>","protected":false},"excerpt":{"rendered":"<p>Temps de lecture estim\u00e9 : ~3 minutes Cha\u00eene et trame \u2013 La latitude et la longitude du tissu Imaginez le tissu comme un globe : cha\u00eene<\/p>","protected":false},"author":1,"featured_media":5169,"comment_status":"open","ping_status":"open","sticky":false,"template":"","format":"standard","meta":{"two_page_speed":[],"footnotes":""},"categories":[66],"tags":[],"class_list":["post-5162","post","type-post","status-publish","format-standard","has-post-thumbnail","hentry","category-denim-knowledge"],"aioseo_notices":[],"_links":{"self":[{"href":"https:\/\/lydenim.com\/fr\/wp-json\/wp\/v2\/posts\/5162","targetHints":{"allow":["GET"]}}],"collection":[{"href":"https:\/\/lydenim.com\/fr\/wp-json\/wp\/v2\/posts"}],"about":[{"href":"https:\/\/lydenim.com\/fr\/wp-json\/wp\/v2\/types\/post"}],"author":[{"embeddable":true,"href":"https:\/\/lydenim.com\/fr\/wp-json\/wp\/v2\/users\/1"}],"replies":[{"embeddable":true,"href":"https:\/\/lydenim.com\/fr\/wp-json\/wp\/v2\/comments?post=5162"}],"version-history":[{"count":4,"href":"https:\/\/lydenim.com\/fr\/wp-json\/wp\/v2\/posts\/5162\/revisions"}],"predecessor-version":[{"id":6312,"href":"https:\/\/lydenim.com\/fr\/wp-json\/wp\/v2\/posts\/5162\/revisions\/6312"}],"wp:featuredmedia":[{"embeddable":true,"href":"https:\/\/lydenim.com\/fr\/wp-json\/wp\/v2\/media\/5169"}],"wp:attachment":[{"href":"https:\/\/lydenim.com\/fr\/wp-json\/wp\/v2\/media?parent=5162"}],"wp:term":[{"taxonomy":"category","embeddable":true,"href":"https:\/\/lydenim.com\/fr\/wp-json\/wp\/v2\/categories?post=5162"},{"taxonomy":"post_tag","embeddable":true,"href":"https:\/\/lydenim.com\/fr\/wp-json\/wp\/v2\/tags?post=5162"}],"curies":[{"name":"wp","href":"https:\/\/api.w.org\/{rel}","templated":true}]}}