{"id":5170,"date":"2025-05-23T00:05:23","date_gmt":"2025-05-22T16:05:23","guid":{"rendered":"https:\/\/lydenim.com\/?p=5170"},"modified":"2025-08-24T13:19:40","modified_gmt":"2025-08-24T05:19:40","slug":"from-sketch-to-garment","status":"publish","type":"post","link":"https:\/\/lydenim.com\/fr\/du-croquis-au-vetement\/","title":{"rendered":"De l&#039;esquisse au v\u00eatement\u00a0: comment votre cr\u00e9ation de mode devient r\u00e9alit\u00e9"},"content":{"rendered":"<h2 class=\"\" data-start=\"2476\" data-end=\"2517\">Temps de lecture estim\u00e9 : \uff5e4 minutes<\/h2>\n<h2 class=\"\" data-start=\"65\" data-end=\"141\"><strong data-start=\"68\" data-end=\"141\">1. La graine du design \u2013 De l&#039;\u00e9tincelle imaginative au plan r\u00e9aliste<\/strong><\/h2>\n<p class=\"\" data-start=\"143\" data-end=\"396\">Peut-\u00eatre avez-vous d\u00e9j\u00e0 esquiss\u00e9 une id\u00e9e sur une serviette en papier dans un caf\u00e9, ou avez-vous aper\u00e7u une tenue originale dans la rue\u00a0? Peut-\u00eatre \u00eates-vous un designer professionnel qui peaufine constamment ses \u00e9bauches. Quelle que soit son origine, chaque id\u00e9e cr\u00e9ative m\u00e9rite d&#039;\u00eatre prise au s\u00e9rieux.<\/p>\n<p class=\"\" data-start=\"398\" data-end=\"440\">Comme l&#039;a dit Emma, la cr\u00e9atrice \u00e9mergente de Londres :<\/p>\n<blockquote data-start=\"441\" data-end=\"546\">\n<p class=\"\" data-start=\"443\" data-end=\"546\">\u00ab Ma premi\u00e8re collection s&#039;inspire des graffitis du m\u00e9tro. Elle est maintenant expos\u00e9e dans les boutiques milanaises. \u00bb<\/p>\n<\/blockquote>\n<p class=\"\" data-start=\"548\" data-end=\"690\">Que votre design penche vers le streetwear sauvage ou l&#039;\u00e9l\u00e9gance minimaliste, la premi\u00e8re \u00e9tape consiste toujours \u00e0 respecter cette envie de <em data-start=\"671\" data-end=\"689\">cr\u00e9er quelque chose<\/em>.<\/p>\n<div id=\"attachment_5172\" style=\"width: 610px\" class=\"wp-caption aligncenter\"><img loading=\"lazy\" decoding=\"async\" aria-describedby=\"caption-attachment-5172\" class=\"wp-image-5172\" src=\"https:\/\/lydenim.com\/wp-content\/uploads\/2025\/05\/1375001006098702079.png\" alt=\"\" width=\"600\" height=\"600\" srcset=\"https:\/\/lydenim.com\/wp-content\/uploads\/2025\/05\/1375001006098702079.png 1024w, https:\/\/lydenim.com\/wp-content\/uploads\/2025\/05\/1375001006098702079-300x300.png 300w, https:\/\/lydenim.com\/wp-content\/uploads\/2025\/05\/1375001006098702079-150x150.png 150w, https:\/\/lydenim.com\/wp-content\/uploads\/2025\/05\/1375001006098702079-768x768.png 768w, https:\/\/lydenim.com\/wp-content\/uploads\/2025\/05\/1375001006098702079-12x12.png 12w, https:\/\/lydenim.com\/wp-content\/uploads\/2025\/05\/1375001006098702079-600x600.png 600w\" sizes=\"auto, (max-width: 600px) 100vw, 600px\" \/><p id=\"caption-attachment-5172\" class=\"wp-caption-text\">De l&#039;\u00e9tincelle imaginative au plan r\u00e9aliste<\/p><\/div>\n<h2 class=\"\" data-start=\"697\" data-end=\"750\"><strong data-start=\"700\" data-end=\"750\">2. Choisissez votre \u00ab\u00a0fondation\u00a0\u00bb\u00a0: tissu et garnitures<\/strong><\/h2>\n<h3 class=\"\" data-start=\"752\" data-end=\"798\"><strong data-start=\"756\" data-end=\"798\">Le tissu : la base de chaque design<\/strong><\/h3>\n<p class=\"\" data-start=\"800\" data-end=\"910\">Comme les fondations d\u2019une maison, la qualit\u00e9 du tissu d\u00e9termine la solidit\u00e9 et la coupe d\u2019un v\u00eatement.<\/p>\n<ul data-start=\"912\" data-end=\"1449\">\n<li class=\"\" data-start=\"912\" data-end=\"1095\">\n<p class=\"\" data-start=\"914\" data-end=\"975\"><strong data-start=\"914\" data-end=\"927\">\u00c9paisseur<\/strong>:Diff\u00e9rents poids cr\u00e9ent diff\u00e9rentes textures.<\/p>\n<ul data-start=\"978\" data-end=\"1095\">\n<li class=\"\" data-start=\"978\" data-end=\"1044\">\n<p class=\"\" data-start=\"980\" data-end=\"1044\">Le denim de 6 \u00e0 10 oz convient bien aux chemises l\u00e9g\u00e8res ou aux v\u00eatements d\u2019\u00e9t\u00e9.<\/p>\n<\/li>\n<li class=\"\" data-start=\"1047\" data-end=\"1095\">\n<p class=\"\" data-start=\"1049\" data-end=\"1095\">12 \u00e0 16 oz sont parfaits pour les jeans ou les vestes robustes.<\/p>\n<\/li>\n<\/ul>\n<\/li>\n<li class=\"\" data-start=\"1097\" data-end=\"1255\">\n<p class=\"\" data-start=\"1099\" data-end=\"1111\"><strong data-start=\"1099\" data-end=\"1108\">Couleur<\/strong>:<\/p>\n<ul data-start=\"1114\" data-end=\"1255\">\n<li class=\"\" data-start=\"1114\" data-end=\"1156\">\n<p class=\"\" data-start=\"1116\" data-end=\"1156\">L&#039;indigo classique est polyvalent pour le denim.<\/p>\n<\/li>\n<li class=\"\" data-start=\"1159\" data-end=\"1255\">\n<p class=\"\" data-start=\"1161\" data-end=\"1255\">Le coton, les rayures, les tricots et les motifs color\u00e9s aident \u00e0 exprimer l&#039;individualit\u00e9 et \u00e0 s&#039;adapter \u00e0 votre concept.<\/p>\n<\/li>\n<\/ul>\n<\/li>\n<li class=\"\" data-start=\"1257\" data-end=\"1449\">\n<p class=\"\" data-start=\"1259\" data-end=\"1276\"><strong data-start=\"1259\" data-end=\"1273\">\u00c9lasticit\u00e9<\/strong>:<\/p>\n<ul data-start=\"1279\" data-end=\"1449\">\n<li class=\"\" data-start=\"1279\" data-end=\"1375\">\n<p class=\"\" data-start=\"1281\" data-end=\"1375\">Envie de confort\u00a0? Optez pour un denim extensible avec \u00e9lasthanne ou un coton souple, des rayures ou des mailles.<\/p>\n<\/li>\n<li class=\"\" data-start=\"1378\" data-end=\"1449\">\n<p class=\"\" data-start=\"1380\" data-end=\"1449\">Vous pr\u00e9f\u00e9rez la structure\u00a0? Optez pour un denim non extensible pour conserver sa forme.<img loading=\"lazy\" decoding=\"async\" class=\"aligncenter wp-image-5173\" src=\"https:\/\/lydenim.com\/wp-content\/uploads\/2025\/05\/1375004716227276591.png\" alt=\"\" width=\"600\" height=\"600\" srcset=\"https:\/\/lydenim.com\/wp-content\/uploads\/2025\/05\/1375004716227276591.png 1024w, https:\/\/lydenim.com\/wp-content\/uploads\/2025\/05\/1375004716227276591-300x300.png 300w, https:\/\/lydenim.com\/wp-content\/uploads\/2025\/05\/1375004716227276591-150x150.png 150w, https:\/\/lydenim.com\/wp-content\/uploads\/2025\/05\/1375004716227276591-768x768.png 768w, https:\/\/lydenim.com\/wp-content\/uploads\/2025\/05\/1375004716227276591-12x12.png 12w, https:\/\/lydenim.com\/wp-content\/uploads\/2025\/05\/1375004716227276591-600x600.png 600w\" sizes=\"auto, (max-width: 600px) 100vw, 600px\" \/><\/p>\n<\/li>\n<\/ul>\n<\/li>\n<\/ul>\n<h3 class=\"\" data-start=\"1643\" data-end=\"1684\"><strong data-start=\"1647\" data-end=\"1684\">Garnitures \u2013 Petits d\u00e9tails, grand impact<\/strong><\/h3>\n<ul data-start=\"1686\" data-end=\"2058\">\n<li class=\"\" data-start=\"1686\" data-end=\"1828\">\n<p class=\"\" data-start=\"1688\" data-end=\"1702\"><strong data-start=\"1688\" data-end=\"1699\">Fermetures \u00e9clair<\/strong>:<\/p>\n<ul data-start=\"1705\" data-end=\"1828\">\n<li class=\"\" data-start=\"1705\" data-end=\"1775\">\n<p class=\"\" data-start=\"1707\" data-end=\"1775\">Les fermetures \u00e0 glissi\u00e8re YKK sont durables et fiables, parfaites pour les conceptions de qualit\u00e9.<\/p>\n<\/li>\n<li class=\"\" data-start=\"1778\" data-end=\"1828\">\n<p class=\"\" data-start=\"1780\" data-end=\"1828\">Vous pouvez \u00e9galement oser avec des fermetures \u00e0 glissi\u00e8re au design unique.<\/p>\n<\/li>\n<\/ul>\n<\/li>\n<li class=\"\" data-start=\"1830\" data-end=\"1953\">\n<p class=\"\" data-start=\"1832\" data-end=\"1864\"><strong data-start=\"1832\" data-end=\"1861\">Patch en cuir avec logo personnalis\u00e9<\/strong>:<\/p>\n<ul data-start=\"1867\" data-end=\"1953\">\n<li class=\"\" data-start=\"1867\" data-end=\"1953\">\n<p class=\"\" data-start=\"1869\" data-end=\"1953\">Ajoutez un patch en cuir avec votre logo pour donner au v\u00eatement une identit\u00e9 personnelle ou de marque.<\/p>\n<\/li>\n<\/ul>\n<\/li>\n<li class=\"\" data-start=\"1955\" data-end=\"2058\">\n<p class=\"\" data-start=\"1957\" data-end=\"1982\"><strong data-start=\"1957\" data-end=\"1979\">Boutons et rivets<\/strong>:<\/p>\n<ul data-start=\"1985\" data-end=\"2058\">\n<li class=\"\" data-start=\"1985\" data-end=\"2058\">\n<p class=\"\" data-start=\"1987\" data-end=\"2058\">Des boutons uniques ou des rivets m\u00e9talliques peuvent rehausser l&#039;apparence de votre v\u00eatement.<\/p>\n<\/li>\n<\/ul>\n<\/li>\n<\/ul>\n<p class=\"\" data-start=\"2060\" data-end=\"2111\">Nous vous aiderons \u00e0 personnaliser tous ces d\u00e9tails sp\u00e9ciaux.<img loading=\"lazy\" decoding=\"async\" class=\"aligncenter wp-image-5177\" src=\"https:\/\/lydenim.com\/wp-content\/uploads\/2025\/05\/1375038682667253503.png\" alt=\"\" width=\"600\" height=\"600\" srcset=\"https:\/\/lydenim.com\/wp-content\/uploads\/2025\/05\/1375038682667253503.png 1024w, https:\/\/lydenim.com\/wp-content\/uploads\/2025\/05\/1375038682667253503-300x300.png 300w, https:\/\/lydenim.com\/wp-content\/uploads\/2025\/05\/1375038682667253503-150x150.png 150w, https:\/\/lydenim.com\/wp-content\/uploads\/2025\/05\/1375038682667253503-768x768.png 768w, https:\/\/lydenim.com\/wp-content\/uploads\/2025\/05\/1375038682667253503-12x12.png 12w, https:\/\/lydenim.com\/wp-content\/uploads\/2025\/05\/1375038682667253503-600x600.png 600w\" sizes=\"auto, (max-width: 600px) 100vw, 600px\" \/><\/p>\n<h2 class=\"\" data-start=\"2118\" data-end=\"2190\"><strong data-start=\"2121\" data-end=\"2190\">3. De la confirmation \u00e0 l&#039;ach\u00e8vement \u2013 Construire votre \u00ab\u00a0architecture\u00a0\u00bb<\/strong><\/h2>\n<h3 class=\"\" data-start=\"2192\" data-end=\"2218\"><strong data-start=\"2196\" data-end=\"2218\">D\u00e9veloppement d&#039;\u00e9chantillons<\/strong><\/h3>\n<p class=\"\" data-start=\"2220\" data-end=\"2435\">Apr\u00e8s avoir confirm\u00e9 la conception avec notre \u00e9chantillonneur, nous cr\u00e9ons d&#039;abord un prototype.<br data-start=\"2299\" data-end=\"2302\" \/>C&#039;est votre <em data-start=\"2315\" data-end=\"2343\">premi\u00e8re r\u00e9alisation physique<\/em> du design. Vous pouvez l&#039;essayer ou l&#039;ajuster, par exemple en raccourcissant les manches ou en d\u00e9pla\u00e7ant la poche.<\/p>\n<p class=\"\" data-start=\"2437\" data-end=\"2488\">Cette \u00e9tape garantit que tout est sur la bonne voie.<\/p>\n<h2 class=\"\" data-start=\"2495\" data-end=\"2520\"><strong data-start=\"2498\" data-end=\"2520\">Coupe pr\u00e9cise<\/strong><\/h2>\n<p class=\"\" data-start=\"2522\" data-end=\"2668\">Une fois l&#039;\u00e9chantillon approuv\u00e9, nous commen\u00e7ons \u00e0 couper le tissu.<br data-start=\"2579\" data-end=\"2582\" \/><strong data-start=\"2582\" data-end=\"2603\">La pr\u00e9cision compte<\/strong>\u2014chaque pi\u00e8ce doit \u00eatre parfaitement fa\u00e7onn\u00e9e et pr\u00eate pour l\u2019\u00e9tape suivante.<\/p>\n<p class=\"\" data-start=\"2670\" data-end=\"2691\">Nous le prenons au s\u00e9rieux.<\/p>\n<h2 class=\"\" data-start=\"2698\" data-end=\"2725\"><strong data-start=\"2701\" data-end=\"2725\">Couture et assemblage<\/strong><\/h2>\n<p class=\"\" data-start=\"2727\" data-end=\"2864\">Maintenant, \u00e7a devient excitant.<br data-start=\"2748\" data-end=\"2751\" \/>Notre \u00e9quipe coud soigneusement chaque ligne et chaque couture avec comp\u00e9tence et d\u00e9vouement : c&#039;est l\u00e0 que le tissu devient v\u00e9ritablement un v\u00eatement.<\/p>\n<h2 class=\"\" data-start=\"2871\" data-end=\"2908\"><strong data-start=\"2874\" data-end=\"2908\">Repassage et finitions sp\u00e9ciales<\/strong><\/h2>\n<p class=\"\" data-start=\"2910\" data-end=\"3092\">Le repassage du v\u00eatement lui conf\u00e8re une structure et un style \u00e9pur\u00e9s.<br data-start=\"2966\" data-end=\"2969\" \/>Envie d&#039;en savoir plus\u00a0? Nous pouvons appliquer des finitions personnalis\u00e9es, comme un d\u00e9lavage vintage ou des coutures contrast\u00e9es.<br data-start=\"3051\" data-end=\"3054\" \/>Faites-le nous savoir, nous ferons en sorte que cela se produise.<\/p>\n<h2 class=\"\" data-start=\"3099\" data-end=\"3133\"><strong data-start=\"3102\" data-end=\"3133\">Finitions et touches personnelles<\/strong><\/h2>\n<p class=\"\" data-start=\"3135\" data-end=\"3302\">Votre design acquiert d\u00e9sormais sa personnalit\u00e9 finale.<br data-start=\"3178\" data-end=\"3181\" \/>Nous attachons des fermetures \u00e0 glissi\u00e8re YKK, cousons votre patch en cuir avec logo et ajoutons des boutons ou des rivets : ces d\u00e9tails font ressortir votre pi\u00e8ce.<\/p>\n<h2 class=\"\" data-start=\"3309\" data-end=\"3339\"><strong data-start=\"3312\" data-end=\"3339\">Ajustement et ajustement<\/strong><\/h2>\n<p class=\"\" data-start=\"3341\" data-end=\"3463\">Essayez-le et voyez ce que vous ressentez !<br data-start=\"3368\" data-end=\"3371\" \/>Si quelque chose vous semble anormal (taille trop serr\u00e9e ou ourlet trop long), nous le r\u00e9viserons jusqu&#039;\u00e0 ce qu&#039;il soit parfait.<\/p>\n<h2 class=\"\" data-start=\"3470\" data-end=\"3494\"><strong data-start=\"3473\" data-end=\"3494\">Livraison finale<\/strong><\/h2>\n<p class=\"\" data-start=\"3496\" data-end=\"3670\">Fait!<br data-start=\"3501\" data-end=\"3504\" \/>Votre cr\u00e9ation personnalis\u00e9e sera soigneusement emball\u00e9e et livr\u00e9e chez vous. \u00c0 l&#039;\u00e8re de l&#039;expression personnelle, la mode sur mesure vous permet de vous d\u00e9marquer.<strong data-start=\"3636\" data-end=\"3670\">Votre id\u00e9e est d\u00e9sormais devenue r\u00e9alit\u00e9.<\/strong><\/p>\n<div id=\"attachment_5178\" style=\"width: 610px\" class=\"wp-caption aligncenter\"><img loading=\"lazy\" decoding=\"async\" aria-describedby=\"caption-attachment-5178\" class=\"wp-image-5178\" src=\"https:\/\/lydenim.com\/wp-content\/uploads\/2025\/05\/WechatIMG1888.jpeg\" alt=\"\" width=\"600\" height=\"682\" srcset=\"https:\/\/lydenim.com\/wp-content\/uploads\/2025\/05\/WechatIMG1888.jpeg 920w, https:\/\/lydenim.com\/wp-content\/uploads\/2025\/05\/WechatIMG1888-264x300.jpeg 264w, https:\/\/lydenim.com\/wp-content\/uploads\/2025\/05\/WechatIMG1888-901x1024.jpeg 901w, https:\/\/lydenim.com\/wp-content\/uploads\/2025\/05\/WechatIMG1888-768x873.jpeg 768w, https:\/\/lydenim.com\/wp-content\/uploads\/2025\/05\/WechatIMG1888-11x12.jpeg 11w, https:\/\/lydenim.com\/wp-content\/uploads\/2025\/05\/WechatIMG1888-600x682.jpeg 600w, https:\/\/lydenim.com\/wp-content\/uploads\/2025\/05\/WechatIMG1888-150x171.jpeg 150w\" sizes=\"auto, (max-width: 600px) 100vw, 600px\" \/><p id=\"caption-attachment-5178\" class=\"wp-caption-text\">Construire votre \u00ab\u00a0architecture\u00a0\u00bb<\/p><\/div>\n<h2 class=\"\" data-start=\"3677\" data-end=\"3694\"><strong data-start=\"3680\" data-end=\"3694\">4. Conclusion<\/strong><\/h2>\n<p class=\"\" data-start=\"3696\" data-end=\"4094\">Avec l&#039;\u00e9volution des tendances de la mode moderne, chacun aspire \u00e0 poss\u00e9der des v\u00eatements uniques et personnalis\u00e9s. Que vous ayez besoin de choisir le tissu id\u00e9al ou de cr\u00e9er des v\u00eatements sur mesure, nous avons ce qu&#039;il vous faut.<\/p>\n<h2 dir=\"auto\">Services de personnalisation par LYDENIM<\/h2>\n<p dir=\"auto\">\ud83c\udfa8 Vouloir <strong>tissus denim personnalis\u00e9s<\/strong> ou\u00a0 <strong>unique<\/strong> <strong>v\u00eatement en denim personnalis\u00e9<\/strong>? LYDENIM est sp\u00e9cialis\u00e9 dans les solutions sur mesure pour r\u00e9pondre \u00e0 vos besoins de conception et de production.<\/p>\n<p dir=\"auto\">\ud83d\udecd\ufe0f <strong>Explorez et inspirez-vous<\/strong>: Parcourez nos s\u00e9lections de tissus et d\u00e9couvrez des id\u00e9es de design sur <a href=\"https:\/\/lydenim.com\/fr\/\" target=\"_blank\" rel=\"noopener noreferrer nofollow\">LYDenim<\/a>.<\/p>\n<p dir=\"auto\">\ud83c\udf10 <strong>V\u00eatements \u00e9lastiques<\/strong>:D\u00e9couvrez nos offres sur <a href=\"http:\/\/liangyuantextile.m.en.alibaba.com\" target=\"_blank\" rel=\"noopener noreferrer nofollow\">MonAlibaba<\/a>. \ud83d\udce9 <strong>Contactez-nous<\/strong>: Contactez-nous \u00e0 <a href=\"mailto:malone@lydenim.com\" target=\"_blank\" rel=\"noopener noreferrer nofollow\">malone@lydenim.com<\/a>.<\/p>\n<p dir=\"auto\">Cr\u00e9ez votre chef-d&#039;\u0153uvre en denim avec LYDENIM, votre partenaire de confiance pour <strong>tissu extensible<\/strong> et <strong>solutions denim personnalis\u00e9es<\/strong>.<\/p>\n<p class=\"\" data-start=\"4316\" data-end=\"4358\">","protected":false},"excerpt":{"rendered":"<p>Temps de lecture estim\u00e9 : ~4 minutes 1. La graine du design \u2013 De l&#039;\u00e9tincelle imaginative au plan r\u00e9aliste Peut-\u00eatre avez-vous d\u00e9j\u00e0<\/p>","protected":false},"author":1,"featured_media":5183,"comment_status":"open","ping_status":"open","sticky":false,"template":"","format":"standard","meta":{"two_page_speed":[],"footnotes":""},"categories":[76],"tags":[],"class_list":["post-5170","post","type-post","status-publish","format-standard","has-post-thumbnail","hentry","category-garment"],"aioseo_notices":[],"_links":{"self":[{"href":"https:\/\/lydenim.com\/fr\/wp-json\/wp\/v2\/posts\/5170","targetHints":{"allow":["GET"]}}],"collection":[{"href":"https:\/\/lydenim.com\/fr\/wp-json\/wp\/v2\/posts"}],"about":[{"href":"https:\/\/lydenim.com\/fr\/wp-json\/wp\/v2\/types\/post"}],"author":[{"embeddable":true,"href":"https:\/\/lydenim.com\/fr\/wp-json\/wp\/v2\/users\/1"}],"replies":[{"embeddable":true,"href":"https:\/\/lydenim.com\/fr\/wp-json\/wp\/v2\/comments?post=5170"}],"version-history":[{"count":5,"href":"https:\/\/lydenim.com\/fr\/wp-json\/wp\/v2\/posts\/5170\/revisions"}],"predecessor-version":[{"id":6314,"href":"https:\/\/lydenim.com\/fr\/wp-json\/wp\/v2\/posts\/5170\/revisions\/6314"}],"wp:featuredmedia":[{"embeddable":true,"href":"https:\/\/lydenim.com\/fr\/wp-json\/wp\/v2\/media\/5183"}],"wp:attachment":[{"href":"https:\/\/lydenim.com\/fr\/wp-json\/wp\/v2\/media?parent=5170"}],"wp:term":[{"taxonomy":"category","embeddable":true,"href":"https:\/\/lydenim.com\/fr\/wp-json\/wp\/v2\/categories?post=5170"},{"taxonomy":"post_tag","embeddable":true,"href":"https:\/\/lydenim.com\/fr\/wp-json\/wp\/v2\/tags?post=5170"}],"curies":[{"name":"wp","href":"https:\/\/api.w.org\/{rel}","templated":true}]}}