{"id":5290,"date":"2025-05-31T14:42:29","date_gmt":"2025-05-31T06:42:29","guid":{"rendered":"https:\/\/lydenim.com\/?p=5290"},"modified":"2025-08-24T13:25:32","modified_gmt":"2025-08-24T05:25:32","slug":"exploring-the-world-of-denim-cloth-fabric","status":"publish","type":"post","link":"https:\/\/lydenim.com\/fr\/explorer-le-monde-du-tissu-denim\/","title":{"rendered":"\u00c0 la d\u00e9couverte du monde du tissu denim"},"content":{"rendered":"<h2>Temps de lecture estim\u00e9 : ~5 minutes<\/h2>\n<h2>Introduction<\/h2>\n<p>Le denim, tissu originaire des v\u00eatements de travail, a \u00e9volu\u00e9 pour devenir un \u00e9l\u00e9ment de mode incontournable \u00e0 travers le monde. L&#039;industrie de la mode et les consommateurs appr\u00e9cient le denim, car il a d\u00e9but\u00e9 comme v\u00eatement de travail au XIXe si\u00e8cle avant d&#039;\u00e9voluer vers des designs modernes. Cet article examine les caract\u00e9ristiques et les types de denim, ainsi que les options de personnalisation et les consid\u00e9rations de poids pour la cr\u00e9ation de v\u00eatements sur mesure.<\/p>\n<h2>Aper\u00e7u du denim<\/h2>\n<p>Le denim est un textile en coton serg\u00e9 r\u00e9sistant, car son tissage en cha\u00eene produit des c\u00f4tes diagonales. Les fabricants de denim ont commenc\u00e9 \u00e0 teindre leurs tissus en indigo pour obtenir cet aspect classique, bleu \u00e0 l&#039;ext\u00e9rieur et blanc \u00e0 l&#039;int\u00e9rieur, aujourd&#039;hui d\u00e9clin\u00e9 en plusieurs couleurs. Sa longue dur\u00e9e de vie et ses propri\u00e9t\u00e9s d\u00e9lav\u00e9es en font un mat\u00e9riau id\u00e9al pour la confection de nombreux v\u00eatements, notamment des jeans, des vestes, des chemises, des jupes, ainsi que pour la d\u00e9coration et les accessoires d&#039;int\u00e9rieur.<img loading=\"lazy\" decoding=\"async\" class=\"aligncenter wp-image-4761\" src=\"https:\/\/lydenim.com\/wp-content\/uploads\/2025\/04\/IMG_6311.jpg\" alt=\"\" width=\"600\" height=\"600\" srcset=\"https:\/\/lydenim.com\/wp-content\/uploads\/2025\/04\/IMG_6311.jpg 2196w, https:\/\/lydenim.com\/wp-content\/uploads\/2025\/04\/IMG_6311-300x300.jpg 300w, https:\/\/lydenim.com\/wp-content\/uploads\/2025\/04\/IMG_6311-1024x1024.jpg 1024w, https:\/\/lydenim.com\/wp-content\/uploads\/2025\/04\/IMG_6311-150x150.jpg 150w, https:\/\/lydenim.com\/wp-content\/uploads\/2025\/04\/IMG_6311-768x768.jpg 768w, https:\/\/lydenim.com\/wp-content\/uploads\/2025\/04\/IMG_6311-1536x1536.jpg 1536w, https:\/\/lydenim.com\/wp-content\/uploads\/2025\/04\/IMG_6311-2048x2048.jpg 2048w, https:\/\/lydenim.com\/wp-content\/uploads\/2025\/04\/IMG_6311-12x12.jpg 12w, https:\/\/lydenim.com\/wp-content\/uploads\/2025\/04\/IMG_6311-600x600.jpg 600w\" sizes=\"auto, (max-width: 600px) 100vw, 600px\" \/><\/p>\n<h2>Types de tissus denim<\/h2>\n<p>Il existe diff\u00e9rentes finitions et diff\u00e9rents types de denim pour r\u00e9pondre \u00e0 des besoins sp\u00e9cifiques en mati\u00e8re de design. Voici un aper\u00e7u d\u00e9taill\u00e9\u00a0:<\/p>\n<table style=\"height: 617px;\" width=\"1119\">\n<thead>\n<tr>\n<th><strong>Type de denim<\/strong><\/th>\n<th><strong>Description<\/strong><\/th>\n<\/tr>\n<\/thead>\n<tbody>\n<tr>\n<td>Denim brut<\/td>\n<td>Non lav\u00e9, rigide, g\u00e9n\u00e9ralement bleu fonc\u00e9, s&#039;estompe avec le temps pour un look personnalis\u00e9.<\/td>\n<\/tr>\n<tr>\n<td>Denim sanforis\u00e9<\/td>\n<td>Denim brut trait\u00e9 pour r\u00e9duire le r\u00e9tr\u00e9cissement, souvent \u00e9tiquet\u00e9 comme pr\u00e9-r\u00e9tr\u00e9ci.<\/td>\n<\/tr>\n<tr>\n<td>Denim teint \u00e0 l&#039;indigo<\/td>\n<td>Denim bleu classique avec cha\u00eene teinte indigo et trame blanche.<\/td>\n<\/tr>\n<tr>\n<td>Denim teint en couleur<\/td>\n<td>Utilise des colorants au soufre pour des couleurs comme la moutarde, le vert, le gris, le rouge ou le rose.<\/td>\n<\/tr>\n<tr>\n<td>Denim Selvedge<\/td>\n<td>Pr\u00e9sente un bord auto-fini (souvent rouge ou orange), indiquant une haute qualit\u00e9.<\/td>\n<\/tr>\n<tr>\n<td>Denim d\u00e9lav\u00e9 \u00e0 l&#039;acide<\/td>\n<td>Trait\u00e9 \u00e0 l&#039;acide pour un look r\u00e9tro chin\u00e9, populaire dans les ann\u00e9es 1980.<\/td>\n<\/tr>\n<tr>\n<td>Denim d\u00e9lav\u00e9 \u00e0 la pierre<\/td>\n<td>Lav\u00e9 avec des pierres ponces pour un aspect d\u00e9lav\u00e9 et v\u00e9cu.<\/td>\n<\/tr>\n<tr>\n<td>Denim \u00e9cras\u00e9<\/td>\n<td>Texture rid\u00e9e permanente, souvent associ\u00e9e \u00e0 un lavage \u00e0 l&#039;acide ou \u00e0 la pierre.<\/td>\n<\/tr>\n<tr>\n<td>Poly Denim<\/td>\n<td>M\u00e9lang\u00e9 avec du polycoton pour plus de douceur et de confort.<\/td>\n<\/tr>\n<tr>\n<td>Denim extensible<\/td>\n<td>Infus\u00e9 de spandex ou de lycra pour plus d&#039;\u00e9lasticit\u00e9, id\u00e9al pour les mod\u00e8les ajust\u00e9s.<\/td>\n<\/tr>\n<tr>\n<td>Denim taureau<\/td>\n<td>Coton 100%, r\u00e9sistant, doux d&#039;un c\u00f4t\u00e9, utilis\u00e9 pour les v\u00eatements et les tissus d&#039;ameublement.<\/td>\n<\/tr>\n<tr>\n<td>Denim \u00e9cru<\/td>\n<td>Coton non teint, couleur naturelle, cr\u00e8me p\u00e2le.<\/td>\n<\/tr>\n<tr>\n<td>Denim biologique<\/td>\n<td>Fabriqu\u00e9 \u00e0 partir de coton biologique sans produits chimiques, respectueux de l&#039;environnement.<\/td>\n<\/tr>\n<tr>\n<td>Denim l\u00e9ger<\/td>\n<td>Moins de 12 oz\/yd\u00b2, doux et flexible, pour chemises et v\u00eatements d&#039;\u00e9t\u00e9.<\/td>\n<\/tr>\n<tr>\n<td>Denim marbr\u00e9<\/td>\n<td>Trait\u00e9 \u00e0 l&#039;eau de Javel pour un effet marbr\u00e9 avec des stries et des taches.<\/td>\n<\/tr>\n<tr>\n<td>Denim flamm\u00e9<\/td>\n<td>Utilise des fils flamm\u00e9s pour une apparence textur\u00e9e et rustique.<\/td>\n<\/tr>\n<tr>\n<td>Denim jacquard<\/td>\n<td>Tiss\u00e9 avec des motifs complexes, ajoutant un attrait d\u00e9coratif.<\/td>\n<\/tr>\n<tr>\n<td>Denim floqu\u00e9<\/td>\n<td>Pr\u00e9sente un motif en relief semblable \u00e0 du velours pour une sensation luxueuse.<\/td>\n<\/tr>\n<tr>\n<td>Denim composite<\/td>\n<td>Combine plusieurs tissus ou proc\u00e9d\u00e9s pour une fonctionnalit\u00e9 ou une esth\u00e9tique am\u00e9lior\u00e9e.<\/td>\n<\/tr>\n<\/tbody>\n<\/table>\n<p>Les diff\u00e9rents types de tissus denim r\u00e9pondent \u00e0 divers besoins de mode, du traditionnel \u00e0 l&#039;exp\u00e9rimental en passant par les processus de tissage, les m\u00e9thodes de teinture et les techniques de finition.<\/p>\n<div id=\"attachment_4781\" style=\"width: 610px\" class=\"wp-caption aligncenter\"><img loading=\"lazy\" decoding=\"async\" aria-describedby=\"caption-attachment-4781\" class=\"wp-image-4781\" src=\"https:\/\/lydenim.com\/wp-content\/uploads\/2025\/04\/Classified-by-Raw-Materials.jpg\" alt=\"Class\u00e9 par mati\u00e8res premi\u00e8res\" width=\"600\" height=\"916\" srcset=\"https:\/\/lydenim.com\/wp-content\/uploads\/2025\/04\/Classified-by-Raw-Materials.jpg 1245w, https:\/\/lydenim.com\/wp-content\/uploads\/2025\/04\/Classified-by-Raw-Materials-197x300.jpg 197w, https:\/\/lydenim.com\/wp-content\/uploads\/2025\/04\/Classified-by-Raw-Materials-671x1024.jpg 671w, https:\/\/lydenim.com\/wp-content\/uploads\/2025\/04\/Classified-by-Raw-Materials-768x1172.jpg 768w, https:\/\/lydenim.com\/wp-content\/uploads\/2025\/04\/Classified-by-Raw-Materials-1006x1536.jpg 1006w, https:\/\/lydenim.com\/wp-content\/uploads\/2025\/04\/Classified-by-Raw-Materials-8x12.jpg 8w, https:\/\/lydenim.com\/wp-content\/uploads\/2025\/04\/Classified-by-Raw-Materials-600x916.jpg 600w, https:\/\/lydenim.com\/wp-content\/uploads\/2025\/04\/Classified-by-Raw-Materials-150x229.jpg 150w\" sizes=\"auto, (max-width: 600px) 100vw, 600px\" \/><p id=\"caption-attachment-4781\" class=\"wp-caption-text\">Class\u00e9 par mati\u00e8res premi\u00e8res<\/p><\/div>\n<h2>Possibilit\u00e9s de personnalisation<\/h2>\n<p>Le denim se pr\u00eate parfaitement \u00e0 la personnalisation gr\u00e2ce \u00e0 sa flexibilit\u00e9. Les clients peuvent commander des v\u00eatements sur mesure gr\u00e2ce \u00e0 une s\u00e9lection de couleurs et de motifs distincts, ainsi que des finitions telles que des imprim\u00e9s, des d\u00e9lavages et des motifs jacquard sp\u00e9ciaux. Les services de personnalisation concr\u00e9tisent des concepts de design individuels gr\u00e2ce \u00e0 la cr\u00e9ation d&#039;articles vintage d\u00e9lav\u00e9s ou de denim bio durable. Vous pouvez nous contacter. <a href=\"\/fr\/malone@lydenim.com\/\">malone@lydenim.com<\/a> pour plus de d\u00e9tails ou visitez <a href=\"https:\/\/lydenim.com\/fr\/\">www.lydenim.com<\/a> pour plus d&#039;informations.<img loading=\"lazy\" decoding=\"async\" class=\"aligncenter wp-image-2895\" src=\"https:\/\/lydenim.com\/wp-content\/uploads\/2025\/01\/DSC08120-scaled.jpg\" alt=\"\" width=\"600\" height=\"600\" srcset=\"https:\/\/lydenim.com\/wp-content\/uploads\/2025\/01\/DSC08120-scaled.jpg 2560w, https:\/\/lydenim.com\/wp-content\/uploads\/2025\/01\/DSC08120-300x300.jpg 300w, https:\/\/lydenim.com\/wp-content\/uploads\/2025\/01\/DSC08120-150x150.jpg 150w, https:\/\/lydenim.com\/wp-content\/uploads\/2025\/01\/DSC08120-scaled-600x600.jpg 600w, https:\/\/lydenim.com\/wp-content\/uploads\/2025\/01\/DSC08120-1024x1024.jpg 1024w, https:\/\/lydenim.com\/wp-content\/uploads\/2025\/01\/DSC08120-768x768.jpg 768w, https:\/\/lydenim.com\/wp-content\/uploads\/2025\/01\/DSC08120-1536x1536.jpg 1536w, https:\/\/lydenim.com\/wp-content\/uploads\/2025\/01\/DSC08120-2048x2048.jpg 2048w, https:\/\/lydenim.com\/wp-content\/uploads\/2025\/01\/DSC08120-12x12.jpg 12w\" sizes=\"auto, (max-width: 600px) 100vw, 600px\" \/><\/p>\n<h2>S\u00e9lection du poids de denim appropri\u00e9<\/h2>\n<p>Le poids du tissu denim d\u00e9pend des onces par m\u00e8tre carr\u00e9 pour d\u00e9terminer les applications appropri\u00e9es pour diff\u00e9rents v\u00eatements\u00a0:<\/p>\n<table style=\"height: 161px;\" width=\"1146\">\n<thead>\n<tr>\n<th><strong>Cat\u00e9gorie de poids<\/strong><\/th>\n<th><strong>Plage de poids (oz\/yd\u00b2)<\/strong><\/th>\n<th><strong>Caract\u00e9ristiques<\/strong><\/th>\n<th><strong>Utilisations courantes<\/strong><\/th>\n<\/tr>\n<\/thead>\n<tbody>\n<tr>\n<td>Denim l\u00e9ger<\/td>\n<td>Moins de 12 ans<\/td>\n<td>Doux, respirant, moins durable<\/td>\n<td>Chemises, jeans d&#039;\u00e9t\u00e9, robes<\/td>\n<\/tr>\n<tr>\n<td>Denim mi-lourd<\/td>\n<td>12-16<\/td>\n<td>Rigide, durable, confort \u00e9quilibr\u00e9<\/td>\n<td>Jeans, vestes et v\u00eatements polyvalents pour tous les jours<\/td>\n<\/tr>\n<tr>\n<td>Denim \u00e9pais<\/td>\n<td>Plus de 16 ans<\/td>\n<td>Tr\u00e8s rigide, chaud, n\u00e9cessite un rodage plus long<\/td>\n<td>V\u00eatements pour temps froid, mod\u00e8les structur\u00e9s<\/td>\n<\/tr>\n<\/tbody>\n<\/table>\n<p>Le choix du poids appropri\u00e9 garantit que le v\u00eatement final satisfait \u00e0 la fois \u00e0 son apparence visuelle pr\u00e9vue et \u00e0 ses exigences de performance, car le denim l\u00e9ger convient aux conditions climatiques chaudes et le denim \u00e9pais aux conditions climatiques froides.<\/p>\n<p>Le poids sp\u00e9cifique est soumis au march\u00e9 local et le tableau est fourni \u00e0 titre indicatif uniquement.<\/p>\n<h2>L&#039;\u00e9volution et l&#039;avenir du denim<\/h2>\n<p>La popularit\u00e9 du denim en tant qu&#039;\u00e9l\u00e9ment de base de la mode mondiale a commenc\u00e9 apr\u00e8s que Levi Strauss et Jacob Davis l&#039;ont brevet\u00e9 dans les ann\u00e9es 1870 (<a href=\"https:\/\/en.wikipedia.org\/wiki\/Denim\">Histoire du denim<\/a>). Le mouvement mode actuel privil\u00e9gie les pratiques durables en promouvant le denim biologique et des techniques de teinture respectueuses de l&#039;environnement. Les techniques de lavage laser, associ\u00e9es \u00e0 l&#039;impression num\u00e9rique, permettent aux cr\u00e9ateurs de fusionner techniques classiques et m\u00e9thodes contemporaines pour repousser les limites de la cr\u00e9ativit\u00e9 denim.<\/p>\n<h2>Conclusion<\/h2>\n<p>Le denim reste populaire car il dure longtemps, se pr\u00eate \u00e0 de multiples utilisations et s&#039;adapte aux tendances du moment. Les cr\u00e9ateurs et les consommateurs b\u00e9n\u00e9ficieront d&#039;un plus large choix de produits en denim gr\u00e2ce \u00e0 la compr\u00e9hension des diff\u00e9rents types et cat\u00e9gories de poids. Les options de personnalisation disponibles font du denim un produit de choix pour les cr\u00e9ateurs et les acheteurs, car elles permettent des cr\u00e9ations uniques et personnalis\u00e9es.<\/p>\n<h2 dir=\"auto\">Services de personnalisation par LYDENIM<\/h2>\n<p dir=\"auto\">\ud83c\udfa8 Vouloir <strong>tissus denim personnalis\u00e9s<\/strong> ou\u00a0 <strong>unique<\/strong> <strong>v\u00eatement en denim personnalis\u00e9<\/strong>? LYDENIM est sp\u00e9cialis\u00e9 dans les solutions sur mesure pour r\u00e9pondre \u00e0 vos besoins de conception et de production.<\/p>\n<p dir=\"auto\">\ud83d\udecd\ufe0f <strong>Explorez et inspirez-vous<\/strong>: Parcourez nos s\u00e9lections de tissus et d\u00e9couvrez des id\u00e9es de design sur <a href=\"https:\/\/lydenim.com\/fr\/\" target=\"_blank\" rel=\"noopener noreferrer nofollow\">LYDenim<\/a>.<\/p>\n<p dir=\"auto\">\ud83c\udf10 <strong>V\u00eatements \u00e9lastiques<\/strong>:D\u00e9couvrez nos offres sur <a href=\"http:\/\/liangyuantextile.m.en.alibaba.com\" target=\"_blank\" rel=\"noopener noreferrer nofollow\">MonAlibaba<\/a>. \ud83d\udce9 <strong>Contactez-nous<\/strong>: Contactez-nous \u00e0 <a href=\"mailto:malone@lydenim.com\" target=\"_blank\" rel=\"noopener noreferrer nofollow\">malone@lydenim.com<\/a>.<\/p>\n<p dir=\"auto\">Cr\u00e9ez votre chef-d&#039;\u0153uvre en denim avec LYDENIM, votre partenaire de confiance pour <strong>tissu extensible<\/strong> et <strong>solutions denim personnalis\u00e9es<\/strong>.<\/p>","protected":false},"excerpt":{"rendered":"<p>Temps de lecture estim\u00e9 : ~5 minutes Introduction Le tissu du denim a \u00e9volu\u00e9 de ses racines pratiques dans les v\u00eatements de travail \u00e0 ses<\/p>","protected":false},"author":1,"featured_media":5292,"comment_status":"open","ping_status":"open","sticky":false,"template":"","format":"standard","meta":{"two_page_speed":[],"footnotes":""},"categories":[66],"tags":[],"class_list":["post-5290","post","type-post","status-publish","format-standard","has-post-thumbnail","hentry","category-denim-knowledge"],"aioseo_notices":[],"_links":{"self":[{"href":"https:\/\/lydenim.com\/fr\/wp-json\/wp\/v2\/posts\/5290","targetHints":{"allow":["GET"]}}],"collection":[{"href":"https:\/\/lydenim.com\/fr\/wp-json\/wp\/v2\/posts"}],"about":[{"href":"https:\/\/lydenim.com\/fr\/wp-json\/wp\/v2\/types\/post"}],"author":[{"embeddable":true,"href":"https:\/\/lydenim.com\/fr\/wp-json\/wp\/v2\/users\/1"}],"replies":[{"embeddable":true,"href":"https:\/\/lydenim.com\/fr\/wp-json\/wp\/v2\/comments?post=5290"}],"version-history":[{"count":4,"href":"https:\/\/lydenim.com\/fr\/wp-json\/wp\/v2\/posts\/5290\/revisions"}],"predecessor-version":[{"id":6328,"href":"https:\/\/lydenim.com\/fr\/wp-json\/wp\/v2\/posts\/5290\/revisions\/6328"}],"wp:featuredmedia":[{"embeddable":true,"href":"https:\/\/lydenim.com\/fr\/wp-json\/wp\/v2\/media\/5292"}],"wp:attachment":[{"href":"https:\/\/lydenim.com\/fr\/wp-json\/wp\/v2\/media?parent=5290"}],"wp:term":[{"taxonomy":"category","embeddable":true,"href":"https:\/\/lydenim.com\/fr\/wp-json\/wp\/v2\/categories?post=5290"},{"taxonomy":"post_tag","embeddable":true,"href":"https:\/\/lydenim.com\/fr\/wp-json\/wp\/v2\/tags?post=5290"}],"curies":[{"name":"wp","href":"https:\/\/api.w.org\/{rel}","templated":true}]}}