{"id":5533,"date":"2025-06-24T12:06:09","date_gmt":"2025-06-24T04:06:09","guid":{"rendered":"https:\/\/lydenim.com\/?p=5533"},"modified":"2025-06-25T01:45:54","modified_gmt":"2025-06-24T17:45:54","slug":"the-evolution-of-jeans-styles","status":"publish","type":"post","link":"https:\/\/lydenim.com\/fr\/levolution-des-styles-de-jeans\/","title":{"rendered":"L&#039;\u00e9volution des styles de jeans"},"content":{"rendered":"<h3 data-start=\"1674\" data-end=\"1908\">Temps de lecture estim\u00e9 : ~ 6 minutes<\/h3>\n<p data-start=\"1674\" data-end=\"1908\">Andy Warhol a exprim\u00e9 son r\u00eave de d\u00e9velopper un v\u00eatement similaire au jean, car il avait acquis une acceptation universelle et intemporelle. Que fallait-il pour que le jean, autrefois pantalon de travail fonctionnel, devienne un basique de mode appr\u00e9ci\u00e9\u00a0? Suivre l&#039;\u00e9volution des coupes de denim au fil des \u00e9poques.<\/p>\n<blockquote data-start=\"1616\" data-end=\"1672\">\n<div id=\"attachment_5535\" style=\"width: 810px\" class=\"wp-caption aligncenter\"><img loading=\"lazy\" decoding=\"async\" aria-describedby=\"caption-attachment-5535\" class=\"wp-image-5535\" src=\"https:\/\/lydenim.com\/wp-content\/uploads\/2025\/06\/Andy-Warhols-work-22Marilyn-Monroe22.jpg\" alt=\"\" width=\"800\" height=\"795\" srcset=\"https:\/\/lydenim.com\/wp-content\/uploads\/2025\/06\/Andy-Warhols-work-22Marilyn-Monroe22.jpg 1080w, https:\/\/lydenim.com\/wp-content\/uploads\/2025\/06\/Andy-Warhols-work-22Marilyn-Monroe22-300x298.jpg 300w, https:\/\/lydenim.com\/wp-content\/uploads\/2025\/06\/Andy-Warhols-work-22Marilyn-Monroe22-1024x1017.jpg 1024w, https:\/\/lydenim.com\/wp-content\/uploads\/2025\/06\/Andy-Warhols-work-22Marilyn-Monroe22-150x149.jpg 150w, https:\/\/lydenim.com\/wp-content\/uploads\/2025\/06\/Andy-Warhols-work-22Marilyn-Monroe22-768x763.jpg 768w, https:\/\/lydenim.com\/wp-content\/uploads\/2025\/06\/Andy-Warhols-work-22Marilyn-Monroe22-12x12.jpg 12w, https:\/\/lydenim.com\/wp-content\/uploads\/2025\/06\/Andy-Warhols-work-22Marilyn-Monroe22-600x596.jpg 600w\" sizes=\"auto, (max-width: 800px) 100vw, 800px\" \/><p id=\"caption-attachment-5535\" class=\"wp-caption-text\">L&#039;\u0153uvre d&#039;Andy Warhol Marilyn Monroe<\/p><\/div>\n<p style=\"text-align: center;\" data-start=\"1618\" data-end=\"1672\">Andy Warhol a d\u00e9clar\u00e9 son d\u00e9sir de mourir en portant son jean bleu. \u2014 Andy Warhol<\/p>\n<\/blockquote>\n<h3 data-start=\"1915\" data-end=\"1978\">1. Les origines du denim remontent aux voiles fran\u00e7aises qui sont finalement devenues un symbole culturel am\u00e9ricain.<\/h3>\n<p data-start=\"1980\" data-end=\"2255\">Le Serge de N\u00eemes, un tissu de voile puissant, apparu en France au XVe si\u00e8cle, fut utilis\u00e9. Lorsque les marchands anglais re\u00e7urent ce tissu, ils le baptis\u00e8rent \u00ab\u00a0Denim\u00a0\u00bb au lieu de \u00ab\u00a0Serge de N\u00eemes\u00a0\u00bb. Ce tissu devint le tissu de pr\u00e9dilection des chercheurs d&#039;or et des ouvriers agricoles am\u00e9ricains, qui invent\u00e8rent alors le terme \u00ab\u00a0Jeans\u00a0\u00bb.<\/p>\n<div id=\"attachment_5537\" style=\"width: 610px\" class=\"wp-caption aligncenter\"><img loading=\"lazy\" decoding=\"async\" aria-describedby=\"caption-attachment-5537\" class=\"wp-image-5537\" src=\"https:\/\/lydenim.com\/wp-content\/uploads\/2025\/06\/DM_20250623201226_003.jpg\" alt=\"\" width=\"600\" height=\"187\" srcset=\"https:\/\/lydenim.com\/wp-content\/uploads\/2025\/06\/DM_20250623201226_003.jpg 579w, https:\/\/lydenim.com\/wp-content\/uploads\/2025\/06\/DM_20250623201226_003-300x93.jpg 300w, https:\/\/lydenim.com\/wp-content\/uploads\/2025\/06\/DM_20250623201226_003-18x6.jpg 18w, https:\/\/lydenim.com\/wp-content\/uploads\/2025\/06\/DM_20250623201226_003-150x47.jpg 150w\" sizes=\"auto, (max-width: 600px) 100vw, 600px\" \/><p id=\"caption-attachment-5537\" class=\"wp-caption-text\">Nim Arena en France<\/p><\/div>\n<h3 data-start=\"2262\" data-end=\"2315\">2. L&#039;Ouest am\u00e9ricain a connu sa premi\u00e8re r\u00e9volution du denim dans les ann\u00e9es 1880 avec le style Mid-Waist Loose Fit pendant l&#039;\u00e9poque de la ru\u00e9e vers l&#039;or.<\/h3>\n<div id=\"attachment_5538\" style=\"width: 610px\" class=\"wp-caption aligncenter\"><img loading=\"lazy\" decoding=\"async\" aria-describedby=\"caption-attachment-5538\" class=\"wp-image-5538\" src=\"https:\/\/lydenim.com\/wp-content\/uploads\/2025\/06\/DM_20250623201226_004.jpg\" alt=\"\" width=\"600\" height=\"385\" srcset=\"https:\/\/lydenim.com\/wp-content\/uploads\/2025\/06\/DM_20250623201226_004.jpg 1080w, https:\/\/lydenim.com\/wp-content\/uploads\/2025\/06\/DM_20250623201226_004-300x193.jpg 300w, https:\/\/lydenim.com\/wp-content\/uploads\/2025\/06\/DM_20250623201226_004-1024x657.jpg 1024w, https:\/\/lydenim.com\/wp-content\/uploads\/2025\/06\/DM_20250623201226_004-768x493.jpg 768w, https:\/\/lydenim.com\/wp-content\/uploads\/2025\/06\/DM_20250623201226_004-18x12.jpg 18w, https:\/\/lydenim.com\/wp-content\/uploads\/2025\/06\/DM_20250623201226_004-600x385.jpg 600w, https:\/\/lydenim.com\/wp-content\/uploads\/2025\/06\/DM_20250623201226_004-150x96.jpg 150w\" sizes=\"auto, (max-width: 600px) 100vw, 600px\" \/><p id=\"caption-attachment-5538\" class=\"wp-caption-text\">Timbres comm\u00e9moratifs \u00ab Ru\u00e9e vers l&#039;or \u00bb<\/p><\/div>\n<p data-start=\"2317\" data-end=\"2496\">Levi Strauss a utilis\u00e9 des toiles invendues pour cr\u00e9er des pantalons de travail r\u00e9sistants destin\u00e9s aux chercheurs d&#039;or. Les premiers jeans authentiques sont apparus apr\u00e8s que Levi Strauss a int\u00e9gr\u00e9 du serg\u00e9 indigo et que Jacob Davis a ajout\u00e9 des rivets de renfort.<\/p>\n<div id=\"attachment_5539\" style=\"width: 610px\" class=\"wp-caption aligncenter\"><img loading=\"lazy\" decoding=\"async\" aria-describedby=\"caption-attachment-5539\" class=\"wp-image-5539\" src=\"https:\/\/lydenim.com\/wp-content\/uploads\/2025\/06\/DM_20250623201226_005.jpg\" alt=\"\" width=\"600\" height=\"922\" srcset=\"https:\/\/lydenim.com\/wp-content\/uploads\/2025\/06\/DM_20250623201226_005.jpg 851w, https:\/\/lydenim.com\/wp-content\/uploads\/2025\/06\/DM_20250623201226_005-195x300.jpg 195w, https:\/\/lydenim.com\/wp-content\/uploads\/2025\/06\/DM_20250623201226_005-666x1024.jpg 666w, https:\/\/lydenim.com\/wp-content\/uploads\/2025\/06\/DM_20250623201226_005-768x1180.jpg 768w, https:\/\/lydenim.com\/wp-content\/uploads\/2025\/06\/DM_20250623201226_005-8x12.jpg 8w, https:\/\/lydenim.com\/wp-content\/uploads\/2025\/06\/DM_20250623201226_005-600x922.jpg 600w, https:\/\/lydenim.com\/wp-content\/uploads\/2025\/06\/DM_20250623201226_005-150x231.jpg 150w\" sizes=\"auto, (max-width: 600px) 100vw, 600px\" \/><p id=\"caption-attachment-5539\" class=\"wp-caption-text\">Levi Strauss, le fondateur de \u00ab Levi&#039;s \u00bb<\/p><\/div>\n<p data-start=\"2498\" data-end=\"2517\"><strong data-start=\"2498\" data-end=\"2517\">Points forts de la coupe :<\/strong><\/p>\n<ul data-start=\"2518\" data-end=\"2619\">\n<li data-start=\"2518\" data-end=\"2545\">\n<p data-start=\"2520\" data-end=\"2545\">Coupe ample avec bretelles<\/p>\n<p><div id=\"attachment_5540\" style=\"width: 610px\" class=\"wp-caption aligncenter\"><img loading=\"lazy\" decoding=\"async\" aria-describedby=\"caption-attachment-5540\" class=\"size-full wp-image-5540\" src=\"https:\/\/lydenim.com\/wp-content\/uploads\/2025\/06\/DM_20250623201226_006.jpg\" alt=\"\" width=\"600\" height=\"337\" srcset=\"https:\/\/lydenim.com\/wp-content\/uploads\/2025\/06\/DM_20250623201226_006.jpg 600w, https:\/\/lydenim.com\/wp-content\/uploads\/2025\/06\/DM_20250623201226_006-300x169.jpg 300w, https:\/\/lydenim.com\/wp-content\/uploads\/2025\/06\/DM_20250623201226_006-18x10.jpg 18w, https:\/\/lydenim.com\/wp-content\/uploads\/2025\/06\/DM_20250623201226_006-150x84.jpg 150w\" sizes=\"auto, (max-width: 600px) 100vw, 600px\" \/><p id=\"caption-attachment-5540\" class=\"wp-caption-text\">Des chercheurs d&#039;or travaillent en jeans<\/p><\/div><\/li>\n<li data-start=\"2546\" data-end=\"2585\">\n<p data-start=\"2548\" data-end=\"2585\">Ceinture r\u00e9glable avec boucle arri\u00e8re<\/p>\n<p><div id=\"attachment_5541\" style=\"width: 610px\" class=\"wp-caption aligncenter\"><img loading=\"lazy\" decoding=\"async\" aria-describedby=\"caption-attachment-5541\" class=\"wp-image-5541\" src=\"https:\/\/lydenim.com\/wp-content\/uploads\/2025\/06\/DM_20250623201226_007.png\" alt=\"\" width=\"600\" height=\"400\" srcset=\"https:\/\/lydenim.com\/wp-content\/uploads\/2025\/06\/DM_20250623201226_007.png 585w, https:\/\/lydenim.com\/wp-content\/uploads\/2025\/06\/DM_20250623201226_007-300x200.png 300w, https:\/\/lydenim.com\/wp-content\/uploads\/2025\/06\/DM_20250623201226_007-18x12.png 18w, https:\/\/lydenim.com\/wp-content\/uploads\/2025\/06\/DM_20250623201226_007-150x100.png 150w\" sizes=\"auto, (max-width: 600px) 100vw, 600px\" \/><p id=\"caption-attachment-5541\" class=\"wp-caption-text\">Les chercheurs d&#039;or qui utilisent des sangles pour fixer leurs pantalons tamisent l&#039;or au bord de la rivi\u00e8re.<\/p><\/div><\/li>\n<li data-start=\"2586\" data-end=\"2619\">\n<p data-start=\"2588\" data-end=\"2619\">La conception droite des jambes permettait aux travailleurs de se d\u00e9placer librement pendant leur travail.<\/p>\n<\/li>\n<\/ul>\n<h3 data-start=\"2626\" data-end=\"2683\">3. Au cours des ann\u00e9es 1930, la coupe Western avec jambes droites est devenue populaire en raison de l&#039;engouement pour les cow-boys.<\/h3>\n<p data-start=\"2685\" data-end=\"2819\">La popularit\u00e9 des westerns \u00e0 Hollywood et l&#039;industrie du tourisme rural ont favoris\u00e9 l&#039;adoption g\u00e9n\u00e9ralis\u00e9e de la mode cowboy. Le jean est devenu un symbole du charme am\u00e9ricain brut.<\/p>\n<p data-start=\"2821\" data-end=\"2840\"><strong data-start=\"2821\" data-end=\"2840\">Points forts de la coupe :<\/strong><\/p>\n<ul data-start=\"2841\" data-end=\"2940\">\n<li data-start=\"2841\" data-end=\"2861\">\n<p data-start=\"2843\" data-end=\"2861\">jambes larges et droites<\/p>\n<\/li>\n<li data-start=\"2862\" data-end=\"2899\">\n<p data-start=\"2864\" data-end=\"2899\">Rivets renforc\u00e9s et poches plaqu\u00e9es<\/p>\n<\/li>\n<li data-start=\"2900\" data-end=\"2940\">\n<p data-start=\"2902\" data-end=\"2940\">La taille haute offrait \u00e0 l&#039;utilisateur \u00e0 la fois des avantages fonctionnels et un attrait tendance.<\/p>\n<p><div id=\"attachment_5543\" style=\"width: 610px\" class=\"wp-caption aligncenter\"><img loading=\"lazy\" decoding=\"async\" aria-describedby=\"caption-attachment-5543\" class=\"wp-image-5543\" src=\"https:\/\/lydenim.com\/wp-content\/uploads\/2025\/06\/DM_20250623201226_009.png\" alt=\"\" width=\"600\" height=\"900\" srcset=\"https:\/\/lydenim.com\/wp-content\/uploads\/2025\/06\/DM_20250623201226_009.png 640w, https:\/\/lydenim.com\/wp-content\/uploads\/2025\/06\/DM_20250623201226_009-200x300.png 200w, https:\/\/lydenim.com\/wp-content\/uploads\/2025\/06\/DM_20250623201226_009-8x12.png 8w, https:\/\/lydenim.com\/wp-content\/uploads\/2025\/06\/DM_20250623201226_009-600x900.png 600w, https:\/\/lydenim.com\/wp-content\/uploads\/2025\/06\/DM_20250623201226_009-150x225.png 150w\" sizes=\"auto, (max-width: 600px) 100vw, 600px\" \/><p id=\"caption-attachment-5543\" class=\"wp-caption-text\">Gary Cooper, d\u00e9cor\u00e9 avec l&#039;image du cow-boy occidental, est tr\u00e8s populaire.<\/p><\/div><\/li>\n<\/ul>\n<h3 data-start=\"2947\" data-end=\"3001\">4. La coupe standard est apparue dans les ann\u00e9es 1940, lorsque le denim utilitaire est devenu le style pr\u00e9dominant en temps de guerre.<\/h3>\n<p data-start=\"3003\" data-end=\"3151\">L&#039;efficacit\u00e9 mat\u00e9rielle est devenue une n\u00e9cessit\u00e9 en temps de guerre, obligeant les fabricants \u00e0 adopter de nouvelles m\u00e9thodes de production. Le jean type M1937 a subi des modifications qui ont abouti \u00e0 des v\u00eatements de travail de qualit\u00e9 militaire, avec la suppression des \u00e9l\u00e9ments m\u00e9talliques et le d\u00e9veloppement d&#039;une coupe plus ample.<\/p>\n<p data-start=\"3153\" data-end=\"3172\"><strong data-start=\"3153\" data-end=\"3172\">Points forts de la coupe :<\/strong><\/p>\n<ul data-start=\"3173\" data-end=\"3264\">\n<li data-start=\"3173\" data-end=\"3204\">\n<p data-start=\"3175\" data-end=\"3204\">Design minimaliste et sans rivets<\/p>\n<\/li>\n<li data-start=\"3205\" data-end=\"3229\">\n<p data-start=\"3207\" data-end=\"3229\">Poches arri\u00e8re surdimensionn\u00e9es<\/p>\n<\/li>\n<li data-start=\"3230\" data-end=\"3264\">\n<p data-start=\"3232\" data-end=\"3264\">Silhouette ample ax\u00e9e sur le confort<\/p>\n<p><div id=\"attachment_5547\" style=\"width: 610px\" class=\"wp-caption aligncenter\"><img loading=\"lazy\" decoding=\"async\" aria-describedby=\"caption-attachment-5547\" class=\"wp-image-5547\" src=\"https:\/\/lydenim.com\/wp-content\/uploads\/2025\/06\/DM_20250623201226_013.jpg\" alt=\"\" width=\"600\" height=\"499\" srcset=\"https:\/\/lydenim.com\/wp-content\/uploads\/2025\/06\/DM_20250623201226_013.jpg 596w, https:\/\/lydenim.com\/wp-content\/uploads\/2025\/06\/DM_20250623201226_013-300x250.jpg 300w, https:\/\/lydenim.com\/wp-content\/uploads\/2025\/06\/DM_20250623201226_013-14x12.jpg 14w, https:\/\/lydenim.com\/wp-content\/uploads\/2025\/06\/DM_20250623201226_013-150x125.jpg 150w\" sizes=\"auto, (max-width: 600px) 100vw, 600px\" \/><p id=\"caption-attachment-5547\" class=\"wp-caption-text\">Le jean Levi&#039;s 501XX, mod\u00e8le 1937, conserve la boucle Paris, annule la boucle de sangle, et le bouton imprim\u00e9 de la marque devient un bouton laurier ou bouton donut imprim\u00e9 du logo de la victoire.<\/p><\/div><\/li>\n<\/ul>\n<h3 data-start=\"3271\" data-end=\"3328\">5. Ann\u00e9es 1950\u00a0: R\u00e9bellion et style \u2013 Le denim devient grand public<\/h3>\n<p data-start=\"3330\" data-end=\"3471\">La popularit\u00e9 du jean aupr\u00e8s des c\u00e9l\u00e9brit\u00e9s am\u00e9ricaines comme James Dean et Marilyn Monroe a popularis\u00e9 le denim aupr\u00e8s du public. \u00c0 cette \u00e9poque, les adolescents l&#039;ont adopt\u00e9 comme symbole officiel de r\u00e9bellion et d&#039;expression individuelle.<\/p>\n<div id=\"attachment_5549\" style=\"width: 610px\" class=\"wp-caption aligncenter\"><img loading=\"lazy\" decoding=\"async\" aria-describedby=\"caption-attachment-5549\" class=\"wp-image-5549\" src=\"https:\/\/lydenim.com\/wp-content\/uploads\/2025\/06\/DM_20250623201226_015.jpg\" alt=\"\" width=\"600\" height=\"878\" srcset=\"https:\/\/lydenim.com\/wp-content\/uploads\/2025\/06\/DM_20250623201226_015.jpg 640w, https:\/\/lydenim.com\/wp-content\/uploads\/2025\/06\/DM_20250623201226_015-205x300.jpg 205w, https:\/\/lydenim.com\/wp-content\/uploads\/2025\/06\/DM_20250623201226_015-8x12.jpg 8w, https:\/\/lydenim.com\/wp-content\/uploads\/2025\/06\/DM_20250623201226_015-600x878.jpg 600w, https:\/\/lydenim.com\/wp-content\/uploads\/2025\/06\/DM_20250623201226_015-150x220.jpg 150w\" sizes=\"auto, (max-width: 600px) 100vw, 600px\" \/><p id=\"caption-attachment-5549\" class=\"wp-caption-text\">James Dean, images de \u00ab\u00a0R\u00e9bellion sans cause\u00a0\u00bb<\/p><\/div>\n<div id=\"attachment_5550\" style=\"width: 610px\" class=\"wp-caption aligncenter\"><img loading=\"lazy\" decoding=\"async\" aria-describedby=\"caption-attachment-5550\" class=\"wp-image-5550\" src=\"https:\/\/lydenim.com\/wp-content\/uploads\/2025\/06\/DM_20250623201226_016.jpg\" alt=\"\" width=\"600\" height=\"810\" srcset=\"https:\/\/lydenim.com\/wp-content\/uploads\/2025\/06\/DM_20250623201226_016.jpg 500w, https:\/\/lydenim.com\/wp-content\/uploads\/2025\/06\/DM_20250623201226_016-222x300.jpg 222w, https:\/\/lydenim.com\/wp-content\/uploads\/2025\/06\/DM_20250623201226_016-9x12.jpg 9w, https:\/\/lydenim.com\/wp-content\/uploads\/2025\/06\/DM_20250623201226_016-150x203.jpg 150w\" sizes=\"auto, (max-width: 600px) 100vw, 600px\" \/><p id=\"caption-attachment-5550\" class=\"wp-caption-text\">Malan Brando<\/p><\/div>\n<div id=\"attachment_5551\" style=\"width: 610px\" class=\"wp-caption aligncenter\"><img loading=\"lazy\" decoding=\"async\" aria-describedby=\"caption-attachment-5551\" class=\"wp-image-5551\" src=\"https:\/\/lydenim.com\/wp-content\/uploads\/2025\/06\/DM_20250623201226_017.jpg\" alt=\"\" width=\"600\" height=\"819\" srcset=\"https:\/\/lydenim.com\/wp-content\/uploads\/2025\/06\/DM_20250623201226_017.jpg 640w, https:\/\/lydenim.com\/wp-content\/uploads\/2025\/06\/DM_20250623201226_017-220x300.jpg 220w, https:\/\/lydenim.com\/wp-content\/uploads\/2025\/06\/DM_20250623201226_017-9x12.jpg 9w, https:\/\/lydenim.com\/wp-content\/uploads\/2025\/06\/DM_20250623201226_017-600x819.jpg 600w, https:\/\/lydenim.com\/wp-content\/uploads\/2025\/06\/DM_20250623201226_017-150x205.jpg 150w\" sizes=\"auto, (max-width: 600px) 100vw, 600px\" \/><p id=\"caption-attachment-5551\" class=\"wp-caption-text\">Marilyn Monroe<\/p><\/div>\n<h3 data-start=\"3478\" data-end=\"3531\">6. Les ann\u00e9es 1960 ont vu l&#039;essor des jeans slim \u00e0 coupe droite, qui sont devenus une tendance de la mode pendant le mouvement hippie.<\/h3>\n<p data-start=\"3533\" data-end=\"3658\">Les jeunes manifestants ont rejet\u00e9 les normes conventionnelles en portant des jeans moulants dans les ann\u00e9es 1960. L&#039;industrie de la mode a lanc\u00e9 des mod\u00e8les slim \u00e0 jambes droites pour promouvoir la libert\u00e9 personnelle et l&#039;expression de soi.<\/p>\n<p data-start=\"3660\" data-end=\"3679\"><strong data-start=\"3660\" data-end=\"3679\">Points forts de la coupe :<\/strong><\/p>\n<ul data-start=\"3680\" data-end=\"3786\">\n<li data-start=\"3680\" data-end=\"3709\">\n<p data-start=\"3682\" data-end=\"3709\">Des lignes \u00e9pur\u00e9es avec une coupe ajust\u00e9e<\/p>\n<\/li>\n<li data-start=\"3710\" data-end=\"3740\">\n<p data-start=\"3712\" data-end=\"3740\">Options de style jusqu&#039;\u00e0 la cheville<\/p>\n<\/li>\n<li data-start=\"3741\" data-end=\"3786\">\n<p data-start=\"3743\" data-end=\"3786\">Le design fonctionnait bien lorsqu&#039;il \u00e9tait associ\u00e9 \u00e0 des bottes ou des baskets.<\/p>\n<p><div id=\"attachment_5552\" style=\"width: 610px\" class=\"wp-caption aligncenter\"><img loading=\"lazy\" decoding=\"async\" aria-describedby=\"caption-attachment-5552\" class=\"wp-image-5552\" src=\"https:\/\/lydenim.com\/wp-content\/uploads\/2025\/06\/DM_20250623201226_018.jpg\" alt=\"\" width=\"600\" height=\"600\" srcset=\"https:\/\/lydenim.com\/wp-content\/uploads\/2025\/06\/DM_20250623201226_018.jpg 1080w, https:\/\/lydenim.com\/wp-content\/uploads\/2025\/06\/DM_20250623201226_018-300x300.jpg 300w, https:\/\/lydenim.com\/wp-content\/uploads\/2025\/06\/DM_20250623201226_018-1024x1024.jpg 1024w, https:\/\/lydenim.com\/wp-content\/uploads\/2025\/06\/DM_20250623201226_018-150x150.jpg 150w, https:\/\/lydenim.com\/wp-content\/uploads\/2025\/06\/DM_20250623201226_018-768x768.jpg 768w, https:\/\/lydenim.com\/wp-content\/uploads\/2025\/06\/DM_20250623201226_018-12x12.jpg 12w, https:\/\/lydenim.com\/wp-content\/uploads\/2025\/06\/DM_20250623201226_018-600x600.jpg 600w\" sizes=\"auto, (max-width: 600px) 100vw, 600px\" \/><p id=\"caption-attachment-5552\" class=\"wp-caption-text\">Les images de \u00ab Ollywood Past \u00bb, le contexte se d\u00e9roule en 1969, au sommet du d\u00e9veloppement des sports hippies, Tu Zuo Brad et Pitt portant des jeans slim droits.<\/p><\/div><\/li>\n<\/ul>\n<h3 data-start=\"3793\" data-end=\"3841\">7. Les ann\u00e9es 1970 ont vu l&#039;essor du Punk Tight Fit qui est devenu une forme raffin\u00e9e de r\u00e9bellion.<\/h3>\n<p data-start=\"3843\" data-end=\"3987\">Les membres de la sous-culture punk portaient des jeans moulants et \u00e9troits qu&#039;ils assortissaient \u00e0 des vestes clout\u00e9es et arboraient des coiffures spectaculaires. Le denim est devenu un embl\u00e8me puissant, symbole de r\u00e9sistance \u00e0 la soci\u00e9t\u00e9 et \u00e0 la rudesse du mode de vie urbain.<\/p>\n<div id=\"attachment_5553\" style=\"width: 610px\" class=\"wp-caption aligncenter\"><img loading=\"lazy\" decoding=\"async\" aria-describedby=\"caption-attachment-5553\" class=\"wp-image-5553\" src=\"https:\/\/lydenim.com\/wp-content\/uploads\/2025\/06\/DM_20250623201226_019.jpg\" alt=\"\" width=\"600\" height=\"860\" srcset=\"https:\/\/lydenim.com\/wp-content\/uploads\/2025\/06\/DM_20250623201226_019.jpg 670w, https:\/\/lydenim.com\/wp-content\/uploads\/2025\/06\/DM_20250623201226_019-209x300.jpg 209w, https:\/\/lydenim.com\/wp-content\/uploads\/2025\/06\/DM_20250623201226_019-8x12.jpg 8w, https:\/\/lydenim.com\/wp-content\/uploads\/2025\/06\/DM_20250623201226_019-600x860.jpg 600w, https:\/\/lydenim.com\/wp-content\/uploads\/2025\/06\/DM_20250623201226_019-150x215.jpg 150w\" sizes=\"auto, (max-width: 600px) 100vw, 600px\" \/><p id=\"caption-attachment-5553\" class=\"wp-caption-text\">\u00c0 cette \u00e9poque, les punks rivetaient leurs jeans, montrant leur esprit rebelle et agressif.<\/p><\/div>\n<h3 data-start=\"3994\" data-end=\"4044\">8. Dans les ann\u00e9es 1980, les jeans skinny ont regagn\u00e9 en popularit\u00e9 gr\u00e2ce \u00e0 l&#039;influence de la mode rock star.<\/h3>\n<p data-start=\"4046\" data-end=\"4189\">Le monde de la mode a adopt\u00e9 le jean skinny comme v\u00eatement incontournable pour se produire sur sc\u00e8ne. L&#039;industrie musicale a utilis\u00e9 le denim pour cr\u00e9er des v\u00eatements expressifs qui mettaient en valeur l&#039;individualit\u00e9 des artistes gr\u00e2ce \u00e0 des couleurs vives et des silhouettes spectaculaires.<\/p>\n<div id=\"attachment_5554\" style=\"width: 610px\" class=\"wp-caption aligncenter\"><img loading=\"lazy\" decoding=\"async\" aria-describedby=\"caption-attachment-5554\" class=\"wp-image-5554\" src=\"https:\/\/lydenim.com\/wp-content\/uploads\/2025\/06\/DM_20250623201226_020.jpg\" alt=\"\" width=\"600\" height=\"774\" srcset=\"https:\/\/lydenim.com\/wp-content\/uploads\/2025\/06\/DM_20250623201226_020.jpg 465w, https:\/\/lydenim.com\/wp-content\/uploads\/2025\/06\/DM_20250623201226_020-233x300.jpg 233w, https:\/\/lydenim.com\/wp-content\/uploads\/2025\/06\/DM_20250623201226_020-9x12.jpg 9w, https:\/\/lydenim.com\/wp-content\/uploads\/2025\/06\/DM_20250623201226_020-150x194.jpg 150w\" sizes=\"auto, (max-width: 600px) 100vw, 600px\" \/><p id=\"caption-attachment-5554\" class=\"wp-caption-text\">La superstar du rock Elvis propose ce pantalon l\u00e9g\u00e8rement ajust\u00e9 avec jambes int\u00e9rieures et l&#039;am\u00e8ne \u00e0 la mode de la rue.<\/p><\/div>\n<h3 data-start=\"4196\" data-end=\"4248\">Conclusion : Le denim comme chronologie de la culture des jeunes<\/h3>\n<p data-start=\"4250\" data-end=\"4436\">Chaque silhouette de denim repr\u00e9sente une p\u00e9riode historique sp\u00e9cifique, passant du pantalon de travail fonctionnel \u00e0 la tenue rebelle, puis aux cr\u00e9ations tendance. Le monde de la mode consid\u00e8re le jean comme un marqueur historique, r\u00e9v\u00e9lant l&#039;expression des diff\u00e9rentes g\u00e9n\u00e9rations.<\/p>\n<h3 data-start=\"3871\" data-end=\"3901\"><strong data-start=\"3875\" data-end=\"3901\">Services de personnalisation<\/strong><\/h3>\n<p data-start=\"3902\" data-end=\"4173\">\ud83d\udce9 <strong data-start=\"3439\" data-end=\"3451\">Contact:<\/strong> <a class=\"cursor-pointer\" rel=\"noopener\" data-start=\"3452\" data-end=\"3470\">malone@lydenim.com<\/a><br data-start=\"3470\" data-end=\"3473\" \/>\ud83c\udf10 <strong data-start=\"3476\" data-end=\"3488\">Site Web Tissu :<\/strong> <a class=\"\" href=\"https:\/\/lydenim.com\/fr\/\" target=\"_new\" rel=\"noopener\" data-start=\"3489\" data-end=\"3504\">www.lydenim.com<\/a><br data-start=\"3504\" data-end=\"3507\" \/>\ud83d\udecd\ufe0f <strong data-start=\"3511\" data-end=\"3531\">D\u00e9couvrez la personnalisation\u00a0:<\/strong> Parcourez les s\u00e9lections et trouvez l&#039;inspiration en mati\u00e8re de design sur<a href=\"http:\/\/liangyuantextile.m.en.alibaba.com\"> MonAlibaba<\/a>.<br data-start=\"3588\" data-end=\"3591\" \/>\ud83c\udfa8 <strong data-start=\"3594\" data-end=\"3641\">Cr\u00e9ez votre chef-d&#039;\u0153uvre en denim avec LYDENIM.<\/strong><\/p>","protected":false},"excerpt":{"rendered":"<p>Temps de lecture estim\u00e9 : ~ 6 minutes Andy Warhol a exprim\u00e9 son r\u00eave de d\u00e9velopper un article similaire aux jeans car ils<\/p>","protected":false},"author":1,"featured_media":5556,"comment_status":"open","ping_status":"open","sticky":false,"template":"","format":"standard","meta":{"two_page_speed":[],"footnotes":""},"categories":[66],"tags":[],"class_list":["post-5533","post","type-post","status-publish","format-standard","has-post-thumbnail","hentry","category-denim-knowledge"],"aioseo_notices":[],"_links":{"self":[{"href":"https:\/\/lydenim.com\/fr\/wp-json\/wp\/v2\/posts\/5533","targetHints":{"allow":["GET"]}}],"collection":[{"href":"https:\/\/lydenim.com\/fr\/wp-json\/wp\/v2\/posts"}],"about":[{"href":"https:\/\/lydenim.com\/fr\/wp-json\/wp\/v2\/types\/post"}],"author":[{"embeddable":true,"href":"https:\/\/lydenim.com\/fr\/wp-json\/wp\/v2\/users\/1"}],"replies":[{"embeddable":true,"href":"https:\/\/lydenim.com\/fr\/wp-json\/wp\/v2\/comments?post=5533"}],"version-history":[{"count":3,"href":"https:\/\/lydenim.com\/fr\/wp-json\/wp\/v2\/posts\/5533\/revisions"}],"predecessor-version":[{"id":5578,"href":"https:\/\/lydenim.com\/fr\/wp-json\/wp\/v2\/posts\/5533\/revisions\/5578"}],"wp:featuredmedia":[{"embeddable":true,"href":"https:\/\/lydenim.com\/fr\/wp-json\/wp\/v2\/media\/5556"}],"wp:attachment":[{"href":"https:\/\/lydenim.com\/fr\/wp-json\/wp\/v2\/media?parent=5533"}],"wp:term":[{"taxonomy":"category","embeddable":true,"href":"https:\/\/lydenim.com\/fr\/wp-json\/wp\/v2\/categories?post=5533"},{"taxonomy":"post_tag","embeddable":true,"href":"https:\/\/lydenim.com\/fr\/wp-json\/wp\/v2\/tags?post=5533"}],"curies":[{"name":"wp","href":"https:\/\/api.w.org\/{rel}","templated":true}]}}