{"id":5594,"date":"2025-06-27T11:55:36","date_gmt":"2025-06-27T03:55:36","guid":{"rendered":"https:\/\/lydenim.com\/?p=5594"},"modified":"2025-08-24T13:40:04","modified_gmt":"2025-08-24T05:40:04","slug":"denim-stretch-material-everything-you-need-to-know","status":"publish","type":"post","link":"https:\/\/lydenim.com\/fr\/matiere-denim-extensible-tout-ce-que-vous-devez-savoir\/","title":{"rendered":"Mati\u00e8re denim extensible\u00a0: tout ce que vous devez savoir"},"content":{"rendered":"<h2 data-pm-slice=\"1 1 []\">Temps de lecture estim\u00e9 : ~3 minutes<\/h2>\n<h2 style=\"text-align: left;\" data-pm-slice=\"1 1 []\">Introduction<\/h2>\n<p dir=\"auto\">Le denim extensible a r\u00e9volutionn\u00e9 le monde du jean, alliant la durabilit\u00e9 classique du denim au confort des fibres \u00e9lastiques. Que vous vous int\u00e9ressiez au denim \u00e9lasthanne ou au denim extensible dans les 4 sens, ce guide r\u00e9pond \u00e0 toutes vos questions gr\u00e2ce \u00e0 des conseils d&#039;experts, des donn\u00e9es et des conseils pratiques.<\/p>\n<div id=\"attachment_4617\" style=\"width: 610px\" class=\"wp-caption aligncenter\"><img loading=\"lazy\" decoding=\"async\" aria-describedby=\"caption-attachment-4617\" class=\"wp-image-4617\" src=\"https:\/\/lydenim.com\/wp-content\/uploads\/2025\/04\/IMG_4827-scaled.jpg\" alt=\"Jean en denim extensible dans les quatre sens\" width=\"600\" height=\"799\" srcset=\"https:\/\/lydenim.com\/wp-content\/uploads\/2025\/04\/IMG_4827-scaled.jpg 1922w, https:\/\/lydenim.com\/wp-content\/uploads\/2025\/04\/IMG_4827-225x300.jpg 225w, https:\/\/lydenim.com\/wp-content\/uploads\/2025\/04\/IMG_4827-769x1024.jpg 769w, https:\/\/lydenim.com\/wp-content\/uploads\/2025\/04\/IMG_4827-768x1023.jpg 768w, https:\/\/lydenim.com\/wp-content\/uploads\/2025\/04\/IMG_4827-1153x1536.jpg 1153w, https:\/\/lydenim.com\/wp-content\/uploads\/2025\/04\/IMG_4827-1537x2048.jpg 1537w, https:\/\/lydenim.com\/wp-content\/uploads\/2025\/04\/IMG_4827-9x12.jpg 9w, https:\/\/lydenim.com\/wp-content\/uploads\/2025\/04\/IMG_4827-600x799.jpg 600w, https:\/\/lydenim.com\/wp-content\/uploads\/2025\/04\/IMG_4827-150x200.jpg 150w\" sizes=\"auto, (max-width: 600px) 100vw, 600px\" \/><p id=\"caption-attachment-4617\" class=\"wp-caption-text\">Jean en denim extensible dans les quatre sens<\/p><\/div>\n<h2 dir=\"auto\"><strong>Comment est fabriqu\u00e9 le tissu denim extensible ?<\/strong><\/h2>\n<p dir=\"auto\">Le denim extensible, \u00e9galement appel\u00e9 tissu denim extensible, est produit en combinant du coton avec des fibres \u00e9lastiques comme l&#039;\u00e9lasthanne ou l&#039;\u00e9lasthanne. G\u00e9n\u00e9ralement, le tissu est compos\u00e9 de 90 \u00e0 991 TP3T de coton et de 1 \u00e0 101 TP3T de fibres \u00e9lastiques, selon le degr\u00e9 d&#039;\u00e9lasticit\u00e9 souhait\u00e9. Pour obtenir un denim extensible, le proc\u00e9d\u00e9 comprend\u00a0:<\/p>\n<ol dir=\"auto\">\n<li><strong>M\u00e9lange<\/strong>:Les fibres de coton sont m\u00e9lang\u00e9es \u00e0 des fibres \u00e9lastiques (par exemple, du spandex 2% pour une \u00e9lasticit\u00e9 moyenne).<img loading=\"lazy\" decoding=\"async\" class=\"size-full wp-image-2052 aligncenter\" src=\"https:\/\/lydenim.com\/wp-content\/uploads\/2024\/12\/\u4e0b\u8f7d-3.jpg\" alt=\"M\u00c9LANGE BIOLOGIQUE\" width=\"280\" height=\"180\" srcset=\"https:\/\/lydenim.com\/wp-content\/uploads\/2024\/12\/\u4e0b\u8f7d-3.jpg 280w, https:\/\/lydenim.com\/wp-content\/uploads\/2024\/12\/\u4e0b\u8f7d-3-150x96.jpg 150w\" sizes=\"auto, (max-width: 280px) 100vw, 280px\" \/><\/li>\n<li><strong>Filature<\/strong>:Le m\u00e9lange est fil\u00e9 en fil.\n<p><div id=\"attachment_4379\" style=\"width: 610px\" class=\"wp-caption aligncenter\"><img loading=\"lazy\" decoding=\"async\" aria-describedby=\"caption-attachment-4379\" class=\"wp-image-4379\" src=\"https:\/\/lydenim.com\/wp-content\/uploads\/2025\/03\/Cotton-fibers-prepped-for-spinning.avif\" alt=\"Fibres de coton pr\u00e9par\u00e9es pour le filage\" width=\"600\" height=\"600\" srcset=\"https:\/\/lydenim.com\/wp-content\/uploads\/2025\/03\/Cotton-fibers-prepped-for-spinning.avif 750w, https:\/\/lydenim.com\/wp-content\/uploads\/2025\/03\/Cotton-fibers-prepped-for-spinning-300x300.avif 300w, https:\/\/lydenim.com\/wp-content\/uploads\/2025\/03\/Cotton-fibers-prepped-for-spinning-150x150.avif 150w, https:\/\/lydenim.com\/wp-content\/uploads\/2025\/03\/Cotton-fibers-prepped-for-spinning-12x12.avif 12w, https:\/\/lydenim.com\/wp-content\/uploads\/2025\/03\/Cotton-fibers-prepped-for-spinning-600x600.avif 600w\" sizes=\"auto, (max-width: 600px) 100vw, 600px\" \/><p id=\"caption-attachment-4379\" class=\"wp-caption-text\">Fibres de coton pr\u00e9par\u00e9es pour le filage<\/p><\/div><\/li>\n<li><strong>Tissage<\/strong>: Un tissage serg\u00e9 int\u00e8gre des fibres \u00e9lastiques dans la trame (fils horizontaux), permettant une extensibilit\u00e9 dans le sens de la largeur. Pour le denim extensible dans les quatre sens, des fibres \u00e9lastiques sont ajout\u00e9es \u00e0 la fois \u00e0 la cha\u00eene et \u00e0 la trame, permettant une extensibilit\u00e9 dans toutes les directions.<img loading=\"lazy\" decoding=\"async\" class=\"aligncenter wp-image-2499\" src=\"https:\/\/lydenim.com\/wp-content\/uploads\/2024\/12\/\u5e8f\u5217-Sequence-01.00_05_31_21.Still032-scaled.jpg\" alt=\"\" width=\"600\" height=\"338\" srcset=\"https:\/\/lydenim.com\/wp-content\/uploads\/2024\/12\/\u5e8f\u5217-Sequence-01.00_05_31_21.Still032-scaled.jpg 2560w, https:\/\/lydenim.com\/wp-content\/uploads\/2024\/12\/\u5e8f\u5217-Sequence-01.00_05_31_21.Still032-scaled-150x84.jpg 150w, https:\/\/lydenim.com\/wp-content\/uploads\/2024\/12\/\u5e8f\u5217-Sequence-01.00_05_31_21.Still032-scaled-600x338.jpg 600w, https:\/\/lydenim.com\/wp-content\/uploads\/2024\/12\/\u5e8f\u5217-Sequence-01.00_05_31_21.Still032-300x169.jpg 300w, https:\/\/lydenim.com\/wp-content\/uploads\/2024\/12\/\u5e8f\u5217-Sequence-01.00_05_31_21.Still032-1024x576.jpg 1024w, https:\/\/lydenim.com\/wp-content\/uploads\/2024\/12\/\u5e8f\u5217-Sequence-01.00_05_31_21.Still032-768x432.jpg 768w, https:\/\/lydenim.com\/wp-content\/uploads\/2024\/12\/\u5e8f\u5217-Sequence-01.00_05_31_21.Still032-1536x864.jpg 1536w, https:\/\/lydenim.com\/wp-content\/uploads\/2024\/12\/\u5e8f\u5217-Sequence-01.00_05_31_21.Still032-2048x1152.jpg 2048w, https:\/\/lydenim.com\/wp-content\/uploads\/2024\/12\/\u5e8f\u5217-Sequence-01.00_05_31_21.Still032-18x10.jpg 18w\" sizes=\"auto, (max-width: 600px) 100vw, 600px\" \/><\/li>\n<li><strong>Finition<\/strong>:La teinture et la finition lui conf\u00e8rent le look denim embl\u00e9matique.<br \/>\nCette m\u00e9thode garantit que le denim extensible conserve l&#039;attrait robuste du denim tout en ajoutant de la flexibilit\u00e9.<\/li>\n<\/ol>\n<h4 dir=\"auto\"><strong>Les jeans extensibles sont-ils moins durables que les jeans traditionnels\u00a0?<\/strong><\/h4>\n<p dir=\"auto\">La durabilit\u00e9 d\u00e9pend de la teneur en \u00e9lasticit\u00e9. Le denim en coton 100% traditionnel est r\u00e9put\u00e9 pour sa long\u00e9vit\u00e9, atteignant souvent 5 \u00e0 10 ans avec un entretien appropri\u00e9. Les jeans extensibles, en revanche, pr\u00e9sentent un compromis. Une \u00e9tude de 2021 r\u00e9alis\u00e9e par <strong>Journal de recherche textile<\/strong> Nous avons constat\u00e9 que le denim avec du spandex 3% perd 20 \u00e0 30% de son \u00e9lasticit\u00e9 apr\u00e8s 50 cycles de lavage \u00e0 40\u00b0C, tandis que le denim en coton 100% conserve sa structure.<\/p>\n<ul dir=\"auto\">\n<li><strong>Faible \u00e9lasticit\u00e9 (1-2%)<\/strong>:Durabilit\u00e9 comparable au denim traditionnel.\n<p><div id=\"attachment_4507\" style=\"width: 610px\" class=\"wp-caption aligncenter\"><img loading=\"lazy\" decoding=\"async\" aria-describedby=\"caption-attachment-4507\" class=\"wp-image-4507\" src=\"https:\/\/lydenim.com\/wp-content\/uploads\/2025\/03\/IMG_6219.jpg\" alt=\"\" width=\"600\" height=\"600\" srcset=\"https:\/\/lydenim.com\/wp-content\/uploads\/2025\/03\/IMG_6219.jpg 2196w, https:\/\/lydenim.com\/wp-content\/uploads\/2025\/03\/IMG_6219-300x300.jpg 300w, https:\/\/lydenim.com\/wp-content\/uploads\/2025\/03\/IMG_6219-1024x1024.jpg 1024w, https:\/\/lydenim.com\/wp-content\/uploads\/2025\/03\/IMG_6219-150x150.jpg 150w, https:\/\/lydenim.com\/wp-content\/uploads\/2025\/03\/IMG_6219-768x768.jpg 768w, https:\/\/lydenim.com\/wp-content\/uploads\/2025\/03\/IMG_6219-1536x1536.jpg 1536w, https:\/\/lydenim.com\/wp-content\/uploads\/2025\/03\/IMG_6219-2048x2048.jpg 2048w, https:\/\/lydenim.com\/wp-content\/uploads\/2025\/03\/IMG_6219-12x12.jpg 12w, https:\/\/lydenim.com\/wp-content\/uploads\/2025\/03\/IMG_6219-600x600.jpg 600w\" sizes=\"auto, (max-width: 600px) 100vw, 600px\" \/><p id=\"caption-attachment-4507\" class=\"wp-caption-text\">lisi\u00e8re \u00e0 faible \u00e9lasticit\u00e9<\/p><\/div><\/li>\n<li><strong>Haute \u00e9lasticit\u00e9 (3-5%)<\/strong>:Plus sujet \u00e0 l&#039;usure, surtout en cas d&#039;exposition \u00e0 la chaleur.<br \/>\nL&#039;expert en mode Nick Wooster note : \u00ab Le denim extensible privil\u00e9gie le confort \u00e0 la long\u00e9vit\u00e9, mais le lavage \u00e0 froid peut doubler sa dur\u00e9e de vie \u00bb.<img loading=\"lazy\" decoding=\"async\" class=\"aligncenter wp-image-2890\" src=\"https:\/\/lydenim.com\/wp-content\/uploads\/2025\/01\/DSC08102-scaled.jpg\" alt=\"\" width=\"600\" height=\"600\" srcset=\"https:\/\/lydenim.com\/wp-content\/uploads\/2025\/01\/DSC08102-scaled.jpg 2560w, https:\/\/lydenim.com\/wp-content\/uploads\/2025\/01\/DSC08102-300x300.jpg 300w, https:\/\/lydenim.com\/wp-content\/uploads\/2025\/01\/DSC08102-150x150.jpg 150w, https:\/\/lydenim.com\/wp-content\/uploads\/2025\/01\/DSC08102-scaled-600x600.jpg 600w, https:\/\/lydenim.com\/wp-content\/uploads\/2025\/01\/DSC08102-1024x1024.jpg 1024w, https:\/\/lydenim.com\/wp-content\/uploads\/2025\/01\/DSC08102-768x768.jpg 768w, https:\/\/lydenim.com\/wp-content\/uploads\/2025\/01\/DSC08102-1536x1536.jpg 1536w, https:\/\/lydenim.com\/wp-content\/uploads\/2025\/01\/DSC08102-2048x2048.jpg 2048w, https:\/\/lydenim.com\/wp-content\/uploads\/2025\/01\/DSC08102-12x12.jpg 12w\" sizes=\"auto, (max-width: 600px) 100vw, 600px\" \/><\/li>\n<\/ul>\n<h2 dir=\"auto\"><strong>Le spandex est-il le meilleur tissu extensible\u00a0?<\/strong><\/h2>\n<p dir=\"auto\">Le spandex, synonyme d&#039;\u00e9lasthanne ou de lycra, domine le tissu spandex denim en raison de sa capacit\u00e9 d&#039;\u00e9tirement 500% et de son excellente r\u00e9cup\u00e9ration, par <strong>DuPont<\/strong>, le d\u00e9veloppeur original de Lycra. Comparaison avec les alternatives\u00a0:<\/p>\n<ul dir=\"auto\">\n<li><strong>Spandex<\/strong>:Id\u00e9al pour les jeans ajust\u00e9s, avec maintien de la forme 95% apr\u00e8s \u00e9tirement.<\/li>\n<li><strong>Polyester<\/strong>: Plus durable mais s&#039;\u00e9tire uniquement 20-30%.<\/li>\n<li><strong>Polyur\u00e9thane<\/strong>: Tr\u00e8s extensible mais moins respirant.<br \/>\nPour le tissu denim extensible dans les 4 sens, le spandex reste la r\u00e9f\u00e9rence absolue, bien que des m\u00e9langes avec du polyester \u00e9mergent pour des applications ax\u00e9es sur la durabilit\u00e9, explique la designer textile Jane Mills.<\/p>\n<p><div id=\"attachment_5604\" style=\"width: 610px\" class=\"wp-caption aligncenter\"><img loading=\"lazy\" decoding=\"async\" aria-describedby=\"caption-attachment-5604\" class=\"wp-image-5604\" src=\"https:\/\/lydenim.com\/wp-content\/uploads\/2025\/06\/DM_20250626203910_001.jpg\" alt=\"\" width=\"600\" height=\"600\" srcset=\"https:\/\/lydenim.com\/wp-content\/uploads\/2025\/06\/DM_20250626203910_001.jpg 500w, https:\/\/lydenim.com\/wp-content\/uploads\/2025\/06\/DM_20250626203910_001-300x300.jpg 300w, https:\/\/lydenim.com\/wp-content\/uploads\/2025\/06\/DM_20250626203910_001-150x150.jpg 150w, https:\/\/lydenim.com\/wp-content\/uploads\/2025\/06\/DM_20250626203910_001-12x12.jpg 12w\" sizes=\"auto, (max-width: 600px) 100vw, 600px\" \/><p id=\"caption-attachment-5604\" class=\"wp-caption-text\">Fil Spandex<\/p><\/div><\/li>\n<\/ul>\n<h2 dir=\"auto\"><strong>Les jeans en coton 100% sont-ils extensibles ?<\/strong><\/h2>\n<p dir=\"auto\">Oui, mais de fa\u00e7on minimale. La souplesse naturelle du coton et le tissage serg\u00e9 du denim permettent une extensibilit\u00e9 5-10% en biais, selon <strong>Le Blog Jeans<\/strong>Contrairement au denim extensible, il ne reprend pas sa forme \u00e9lastique. Avec le temps (3 \u00e0 6 mois d&#039;utilisation), le jean en coton 100% \u00e9pouse les formes du corps, mais ne reprend pas sa forme initiale, contrairement \u00e0 ses homologues extensibles.<img loading=\"lazy\" decoding=\"async\" class=\"aligncenter wp-image-4829\" src=\"https:\/\/lydenim.com\/wp-content\/uploads\/2025\/04\/100-Cotton-Denim.jpg\" alt=\"\" width=\"600\" height=\"703\" srcset=\"https:\/\/lydenim.com\/wp-content\/uploads\/2025\/04\/100-Cotton-Denim.jpg 1242w, https:\/\/lydenim.com\/wp-content\/uploads\/2025\/04\/100-Cotton-Denim-256x300.jpg 256w, https:\/\/lydenim.com\/wp-content\/uploads\/2025\/04\/100-Cotton-Denim-873x1024.jpg 873w, https:\/\/lydenim.com\/wp-content\/uploads\/2025\/04\/100-Cotton-Denim-768x900.jpg 768w, https:\/\/lydenim.com\/wp-content\/uploads\/2025\/04\/100-Cotton-Denim-10x12.jpg 10w, https:\/\/lydenim.com\/wp-content\/uploads\/2025\/04\/100-Cotton-Denim-600x703.jpg 600w, https:\/\/lydenim.com\/wp-content\/uploads\/2025\/04\/100-Cotton-Denim-150x176.jpg 150w\" sizes=\"auto, (max-width: 600px) 100vw, 600px\" \/><\/p>\n<h2 dir=\"auto\"><strong>Que signifie \u00ab jeans extensibles \u00bb ?<\/strong><\/h2>\n<p dir=\"auto\">Les jeans stretch sont fabriqu\u00e9s \u00e0 partir d&#039;une mati\u00e8re denim extensible contenant des fibres \u00e9lastiques 1-5%. Ils offrent une coupe ajust\u00e9e et un confort accru, parfaits pour un style de vie actif ou des coupes ajust\u00e9es.<img loading=\"lazy\" decoding=\"async\" class=\"aligncenter wp-image-4822\" src=\"https:\/\/lydenim.com\/wp-content\/uploads\/2025\/04\/Cotton-Polyester-25-Polyester-5-Spandex.jpg\" alt=\"\" width=\"600\" height=\"695\" srcset=\"https:\/\/lydenim.com\/wp-content\/uploads\/2025\/04\/Cotton-Polyester-25-Polyester-5-Spandex.jpg 1242w, https:\/\/lydenim.com\/wp-content\/uploads\/2025\/04\/Cotton-Polyester-25-Polyester-5-Spandex-259x300.jpg 259w, https:\/\/lydenim.com\/wp-content\/uploads\/2025\/04\/Cotton-Polyester-25-Polyester-5-Spandex-884x1024.jpg 884w, https:\/\/lydenim.com\/wp-content\/uploads\/2025\/04\/Cotton-Polyester-25-Polyester-5-Spandex-768x890.jpg 768w, https:\/\/lydenim.com\/wp-content\/uploads\/2025\/04\/Cotton-Polyester-25-Polyester-5-Spandex-10x12.jpg 10w, https:\/\/lydenim.com\/wp-content\/uploads\/2025\/04\/Cotton-Polyester-25-Polyester-5-Spandex-600x695.jpg 600w, https:\/\/lydenim.com\/wp-content\/uploads\/2025\/04\/Cotton-Polyester-25-Polyester-5-Spandex-150x174.jpg 150w\" sizes=\"auto, (max-width: 600px) 100vw, 600px\" \/><\/p>\n<h2 dir=\"auto\"><strong>Pourquoi les jeans serr\u00e9s s\u2019\u00e9tirent-ils ?<\/strong><\/h2>\n<p dir=\"auto\">Les jeans moulants s&#039;\u00e9tirent gr\u00e2ce \u00e0 des fibres \u00e9lastiques comme l&#039;\u00e9lasthanne, qui se dilatent jusqu&#039;\u00e0 cinq fois leur longueur et reprennent leur forme une fois rel\u00e2ch\u00e9s. Cela garantit un ajustement parfait sans restreindre les mouvements, comme l&#039;explique Sarah Ahmed, experte en denim.<\/p>\n<h2 dir=\"auto\"><strong>Les jeans doivent-ils \u00eatre port\u00e9s serr\u00e9s au d\u00e9but ?<\/strong><\/h2>\n<ul dir=\"auto\">\n<li><strong>Jeans extensibles<\/strong>: Achetez une coupe confortable. Une paire de spandex 2% s&#039;\u00e9tire de 10 \u00e0 15% avec l&#039;usure, par <strong>ABC News<\/strong> \u00e9tudes de dimensionnement.<\/li>\n<li><strong>Jean en coton 100%<\/strong>: Optez pour un ajustement serr\u00e9, car ils se desserrent de 1 \u00e0 2 pouces au fil du temps.<br \/>\nLe blogueur denim John Baxter conseille : \u00ab Avec le denim extensible, ne prenez pas une taille en dessous, faites confiance au tissu pour s&#039;adapter. \u00bb<\/li>\n<\/ul>\n<h2 dir=\"auto\"><strong>Sc\u00e9narios d&#039;utilisation<\/strong><\/h2>\n<ul dir=\"auto\">\n<li><strong>V\u00eatements d\u00e9contract\u00e9s<\/strong>: : Jean extensible 1-2% pour plus de durabilit\u00e9 et de facilit\u00e9.<\/li>\n<li><strong>Journ\u00e9es actives<\/strong>: Denim extensible dans les 4 sens pour une flexibilit\u00e9 maximale (par exemple, pour le v\u00e9lo ou la randonn\u00e9e).<\/li>\n<li><strong>D\u00e9clarations de mode<\/strong>:Jean moulant tr\u00e8s extensible pour un look audacieux et ajust\u00e9.<img loading=\"lazy\" decoding=\"async\" class=\"aligncenter wp-image-2091\" src=\"https:\/\/lydenim.com\/wp-content\/uploads\/2024\/12\/\u4e0b\u8f7d-6.jpg\" alt=\"Jeans pour dames\" width=\"600\" height=\"400\" srcset=\"https:\/\/lydenim.com\/wp-content\/uploads\/2024\/12\/\u4e0b\u8f7d-6.jpg 1000w, https:\/\/lydenim.com\/wp-content\/uploads\/2024\/12\/\u4e0b\u8f7d-6-150x100.jpg 150w, https:\/\/lydenim.com\/wp-content\/uploads\/2024\/12\/\u4e0b\u8f7d-6-600x400.jpg 600w, https:\/\/lydenim.com\/wp-content\/uploads\/2024\/12\/\u4e0b\u8f7d-6-300x200.jpg 300w, https:\/\/lydenim.com\/wp-content\/uploads\/2024\/12\/\u4e0b\u8f7d-6-768x512.jpg 768w\" sizes=\"auto, (max-width: 600px) 100vw, 600px\" \/><\/li>\n<\/ul>\n<h2 dir=\"auto\"><strong>Conclusion<\/strong><\/h2>\n<p dir=\"auto\">Le denim extensible allie tradition et innovation, offrant confort et style. Que vous optiez pour un denim \u00e9lasthanne ou un denim extensible 4 directions, comprendre sa fabrication et son entretien vous permettra de tirer le meilleur parti de votre jean. Partagez votre exp\u00e9rience avec le denim extensible ci-dessous\u00a0!<\/p>\n<h2 dir=\"auto\">Services de personnalisation par LYDENIM<\/h2>\n<p dir=\"auto\">\ud83c\udfa8 Vouloir <strong>tissus denim personnalis\u00e9s<\/strong> ou\u00a0 <strong>unique<\/strong> <strong>v\u00eatement en denim personnalis\u00e9<\/strong>? LYDENIM est sp\u00e9cialis\u00e9 dans les solutions sur mesure pour r\u00e9pondre \u00e0 vos besoins de conception et de production.<\/p>\n<p dir=\"auto\">\ud83d\udecd\ufe0f <strong>Explorez et inspirez-vous<\/strong>: Parcourez nos s\u00e9lections de tissus et d\u00e9couvrez des id\u00e9es de design sur <a href=\"https:\/\/lydenim.com\/fr\/\" target=\"_blank\" rel=\"noopener noreferrer nofollow\">LYDenim<\/a>.<\/p>\n<p dir=\"auto\">\ud83c\udf10 <strong>V\u00eatements \u00e9lastiques<\/strong>:D\u00e9couvrez nos offres sur <a href=\"http:\/\/liangyuantextile.m.en.alibaba.com\" target=\"_blank\" rel=\"noopener noreferrer nofollow\">MonAlibaba<\/a>. \ud83d\udce9 <strong>Contactez-nous<\/strong>: Contactez-nous \u00e0 <a href=\"mailto:malone@lydenim.com\" target=\"_blank\" rel=\"noopener noreferrer nofollow\">malone@lydenim.com<\/a>.<\/p>\n<p dir=\"auto\">Cr\u00e9ez votre chef-d&#039;\u0153uvre en denim avec LYDENIM, votre partenaire de confiance pour <strong>tissu extensible<\/strong> et <strong>solutions denim personnalis\u00e9es<\/strong>.<\/p>","protected":false},"excerpt":{"rendered":"<p>Temps de lecture estim\u00e9 : ~3 minutes Introduction Le denim extensible a r\u00e9volutionn\u00e9 le monde du jean, alliant la durabilit\u00e9 classique du denim<\/p>","protected":false},"author":1,"featured_media":5605,"comment_status":"open","ping_status":"open","sticky":false,"template":"","format":"standard","meta":{"two_page_speed":[],"footnotes":""},"categories":[66],"tags":[],"class_list":["post-5594","post","type-post","status-publish","format-standard","has-post-thumbnail","hentry","category-denim-knowledge"],"aioseo_notices":[],"_links":{"self":[{"href":"https:\/\/lydenim.com\/fr\/wp-json\/wp\/v2\/posts\/5594","targetHints":{"allow":["GET"]}}],"collection":[{"href":"https:\/\/lydenim.com\/fr\/wp-json\/wp\/v2\/posts"}],"about":[{"href":"https:\/\/lydenim.com\/fr\/wp-json\/wp\/v2\/types\/post"}],"author":[{"embeddable":true,"href":"https:\/\/lydenim.com\/fr\/wp-json\/wp\/v2\/users\/1"}],"replies":[{"embeddable":true,"href":"https:\/\/lydenim.com\/fr\/wp-json\/wp\/v2\/comments?post=5594"}],"version-history":[{"count":4,"href":"https:\/\/lydenim.com\/fr\/wp-json\/wp\/v2\/posts\/5594\/revisions"}],"predecessor-version":[{"id":6361,"href":"https:\/\/lydenim.com\/fr\/wp-json\/wp\/v2\/posts\/5594\/revisions\/6361"}],"wp:featuredmedia":[{"embeddable":true,"href":"https:\/\/lydenim.com\/fr\/wp-json\/wp\/v2\/media\/5605"}],"wp:attachment":[{"href":"https:\/\/lydenim.com\/fr\/wp-json\/wp\/v2\/media?parent=5594"}],"wp:term":[{"taxonomy":"category","embeddable":true,"href":"https:\/\/lydenim.com\/fr\/wp-json\/wp\/v2\/categories?post=5594"},{"taxonomy":"post_tag","embeddable":true,"href":"https:\/\/lydenim.com\/fr\/wp-json\/wp\/v2\/tags?post=5594"}],"curies":[{"name":"wp","href":"https:\/\/api.w.org\/{rel}","templated":true}]}}