{"id":5611,"date":"2025-06-29T12:50:56","date_gmt":"2025-06-29T04:50:56","guid":{"rendered":"https:\/\/lydenim.com\/?p=5611"},"modified":"2025-08-24T13:41:48","modified_gmt":"2025-08-24T05:41:48","slug":"light-colored-jeans","status":"publish","type":"post","link":"https:\/\/lydenim.com\/fr\/jeans-de-couleur-claire\/","title":{"rendered":"Jeans clairs\u00a0: tendances mode 2025, conseils de style et potentiel du march\u00e9"},"content":{"rendered":"<h2 data-pm-slice=\"1 1 []\">Temps de lecture estim\u00e9 : ~4 minutes<\/h2>\n<h2 style=\"text-align: left;\" data-pm-slice=\"1 1 []\">Introduction<\/h2>\n<p>Les jeans clairs reviennent en force dans le monde de la mode en 2025. Du denim blanc classique aux d\u00e9lavages bleu clair doux, ces pi\u00e8ces polyvalentes red\u00e9finissent le style d\u00e9contract\u00e9. Cet article explore les raisons pour lesquelles les jeans clairs sont incontournables, leurs avantages et leurs inconv\u00e9nients, des conseils de style, le potentiel commercial et des conseils sp\u00e9cifiques d&#039;experts et de communaut\u00e9s, offrant ainsi un guide complet aux lecteurs.<\/p>\n<h2>Pourquoi les jeans clairs sont tendance en 2025<\/h2>\n<p>Les jeans de couleur claire devraient dominer le march\u00e9 du denim en 2025 pour les raisons suivantes :<\/p>\n<ul>\n<li><strong>Versatilit\u00e9<\/strong>:Ils s&#039;associent \u00e0 des vestes, des t-shirts ou des chemises, adapt\u00e9s \u00e0 diverses occasions, du d\u00e9contract\u00e9 au semi-formel.\n<p><div id=\"attachment_5625\" style=\"width: 610px\" class=\"wp-caption aligncenter\"><img loading=\"lazy\" decoding=\"async\" aria-describedby=\"caption-attachment-5625\" class=\"wp-image-5625\" src=\"https:\/\/lydenim.com\/wp-content\/uploads\/2025\/06\/Light-Colored-Jeans.jpg\" alt=\"\" width=\"600\" height=\"800\" srcset=\"https:\/\/lydenim.com\/wp-content\/uploads\/2025\/06\/Light-Colored-Jeans.jpg 736w, https:\/\/lydenim.com\/wp-content\/uploads\/2025\/06\/Light-Colored-Jeans-225x300.jpg 225w, https:\/\/lydenim.com\/wp-content\/uploads\/2025\/06\/Light-Colored-Jeans-9x12.jpg 9w, https:\/\/lydenim.com\/wp-content\/uploads\/2025\/06\/Light-Colored-Jeans-600x800.jpg 600w, https:\/\/lydenim.com\/wp-content\/uploads\/2025\/06\/Light-Colored-Jeans-150x200.jpg 150w\" sizes=\"auto, (max-width: 600px) 100vw, 600px\" \/><p id=\"caption-attachment-5625\" class=\"wp-caption-text\">Jeans de couleur claire<\/p><\/div><\/li>\n<li><strong>Attrait saisonnier<\/strong>:Les couleurs claires refl\u00e8tent la lumi\u00e8re du soleil, ce qui les rend id\u00e9ales pour les v\u00eatements de printemps et d&#039;\u00e9t\u00e9.<img loading=\"lazy\" decoding=\"async\" class=\"aligncenter wp-image-5622\" src=\"https:\/\/lydenim.com\/wp-content\/uploads\/2025\/06\/\u6625\u590f\u7a7f.jpg\" alt=\"\" width=\"600\" height=\"1097\" srcset=\"https:\/\/lydenim.com\/wp-content\/uploads\/2025\/06\/\u6625\u590f\u7a7f.jpg 736w, https:\/\/lydenim.com\/wp-content\/uploads\/2025\/06\/\u6625\u590f\u7a7f-164x300.jpg 164w, https:\/\/lydenim.com\/wp-content\/uploads\/2025\/06\/\u6625\u590f\u7a7f-560x1024.jpg 560w, https:\/\/lydenim.com\/wp-content\/uploads\/2025\/06\/\u6625\u590f\u7a7f-7x12.jpg 7w, https:\/\/lydenim.com\/wp-content\/uploads\/2025\/06\/\u6625\u590f\u7a7f-600x1097.jpg 600w, https:\/\/lydenim.com\/wp-content\/uploads\/2025\/06\/\u6625\u590f\u7a7f-150x274.jpg 150w\" sizes=\"auto, (max-width: 600px) 100vw, 600px\" \/><\/li>\n<li><strong>Style intemporel<\/strong>:Leur nature classique garantit qu&#039;ils restent un incontournable de la garde-robe.<\/li>\n<li><strong>Influence des c\u00e9l\u00e9brit\u00e9s<\/strong>:Des c\u00e9l\u00e9brit\u00e9s comme Nicole Kidman et Katie Holmes portent fr\u00e9quemment des jeans de couleur claire, renfor\u00e7ant ainsi leur statut de mode.\n<p><div id=\"attachment_5628\" style=\"width: 610px\" class=\"wp-caption aligncenter\"><img loading=\"lazy\" decoding=\"async\" aria-describedby=\"caption-attachment-5628\" class=\"wp-image-5628\" src=\"https:\/\/lydenim.com\/wp-content\/uploads\/2025\/06\/Nicole-Kidman-with-Light-colored-jeans.jpg\" alt=\"\" width=\"600\" height=\"1066\" srcset=\"https:\/\/lydenim.com\/wp-content\/uploads\/2025\/06\/Nicole-Kidman-with-Light-colored-jeans.jpg 736w, https:\/\/lydenim.com\/wp-content\/uploads\/2025\/06\/Nicole-Kidman-with-Light-colored-jeans-169x300.jpg 169w, https:\/\/lydenim.com\/wp-content\/uploads\/2025\/06\/Nicole-Kidman-with-Light-colored-jeans-576x1024.jpg 576w, https:\/\/lydenim.com\/wp-content\/uploads\/2025\/06\/Nicole-Kidman-with-Light-colored-jeans-7x12.jpg 7w, https:\/\/lydenim.com\/wp-content\/uploads\/2025\/06\/Nicole-Kidman-with-Light-colored-jeans-600x1066.jpg 600w, https:\/\/lydenim.com\/wp-content\/uploads\/2025\/06\/Nicole-Kidman-with-Light-colored-jeans-150x267.jpg 150w\" sizes=\"auto, (max-width: 600px) 100vw, 600px\" \/><p id=\"caption-attachment-5628\" class=\"wp-caption-text\">Nicole Kidman avec un jean clair<\/p><\/div><\/li>\n<li><strong>Support de donn\u00e9es<\/strong>:Google Trends montre une augmentation significative des recherches de jeans blancs et de jeans amples de couleur claire pour le printemps\/\u00e9t\u00e9 2025, indiquant un fort attrait du march\u00e9.<\/li>\n<\/ul>\n<h2>Avantages des jeans de couleur claire<\/h2>\n<p>Les jeans de couleur claire sont appr\u00e9ci\u00e9s pour leurs qualit\u00e9s uniques :<\/p>\n<ul>\n<li><strong>\u00c9l\u00e9gance d\u00e9contract\u00e9e<\/strong>:Ils offrent un look d\u00e9contract\u00e9 mais raffin\u00e9, id\u00e9al pour divers contextes d\u00e9contract\u00e9s.<\/li>\n<li><strong>Facile \u00e0 coiffer<\/strong>:Ils compl\u00e8tent une large gamme de couleurs et de motifs, offrant des possibilit\u00e9s de tenues infinies.<\/li>\n<li><strong>Confort<\/strong>:Souvent fabriqu\u00e9 avec du denim plus doux et respirant, parfait pour \u00eatre port\u00e9 toute la journ\u00e9e.<\/li>\n<li><strong>Ambiance jeune<\/strong>:Les couleurs claires donnent une apparence fra\u00eeche et vibrante.<\/li>\n<li><strong>Avant-gardiste<\/strong>:Les d\u00e9fil\u00e9s printemps\/\u00e9t\u00e9 2025 mettent en avant les jeans de couleur claire, soulignant leur attrait moderne.<img loading=\"lazy\" decoding=\"async\" class=\"aligncenter wp-image-5626\" src=\"https:\/\/lydenim.com\/wp-content\/uploads\/2025\/06\/Light-colored-jeansElegant-Elegant-.jpg\" alt=\"\" width=\"600\" height=\"801\" srcset=\"https:\/\/lydenim.com\/wp-content\/uploads\/2025\/06\/Light-colored-jeansElegant-Elegant-.jpg 730w, https:\/\/lydenim.com\/wp-content\/uploads\/2025\/06\/Light-colored-jeansElegant-Elegant--225x300.jpg 225w, https:\/\/lydenim.com\/wp-content\/uploads\/2025\/06\/Light-colored-jeansElegant-Elegant--9x12.jpg 9w, https:\/\/lydenim.com\/wp-content\/uploads\/2025\/06\/Light-colored-jeansElegant-Elegant--600x801.jpg 600w, https:\/\/lydenim.com\/wp-content\/uploads\/2025\/06\/Light-colored-jeansElegant-Elegant--150x200.jpg 150w\" sizes=\"auto, (max-width: 600px) 100vw, 600px\" \/><\/li>\n<\/ul>\n<h2>Inconv\u00e9nients des jeans de couleur claire<\/h2>\n<p>Malgr\u00e9 leurs avantages, les jeans de couleur claire pr\u00e9sentent certaines limites :<\/p>\n<ul>\n<li><strong>Sujet aux taches<\/strong>:Ils montrent des taches plus facilement que les jeans plus fonc\u00e9s, n\u00e9cessitant un nettoyage fr\u00e9quent.<\/li>\n<li><strong>Usage formel limit\u00e9<\/strong>:Ne convient pas aux r\u00e9unions d&#039;affaires ou aux \u00e9v\u00e9nements formels, o\u00f9 les jeans plus fonc\u00e9s sont plus professionnels.<\/li>\n<li><strong>Risque de disparition<\/strong>: Des lavages r\u00e9p\u00e9t\u00e9s peuvent entra\u00eener une d\u00e9coloration et affecter l&#039;apparence.<\/li>\n<li><strong>Consid\u00e9rations sur la forme du corps<\/strong>:Les couleurs claires peuvent accentuer les courbes du corps, ce qui peut ne pas convenir \u00e0 tous les types de corps.<img loading=\"lazy\" decoding=\"async\" class=\"aligncenter wp-image-5629\" src=\"https:\/\/lydenim.com\/wp-content\/uploads\/2025\/06\/2934349b033b5bb5a9e54aade0251436b700bcbd.webp\" alt=\"\" width=\"600\" height=\"393\" srcset=\"https:\/\/lydenim.com\/wp-content\/uploads\/2025\/06\/2934349b033b5bb5a9e54aade0251436b700bcbd.webp 592w, https:\/\/lydenim.com\/wp-content\/uploads\/2025\/06\/2934349b033b5bb5a9e54aade0251436b700bcbd-300x197.webp 300w, https:\/\/lydenim.com\/wp-content\/uploads\/2025\/06\/2934349b033b5bb5a9e54aade0251436b700bcbd-18x12.webp 18w, https:\/\/lydenim.com\/wp-content\/uploads\/2025\/06\/2934349b033b5bb5a9e54aade0251436b700bcbd-150x98.webp 150w\" sizes=\"auto, (max-width: 600px) 100vw, 600px\" \/><\/li>\n<\/ul>\n<h2>Conseils de style<\/h2>\n<p>La polyvalence des jeans clairs les rend adapt\u00e9s \u00e0 de nombreuses situations. Voici quelques suggestions\u00a0:<\/p>\n<ul>\n<li><strong>Sorties d\u00e9contract\u00e9es<\/strong>: Associez-le \u00e0 un t-shirt graphique et des baskets blanches pour faire du shopping ou pour des rencontres.<\/li>\n<li><strong>\u00c9v\u00e9nements d&#039;\u00e9t\u00e9<\/strong>:\u00c0 combiner avec un crop top et des sandales pour les f\u00eates sur la plage ou les pique-niques.<\/li>\n<li><strong>Lieux de travail cr\u00e9atifs<\/strong>:Portez-le avec une chemise rentr\u00e9e et des mocassins pour un environnement de bureau d\u00e9contract\u00e9.<\/li>\n<li><strong>Looks de soir\u00e9e<\/strong>: Associez-le \u00e0 un chemisier en soie et \u00e0 des talons pour une soir\u00e9e.<\/li>\n<li><strong>Mode audacieuse<\/strong>:Ajoutez des accessoires surdimensionn\u00e9s comme un grand sac fourre-tout ou des lunettes de soleil color\u00e9es pour un look remarquable.\n<p><div id=\"attachment_5623\" style=\"width: 610px\" class=\"wp-caption aligncenter\"><img loading=\"lazy\" decoding=\"async\" aria-describedby=\"caption-attachment-5623\" class=\"wp-image-5623\" src=\"https:\/\/lydenim.com\/wp-content\/uploads\/2025\/06\/IMG_6802-scaled.jpg\" alt=\"\" width=\"600\" height=\"337\" srcset=\"https:\/\/lydenim.com\/wp-content\/uploads\/2025\/06\/IMG_6802-scaled.jpg 2560w, https:\/\/lydenim.com\/wp-content\/uploads\/2025\/06\/IMG_6802-300x168.jpg 300w, https:\/\/lydenim.com\/wp-content\/uploads\/2025\/06\/IMG_6802-1024x575.jpg 1024w, https:\/\/lydenim.com\/wp-content\/uploads\/2025\/06\/IMG_6802-768x431.jpg 768w, https:\/\/lydenim.com\/wp-content\/uploads\/2025\/06\/IMG_6802-1536x863.jpg 1536w, https:\/\/lydenim.com\/wp-content\/uploads\/2025\/06\/IMG_6802-2048x1150.jpg 2048w, https:\/\/lydenim.com\/wp-content\/uploads\/2025\/06\/IMG_6802-18x10.jpg 18w, https:\/\/lydenim.com\/wp-content\/uploads\/2025\/06\/IMG_6802-600x337.jpg 600w, https:\/\/lydenim.com\/wp-content\/uploads\/2025\/06\/IMG_6802-150x84.jpg 150w\" sizes=\"auto, (max-width: 600px) 100vw, 600px\" \/><p id=\"caption-attachment-5623\" class=\"wp-caption-text\">Conseils de style pour les jeans de couleur claire<\/p><\/div><\/li>\n<\/ul>\n<h2>Perspectives d&#039;experts et de la communaut\u00e9<\/h2>\n<ul>\n<li><strong>Jo-Lynne Shane (blogueuse mode)<\/strong>:\n<ul>\n<li>\u00ab Un jean clair est chic et sophistiqu\u00e9 lorsqu&#039;il est associ\u00e9 \u00e0 du noir. Un haut ou un accessoire noir \u00e9quilibre l&#039;esprit d\u00e9contract\u00e9 et ajoute de la profondeur \u00e0 la tenue. \u00bb (Source\u00a0: <a href=\"https:\/\/jolynneshane.com\/what-colors-look-good-with-light-wash-denim.html\">Jo-Lynne Shane \u2013 Quelles couleurs s&#039;accordent avec un jean clair<\/a>)\n<p><div id=\"attachment_5630\" style=\"width: 610px\" class=\"wp-caption aligncenter\"><img loading=\"lazy\" decoding=\"async\" aria-describedby=\"caption-attachment-5630\" class=\"size-full wp-image-5630\" src=\"https:\/\/lydenim.com\/wp-content\/uploads\/2025\/06\/Light-denim-with-black-top.jpg\" alt=\"\" width=\"600\" height=\"900\" srcset=\"https:\/\/lydenim.com\/wp-content\/uploads\/2025\/06\/Light-denim-with-black-top.jpg 600w, https:\/\/lydenim.com\/wp-content\/uploads\/2025\/06\/Light-denim-with-black-top-200x300.jpg 200w, https:\/\/lydenim.com\/wp-content\/uploads\/2025\/06\/Light-denim-with-black-top-8x12.jpg 8w, https:\/\/lydenim.com\/wp-content\/uploads\/2025\/06\/Light-denim-with-black-top-150x225.jpg 150w\" sizes=\"auto, (max-width: 600px) 100vw, 600px\" \/><p id=\"caption-attachment-5630\" class=\"wp-caption-text\">Jean l\u00e9ger avec haut noir<\/p><\/div><\/li>\n<\/ul>\n<\/li>\n<li><strong>Primer (Magazine de style masculin)<\/strong>:\n<ul>\n<li>Optez pour des mod\u00e8les classiques \u00e0 jambe droite comme le Levi&#039;s 501, associ\u00e9 \u00e0 une chemise, un polo ou un t-shirt blanc pour un look intemporel. Choisissez des baskets blanches ou des chaussures \u00e0 lacets en cuir, et \u00e9vitez les baskets modernes pour \u00e9viter l&#039;esprit \u00ab\u00a0jeans de papa\u00a0\u00bb. (Source\u00a0: <a href=\"https:\/\/www.primermagazine.com\/2024\/learn\/how-to-style-light-wash-denim-outfits\">Guide pratique\u00a0: comment porter un jean d\u00e9lav\u00e9 clair d\u00e8s maintenant<\/a>)<\/li>\n<li>Exemples : Daniel associe une chemise en lin blanc \u00e0 un blazer \u00e0 carreaux, tandis qu&#039;Andrew porte une veste Harrington avec un jean Levi&#039;s 501.\n<p><div id=\"attachment_5631\" style=\"width: 610px\" class=\"wp-caption aligncenter\"><img loading=\"lazy\" decoding=\"async\" aria-describedby=\"caption-attachment-5631\" class=\"wp-image-5631\" src=\"https:\/\/lydenim.com\/wp-content\/uploads\/2025\/06\/Light-denim-with-With-or-a-polo-shirt-.jpg\" alt=\"\" width=\"600\" height=\"840\" srcset=\"https:\/\/lydenim.com\/wp-content\/uploads\/2025\/06\/Light-denim-with-With-or-a-polo-shirt-.jpg 736w, https:\/\/lydenim.com\/wp-content\/uploads\/2025\/06\/Light-denim-with-With-or-a-polo-shirt--214x300.jpg 214w, https:\/\/lydenim.com\/wp-content\/uploads\/2025\/06\/Light-denim-with-With-or-a-polo-shirt--732x1024.jpg 732w, https:\/\/lydenim.com\/wp-content\/uploads\/2025\/06\/Light-denim-with-With-or-a-polo-shirt--9x12.jpg 9w, https:\/\/lydenim.com\/wp-content\/uploads\/2025\/06\/Light-denim-with-With-or-a-polo-shirt--600x840.jpg 600w, https:\/\/lydenim.com\/wp-content\/uploads\/2025\/06\/Light-denim-with-With-or-a-polo-shirt--150x210.jpg 150w\" sizes=\"auto, (max-width: 600px) 100vw, 600px\" \/><p id=\"caption-attachment-5631\" class=\"wp-caption-text\">Jean l\u00e9ger avec ou un polo<\/p><\/div><\/li>\n<\/ul>\n<\/li>\n<li><strong>MakeYourOwnJeans (vente au d\u00e9tail de mode)<\/strong>:\n<ul>\n<li>Les jeans clairs sont parfaits pour les occasions d\u00e9contract\u00e9es comme les courses ou le shopping, tandis que les jeans fonc\u00e9s sont plus adapt\u00e9s aux occasions formelles. Les jeans clairs se tachent facilement\u00a0; un entretien soign\u00e9 est donc essentiel. (Source\u00a0: <a href=\"https:\/\/www.makeyourownjeans.com\/blog\/should-i-choose-dark-or-light-colored-jeans\/\">MakeYourOwnJeans \u2013 Dois-je choisir un jean fonc\u00e9 ou clair\u00a0?<\/a>)<\/li>\n<\/ul>\n<\/li>\n<li><strong>Reddit r\/malefashionadvice (Forum communautaire)<\/strong>:\n<ul>\n<li>Remarques de l&#039;utilisateur fluent_in_wingdings\u00a0: \u00ab\u00a0Les jeans clairs sont parfaits pour l&#039;\u00e9t\u00e9, mais moins polyvalents que les jeans fonc\u00e9s.\u00a0\u00bb (Source\u00a0: <a href=\"https:\/\/www.reddit.com\/r\/malefashionadvice\/comments\/1580ga\/light_colored_jeans_or_dark_colored_jeans\/\">Reddit \u2013 Jeans clairs ou jeans fonc\u00e9s<\/a>)<\/li>\n<li>L&#039;utilisateur MattRobertson777 sugg\u00e8re : \u00ab Les jeans bleu clair se marient bien avec des hauts blancs, noirs, gris clair ou bleu marine fonc\u00e9, compl\u00e9t\u00e9s par des baskets blanches. \u00bb (Source : <a href=\"https:\/\/www.reddit.com\/r\/malefashionadvice\/comments\/46gfqs\/what_color_tops_look_good_with_light_blue_jeans\/\">Reddit \u2013 Quelles couleurs de hauts s&#039;accordent avec un jean bleu clair\u00a0?<\/a>)<\/li>\n<\/ul>\n<\/li>\n<li><strong>Daily Mail (journal)<\/strong>:\n<ul>\n<li>Une publication X a suscit\u00e9 un d\u00e9bat sur l&#039;ad\u00e9quation du denim clair aux tenues de soir\u00e9e. Les experts de la mode sugg\u00e8rent de porter un jean clair pour les soir\u00e9es avec un haut noir, rehauss\u00e9 d&#039;accessoires raffin\u00e9s. (Source\u00a0: <a href=\"https:\/\/www.dailymail.co.uk\/femail\/article-14097549\/light-wash-blue-denim-evening-jean-style-expert-fashion-advice.html\">Daily Mail \u2013 Un jean d\u00e9lav\u00e9 clair peut-il \u00eatre un jean de soir\u00e9e ?<\/a>)<\/li>\n<\/ul>\n<\/li>\n<\/ul>\n<h2><a href=\"https:\/\/lydenim.com\/fr\/un-guide-complet-sur-les-techniques-de-lavage-du-denim-explorant-les-methodes-populaires\/\">Conseils d&#039;entretien<\/a><\/h2>\n<p>Pour prolonger la dur\u00e9e de vie des jeans de couleur claire, suivez ces pratiques d&#039;entretien\u00a0:<\/p>\n<ul>\n<li><strong>Laver s\u00e9par\u00e9ment<\/strong>:Nettoyer avec des couleurs similaires pour \u00e9viter le transfert de teinture<\/li>\n<li><strong>Laver de fond en comble<\/strong>: Prot\u00e8ge le tissu et la couleur<\/li>\n<li><strong>Utiliser un d\u00e9tergent doux<\/strong>:\u00c9vitez les produits chimiques agressifs<\/li>\n<li><strong>S\u00e9chage \u00e0 l&#039;air libre<\/strong>: \u00c9vitez le s\u00e9chage \u00e0 haute temp\u00e9rature pour conserver la forme et la couleur<\/li>\n<li><strong>Traiter les taches imm\u00e9diatement<\/strong>:Utilisez un d\u00e9tachant doux<\/li>\n<\/ul>\n<h2>Potentiel du march\u00e9<\/h2>\n<p>Les \u00e9tudes de march\u00e9 pr\u00e9voient une croissance continue du march\u00e9 mondial du denim en 2025. Les jeans clairs, notamment les d\u00e9lavages blancs et bleu clair, sont tr\u00e8s demand\u00e9s en raison de leur polyvalence et de leur style. Les donn\u00e9es Google Trends montrent une hausse notable des recherches de jeans blancs entre l&#039;automne 2024 et le printemps 2025. L&#039;essor de la mode durable favorise encore davantage les jeans clairs \u00e9cologiques, attirant ainsi les consommateurs soucieux de l&#039;environnement.<\/p>\n<h2>Conclusion<\/h2>\n<div class=\"mb-8 mt-5 h-[280px] max-h-[280px] min-h-[280px] w-full resize-none overflow-hidden overflow-y-auto whitespace-pre-line rounded-t-lg bg-white px-4 py-5 text-sm text-dark-navy focus:outline-none\">Les jeans clairs ne sont pas une simple tendance passag\u00e8re\u00a0; ils sont un incontournable polyvalent, \u00e9l\u00e9gant et intemporel de votre garde-robe pour 2025. En suivant les conseils d&#039;experts en style et en entretien, vous pourrez optimiser ce classique pour diverses occasions. Que ce soit pour des sorties d\u00e9contract\u00e9es ou pour un travail cr\u00e9atif, les jeans clairs offrent souplesse et style.<\/div>\n<h2 dir=\"auto\">Services de personnalisation par LYDENIM<\/h2>\n<p dir=\"auto\">\ud83c\udfa8 Vouloir <strong>tissus denim personnalis\u00e9s<\/strong> ou\u00a0 <strong>unique<\/strong> <strong>v\u00eatement en denim personnalis\u00e9<\/strong>? LYDENIM est sp\u00e9cialis\u00e9 dans les solutions sur mesure pour r\u00e9pondre \u00e0 vos besoins de conception et de production.<\/p>\n<p dir=\"auto\">\ud83d\udecd\ufe0f <strong>Explorez et inspirez-vous<\/strong>: Parcourez nos s\u00e9lections de tissus et d\u00e9couvrez des id\u00e9es de design sur <a href=\"https:\/\/lydenim.com\/fr\/\" target=\"_blank\" rel=\"noopener noreferrer nofollow\">LYDenim<\/a>.<\/p>\n<p dir=\"auto\">\ud83c\udf10 <strong>V\u00eatements \u00e9lastiques<\/strong>:D\u00e9couvrez nos offres sur <a href=\"http:\/\/liangyuantextile.m.en.alibaba.com\" target=\"_blank\" rel=\"noopener noreferrer nofollow\">MonAlibaba<\/a>. \ud83d\udce9 <strong>Contactez-nous<\/strong>: Contactez-nous \u00e0 <a href=\"mailto:malone@lydenim.com\" target=\"_blank\" rel=\"noopener noreferrer nofollow\">malone@lydenim.com<\/a>.<\/p>\n<p dir=\"auto\">Cr\u00e9ez votre chef-d&#039;\u0153uvre en denim avec LYDENIM, votre partenaire de confiance pour <strong>tissu extensible<\/strong> et <strong>solutions denim personnalis\u00e9es<\/strong>.<\/p>","protected":false},"excerpt":{"rendered":"<p>Temps de lecture estim\u00e9 : ~4 minutes Introduction Les jeans de couleur claire reviennent en force dans le monde de la mode en 2025.<\/p>","protected":false},"author":1,"featured_media":5634,"comment_status":"open","ping_status":"open","sticky":false,"template":"","format":"standard","meta":{"two_page_speed":[],"footnotes":""},"categories":[66],"tags":[],"class_list":["post-5611","post","type-post","status-publish","format-standard","has-post-thumbnail","hentry","category-denim-knowledge"],"aioseo_notices":[],"_links":{"self":[{"href":"https:\/\/lydenim.com\/fr\/wp-json\/wp\/v2\/posts\/5611","targetHints":{"allow":["GET"]}}],"collection":[{"href":"https:\/\/lydenim.com\/fr\/wp-json\/wp\/v2\/posts"}],"about":[{"href":"https:\/\/lydenim.com\/fr\/wp-json\/wp\/v2\/types\/post"}],"author":[{"embeddable":true,"href":"https:\/\/lydenim.com\/fr\/wp-json\/wp\/v2\/users\/1"}],"replies":[{"embeddable":true,"href":"https:\/\/lydenim.com\/fr\/wp-json\/wp\/v2\/comments?post=5611"}],"version-history":[{"count":4,"href":"https:\/\/lydenim.com\/fr\/wp-json\/wp\/v2\/posts\/5611\/revisions"}],"predecessor-version":[{"id":6366,"href":"https:\/\/lydenim.com\/fr\/wp-json\/wp\/v2\/posts\/5611\/revisions\/6366"}],"wp:featuredmedia":[{"embeddable":true,"href":"https:\/\/lydenim.com\/fr\/wp-json\/wp\/v2\/media\/5634"}],"wp:attachment":[{"href":"https:\/\/lydenim.com\/fr\/wp-json\/wp\/v2\/media?parent=5611"}],"wp:term":[{"taxonomy":"category","embeddable":true,"href":"https:\/\/lydenim.com\/fr\/wp-json\/wp\/v2\/categories?post=5611"},{"taxonomy":"post_tag","embeddable":true,"href":"https:\/\/lydenim.com\/fr\/wp-json\/wp\/v2\/tags?post=5611"}],"curies":[{"name":"wp","href":"https:\/\/api.w.org\/{rel}","templated":true}]}}