{"id":5614,"date":"2025-07-06T16:45:56","date_gmt":"2025-07-06T08:45:56","guid":{"rendered":"https:\/\/lydenim.com\/?p=5614"},"modified":"2025-08-24T13:43:40","modified_gmt":"2025-08-24T05:43:40","slug":"womens-denim-slacks","status":"publish","type":"post","link":"https:\/\/lydenim.com\/fr\/pantalons-en-jean-pour-femmes\/","title":{"rendered":"Pantalons en jean pour femmes\u00a0: tendances mode, conseils de style et potentiel du march\u00e9"},"content":{"rendered":"<h2 dir=\"auto\">Temps de lecture estim\u00e9 : ~4 minutes<\/h2>\n<h2 dir=\"auto\">Introduction<\/h2>\n<p dir=\"auto\">Les pantalons en denim pour femme allient avec \u00e9l\u00e9gance le confort du jean et la sophistication du pantalon. Les tendances mode actuelles soulignent leur polyvalence et leur modernit\u00e9, les positionnant comme un incontournable des garde-robes du monde entier. Cet article explore les traductions de mots-cl\u00e9s, les raisons de leur popularit\u00e9, leurs avantages et inconv\u00e9nients, des suggestions de style, des avis d&#039;experts, des conseils d&#039;entretien et leur potentiel commercial prometteur.<\/p>\n<div id=\"attachment_5705\" style=\"width: 610px\" class=\"wp-caption aligncenter\"><img loading=\"lazy\" decoding=\"async\" aria-describedby=\"caption-attachment-5705\" class=\"wp-image-5705\" src=\"https:\/\/lydenim.com\/wp-content\/uploads\/2025\/07\/2d8733e5c6c2a40a25238a5f8f6265de.jpg\" alt=\"\" width=\"600\" height=\"266\" srcset=\"https:\/\/lydenim.com\/wp-content\/uploads\/2025\/07\/2d8733e5c6c2a40a25238a5f8f6265de.jpg 2434w, https:\/\/lydenim.com\/wp-content\/uploads\/2025\/07\/2d8733e5c6c2a40a25238a5f8f6265de-300x133.jpg 300w, https:\/\/lydenim.com\/wp-content\/uploads\/2025\/07\/2d8733e5c6c2a40a25238a5f8f6265de-1024x454.jpg 1024w, https:\/\/lydenim.com\/wp-content\/uploads\/2025\/07\/2d8733e5c6c2a40a25238a5f8f6265de-768x341.jpg 768w, https:\/\/lydenim.com\/wp-content\/uploads\/2025\/07\/2d8733e5c6c2a40a25238a5f8f6265de-1536x682.jpg 1536w, https:\/\/lydenim.com\/wp-content\/uploads\/2025\/07\/2d8733e5c6c2a40a25238a5f8f6265de-2048x909.jpg 2048w, https:\/\/lydenim.com\/wp-content\/uploads\/2025\/07\/2d8733e5c6c2a40a25238a5f8f6265de-18x8.jpg 18w, https:\/\/lydenim.com\/wp-content\/uploads\/2025\/07\/2d8733e5c6c2a40a25238a5f8f6265de-600x266.jpg 600w, https:\/\/lydenim.com\/wp-content\/uploads\/2025\/07\/2d8733e5c6c2a40a25238a5f8f6265de-150x67.jpg 150w\" sizes=\"auto, (max-width: 600px) 100vw, 600px\" \/><p id=\"caption-attachment-5705\" class=\"wp-caption-text\">Introduction au denim pour femmes<\/p><\/div>\n<h2 dir=\"auto\">Pourquoi les pantalons en jean pour femmes sont-ils si populaires\u00a0?<\/h2>\n<p dir=\"auto\">Les pantalons en jean pour femmes ont gagn\u00e9 en popularit\u00e9 pour plusieurs raisons imp\u00e9rieuses :<\/p>\n<ul dir=\"auto\">\n<li><strong>Versatilit\u00e9<\/strong>:Ils s&#039;associent sans effort avec des blazers, des t-shirts ou des chemises, ce qui les rend adapt\u00e9s aux environnements d\u00e9contract\u00e9s \u00e0 semi-formels.<\/li>\n<li><strong>Attrait saisonnier<\/strong>:Les motifs classiques indigo et d\u00e9lav\u00e9s fonc\u00e9s brillent toute l&#039;ann\u00e9e, en particulier au printemps et en \u00e9t\u00e9.<\/li>\n<li><strong>Style intemporel<\/strong>:La nature durable du denim garantit que ce pantalon reste un \u00e9l\u00e9ment essentiel de la garde-robe.<\/li>\n<li><strong>Approbation des c\u00e9l\u00e9brit\u00e9s<\/strong>:Des stars comme Nicole Kidman et Katie Holmes ont popularis\u00e9 les pantalons en denim, renfor\u00e7ant ainsi leur statut tendance.<\/li>\n<li><strong>Donn\u00e9es de march\u00e9<\/strong>:Le march\u00e9 mondial des jeans en denim, \u00e9valu\u00e9 \u00e0 86,66 milliards USD en 2024, devrait atteindre 121,50 milliards USD d&#039;ici 2030, avec un taux de croissance annuel compos\u00e9 (TCAC) de 5,9%, refl\u00e9tant une forte demande.\n<p><div id=\"attachment_5706\" style=\"width: 610px\" class=\"wp-caption aligncenter\"><img loading=\"lazy\" decoding=\"async\" aria-describedby=\"caption-attachment-5706\" class=\"wp-image-5706\" src=\"https:\/\/lydenim.com\/wp-content\/uploads\/2025\/07\/4a62949e35a450b4f9a0664afcd2c374.jpg\" alt=\"\" width=\"600\" height=\"266\" srcset=\"https:\/\/lydenim.com\/wp-content\/uploads\/2025\/07\/4a62949e35a450b4f9a0664afcd2c374.jpg 2434w, https:\/\/lydenim.com\/wp-content\/uploads\/2025\/07\/4a62949e35a450b4f9a0664afcd2c374-300x133.jpg 300w, https:\/\/lydenim.com\/wp-content\/uploads\/2025\/07\/4a62949e35a450b4f9a0664afcd2c374-1024x454.jpg 1024w, https:\/\/lydenim.com\/wp-content\/uploads\/2025\/07\/4a62949e35a450b4f9a0664afcd2c374-768x341.jpg 768w, https:\/\/lydenim.com\/wp-content\/uploads\/2025\/07\/4a62949e35a450b4f9a0664afcd2c374-1536x682.jpg 1536w, https:\/\/lydenim.com\/wp-content\/uploads\/2025\/07\/4a62949e35a450b4f9a0664afcd2c374-2048x909.jpg 2048w, https:\/\/lydenim.com\/wp-content\/uploads\/2025\/07\/4a62949e35a450b4f9a0664afcd2c374-18x8.jpg 18w, https:\/\/lydenim.com\/wp-content\/uploads\/2025\/07\/4a62949e35a450b4f9a0664afcd2c374-600x266.jpg 600w, https:\/\/lydenim.com\/wp-content\/uploads\/2025\/07\/4a62949e35a450b4f9a0664afcd2c374-150x67.jpg 150w\" sizes=\"auto, (max-width: 600px) 100vw, 600px\" \/><p id=\"caption-attachment-5706\" class=\"wp-caption-text\">Pantalons en jean pour femmes<\/p><\/div><\/li>\n<\/ul>\n<h2 dir=\"auto\">Avantages des pantalons en jean pour femmes<\/h2>\n<p dir=\"auto\">Ces pantalons se distinguent par leurs avantages uniques :<\/p>\n<ul dir=\"auto\">\n<li><strong>Versatilit\u00e9<\/strong>:Ils s&#039;adaptent facilement \u00e0 diverses tenues et occasions.<\/li>\n<li><strong>Confort<\/strong>:Fabriqu\u00e9s en denim durable et respirant, ils sont id\u00e9aux pour un port prolong\u00e9.<\/li>\n<li><strong>Style<\/strong>:Les tendances des d\u00e9fil\u00e9s mettent en valeur leur attrait chic et contemporain.<\/li>\n<li><strong>Durabilit\u00e9<\/strong>:Le denim de haute qualit\u00e9 promet une utilisation durable et offre un excellent rapport qualit\u00e9-prix.\n<p><div id=\"attachment_5716\" style=\"width: 610px\" class=\"wp-caption aligncenter\"><img loading=\"lazy\" decoding=\"async\" aria-describedby=\"caption-attachment-5716\" class=\"wp-image-5716\" src=\"https:\/\/lydenim.com\/wp-content\/uploads\/2025\/07\/a1d7f12e0ddad2810db8db8231226e6e.jpg\" alt=\"\" width=\"600\" height=\"266\" srcset=\"https:\/\/lydenim.com\/wp-content\/uploads\/2025\/07\/a1d7f12e0ddad2810db8db8231226e6e.jpg 2434w, https:\/\/lydenim.com\/wp-content\/uploads\/2025\/07\/a1d7f12e0ddad2810db8db8231226e6e-300x133.jpg 300w, https:\/\/lydenim.com\/wp-content\/uploads\/2025\/07\/a1d7f12e0ddad2810db8db8231226e6e-1024x454.jpg 1024w, https:\/\/lydenim.com\/wp-content\/uploads\/2025\/07\/a1d7f12e0ddad2810db8db8231226e6e-768x341.jpg 768w, https:\/\/lydenim.com\/wp-content\/uploads\/2025\/07\/a1d7f12e0ddad2810db8db8231226e6e-1536x682.jpg 1536w, https:\/\/lydenim.com\/wp-content\/uploads\/2025\/07\/a1d7f12e0ddad2810db8db8231226e6e-2048x909.jpg 2048w, https:\/\/lydenim.com\/wp-content\/uploads\/2025\/07\/a1d7f12e0ddad2810db8db8231226e6e-18x8.jpg 18w, https:\/\/lydenim.com\/wp-content\/uploads\/2025\/07\/a1d7f12e0ddad2810db8db8231226e6e-600x266.jpg 600w, https:\/\/lydenim.com\/wp-content\/uploads\/2025\/07\/a1d7f12e0ddad2810db8db8231226e6e-150x67.jpg 150w\" sizes=\"auto, (max-width: 600px) 100vw, 600px\" \/><p id=\"caption-attachment-5716\" class=\"wp-caption-text\">Avantages des pantalons en jean pour femmes<\/p><\/div><\/li>\n<\/ul>\n<h2 dir=\"auto\">Inconv\u00e9nients des pantalons en jean pour femmes<\/h2>\n<p dir=\"auto\">Cependant, il y a quelques inconv\u00e9nients \u00e0 prendre en compte :<\/p>\n<ul dir=\"auto\">\n<li><strong>Complexit\u00e9 de la maintenance<\/strong>:Les lavages fonc\u00e9s peuvent s&#039;estomper avec le temps, n\u00e9cessitant un lavage soigneux.<\/li>\n<li><strong>Limitations formelles<\/strong>:Ils sont moins adapt\u00e9s aux \u00e9v\u00e9nements professionnels stricts ou formels, o\u00f9 les pantalons traditionnels excellent.<\/li>\n<li><strong>D\u00e9fis d&#039;ajustement<\/strong>:Les coupes sur mesure peuvent ne pas flatter tous les types de corps, ce qui exige une s\u00e9lection pr\u00e9cise.<\/li>\n<li><strong>Contraintes saisonni\u00e8res<\/strong>:Le denim plus \u00e9pais peut sembler lourd par temps chaud.<img loading=\"lazy\" decoding=\"async\" class=\"aligncenter wp-image-5715\" src=\"https:\/\/lydenim.com\/wp-content\/uploads\/2025\/07\/e6328a68798a196a99a9c74941f685fe.jpg\" alt=\"\" width=\"600\" height=\"266\" srcset=\"https:\/\/lydenim.com\/wp-content\/uploads\/2025\/07\/e6328a68798a196a99a9c74941f685fe.jpg 2434w, https:\/\/lydenim.com\/wp-content\/uploads\/2025\/07\/e6328a68798a196a99a9c74941f685fe-300x133.jpg 300w, https:\/\/lydenim.com\/wp-content\/uploads\/2025\/07\/e6328a68798a196a99a9c74941f685fe-1024x454.jpg 1024w, https:\/\/lydenim.com\/wp-content\/uploads\/2025\/07\/e6328a68798a196a99a9c74941f685fe-768x341.jpg 768w, https:\/\/lydenim.com\/wp-content\/uploads\/2025\/07\/e6328a68798a196a99a9c74941f685fe-1536x682.jpg 1536w, https:\/\/lydenim.com\/wp-content\/uploads\/2025\/07\/e6328a68798a196a99a9c74941f685fe-2048x909.jpg 2048w, https:\/\/lydenim.com\/wp-content\/uploads\/2025\/07\/e6328a68798a196a99a9c74941f685fe-18x8.jpg 18w, https:\/\/lydenim.com\/wp-content\/uploads\/2025\/07\/e6328a68798a196a99a9c74941f685fe-600x266.jpg 600w, https:\/\/lydenim.com\/wp-content\/uploads\/2025\/07\/e6328a68798a196a99a9c74941f685fe-150x67.jpg 150w\" sizes=\"auto, (max-width: 600px) 100vw, 600px\" \/><\/li>\n<\/ul>\n<h2 dir=\"auto\">Conseils de style<\/h2>\n<p dir=\"auto\">Les pantalons en denim pour femmes brillent dans de nombreux sc\u00e9narios avec le bon style\u00a0:<\/p>\n<ul dir=\"auto\">\n<li><strong>V\u00eatements de bureau<\/strong>: Associez-le \u00e0 un blazer et des mocassins pour un look \u00e0 la fois raffin\u00e9 et d\u00e9contract\u00e9, parfait pour les lieux de travail cr\u00e9atifs.\n<p><div id=\"attachment_5714\" style=\"width: 610px\" class=\"wp-caption aligncenter\"><img loading=\"lazy\" decoding=\"async\" aria-describedby=\"caption-attachment-5714\" class=\"wp-image-5714\" src=\"https:\/\/lydenim.com\/wp-content\/uploads\/2025\/07\/a1a2372e41ef60d92effeea328e01739.jpg\" alt=\"\" width=\"600\" height=\"800\" srcset=\"https:\/\/lydenim.com\/wp-content\/uploads\/2025\/07\/a1a2372e41ef60d92effeea328e01739.jpg 1668w, https:\/\/lydenim.com\/wp-content\/uploads\/2025\/07\/a1a2372e41ef60d92effeea328e01739-225x300.jpg 225w, https:\/\/lydenim.com\/wp-content\/uploads\/2025\/07\/a1a2372e41ef60d92effeea328e01739-768x1024.jpg 768w, https:\/\/lydenim.com\/wp-content\/uploads\/2025\/07\/a1a2372e41ef60d92effeea328e01739-1152x1536.jpg 1152w, https:\/\/lydenim.com\/wp-content\/uploads\/2025\/07\/a1a2372e41ef60d92effeea328e01739-1536x2048.jpg 1536w, https:\/\/lydenim.com\/wp-content\/uploads\/2025\/07\/a1a2372e41ef60d92effeea328e01739-9x12.jpg 9w, https:\/\/lydenim.com\/wp-content\/uploads\/2025\/07\/a1a2372e41ef60d92effeea328e01739-600x800.jpg 600w, https:\/\/lydenim.com\/wp-content\/uploads\/2025\/07\/a1a2372e41ef60d92effeea328e01739-150x200.jpg 150w\" sizes=\"auto, (max-width: 600px) 100vw, 600px\" \/><p id=\"caption-attachment-5714\" class=\"wp-caption-text\">Pantalons en jean pour femmes, tenues de bureau\u00a0: suggestions<\/p><\/div><\/li>\n<li><strong>\u00c9v\u00e9nements sociaux<\/strong>:Combinez-le avec un chemisier en soie et des talons pour une touche \u00e9l\u00e9gante lors des d\u00eeners ou des galeries.\n<p><div id=\"attachment_5709\" style=\"width: 610px\" class=\"wp-caption aligncenter\"><img loading=\"lazy\" decoding=\"async\" aria-describedby=\"caption-attachment-5709\" class=\"wp-image-5709\" src=\"https:\/\/lydenim.com\/wp-content\/uploads\/2025\/07\/028058bad94f37837dc93a1802edb51f.jpg\" alt=\"\" width=\"600\" height=\"870\" srcset=\"https:\/\/lydenim.com\/wp-content\/uploads\/2025\/07\/028058bad94f37837dc93a1802edb51f.jpg 1433w, https:\/\/lydenim.com\/wp-content\/uploads\/2025\/07\/028058bad94f37837dc93a1802edb51f-207x300.jpg 207w, https:\/\/lydenim.com\/wp-content\/uploads\/2025\/07\/028058bad94f37837dc93a1802edb51f-706x1024.jpg 706w, https:\/\/lydenim.com\/wp-content\/uploads\/2025\/07\/028058bad94f37837dc93a1802edb51f-768x1114.jpg 768w, https:\/\/lydenim.com\/wp-content\/uploads\/2025\/07\/028058bad94f37837dc93a1802edb51f-1059x1536.jpg 1059w, https:\/\/lydenim.com\/wp-content\/uploads\/2025\/07\/028058bad94f37837dc93a1802edb51f-1412x2048.jpg 1412w, https:\/\/lydenim.com\/wp-content\/uploads\/2025\/07\/028058bad94f37837dc93a1802edb51f-8x12.jpg 8w, https:\/\/lydenim.com\/wp-content\/uploads\/2025\/07\/028058bad94f37837dc93a1802edb51f-600x870.jpg 600w, https:\/\/lydenim.com\/wp-content\/uploads\/2025\/07\/028058bad94f37837dc93a1802edb51f-150x218.jpg 150w\" sizes=\"auto, (max-width: 600px) 100vw, 600px\" \/><p id=\"caption-attachment-5709\" class=\"wp-caption-text\">Pantalons en jean pour femmes, \u00e9v\u00e9nements sociaux, suggestions<\/p><\/div><\/li>\n<li><strong>Sorties d\u00e9contract\u00e9es<\/strong>: Associez-le \u00e0 un t-shirt graphique et \u00e0 des baskets blanches pour une ambiance d\u00e9contract\u00e9e.\n<p><div id=\"attachment_5711\" style=\"width: 610px\" class=\"wp-caption aligncenter\"><img loading=\"lazy\" decoding=\"async\" aria-describedby=\"caption-attachment-5711\" class=\"wp-image-5711\" src=\"https:\/\/lydenim.com\/wp-content\/uploads\/2025\/07\/088014feccd350e887e72094e0735ab9.jpg\" alt=\"\" width=\"600\" height=\"800\" srcset=\"https:\/\/lydenim.com\/wp-content\/uploads\/2025\/07\/088014feccd350e887e72094e0735ab9.jpg 1668w, https:\/\/lydenim.com\/wp-content\/uploads\/2025\/07\/088014feccd350e887e72094e0735ab9-225x300.jpg 225w, https:\/\/lydenim.com\/wp-content\/uploads\/2025\/07\/088014feccd350e887e72094e0735ab9-768x1024.jpg 768w, https:\/\/lydenim.com\/wp-content\/uploads\/2025\/07\/088014feccd350e887e72094e0735ab9-1152x1536.jpg 1152w, https:\/\/lydenim.com\/wp-content\/uploads\/2025\/07\/088014feccd350e887e72094e0735ab9-1536x2048.jpg 1536w, https:\/\/lydenim.com\/wp-content\/uploads\/2025\/07\/088014feccd350e887e72094e0735ab9-9x12.jpg 9w, https:\/\/lydenim.com\/wp-content\/uploads\/2025\/07\/088014feccd350e887e72094e0735ab9-600x800.jpg 600w, https:\/\/lydenim.com\/wp-content\/uploads\/2025\/07\/088014feccd350e887e72094e0735ab9-150x200.jpg 150w\" sizes=\"auto, (max-width: 600px) 100vw, 600px\" \/><p id=\"caption-attachment-5711\" class=\"wp-caption-text\">Sorties d\u00e9contract\u00e9es en jean pour femmes, suggestions<\/p><\/div><\/li>\n<li><strong>Tenue de voyage<\/strong>:Superposez-le avec une veste ou un pull pour plus de confort et de style lors de vos d\u00e9placements.\n<p><div id=\"attachment_5710\" style=\"width: 610px\" class=\"wp-caption aligncenter\"><img loading=\"lazy\" decoding=\"async\" aria-describedby=\"caption-attachment-5710\" class=\"wp-image-5710\" src=\"https:\/\/lydenim.com\/wp-content\/uploads\/2025\/07\/77004b30cda91ad63f6072bf3c02a690.jpg\" alt=\"\" width=\"600\" height=\"400\" srcset=\"https:\/\/lydenim.com\/wp-content\/uploads\/2025\/07\/77004b30cda91ad63f6072bf3c02a690.jpg 1668w, https:\/\/lydenim.com\/wp-content\/uploads\/2025\/07\/77004b30cda91ad63f6072bf3c02a690-300x200.jpg 300w, https:\/\/lydenim.com\/wp-content\/uploads\/2025\/07\/77004b30cda91ad63f6072bf3c02a690-1024x683.jpg 1024w, https:\/\/lydenim.com\/wp-content\/uploads\/2025\/07\/77004b30cda91ad63f6072bf3c02a690-768x512.jpg 768w, https:\/\/lydenim.com\/wp-content\/uploads\/2025\/07\/77004b30cda91ad63f6072bf3c02a690-1536x1024.jpg 1536w, https:\/\/lydenim.com\/wp-content\/uploads\/2025\/07\/77004b30cda91ad63f6072bf3c02a690-18x12.jpg 18w, https:\/\/lydenim.com\/wp-content\/uploads\/2025\/07\/77004b30cda91ad63f6072bf3c02a690-600x400.jpg 600w, https:\/\/lydenim.com\/wp-content\/uploads\/2025\/07\/77004b30cda91ad63f6072bf3c02a690-150x100.jpg 150w\" sizes=\"auto, (max-width: 600px) 100vw, 600px\" \/><p id=\"caption-attachment-5710\" class=\"wp-caption-text\">Tenues de voyage en jean pour femmes\u00a0: suggestions<\/p><\/div><\/li>\n<li><strong>Looks avant-gardistes<\/strong>:Rehaussez votre look avec des accessoires audacieux comme des ceintures ou des boucles d&#039;oreilles pour un ensemble remarquable.<img loading=\"lazy\" decoding=\"async\" class=\"aligncenter wp-image-5704\" src=\"https:\/\/lydenim.com\/wp-content\/uploads\/2025\/07\/1bb6f247f232cfa93b2e186048cf3587.jpg\" alt=\"\" width=\"600\" height=\"800\" srcset=\"https:\/\/lydenim.com\/wp-content\/uploads\/2025\/07\/1bb6f247f232cfa93b2e186048cf3587.jpg 1080w, https:\/\/lydenim.com\/wp-content\/uploads\/2025\/07\/1bb6f247f232cfa93b2e186048cf3587-225x300.jpg 225w, https:\/\/lydenim.com\/wp-content\/uploads\/2025\/07\/1bb6f247f232cfa93b2e186048cf3587-768x1024.jpg 768w, https:\/\/lydenim.com\/wp-content\/uploads\/2025\/07\/1bb6f247f232cfa93b2e186048cf3587-9x12.jpg 9w, https:\/\/lydenim.com\/wp-content\/uploads\/2025\/07\/1bb6f247f232cfa93b2e186048cf3587-600x800.jpg 600w, https:\/\/lydenim.com\/wp-content\/uploads\/2025\/07\/1bb6f247f232cfa93b2e186048cf3587-150x200.jpg 150w\" sizes=\"auto, (max-width: 600px) 100vw, 600px\" \/><\/li>\n<\/ul>\n<h2 dir=\"auto\">Perspectives d&#039;experts et de la communaut\u00e9<\/h2>\n<ul dir=\"auto\">\n<li><strong>Faiza Bouguessa (Fondatrice de Bouguessa)<\/strong>: \u00ab Le style jambe tonneau continuera d&#039;\u00eatre tendance, offrant facilit\u00e9 et confort sans sacrifier le style. \u00bb\n<p><div id=\"attachment_5708\" style=\"width: 610px\" class=\"wp-caption aligncenter\"><img loading=\"lazy\" decoding=\"async\" aria-describedby=\"caption-attachment-5708\" class=\"wp-image-5708\" src=\"https:\/\/lydenim.com\/wp-content\/uploads\/2025\/07\/56c91c15cb746a2a14505b5e2b10faba.jpg\" alt=\"\" width=\"600\" height=\"800\" srcset=\"https:\/\/lydenim.com\/wp-content\/uploads\/2025\/07\/56c91c15cb746a2a14505b5e2b10faba.jpg 1668w, https:\/\/lydenim.com\/wp-content\/uploads\/2025\/07\/56c91c15cb746a2a14505b5e2b10faba-225x300.jpg 225w, https:\/\/lydenim.com\/wp-content\/uploads\/2025\/07\/56c91c15cb746a2a14505b5e2b10faba-768x1024.jpg 768w, https:\/\/lydenim.com\/wp-content\/uploads\/2025\/07\/56c91c15cb746a2a14505b5e2b10faba-1152x1536.jpg 1152w, https:\/\/lydenim.com\/wp-content\/uploads\/2025\/07\/56c91c15cb746a2a14505b5e2b10faba-1536x2048.jpg 1536w, https:\/\/lydenim.com\/wp-content\/uploads\/2025\/07\/56c91c15cb746a2a14505b5e2b10faba-9x12.jpg 9w, https:\/\/lydenim.com\/wp-content\/uploads\/2025\/07\/56c91c15cb746a2a14505b5e2b10faba-600x800.jpg 600w, https:\/\/lydenim.com\/wp-content\/uploads\/2025\/07\/56c91c15cb746a2a14505b5e2b10faba-150x200.jpg 150w\" sizes=\"auto, (max-width: 600px) 100vw, 600px\" \/><p id=\"caption-attachment-5708\" class=\"wp-caption-text\">Le style jambe-tonneau<\/p><\/div><\/li>\n<li><strong>Laurel Pantin (\u00e9crivaine et consultante en marque)<\/strong>: \u00ab Les jeans sont une base polyvalente pour toute garde-robe, durables avec un entretien appropri\u00e9. \u00bb<\/li>\n<li><strong>Heuritech (Plateforme de tendances mode)<\/strong>: \u00ab La personnalisation par le biais d\u2019accessoires comme des ceintures permet de garder le denim frais. \u00bb\n<p><div id=\"attachment_5702\" style=\"width: 610px\" class=\"wp-caption aligncenter\"><img loading=\"lazy\" decoding=\"async\" aria-describedby=\"caption-attachment-5702\" class=\"wp-image-5702\" src=\"https:\/\/lydenim.com\/wp-content\/uploads\/2025\/07\/0e3ec98cb1309877f8637a79a5f5b512.jpg\" alt=\"\" width=\"600\" height=\"800\" srcset=\"https:\/\/lydenim.com\/wp-content\/uploads\/2025\/07\/0e3ec98cb1309877f8637a79a5f5b512.jpg 1668w, https:\/\/lydenim.com\/wp-content\/uploads\/2025\/07\/0e3ec98cb1309877f8637a79a5f5b512-225x300.jpg 225w, https:\/\/lydenim.com\/wp-content\/uploads\/2025\/07\/0e3ec98cb1309877f8637a79a5f5b512-768x1024.jpg 768w, https:\/\/lydenim.com\/wp-content\/uploads\/2025\/07\/0e3ec98cb1309877f8637a79a5f5b512-1152x1536.jpg 1152w, https:\/\/lydenim.com\/wp-content\/uploads\/2025\/07\/0e3ec98cb1309877f8637a79a5f5b512-1536x2048.jpg 1536w, https:\/\/lydenim.com\/wp-content\/uploads\/2025\/07\/0e3ec98cb1309877f8637a79a5f5b512-9x12.jpg 9w, https:\/\/lydenim.com\/wp-content\/uploads\/2025\/07\/0e3ec98cb1309877f8637a79a5f5b512-600x800.jpg 600w, https:\/\/lydenim.com\/wp-content\/uploads\/2025\/07\/0e3ec98cb1309877f8637a79a5f5b512-150x200.jpg 150w\" sizes=\"auto, (max-width: 600px) 100vw, 600px\" \/><p id=\"caption-attachment-5702\" class=\"wp-caption-text\">Jean femme avec ceintures<\/p><\/div><\/li>\n<li><strong>Utilisateur Reddit u\/stylishguru (r\/femalefashionadvice)<\/strong>: \u00ab Un pantalon en jean fonc\u00e9 avec un haut blanc ou noir et des mocassins convient aux occasions semi-formelles. \u00bb<img loading=\"lazy\" decoding=\"async\" class=\"aligncenter wp-image-5707\" src=\"https:\/\/lydenim.com\/wp-content\/uploads\/2025\/07\/6da48d8701b2399e8979dbc8e18b2b73.jpg\" alt=\"\" width=\"600\" height=\"800\" srcset=\"https:\/\/lydenim.com\/wp-content\/uploads\/2025\/07\/6da48d8701b2399e8979dbc8e18b2b73.jpg 1080w, https:\/\/lydenim.com\/wp-content\/uploads\/2025\/07\/6da48d8701b2399e8979dbc8e18b2b73-225x300.jpg 225w, https:\/\/lydenim.com\/wp-content\/uploads\/2025\/07\/6da48d8701b2399e8979dbc8e18b2b73-768x1024.jpg 768w, https:\/\/lydenim.com\/wp-content\/uploads\/2025\/07\/6da48d8701b2399e8979dbc8e18b2b73-9x12.jpg 9w, https:\/\/lydenim.com\/wp-content\/uploads\/2025\/07\/6da48d8701b2399e8979dbc8e18b2b73-600x800.jpg 600w, https:\/\/lydenim.com\/wp-content\/uploads\/2025\/07\/6da48d8701b2399e8979dbc8e18b2b73-150x200.jpg 150w\" sizes=\"auto, (max-width: 600px) 100vw, 600px\" \/><\/li>\n<li><strong>Harper&#039;s Bazaar<\/strong>: \u00ab Les styles de denim ajust\u00e9s, comme les jeans skinny, pourraient fa\u00e7onner les futures tendances en mati\u00e8re de pantalons. \u00bb\n<p><div id=\"attachment_5713\" style=\"width: 610px\" class=\"wp-caption aligncenter\"><img loading=\"lazy\" decoding=\"async\" aria-describedby=\"caption-attachment-5713\" class=\"wp-image-5713\" src=\"https:\/\/lydenim.com\/wp-content\/uploads\/2025\/07\/12094300686c123a2f32eacd8337ce14.jpg\" alt=\"\" width=\"600\" height=\"800\" srcset=\"https:\/\/lydenim.com\/wp-content\/uploads\/2025\/07\/12094300686c123a2f32eacd8337ce14.jpg 1668w, https:\/\/lydenim.com\/wp-content\/uploads\/2025\/07\/12094300686c123a2f32eacd8337ce14-225x300.jpg 225w, https:\/\/lydenim.com\/wp-content\/uploads\/2025\/07\/12094300686c123a2f32eacd8337ce14-768x1024.jpg 768w, https:\/\/lydenim.com\/wp-content\/uploads\/2025\/07\/12094300686c123a2f32eacd8337ce14-1152x1536.jpg 1152w, https:\/\/lydenim.com\/wp-content\/uploads\/2025\/07\/12094300686c123a2f32eacd8337ce14-1536x2048.jpg 1536w, https:\/\/lydenim.com\/wp-content\/uploads\/2025\/07\/12094300686c123a2f32eacd8337ce14-9x12.jpg 9w, https:\/\/lydenim.com\/wp-content\/uploads\/2025\/07\/12094300686c123a2f32eacd8337ce14-600x800.jpg 600w, https:\/\/lydenim.com\/wp-content\/uploads\/2025\/07\/12094300686c123a2f32eacd8337ce14-150x200.jpg 150w\" sizes=\"auto, (max-width: 600px) 100vw, 600px\" \/><p id=\"caption-attachment-5713\" class=\"wp-caption-text\">Capture d&#039;\u00e9cran<\/p><\/div><\/li>\n<\/ul>\n<h2 dir=\"auto\">Conseils d&#039;entretien<\/h2>\n<p dir=\"auto\">Pr\u00e9servez votre pantalon en jean gr\u00e2ce \u00e0 ces pratiques\u00a0:<\/p>\n<ul dir=\"auto\">\n<li><strong>Laver s\u00e9par\u00e9ment<\/strong>: \u00c9vitez les d\u00e9colorations en lavant avec des couleurs similaires.<\/li>\n<li><strong>Laver de fond en comble<\/strong>:Prot\u00e9gez l&#039;int\u00e9grit\u00e9 du tissu et des couleurs.<\/li>\n<li><strong>Utiliser un d\u00e9tergent doux<\/strong>: \u00c9vitez les produits chimiques agressifs qui endommagent le denim.<\/li>\n<li><strong>S\u00e9chage \u00e0 l&#039;air libre<\/strong>: \u00c9vitez le s\u00e8che-linge pour conserver la forme et \u00e9viter la d\u00e9coloration.<\/li>\n<li><strong>Traitez les taches rapidement<\/strong>: Traitez les d\u00e9versements avec un d\u00e9tachant doux.<\/li>\n<\/ul>\n<h2 dir=\"auto\">Potentiel du march\u00e9<\/h2>\n<p dir=\"auto\">Le march\u00e9 du jean, \u00e9valu\u00e9 \u00e0 86,66 milliards de dollars en 2024, devrait atteindre 121,50 milliards de dollars d&#039;ici 2030, avec un TCAC de 5,9%. Les pantalons en jean pour femme, notamment en indigo et en d\u00e9lavage fonc\u00e9, profitent de cette tendance gr\u00e2ce \u00e0 leur polyvalence et \u00e0 leur style. Les donn\u00e9es Google Trends de l&#039;automne 2024 montrent un regain d&#039;int\u00e9r\u00eat pour les pantalons en jean, tandis que les tendances de la mode durable stimulent l&#039;offre de denim \u00e9cologique pour les acheteurs soucieux de l&#039;environnement.<\/p>\n<div id=\"attachment_5718\" style=\"width: 610px\" class=\"wp-caption aligncenter\"><img loading=\"lazy\" decoding=\"async\" aria-describedby=\"caption-attachment-5718\" class=\"wp-image-5718\" src=\"https:\/\/lydenim.com\/wp-content\/uploads\/2025\/07\/Denim-Jeans-Market-Value-Projection.jpg\" alt=\"\" width=\"600\" height=\"305\" srcset=\"https:\/\/lydenim.com\/wp-content\/uploads\/2025\/07\/Denim-Jeans-Market-Value-Projection.jpg 1642w, https:\/\/lydenim.com\/wp-content\/uploads\/2025\/07\/Denim-Jeans-Market-Value-Projection-300x152.jpg 300w, https:\/\/lydenim.com\/wp-content\/uploads\/2025\/07\/Denim-Jeans-Market-Value-Projection-1024x520.jpg 1024w, https:\/\/lydenim.com\/wp-content\/uploads\/2025\/07\/Denim-Jeans-Market-Value-Projection-768x390.jpg 768w, https:\/\/lydenim.com\/wp-content\/uploads\/2025\/07\/Denim-Jeans-Market-Value-Projection-1536x780.jpg 1536w, https:\/\/lydenim.com\/wp-content\/uploads\/2025\/07\/Denim-Jeans-Market-Value-Projection-18x9.jpg 18w, https:\/\/lydenim.com\/wp-content\/uploads\/2025\/07\/Denim-Jeans-Market-Value-Projection-600x305.jpg 600w, https:\/\/lydenim.com\/wp-content\/uploads\/2025\/07\/Denim-Jeans-Market-Value-Projection-150x76.jpg 150w\" sizes=\"auto, (max-width: 600px) 100vw, 600px\" \/><p id=\"caption-attachment-5718\" class=\"wp-caption-text\">Projection de la valeur marchande des jeans en denim<\/p><\/div>\n<h2 dir=\"auto\">Conclusion<\/h2>\n<p dir=\"auto\">Les pantalons en jean pour femme sont plus qu&#039;une simple tendance : ils sont une pi\u00e8ce polyvalente, \u00e9l\u00e9gante et intemporelle. Avec un style expert et un entretien adapt\u00e9, ils conviennent \u00e0 de nombreuses occasions, du travail aux loisirs. Profitez de leur flexibilit\u00e9 et faites-en un incontournable de votre collection mode.<\/p>\n<h2 dir=\"auto\">Services de personnalisation par LYDENIM<\/h2>\n<p dir=\"auto\">\ud83c\udfa8 Vouloir <strong>tissus denim personnalis\u00e9s<\/strong> ou\u00a0 <strong>unique<\/strong> <strong>v\u00eatement en denim personnalis\u00e9<\/strong>? LYDENIM est sp\u00e9cialis\u00e9 dans les solutions sur mesure pour r\u00e9pondre \u00e0 vos besoins de conception et de production.<\/p>\n<p dir=\"auto\">\ud83d\udecd\ufe0f <strong>Explorez et inspirez-vous<\/strong>: Parcourez nos s\u00e9lections de tissus et d\u00e9couvrez des id\u00e9es de design sur <a href=\"https:\/\/lydenim.com\/fr\/\" target=\"_blank\" rel=\"noopener noreferrer nofollow\">LYDenim<\/a>.<\/p>\n<p dir=\"auto\">\ud83c\udf10 <strong>V\u00eatements \u00e9lastiques<\/strong>:D\u00e9couvrez nos offres sur <a href=\"http:\/\/liangyuantextile.m.en.alibaba.com\" target=\"_blank\" rel=\"noopener noreferrer nofollow\">MonAlibaba<\/a>. \ud83d\udce9 <strong>Contactez-nous<\/strong>: Contactez-nous \u00e0 <a href=\"mailto:malone@lydenim.com\" target=\"_blank\" rel=\"noopener noreferrer nofollow\">malone@lydenim.com<\/a>.<\/p>\n<p dir=\"auto\">Cr\u00e9ez votre chef-d&#039;\u0153uvre en denim avec LYDENIM, votre partenaire de confiance pour <strong>tissu extensible<\/strong> et <strong>solutions denim personnalis\u00e9es<\/strong>.<\/p>","protected":false},"excerpt":{"rendered":"<p>Temps de lecture estim\u00e9 : ~4 minutes Introduction Les pantalons en denim pour femmes sont une fusion \u00e9l\u00e9gante du confort des jeans et<\/p>","protected":false},"author":1,"featured_media":5720,"comment_status":"open","ping_status":"open","sticky":false,"template":"","format":"standard","meta":{"two_page_speed":[],"footnotes":""},"categories":[76],"tags":[],"class_list":["post-5614","post","type-post","status-publish","format-standard","has-post-thumbnail","hentry","category-garment"],"aioseo_notices":[],"_links":{"self":[{"href":"https:\/\/lydenim.com\/fr\/wp-json\/wp\/v2\/posts\/5614","targetHints":{"allow":["GET"]}}],"collection":[{"href":"https:\/\/lydenim.com\/fr\/wp-json\/wp\/v2\/posts"}],"about":[{"href":"https:\/\/lydenim.com\/fr\/wp-json\/wp\/v2\/types\/post"}],"author":[{"embeddable":true,"href":"https:\/\/lydenim.com\/fr\/wp-json\/wp\/v2\/users\/1"}],"replies":[{"embeddable":true,"href":"https:\/\/lydenim.com\/fr\/wp-json\/wp\/v2\/comments?post=5614"}],"version-history":[{"count":4,"href":"https:\/\/lydenim.com\/fr\/wp-json\/wp\/v2\/posts\/5614\/revisions"}],"predecessor-version":[{"id":6373,"href":"https:\/\/lydenim.com\/fr\/wp-json\/wp\/v2\/posts\/5614\/revisions\/6373"}],"wp:featuredmedia":[{"embeddable":true,"href":"https:\/\/lydenim.com\/fr\/wp-json\/wp\/v2\/media\/5720"}],"wp:attachment":[{"href":"https:\/\/lydenim.com\/fr\/wp-json\/wp\/v2\/media?parent=5614"}],"wp:term":[{"taxonomy":"category","embeddable":true,"href":"https:\/\/lydenim.com\/fr\/wp-json\/wp\/v2\/categories?post=5614"},{"taxonomy":"post_tag","embeddable":true,"href":"https:\/\/lydenim.com\/fr\/wp-json\/wp\/v2\/tags?post=5614"}],"curies":[{"name":"wp","href":"https:\/\/api.w.org\/{rel}","templated":true}]}}