{"id":5635,"date":"2025-06-30T11:29:37","date_gmt":"2025-06-30T03:29:37","guid":{"rendered":"https:\/\/lydenim.com\/?p=5635"},"modified":"2025-08-24T13:42:15","modified_gmt":"2025-08-24T05:42:15","slug":"designer-jeans","status":"publish","type":"post","link":"https:\/\/lydenim.com\/fr\/jeans-de-createur\/","title":{"rendered":"Jeans de cr\u00e9ateurs\u00a0: tendances mode 2025, conseils de style et potentiel du march\u00e9"},"content":{"rendered":"<h2 data-pm-slice=\"1 1 []\">Temps de lecture estim\u00e9 : ~3 minutes<\/h2>\n<h2>Introduction<\/h2>\n<p>Les jeans de cr\u00e9ateurs sont au sommet de la mode en 2025, alliant le confort du denim \u00e0 la cr\u00e9ativit\u00e9 unique des cr\u00e9ateurs haut de gamme. Reconnus pour leurs mati\u00e8res haut de gamme, leur savoir-faire irr\u00e9prochable et leurs designs distinctifs, ces jeans sont les pr\u00e9f\u00e9r\u00e9s des passionn\u00e9s de mode. Cet article explore les traductions de mots-cl\u00e9s, les avantages et les inconv\u00e9nients des jeans de cr\u00e9ateurs, les sc\u00e9narios d&#039;utilisation, les avis d&#039;experts et de la communaut\u00e9, ainsi que leur potentiel commercial, offrant ainsi un guide complet aux lecteurs.<img loading=\"lazy\" decoding=\"async\" class=\"aligncenter wp-image-5467\" src=\"https:\/\/lydenim.com\/wp-content\/uploads\/2025\/06\/2025-Denim-Trends.jpg\" alt=\"\" width=\"600\" height=\"267\" srcset=\"https:\/\/lydenim.com\/wp-content\/uploads\/2025\/06\/2025-Denim-Trends.jpg 2502w, https:\/\/lydenim.com\/wp-content\/uploads\/2025\/06\/2025-Denim-Trends-300x133.jpg 300w, https:\/\/lydenim.com\/wp-content\/uploads\/2025\/06\/2025-Denim-Trends-1024x455.jpg 1024w, https:\/\/lydenim.com\/wp-content\/uploads\/2025\/06\/2025-Denim-Trends-768x341.jpg 768w, https:\/\/lydenim.com\/wp-content\/uploads\/2025\/06\/2025-Denim-Trends-1536x683.jpg 1536w, https:\/\/lydenim.com\/wp-content\/uploads\/2025\/06\/2025-Denim-Trends-2048x910.jpg 2048w, https:\/\/lydenim.com\/wp-content\/uploads\/2025\/06\/2025-Denim-Trends-18x8.jpg 18w, https:\/\/lydenim.com\/wp-content\/uploads\/2025\/06\/2025-Denim-Trends-600x267.jpg 600w, https:\/\/lydenim.com\/wp-content\/uploads\/2025\/06\/2025-Denim-Trends-150x67.jpg 150w\" sizes=\"auto, (max-width: 600px) 100vw, 600px\" \/><\/p>\n<h2>Tendances mode jeans cr\u00e9ateurs 2025<\/h2>\n<p>Les jeans de cr\u00e9ateurs de 2025 adoptent des styles nostalgiques, avec plusieurs tendances cl\u00e9s qui \u00e9mergent :<\/p>\n<ul>\n<li><strong>Jeans Barrel<\/strong>:Ce jean \u00e0 jambes larges offre un \u00e9quilibre entre confort et style, approuv\u00e9 par des c\u00e9l\u00e9brit\u00e9s comme Blake Lively et Julianne Moore.<img loading=\"lazy\" decoding=\"async\" class=\"aligncenter wp-image-5110\" src=\"https:\/\/lydenim.com\/wp-content\/uploads\/2025\/05\/IMG_5650.jpg\" alt=\"\" width=\"600\" height=\"800\" srcset=\"https:\/\/lydenim.com\/wp-content\/uploads\/2025\/05\/IMG_5650.jpg 750w, https:\/\/lydenim.com\/wp-content\/uploads\/2025\/05\/IMG_5650-225x300.jpg 225w, https:\/\/lydenim.com\/wp-content\/uploads\/2025\/05\/IMG_5650-9x12.jpg 9w, https:\/\/lydenim.com\/wp-content\/uploads\/2025\/05\/IMG_5650-600x800.jpg 600w, https:\/\/lydenim.com\/wp-content\/uploads\/2025\/05\/IMG_5650-150x200.jpg 150w\" sizes=\"auto, (max-width: 600px) 100vw, 600px\" \/><\/li>\n<li><strong>Jean bootcut<\/strong>:Un classique des ann\u00e9es 70 avec une coupe ajust\u00e9e et un attrait r\u00e9tro, parfait pour des looks \u00e9l\u00e9gants.<img loading=\"lazy\" decoding=\"async\" class=\"aligncenter wp-image-5158\" src=\"https:\/\/lydenim.com\/wp-content\/uploads\/2025\/05\/18741747712009_.pic_.jpg\" alt=\"\" width=\"600\" height=\"799\" srcset=\"https:\/\/lydenim.com\/wp-content\/uploads\/2025\/05\/18741747712009_.pic_.jpg 1280w, https:\/\/lydenim.com\/wp-content\/uploads\/2025\/05\/18741747712009_.pic_-225x300.jpg 225w, https:\/\/lydenim.com\/wp-content\/uploads\/2025\/05\/18741747712009_.pic_-769x1024.jpg 769w, https:\/\/lydenim.com\/wp-content\/uploads\/2025\/05\/18741747712009_.pic_-768x1023.jpg 768w, https:\/\/lydenim.com\/wp-content\/uploads\/2025\/05\/18741747712009_.pic_-1153x1536.jpg 1153w, https:\/\/lydenim.com\/wp-content\/uploads\/2025\/05\/18741747712009_.pic_-9x12.jpg 9w, https:\/\/lydenim.com\/wp-content\/uploads\/2025\/05\/18741747712009_.pic_-600x799.jpg 600w, https:\/\/lydenim.com\/wp-content\/uploads\/2025\/05\/18741747712009_.pic_-150x200.jpg 150w\" sizes=\"auto, (max-width: 600px) 100vw, 600px\" \/><\/li>\n<li><strong>Styles Y2K<\/strong>:Les mod\u00e8les taille basse avec des \u00e9l\u00e9ments d\u00e9coratifs comme des motifs floraux ou des broderies font leur retour.<\/li>\n<li><img loading=\"lazy\" decoding=\"async\" class=\"wp-image-4991 aligncenter\" src=\"https:\/\/lydenim.com\/wp-content\/uploads\/2025\/05\/YProject-Spring-2024-Ready-To-Wear.jpg\" alt=\"\" width=\"600\" height=\"648\" srcset=\"https:\/\/lydenim.com\/wp-content\/uploads\/2025\/05\/YProject-Spring-2024-Ready-To-Wear.jpg 832w, https:\/\/lydenim.com\/wp-content\/uploads\/2025\/05\/YProject-Spring-2024-Ready-To-Wear-278x300.jpg 278w, https:\/\/lydenim.com\/wp-content\/uploads\/2025\/05\/YProject-Spring-2024-Ready-To-Wear-768x829.jpg 768w, https:\/\/lydenim.com\/wp-content\/uploads\/2025\/05\/YProject-Spring-2024-Ready-To-Wear-11x12.jpg 11w, https:\/\/lydenim.com\/wp-content\/uploads\/2025\/05\/YProject-Spring-2024-Ready-To-Wear-600x648.jpg 600w, https:\/\/lydenim.com\/wp-content\/uploads\/2025\/05\/YProject-Spring-2024-Ready-To-Wear-150x162.jpg 150w\" sizes=\"auto, (max-width: 600px) 100vw, 600px\" \/><\/li>\n<li><strong>Denim brut<\/strong>:Les jeans non lav\u00e9s sont tendance pour leur d\u00e9coloration naturelle, offrant un look personnalis\u00e9.<\/li>\n<\/ul>\n<h2>Avantages des jeans de cr\u00e9ateurs<\/h2>\n<p>Les jeans de cr\u00e9ateurs sont appr\u00e9ci\u00e9s pour leurs qualit\u00e9s uniques :<\/p>\n<ul>\n<li><strong>Style<\/strong>:Ils s&#039;alignent sur les tendances de la mode actuelle, offrant une apparence chic et avant-gardiste.<\/li>\n<li><strong>Mat\u00e9riels<\/strong>:Fabriqu\u00e9 \u00e0 partir de denim de qualit\u00e9 sup\u00e9rieure, de coton biologique et d&#039;\u00e9lasthanne pour un confort et une durabilit\u00e9 sup\u00e9rieurs.<\/li>\n<li><strong>Confort et ajustement<\/strong>:Les cr\u00e9ateurs privil\u00e9gient les coupes sur mesure pour une coupe flatteuse et confortable.<\/li>\n<li><strong>Durabilit\u00e9<\/strong>: Des mat\u00e9riaux et un savoir-faire de haute qualit\u00e9 garantissent la long\u00e9vit\u00e9.<\/li>\n<li><strong>Vari\u00e9t\u00e9<\/strong>:Disponible dans diverses couleurs, styles et coupes pour convenir \u00e0 diff\u00e9rents go\u00fbts.<img loading=\"lazy\" decoding=\"async\" class=\"aligncenter wp-image-5637\" src=\"https:\/\/lydenim.com\/wp-content\/uploads\/2025\/06\/Detailed-jeans.jpeg\" alt=\"\" width=\"600\" height=\"600\" srcset=\"https:\/\/lydenim.com\/wp-content\/uploads\/2025\/06\/Detailed-jeans.jpeg 1280w, https:\/\/lydenim.com\/wp-content\/uploads\/2025\/06\/Detailed-jeans-300x300.jpeg 300w, https:\/\/lydenim.com\/wp-content\/uploads\/2025\/06\/Detailed-jeans-1024x1024.jpeg 1024w, https:\/\/lydenim.com\/wp-content\/uploads\/2025\/06\/Detailed-jeans-150x150.jpeg 150w, https:\/\/lydenim.com\/wp-content\/uploads\/2025\/06\/Detailed-jeans-768x768.jpeg 768w, https:\/\/lydenim.com\/wp-content\/uploads\/2025\/06\/Detailed-jeans-12x12.jpeg 12w, https:\/\/lydenim.com\/wp-content\/uploads\/2025\/06\/Detailed-jeans-600x600.jpeg 600w\" sizes=\"auto, (max-width: 600px) 100vw, 600px\" \/><\/li>\n<\/ul>\n<h2>Inconv\u00e9nients des jeans de cr\u00e9ateurs<\/h2>\n<p>Malgr\u00e9 leur attrait, les jeans de cr\u00e9ateurs pr\u00e9sentent certaines limites :<\/p>\n<ul>\n<li><strong>Co\u00fbt<\/strong>:Ils sont nettement plus chers, potentiellement hors de port\u00e9e de certains budgets.<\/li>\n<li><strong>Entretien<\/strong>:N\u00e9cessite des soins particuliers pour maintenir sa qualit\u00e9 et son apparence.<\/li>\n<li><strong>Utilisation quotidienne limit\u00e9e<\/strong>:Certains styles peuvent \u00eatre trop formels ou peu pratiques pour \u00eatre port\u00e9s au quotidien.<\/li>\n<\/ul>\n<h2>Sc\u00e9narios d&#039;utilisation<\/h2>\n<p>Les jeans de cr\u00e9ateurs sont polyvalents et s&#039;adaptent \u00e0 diff\u00e9rents contextes :<\/p>\n<ul>\n<li><strong>V\u00eatements de bureau<\/strong>: Associez-le \u00e0 un chemisier et des chaussures plates pour un look professionnel dans les lieux de travail cr\u00e9atifs comme les agences de publicit\u00e9 ou de design.<\/li>\n<li><strong>\u00c9v\u00e9nements sociaux<\/strong>:\u00c0 combiner avec un haut en soie et des talons pour des d\u00eeners ou des expositions d&#039;art.<\/li>\n<li><strong>Sorties d\u00e9contract\u00e9es<\/strong>:\u00c0 porter avec un t-shirt graphique et des baskets pour faire du shopping ou des rencontres.<\/li>\n<li><strong>Tenue de voyage<\/strong>: Superposez-le avec une veste ou un pull pour plus de confort et de style lors de longs voyages.<\/li>\n<li><strong>F\u00eates de la mode<\/strong>:Accessoirisez avec des articles audacieux comme des ceintures ou des boucles d&#039;oreilles surdimensionn\u00e9es pour un look tendance.<img loading=\"lazy\" decoding=\"async\" class=\"size-full wp-image-5011 aligncenter\" src=\"https:\/\/lydenim.com\/wp-content\/uploads\/2025\/05\/DM_20250505014945_020-e1746516393120.jpg\" alt=\"SACAI \/ PR\u00caT-\u00c0-PORTER PRINTEMPS 2025\" width=\"600\" height=\"567\" srcset=\"https:\/\/lydenim.com\/wp-content\/uploads\/2025\/05\/DM_20250505014945_020-e1746516393120.jpg 600w, https:\/\/lydenim.com\/wp-content\/uploads\/2025\/05\/DM_20250505014945_020-e1746516393120-300x284.jpg 300w, https:\/\/lydenim.com\/wp-content\/uploads\/2025\/05\/DM_20250505014945_020-e1746516393120-13x12.jpg 13w, https:\/\/lydenim.com\/wp-content\/uploads\/2025\/05\/DM_20250505014945_020-e1746516393120-150x142.jpg 150w\" sizes=\"auto, (max-width: 600px) 100vw, 600px\" \/><img loading=\"lazy\" decoding=\"async\" class=\"size-full wp-image-5002 aligncenter\" src=\"https:\/\/lydenim.com\/wp-content\/uploads\/2025\/05\/DM_20250505014945_009-e1746515390394.jpg\" alt=\"BALENCIAGA \/ PR\u00caT-\u00c0-PORTER PRINTEMPS 2025\" width=\"600\" height=\"863\" \/><\/li>\n<\/ul>\n<h2>Perspectives d&#039;experts et de la communaut\u00e9<\/h2>\n<p>Voici des informations sp\u00e9cifiques provenant d\u2019experts et de communaut\u00e9s de la mode :<\/p>\n<ul>\n<li><strong>Faiza Bouguessa (Fondatrice de Bouguessa)<\/strong>: \u00ab Les jeans \u00e0 jambe droite continueront d\u2019\u00eatre populaires, offrant \u00e0 la fois confort et style. \u00bb<\/li>\n<li><strong>Laurel Pantin (\u00e9crivaine et consultante en marque)<\/strong>: \u00ab Les jeans sont la base de toute garde-robe, offrant polyvalence et durabilit\u00e9. \u00bb<\/li>\n<li><strong>Heuritech (Plateforme de tendances mode)<\/strong>: \u00ab Personnaliser les jeans avec des accessoires comme des ceintures leur donne un look frais. \u00bb<\/li>\n<li><strong>Utilisateur Reddit u\/stylishguru (r\/malefashionadvice)<\/strong>: \u00ab Un jean en denim fonc\u00e9 avec un haut blanc ou noir est parfait pour les occasions semi-formelles, rehauss\u00e9 de mocassins. \u00bb<\/li>\n<li><strong>Harper&#039;s Bazaar<\/strong>: \u00ab Les cr\u00e9ateurs se tournent vers des styles ajust\u00e9s, ce qui pourrait fa\u00e7onner les futures tendances du denim. \u00bb<\/li>\n<\/ul>\n<h2>Conseils d&#039;entretien<\/h2>\n<p>Pour prolonger la dur\u00e9e de vie des jeans de cr\u00e9ateurs, suivez ces pratiques d&#039;entretien\u00a0:<\/p>\n<ul>\n<li><strong>Laver s\u00e9par\u00e9ment<\/strong>:Nettoyer avec des couleurs similaires pour \u00e9viter le transfert de teinture<\/li>\n<li><strong>Laver de fond en comble<\/strong>: Prot\u00e8ge le tissu et la couleur<\/li>\n<li><strong>Utiliser un d\u00e9tergent doux<\/strong>:\u00c9vitez les produits chimiques agressifs<\/li>\n<li><strong>S\u00e9chage \u00e0 l&#039;air libre<\/strong>: \u00c9vitez le s\u00e9chage \u00e0 haute temp\u00e9rature pour conserver la forme et la couleur<\/li>\n<li><strong>Traitez les taches rapidement<\/strong>:Utilisez un d\u00e9tachant doux\n<div id=\"attachment_5644\" style=\"width: 610px\" class=\"wp-caption aligncenter\"><img loading=\"lazy\" decoding=\"async\" aria-describedby=\"caption-attachment-5644\" class=\"wp-image-5644\" src=\"https:\/\/lydenim.com\/wp-content\/uploads\/2025\/06\/\u725b\u4ed4\u4fdd\u517b1.jpg\" alt=\"\" width=\"600\" height=\"401\" srcset=\"https:\/\/lydenim.com\/wp-content\/uploads\/2025\/06\/\u725b\u4ed4\u4fdd\u517b1.jpg 1420w, https:\/\/lydenim.com\/wp-content\/uploads\/2025\/06\/\u725b\u4ed4\u4fdd\u517b1-300x200.jpg 300w, https:\/\/lydenim.com\/wp-content\/uploads\/2025\/06\/\u725b\u4ed4\u4fdd\u517b1-1024x684.jpg 1024w, https:\/\/lydenim.com\/wp-content\/uploads\/2025\/06\/\u725b\u4ed4\u4fdd\u517b1-768x513.jpg 768w, https:\/\/lydenim.com\/wp-content\/uploads\/2025\/06\/\u725b\u4ed4\u4fdd\u517b1-18x12.jpg 18w, https:\/\/lydenim.com\/wp-content\/uploads\/2025\/06\/\u725b\u4ed4\u4fdd\u517b1-600x401.jpg 600w, https:\/\/lydenim.com\/wp-content\/uploads\/2025\/06\/\u725b\u4ed4\u4fdd\u517b1-150x100.jpg 150w\" sizes=\"auto, (max-width: 600px) 100vw, 600px\" \/><p id=\"caption-attachment-5644\" class=\"wp-caption-text\">Entretien des jeans en denim 1<\/p><\/div>\n<p><div id=\"attachment_5645\" style=\"width: 610px\" class=\"wp-caption aligncenter\"><img loading=\"lazy\" decoding=\"async\" aria-describedby=\"caption-attachment-5645\" class=\"wp-image-5645\" src=\"https:\/\/lydenim.com\/wp-content\/uploads\/2025\/06\/\u725b\u4ed4\u4fdd\u517b2.jpg\" alt=\"\" width=\"600\" height=\"401\" srcset=\"https:\/\/lydenim.com\/wp-content\/uploads\/2025\/06\/\u725b\u4ed4\u4fdd\u517b2.jpg 1416w, https:\/\/lydenim.com\/wp-content\/uploads\/2025\/06\/\u725b\u4ed4\u4fdd\u517b2-300x200.jpg 300w, https:\/\/lydenim.com\/wp-content\/uploads\/2025\/06\/\u725b\u4ed4\u4fdd\u517b2-1024x684.jpg 1024w, https:\/\/lydenim.com\/wp-content\/uploads\/2025\/06\/\u725b\u4ed4\u4fdd\u517b2-768x513.jpg 768w, https:\/\/lydenim.com\/wp-content\/uploads\/2025\/06\/\u725b\u4ed4\u4fdd\u517b2-18x12.jpg 18w, https:\/\/lydenim.com\/wp-content\/uploads\/2025\/06\/\u725b\u4ed4\u4fdd\u517b2-600x401.jpg 600w, https:\/\/lydenim.com\/wp-content\/uploads\/2025\/06\/\u725b\u4ed4\u4fdd\u517b2-150x100.jpg 150w\" sizes=\"auto, (max-width: 600px) 100vw, 600px\" \/><p id=\"caption-attachment-5645\" class=\"wp-caption-text\">Entretien des jeans en denim 2<\/p><\/div><\/li>\n<\/ul>\n<h2>Potentiel du march\u00e9<\/h2>\n<p>Selon <a href=\"https:\/\/www.grandviewresearch.com\/\">Recherche Grand View<\/a>Le march\u00e9 mondial du jean \u00e9tait \u00e9valu\u00e9 \u00e0 86,66 milliards USD en 2024 et devrait atteindre 121,50 milliards USD d&#039;ici 2030, avec un TCAC de 5,9%. Les jeans de cr\u00e9ateurs, notamment ceux des marques de luxe, sont tr\u00e8s demand\u00e9s en raison de leur polyvalence et de leur style. Les donn\u00e9es de Google Trends indiquent une augmentation significative des recherches de jeans \u00e0 l&#039;automne 2024. L&#039;essor de la mode durable stimule encore davantage les jeans de cr\u00e9ateurs respectueux de l&#039;environnement, avec des marques comme Stella McCartney et Rag &amp; Bone en t\u00eate gr\u00e2ce \u00e0 des programmes de production et de recyclage durables.<\/p>\n<h2>Conclusion<\/h2>\n<p>Les jeans de cr\u00e9ateurs ne sont pas seulement un accessoire de mode\u00a0; ils sont un indispensable polyvalent, durable et intemporel pour votre garde-robe 2025. En suivant les conseils d&#039;experts en style et en entretien, vous pourrez optimiser ces pi\u00e8ces haut de gamme pour diverses occasions. Que ce soit pour le travail, les \u00e9v\u00e9nements sociaux ou les sorties d\u00e9contract\u00e9es, les jeans de cr\u00e9ateurs offrent une flexibilit\u00e9 et un style in\u00e9gal\u00e9s.<\/p>\n<h2 dir=\"auto\">Services de personnalisation par LYDENIM<\/h2>\n<p dir=\"auto\">\ud83c\udfa8 Vouloir <strong>tissus denim personnalis\u00e9s<\/strong> ou\u00a0 <strong>unique<\/strong> <strong>v\u00eatement en denim personnalis\u00e9<\/strong>? LYDENIM est sp\u00e9cialis\u00e9 dans les solutions sur mesure pour r\u00e9pondre \u00e0 vos besoins de conception et de production.<\/p>\n<p dir=\"auto\">\ud83d\udecd\ufe0f <strong>Explorez et inspirez-vous<\/strong>: Parcourez nos s\u00e9lections de tissus et d\u00e9couvrez des id\u00e9es de design sur <a href=\"https:\/\/lydenim.com\/fr\/\" target=\"_blank\" rel=\"noopener noreferrer nofollow\">LYDenim<\/a>.<\/p>\n<p dir=\"auto\">\ud83c\udf10 <strong>V\u00eatements \u00e9lastiques<\/strong>:D\u00e9couvrez nos offres sur <a href=\"http:\/\/liangyuantextile.m.en.alibaba.com\" target=\"_blank\" rel=\"noopener noreferrer nofollow\">MonAlibaba<\/a>. \ud83d\udce9 <strong>Contactez-nous<\/strong>: Contactez-nous \u00e0 <a href=\"mailto:malone@lydenim.com\" target=\"_blank\" rel=\"noopener noreferrer nofollow\">malone@lydenim.com<\/a>.<\/p>\n<p dir=\"auto\">Cr\u00e9ez votre chef-d&#039;\u0153uvre en denim avec LYDENIM, votre partenaire de confiance pour <strong>tissu extensible<\/strong> et <strong>solutions denim personnalis\u00e9es<\/strong>.<\/p>","protected":false},"excerpt":{"rendered":"<p>Temps de lecture estim\u00e9 : ~3 minutes Introduction Les jeans de cr\u00e9ateurs sont le summum de la mode en 2025, alliant le confort du denim<\/p>","protected":false},"author":1,"featured_media":5691,"comment_status":"open","ping_status":"open","sticky":false,"template":"","format":"standard","meta":{"two_page_speed":[],"footnotes":""},"categories":[76],"tags":[],"class_list":["post-5635","post","type-post","status-publish","format-standard","has-post-thumbnail","hentry","category-garment"],"aioseo_notices":[],"_links":{"self":[{"href":"https:\/\/lydenim.com\/fr\/wp-json\/wp\/v2\/posts\/5635","targetHints":{"allow":["GET"]}}],"collection":[{"href":"https:\/\/lydenim.com\/fr\/wp-json\/wp\/v2\/posts"}],"about":[{"href":"https:\/\/lydenim.com\/fr\/wp-json\/wp\/v2\/types\/post"}],"author":[{"embeddable":true,"href":"https:\/\/lydenim.com\/fr\/wp-json\/wp\/v2\/users\/1"}],"replies":[{"embeddable":true,"href":"https:\/\/lydenim.com\/fr\/wp-json\/wp\/v2\/comments?post=5635"}],"version-history":[{"count":5,"href":"https:\/\/lydenim.com\/fr\/wp-json\/wp\/v2\/posts\/5635\/revisions"}],"predecessor-version":[{"id":6367,"href":"https:\/\/lydenim.com\/fr\/wp-json\/wp\/v2\/posts\/5635\/revisions\/6367"}],"wp:featuredmedia":[{"embeddable":true,"href":"https:\/\/lydenim.com\/fr\/wp-json\/wp\/v2\/media\/5691"}],"wp:attachment":[{"href":"https:\/\/lydenim.com\/fr\/wp-json\/wp\/v2\/media?parent=5635"}],"wp:term":[{"taxonomy":"category","embeddable":true,"href":"https:\/\/lydenim.com\/fr\/wp-json\/wp\/v2\/categories?post=5635"},{"taxonomy":"post_tag","embeddable":true,"href":"https:\/\/lydenim.com\/fr\/wp-json\/wp\/v2\/tags?post=5635"}],"curies":[{"name":"wp","href":"https:\/\/api.w.org\/{rel}","templated":true}]}}