{"id":5657,"date":"2025-07-02T11:05:40","date_gmt":"2025-07-02T03:05:40","guid":{"rendered":"https:\/\/lydenim.com\/?p=5657"},"modified":"2025-08-24T13:43:25","modified_gmt":"2025-08-24T05:43:25","slug":"denim-styles","status":"publish","type":"post","link":"https:\/\/lydenim.com\/fr\/styles-de-denim\/","title":{"rendered":"Styles de denim\u00a0: des types de tissus aux choix de coupe"},"content":{"rendered":"<h2>Temps de lecture estim\u00e9 : ~ 6 minutes<\/h2>\n<h2>Introduction<\/h2>\n<p>Le denim est une mati\u00e8re intemporelle qui occupe une place pr\u00e9pond\u00e9rante dans la mode internationale gr\u00e2ce \u00e0 sa durabilit\u00e9, son confort et son style embl\u00e9matique. D\u00e9clin\u00e9 dans une large gamme de tissus, de tissages et de coupes, le denim offre des possibilit\u00e9s infinies d&#039;expression personnelle. Du jean droit classique aux mod\u00e8les baggy modernes, le denim s&#039;adapte \u00e0 tous les besoins et \u00e0 toutes les occasions. Cet article explore les types de tissus denim, les techniques de tissage, les coupes populaires, les avantages, les inconv\u00e9nients, les utilisations possibles, le potentiel du march\u00e9 et les conseils d&#039;experts pour guider les lecteurs dans le choix et le style de leurs pi\u00e8ces en denim.<\/p>\n<h2>Types et tissages de tissus en denim<\/h2>\n<p>La polyvalence du denim repose sur ses tissages et traitements textiles uniques. Voici les principaux types et caract\u00e9ristiques\u00a0:<\/p>\n<h3><a href=\"https:\/\/lydenim.com\/fr\/motifs-de-tissage\/\">Tissages communs<\/a><\/h3>\n<ul>\n<li><strong>Armure serg\u00e9e<\/strong>:Le tissage denim le plus r\u00e9pandu, cr\u00e9ant un motif c\u00f4tel\u00e9 en diagonale, connu pour sa durabilit\u00e9 et son apparence embl\u00e9matique.\n<p><div id=\"attachment_3982\" style=\"width: 610px\" class=\"wp-caption aligncenter\"><img loading=\"lazy\" decoding=\"async\" aria-describedby=\"caption-attachment-3982\" class=\"wp-image-3982\" src=\"https:\/\/lydenim.com\/wp-content\/uploads\/2025\/03\/IMG_4206.jpg\" alt=\"Armure serg\u00e9e\" width=\"600\" height=\"274\" srcset=\"https:\/\/lydenim.com\/wp-content\/uploads\/2025\/03\/IMG_4206.jpg 1186w, https:\/\/lydenim.com\/wp-content\/uploads\/2025\/03\/IMG_4206-300x137.jpg 300w, https:\/\/lydenim.com\/wp-content\/uploads\/2025\/03\/IMG_4206-1024x468.jpg 1024w, https:\/\/lydenim.com\/wp-content\/uploads\/2025\/03\/IMG_4206-768x351.jpg 768w, https:\/\/lydenim.com\/wp-content\/uploads\/2025\/03\/IMG_4206-18x8.jpg 18w, https:\/\/lydenim.com\/wp-content\/uploads\/2025\/03\/IMG_4206-600x274.jpg 600w, https:\/\/lydenim.com\/wp-content\/uploads\/2025\/03\/IMG_4206-150x69.jpg 150w\" sizes=\"auto, (max-width: 600px) 100vw, 600px\" \/><p id=\"caption-attachment-3982\" class=\"wp-caption-text\">Armure serg\u00e9e<\/p><\/div><\/li>\n<li><strong>Tissage uni<\/strong>: Moins courant dans le denim, utilis\u00e9 pour les tissus plus l\u00e9gers comme le chambray, offrant une structure plus simple et \u00e9quilibr\u00e9e.\n<p><div id=\"attachment_3981\" style=\"width: 610px\" class=\"wp-caption aligncenter\"><img loading=\"lazy\" decoding=\"async\" aria-describedby=\"caption-attachment-3981\" class=\"wp-image-3981\" src=\"https:\/\/lydenim.com\/wp-content\/uploads\/2025\/03\/\u659c\u7eb9.jpeg\" alt=\"Tissage uni\" width=\"600\" height=\"301\" srcset=\"https:\/\/lydenim.com\/wp-content\/uploads\/2025\/03\/\u659c\u7eb9.jpeg 1156w, https:\/\/lydenim.com\/wp-content\/uploads\/2025\/03\/\u659c\u7eb9-300x151.jpeg 300w, https:\/\/lydenim.com\/wp-content\/uploads\/2025\/03\/\u659c\u7eb9-1024x514.jpeg 1024w, https:\/\/lydenim.com\/wp-content\/uploads\/2025\/03\/\u659c\u7eb9-768x385.jpeg 768w, https:\/\/lydenim.com\/wp-content\/uploads\/2025\/03\/\u659c\u7eb9-18x9.jpeg 18w, https:\/\/lydenim.com\/wp-content\/uploads\/2025\/03\/\u659c\u7eb9-600x301.jpeg 600w, https:\/\/lydenim.com\/wp-content\/uploads\/2025\/03\/\u659c\u7eb9-150x75.jpeg 150w\" sizes=\"auto, (max-width: 600px) 100vw, 600px\" \/><p id=\"caption-attachment-3981\" class=\"wp-caption-text\">Tissage uni<\/p><\/div><\/li>\n<li><strong>Serg\u00e9 bris\u00e9<\/strong>:Une variante de serg\u00e9 avec des motifs diagonaux interrompus, cr\u00e9ant une texture distinctive, souvent utilis\u00e9e dans les jeans haut de gamme.\n<p><div id=\"attachment_3985\" style=\"width: 610px\" class=\"wp-caption aligncenter\"><img loading=\"lazy\" decoding=\"async\" aria-describedby=\"caption-attachment-3985\" class=\"wp-image-3985\" src=\"https:\/\/lydenim.com\/wp-content\/uploads\/2025\/03\/IMG_4209.jpg\" alt=\"Serg\u00e9 bris\u00e9\" width=\"600\" height=\"241\" srcset=\"https:\/\/lydenim.com\/wp-content\/uploads\/2025\/03\/IMG_4209.jpg 1178w, https:\/\/lydenim.com\/wp-content\/uploads\/2025\/03\/IMG_4209-300x120.jpg 300w, https:\/\/lydenim.com\/wp-content\/uploads\/2025\/03\/IMG_4209-1024x411.jpg 1024w, https:\/\/lydenim.com\/wp-content\/uploads\/2025\/03\/IMG_4209-768x308.jpg 768w, https:\/\/lydenim.com\/wp-content\/uploads\/2025\/03\/IMG_4209-18x7.jpg 18w, https:\/\/lydenim.com\/wp-content\/uploads\/2025\/03\/IMG_4209-600x241.jpg 600w, https:\/\/lydenim.com\/wp-content\/uploads\/2025\/03\/IMG_4209-150x60.jpg 150w\" sizes=\"auto, (max-width: 600px) 100vw, 600px\" \/><p id=\"caption-attachment-3985\" class=\"wp-caption-text\">Serg\u00e9 bris\u00e9<\/p><\/div><\/li>\n<li><strong>Serg\u00e9 \u00e0 chevrons<\/strong>:Forme un motif en forme de V, ajoutant un effet d\u00e9coratif, couramment observ\u00e9 dans les vestes ou les mod\u00e8les sp\u00e9ciaux.\n<p><div id=\"attachment_3984\" style=\"width: 610px\" class=\"wp-caption aligncenter\"><img loading=\"lazy\" decoding=\"async\" aria-describedby=\"caption-attachment-3984\" class=\"wp-image-3984\" src=\"https:\/\/lydenim.com\/wp-content\/uploads\/2025\/03\/IMG_4208.jpg\" alt=\"Chevrons (d\u00e9riv\u00e9 du serg\u00e9)\" width=\"600\" height=\"225\" srcset=\"https:\/\/lydenim.com\/wp-content\/uploads\/2025\/03\/IMG_4208.jpg 1165w, https:\/\/lydenim.com\/wp-content\/uploads\/2025\/03\/IMG_4208-300x112.jpg 300w, https:\/\/lydenim.com\/wp-content\/uploads\/2025\/03\/IMG_4208-1024x383.jpg 1024w, https:\/\/lydenim.com\/wp-content\/uploads\/2025\/03\/IMG_4208-768x287.jpg 768w, https:\/\/lydenim.com\/wp-content\/uploads\/2025\/03\/IMG_4208-18x7.jpg 18w, https:\/\/lydenim.com\/wp-content\/uploads\/2025\/03\/IMG_4208-600x225.jpg 600w, https:\/\/lydenim.com\/wp-content\/uploads\/2025\/03\/IMG_4208-150x56.jpg 150w\" sizes=\"auto, (max-width: 600px) 100vw, 600px\" \/><p id=\"caption-attachment-3984\" class=\"wp-caption-text\">Chevrons (d\u00e9riv\u00e9 du serg\u00e9)<\/p><\/div><\/li>\n<li><strong>Texture flamm\u00e9e<\/strong>: Pr\u00e9sente des fils irr\u00e9guliers ressemblant \u00e0 des joints de bambou, ajoutant un int\u00e9r\u00eat visuel et tactile.\n<p><div id=\"attachment_3987\" style=\"width: 610px\" class=\"wp-caption aligncenter\"><img loading=\"lazy\" decoding=\"async\" aria-describedby=\"caption-attachment-3987\" class=\"wp-image-3987\" src=\"https:\/\/lydenim.com\/wp-content\/uploads\/2025\/03\/IMG_4211.jpg\" alt=\"Texture flamm\u00e9e\" width=\"600\" height=\"274\" srcset=\"https:\/\/lydenim.com\/wp-content\/uploads\/2025\/03\/IMG_4211.jpg 1150w, https:\/\/lydenim.com\/wp-content\/uploads\/2025\/03\/IMG_4211-300x137.jpg 300w, https:\/\/lydenim.com\/wp-content\/uploads\/2025\/03\/IMG_4211-1024x467.jpg 1024w, https:\/\/lydenim.com\/wp-content\/uploads\/2025\/03\/IMG_4211-768x351.jpg 768w, https:\/\/lydenim.com\/wp-content\/uploads\/2025\/03\/IMG_4211-18x8.jpg 18w, https:\/\/lydenim.com\/wp-content\/uploads\/2025\/03\/IMG_4211-600x274.jpg 600w, https:\/\/lydenim.com\/wp-content\/uploads\/2025\/03\/IMG_4211-150x68.jpg 150w\" sizes=\"auto, (max-width: 600px) 100vw, 600px\" \/><p id=\"caption-attachment-3987\" class=\"wp-caption-text\">Texture flamm\u00e9e<\/p><\/div><\/li>\n<li><strong>Flamme crois\u00e9e<\/strong>:Sur la base de l&#039;ajout de joints Slub au fil de cha\u00eene, des joints Slub sont \u00e9galement ajout\u00e9s au fil de trame, ce qui a permis d&#039;obtenir l&#039;effet de Slub horizontal et vertical.\n<p><div id=\"attachment_4338\" style=\"width: 610px\" class=\"wp-caption aligncenter\"><img loading=\"lazy\" decoding=\"async\" aria-describedby=\"caption-attachment-4338\" class=\"wp-image-4338\" src=\"https:\/\/lydenim.com\/wp-content\/uploads\/2025\/03\/slub.jpg\" alt=\"flamm\u00e9\" width=\"600\" height=\"401\" srcset=\"https:\/\/lydenim.com\/wp-content\/uploads\/2025\/03\/slub.jpg 1045w, https:\/\/lydenim.com\/wp-content\/uploads\/2025\/03\/slub-300x201.jpg 300w, https:\/\/lydenim.com\/wp-content\/uploads\/2025\/03\/slub-1024x685.jpg 1024w, https:\/\/lydenim.com\/wp-content\/uploads\/2025\/03\/slub-768x514.jpg 768w, https:\/\/lydenim.com\/wp-content\/uploads\/2025\/03\/slub-18x12.jpg 18w, https:\/\/lydenim.com\/wp-content\/uploads\/2025\/03\/slub-600x401.jpg 600w, https:\/\/lydenim.com\/wp-content\/uploads\/2025\/03\/slub-150x100.jpg 150w\" sizes=\"auto, (max-width: 600px) 100vw, 600px\" \/><p id=\"caption-attachment-4338\" class=\"wp-caption-text\">flamm\u00e9<\/p><\/div><\/li>\n<li><strong>Denim doubl\u00e9 en tissu \u00e9ponge<\/strong>: Poss\u00e8de un support doux semblable \u00e0 une serviette pour un confort accru, utilis\u00e9 dans le denim sp\u00e9cialis\u00e9.<img loading=\"lazy\" decoding=\"async\" class=\"aligncenter wp-image-5659\" src=\"https:\/\/lydenim.com\/wp-content\/uploads\/2025\/07\/Terry-Backed-Denim.webp\" alt=\"\" width=\"600\" height=\"600\" srcset=\"https:\/\/lydenim.com\/wp-content\/uploads\/2025\/07\/Terry-Backed-Denim.webp 1024w, https:\/\/lydenim.com\/wp-content\/uploads\/2025\/07\/Terry-Backed-Denim-300x300.webp 300w, https:\/\/lydenim.com\/wp-content\/uploads\/2025\/07\/Terry-Backed-Denim-150x150.webp 150w, https:\/\/lydenim.com\/wp-content\/uploads\/2025\/07\/Terry-Backed-Denim-768x768.webp 768w, https:\/\/lydenim.com\/wp-content\/uploads\/2025\/07\/Terry-Backed-Denim-12x12.webp 12w, https:\/\/lydenim.com\/wp-content\/uploads\/2025\/07\/Terry-Backed-Denim-600x600.webp 600w\" sizes=\"auto, (max-width: 600px) 100vw, 600px\" \/><\/li>\n<\/ul>\n<h3>Motifs de tissage<\/h3>\n<p>Les tissages de denim sont d\u00e9crits par le nombre de fils, indiquant comment la trame s&#039;entrelace avec la cha\u00eene :<\/p>\n<ul>\n<li><strong>Trois pi\u00e8ces (serg\u00e9 3\/1)<\/strong>:La trame passe sur trois fils de cha\u00eene et sous un seul, formant un serg\u00e9 classique et durable, courant dans les jeans traditionnels.<img loading=\"lazy\" decoding=\"async\" class=\"aligncenter wp-image-5661\" src=\"https:\/\/lydenim.com\/wp-content\/uploads\/2025\/07\/31.jpg\" alt=\"\" width=\"600\" height=\"557\" srcset=\"https:\/\/lydenim.com\/wp-content\/uploads\/2025\/07\/31.jpg 872w, https:\/\/lydenim.com\/wp-content\/uploads\/2025\/07\/31-300x279.jpg 300w, https:\/\/lydenim.com\/wp-content\/uploads\/2025\/07\/31-768x713.jpg 768w, https:\/\/lydenim.com\/wp-content\/uploads\/2025\/07\/31-13x12.jpg 13w, https:\/\/lydenim.com\/wp-content\/uploads\/2025\/07\/31-600x557.jpg 600w, https:\/\/lydenim.com\/wp-content\/uploads\/2025\/07\/31-150x139.jpg 150w\" sizes=\"auto, (max-width: 600px) 100vw, 600px\" \/><\/li>\n<li><strong>Quatre pi\u00e8ces (serg\u00e9 4\/1)<\/strong>:La trame passe sur quatre fils de cha\u00eene, augmentant la douceur, id\u00e9ale pour les styles plus l\u00e9gers.<img loading=\"lazy\" decoding=\"async\" class=\"aligncenter wp-image-5663\" src=\"https:\/\/lydenim.com\/wp-content\/uploads\/2025\/07\/IMG_5117.jpg\" alt=\"\" width=\"600\" height=\"600\" srcset=\"https:\/\/lydenim.com\/wp-content\/uploads\/2025\/07\/IMG_5117.jpg 2196w, https:\/\/lydenim.com\/wp-content\/uploads\/2025\/07\/IMG_5117-300x300.jpg 300w, https:\/\/lydenim.com\/wp-content\/uploads\/2025\/07\/IMG_5117-1024x1024.jpg 1024w, https:\/\/lydenim.com\/wp-content\/uploads\/2025\/07\/IMG_5117-150x150.jpg 150w, https:\/\/lydenim.com\/wp-content\/uploads\/2025\/07\/IMG_5117-768x768.jpg 768w, https:\/\/lydenim.com\/wp-content\/uploads\/2025\/07\/IMG_5117-1536x1536.jpg 1536w, https:\/\/lydenim.com\/wp-content\/uploads\/2025\/07\/IMG_5117-2048x2048.jpg 2048w, https:\/\/lydenim.com\/wp-content\/uploads\/2025\/07\/IMG_5117-12x12.jpg 12w, https:\/\/lydenim.com\/wp-content\/uploads\/2025\/07\/IMG_5117-600x600.jpg 600w\" sizes=\"auto, (max-width: 600px) 100vw, 600px\" \/><\/li>\n<li><strong>De cinq \u00e0 douze pi\u00e8ces<\/strong>:Les nombres de fils plus \u00e9lev\u00e9s sont rares, utilis\u00e9s pour les textures complexes et sp\u00e9cialis\u00e9es.\n<div id=\"attachment_5664\" style=\"width: 610px\" class=\"wp-caption aligncenter\"><img loading=\"lazy\" decoding=\"async\" aria-describedby=\"caption-attachment-5664\" class=\"wp-image-5664\" src=\"https:\/\/lydenim.com\/wp-content\/uploads\/2025\/07\/6\u7247.jpg\" alt=\"\" width=\"600\" height=\"600\" srcset=\"https:\/\/lydenim.com\/wp-content\/uploads\/2025\/07\/6\u7247.jpg 1000w, https:\/\/lydenim.com\/wp-content\/uploads\/2025\/07\/6\u7247-300x300.jpg 300w, https:\/\/lydenim.com\/wp-content\/uploads\/2025\/07\/6\u7247-150x150.jpg 150w, https:\/\/lydenim.com\/wp-content\/uploads\/2025\/07\/6\u7247-768x768.jpg 768w, https:\/\/lydenim.com\/wp-content\/uploads\/2025\/07\/6\u7247-12x12.jpg 12w, https:\/\/lydenim.com\/wp-content\/uploads\/2025\/07\/6\u7247-600x600.jpg 600w\" sizes=\"auto, (max-width: 600px) 100vw, 600px\" \/><p id=\"caption-attachment-5664\" class=\"wp-caption-text\">6<\/p><\/div>\n<p><div id=\"attachment_5665\" style=\"width: 610px\" class=\"wp-caption aligncenter\"><img loading=\"lazy\" decoding=\"async\" aria-describedby=\"caption-attachment-5665\" class=\"wp-image-5665\" src=\"https:\/\/lydenim.com\/wp-content\/uploads\/2025\/07\/8\u7247.jpg\" alt=\"\" width=\"600\" height=\"374\" srcset=\"https:\/\/lydenim.com\/wp-content\/uploads\/2025\/07\/8\u7247.jpg 1248w, https:\/\/lydenim.com\/wp-content\/uploads\/2025\/07\/8\u7247-300x187.jpg 300w, https:\/\/lydenim.com\/wp-content\/uploads\/2025\/07\/8\u7247-1024x638.jpg 1024w, https:\/\/lydenim.com\/wp-content\/uploads\/2025\/07\/8\u7247-768x479.jpg 768w, https:\/\/lydenim.com\/wp-content\/uploads\/2025\/07\/8\u7247-18x12.jpg 18w, https:\/\/lydenim.com\/wp-content\/uploads\/2025\/07\/8\u7247-600x374.jpg 600w, https:\/\/lydenim.com\/wp-content\/uploads\/2025\/07\/8\u7247-150x94.jpg 150w\" sizes=\"auto, (max-width: 600px) 100vw, 600px\" \/><p id=\"caption-attachment-5665\" class=\"wp-caption-text\">8<\/p><\/div><\/li>\n<\/ul>\n<h3>Tissus denim sp\u00e9ciaux<\/h3>\n<ul>\n<li><strong>Denim Selvedge<\/strong>:Dispose d&#039;un bord auto-fini pour \u00e9viter l&#039;effilochage, associ\u00e9 \u00e0 un savoir-faire de haute qualit\u00e9.<img loading=\"lazy\" decoding=\"async\" class=\"aligncenter wp-image-5469\" src=\"https:\/\/lydenim.com\/wp-content\/uploads\/2025\/06\/Selvedge-Denim-1-1.jpg\" alt=\"\" width=\"600\" height=\"400\" srcset=\"https:\/\/lydenim.com\/wp-content\/uploads\/2025\/06\/Selvedge-Denim-1-1.jpg 1619w, https:\/\/lydenim.com\/wp-content\/uploads\/2025\/06\/Selvedge-Denim-1-1-300x200.jpg 300w, https:\/\/lydenim.com\/wp-content\/uploads\/2025\/06\/Selvedge-Denim-1-1-1024x683.jpg 1024w, https:\/\/lydenim.com\/wp-content\/uploads\/2025\/06\/Selvedge-Denim-1-1-768x512.jpg 768w, https:\/\/lydenim.com\/wp-content\/uploads\/2025\/06\/Selvedge-Denim-1-1-1536x1025.jpg 1536w, https:\/\/lydenim.com\/wp-content\/uploads\/2025\/06\/Selvedge-Denim-1-1-18x12.jpg 18w, https:\/\/lydenim.com\/wp-content\/uploads\/2025\/06\/Selvedge-Denim-1-1-600x400.jpg 600w, https:\/\/lydenim.com\/wp-content\/uploads\/2025\/06\/Selvedge-Denim-1-1-150x100.jpg 150w\" sizes=\"auto, (max-width: 600px) 100vw, 600px\" \/><\/li>\n<li><strong>Denim brut<\/strong>:Denim non lav\u00e9 qui se d\u00e9colore naturellement avec l&#039;usure, cr\u00e9ant un look personnalis\u00e9, populaire parmi les amateurs de denim.\n<p><div id=\"attachment_5443\" style=\"width: 610px\" class=\"wp-caption aligncenter\"><img loading=\"lazy\" decoding=\"async\" aria-describedby=\"caption-attachment-5443\" class=\"wp-image-5443\" src=\"https:\/\/lydenim.com\/wp-content\/uploads\/2025\/06\/Raw-Denim.jpg\" alt=\"\" width=\"600\" height=\"800\" srcset=\"https:\/\/lydenim.com\/wp-content\/uploads\/2025\/06\/Raw-Denim.jpg 1668w, https:\/\/lydenim.com\/wp-content\/uploads\/2025\/06\/Raw-Denim-225x300.jpg 225w, https:\/\/lydenim.com\/wp-content\/uploads\/2025\/06\/Raw-Denim-768x1024.jpg 768w, https:\/\/lydenim.com\/wp-content\/uploads\/2025\/06\/Raw-Denim-1152x1536.jpg 1152w, https:\/\/lydenim.com\/wp-content\/uploads\/2025\/06\/Raw-Denim-1536x2048.jpg 1536w, https:\/\/lydenim.com\/wp-content\/uploads\/2025\/06\/Raw-Denim-9x12.jpg 9w, https:\/\/lydenim.com\/wp-content\/uploads\/2025\/06\/Raw-Denim-600x800.jpg 600w, https:\/\/lydenim.com\/wp-content\/uploads\/2025\/06\/Raw-Denim-150x200.jpg 150w\" sizes=\"auto, (max-width: 600px) 100vw, 600px\" \/><p id=\"caption-attachment-5443\" class=\"wp-caption-text\">Denim brut<\/p><\/div><\/li>\n<li><strong>Denim extensible<\/strong>:M\u00e9lang\u00e9 avec du spandex ou de l&#039;\u00e9lasthanne pour plus de flexibilit\u00e9 et de confort, id\u00e9al pour les styles ajust\u00e9s.<img loading=\"lazy\" decoding=\"async\" class=\"aligncenter wp-image-2890\" src=\"https:\/\/lydenim.com\/wp-content\/uploads\/2025\/01\/DSC08102-scaled.jpg\" alt=\"\" width=\"600\" height=\"600\" srcset=\"https:\/\/lydenim.com\/wp-content\/uploads\/2025\/01\/DSC08102-scaled.jpg 2560w, https:\/\/lydenim.com\/wp-content\/uploads\/2025\/01\/DSC08102-300x300.jpg 300w, https:\/\/lydenim.com\/wp-content\/uploads\/2025\/01\/DSC08102-150x150.jpg 150w, https:\/\/lydenim.com\/wp-content\/uploads\/2025\/01\/DSC08102-scaled-600x600.jpg 600w, https:\/\/lydenim.com\/wp-content\/uploads\/2025\/01\/DSC08102-1024x1024.jpg 1024w, https:\/\/lydenim.com\/wp-content\/uploads\/2025\/01\/DSC08102-768x768.jpg 768w, https:\/\/lydenim.com\/wp-content\/uploads\/2025\/01\/DSC08102-1536x1536.jpg 1536w, https:\/\/lydenim.com\/wp-content\/uploads\/2025\/01\/DSC08102-2048x2048.jpg 2048w, https:\/\/lydenim.com\/wp-content\/uploads\/2025\/01\/DSC08102-12x12.jpg 12w\" sizes=\"auto, (max-width: 600px) 100vw, 600px\" \/><\/li>\n<li><strong>Denim biologique<\/strong>:Fabriqu\u00e9 \u00e0 partir de coton biologique sans pesticides synth\u00e9tiques, attrayant pour les consommateurs soucieux de l&#039;environnement.<img loading=\"lazy\" decoding=\"async\" class=\"aligncenter wp-image-2052\" src=\"https:\/\/lydenim.com\/wp-content\/uploads\/2024\/12\/\u4e0b\u8f7d-3.jpg\" alt=\"M\u00c9LANGE BIOLOGIQUE\" width=\"600\" height=\"386\" srcset=\"https:\/\/lydenim.com\/wp-content\/uploads\/2024\/12\/\u4e0b\u8f7d-3.jpg 280w, https:\/\/lydenim.com\/wp-content\/uploads\/2024\/12\/\u4e0b\u8f7d-3-150x96.jpg 150w\" sizes=\"auto, (max-width: 600px) 100vw, 600px\" \/><\/li>\n<li><strong>Denim recycl\u00e9<\/strong>:Utilise des mat\u00e9riaux recycl\u00e9s pour promouvoir la durabilit\u00e9, en s&#039;alignant sur les tendances de la mode verte.\n<p><div id=\"attachment_2820\" style=\"width: 610px\" class=\"wp-caption aligncenter\"><img loading=\"lazy\" decoding=\"async\" aria-describedby=\"caption-attachment-2820\" class=\"wp-image-2820\" src=\"https:\/\/lydenim.com\/wp-content\/uploads\/2025\/01\/\u56de\u6536\u725b\u4ed4.jpeg\" alt=\"\" width=\"600\" height=\"907\" srcset=\"https:\/\/lydenim.com\/wp-content\/uploads\/2025\/01\/\u56de\u6536\u725b\u4ed4.jpeg 736w, https:\/\/lydenim.com\/wp-content\/uploads\/2025\/01\/\u56de\u6536\u725b\u4ed4-150x227.jpeg 150w, https:\/\/lydenim.com\/wp-content\/uploads\/2025\/01\/\u56de\u6536\u725b\u4ed4-600x907.jpeg 600w, https:\/\/lydenim.com\/wp-content\/uploads\/2025\/01\/\u56de\u6536\u725b\u4ed4-199x300.jpeg 199w, https:\/\/lydenim.com\/wp-content\/uploads\/2025\/01\/\u56de\u6536\u725b\u4ed4-678x1024.jpeg 678w, https:\/\/lydenim.com\/wp-content\/uploads\/2025\/01\/\u56de\u6536\u725b\u4ed4-8x12.jpeg 8w\" sizes=\"auto, (max-width: 600px) 100vw, 600px\" \/><p id=\"caption-attachment-2820\" class=\"wp-caption-text\">Denim recycl\u00e9<\/p><\/div><\/li>\n<li><strong>Chambray<\/strong>:Un tissu uni l\u00e9ger et respirant, souvent utilis\u00e9 pour les chemises et les robes.\n<p><div id=\"attachment_5616\" style=\"width: 610px\" class=\"wp-caption aligncenter\"><img loading=\"lazy\" decoding=\"async\" aria-describedby=\"caption-attachment-5616\" class=\"wp-image-5616\" src=\"https:\/\/lydenim.com\/wp-content\/uploads\/2025\/06\/Chambray-Fabric.jpg\" alt=\"\" width=\"600\" height=\"600\" srcset=\"https:\/\/lydenim.com\/wp-content\/uploads\/2025\/06\/Chambray-Fabric.jpg 1000w, https:\/\/lydenim.com\/wp-content\/uploads\/2025\/06\/Chambray-Fabric-300x300.jpg 300w, https:\/\/lydenim.com\/wp-content\/uploads\/2025\/06\/Chambray-Fabric-150x150.jpg 150w, https:\/\/lydenim.com\/wp-content\/uploads\/2025\/06\/Chambray-Fabric-768x768.jpg 768w, https:\/\/lydenim.com\/wp-content\/uploads\/2025\/06\/Chambray-Fabric-12x12.jpg 12w, https:\/\/lydenim.com\/wp-content\/uploads\/2025\/06\/Chambray-Fabric-600x600.jpg 600w\" sizes=\"auto, (max-width: 600px) 100vw, 600px\" \/><p id=\"caption-attachment-5616\" class=\"wp-caption-text\">Tissu Chambray<\/p><\/div><\/li>\n<\/ul>\n<h3><a href=\"https:\/\/lydenim.com\/fr\/10-types-de-techniques-de-lavage-de-tissu-denim-expliquees\/\">Finitions des tissus<\/a><\/h3>\n<ul>\n<li><strong>Teinture \u00e0 l&#039;indigo<\/strong>: M\u00e9thode traditionnelle de teinture de la cha\u00eene \u00e0 l&#039;indigo, laissant la trame blanche pour un look bleu classique.<img loading=\"lazy\" decoding=\"async\" class=\"aligncenter wp-image-4190\" src=\"https:\/\/lydenim.com\/wp-content\/uploads\/2025\/03\/IMG_4220.jpg\" alt=\"\" width=\"600\" height=\"471\" srcset=\"https:\/\/lydenim.com\/wp-content\/uploads\/2025\/03\/IMG_4220.jpg 1222w, https:\/\/lydenim.com\/wp-content\/uploads\/2025\/03\/IMG_4220-300x235.jpg 300w, https:\/\/lydenim.com\/wp-content\/uploads\/2025\/03\/IMG_4220-1024x804.jpg 1024w, https:\/\/lydenim.com\/wp-content\/uploads\/2025\/03\/IMG_4220-768x603.jpg 768w, https:\/\/lydenim.com\/wp-content\/uploads\/2025\/03\/IMG_4220-15x12.jpg 15w, https:\/\/lydenim.com\/wp-content\/uploads\/2025\/03\/IMG_4220-600x471.jpg 600w, https:\/\/lydenim.com\/wp-content\/uploads\/2025\/03\/IMG_4220-150x118.jpg 150w\" sizes=\"auto, (max-width: 600px) 100vw, 600px\" \/><\/li>\n<li><strong>D\u00e9lav\u00e9 \u00e0 la pierre<\/strong>:Trait\u00e9 avec des pierres ponces pour un aspect us\u00e9 et d\u00e9lav\u00e9, ajoutant une touche vintage.\n<p><div id=\"attachment_4186\" style=\"width: 610px\" class=\"wp-caption aligncenter\"><img loading=\"lazy\" decoding=\"async\" aria-describedby=\"caption-attachment-4186\" class=\"wp-image-4186\" src=\"https:\/\/lydenim.com\/wp-content\/uploads\/2025\/03\/IMG_4216.jpg\" alt=\"Lavage \u00e0 la pierre (Stone Wash\/Stone Wash)\" width=\"600\" height=\"360\" srcset=\"https:\/\/lydenim.com\/wp-content\/uploads\/2025\/03\/IMG_4216.jpg 986w, https:\/\/lydenim.com\/wp-content\/uploads\/2025\/03\/IMG_4216-300x180.jpg 300w, https:\/\/lydenim.com\/wp-content\/uploads\/2025\/03\/IMG_4216-768x461.jpg 768w, https:\/\/lydenim.com\/wp-content\/uploads\/2025\/03\/IMG_4216-18x12.jpg 18w, https:\/\/lydenim.com\/wp-content\/uploads\/2025\/03\/IMG_4216-600x360.jpg 600w, https:\/\/lydenim.com\/wp-content\/uploads\/2025\/03\/IMG_4216-150x90.jpg 150w\" sizes=\"auto, (max-width: 600px) 100vw, 600px\" \/><p id=\"caption-attachment-4186\" class=\"wp-caption-text\">Lavage \u00e0 la pierre<\/p><\/div><\/li>\n<li><strong>Lav\u00e9 \u00e0 l&#039;acide<\/strong>:Utilise de l&#039;acide pour cr\u00e9er un look vieilli et unique, populaire dans les designs avant-gardistes.<\/li>\n<li><strong>Sanforis\u00e9<\/strong>:Pr\u00e9-r\u00e9tr\u00e9ci pour minimiser le r\u00e9tr\u00e9cissement apr\u00e8s lavage, assurant la stabilit\u00e9 de la taille.<\/li>\n<\/ul>\n<h2>Styles de jeans par coupe<\/h2>\n<p>Les jeans en denim offrent une vari\u00e9t\u00e9 de coupes pour s&#039;adapter \u00e0 diff\u00e9rentes pr\u00e9f\u00e9rences et morphologies :<\/p>\n<h3>Hauteurs de taille<\/h3>\n<ul>\n<li><strong>Faible hauteur<\/strong>:S&#039;installe sous la taille naturelle, inspir\u00e9 de la mode Y2K, id\u00e9al pour les looks audacieux et d\u00e9contract\u00e9s.<\/li>\n<li><strong>Taille moyenne<\/strong>:S&#039;adapte \u00e0 la taille naturelle, offrant un style \u00e9quilibr\u00e9 et polyvalent pour la plupart des occasions.<\/li>\n<li><strong>immeuble de grande hauteur<\/strong>:S&#039;installe au-dessus de la taille naturelle, allongeant les jambes, parfait pour les tenues professionnelles ou \u00e9l\u00e9gantes.\n<p><div id=\"attachment_5668\" style=\"width: 610px\" class=\"wp-caption aligncenter\"><img loading=\"lazy\" decoding=\"async\" aria-describedby=\"caption-attachment-5668\" class=\"wp-image-5668\" src=\"https:\/\/lydenim.com\/wp-content\/uploads\/2025\/07\/Waist.jpeg\" alt=\"\" width=\"600\" height=\"337\" srcset=\"https:\/\/lydenim.com\/wp-content\/uploads\/2025\/07\/Waist.jpeg 2279w, https:\/\/lydenim.com\/wp-content\/uploads\/2025\/07\/Waist-300x168.jpeg 300w, https:\/\/lydenim.com\/wp-content\/uploads\/2025\/07\/Waist-1024x575.jpeg 1024w, https:\/\/lydenim.com\/wp-content\/uploads\/2025\/07\/Waist-768x431.jpeg 768w, https:\/\/lydenim.com\/wp-content\/uploads\/2025\/07\/Waist-1536x863.jpeg 1536w, https:\/\/lydenim.com\/wp-content\/uploads\/2025\/07\/Waist-2048x1150.jpeg 2048w, https:\/\/lydenim.com\/wp-content\/uploads\/2025\/07\/Waist-18x10.jpeg 18w, https:\/\/lydenim.com\/wp-content\/uploads\/2025\/07\/Waist-600x337.jpeg 600w, https:\/\/lydenim.com\/wp-content\/uploads\/2025\/07\/Waist-150x84.jpeg 150w\" sizes=\"auto, (max-width: 600px) 100vw, 600px\" \/><p id=\"caption-attachment-5668\" class=\"wp-caption-text\">Taille<\/p><\/div><\/li>\n<\/ul>\n<h3>Styles de jambes<\/h3>\n<ul>\n<li><strong>Maigre<\/strong>:Mod\u00e8le ajust\u00e9 de la taille \u00e0 la cheville, accentuant la silhouette, id\u00e9al avec des bottes ou des talons.<\/li>\n<li><strong>Jambe droite<\/strong>:Ajust\u00e9 aux hanches et aux cuisses, droit du genou \u00e0 la cheville, un choix intemporel et polyvalent.<\/li>\n<li><strong>\u00c9vas\u00e9<\/strong>:Ajust\u00e9 aux hanches et aux cuisses, s&#039;\u00e9largissant \u00e0 partir du genou, ajoutant une touche boh\u00e8me.<\/li>\n<li><strong>Bootcut<\/strong>:Similaire \u00e0 l&#039;\u00e9vas\u00e9 mais avec un \u00e9vasement plus subtil commen\u00e7ant au niveau du mollet, con\u00e7u pour \u00eatre port\u00e9 par-dessus des bottes.<\/li>\n<li><strong>Jambes larges<\/strong>:L\u00e2che de la hanche \u00e0 l&#039;ourlet, cr\u00e9ant une silhouette spectaculaire, adapt\u00e9e aux looks tendance ou d\u00e9contract\u00e9s.<\/li>\n<li><strong>Bouffant<\/strong>:Surdimensionn\u00e9 dans son ensemble, mettant l&#039;accent sur le confort, id\u00e9al pour les styles d\u00e9contract\u00e9s.\n<p><div id=\"attachment_5670\" style=\"width: 610px\" class=\"wp-caption aligncenter\"><img loading=\"lazy\" decoding=\"async\" aria-describedby=\"caption-attachment-5670\" class=\"wp-image-5670\" src=\"https:\/\/lydenim.com\/wp-content\/uploads\/2025\/07\/Leg-Styles.jpeg\" alt=\"\" width=\"600\" height=\"337\" srcset=\"https:\/\/lydenim.com\/wp-content\/uploads\/2025\/07\/Leg-Styles.jpeg 2279w, https:\/\/lydenim.com\/wp-content\/uploads\/2025\/07\/Leg-Styles-300x168.jpeg 300w, https:\/\/lydenim.com\/wp-content\/uploads\/2025\/07\/Leg-Styles-1024x575.jpeg 1024w, https:\/\/lydenim.com\/wp-content\/uploads\/2025\/07\/Leg-Styles-768x431.jpeg 768w, https:\/\/lydenim.com\/wp-content\/uploads\/2025\/07\/Leg-Styles-1536x863.jpeg 1536w, https:\/\/lydenim.com\/wp-content\/uploads\/2025\/07\/Leg-Styles-2048x1150.jpeg 2048w, https:\/\/lydenim.com\/wp-content\/uploads\/2025\/07\/Leg-Styles-18x10.jpeg 18w, https:\/\/lydenim.com\/wp-content\/uploads\/2025\/07\/Leg-Styles-600x337.jpeg 600w, https:\/\/lydenim.com\/wp-content\/uploads\/2025\/07\/Leg-Styles-150x84.jpeg 150w\" sizes=\"auto, (max-width: 600px) 100vw, 600px\" \/><p id=\"caption-attachment-5670\" class=\"wp-caption-text\">Styles de jambes<\/p><\/div><\/li>\n<\/ul>\n<h2>Avantages et inconv\u00e9nients des styles en denim<\/h2>\n<h3>Avantages<\/h3>\n<ul>\n<li><strong>Durabilit\u00e9<\/strong>:La nature robuste du denim garantit une tenue longue dur\u00e9e, offrant un excellent rapport qualit\u00e9-prix.<\/li>\n<li><strong>Versatilit\u00e9<\/strong>:Convient aux occasions d\u00e9contract\u00e9es \u00e0 semi-formelles avec le bon style.<\/li>\n<li><strong>Style<\/strong>:M\u00e9lange des \u00e9l\u00e9ments classiques et modernes, r\u00e9pondant \u00e0 diverses pr\u00e9f\u00e9rences esth\u00e9tiques.<\/li>\n<li><strong>Confort<\/strong>:Le denim extensible et les coupes d\u00e9contract\u00e9es offrent un confort tout au long de la journ\u00e9e.<\/li>\n<li><strong>Vari\u00e9t\u00e9<\/strong>:Une vaste gamme de tissus, de tissages et de coupes convient \u00e0 diff\u00e9rents types de corps et styles.<\/li>\n<\/ul>\n<h3>Inconv\u00e9nients<\/h3>\n<ul>\n<li><strong>Complexit\u00e9 de la maintenance<\/strong>:Le denim peut se d\u00e9colorer ou r\u00e9tr\u00e9cir s&#039;il n&#039;est pas lav\u00e9 correctement, ce qui n\u00e9cessite un entretien minutieux.<\/li>\n<li><strong>Respirabilit\u00e9 limit\u00e9e<\/strong>:Le denim plus \u00e9pais peut \u00eatre moins respirant par temps chaud.<\/li>\n<li><strong>D\u00e9fis d&#039;ajustement<\/strong>:Trouver la coupe parfaite peut \u00eatre difficile en raison de la diversit\u00e9 des styles et des formes du corps.<\/li>\n<li><strong>Variations de co\u00fbts<\/strong>:Le denim haut de gamme ou de marque peut \u00eatre cher, ce qui limite l\u2019accessibilit\u00e9.<\/li>\n<\/ul>\n<h2>Sc\u00e9narios de style et d&#039;utilisation<\/h2>\n<p>La polyvalence du denim le rend id\u00e9al pour de nombreuses situations. Voici quelques suggestions de style sp\u00e9cifiques\u00a0:<\/p>\n<ul>\n<li><strong>Sorties d\u00e9contract\u00e9es<\/strong>:Jean skinny ou droit avec un t-shirt graphique et des baskets blanches pour faire du shopping, des rencontres autour d&#039;un caf\u00e9 ou des courses.<img loading=\"lazy\" decoding=\"async\" class=\"aligncenter wp-image-5671\" src=\"https:\/\/lydenim.com\/wp-content\/uploads\/2025\/07\/1.jpg\" alt=\"\" width=\"600\" height=\"900\" srcset=\"https:\/\/lydenim.com\/wp-content\/uploads\/2025\/07\/1.jpg 736w, https:\/\/lydenim.com\/wp-content\/uploads\/2025\/07\/1-200x300.jpg 200w, https:\/\/lydenim.com\/wp-content\/uploads\/2025\/07\/1-683x1024.jpg 683w, https:\/\/lydenim.com\/wp-content\/uploads\/2025\/07\/1-8x12.jpg 8w, https:\/\/lydenim.com\/wp-content\/uploads\/2025\/07\/1-600x900.jpg 600w, https:\/\/lydenim.com\/wp-content\/uploads\/2025\/07\/1-150x225.jpg 150w\" sizes=\"auto, (max-width: 600px) 100vw, 600px\" \/><\/li>\n<li><strong>Tenue de travail<\/strong>:Jean droit taille moyenne d\u00e9lav\u00e9 fonc\u00e9 avec un chemisier blanc et des mocassins, adapt\u00e9 aux industries cr\u00e9atives comme la publicit\u00e9 ou les studios de design.<img loading=\"lazy\" decoding=\"async\" class=\"aligncenter wp-image-5672\" src=\"https:\/\/lydenim.com\/wp-content\/uploads\/2025\/07\/2.jpg\" alt=\"\" width=\"600\" height=\"1067\" srcset=\"https:\/\/lydenim.com\/wp-content\/uploads\/2025\/07\/2.jpg 474w, https:\/\/lydenim.com\/wp-content\/uploads\/2025\/07\/2-169x300.jpg 169w, https:\/\/lydenim.com\/wp-content\/uploads\/2025\/07\/2-7x12.jpg 7w, https:\/\/lydenim.com\/wp-content\/uploads\/2025\/07\/2-150x267.jpg 150w\" sizes=\"auto, (max-width: 600px) 100vw, 600px\" \/><\/li>\n<li><strong>\u00c9v\u00e9nements sociaux<\/strong>:Jean \u00e9vas\u00e9 taille haute avec un chemisier en soie et des talons pour les d\u00eeners, les expositions d&#039;art ou les f\u00eates.<img loading=\"lazy\" decoding=\"async\" class=\"aligncenter wp-image-5673\" src=\"https:\/\/lydenim.com\/wp-content\/uploads\/2025\/07\/3.jpg\" alt=\"\" width=\"600\" height=\"900\" srcset=\"https:\/\/lydenim.com\/wp-content\/uploads\/2025\/07\/3.jpg 736w, https:\/\/lydenim.com\/wp-content\/uploads\/2025\/07\/3-200x300.jpg 200w, https:\/\/lydenim.com\/wp-content\/uploads\/2025\/07\/3-683x1024.jpg 683w, https:\/\/lydenim.com\/wp-content\/uploads\/2025\/07\/3-8x12.jpg 8w, https:\/\/lydenim.com\/wp-content\/uploads\/2025\/07\/3-600x900.jpg 600w, https:\/\/lydenim.com\/wp-content\/uploads\/2025\/07\/3-150x225.jpg 150w\" sizes=\"auto, (max-width: 600px) 100vw, 600px\" \/><\/li>\n<li><strong>Style d&#039;\u00e9t\u00e9<\/strong>:Jeans 7\/8 ou short en denim pour femme avec sandales et haut l\u00e9ger pour les sorties par temps chaud.<img loading=\"lazy\" decoding=\"async\" class=\"aligncenter wp-image-5674\" src=\"https:\/\/lydenim.com\/wp-content\/uploads\/2025\/07\/5.jpg\" alt=\"\" width=\"600\" height=\"900\" srcset=\"https:\/\/lydenim.com\/wp-content\/uploads\/2025\/07\/5.jpg 736w, https:\/\/lydenim.com\/wp-content\/uploads\/2025\/07\/5-200x300.jpg 200w, https:\/\/lydenim.com\/wp-content\/uploads\/2025\/07\/5-683x1024.jpg 683w, https:\/\/lydenim.com\/wp-content\/uploads\/2025\/07\/5-8x12.jpg 8w, https:\/\/lydenim.com\/wp-content\/uploads\/2025\/07\/5-600x900.jpg 600w, https:\/\/lydenim.com\/wp-content\/uploads\/2025\/07\/5-150x225.jpg 150w\" sizes=\"auto, (max-width: 600px) 100vw, 600px\" \/><\/li>\n<li><strong>Style de rue<\/strong>:Jean baggy taille basse avec un crop top et des baskets \u00e9paisses pour les soir\u00e9es mode ou la photographie de rue.<img loading=\"lazy\" decoding=\"async\" class=\"aligncenter wp-image-5675\" src=\"https:\/\/lydenim.com\/wp-content\/uploads\/2025\/07\/6.jpg\" alt=\"\" width=\"600\" height=\"900\" srcset=\"https:\/\/lydenim.com\/wp-content\/uploads\/2025\/07\/6.jpg 736w, https:\/\/lydenim.com\/wp-content\/uploads\/2025\/07\/6-200x300.jpg 200w, https:\/\/lydenim.com\/wp-content\/uploads\/2025\/07\/6-683x1024.jpg 683w, https:\/\/lydenim.com\/wp-content\/uploads\/2025\/07\/6-8x12.jpg 8w, https:\/\/lydenim.com\/wp-content\/uploads\/2025\/07\/6-600x900.jpg 600w, https:\/\/lydenim.com\/wp-content\/uploads\/2025\/07\/6-150x225.jpg 150w\" sizes=\"auto, (max-width: 600px) 100vw, 600px\" \/><\/li>\n<li><strong>Tenue de voyage<\/strong>:Jeans baggy extensibles avec une veste ou un pull pour plus de confort et de style lors de longs voyages.<img loading=\"lazy\" decoding=\"async\" class=\"aligncenter wp-image-5676\" src=\"https:\/\/lydenim.com\/wp-content\/uploads\/2025\/07\/7.jpg\" alt=\"\" width=\"600\" height=\"749\" srcset=\"https:\/\/lydenim.com\/wp-content\/uploads\/2025\/07\/7.jpg 736w, https:\/\/lydenim.com\/wp-content\/uploads\/2025\/07\/7-240x300.jpg 240w, https:\/\/lydenim.com\/wp-content\/uploads\/2025\/07\/7-10x12.jpg 10w, https:\/\/lydenim.com\/wp-content\/uploads\/2025\/07\/7-600x749.jpg 600w, https:\/\/lydenim.com\/wp-content\/uploads\/2025\/07\/7-150x187.jpg 150w\" sizes=\"auto, (max-width: 600px) 100vw, 600px\" \/><\/li>\n<\/ul>\n<h2>Perspectives d&#039;experts et de la communaut\u00e9<\/h2>\n<p>Les experts et les communaut\u00e9s de mode offrent des perspectives pr\u00e9cieuses sur les styles de denim :<\/p>\n<ul>\n<li><strong>Grace Na (fondatrice de Pistola Denim)<\/strong>: \u00ab Les jeans baggy barrel sont populaires pour leur coupe flatteuse et leur confort, ce qui en fait un incontournable pour un style polyvalent. \u00bb<\/li>\n<li><strong>Caroline Maguire (Directrice principale de la mode chez Shopbop)<\/strong>: \u00ab Les styles en denim m\u00e9langent nostalgie et innovation, avec des coupes classiques comme les jeans droits rafra\u00eechis par des d\u00e9lavages modernes et des \u00e9l\u00e9ments d\u00e9coratifs comme la broderie. \u00bb<\/li>\n<li><strong>Jill Guenza (vice-pr\u00e9sidente mondiale du design f\u00e9minin chez Levi Strauss &amp; Co.)<\/strong>: \u00ab Les silhouettes amples et fluides dominent les tendances du denim, offrant un \u00e9quilibre entre confort et style. \u00bb<\/li>\n<li><strong>Utilisateur Reddit u\/stylishguru (r\/femalefashionadvice)<\/strong>: \u00ab Les jeans en denim fonc\u00e9 avec des hauts blancs ou noirs sont id\u00e9aux pour les tenues semi-formelles, rehauss\u00e9s de mocassins ou de talons bas. \u00bb<\/li>\n<li><strong>Vogue britannique<\/strong>: \u00ab Les conceptions de ceinture, telles que les courbes uniques ou les boucles d\u00e9coratives, sont essentielles pour rehausser les looks denim. \u00bb<\/li>\n<\/ul>\n<h2>Potentiel du march\u00e9<\/h2>\n<p>Selon <a href=\"https:\/\/www.grandviewresearch.com\/\">Recherche Grand View<\/a>Le march\u00e9 mondial du jean \u00e9tait \u00e9valu\u00e9 \u00e0 86,66 milliards de dollars en 2024 et devrait atteindre 121,50 milliards de dollars d&#039;ici 2030, avec un TCAC de 5,9%. Les styles de denim stimulent la demande sur les march\u00e9s d\u00e9contract\u00e9s et professionnels gr\u00e2ce \u00e0 leur polyvalence et \u00e0 leur attrait intemporel. Les donn\u00e9es de Google Trends indiquent une augmentation significative des recherches sur le denim \u00e0 l&#039;automne 2024, refl\u00e9tant l&#039;int\u00e9r\u00eat des consommateurs pour des tissus durables et de haute qualit\u00e9. L&#039;essor de la mode durable stimule le denim biologique et recycl\u00e9, des marques comme Stella McCartney r\u00e9pondant \u00e0 cette demande gr\u00e2ce \u00e0 des programmes de production et de recyclage respectueux de l&#039;environnement.<\/p>\n<h2>Conseils d&#039;entretien<\/h2>\n<p>Pour prolonger la dur\u00e9e de vie des articles en denim, suivez ces pratiques d\u2019entretien\u00a0:<\/p>\n<ul>\n<li><strong>Laver s\u00e9par\u00e9ment<\/strong>:Nettoyer avec des couleurs similaires pour \u00e9viter le transfert de teinture<\/li>\n<li><strong>Laver de fond en comble<\/strong>: Prot\u00e8ge le tissu et la couleur.<\/li>\n<li><strong>Utiliser un d\u00e9tergent doux<\/strong>: \u00c9vitez les produits chimiques agressifs.<\/li>\n<li><strong>S\u00e9chage \u00e0 l&#039;air libre<\/strong>: \u00c9vitez le s\u00e9chage \u00e0 haute temp\u00e9rature pour conserver la forme et la couleur.<\/li>\n<li><strong>Traitez les taches rapidement<\/strong>:Utilisez un d\u00e9tachant doux.\n<div id=\"attachment_5644\" style=\"width: 610px\" class=\"wp-caption aligncenter\"><img loading=\"lazy\" decoding=\"async\" aria-describedby=\"caption-attachment-5644\" class=\"wp-image-5644\" src=\"https:\/\/lydenim.com\/wp-content\/uploads\/2025\/06\/\u725b\u4ed4\u4fdd\u517b1.jpg\" alt=\"\" width=\"600\" height=\"401\" srcset=\"https:\/\/lydenim.com\/wp-content\/uploads\/2025\/06\/\u725b\u4ed4\u4fdd\u517b1.jpg 1420w, https:\/\/lydenim.com\/wp-content\/uploads\/2025\/06\/\u725b\u4ed4\u4fdd\u517b1-300x200.jpg 300w, https:\/\/lydenim.com\/wp-content\/uploads\/2025\/06\/\u725b\u4ed4\u4fdd\u517b1-1024x684.jpg 1024w, https:\/\/lydenim.com\/wp-content\/uploads\/2025\/06\/\u725b\u4ed4\u4fdd\u517b1-768x513.jpg 768w, https:\/\/lydenim.com\/wp-content\/uploads\/2025\/06\/\u725b\u4ed4\u4fdd\u517b1-18x12.jpg 18w, https:\/\/lydenim.com\/wp-content\/uploads\/2025\/06\/\u725b\u4ed4\u4fdd\u517b1-600x401.jpg 600w, https:\/\/lydenim.com\/wp-content\/uploads\/2025\/06\/\u725b\u4ed4\u4fdd\u517b1-150x100.jpg 150w\" sizes=\"auto, (max-width: 600px) 100vw, 600px\" \/><p id=\"caption-attachment-5644\" class=\"wp-caption-text\">Entretien des jeans en denim 1<\/p><\/div>\n<p><div id=\"attachment_5645\" style=\"width: 610px\" class=\"wp-caption aligncenter\"><img loading=\"lazy\" decoding=\"async\" aria-describedby=\"caption-attachment-5645\" class=\"wp-image-5645\" src=\"https:\/\/lydenim.com\/wp-content\/uploads\/2025\/06\/\u725b\u4ed4\u4fdd\u517b2.jpg\" alt=\"\" width=\"600\" height=\"401\" srcset=\"https:\/\/lydenim.com\/wp-content\/uploads\/2025\/06\/\u725b\u4ed4\u4fdd\u517b2.jpg 1416w, https:\/\/lydenim.com\/wp-content\/uploads\/2025\/06\/\u725b\u4ed4\u4fdd\u517b2-300x200.jpg 300w, https:\/\/lydenim.com\/wp-content\/uploads\/2025\/06\/\u725b\u4ed4\u4fdd\u517b2-1024x684.jpg 1024w, https:\/\/lydenim.com\/wp-content\/uploads\/2025\/06\/\u725b\u4ed4\u4fdd\u517b2-768x513.jpg 768w, https:\/\/lydenim.com\/wp-content\/uploads\/2025\/06\/\u725b\u4ed4\u4fdd\u517b2-18x12.jpg 18w, https:\/\/lydenim.com\/wp-content\/uploads\/2025\/06\/\u725b\u4ed4\u4fdd\u517b2-600x401.jpg 600w, https:\/\/lydenim.com\/wp-content\/uploads\/2025\/06\/\u725b\u4ed4\u4fdd\u517b2-150x100.jpg 150w\" sizes=\"auto, (max-width: 600px) 100vw, 600px\" \/><p id=\"caption-attachment-5645\" class=\"wp-caption-text\">Entretien des jeans en denim 2<\/p><\/div><\/li>\n<\/ul>\n<h2>Conclusion<\/h2>\n<p>Les styles de denim offrent un large \u00e9ventail d&#039;options, des tissus selvedge r\u00e9sistants aux m\u00e9langes extensibles confortables, en passant par les jeans \u00e9vas\u00e9s taille basse tendance. En comprenant les types de tissus, les tissages et les techniques de style, vous pourrez choisir le denim qui correspond \u00e0 votre style et exprime votre personnalit\u00e9. Le denim n&#039;est pas seulement un incontournable de la mode, c&#039;est aussi un support d&#039;individualit\u00e9, un incontournable de toute garde-robe.<\/p>\n<h2 dir=\"auto\">Services de personnalisation par LYDENIM<\/h2>\n<p dir=\"auto\">\ud83c\udfa8 Vouloir <strong>tissus denim personnalis\u00e9s<\/strong> ou\u00a0 <strong>unique<\/strong> <strong>v\u00eatement en denim personnalis\u00e9<\/strong>? LYDENIM est sp\u00e9cialis\u00e9 dans les solutions sur mesure pour r\u00e9pondre \u00e0 vos besoins de conception et de production.<\/p>\n<p dir=\"auto\">\ud83d\udecd\ufe0f <strong>Explorez et inspirez-vous<\/strong>: Parcourez nos s\u00e9lections de tissus et d\u00e9couvrez des id\u00e9es de design sur <a href=\"https:\/\/lydenim.com\/fr\/\" target=\"_blank\" rel=\"noopener noreferrer nofollow\">LYDenim<\/a>.<\/p>\n<p dir=\"auto\">\ud83c\udf10 <strong>V\u00eatements \u00e9lastiques<\/strong>:D\u00e9couvrez nos offres sur <a href=\"http:\/\/liangyuantextile.m.en.alibaba.com\" target=\"_blank\" rel=\"noopener noreferrer nofollow\">MonAlibaba<\/a>. \ud83d\udce9 <strong>Contactez-nous<\/strong>: Contactez-nous \u00e0 <a href=\"mailto:malone@lydenim.com\" target=\"_blank\" rel=\"noopener noreferrer nofollow\">malone@lydenim.com<\/a>.<\/p>\n<p dir=\"auto\">Cr\u00e9ez votre chef-d&#039;\u0153uvre en denim avec LYDENIM, votre partenaire de confiance pour <strong>tissu extensible<\/strong> et <strong>solutions denim personnalis\u00e9es<\/strong>.<\/p>","protected":false},"excerpt":{"rendered":"<p>Temps de lecture estim\u00e9 : ~ 6 minutes Introduction Le denim est un tissu intemporel qui occupe une place pr\u00e9pond\u00e9rante dans la mode mondiale<\/p>","protected":false},"author":1,"featured_media":5680,"comment_status":"open","ping_status":"open","sticky":false,"template":"","format":"standard","meta":{"two_page_speed":[],"footnotes":""},"categories":[66],"tags":[],"class_list":["post-5657","post","type-post","status-publish","format-standard","has-post-thumbnail","hentry","category-denim-knowledge"],"aioseo_notices":[],"_links":{"self":[{"href":"https:\/\/lydenim.com\/fr\/wp-json\/wp\/v2\/posts\/5657","targetHints":{"allow":["GET"]}}],"collection":[{"href":"https:\/\/lydenim.com\/fr\/wp-json\/wp\/v2\/posts"}],"about":[{"href":"https:\/\/lydenim.com\/fr\/wp-json\/wp\/v2\/types\/post"}],"author":[{"embeddable":true,"href":"https:\/\/lydenim.com\/fr\/wp-json\/wp\/v2\/users\/1"}],"replies":[{"embeddable":true,"href":"https:\/\/lydenim.com\/fr\/wp-json\/wp\/v2\/comments?post=5657"}],"version-history":[{"count":7,"href":"https:\/\/lydenim.com\/fr\/wp-json\/wp\/v2\/posts\/5657\/revisions"}],"predecessor-version":[{"id":6372,"href":"https:\/\/lydenim.com\/fr\/wp-json\/wp\/v2\/posts\/5657\/revisions\/6372"}],"wp:featuredmedia":[{"embeddable":true,"href":"https:\/\/lydenim.com\/fr\/wp-json\/wp\/v2\/media\/5680"}],"wp:attachment":[{"href":"https:\/\/lydenim.com\/fr\/wp-json\/wp\/v2\/media?parent=5657"}],"wp:term":[{"taxonomy":"category","embeddable":true,"href":"https:\/\/lydenim.com\/fr\/wp-json\/wp\/v2\/categories?post=5657"},{"taxonomy":"post_tag","embeddable":true,"href":"https:\/\/lydenim.com\/fr\/wp-json\/wp\/v2\/tags?post=5657"}],"curies":[{"name":"wp","href":"https:\/\/api.w.org\/{rel}","templated":true}]}}