{"id":5685,"date":"2025-07-09T00:24:35","date_gmt":"2025-07-08T16:24:35","guid":{"rendered":"https:\/\/lydenim.com\/?p=5685"},"modified":"2025-08-24T13:44:33","modified_gmt":"2025-08-24T05:44:33","slug":"denim-outfit-trends-and-styles-for-2025","status":"publish","type":"post","link":"https:\/\/lydenim.com\/fr\/tendances-et-styles-de-tenues-en-denim-pour-2025\/","title":{"rendered":"Tenue en jean\u00a0: tendances et styles pour 2025"},"content":{"rendered":"<h2>Temps de lecture estim\u00e9 : ~7 minutes<\/h2>\n<h2>Introduction<\/h2>\n<p>Le denim est un tissu en coton serg\u00e9 r\u00e9sistant, entr\u00e9 en vogue au XIXe si\u00e8cle apr\u00e8s avoir \u00e9t\u00e9 utilis\u00e9 comme v\u00eatement de travail, puis s&#039;est d\u00e9velopp\u00e9 pour devenir une mati\u00e8re polyvalente pour la mode contemporaine. En 2025, les tenues en denim, telles que les jupes, les shorts, les chemises et les motifs culturels \u00ab\u00a0Denim Tears\u00a0\u00bb, repr\u00e9sentent les principales tendances de la mode. Cet article examine ces composantes en analysant leur adaptabilit\u00e9 stylistique, les tendances du march\u00e9 et leurs effets sociaux, \u00e0 travers des perspectives professionnelles et des recherches quantitatives.<\/p>\n<div id=\"attachment_5740\" style=\"width: 610px\" class=\"wp-caption aligncenter\"><img loading=\"lazy\" decoding=\"async\" aria-describedby=\"caption-attachment-5740\" class=\"wp-image-5740\" src=\"https:\/\/lydenim.com\/wp-content\/uploads\/2025\/07\/d7939d7baa671e75d308ddd60b284a44.jpg\" alt=\"\" width=\"600\" height=\"399\" srcset=\"https:\/\/lydenim.com\/wp-content\/uploads\/2025\/07\/d7939d7baa671e75d308ddd60b284a44.jpg 1668w, https:\/\/lydenim.com\/wp-content\/uploads\/2025\/07\/d7939d7baa671e75d308ddd60b284a44-300x200.jpg 300w, https:\/\/lydenim.com\/wp-content\/uploads\/2025\/07\/d7939d7baa671e75d308ddd60b284a44-1024x681.jpg 1024w, https:\/\/lydenim.com\/wp-content\/uploads\/2025\/07\/d7939d7baa671e75d308ddd60b284a44-768x511.jpg 768w, https:\/\/lydenim.com\/wp-content\/uploads\/2025\/07\/d7939d7baa671e75d308ddd60b284a44-1536x1022.jpg 1536w, https:\/\/lydenim.com\/wp-content\/uploads\/2025\/07\/d7939d7baa671e75d308ddd60b284a44-18x12.jpg 18w, https:\/\/lydenim.com\/wp-content\/uploads\/2025\/07\/d7939d7baa671e75d308ddd60b284a44-600x399.jpg 600w, https:\/\/lydenim.com\/wp-content\/uploads\/2025\/07\/d7939d7baa671e75d308ddd60b284a44-150x100.jpg 150w\" sizes=\"auto, (max-width: 600px) 100vw, 600px\" \/><p id=\"caption-attachment-5740\" class=\"wp-caption-text\">Histoire de la tenue<\/p><\/div>\n<h2>Jupe en jean : un incontournable intemporel et polyvalent<\/h2>\n<p>En 2025, le monde de la mode a adopt\u00e9 les jupes en jean comme alternative populaire aux jeans traditionnels. Les consommateurs peuvent choisir entre des longueurs mini, midi et maxi, car ces styles s&#039;adaptent \u00e0 diverses pr\u00e9f\u00e9rences stylistiques et exigences \u00e9v\u00e9nementielles. Selon Marie Claire (5 mars 2025), les jupes en jean dominent actuellement la popularit\u00e9 des jeans gr\u00e2ce \u00e0 leur attrait universel. Selon Refinery29 (4 avril 2025), le nombre de recherches de jupes en jean sur les sites de vente en ligne a augment\u00e9 de 30% en raison de l&#039;int\u00e9r\u00eat croissant des consommateurs.<\/p>\n<ul>\n<li><strong>Mini-jupes en jean<\/strong>Les mini-jupes en jean cr\u00e9ent une allure jeune et parfaite lorsqu&#039;elles sont port\u00e9es avec des hauts courts ou des pulls oversize. La jupe Levi&#039;s Icon ($48.65) a \u00e9t\u00e9 salu\u00e9e par Teen Vogue (24 juin 2025) pour son design vintage des ann\u00e9es 2000.<\/li>\n<li><strong>Jupes en jean midi<\/strong>:Ces chaussures offrent un \u00e9quilibre entre modestie et style, adapt\u00e9es aux environnements de bureau lorsqu&#039;elles sont associ\u00e9es \u00e0 un chemisier et des talons ou \u00e0 des sorties d\u00e9contract\u00e9es avec des baskets et un t-shirt.<\/li>\n<li><strong>Jupes Maxi Jean<\/strong>:Ces v\u00eatements conviennent mieux aux styles boh\u00e8mes lorsqu&#039;ils sont associ\u00e9s \u00e0 une veste en jean ou \u00e0 un cardigan l\u00e9ger selon la Fashion Week de Londres (f\u00e9vrier 2025).<\/li>\n<\/ul>\n<p><strong>Conseil de style<\/strong>Pour une tenue denim sur denim, associez une jupe en jean \u00e0 une chemise en chambray, selon Glamour (30 mai 2025). L&#039;association de cuir et de soie rehaussera le look en contraste.<\/p>\n<div id=\"attachment_5731\" style=\"width: 610px\" class=\"wp-caption aligncenter\"><img loading=\"lazy\" decoding=\"async\" aria-describedby=\"caption-attachment-5731\" class=\"wp-image-5731\" src=\"https:\/\/lydenim.com\/wp-content\/uploads\/2025\/07\/9f30620584d774b1486dbb346fa07f9b.jpg\" alt=\"\" width=\"600\" height=\"480\" srcset=\"https:\/\/lydenim.com\/wp-content\/uploads\/2025\/07\/9f30620584d774b1486dbb346fa07f9b.jpg 789w, https:\/\/lydenim.com\/wp-content\/uploads\/2025\/07\/9f30620584d774b1486dbb346fa07f9b-300x240.jpg 300w, https:\/\/lydenim.com\/wp-content\/uploads\/2025\/07\/9f30620584d774b1486dbb346fa07f9b-768x614.jpg 768w, https:\/\/lydenim.com\/wp-content\/uploads\/2025\/07\/9f30620584d774b1486dbb346fa07f9b-15x12.jpg 15w, https:\/\/lydenim.com\/wp-content\/uploads\/2025\/07\/9f30620584d774b1486dbb346fa07f9b-600x480.jpg 600w, https:\/\/lydenim.com\/wp-content\/uploads\/2025\/07\/9f30620584d774b1486dbb346fa07f9b-150x120.jpg 150w\" sizes=\"auto, (max-width: 600px) 100vw, 600px\" \/><p id=\"caption-attachment-5731\" class=\"wp-caption-text\">Jupe en jean<\/p><\/div>\n<p><strong>Sc\u00e9narios d&#039;utilisation<\/strong>:<\/p>\n<ul>\n<li><strong>Sorties d\u00e9contract\u00e9es<\/strong>:Une mini-jupe en jean associ\u00e9e \u00e0 un t-shirt graphique et des baskets devient la tenue parfaite pour les brunchs du week-end.<\/li>\n<li><strong>V\u00eatements de bureau<\/strong>:Une jupe midi associ\u00e9e \u00e0 des mocassins et un chemisier sur mesure constitue une tenue appropri\u00e9e pour les lieux de travail cr\u00e9atifs.<\/li>\n<li><strong>\u00c9v\u00e9nements en soir\u00e9e<\/strong>:Les jupes longues associ\u00e9es \u00e0 des hauts en soie et des talons cr\u00e9ent une tenue de soir\u00e9e id\u00e9ale.<\/li>\n<\/ul>\n<h2>Short en jean\u00a0: l&#039;indispensable par temps chaud<\/h2>\n<p>En 2025, la mode estivale fait du jort un incontournable, disponible en diff\u00e9rentes longueurs, du micro au bermuda. InStyle (26 f\u00e9vrier 2025) rapporte que la popularit\u00e9 du jort a augment\u00e9 de 75% gr\u00e2ce au soutien de Hailey Bieber et Charli XCX. Heuritech (19 mai 2025) r\u00e9v\u00e8le que les consommateurs europ\u00e9ens ont augment\u00e9 leurs recherches de shorts taille basse de 11% en raison des tendances mode de l&#039;an 2000.<\/p>\n<ul>\n<li><strong>Micro-shorts<\/strong>:Le style court convient parfaitement aux sorties \u00e0 la plage ou aux festivals de musique avec des hauts courts ou des t-shirts longs.\n<p><div id=\"attachment_5732\" style=\"width: 610px\" class=\"wp-caption aligncenter\"><img loading=\"lazy\" decoding=\"async\" aria-describedby=\"caption-attachment-5732\" class=\"wp-image-5732\" src=\"https:\/\/lydenim.com\/wp-content\/uploads\/2025\/07\/21d7bc2e98a9bcf904be674d847a1359.jpg\" alt=\"\" width=\"600\" height=\"750\" srcset=\"https:\/\/lydenim.com\/wp-content\/uploads\/2025\/07\/21d7bc2e98a9bcf904be674d847a1359.jpg 1668w, https:\/\/lydenim.com\/wp-content\/uploads\/2025\/07\/21d7bc2e98a9bcf904be674d847a1359-240x300.jpg 240w, https:\/\/lydenim.com\/wp-content\/uploads\/2025\/07\/21d7bc2e98a9bcf904be674d847a1359-819x1024.jpg 819w, https:\/\/lydenim.com\/wp-content\/uploads\/2025\/07\/21d7bc2e98a9bcf904be674d847a1359-768x960.jpg 768w, https:\/\/lydenim.com\/wp-content\/uploads\/2025\/07\/21d7bc2e98a9bcf904be674d847a1359-1229x1536.jpg 1229w, https:\/\/lydenim.com\/wp-content\/uploads\/2025\/07\/21d7bc2e98a9bcf904be674d847a1359-1638x2048.jpg 1638w, https:\/\/lydenim.com\/wp-content\/uploads\/2025\/07\/21d7bc2e98a9bcf904be674d847a1359-10x12.jpg 10w, https:\/\/lydenim.com\/wp-content\/uploads\/2025\/07\/21d7bc2e98a9bcf904be674d847a1359-600x750.jpg 600w, https:\/\/lydenim.com\/wp-content\/uploads\/2025\/07\/21d7bc2e98a9bcf904be674d847a1359-150x188.jpg 150w\" sizes=\"auto, (max-width: 600px) 100vw, 600px\" \/><p id=\"caption-attachment-5732\" class=\"wp-caption-text\">Micro-shorts<\/p><\/div><\/li>\n<li><strong>Short mi-cuisse<\/strong>:Les shorts mi-cuisses servent \u00e0 plusieurs fins puisqu&#039;ils s&#039;associent aux d\u00e9bardeurs pour les tenues d\u00e9contract\u00e9es et aux chemises boutonn\u00e9es pour les ensembles plus raffin\u00e9s, selon Jo-Lynne Shane (2 mai 2024).\n<p><div id=\"attachment_5733\" style=\"width: 610px\" class=\"wp-caption aligncenter\"><img loading=\"lazy\" decoding=\"async\" aria-describedby=\"caption-attachment-5733\" class=\"wp-image-5733\" src=\"https:\/\/lydenim.com\/wp-content\/uploads\/2025\/07\/76b137ab208633fe36187032470edbe5.jpg\" alt=\"\" width=\"600\" height=\"800\" srcset=\"https:\/\/lydenim.com\/wp-content\/uploads\/2025\/07\/76b137ab208633fe36187032470edbe5.jpg 1535w, https:\/\/lydenim.com\/wp-content\/uploads\/2025\/07\/76b137ab208633fe36187032470edbe5-225x300.jpg 225w, https:\/\/lydenim.com\/wp-content\/uploads\/2025\/07\/76b137ab208633fe36187032470edbe5-768x1024.jpg 768w, https:\/\/lydenim.com\/wp-content\/uploads\/2025\/07\/76b137ab208633fe36187032470edbe5-1152x1536.jpg 1152w, https:\/\/lydenim.com\/wp-content\/uploads\/2025\/07\/76b137ab208633fe36187032470edbe5-9x12.jpg 9w, https:\/\/lydenim.com\/wp-content\/uploads\/2025\/07\/76b137ab208633fe36187032470edbe5-600x800.jpg 600w, https:\/\/lydenim.com\/wp-content\/uploads\/2025\/07\/76b137ab208633fe36187032470edbe5-150x200.jpg 150w\" sizes=\"auto, (max-width: 600px) 100vw, 600px\" \/><p id=\"caption-attachment-5733\" class=\"wp-caption-text\">Short mi-cuisse<\/p><\/div><\/li>\n<li><strong>Bermuda<\/strong>:Offrant une coupe d\u00e9contract\u00e9e, les bermudas peuvent \u00eatre port\u00e9s avec des blazers pour un look d\u00e9contract\u00e9 et \u00e9l\u00e9gant, comme on le voit dans Porter (26 mai 2025).\n<p><div id=\"attachment_5734\" style=\"width: 610px\" class=\"wp-caption aligncenter\"><img loading=\"lazy\" decoding=\"async\" aria-describedby=\"caption-attachment-5734\" class=\"wp-image-5734\" src=\"https:\/\/lydenim.com\/wp-content\/uploads\/2025\/07\/97effee0e8c9ab79d6a96a2e5747ed6e.jpg\" alt=\"\" width=\"600\" height=\"800\" srcset=\"https:\/\/lydenim.com\/wp-content\/uploads\/2025\/07\/97effee0e8c9ab79d6a96a2e5747ed6e.jpg 1630w, https:\/\/lydenim.com\/wp-content\/uploads\/2025\/07\/97effee0e8c9ab79d6a96a2e5747ed6e-225x300.jpg 225w, https:\/\/lydenim.com\/wp-content\/uploads\/2025\/07\/97effee0e8c9ab79d6a96a2e5747ed6e-768x1024.jpg 768w, https:\/\/lydenim.com\/wp-content\/uploads\/2025\/07\/97effee0e8c9ab79d6a96a2e5747ed6e-1152x1536.jpg 1152w, https:\/\/lydenim.com\/wp-content\/uploads\/2025\/07\/97effee0e8c9ab79d6a96a2e5747ed6e-1536x2048.jpg 1536w, https:\/\/lydenim.com\/wp-content\/uploads\/2025\/07\/97effee0e8c9ab79d6a96a2e5747ed6e-9x12.jpg 9w, https:\/\/lydenim.com\/wp-content\/uploads\/2025\/07\/97effee0e8c9ab79d6a96a2e5747ed6e-600x800.jpg 600w, https:\/\/lydenim.com\/wp-content\/uploads\/2025\/07\/97effee0e8c9ab79d6a96a2e5747ed6e-150x200.jpg 150w\" sizes=\"auto, (max-width: 600px) 100vw, 600px\" \/><p id=\"caption-attachment-5734\" class=\"wp-caption-text\">Bermuda<\/p><\/div><\/li>\n<\/ul>\n<p><strong>Conseil de style<\/strong>Selon Cosmopolitan (31 mai 2024), le volume d&#039;un bermuda doit \u00eatre \u00e9quilibr\u00e9 par le port d&#039;un haut ajust\u00e9. Le denim reste au centre de l&#039;attention, tout en portant des bijoux simples.<\/p>\n<p><strong>Sc\u00e9narios d&#039;utilisation<\/strong>:<\/p>\n<ul>\n<li><strong>Festivals d&#039;\u00e9t\u00e9<\/strong>:Les micro-shorts avec d\u00e9bardeurs et sandales cr\u00e9ent un look de festival d&#039;\u00e9t\u00e9 amusant.<\/li>\n<li><strong>Rencontres informelles<\/strong>:Un short mi-cuisse avec un t-shirt et des baskets forme la tenue parfaite pour les rencontres d\u00e9contract\u00e9es.<\/li>\n<li><strong>Voyage<\/strong>:Les bermudas associ\u00e9s \u00e0 une veste l\u00e9g\u00e8re constituent un excellent choix pour des tenues de voyage confortables mais \u00e9l\u00e9gantes.<\/li>\n<\/ul>\n<h2>De quelle couleur est naturellement le denim ?<\/h2>\n<p>Le tissu en coton brut appel\u00e9 \u00ab\u00a0\u00e9cru\u00a0\u00bb pr\u00e9sente un aspect blanc cass\u00e9 ou blanc naturel, selon Heddels (5\u00a0juin\u00a02011). Wrangler.in explique que la teinture indigo g\u00e9n\u00e8re sa couleur bleue caract\u00e9ristique, bien que cette teinture utilise d\u00e9sormais couramment des substituts synth\u00e9tiques au lieu de l&#039;extraction traditionnelle de l&#039;indigotier. Selon Heuritech (19\u00a0mai\u00a02025), les recherches de denim clair en Europe ont augment\u00e9 de 71\u00a0TP3T, tandis que le noir et le blanc, ainsi que diff\u00e9rents d\u00e9lavages, restent \u00e0 la mode.<\/p>\n<p><strong>Contexte historique<\/strong>:Le 19e si\u00e8cle a \u00e9tabli la teinture indigo comme une association permanente avec le denim gr\u00e2ce \u00e0 sa capacit\u00e9 \u00e0 cr\u00e9er des couleurs fortes et lumineuses selon RD.com le 26 juin 2025. MUD Jeans utilise du denim non teint dans ses produits \u00e0 des fins de durabilit\u00e9, car cette approche r\u00e9duit la consommation d&#039;eau de 93% par rapport aux pratiques de teinture classiques (MUD Jeans, 16 septembre 2020).<\/p>\n<p><strong>Vogue recommande<\/strong>: le denim blanc comme toile vierge pour cr\u00e9er des looks frais avec des accessoires color\u00e9s selon leur publication du 28 avril 2023.<\/p>\n<div id=\"attachment_5739\" style=\"width: 610px\" class=\"wp-caption aligncenter\"><img loading=\"lazy\" decoding=\"async\" aria-describedby=\"caption-attachment-5739\" class=\"wp-image-5739\" src=\"https:\/\/lydenim.com\/wp-content\/uploads\/2025\/07\/cd1ff0b5a565d4b713bb766ebe863655.jpg\" alt=\"\" width=\"600\" height=\"266\" srcset=\"https:\/\/lydenim.com\/wp-content\/uploads\/2025\/07\/cd1ff0b5a565d4b713bb766ebe863655.jpg 2434w, https:\/\/lydenim.com\/wp-content\/uploads\/2025\/07\/cd1ff0b5a565d4b713bb766ebe863655-300x133.jpg 300w, https:\/\/lydenim.com\/wp-content\/uploads\/2025\/07\/cd1ff0b5a565d4b713bb766ebe863655-1024x454.jpg 1024w, https:\/\/lydenim.com\/wp-content\/uploads\/2025\/07\/cd1ff0b5a565d4b713bb766ebe863655-768x341.jpg 768w, https:\/\/lydenim.com\/wp-content\/uploads\/2025\/07\/cd1ff0b5a565d4b713bb766ebe863655-1536x682.jpg 1536w, https:\/\/lydenim.com\/wp-content\/uploads\/2025\/07\/cd1ff0b5a565d4b713bb766ebe863655-2048x909.jpg 2048w, https:\/\/lydenim.com\/wp-content\/uploads\/2025\/07\/cd1ff0b5a565d4b713bb766ebe863655-18x8.jpg 18w, https:\/\/lydenim.com\/wp-content\/uploads\/2025\/07\/cd1ff0b5a565d4b713bb766ebe863655-600x266.jpg 600w, https:\/\/lydenim.com\/wp-content\/uploads\/2025\/07\/cd1ff0b5a565d4b713bb766ebe863655-150x67.jpg 150w\" sizes=\"auto, (max-width: 600px) 100vw, 600px\" \/><p id=\"caption-attachment-5739\" class=\"wp-caption-text\">Denim<\/p><\/div>\n<h2>Mode chemise en jean\u00a0: du d\u00e9contract\u00e9 au raffin\u00e9<\/h2>\n<p>En 2025, la chemise en jean reste un v\u00eatement polyvalent, car chacun la porte diff\u00e9remment selon ses besoins. Selon le magazine Glamour (19 juin 2025), les tenues denim sur denim sont plus r\u00e9ussies lorsqu&#039;elles sont associ\u00e9es \u00e0 une chemise en jean, une jupe en jean ou un jean pour cr\u00e9er une allure unifi\u00e9e.<\/p>\n<ul>\n<li><strong>Style d\u00e9contract\u00e9<\/strong>:Pour les ambiances d\u00e9contract\u00e9es, la Paris Couture Week (Marie Claire, 23 octobre 2024) met en avant la mode streetwear avec une chemise en jean d\u00e9boutonn\u00e9e sur un d\u00e9bardeur.<\/li>\n<li><strong>Pr\u00eat pour le bureau<\/strong>:Une chemise en jean cr\u00e9e un look de bureau lorsqu&#039;elle est rentr\u00e9e dans un pantalon taille haute ou une jupe tout en portant des mocassins.<\/li>\n<li><strong>Denim sur denim<\/strong>:Un smoking canadien peut \u00eatre port\u00e9 avec un jean ou une jupe en jean lorsque vous ajoutez une ceinture et des bijoux tendance \u00e0 la tenue.<\/li>\n<\/ul>\n<p><strong>Avis d&#039;expert<\/strong>:L&#039;influenceuse mode Kim Brannigan (@styledbykimkj) pr\u00e9f\u00e8re les tenues denim sur denim en automne car elle les associe \u00e0 des ceintures noires et des bottes pour obtenir une apparence sophistiqu\u00e9e selon People (15 ao\u00fbt 2024).<\/p>\n<p><strong>Sc\u00e9narios d&#039;utilisation<\/strong>:<\/p>\n<ul>\n<li><strong>Sorties du week-end<\/strong>:Une chemise en jean ouverte sur un t-shirt pour les promenades d\u00e9contract\u00e9es.<\/li>\n<li><strong>Param\u00e8tres de travail<\/strong>:Une chemise en jean rentr\u00e9e avec un pantalon pour les bureaux cr\u00e9atifs.<\/li>\n<li><strong>Looks de soir\u00e9e<\/strong>:Une chemise en jean avec une jupe et des talons pour les \u00e9v\u00e9nements semi-formels.\n<p><div id=\"attachment_5735\" style=\"width: 610px\" class=\"wp-caption aligncenter\"><img loading=\"lazy\" decoding=\"async\" aria-describedby=\"caption-attachment-5735\" class=\"wp-image-5735\" src=\"https:\/\/lydenim.com\/wp-content\/uploads\/2025\/07\/0304df6dc85871b633f4f180e0c52e0d.jpg\" alt=\"\" width=\"600\" height=\"266\" srcset=\"https:\/\/lydenim.com\/wp-content\/uploads\/2025\/07\/0304df6dc85871b633f4f180e0c52e0d.jpg 2434w, https:\/\/lydenim.com\/wp-content\/uploads\/2025\/07\/0304df6dc85871b633f4f180e0c52e0d-300x133.jpg 300w, https:\/\/lydenim.com\/wp-content\/uploads\/2025\/07\/0304df6dc85871b633f4f180e0c52e0d-1024x454.jpg 1024w, https:\/\/lydenim.com\/wp-content\/uploads\/2025\/07\/0304df6dc85871b633f4f180e0c52e0d-768x341.jpg 768w, https:\/\/lydenim.com\/wp-content\/uploads\/2025\/07\/0304df6dc85871b633f4f180e0c52e0d-1536x682.jpg 1536w, https:\/\/lydenim.com\/wp-content\/uploads\/2025\/07\/0304df6dc85871b633f4f180e0c52e0d-2048x909.jpg 2048w, https:\/\/lydenim.com\/wp-content\/uploads\/2025\/07\/0304df6dc85871b633f4f180e0c52e0d-18x8.jpg 18w, https:\/\/lydenim.com\/wp-content\/uploads\/2025\/07\/0304df6dc85871b633f4f180e0c52e0d-600x266.jpg 600w, https:\/\/lydenim.com\/wp-content\/uploads\/2025\/07\/0304df6dc85871b633f4f180e0c52e0d-150x67.jpg 150w\" sizes=\"auto, (max-width: 600px) 100vw, 600px\" \/><p id=\"caption-attachment-5735\" class=\"wp-caption-text\">Mode chemise en jean\u00a0: du d\u00e9contract\u00e9 au raffin\u00e9<\/p><\/div><\/li>\n<\/ul>\n<h2>Denim Tears : une marque avec une profondeur culturelle<\/h2>\n<p>En 2019, le cr\u00e9ateur de mode Tremaine Emory a cr\u00e9\u00e9 Denim Tears pour allier mode de luxe et r\u00e9flexions culturelles explorant les perspectives de la diaspora africaine (Denim Tears). La marque pr\u00e9sente des produits en denim vieilli, aux tissus d\u00e9chir\u00e9s et aux motifs de fleurs de coton, qui v\u00e9hiculent des concepts historiques et raciaux (The Caledonian, 20 f\u00e9vrier 2025).<\/p>\n<ul>\n<li><strong>Importance culturelle<\/strong>:La collection \u00ab Cotton Wreath \u00bb de la marque pr\u00e9sente le denim vieilli comme une m\u00e9thode pour g\u00e9n\u00e9rer des conversations sur les r\u00e9cits historiques afro-am\u00e9ricains.<\/li>\n<li><strong>Conception esth\u00e9tique<\/strong>:Les motifs vieillis avec des broderies uniques chez Denim Tears ont eu une influence sur la tendance g\u00e9n\u00e9rale de la mode du denim imparfait et significatif.<\/li>\n<\/ul>\n<p><strong>Influence des tendances<\/strong>:Selon Vogue (6 f\u00e9vrier 2025), l&#039;esth\u00e9tique vintage de Denim Tears a suscit\u00e9 un regain d&#039;int\u00e9r\u00eat pour le denim vieilli qui appara\u00eet d\u00e9sormais dans les lignes de mode de Frame et Agolde.<\/p>\n<p><strong>Sc\u00e9narios d&#039;utilisation<\/strong>:<\/p>\n<ul>\n<li><strong>D\u00e9clarations de mode<\/strong>:Les jeans Denim Tears doivent \u00eatre port\u00e9s avec des hauts basiques pour mettre en valeur leur esth\u00e9tique distinctive lors de rassemblements artistiques.<\/li>\n<li><strong>Style de rue<\/strong>: Associez-le \u00e0 un sweat \u00e0 capuche et des baskets pour un look urbain et audacieux.\n<p><div id=\"attachment_5736\" style=\"width: 610px\" class=\"wp-caption aligncenter\"><img loading=\"lazy\" decoding=\"async\" aria-describedby=\"caption-attachment-5736\" class=\"wp-image-5736\" src=\"https:\/\/lydenim.com\/wp-content\/uploads\/2025\/07\/651de76e8e26f1e38f823239e4d4132b.jpg\" alt=\"\" width=\"600\" height=\"266\" srcset=\"https:\/\/lydenim.com\/wp-content\/uploads\/2025\/07\/651de76e8e26f1e38f823239e4d4132b.jpg 2434w, https:\/\/lydenim.com\/wp-content\/uploads\/2025\/07\/651de76e8e26f1e38f823239e4d4132b-300x133.jpg 300w, https:\/\/lydenim.com\/wp-content\/uploads\/2025\/07\/651de76e8e26f1e38f823239e4d4132b-1024x454.jpg 1024w, https:\/\/lydenim.com\/wp-content\/uploads\/2025\/07\/651de76e8e26f1e38f823239e4d4132b-768x341.jpg 768w, https:\/\/lydenim.com\/wp-content\/uploads\/2025\/07\/651de76e8e26f1e38f823239e4d4132b-1536x682.jpg 1536w, https:\/\/lydenim.com\/wp-content\/uploads\/2025\/07\/651de76e8e26f1e38f823239e4d4132b-2048x909.jpg 2048w, https:\/\/lydenim.com\/wp-content\/uploads\/2025\/07\/651de76e8e26f1e38f823239e4d4132b-18x8.jpg 18w, https:\/\/lydenim.com\/wp-content\/uploads\/2025\/07\/651de76e8e26f1e38f823239e4d4132b-600x266.jpg 600w, https:\/\/lydenim.com\/wp-content\/uploads\/2025\/07\/651de76e8e26f1e38f823239e4d4132b-150x67.jpg 150w\" sizes=\"auto, (max-width: 600px) 100vw, 600px\" \/><p id=\"caption-attachment-5736\" class=\"wp-caption-text\">V\u00eatement en denim d\u00e9chir\u00e9<\/p><\/div><\/li>\n<\/ul>\n<h2>Avantages et inconv\u00e9nients des tenues en jean<\/h2>\n<table style=\"height: 175px;\" width=\"1216\">\n<thead>\n<tr>\n<th><strong>Aspect<\/strong><\/th>\n<th><strong>Avantages<\/strong><\/th>\n<th><strong>Inconv\u00e9nients<\/strong><\/th>\n<\/tr>\n<\/thead>\n<tbody>\n<tr>\n<td><strong>Versatilit\u00e9<\/strong><\/td>\n<td>Facile \u00e0 porter pour des looks d\u00e9contract\u00e9s ou semi-formels<\/td>\n<td>Certains styles (par exemple, vieilli) sont moins formels<\/td>\n<\/tr>\n<tr>\n<td><strong>Durabilit\u00e9<\/strong><\/td>\n<td>La nature robuste du denim assure sa long\u00e9vit\u00e9<\/td>\n<td>Peut \u00eatre rigide au d\u00e9but, n\u00e9cessitant un rodage<\/td>\n<\/tr>\n<tr>\n<td><strong>Style<\/strong><\/td>\n<td>Intemporel et tendance, avec des options diverses<\/td>\n<td>L&#039;entretien (par exemple, le lavage) peut \u00eatre complexe<\/td>\n<\/tr>\n<tr>\n<td><strong>Confort<\/strong><\/td>\n<td>Coton respirant, notamment en m\u00e9lange<\/td>\n<td>Le denim \u00e9pais peut \u00eatre chaud par temps chaud<\/td>\n<\/tr>\n<\/tbody>\n<\/table>\n<h2>Perspectives d&#039;experts et de la communaut\u00e9<\/h2>\n<ul>\n<li><strong>Marianne McDonald (directrice de cr\u00e9ation, Citizens of Humanity)<\/strong>: \u00ab La silhouette en fer \u00e0 cheval est \u00e0 la fois sculpturale et d\u00e9contract\u00e9e, faisant r\u00e9f\u00e9rence aux styles vintage tout en restant moderne \u00bb (<em>Vogue<\/em>, 14 novembre 2024).<\/li>\n<li><strong>Catherine Bibeau (Styliste)<\/strong>: \u00ab Les robes et jupes en jean sont polyvalentes et s&#039;adaptent \u00e0 toutes les ambiances, du d\u00e9contract\u00e9 au habill\u00e9, avec un minimum d&#039;accessoires \u00bb (<em>Personnes<\/em>, 15 ao\u00fbt 2024).<\/li>\n<li><strong>Utilisateur Reddit u\/stylishguru (r\/femalefashionadvice)<\/strong>: \u00ab Les jupes en jean avec un blazer ajust\u00e9 et des mocassins sont mon choix pour un look \u00e0 la fois soign\u00e9 et facile \u00bb (<em>Reddit<\/em>).<\/li>\n<li><strong>Harper&#039;s Bazaar<\/strong>: \u00ab Les jupes longues en jean sont un incontournable intemporel, port\u00e9es avec des bottes pour l&#039;hiver ou des sandales pour l&#039;\u00e9t\u00e9 \u00bb (24 f\u00e9vrier 2025).<\/li>\n<\/ul>\n<h2>Potentiel du march\u00e9<\/h2>\n<p>Selon Grand View Research (2024), le march\u00e9 mondial du jean a d\u00e9pass\u00e9 86,66 milliards de dollars en 2024 et devrait atteindre 121,50 milliards de dollars d&#039;ici 2030, avec un taux de croissance annuel compos\u00e9 de 5,91 TP3T. L&#039;industrie du denim se d\u00e9veloppe gr\u00e2ce aux jupes et shorts en jean, selon Heuritech (19 mai 2025), qui note une augmentation de 571 TP3T des recherches sur les jeans \u00e9vas\u00e9s, tandis que la popularit\u00e9 des jeans a augment\u00e9 de 751 TP3T (InStyle, 26 f\u00e9vrier 2025). La collection de denim durable non teint de MUD Jeans a gagn\u00e9 en popularit\u00e9 gr\u00e2ce \u00e0 sa technologie de conservation de l&#039;eau de 931 TP3T (MUD Jeans, 16 septembre 2020).<\/p>\n<div id=\"attachment_5741\" style=\"width: 610px\" class=\"wp-caption aligncenter\"><img loading=\"lazy\" decoding=\"async\" aria-describedby=\"caption-attachment-5741\" class=\"wp-image-5741\" src=\"https:\/\/lydenim.com\/wp-content\/uploads\/2025\/07\/Global-Denim-Jeans-Market-Value-Projection.jpg\" alt=\"\" width=\"600\" height=\"310\" srcset=\"https:\/\/lydenim.com\/wp-content\/uploads\/2025\/07\/Global-Denim-Jeans-Market-Value-Projection.jpg 1646w, https:\/\/lydenim.com\/wp-content\/uploads\/2025\/07\/Global-Denim-Jeans-Market-Value-Projection-300x155.jpg 300w, https:\/\/lydenim.com\/wp-content\/uploads\/2025\/07\/Global-Denim-Jeans-Market-Value-Projection-1024x529.jpg 1024w, https:\/\/lydenim.com\/wp-content\/uploads\/2025\/07\/Global-Denim-Jeans-Market-Value-Projection-768x397.jpg 768w, https:\/\/lydenim.com\/wp-content\/uploads\/2025\/07\/Global-Denim-Jeans-Market-Value-Projection-1536x793.jpg 1536w, https:\/\/lydenim.com\/wp-content\/uploads\/2025\/07\/Global-Denim-Jeans-Market-Value-Projection-18x9.jpg 18w, https:\/\/lydenim.com\/wp-content\/uploads\/2025\/07\/Global-Denim-Jeans-Market-Value-Projection-600x310.jpg 600w, https:\/\/lydenim.com\/wp-content\/uploads\/2025\/07\/Global-Denim-Jeans-Market-Value-Projection-150x77.jpg 150w\" sizes=\"auto, (max-width: 600px) 100vw, 600px\" \/><p id=\"caption-attachment-5741\" class=\"wp-caption-text\">Projection de la valeur du march\u00e9 mondial des jeans en denim<\/p><\/div>\n<h2>Conclusion<\/h2>\n<p>En 2025, le monde de la mode met \u00e0 l&#039;honneur les tenues en denim, avec des mod\u00e8les classiques et des styles modernes, notamment des jupes et des shorts en jean, ainsi que des chemises et la marque Denim Tears. Ces pi\u00e8ces peuvent \u00eatre utilis\u00e9es de multiples fa\u00e7ons pour cr\u00e9er des tenues tendance, du d\u00e9contract\u00e9 au professionnel, car elles poss\u00e8dent une valeur culturelle. L&#039;application de ces tendances et de ces conseils de style vous aidera \u00e0 cr\u00e9er des tenues pleines de sens tout en conservant le denim comme \u00e9l\u00e9ment essentiel de votre garde-robe.<\/p>\n<h2 dir=\"auto\">Services de personnalisation par LYDENIM<\/h2>\n<p dir=\"auto\">\ud83c\udfa8 Vouloir <strong>tissus denim personnalis\u00e9s<\/strong> ou\u00a0 <strong>unique<\/strong> <strong>v\u00eatement en denim personnalis\u00e9<\/strong>? LYDENIM est sp\u00e9cialis\u00e9 dans les solutions sur mesure pour r\u00e9pondre \u00e0 vos besoins de conception et de production.<\/p>\n<p dir=\"auto\">\ud83d\udecd\ufe0f <strong>Explorez et inspirez-vous<\/strong>: Parcourez nos s\u00e9lections de tissus et d\u00e9couvrez des id\u00e9es de design sur <a href=\"https:\/\/lydenim.com\/fr\/\" target=\"_blank\" rel=\"noopener noreferrer nofollow\">LYDenim<\/a>.<\/p>\n<p dir=\"auto\">\ud83c\udf10 <strong>V\u00eatements \u00e9lastiques<\/strong>:D\u00e9couvrez nos offres sur <a href=\"http:\/\/liangyuantextile.m.en.alibaba.com\" target=\"_blank\" rel=\"noopener noreferrer nofollow\">MonAlibaba<\/a>. \ud83d\udce9 <strong>Contactez-nous<\/strong>: Contactez-nous \u00e0 <a href=\"mailto:malone@lydenim.com\" target=\"_blank\" rel=\"noopener noreferrer nofollow\">malone@lydenim.com<\/a>.<\/p>\n<p dir=\"auto\">Cr\u00e9ez votre chef-d&#039;\u0153uvre en denim avec LYDENIM, votre partenaire de confiance pour <strong>tissu extensible<\/strong> et <strong>solutions denim personnalis\u00e9es<\/strong>.<\/p>","protected":false},"excerpt":{"rendered":"<p>Temps de lecture estim\u00e9 : ~7 minutes Introduction Le denim est un tissu en serg\u00e9 de coton r\u00e9sistant qui est entr\u00e9 \u00e0 la mode au 19e si\u00e8cle<\/p>","protected":false},"author":1,"featured_media":5743,"comment_status":"open","ping_status":"open","sticky":false,"template":"","format":"standard","meta":{"two_page_speed":[],"footnotes":""},"categories":[66],"tags":[],"class_list":["post-5685","post","type-post","status-publish","format-standard","has-post-thumbnail","hentry","category-denim-knowledge"],"aioseo_notices":[],"_links":{"self":[{"href":"https:\/\/lydenim.com\/fr\/wp-json\/wp\/v2\/posts\/5685","targetHints":{"allow":["GET"]}}],"collection":[{"href":"https:\/\/lydenim.com\/fr\/wp-json\/wp\/v2\/posts"}],"about":[{"href":"https:\/\/lydenim.com\/fr\/wp-json\/wp\/v2\/types\/post"}],"author":[{"embeddable":true,"href":"https:\/\/lydenim.com\/fr\/wp-json\/wp\/v2\/users\/1"}],"replies":[{"embeddable":true,"href":"https:\/\/lydenim.com\/fr\/wp-json\/wp\/v2\/comments?post=5685"}],"version-history":[{"count":5,"href":"https:\/\/lydenim.com\/fr\/wp-json\/wp\/v2\/posts\/5685\/revisions"}],"predecessor-version":[{"id":6377,"href":"https:\/\/lydenim.com\/fr\/wp-json\/wp\/v2\/posts\/5685\/revisions\/6377"}],"wp:featuredmedia":[{"embeddable":true,"href":"https:\/\/lydenim.com\/fr\/wp-json\/wp\/v2\/media\/5743"}],"wp:attachment":[{"href":"https:\/\/lydenim.com\/fr\/wp-json\/wp\/v2\/media?parent=5685"}],"wp:term":[{"taxonomy":"category","embeddable":true,"href":"https:\/\/lydenim.com\/fr\/wp-json\/wp\/v2\/categories?post=5685"},{"taxonomy":"post_tag","embeddable":true,"href":"https:\/\/lydenim.com\/fr\/wp-json\/wp\/v2\/tags?post=5685"}],"curies":[{"name":"wp","href":"https:\/\/api.w.org\/{rel}","templated":true}]}}