{"id":5769,"date":"2025-07-12T15:26:01","date_gmt":"2025-07-12T07:26:01","guid":{"rendered":"https:\/\/lydenim.com\/?p=5769"},"modified":"2025-08-24T13:45:02","modified_gmt":"2025-08-24T05:45:02","slug":"understanding-denim-the-journey-from-raw-cotton-to-designer-jeans","status":"publish","type":"post","link":"https:\/\/lydenim.com\/fr\/comprendre-le-denim-le-parcours-du-coton-brut-au-jean-de-createur\/","title":{"rendered":"Comprendre le denim\u00a0: du coton brut au jean de cr\u00e9ateur"},"content":{"rendered":"<h2 style=\"text-align: center;\" data-start=\"192\" data-end=\"227\">I. Le coton : l&#039;origine du denim<\/h2>\n<p style=\"text-align: center;\" data-start=\"228\" data-end=\"500\"><strong data-start=\"228\" data-end=\"269\">A. Le r\u00f4le du coton dans le tissu denim<\/strong><br data-start=\"269\" data-end=\"272\" \/><a class=\"\" href=\"https:\/\/lydenim.com\/fr\/le-coton-et-son-role-dans-le-tissu-denim\/\" target=\"_new\" rel=\"noopener\" data-start=\"272\" data-end=\"367\">Le coton et son r\u00f4le dans le tissu denim<\/a><br data-start=\"367\" data-end=\"370\" \/><strong data-start=\"370\" data-end=\"416\">B. Comment le denim est fabriqu\u00e9 : du coton au jean<\/strong><br data-start=\"416\" data-end=\"419\" \/><a class=\"\" href=\"https:\/\/lydenim.com\/fr\/comment-le-denim-est-fabrique\/\" target=\"_new\" rel=\"noopener\" data-start=\"419\" data-end=\"500\">Comment le denim est fabriqu\u00e9 : du coton au jean<\/a><\/p>\n<h2 style=\"text-align: center;\" data-start=\"502\" data-end=\"556\">II. Filature : la transformation des fibres de coton<\/h2>\n<p style=\"text-align: center;\" data-start=\"557\" data-end=\"841\"><strong data-start=\"557\" data-end=\"594\">A. L&#039;art de filer le fil de denim<\/strong><br data-start=\"594\" data-end=\"597\" \/><a class=\"\" href=\"https:\/\/lydenim.com\/fr\/filage-de-fil-de-denim\/\" target=\"_new\" rel=\"noopener\" data-start=\"597\" data-end=\"671\">L&#039;art de filer le fil de denim<\/a><br data-start=\"671\" data-end=\"674\" \/><strong data-start=\"674\" data-end=\"733\">B. L&#039;\u00e9volution du filage dans la production de tissu denim<\/strong><br data-start=\"733\" data-end=\"736\" \/><a class=\"\" href=\"https:\/\/lydenim.com\/fr\/comprendre-le-filage-du-denim\/\" target=\"_new\" rel=\"noopener\" data-start=\"736\" data-end=\"841\">L&#039;\u00e9volution du filage dans la production de tissu denim<\/a><\/p>\n<h2 style=\"text-align: center;\" data-start=\"843\" data-end=\"880\">III. Teinture : la magie de l&#039;indigo<\/h2>\n<p style=\"text-align: center;\" data-start=\"881\" data-end=\"1005\"><strong data-start=\"881\" data-end=\"921\">A. Teinture du denim : du fil au tissu<\/strong><br data-start=\"921\" data-end=\"924\" \/><a class=\"\" href=\"https:\/\/lydenim.com\/fr\/teinture-du-denim\/\" target=\"_new\" rel=\"noopener\" data-start=\"924\" data-end=\"1005\">L&#039;art de la teinture du denim\u00a0: du fil au tissu<\/a><\/p>\n<h2 style=\"text-align: center;\" data-start=\"1007\" data-end=\"1054\">IV. Tissage : la symphonie de la cha\u00eene et de la trame<\/h2>\n<p style=\"text-align: center;\" data-start=\"1055\" data-end=\"1415\"><strong data-start=\"1055\" data-end=\"1110\">A. Analyse des motifs de tissage : du simple au neps<\/strong><br data-start=\"1110\" data-end=\"1113\" \/><a class=\"\" href=\"https:\/\/lydenim.com\/fr\/motifs-de-tissage\/\" target=\"_new\" rel=\"noopener\" data-start=\"1113\" data-end=\"1200\">Exploration des motifs de tissage : du simple au neps<\/a><br data-start=\"1200\" data-end=\"1203\" \/><strong data-start=\"1203\" data-end=\"1264\">B. Cha\u00eene et trame\u00a0: d\u00e9coder les coordonn\u00e9es du monde du tissu<\/strong><br data-start=\"1264\" data-end=\"1267\" \/><a class=\"\" href=\"https:\/\/lydenim.com\/fr\/entre-chaine-et-trame-decodant-les-coordonnees-des-mondes-du-tissu\/\" target=\"_new\" rel=\"noopener\" data-start=\"1267\" data-end=\"1415\">Entre cha\u00eene et trame \u2013 D\u00e9cryptage des coordonn\u00e9es du monde textile<\/a><\/p>\n<h2 style=\"text-align: center;\" data-start=\"1417\" data-end=\"1466\">V. Tissu fini : s\u00e9lection et \u00e9valuation<\/h2>\n<p style=\"text-align: center;\" data-start=\"1467\" data-end=\"2350\"><strong data-start=\"1467\" data-end=\"1502\">A. Guide du poids en onces de denim<\/strong><br data-start=\"1502\" data-end=\"1505\" \/><a class=\"\" href=\"https:\/\/lydenim.com\/fr\/onces-en-denim\/\" target=\"_new\" rel=\"noopener\" data-start=\"1505\" data-end=\"1578\">Comprendre le poids en onces du denim<\/a><br data-start=\"1578\" data-end=\"1581\" \/><strong data-start=\"1581\" data-end=\"1634\">B. Analyse approfondie de 20 types de tissus denim<\/strong><br data-start=\"1634\" data-end=\"1637\" \/><a class=\"\" href=\"https:\/\/lydenim.com\/fr\/analyse-de-20-types-de-tissus-denim\/\" target=\"_new\" rel=\"noopener\" data-start=\"1637\" data-end=\"1736\">Analyse de 20 types de tissus denim<\/a><br data-start=\"1736\" data-end=\"1739\" \/><strong data-start=\"1739\" data-end=\"1782\">C. Comment choisir le bon tissu denim<\/strong><br data-start=\"1782\" data-end=\"1785\" \/><a class=\"\" href=\"https:\/\/lydenim.com\/fr\/comment-choisir-le-bon-tissu-denim\/\" target=\"_new\" rel=\"noopener\" data-start=\"1785\" data-end=\"1882\">Comment choisir le bon tissu denim<\/a><br data-start=\"1882\" data-end=\"1885\" \/><strong data-start=\"1885\" data-end=\"1937\">D. Guide d&#039;\u00e9valuation et d&#039;achat de la qualit\u00e9 du denim<\/strong><br data-start=\"1937\" data-end=\"1940\" \/><a class=\"\" href=\"https:\/\/lydenim.com\/fr\/evaluation-de-la-qualite-du-denim-et-guide-dachat\/\" target=\"_new\" rel=\"noopener\" data-start=\"1940\" data-end=\"2055\">Guide d&#039;\u00e9valuation et d&#039;achat de la qualit\u00e9 du denim<\/a><br data-start=\"2055\" data-end=\"2058\" \/><strong data-start=\"2058\" data-end=\"2103\">E. R\u00e9tr\u00e9cissement du denim\u00a0: un guide complet<\/strong><br data-start=\"2103\" data-end=\"2106\" \/><a class=\"\" href=\"https:\/\/lydenim.com\/fr\/retrecissement-du-denim-un-guide-complet\/\" target=\"_new\" rel=\"noopener\" data-start=\"2106\" data-end=\"2206\">R\u00e9tr\u00e9cissement du denim\u00a0: un guide complet<\/a><br data-start=\"2206\" data-end=\"2209\" \/><strong data-start=\"2209\" data-end=\"2252\">F. Tissus courants \u2013 Guide des avantages et des inconv\u00e9nients<\/strong><br data-start=\"2252\" data-end=\"2255\" \/><a class=\"\" href=\"https:\/\/lydenim.com\/fr\/guide-des-avantages-et-des-inconvenients-des-tissus-courants\/\" target=\"_new\" rel=\"noopener\" data-start=\"2255\" data-end=\"2350\">Tissus courants \u2013 Guide des avantages et des inconv\u00e9nients<\/a><\/p>\n<h2 style=\"text-align: center;\" data-start=\"2352\" data-end=\"2393\">VI. Lavage\u00a0: donner une \u00e2me aux jeans<\/h2>\n<p style=\"text-align: center;\" data-start=\"2394\" data-end=\"2588\"><strong data-start=\"2394\" data-end=\"2454\">A. 10 types de techniques de lavage de tissu denim expliqu\u00e9es<\/strong><br data-start=\"2454\" data-end=\"2457\" \/><a class=\"\" href=\"https:\/\/lydenim.com\/fr\/10-types-de-techniques-de-lavage-de-tissu-denim-expliquees\/\" target=\"_new\" rel=\"noopener\" data-start=\"2457\" data-end=\"2588\">10 types de techniques de lavage de tissu denim expliqu\u00e9es<\/a><\/p>\n<h2 style=\"text-align: center;\" data-start=\"2590\" data-end=\"2635\">VII. Tendances de la mode et potentiel du march\u00e9<\/h2>\n<p style=\"text-align: center;\" data-start=\"2636\" data-end=\"2896\"><strong data-start=\"2636\" data-end=\"2677\">A. Tendances mode jeans cr\u00e9ateurs 2025<\/strong><br data-start=\"2677\" data-end=\"2680\" \/><strong data-start=\"2680\" data-end=\"2715\">B. Avantages et inconv\u00e9nients<\/strong><br data-start=\"2715\" data-end=\"2718\" \/><strong data-start=\"2718\" data-end=\"2737\">C. Conseils de style<\/strong><br data-start=\"2737\" data-end=\"2740\" \/><strong data-start=\"2740\" data-end=\"2783\">D. Potentiel du march\u00e9 et pr\u00e9visions de croissance<\/strong><br data-start=\"2783\" data-end=\"2786\" \/><a class=\"\" href=\"https:\/\/lydenim.com\/fr\/jeans-de-createur\/\" target=\"_new\" rel=\"noopener\" data-start=\"2786\" data-end=\"2896\">Jeans de cr\u00e9ateurs\u00a0: tendances mode 2025, conseils de style et potentiel du march\u00e9<\/a><\/p>\n<h2 style=\"text-align: center;\" data-start=\"2898\" data-end=\"2932\">VIII. Base de connaissances \u00e9tendue<\/h2>\n<p style=\"text-align: center;\" data-start=\"2933\" data-end=\"3495\"><strong data-start=\"2933\" data-end=\"2962\">Encyclop\u00e9die A. Denim AZ<\/strong><br data-start=\"2962\" data-end=\"2965\" \/><a class=\"\" href=\"https:\/\/lydenim.com\/fr\/connaissances-sur-le-denim\/\" target=\"_new\" rel=\"noopener\" data-start=\"2965\" data-end=\"3058\">De A \u00e0 Z\u00a0: un guide complet sur la connaissance du denim<\/a><br data-start=\"3058\" data-end=\"3061\" \/><strong data-start=\"3061\" data-end=\"3103\">B. Aide-m\u00e9moire sur la conversion des unit\u00e9s textiles<\/strong><br data-start=\"3103\" data-end=\"3106\" \/><a class=\"\" href=\"https:\/\/lydenim.com\/fr\/aide-memoire-sur-la-conversion-des-unites-textiles\/\" target=\"_new\" rel=\"noopener\" data-start=\"3106\" data-end=\"3201\">Aide-m\u00e9moire pour la conversion des unit\u00e9s textiles<\/a><br data-start=\"3201\" data-end=\"3204\" \/><strong data-start=\"3204\" data-end=\"3236\">C. \u00c9volution des styles de jeans<\/strong><br data-start=\"3236\" data-end=\"3239\" \/><a class=\"\" href=\"https:\/\/lydenim.com\/fr\/levolution-des-styles-de-jeans\/\" target=\"_new\" rel=\"noopener\" data-start=\"3239\" data-end=\"3322\">L&#039;\u00e9volution des styles de jeans<\/a><br data-start=\"3322\" data-end=\"3325\" \/><strong data-start=\"3325\" data-end=\"3377\">D. Sources d&#039;inspiration pour la conception de v\u00eatements de mode<\/strong><br data-start=\"3377\" data-end=\"3380\" \/><a class=\"\" href=\"https:\/\/lydenim.com\/fr\/sources-dinspiration-pour-la-conception-de-vetements-de-mode\/\" target=\"_new\" rel=\"noopener\" data-start=\"3380\" data-end=\"3495\">Sources d&#039;inspiration pour la conception de v\u00eatements de mode<\/a><\/p>\n<h2 data-pm-slice=\"1 1 []\">I. Le coton : l&#039;origine du denim<\/h2>\n<h3>Le r\u00f4le du coton dans le tissu denim<\/h3>\n<p>Le coton est la mati\u00e8re premi\u00e8re du denim en raison de sa respirabilit\u00e9, de sa durabilit\u00e9 et de son absorption des teintures. Le denim haut de gamme utilise des vari\u00e9t\u00e9s de coton \u00e0 longues fibres comme le Gizeh \u00e9gyptien ou le Suvin indien, qui offrent une douceur et une r\u00e9sistance accrues.<\/p>\n<p>\u27a1\ufe0f <a href=\"https:\/\/lydenim.com\/fr\/le-coton-et-son-role-dans-le-tissu-denim\/\">Le coton et son r\u00f4le dans le tissu denim<\/a><\/p>\n<div id=\"attachment_5477\" style=\"width: 610px\" class=\"wp-caption aligncenter\"><img loading=\"lazy\" decoding=\"async\" aria-describedby=\"caption-attachment-5477\" class=\"wp-image-5477\" src=\"https:\/\/lydenim.com\/wp-content\/uploads\/2025\/06\/cotton-2.jpg\" alt=\"\" width=\"600\" height=\"800\" srcset=\"https:\/\/lydenim.com\/wp-content\/uploads\/2025\/06\/cotton-2.jpg 1668w, https:\/\/lydenim.com\/wp-content\/uploads\/2025\/06\/cotton-2-225x300.jpg 225w, https:\/\/lydenim.com\/wp-content\/uploads\/2025\/06\/cotton-2-768x1024.jpg 768w, https:\/\/lydenim.com\/wp-content\/uploads\/2025\/06\/cotton-2-1152x1536.jpg 1152w, https:\/\/lydenim.com\/wp-content\/uploads\/2025\/06\/cotton-2-1536x2048.jpg 1536w, https:\/\/lydenim.com\/wp-content\/uploads\/2025\/06\/cotton-2-9x12.jpg 9w, https:\/\/lydenim.com\/wp-content\/uploads\/2025\/06\/cotton-2-600x800.jpg 600w, https:\/\/lydenim.com\/wp-content\/uploads\/2025\/06\/cotton-2-150x200.jpg 150w\" sizes=\"auto, (max-width: 600px) 100vw, 600px\" \/><p id=\"caption-attachment-5477\" class=\"wp-caption-text\">coton<\/p><\/div>\n<p>&nbsp;<\/p>\n<h3>La fabrication du denim : du coton au jean<\/h3>\n<p>Le processus de fabrication du denim commence par la r\u00e9colte du coton, suivie du nettoyage, du filage, de la teinture et du tissage en tissu denim, avant qu&#039;il ne soit coup\u00e9 et cousu en v\u00eatements.<\/p>\n<p>\u27a1\ufe0f <a href=\"https:\/\/lydenim.com\/fr\/comment-le-denim-est-fabrique\/\">Comment le denim est fabriqu\u00e9 : du coton au jean<\/a><\/p>\n<div id=\"attachment_5450\" style=\"width: 610px\" class=\"wp-caption aligncenter\"><img loading=\"lazy\" decoding=\"async\" aria-describedby=\"caption-attachment-5450\" class=\"wp-image-5450\" src=\"https:\/\/lydenim.com\/wp-content\/uploads\/2025\/06\/Cotton-trade.jpg\" alt=\"\" width=\"600\" height=\"600\" srcset=\"https:\/\/lydenim.com\/wp-content\/uploads\/2025\/06\/Cotton-trade.jpg 1668w, https:\/\/lydenim.com\/wp-content\/uploads\/2025\/06\/Cotton-trade-300x300.jpg 300w, https:\/\/lydenim.com\/wp-content\/uploads\/2025\/06\/Cotton-trade-1024x1024.jpg 1024w, https:\/\/lydenim.com\/wp-content\/uploads\/2025\/06\/Cotton-trade-150x150.jpg 150w, https:\/\/lydenim.com\/wp-content\/uploads\/2025\/06\/Cotton-trade-768x768.jpg 768w, https:\/\/lydenim.com\/wp-content\/uploads\/2025\/06\/Cotton-trade-1536x1536.jpg 1536w, https:\/\/lydenim.com\/wp-content\/uploads\/2025\/06\/Cotton-trade-12x12.jpg 12w, https:\/\/lydenim.com\/wp-content\/uploads\/2025\/06\/Cotton-trade-600x600.jpg 600w\" sizes=\"auto, (max-width: 600px) 100vw, 600px\" \/><p id=\"caption-attachment-5450\" class=\"wp-caption-text\">Commerce du coton<\/p><\/div>\n<p>&nbsp;<\/p>\n<h2>II. Filage : transformer le coton en fil<\/h2>\n<h3>L&#039;art de filer le fil de denim<\/h3>\n<p>Le filage consiste \u00e0 aligner et \u00e0 tordre les fibres de coton pour en faire du fil. Deux m\u00e9thodes dominent le filage du denim\u00a0:<\/p>\n<ul data-spread=\"false\">\n<li><strong>Filage d&#039;anneaux :<\/strong> Texture douce et tr\u00e8s r\u00e9sistante, id\u00e9ale pour le denim haut de gamme.<\/li>\n<li><strong>Filature \u00e0 fibres ouvertes :<\/strong> Texture \u00e9conomique, l\u00e9g\u00e8rement plus rugueuse, courante dans la production de masse.<\/li>\n<\/ul>\n<p>\u27a1\ufe0f <a href=\"https:\/\/lydenim.com\/fr\/filage-de-fil-de-denim\/\">L&#039;art de filer le fil de denim<\/a><\/p>\n<div id=\"attachment_4379\" style=\"width: 610px\" class=\"wp-caption aligncenter\"><img loading=\"lazy\" decoding=\"async\" aria-describedby=\"caption-attachment-4379\" class=\"wp-image-4379\" src=\"https:\/\/lydenim.com\/wp-content\/uploads\/2025\/03\/Cotton-fibers-prepped-for-spinning.avif\" alt=\"Fibres de coton pr\u00e9par\u00e9es pour le filage\" width=\"600\" height=\"600\" srcset=\"https:\/\/lydenim.com\/wp-content\/uploads\/2025\/03\/Cotton-fibers-prepped-for-spinning.avif 750w, https:\/\/lydenim.com\/wp-content\/uploads\/2025\/03\/Cotton-fibers-prepped-for-spinning-300x300.avif 300w, https:\/\/lydenim.com\/wp-content\/uploads\/2025\/03\/Cotton-fibers-prepped-for-spinning-150x150.avif 150w, https:\/\/lydenim.com\/wp-content\/uploads\/2025\/03\/Cotton-fibers-prepped-for-spinning-12x12.avif 12w, https:\/\/lydenim.com\/wp-content\/uploads\/2025\/03\/Cotton-fibers-prepped-for-spinning-600x600.avif 600w\" sizes=\"auto, (max-width: 600px) 100vw, 600px\" \/><p id=\"caption-attachment-4379\" class=\"wp-caption-text\">Fibres de coton pr\u00e9par\u00e9es pour le filage<\/p><\/div>\n<p>&nbsp;<\/p>\n<h3>L&#039;\u00e9volution des technologies de filage<\/h3>\n<p>Des roues entra\u00een\u00e9es \u00e0 la main au filage automatis\u00e9 par rotor, la production de fils denim a \u00e9volu\u00e9 vers l&#039;efficacit\u00e9 et la coh\u00e9rence.<\/p>\n<p>\u27a1\ufe0f <a href=\"https:\/\/lydenim.com\/fr\/comprendre-le-filage-du-denim\/\">L&#039;\u00e9volution du filage dans la production de tissu denim<\/a><\/p>\n<div id=\"attachment_4399\" style=\"width: 610px\" class=\"wp-caption aligncenter\"><img loading=\"lazy\" decoding=\"async\" aria-describedby=\"caption-attachment-4399\" class=\"wp-image-4399\" src=\"https:\/\/lydenim.com\/wp-content\/uploads\/2025\/03\/1920s-ring-spinning-machine.jpg\" alt=\"Machine \u00e0 filer \u00e0 anneaux des ann\u00e9es 1920\" width=\"600\" height=\"424\" srcset=\"https:\/\/lydenim.com\/wp-content\/uploads\/2025\/03\/1920s-ring-spinning-machine.jpg 1020w, https:\/\/lydenim.com\/wp-content\/uploads\/2025\/03\/1920s-ring-spinning-machine-300x212.jpg 300w, https:\/\/lydenim.com\/wp-content\/uploads\/2025\/03\/1920s-ring-spinning-machine-768x543.jpg 768w, https:\/\/lydenim.com\/wp-content\/uploads\/2025\/03\/1920s-ring-spinning-machine-18x12.jpg 18w, https:\/\/lydenim.com\/wp-content\/uploads\/2025\/03\/1920s-ring-spinning-machine-600x424.jpg 600w, https:\/\/lydenim.com\/wp-content\/uploads\/2025\/03\/1920s-ring-spinning-machine-150x106.jpg 150w\" sizes=\"auto, (max-width: 600px) 100vw, 600px\" \/><p id=\"caption-attachment-4399\" class=\"wp-caption-text\">Machine \u00e0 filer \u00e0 anneaux des ann\u00e9es 1920<\/p><\/div>\n<h2>III. Teinture : le look indigo signature<\/h2>\n<h3>Teinture indigo : du fil au tissu<\/h3>\n<p>Le bleu embl\u00e9matique du denim provient de la teinture exclusive des fils de cha\u00eene. Les principales techniques de teinture sont les suivantes\u00a0:<\/p>\n<ul data-spread=\"false\">\n<li><strong>Teinture de corde :<\/strong> Couleur plus riche, utilis\u00e9e pour le denim selvedge.<\/li>\n<li><strong>Teinture Slasher :<\/strong> M\u00e9thode \u00e0 grande vitesse et \u00e0 l\u2019\u00e9chelle industrielle.<\/li>\n<\/ul>\n<p>\u27a1\ufe0f <a href=\"https:\/\/lydenim.com\/fr\/teinture-du-denim\/\">L&#039;art de la teinture du denim\u00a0: du fil au tissu<\/a><\/p>\n<div id=\"attachment_2483\" style=\"width: 610px\" class=\"wp-caption aligncenter\"><img loading=\"lazy\" decoding=\"async\" aria-describedby=\"caption-attachment-2483\" class=\"wp-image-2483\" src=\"https:\/\/lydenim.com\/wp-content\/uploads\/2024\/12\/\u5e8f\u5217-Sequence-01.00_04_07_12.Still016-scaled.jpg\" alt=\"Teinture\" width=\"600\" height=\"338\" srcset=\"https:\/\/lydenim.com\/wp-content\/uploads\/2024\/12\/\u5e8f\u5217-Sequence-01.00_04_07_12.Still016-scaled.jpg 2560w, https:\/\/lydenim.com\/wp-content\/uploads\/2024\/12\/\u5e8f\u5217-Sequence-01.00_04_07_12.Still016-scaled-150x84.jpg 150w, https:\/\/lydenim.com\/wp-content\/uploads\/2024\/12\/\u5e8f\u5217-Sequence-01.00_04_07_12.Still016-scaled-600x338.jpg 600w, https:\/\/lydenim.com\/wp-content\/uploads\/2024\/12\/\u5e8f\u5217-Sequence-01.00_04_07_12.Still016-300x169.jpg 300w, https:\/\/lydenim.com\/wp-content\/uploads\/2024\/12\/\u5e8f\u5217-Sequence-01.00_04_07_12.Still016-1024x576.jpg 1024w, https:\/\/lydenim.com\/wp-content\/uploads\/2024\/12\/\u5e8f\u5217-Sequence-01.00_04_07_12.Still016-768x432.jpg 768w, https:\/\/lydenim.com\/wp-content\/uploads\/2024\/12\/\u5e8f\u5217-Sequence-01.00_04_07_12.Still016-1536x864.jpg 1536w, https:\/\/lydenim.com\/wp-content\/uploads\/2024\/12\/\u5e8f\u5217-Sequence-01.00_04_07_12.Still016-2048x1152.jpg 2048w, https:\/\/lydenim.com\/wp-content\/uploads\/2024\/12\/\u5e8f\u5217-Sequence-01.00_04_07_12.Still016-18x10.jpg 18w\" sizes=\"auto, (max-width: 600px) 100vw, 600px\" \/><p id=\"caption-attachment-2483\" class=\"wp-caption-text\">Teinture<\/p><\/div>\n<p>&nbsp;<\/p>\n<h2>IV. Tissage\u00a0: cr\u00e9ation de la structure du denim<\/h2>\n<h3>Motifs de tissage : du simple au serg\u00e9<\/h3>\n<p>Le denim est g\u00e9n\u00e9ralement tiss\u00e9 en serg\u00e9 3\/1, ce qui lui conf\u00e8re des lignes diagonales et une grande durabilit\u00e9. Parmi les variantes, on trouve le serg\u00e9 bris\u00e9, le chevron, le neps et l&#039;armure toile.<\/p>\n<p>\u27a1\ufe0f <a href=\"https:\/\/lydenim.com\/fr\/motifs-de-tissage\/\">Exploration des motifs de tissage : du simple au neps<\/a><a href=\"https:\/\/lydenim.com\/fr\/motifs-de-tissage\/\"><img loading=\"lazy\" decoding=\"async\" class=\"aligncenter wp-image-2499\" src=\"https:\/\/lydenim.com\/wp-content\/uploads\/2024\/12\/\u5e8f\u5217-Sequence-01.00_05_31_21.Still032-scaled.jpg\" alt=\"\" width=\"600\" height=\"338\" srcset=\"https:\/\/lydenim.com\/wp-content\/uploads\/2024\/12\/\u5e8f\u5217-Sequence-01.00_05_31_21.Still032-scaled.jpg 2560w, https:\/\/lydenim.com\/wp-content\/uploads\/2024\/12\/\u5e8f\u5217-Sequence-01.00_05_31_21.Still032-scaled-150x84.jpg 150w, https:\/\/lydenim.com\/wp-content\/uploads\/2024\/12\/\u5e8f\u5217-Sequence-01.00_05_31_21.Still032-scaled-600x338.jpg 600w, https:\/\/lydenim.com\/wp-content\/uploads\/2024\/12\/\u5e8f\u5217-Sequence-01.00_05_31_21.Still032-300x169.jpg 300w, https:\/\/lydenim.com\/wp-content\/uploads\/2024\/12\/\u5e8f\u5217-Sequence-01.00_05_31_21.Still032-1024x576.jpg 1024w, https:\/\/lydenim.com\/wp-content\/uploads\/2024\/12\/\u5e8f\u5217-Sequence-01.00_05_31_21.Still032-768x432.jpg 768w, https:\/\/lydenim.com\/wp-content\/uploads\/2024\/12\/\u5e8f\u5217-Sequence-01.00_05_31_21.Still032-1536x864.jpg 1536w, https:\/\/lydenim.com\/wp-content\/uploads\/2024\/12\/\u5e8f\u5217-Sequence-01.00_05_31_21.Still032-2048x1152.jpg 2048w, https:\/\/lydenim.com\/wp-content\/uploads\/2024\/12\/\u5e8f\u5217-Sequence-01.00_05_31_21.Still032-18x10.jpg 18w\" sizes=\"auto, (max-width: 600px) 100vw, 600px\" \/><\/a><\/p>\n<h3>Cha\u00eene et trame\u00a0: renforcer la r\u00e9sistance du denim<\/h3>\n<p>Les fils de cha\u00eene (teints) sont longs, tandis que les fils de trame (non teints) sont transversaux. Ce contraste conf\u00e8re au denim son aspect bicolore.<\/p>\n<p>\u27a1\ufe0f <a href=\"https:\/\/lydenim.com\/fr\/entre-chaine-et-trame-decodant-les-coordonnees-des-mondes-du-tissu\/\">Entre cha\u00eene et trame \u2013 D\u00e9cryptage des coordonn\u00e9es du monde textile<\/a><\/p>\n<div>\n<div id=\"attachment_4341\" style=\"width: 610px\" class=\"wp-caption aligncenter\"><img loading=\"lazy\" decoding=\"async\" aria-describedby=\"caption-attachment-4341\" class=\"wp-image-4341\" src=\"https:\/\/lydenim.com\/wp-content\/uploads\/2025\/03\/Warp-and-Weft.jpg\" alt=\"Cha\u00eene et trame\" width=\"600\" height=\"665\" srcset=\"https:\/\/lydenim.com\/wp-content\/uploads\/2025\/03\/Warp-and-Weft.jpg 350w, https:\/\/lydenim.com\/wp-content\/uploads\/2025\/03\/Warp-and-Weft-271x300.jpg 271w, https:\/\/lydenim.com\/wp-content\/uploads\/2025\/03\/Warp-and-Weft-11x12.jpg 11w, https:\/\/lydenim.com\/wp-content\/uploads\/2025\/03\/Warp-and-Weft-150x166.jpg 150w\" sizes=\"auto, (max-width: 600px) 100vw, 600px\" \/><p id=\"caption-attachment-4341\" class=\"wp-caption-text\">Cha\u00eene et trame<\/p><\/div>\n<\/div>\n<h2>V. S\u00e9lection des tissus et \u00e9valuation de la qualit\u00e9<\/h2>\n<h3>Comprendre le poids du denim<\/h3>\n<p>Mesur\u00e9 en onces par m\u00e8tre carr\u00e9 :<\/p>\n<ul data-spread=\"false\">\n<li><strong>8 \u00e0 10 oz :<\/strong> Chemises l\u00e9g\u00e8res<\/li>\n<li><strong>12 \u00e0 14 oz :<\/strong> Jeans de tous les jours<\/li>\n<li><strong>16+ oz :<\/strong> Vestes rigides<\/li>\n<\/ul>\n<p>\u27a1\ufe0f <a href=\"https:\/\/lydenim.com\/fr\/onces-en-denim\/\">Comprendre le poids en onces du denim<img loading=\"lazy\" decoding=\"async\" class=\"size-full wp-image-4725 aligncenter\" src=\"https:\/\/lydenim.com\/wp-content\/uploads\/2025\/04\/Fabric-weight.webp\" alt=\"\" width=\"600\" height=\"800\" srcset=\"https:\/\/lydenim.com\/wp-content\/uploads\/2025\/04\/Fabric-weight.webp 600w, https:\/\/lydenim.com\/wp-content\/uploads\/2025\/04\/Fabric-weight-225x300.webp 225w, https:\/\/lydenim.com\/wp-content\/uploads\/2025\/04\/Fabric-weight-9x12.webp 9w, https:\/\/lydenim.com\/wp-content\/uploads\/2025\/04\/Fabric-weight-150x200.webp 150w\" sizes=\"auto, (max-width: 600px) 100vw, 600px\" \/><\/a><\/p>\n<h3>20 types de tissus denim<\/h3>\n<p>Avantages et inconv\u00e9nients d\u00e9taill\u00e9s du denim flamm\u00e9, du denim extensible, du denim super bleu, etc.<\/p>\n<p>\u27a1\ufe0f <a href=\"https:\/\/lydenim.com\/fr\/analyse-de-20-types-de-tissus-denim\/\">Analyse de 20 types de tissus denim<\/a><a href=\"https:\/\/lydenim.com\/fr\/analyse-de-20-types-de-tissus-denim\/\"><img loading=\"lazy\" decoding=\"async\" class=\"aligncenter wp-image-5173\" src=\"https:\/\/lydenim.com\/wp-content\/uploads\/2025\/05\/1375004716227276591.png\" alt=\"\" width=\"600\" height=\"600\" srcset=\"https:\/\/lydenim.com\/wp-content\/uploads\/2025\/05\/1375004716227276591.png 1024w, https:\/\/lydenim.com\/wp-content\/uploads\/2025\/05\/1375004716227276591-300x300.png 300w, https:\/\/lydenim.com\/wp-content\/uploads\/2025\/05\/1375004716227276591-150x150.png 150w, https:\/\/lydenim.com\/wp-content\/uploads\/2025\/05\/1375004716227276591-768x768.png 768w, https:\/\/lydenim.com\/wp-content\/uploads\/2025\/05\/1375004716227276591-12x12.png 12w, https:\/\/lydenim.com\/wp-content\/uploads\/2025\/05\/1375004716227276591-600x600.png 600w\" sizes=\"auto, (max-width: 600px) 100vw, 600px\" \/><\/a><\/p>\n<h3>Comment choisir le bon tissu<\/h3>\n<p>Les conseils incluent le niveau d&#039;\u00e9tirement, l&#039;effet flamm\u00e9, la largeur, le cas d&#039;utilisation (par exemple, v\u00eatements pour hommes, femmes, enfants) et les objectifs environnementaux.<\/p>\n<p>\u27a1\ufe0f <a href=\"https:\/\/lydenim.com\/fr\/comment-choisir-le-bon-tissu-denim\/\">Comment choisir le bon tissu denim<\/a><a href=\"https:\/\/lydenim.com\/fr\/comment-choisir-le-bon-tissu-denim\/\"><img loading=\"lazy\" decoding=\"async\" class=\"aligncenter wp-image-2093\" src=\"https:\/\/lydenim.com\/wp-content\/uploads\/2024\/12\/\u4e0b\u8f7d-8.jpg\" alt=\"Tissu de coton\" width=\"600\" height=\"400\" srcset=\"https:\/\/lydenim.com\/wp-content\/uploads\/2024\/12\/\u4e0b\u8f7d-8.jpg 1000w, https:\/\/lydenim.com\/wp-content\/uploads\/2024\/12\/\u4e0b\u8f7d-8-150x100.jpg 150w, https:\/\/lydenim.com\/wp-content\/uploads\/2024\/12\/\u4e0b\u8f7d-8-600x400.jpg 600w, https:\/\/lydenim.com\/wp-content\/uploads\/2024\/12\/\u4e0b\u8f7d-8-300x200.jpg 300w, https:\/\/lydenim.com\/wp-content\/uploads\/2024\/12\/\u4e0b\u8f7d-8-768x512.jpg 768w\" sizes=\"auto, (max-width: 600px) 100vw, 600px\" \/><\/a><\/p>\n<h3>Guide de qualit\u00e9 et d&#039;approvisionnement du denim<\/h3>\n<p>Couvre les performances avant et apr\u00e8s lavage, les tests de durabilit\u00e9 et les conseils des fournisseurs.<\/p>\n<p>\u27a1\ufe0f <a href=\"https:\/\/lydenim.com\/fr\/evaluation-de-la-qualite-du-denim-et-guide-dachat\/\">Guide d&#039;\u00e9valuation et d&#039;achat de la qualit\u00e9 du denim<img loading=\"lazy\" decoding=\"async\" class=\"aligncenter\" src=\"https:\/\/lydenim.com\/wp-content\/uploads\/2025\/06\/Denim-Quality.jpg\" width=\"600\" height=\"401\" \/><\/a><\/p>\n<h3>Facteurs de r\u00e9tr\u00e9cissement et pr\u00e9vention<\/h3>\n<p>Le denim pr\u00e9-r\u00e9tr\u00e9ci r\u00e9tr\u00e9cit de &lt;3%, tandis que le denim brut peut r\u00e9tr\u00e9cir de 5 \u00e0 10% apr\u00e8s le premier lavage.<\/p>\n<p>\u27a1\ufe0f <a href=\"https:\/\/lydenim.com\/fr\/retrecissement-du-denim-un-guide-complet\/\">R\u00e9tr\u00e9cissement du denim\u00a0: un guide complet<\/a><\/p>\n<div id=\"attachment_5749\" style=\"width: 610px\" class=\"wp-caption aligncenter\"><img loading=\"lazy\" decoding=\"async\" aria-describedby=\"caption-attachment-5749\" class=\"wp-image-5749\" src=\"https:\/\/lydenim.com\/wp-content\/uploads\/2025\/07\/eaf37c0b9ce684991bae74eabf3dec70.jpg\" alt=\"\" width=\"600\" height=\"450\" srcset=\"https:\/\/lydenim.com\/wp-content\/uploads\/2025\/07\/eaf37c0b9ce684991bae74eabf3dec70.jpg 1211w, https:\/\/lydenim.com\/wp-content\/uploads\/2025\/07\/eaf37c0b9ce684991bae74eabf3dec70-300x225.jpg 300w, https:\/\/lydenim.com\/wp-content\/uploads\/2025\/07\/eaf37c0b9ce684991bae74eabf3dec70-1024x768.jpg 1024w, https:\/\/lydenim.com\/wp-content\/uploads\/2025\/07\/eaf37c0b9ce684991bae74eabf3dec70-768x576.jpg 768w, https:\/\/lydenim.com\/wp-content\/uploads\/2025\/07\/eaf37c0b9ce684991bae74eabf3dec70-16x12.jpg 16w, https:\/\/lydenim.com\/wp-content\/uploads\/2025\/07\/eaf37c0b9ce684991bae74eabf3dec70-600x450.jpg 600w, https:\/\/lydenim.com\/wp-content\/uploads\/2025\/07\/eaf37c0b9ce684991bae74eabf3dec70-150x112.jpg 150w\" sizes=\"auto, (max-width: 600px) 100vw, 600px\" \/><p id=\"caption-attachment-5749\" class=\"wp-caption-text\">R\u00e9tr\u00e9cissement du denim<\/p><\/div>\n<p>&nbsp;<\/p>\n<h3>Tableau de comparaison des tissus<\/h3>\n<p>Analyse les avantages et les inconv\u00e9nients du denim par rapport au polyester, au velours c\u00f4tel\u00e9, \u00e0 la viscose, au lin et aux m\u00e9langes coton-\u00e9lasthanne.<\/p>\n<p>\u27a1\ufe0f <a href=\"https:\/\/lydenim.com\/fr\/guide-des-avantages-et-des-inconvenients-des-tissus-courants\/\">Tissus courants \u2013 Guide des avantages et des inconv\u00e9nients<img loading=\"lazy\" decoding=\"async\" class=\"aligncenter\" src=\"https:\/\/lydenim.com\/wp-content\/uploads\/2025\/04\/COMMON-FABRICS-PROS-AND-CONS.jpg\" width=\"600\" height=\"800\" \/><\/a><\/p>\n<div><\/div>\n<h2>VI. Lavage\u00a0: ajouter de la personnalit\u00e9 aux jeans<\/h2>\n<p>D\u00e9couvrez 10 techniques comme le lavage enzymatique, le lavage \u00e0 la pierre, le lavage \u00e0 l&#039;eau de Javel, les moustaches de chat et le lavage destructeur.<\/p>\n<p>\u27a1\ufe0f <a href=\"https:\/\/lydenim.com\/fr\/10-types-de-techniques-de-lavage-de-tissu-denim-expliquees\/\">10 types de techniques de lavage de tissu denim expliqu\u00e9es<img decoding=\"async\" class=\"aligncenter\" src=\"https:\/\/lydenim.com\/wp-content\/uploads\/2024\/12\/10-Types-of-Denim-Fabric-Washing-Techniques-Explained-e1741493552153.jpeg\" \/><\/a><\/p>\n<h2>VII. Tendances de la mode et croissance du march\u00e9<\/h2>\n<ul data-spread=\"false\">\n<li><strong>Styles tendance :<\/strong> Jean taille basse Y2K, denim brut, jambe droite<\/li>\n<li><strong>Avantages et inconv\u00e9nients :<\/strong> Les jeans de cr\u00e9ateurs sont \u00e9l\u00e9gants mais chers<\/li>\n<li><strong>Conseils de style :<\/strong> Bureau, voyage, streetwear<\/li>\n<li><strong>Taille du march\u00e9 :<\/strong> 121,5 milliards USD d&#039;ici 2030, TCAC 5,9%<\/li>\n<\/ul>\n<p>\u27a1\ufe0f <a href=\"https:\/\/lydenim.com\/fr\/jeans-de-createur\/\">Jeans de cr\u00e9ateurs\u00a0: tendances mode 2025, conseils de style et potentiel du march\u00e9<img decoding=\"async\" class=\"aligncenter\" src=\"https:\/\/lydenim.com\/wp-content\/uploads\/2025\/06\/Designer-Jeans.jpg\" \/><\/a><\/p>\n<h2>VIII. D\u00e9veloppez vos connaissances sur le denim<\/h2>\n<h3>Glossaire du denim de A \u00e0 Z<\/h3>\n<p>Tous les termes, du nombre de fils et du niveau d&#039;\u00e9lasticit\u00e9 au drap\u00e9 et \u00e0 la r\u00e9sistance des couleurs.<\/p>\n<p>\u27a1\ufe0f <a href=\"https:\/\/lydenim.com\/fr\/connaissances-sur-le-denim\/\">De A \u00e0 Z\u00a0: un guide complet sur la connaissance du denim<img decoding=\"async\" class=\"aligncenter\" src=\"https:\/\/lydenim.com\/wp-content\/uploads\/2025\/03\/From-A-to-Z-A-Comprehensive-Guide-to-Denim-Knowledge.jpg\" alt=\"De A \u00e0 Z - Un guide complet sur la connaissance du denim\" \/><\/a><\/p>\n<h3>Conversions d&#039;unit\u00e9s textiles<\/h3>\n<p>Convertissez des m\u00e8tres en yards, des grammes en onces et plus encore.<\/p>\n<p>\u27a1\ufe0f <a href=\"https:\/\/lydenim.com\/fr\/aide-memoire-sur-la-conversion-des-unites-textiles\/\">Aide-m\u00e9moire pour la conversion des unit\u00e9s textiles<img decoding=\"async\" class=\"aligncenter\" src=\"https:\/\/lydenim.com\/wp-content\/uploads\/2025\/04\/Textile-Unit-Conversion-Cheat-Sheet.jpg\" \/><\/a><\/p>\n<h3>\u00c9volution des styles de jeans<\/h3>\n<p>Suivez les changements de silhouette, de taille et de d\u00e9lavage des ann\u00e9es 1950 \u00e0 aujourd&#039;hui.<\/p>\n<p>\u27a1\ufe0f <a href=\"https:\/\/lydenim.com\/fr\/levolution-des-styles-de-jeans\/\">L&#039;\u00e9volution des styles de jeans<img decoding=\"async\" class=\"aligncenter\" src=\"https:\/\/lydenim.com\/wp-content\/uploads\/2025\/06\/The-Evolution-of-Jeans-Styles.jpg\" \/><\/a><\/p>\n<h3>O\u00f9 les designers trouvent l&#039;inspiration<\/h3>\n<p>Des archives et de la mode urbaine aux tendances \u00e9cologiques et technologiques.<\/p>\n<p>\u27a1\ufe0f <a href=\"https:\/\/lydenim.com\/fr\/sources-dinspiration-pour-la-conception-de-vetements-de-mode\/\">Sources d&#039;inspiration pour la conception de v\u00eatements de mode<img loading=\"lazy\" decoding=\"async\" class=\"size-full wp-image-5772 aligncenter\" src=\"https:\/\/lydenim.com\/wp-content\/uploads\/2025\/05\/Sources-of-Fashion-Garment-Design-Inspiration.jpg\" alt=\"\" width=\"600\" height=\"800\" srcset=\"https:\/\/lydenim.com\/wp-content\/uploads\/2025\/05\/Sources-of-Fashion-Garment-Design-Inspiration.jpg 600w, https:\/\/lydenim.com\/wp-content\/uploads\/2025\/05\/Sources-of-Fashion-Garment-Design-Inspiration-225x300.jpg 225w, https:\/\/lydenim.com\/wp-content\/uploads\/2025\/05\/Sources-of-Fashion-Garment-Design-Inspiration-9x12.jpg 9w, https:\/\/lydenim.com\/wp-content\/uploads\/2025\/05\/Sources-of-Fashion-Garment-Design-Inspiration-150x200.jpg 150w\" sizes=\"auto, (max-width: 600px) 100vw, 600px\" \/><\/a><\/p>\n<h2>Conclusion<\/h2>\n<p>Des champs de coton aux v\u00eatements finis, le parcours du denim met en lumi\u00e8re l&#039;artisanat traditionnel et l&#039;innovation moderne. Ce guide aide les consommateurs et les cr\u00e9ateurs \u00e0 comprendre chaque \u00e9tape\u00a0: choisir le bon tissu, appliquer les meilleures techniques et s&#039;adapter aux tendances du march\u00e9. Que vous soyez designer, acheteur ou passionn\u00e9, conna\u00eetre le processus de fabrication du denim renforce chaque choix de mode.<\/p>\n<h2 dir=\"auto\">Services de personnalisation par LYDENIM<\/h2>\n<p dir=\"auto\">\ud83c\udfa8 Vouloir <strong>tissus denim personnalis\u00e9s<\/strong> ou\u00a0 <strong>unique<\/strong> <strong>v\u00eatement en denim personnalis\u00e9<\/strong>? LYDENIM est sp\u00e9cialis\u00e9 dans les solutions sur mesure pour r\u00e9pondre \u00e0 vos besoins de conception et de production.<\/p>\n<p dir=\"auto\">\ud83d\udecd\ufe0f <strong>Explorez et inspirez-vous<\/strong>: Parcourez nos s\u00e9lections de tissus et d\u00e9couvrez des id\u00e9es de design sur <a href=\"https:\/\/lydenim.com\/fr\/\" target=\"_blank\" rel=\"noopener noreferrer nofollow\">LYDenim<\/a>.<\/p>\n<p dir=\"auto\">\ud83c\udf10 <strong>V\u00eatements \u00e9lastiques<\/strong>:D\u00e9couvrez nos offres sur <a href=\"http:\/\/liangyuantextile.m.en.alibaba.com\" target=\"_blank\" rel=\"noopener noreferrer nofollow\">MonAlibaba<\/a>. \ud83d\udce9 <strong>Contactez-nous<\/strong>: Contactez-nous \u00e0 <a href=\"mailto:malone@lydenim.com\" target=\"_blank\" rel=\"noopener noreferrer nofollow\">malone@lydenim.com<\/a>.<\/p>\n<p dir=\"auto\">Cr\u00e9ez votre chef-d&#039;\u0153uvre en denim avec LYDENIM, votre partenaire de confiance pour <strong>tissu extensible<\/strong> et <strong>solutions denim personnalis\u00e9es<\/strong>.<\/p>","protected":false},"excerpt":{"rendered":"<p>I. Le coton : l&#039;origine du denim A. Le r\u00f4le du coton dans le tissu denimLe coton et son r\u00f4le dans le tissu denimB.<\/p>","protected":false},"author":1,"featured_media":5774,"comment_status":"open","ping_status":"open","sticky":false,"template":"","format":"standard","meta":{"two_page_speed":[],"footnotes":""},"categories":[66],"tags":[],"class_list":["post-5769","post","type-post","status-publish","format-standard","has-post-thumbnail","hentry","category-denim-knowledge"],"aioseo_notices":[],"_links":{"self":[{"href":"https:\/\/lydenim.com\/fr\/wp-json\/wp\/v2\/posts\/5769","targetHints":{"allow":["GET"]}}],"collection":[{"href":"https:\/\/lydenim.com\/fr\/wp-json\/wp\/v2\/posts"}],"about":[{"href":"https:\/\/lydenim.com\/fr\/wp-json\/wp\/v2\/types\/post"}],"author":[{"embeddable":true,"href":"https:\/\/lydenim.com\/fr\/wp-json\/wp\/v2\/users\/1"}],"replies":[{"embeddable":true,"href":"https:\/\/lydenim.com\/fr\/wp-json\/wp\/v2\/comments?post=5769"}],"version-history":[{"count":4,"href":"https:\/\/lydenim.com\/fr\/wp-json\/wp\/v2\/posts\/5769\/revisions"}],"predecessor-version":[{"id":6379,"href":"https:\/\/lydenim.com\/fr\/wp-json\/wp\/v2\/posts\/5769\/revisions\/6379"}],"wp:featuredmedia":[{"embeddable":true,"href":"https:\/\/lydenim.com\/fr\/wp-json\/wp\/v2\/media\/5774"}],"wp:attachment":[{"href":"https:\/\/lydenim.com\/fr\/wp-json\/wp\/v2\/media?parent=5769"}],"wp:term":[{"taxonomy":"category","embeddable":true,"href":"https:\/\/lydenim.com\/fr\/wp-json\/wp\/v2\/categories?post=5769"},{"taxonomy":"post_tag","embeddable":true,"href":"https:\/\/lydenim.com\/fr\/wp-json\/wp\/v2\/tags?post=5769"}],"curies":[{"name":"wp","href":"https:\/\/api.w.org\/{rel}","templated":true}]}}