{"id":5875,"date":"2025-07-18T11:06:31","date_gmt":"2025-07-18T03:06:31","guid":{"rendered":"https:\/\/lydenim.com\/?p=5875"},"modified":"2025-07-18T11:06:31","modified_gmt":"2025-07-18T03:06:31","slug":"guia-de-jeans-timeless-y-como-combinarlos-en-2025","status":"publish","type":"post","link":"https:\/\/lydenim.com\/fr\/guia-de-jeans-intemporel-et-como-combinarlos-en-2025\/","title":{"rendered":"Gu\u00eda de Jeans Timeless et C\u00f3mo Combinarlos en 2025"},"content":{"rendered":"<h2>Introduction<\/h2>\n<p>Les pantalons vaqueros son una prenda imprescindible dans le vestuario de las womens; se destacan por sa polyvalence et son style classique qui perdura lors de voyages du temps au Mexique comme un symbole de la mode qui s&#039;adapte \u00e0 diverses occasions; C&#039;est pour les sorties informelles ou semi-formelles que cet article explore quatre styles de jeans temporaires, comme les droits, les coupes mom, les skinny et les amateurs, qui proposent des suggestions pour combiner en 2025 inclusivement leurs avantages et leurs inconv\u00e9nients, comme les c\u00e9l\u00e9brit\u00e9s pour inspirer vos atuendos, m\u00eame eux. \u00c9valuez \u00e9galement les aspects positifs et n\u00e9gatifs qui impliquent l\u2019utilisation de ces situations dans des situations inad\u00e9quates.<\/p>\n<h2 dir=\"auto\">1. Vaqueros de Corte Recto : \u00c9l\u00e9gance classique et polyvalente<\/h2>\n<p dir=\"auto\">Les jeans de corte recto offrent un ajustement \u00e9quilibr\u00e9 depuis la cha\u00eene jusqu&#039;au tobillo, sans \u00eatre trop longs ni trop serr\u00e9s. C&#039;est une option adaptable \u00e0 n&#039;importe quelle occasion, des \u00e9tapes occasionnelles jusqu&#039;aux \u00e9v\u00e9nements semi-formels.<\/p>\n<h3 dir=\"auto\">Avantages :<\/h3>\n<ul dir=\"auto\">\n<li><strong>Polyvalence<\/strong>: S&#039;adapte \u00e0 la majorit\u00e9 des types de corps.<\/li>\n<li><strong>Atemporalit\u00e9<\/strong>: Votre style classique n&#039;est pas \u00e0 la mode.<\/li>\n<li><strong>Confort<\/strong>: Id\u00e9ales pour une utilisation prolong\u00e9e.<\/li>\n<\/ul>\n<h3 dir=\"auto\">Inconv\u00e9nients :<\/h3>\n<ul dir=\"auto\">\n<li><strong>Simplicit\u00e9<\/strong>: Vous pouvez comparer les bases si vous ne les combinez pas avec le style.<\/li>\n<li><strong>Moins modernes<\/strong>: Comparados con cortes plus actuales, pueden sentse menos innovadores.<\/li>\n<\/ul>\n<h3 dir=\"auto\">Inspiration de c\u00e9l\u00e9brit\u00e9s :<\/h3>\n<p dir=\"auto\">Jennifer Garner combine des jeans droits avec des chemisiers et des chaussures pour un look d\u00e9contract\u00e9 id\u00e9al pour passer la ville. Pour un style plus sophistiqu\u00e9, optez pour un blazer et des tacones hauts, comme vous le ferez lors d&#039;\u00e9v\u00e9nements de couleur rouge.<\/p>\n<h3 dir=\"auto\">Comment les combiner en 2025\u00a0:<\/h3>\n<ul dir=\"auto\">\n<li><strong>Regarde Veraniego<\/strong>: Combinez des camisas anudadas en la cintura et des sandalias de tiras pour un style fresque, parfait pour les centres commerciaux mexicains.<\/li>\n<li><strong>Regardez Laboral<\/strong>: Utilisez-les avec un blazer structur\u00e9 et des tacones pour un \u00e9tudiant professionnel et \u00e9l\u00e9gant.<\/li>\n<\/ul>\n<h3 dir=\"auto\">Utilisation dans des situations inappropri\u00e9es\u00a0:<\/h3>\n<ul dir=\"auto\">\n<li><strong>Avantages<\/strong>: Votre simplicit\u00e9 fait que les \u00e9v\u00e9nements semi-formels soient id\u00e9aux lorsqu&#039;ils se combinent avec des choses \u00e9l\u00e9gantes.<\/li>\n<li><strong>Inconv\u00e9nients<\/strong>: Lors d&#039;\u00e9v\u00e9nements formels, comme des f\u00eates ou des galas, vous pouvez percevoir comme des occasionnels occasionnels, en projetant une image inad\u00e9quate.\n<p><div id=\"attachment_5877\" style=\"width: 610px\" class=\"wp-caption aligncenter\"><img loading=\"lazy\" decoding=\"async\" aria-describedby=\"caption-attachment-5877\" class=\"wp-image-5877\" src=\"https:\/\/lydenim.com\/wp-content\/uploads\/2025\/07\/29aff9cb6b8ef021fb537cc4335cb77b.jpg\" alt=\"\" width=\"600\" height=\"400\" srcset=\"https:\/\/lydenim.com\/wp-content\/uploads\/2025\/07\/29aff9cb6b8ef021fb537cc4335cb77b.jpg 1668w, https:\/\/lydenim.com\/wp-content\/uploads\/2025\/07\/29aff9cb6b8ef021fb537cc4335cb77b-300x200.jpg 300w, https:\/\/lydenim.com\/wp-content\/uploads\/2025\/07\/29aff9cb6b8ef021fb537cc4335cb77b-1024x683.jpg 1024w, https:\/\/lydenim.com\/wp-content\/uploads\/2025\/07\/29aff9cb6b8ef021fb537cc4335cb77b-768x512.jpg 768w, https:\/\/lydenim.com\/wp-content\/uploads\/2025\/07\/29aff9cb6b8ef021fb537cc4335cb77b-1536x1024.jpg 1536w, https:\/\/lydenim.com\/wp-content\/uploads\/2025\/07\/29aff9cb6b8ef021fb537cc4335cb77b-18x12.jpg 18w, https:\/\/lydenim.com\/wp-content\/uploads\/2025\/07\/29aff9cb6b8ef021fb537cc4335cb77b-600x400.jpg 600w, https:\/\/lydenim.com\/wp-content\/uploads\/2025\/07\/29aff9cb6b8ef021fb537cc4335cb77b-150x100.jpg 150w\" sizes=\"auto, (max-width: 600px) 100vw, 600px\" \/><p id=\"caption-attachment-5877\" class=\"wp-caption-text\">Vaqueros de Corte Recto<\/p><\/div><\/li>\n<\/ul>\n<h2 dir=\"auto\">2. Vaqueros Mom Fit\u00a0: mode et style r\u00e9tro<\/h2>\n<p dir=\"auto\">Les jeans Mom Fit, avec une coupe haute et un ajustement d\u00e9contract\u00e9 sur les jambes, \u00e9voquent la mode des ann\u00e9es 90. Ils sont parfaits pour ceux qui recherchent un confort sans sacrifier le style.<\/p>\n<h3 dir=\"auto\">Avantages :<\/h3>\n<ul dir=\"auto\">\n<li><strong>Confort<\/strong>: Ideales para siluetas diversas y actividades prolongadas.<\/li>\n<li><strong>Style d\u00e9contract\u00e9<\/strong>: Perfectos para ocasiones informelles.<\/li>\n<li><strong>\u00c9quilibre<\/strong>: Sept g\u00e9nies avec les meilleurs ce\u00f1idos qui resaltan la figura.<\/li>\n<\/ul>\n<h3 dir=\"auto\">Inconv\u00e9nients :<\/h3>\n<ul dir=\"auto\">\n<li><strong>Limitations formelles<\/strong>: Il n&#039;y a pas de fils id\u00e9aux pour les \u00e9v\u00e9nements tr\u00e8s formels.<\/li>\n<li><strong>Ajuster amplio<\/strong>: Peut ne pas \u00eatre l&#039;agrado de quienes prefieren cortes m\u00e1s ajustados.<\/li>\n<\/ul>\n<h3 dir=\"auto\">Inspiration de c\u00e9l\u00e9brit\u00e9s :<\/h3>\n<p dir=\"auto\">Jennifer Aniston Luce Mom Jeans avec blusas metidas et cinturones pour marquer la silhouette, id\u00e9al pour les tenues d\u00e9contract\u00e9es. Combinez-les avec des bottines ou des chaussures pour un look chic et d\u00e9contract\u00e9.<\/p>\n<h3 dir=\"auto\">Comment les combiner en 2025\u00a0:<\/h3>\n<ul dir=\"auto\">\n<li><strong>Ayez un look d\u00e9contract\u00e9<\/strong>: M\u00e9zclalos avec sudaderas cortas et tenis pour un style moderne dans les caf\u00e9s de la ville de M\u00e9xico.<\/li>\n<li><strong>Ayez l&#039;air \u00e9l\u00e9gant<\/strong>: Choisissez une blouse de soie et des bottines pour une tuque sophistiqu\u00e9e.<\/li>\n<\/ul>\n<h3 dir=\"auto\">Utilisation dans des situations inappropri\u00e9es\u00a0:<\/h3>\n<ul dir=\"auto\">\n<li><strong>Avantages<\/strong>: Votre pratique est id\u00e9ale pour les activit\u00e9s en plein air ou dans des climats chauds.<\/li>\n<li><strong>Inconv\u00e9nients<\/strong>: Dans les entreprises de bureau traditionnelles ou les \u00e9v\u00e9nements formels, vous pouvez percevoir comme un peu de professionnel.\n<p><div id=\"attachment_5881\" style=\"width: 610px\" class=\"wp-caption aligncenter\"><img loading=\"lazy\" decoding=\"async\" aria-describedby=\"caption-attachment-5881\" class=\"wp-image-5881\" src=\"https:\/\/lydenim.com\/wp-content\/uploads\/2025\/07\/c50b3d1a8bbdc9e40ac8579aa8bf8e27-scaled.jpg\" alt=\"\" width=\"600\" height=\"200\" srcset=\"https:\/\/lydenim.com\/wp-content\/uploads\/2025\/07\/c50b3d1a8bbdc9e40ac8579aa8bf8e27-scaled.jpg 2560w, https:\/\/lydenim.com\/wp-content\/uploads\/2025\/07\/c50b3d1a8bbdc9e40ac8579aa8bf8e27-300x100.jpg 300w, https:\/\/lydenim.com\/wp-content\/uploads\/2025\/07\/c50b3d1a8bbdc9e40ac8579aa8bf8e27-1024x342.jpg 1024w, https:\/\/lydenim.com\/wp-content\/uploads\/2025\/07\/c50b3d1a8bbdc9e40ac8579aa8bf8e27-768x256.jpg 768w, https:\/\/lydenim.com\/wp-content\/uploads\/2025\/07\/c50b3d1a8bbdc9e40ac8579aa8bf8e27-1536x512.jpg 1536w, https:\/\/lydenim.com\/wp-content\/uploads\/2025\/07\/c50b3d1a8bbdc9e40ac8579aa8bf8e27-2048x683.jpg 2048w, https:\/\/lydenim.com\/wp-content\/uploads\/2025\/07\/c50b3d1a8bbdc9e40ac8579aa8bf8e27-18x6.jpg 18w, https:\/\/lydenim.com\/wp-content\/uploads\/2025\/07\/c50b3d1a8bbdc9e40ac8579aa8bf8e27-600x200.jpg 600w, https:\/\/lydenim.com\/wp-content\/uploads\/2025\/07\/c50b3d1a8bbdc9e40ac8579aa8bf8e27-150x50.jpg 150w\" sizes=\"auto, (max-width: 600px) 100vw, 600px\" \/><p id=\"caption-attachment-5881\" class=\"wp-caption-text\">Vaqueros Mom Fit<\/p><\/div><\/li>\n<\/ul>\n<h2 dir=\"auto\">3. Vaqueros Skinny\u00a0: Ajuster ce\u00f1ido et moderno<\/h2>\n<p dir=\"auto\">Les jeans skinny sont ce\u00f1idos de la cintura jusqu&#039;au tobillo, resaltando la figura et ofreciendo un look stilizado.<\/p>\n<h3 dir=\"auto\">Avantages :<\/h3>\n<ul dir=\"auto\">\n<li><strong>Effet styliste<\/strong>: Alargan visualmente las piernas.<\/li>\n<li><strong>Polyvalence<\/strong>: Fonctionne tant en apparence informelle que semi-formelle.<\/li>\n<li><strong>Compatibilit\u00e9<\/strong>: Combin\u00e9 avec une amplia vari\u00e9e de calzado.<\/li>\n<\/ul>\n<h3 dir=\"auto\">Inconv\u00e9nients :<\/h3>\n<ul dir=\"auto\">\n<li><strong>Confort limit\u00e9<\/strong>: Vous pouvez obtenir des r\u00e9sultats int\u00e9ressants pour certaines personnes.<\/li>\n<li><strong>Non pour tous<\/strong>: Menos favorecedores para cuerpos con muslos m\u00e1s gruesos.<\/li>\n<\/ul>\n<h3 dir=\"auto\">Inspiration de c\u00e9l\u00e9brit\u00e9s :<\/h3>\n<p dir=\"auto\">Taylor Swift combine un jean skinny avec des bretelles surdimensionn\u00e9es et des bottines pour un style d\u00e9contract\u00e9 et contemporain. Pour une sortie nocturne, un crop top et des tacones sont le choix parfait.<\/p>\n<h3 dir=\"auto\">Comment les combiner en 2025\u00a0:<\/h3>\n<ul dir=\"auto\">\n<li><strong>Regardez Nocturno<\/strong>: Combin\u00e9 avec une chemisette blanche et des tacones pour un style sexy mais \u00e9l\u00e9gant, id\u00e9al pour les villes romantiques.<\/li>\n<li><strong>Regardez Invernal<\/strong>: \u00c0 utiliser avec des abrigos larges et des bottes pour un environnement chaud et moderne.<\/li>\n<\/ul>\n<h3 dir=\"auto\">Utilisation dans des situations inappropri\u00e9es\u00a0:<\/h3>\n<ul dir=\"auto\">\n<li><strong>Avantages<\/strong>: Votre conception a \u00e9t\u00e9 raffin\u00e9e pour faire des id\u00e9aux pour les rencontres ou les rencontres sociales informelles.<\/li>\n<li><strong>Inconv\u00e9nients<\/strong>: Il n&#039;est pas adapt\u00e9 aux climats froids sans capacit\u00e9s suppl\u00e9mentaires et peut \u00eatre d\u00e9masiado informel lors d&#039;\u00e9v\u00e9nements tr\u00e8s formels.\n<p><div id=\"attachment_5878\" style=\"width: 610px\" class=\"wp-caption aligncenter\"><img loading=\"lazy\" decoding=\"async\" aria-describedby=\"caption-attachment-5878\" class=\"wp-image-5878\" src=\"https:\/\/lydenim.com\/wp-content\/uploads\/2025\/07\/55f4388d1ce8a2bf002c02f345c3bf7d.jpg\" alt=\"\" width=\"600\" height=\"400\" srcset=\"https:\/\/lydenim.com\/wp-content\/uploads\/2025\/07\/55f4388d1ce8a2bf002c02f345c3bf7d.jpg 1668w, https:\/\/lydenim.com\/wp-content\/uploads\/2025\/07\/55f4388d1ce8a2bf002c02f345c3bf7d-300x200.jpg 300w, https:\/\/lydenim.com\/wp-content\/uploads\/2025\/07\/55f4388d1ce8a2bf002c02f345c3bf7d-1024x683.jpg 1024w, https:\/\/lydenim.com\/wp-content\/uploads\/2025\/07\/55f4388d1ce8a2bf002c02f345c3bf7d-768x512.jpg 768w, https:\/\/lydenim.com\/wp-content\/uploads\/2025\/07\/55f4388d1ce8a2bf002c02f345c3bf7d-1536x1024.jpg 1536w, https:\/\/lydenim.com\/wp-content\/uploads\/2025\/07\/55f4388d1ce8a2bf002c02f345c3bf7d-18x12.jpg 18w, https:\/\/lydenim.com\/wp-content\/uploads\/2025\/07\/55f4388d1ce8a2bf002c02f345c3bf7d-600x400.jpg 600w, https:\/\/lydenim.com\/wp-content\/uploads\/2025\/07\/55f4388d1ce8a2bf002c02f345c3bf7d-150x100.jpg 150w\" sizes=\"auto, (max-width: 600px) 100vw, 600px\" \/><p id=\"caption-attachment-5878\" class=\"wp-caption-text\">Vaqueros Skinny<\/p><\/div><\/li>\n<\/ul>\n<h2 dir=\"auto\">4. Vaqueros Acampanados : style dramatique et moderne<\/h2>\n<p dir=\"auto\">Les jeans acampanados s&#039;ensanchan progressivement \u00e0 partir de la tige vers le bas, cr\u00e9ant un effet \u00e9quilibr\u00e9 et estilis\u00e9.<\/p>\n<h3 dir=\"auto\">Avantages :<\/h3>\n<ul dir=\"auto\">\n<li><strong>Style moderne<\/strong>: Atractivos y contempor\u00e1neos, perfectos para destacar.<\/li>\n<li><strong>Effet alargador<\/strong>: Favorisez les pierres, cr\u00e9ez une silhouette \u00e9quilibr\u00e9e.<\/li>\n<\/ul>\n<h3 dir=\"auto\">Inconv\u00e9nients :<\/h3>\n<ul dir=\"auto\">\n<li><strong>Difficult\u00e9 d&#039;ajustement<\/strong>: Il peut \u00eatre d\u00e9safiant pour les personnes de basse situation.<\/li>\n<li><strong>Restrictions de travail<\/strong>: Il n&#039;est pas id\u00e9al pour les articles avec des codes vestimentaires stricts.<\/li>\n<\/ul>\n<h3 dir=\"auto\">Inspiration de c\u00e9l\u00e9brit\u00e9s :<\/h3>\n<p dir=\"auto\">Nicole Kidman a lu des jeans accompagn\u00e9s de chemisiers metidas et de tacones hauts pour un style glamour lors d&#039;\u00e9v\u00e9nements de mode. Pour un look d\u00e9tendu, combinez-les avec des camisetas estampadas et des zapatillas.<\/p>\n<h3 dir=\"auto\">Comment les combiner en 2025\u00a0:<\/h3>\n<ul dir=\"auto\">\n<li><strong>Regardez Festivalero<\/strong>: M\u00e9zclalos con camisetas ajustadas y cu\u00f1as para un style moderne en festivals ou \u00e9v\u00e9nements juv\u00e9niles.<\/li>\n<li><strong>Regarde Audaz<\/strong>: Combina con chaquetas de cuero y botines para un atuendo con personalidad.<\/li>\n<\/ul>\n<h3 dir=\"auto\">Utilisation dans des situations inappropri\u00e9es\u00a0:<\/h3>\n<ul dir=\"auto\">\n<li><strong>Avantages<\/strong>: Votre caract\u00e8re dramatique les rend parfaits pour les \u00e9v\u00e9nements cr\u00e9atifs, comme les inaugurations ou les f\u00eates th\u00e9matiques.<\/li>\n<li><strong>Inconv\u00e9nients<\/strong>: Dans le contexte des entreprises, vous pouvez percevoir des choses excessives et peu adapt\u00e9es.\n<p><div id=\"attachment_5876\" style=\"width: 610px\" class=\"wp-caption aligncenter\"><img loading=\"lazy\" decoding=\"async\" aria-describedby=\"caption-attachment-5876\" class=\"wp-image-5876\" src=\"https:\/\/lydenim.com\/wp-content\/uploads\/2025\/07\/6cf67d6fcedddcc5927959c01f90cd85.jpg\" alt=\"\" width=\"600\" height=\"266\" srcset=\"https:\/\/lydenim.com\/wp-content\/uploads\/2025\/07\/6cf67d6fcedddcc5927959c01f90cd85.jpg 2434w, https:\/\/lydenim.com\/wp-content\/uploads\/2025\/07\/6cf67d6fcedddcc5927959c01f90cd85-300x133.jpg 300w, https:\/\/lydenim.com\/wp-content\/uploads\/2025\/07\/6cf67d6fcedddcc5927959c01f90cd85-1024x454.jpg 1024w, https:\/\/lydenim.com\/wp-content\/uploads\/2025\/07\/6cf67d6fcedddcc5927959c01f90cd85-768x341.jpg 768w, https:\/\/lydenim.com\/wp-content\/uploads\/2025\/07\/6cf67d6fcedddcc5927959c01f90cd85-1536x682.jpg 1536w, https:\/\/lydenim.com\/wp-content\/uploads\/2025\/07\/6cf67d6fcedddcc5927959c01f90cd85-2048x909.jpg 2048w, https:\/\/lydenim.com\/wp-content\/uploads\/2025\/07\/6cf67d6fcedddcc5927959c01f90cd85-18x8.jpg 18w, https:\/\/lydenim.com\/wp-content\/uploads\/2025\/07\/6cf67d6fcedddcc5927959c01f90cd85-600x266.jpg 600w, https:\/\/lydenim.com\/wp-content\/uploads\/2025\/07\/6cf67d6fcedddcc5927959c01f90cd85-150x67.jpg 150w\" sizes=\"auto, (max-width: 600px) 100vw, 600px\" \/><p id=\"caption-attachment-5876\" class=\"wp-caption-text\">Vaqueros Acampanados<\/p><\/div><\/li>\n<\/ul>\n<h2 dir=\"auto\">Consejos Finales pour Lucir Jeans en 2025<\/h2>\n<p dir=\"auto\">En 2025, les jeans continuent de prendre une place cl\u00e9 au Mexique, s&#039;adaptant aux tendances et aux n\u00e9cessit\u00e9s de chaque p\u00e9riode. Voici quelques conseils suppl\u00e9mentaires\u00a0:<\/p>\n<ul dir=\"auto\">\n<li><strong>Accessoires<\/strong>: Utilisez des ceintures, des joyer\u00eda ou des pa\u00f1uelos pour donner une toque personnelle \u00e0 votre look.<\/li>\n<li><strong>durabilit\u00e9<\/strong>: Opta por marcas que promoevan la producci\u00f3n \u00e9tica y sostenible.<\/li>\n<li><strong>Adaptabilit\u00e9<\/strong>: Exp\u00e9rimentez avec diff\u00e9rentes lignes et combinaisons pour d\u00e9couvrir le style qui s&#039;adapte le mieux \u00e0 votre personnalit\u00e9 et \u00e0 votre type de corps.<\/li>\n<\/ul>\n<p dir=\"auto\">Avec ces id\u00e9es, vous trouverez une liste pour trouver les bons jeans, coupe mom, skinny ou acampanados \u00e0 n&#039;importe quelle occasion, d&#039;un paseo pour la ville a un \u00e9v\u00e9nement sp\u00e9cial. Inspirez les c\u00e9l\u00e9brit\u00e9s et cr\u00e9ez des personnalit\u00e9s uniques qui refl\u00e8tent votre style en 2025\u00a0!<\/p>\n<h2 dir=\"ltr\" data-pm-slice=\"1 1 []\">Conclusion<\/h2>\n<p dir=\"ltr\">En 2025, les jeans deviennent un \u00e9l\u00e9ment essentiel de la garde f\u00e9minine mexicaine. Gr\u00e2ce \u00e0 sa polyvalence et \u00e0 son style intemporel, Regan est devenue une ic\u00f4ne de la mode, alors que les jeans skinny et la coupe mom repr\u00e9sentent une d\u00e9claration audacieuse. Les acampanados, par ailleurs, sont un peu plus formels, mais pas tant que les jeans skinny.<\/p>\n<p dir=\"ltr\">Les jeans rectos sont les plus polyvalents et combin\u00e9s avec un style classique, id\u00e9al pour toute occasion. C&#039;est une option pratique et pratique pour le jour, mais elle peut \u00e9galement \u00eatre tr\u00e8s informelle pour les \u00e9v\u00e9nements formels.<\/p>\n<p dir=\"ltr\">Les jeans mom, inspir\u00e9s des ann\u00e9es 90, sont un peu plus d\u00e9tendus, mais ils sont aussi \u00e0 la mode, alors que les jeans skinny sont plus ce\u00f1idos et ne peuvent pas \u00eatre adapt\u00e9s aux \u00e9v\u00e9nements les plus formels.<\/p>\n<p dir=\"ltr\">Les jeans acampanados sont les plus atr\u00e9vid\u00e9s, mais aussi les plus formels pour les \u00e9v\u00e9nements formels.<\/p>\n<p dir=\"ltr\">En conclusion, les pantalons vaqueros deviendront une prise imprescindible dans la garde-robe des femmes mexicaines en 2025. Leur polyvalence et leur style intemporel les ont convertis en une ic\u00f4ne de la mode, entre les jeans skinny et les mamans.<\/p>\n<p dir=\"ltr\">Syst\u00e8me\u00a0: Mom Fit est un peu plus d\u00e9contract\u00e9, mais aussi \u00e0 la mode, alors que les jeans skinny sont plus ce\u00f1idos et ne peuvent pas \u00eatre adapt\u00e9s aux \u00e9v\u00e9nements les plus formels.<\/p>\n<p dir=\"ltr\">En 2025, les jeans deviennent un \u00e9l\u00e9ment essentiel de la garde-robe f\u00e9minine mexicaine, tandis que les jeans coupe maman et skinny\u1791<\/p>\n<p dir=\"ltr\">Syst\u00e8me\u00a0: les jeans skinny sont un peu plus ce\u00f1idos, mais aussi \u00e0 la mode, alors que les jeans acampanados sont un peu plus atrevidos et ne peuvent pas \u00eatre adapt\u00e9s aux \u00e9v\u00e9nements tr\u00e8s formels.<\/p>\n<p dir=\"ltr\">En conclusion, les pantalons vaqueros deviendront un \u00e9l\u00e9ment essentiel de la garde-robe des femmes mexicaines en 2025. Leur polyvalence et leur style intemporel les ont convertis en une ic\u00f4ne de la mode, alors que les jeans skinny et la coupe mom sont un peu plus d\u00e9tendus, mais ils sont aussi \u00e0 la mode. Par ailleurs, les jeans acampanados sont plus atrevidos, mais aussi les plus formelles pour les \u00e9v\u00e9nements formels.<\/p>\n<h2>Services de personnalisation<\/h2>\n<p>\ud83d\udce9 Contact : <a href=\"mailto:malone@lydenim.com\">malone@lydenim.com<\/a><br \/>\n\ud83c\udf10 Site Web de tissus : <a href=\"https:\/\/lydenim.com\/fr\/\">www.lydenim.com<\/a><br \/>\n\ud83d\udecd\ufe0f Explorez la personnalisation\u00a0: d\u00e9couvrez les s\u00e9lections et obtenez l&#039;inspiration de conception en <a href=\"http:\/\/liangyuantextile.m.en.alibaba.com\">MonAlibaba<\/a>.<br \/>\n\ud83c\udfa8Cr\u00e9ez votre \u0153uvre maestra en mezclilla avec LYDENIM.<\/p>","protected":false},"excerpt":{"rendered":"<p>Introduction Les pantalons vaqueros son una prenda imprescindible dans le vestuario de las womens; se destacan por su versatilidad y<\/p>","protected":false},"author":1,"featured_media":5884,"comment_status":"open","ping_status":"open","sticky":false,"template":"","format":"standard","meta":{"two_page_speed":[],"footnotes":""},"categories":[76],"tags":[],"class_list":["post-5875","post","type-post","status-publish","format-standard","has-post-thumbnail","hentry","category-garment"],"aioseo_notices":[],"_links":{"self":[{"href":"https:\/\/lydenim.com\/fr\/wp-json\/wp\/v2\/posts\/5875","targetHints":{"allow":["GET"]}}],"collection":[{"href":"https:\/\/lydenim.com\/fr\/wp-json\/wp\/v2\/posts"}],"about":[{"href":"https:\/\/lydenim.com\/fr\/wp-json\/wp\/v2\/types\/post"}],"author":[{"embeddable":true,"href":"https:\/\/lydenim.com\/fr\/wp-json\/wp\/v2\/users\/1"}],"replies":[{"embeddable":true,"href":"https:\/\/lydenim.com\/fr\/wp-json\/wp\/v2\/comments?post=5875"}],"version-history":[{"count":1,"href":"https:\/\/lydenim.com\/fr\/wp-json\/wp\/v2\/posts\/5875\/revisions"}],"predecessor-version":[{"id":5883,"href":"https:\/\/lydenim.com\/fr\/wp-json\/wp\/v2\/posts\/5875\/revisions\/5883"}],"wp:featuredmedia":[{"embeddable":true,"href":"https:\/\/lydenim.com\/fr\/wp-json\/wp\/v2\/media\/5884"}],"wp:attachment":[{"href":"https:\/\/lydenim.com\/fr\/wp-json\/wp\/v2\/media?parent=5875"}],"wp:term":[{"taxonomy":"category","embeddable":true,"href":"https:\/\/lydenim.com\/fr\/wp-json\/wp\/v2\/categories?post=5875"},{"taxonomy":"post_tag","embeddable":true,"href":"https:\/\/lydenim.com\/fr\/wp-json\/wp\/v2\/tags?post=5875"}],"curies":[{"name":"wp","href":"https:\/\/api.w.org\/{rel}","templated":true}]}}