{"id":6059,"date":"2025-08-19T12:07:34","date_gmt":"2025-08-19T04:07:34","guid":{"rendered":"https:\/\/lydenim.com\/?p=6059"},"modified":"2025-08-19T12:07:34","modified_gmt":"2025-08-19T04:07:34","slug":"mastering-how-to-design-a-denim-dress","status":"publish","type":"post","link":"https:\/\/lydenim.com\/fr\/maitriser-la-conception-dune-robe-en-jean\/","title":{"rendered":"Ma\u00eetriser la conception d&#039;une robe en jean"},"content":{"rendered":"<h2>Temps de lecture estim\u00e9 : ~5 minutes<\/h2>\n<h2>Introduction<\/h2>\n<p>Concevoir un <strong>robe en jean<\/strong> n\u00e9cessite une combinaison de <strong>pens\u00e9e cr\u00e9ative<\/strong> et <strong>conception fonctionnelle<\/strong> pour transformer un tissu basique en tenue tendance. Ce tissu pr\u00e9sente d&#039;excellentes propri\u00e9t\u00e9s <strong>durabilit\u00e9<\/strong>, <strong>fonctionnalit\u00e9s confortables<\/strong>, et haut <strong>flexibilit\u00e9 de conception<\/strong>. <strong>Denim<\/strong> reste un mat\u00e9riau populaire en raison de sa valeur marchande, qui a atteint <strong>$86,66 milliards en 2024<\/strong> et s&#039;\u00e9tendra \u00e0 <strong>121,50 milliards de TP4T d&#039;ici 2030<\/strong> \u00e0 un <strong>Taux de croissance annuel compos\u00e9<\/strong> de <strong>5.9%<\/strong> <a href=\"https:\/\/www.researchandmarkets.com\/reports\/5702164\/denim-jeans-market-size-share-and-trends-analysis?srsltid=AfmBOoqk8wEAVobO5V4a0R1vDzhTGCka3Amf_-tUeNMQUkBmW--6KfZ3\">[1]<\/a>. Le march\u00e9 en expansion montre <strong>denim<\/strong> reste populaire aupr\u00e8s de <strong>consommateurs<\/strong>. D\u00e9fil\u00e9 de mode <strong>robes en jean<\/strong> font un retour en force <strong>2025<\/strong> par leur promotion de <strong>fronc\u00e9<\/strong> et <strong>styles ajust\u00e9s<\/strong> qui int\u00e8grent <strong>\u00e9l\u00e9ments r\u00e9tro nostalgiques<\/strong> <a href=\"https:\/\/www.whowhatwear.com\/fashion\/dresses\/denim-dress-trends-2025\">[2]<\/a> <a href=\"https:\/\/www.vogue.com\/article\/spring-denim-trends-experts\">[3]<\/a>. Le <strong>Industrie de la mode 2025<\/strong> donne la priorit\u00e9 <strong>durabilit\u00e9<\/strong> et <strong>personnalisation<\/strong> en design de v\u00eatements, donc l&#039;apprentissage des techniques de design vous permettra de cr\u00e9er des v\u00eatements contemporains <strong>robes en jean fonctionnelles<\/strong>. Un guide complet guide les utilisateurs \u00e0 travers chaque phase de cr\u00e9ation, de <strong>inspiration<\/strong> \u00e0 <strong>livraison<\/strong>.<\/p>\n<h2>Rassembler l&#039;inspiration<\/h2>\n<p>Commencez par collecter des id\u00e9es provenant de plusieurs sources\u00a0:<\/p>\n<ul>\n<li><strong>Nature et environnement<\/strong>: <strong>Formes de plantes<\/strong>, <strong>nervures des feuilles<\/strong>, <strong>motifs floraux<\/strong> peut inspirer <strong>p\u00e9nible<\/strong> ou <strong>motifs d&#039;impression<\/strong> <a href=\"https:\/\/lydenim.com\/fr\/sources-dinspiration-pour-la-conception-de-vetements-de-mode\/\">[5]<\/a>.\n<p><div id=\"attachment_6076\" style=\"width: 610px\" class=\"wp-caption aligncenter\"><img loading=\"lazy\" decoding=\"async\" aria-describedby=\"caption-attachment-6076\" class=\"wp-image-6076\" src=\"https:\/\/lydenim.com\/wp-content\/uploads\/2025\/08\/be8e83c1af14c4ebf956343275578d7b.jpg\" alt=\"\" width=\"600\" height=\"400\" srcset=\"https:\/\/lydenim.com\/wp-content\/uploads\/2025\/08\/be8e83c1af14c4ebf956343275578d7b.jpg 2248w, https:\/\/lydenim.com\/wp-content\/uploads\/2025\/08\/be8e83c1af14c4ebf956343275578d7b-300x200.jpg 300w, https:\/\/lydenim.com\/wp-content\/uploads\/2025\/08\/be8e83c1af14c4ebf956343275578d7b-1024x683.jpg 1024w, https:\/\/lydenim.com\/wp-content\/uploads\/2025\/08\/be8e83c1af14c4ebf956343275578d7b-768x512.jpg 768w, https:\/\/lydenim.com\/wp-content\/uploads\/2025\/08\/be8e83c1af14c4ebf956343275578d7b-1536x1025.jpg 1536w, https:\/\/lydenim.com\/wp-content\/uploads\/2025\/08\/be8e83c1af14c4ebf956343275578d7b-2048x1367.jpg 2048w, https:\/\/lydenim.com\/wp-content\/uploads\/2025\/08\/be8e83c1af14c4ebf956343275578d7b-18x12.jpg 18w, https:\/\/lydenim.com\/wp-content\/uploads\/2025\/08\/be8e83c1af14c4ebf956343275578d7b-600x400.jpg 600w, https:\/\/lydenim.com\/wp-content\/uploads\/2025\/08\/be8e83c1af14c4ebf956343275578d7b-150x100.jpg 150w\" sizes=\"auto, (max-width: 600px) 100vw, 600px\" \/><p id=\"caption-attachment-6076\" class=\"wp-caption-text\">Inspiration Design Nature &amp; Environnement<\/p><\/div><\/li>\n<li><strong>Histoire et culture<\/strong>: <strong>Manches bouffantes baroques<\/strong> depuis <strong>mode vintage<\/strong> avec <strong>v\u00eatements de travail classiques en denim<\/strong> les \u00e9l\u00e9ments peuvent aider \u00e0 d\u00e9finir <strong>silhouettes<\/strong> <a href=\"https:\/\/lydenim.com\/fr\/sources-dinspiration-pour-la-conception-de-vetements-de-mode\/\">[6]<\/a>.\n<p><div id=\"attachment_6072\" style=\"width: 610px\" class=\"wp-caption aligncenter\"><img loading=\"lazy\" decoding=\"async\" aria-describedby=\"caption-attachment-6072\" class=\"wp-image-6072\" src=\"https:\/\/lydenim.com\/wp-content\/uploads\/2025\/08\/66d5ed4dc86e9e4b8d393c5cc0ee1f7b-scaled.jpg\" alt=\"\" width=\"600\" height=\"267\" srcset=\"https:\/\/lydenim.com\/wp-content\/uploads\/2025\/08\/66d5ed4dc86e9e4b8d393c5cc0ee1f7b-scaled.jpg 2560w, https:\/\/lydenim.com\/wp-content\/uploads\/2025\/08\/66d5ed4dc86e9e4b8d393c5cc0ee1f7b-300x134.jpg 300w, https:\/\/lydenim.com\/wp-content\/uploads\/2025\/08\/66d5ed4dc86e9e4b8d393c5cc0ee1f7b-1024x456.jpg 1024w, https:\/\/lydenim.com\/wp-content\/uploads\/2025\/08\/66d5ed4dc86e9e4b8d393c5cc0ee1f7b-768x342.jpg 768w, https:\/\/lydenim.com\/wp-content\/uploads\/2025\/08\/66d5ed4dc86e9e4b8d393c5cc0ee1f7b-1536x684.jpg 1536w, https:\/\/lydenim.com\/wp-content\/uploads\/2025\/08\/66d5ed4dc86e9e4b8d393c5cc0ee1f7b-2048x912.jpg 2048w, https:\/\/lydenim.com\/wp-content\/uploads\/2025\/08\/66d5ed4dc86e9e4b8d393c5cc0ee1f7b-18x8.jpg 18w, https:\/\/lydenim.com\/wp-content\/uploads\/2025\/08\/66d5ed4dc86e9e4b8d393c5cc0ee1f7b-600x267.jpg 600w, https:\/\/lydenim.com\/wp-content\/uploads\/2025\/08\/66d5ed4dc86e9e4b8d393c5cc0ee1f7b-150x67.jpg 150w\" sizes=\"auto, (max-width: 600px) 100vw, 600px\" \/><p id=\"caption-attachment-6072\" class=\"wp-caption-text\">Inspiration de l&#039;histoire du design<\/p><\/div><\/li>\n<li><strong>Mat\u00e9riaux et techniques<\/strong>: Pensez \u00e0 l&#039;innovation <strong>effets de tissu<\/strong> comme <strong>motifs grav\u00e9s au laser<\/strong>, <strong>teinture par nouage<\/strong>, ou <strong>blanchiment<\/strong> sur <strong>denim<\/strong> <a href=\"https:\/\/lydenim.com\/fr\/sources-dinspiration-pour-la-conception-de-vetements-de-mode\/\">[7]<\/a>.\n<p><div id=\"attachment_6074\" style=\"width: 610px\" class=\"wp-caption aligncenter\"><img loading=\"lazy\" decoding=\"async\" aria-describedby=\"caption-attachment-6074\" class=\"wp-image-6074\" src=\"https:\/\/lydenim.com\/wp-content\/uploads\/2025\/08\/5004351a9db90c4077f5af0e7e1ba414-scaled.jpg\" alt=\"\" width=\"600\" height=\"201\" srcset=\"https:\/\/lydenim.com\/wp-content\/uploads\/2025\/08\/5004351a9db90c4077f5af0e7e1ba414-scaled.jpg 2560w, https:\/\/lydenim.com\/wp-content\/uploads\/2025\/08\/5004351a9db90c4077f5af0e7e1ba414-300x100.jpg 300w, https:\/\/lydenim.com\/wp-content\/uploads\/2025\/08\/5004351a9db90c4077f5af0e7e1ba414-1024x342.jpg 1024w, https:\/\/lydenim.com\/wp-content\/uploads\/2025\/08\/5004351a9db90c4077f5af0e7e1ba414-768x257.jpg 768w, https:\/\/lydenim.com\/wp-content\/uploads\/2025\/08\/5004351a9db90c4077f5af0e7e1ba414-1536x513.jpg 1536w, https:\/\/lydenim.com\/wp-content\/uploads\/2025\/08\/5004351a9db90c4077f5af0e7e1ba414-2048x685.jpg 2048w, https:\/\/lydenim.com\/wp-content\/uploads\/2025\/08\/5004351a9db90c4077f5af0e7e1ba414-18x6.jpg 18w, https:\/\/lydenim.com\/wp-content\/uploads\/2025\/08\/5004351a9db90c4077f5af0e7e1ba414-600x201.jpg 600w, https:\/\/lydenim.com\/wp-content\/uploads\/2025\/08\/5004351a9db90c4077f5af0e7e1ba414-150x50.jpg 150w\" sizes=\"auto, (max-width: 600px) 100vw, 600px\" \/><p id=\"caption-attachment-6074\" class=\"wp-caption-text\">Inspiration pour le design, les mat\u00e9riaux et les techniques<\/p><\/div><\/li>\n<li><strong>Humeur et \u00e9motion<\/strong>: Construire <strong>tableaux d&#039;ambiance<\/strong> ou <strong>collages<\/strong> qui fusionnent <strong>couleurs<\/strong> et <strong>textures<\/strong> avec <strong>images<\/strong> qui repr\u00e9sentent votre <strong>vision vestimentaire<\/strong>.\n<p><div id=\"attachment_6075\" style=\"width: 610px\" class=\"wp-caption aligncenter\"><img loading=\"lazy\" decoding=\"async\" aria-describedby=\"caption-attachment-6075\" class=\"wp-image-6075\" src=\"https:\/\/lydenim.com\/wp-content\/uploads\/2025\/08\/ac917d765f7e2d99f08d7ccf3abc11df.jpg\" alt=\"\" width=\"600\" height=\"401\" srcset=\"https:\/\/lydenim.com\/wp-content\/uploads\/2025\/08\/ac917d765f7e2d99f08d7ccf3abc11df.jpg 2208w, https:\/\/lydenim.com\/wp-content\/uploads\/2025\/08\/ac917d765f7e2d99f08d7ccf3abc11df-300x201.jpg 300w, https:\/\/lydenim.com\/wp-content\/uploads\/2025\/08\/ac917d765f7e2d99f08d7ccf3abc11df-1024x685.jpg 1024w, https:\/\/lydenim.com\/wp-content\/uploads\/2025\/08\/ac917d765f7e2d99f08d7ccf3abc11df-768x513.jpg 768w, https:\/\/lydenim.com\/wp-content\/uploads\/2025\/08\/ac917d765f7e2d99f08d7ccf3abc11df-1536x1027.jpg 1536w, https:\/\/lydenim.com\/wp-content\/uploads\/2025\/08\/ac917d765f7e2d99f08d7ccf3abc11df-2048x1369.jpg 2048w, https:\/\/lydenim.com\/wp-content\/uploads\/2025\/08\/ac917d765f7e2d99f08d7ccf3abc11df-18x12.jpg 18w, https:\/\/lydenim.com\/wp-content\/uploads\/2025\/08\/ac917d765f7e2d99f08d7ccf3abc11df-600x401.jpg 600w, https:\/\/lydenim.com\/wp-content\/uploads\/2025\/08\/ac917d765f7e2d99f08d7ccf3abc11df-150x100.jpg 150w\" sizes=\"auto, (max-width: 600px) 100vw, 600px\" \/><p id=\"caption-attachment-6075\" class=\"wp-caption-text\">Inspiration humeur et \u00e9motions<\/p><\/div><\/li>\n<\/ul>\n<p>Enregistrer les images de r\u00e9f\u00e9rence de <strong>Robes en jean 2025<\/strong> sur <strong>Instagram<\/strong> et <strong>Pinterest<\/strong> \u00e0 travers des tableaux que vous cr\u00e9ez sp\u00e9cifiquement pour \u00ab<strong>Robe en jean 2025<\/strong>.\u201d Les m\u00e9dias de la mode ont d\u00e9j\u00e0 identifi\u00e9 <strong>robes en jean fronc\u00e9es<\/strong> comme la tendance cl\u00e9 de la mode pour <strong>2025<\/strong> parce qu&#039;ils ajoutent <strong>texture<\/strong> et <strong>forme<\/strong> aux v\u00eatements <a href=\"https:\/\/www.whowhatwear.com\/fashion\/dresses\/denim-dress-trends-2025\">[2]<\/a>. <strong>Visuels<\/strong> et <strong>r\u00e9f\u00e9rences<\/strong> vous aider \u00e0 d\u00e9velopper un individu <strong>concept de design<\/strong>.<\/p>\n<h2>D\u00e9finition de l&#039;intention de conception<\/h2>\n<p>Une d\u00e9finition claire de <strong>intention de conception<\/strong> doivent \u00eatre \u00e9tablis d\u00e8s le d\u00e9but pour identifier \u00e0 la fois le destinataire pr\u00e9vu <strong>utiliser<\/strong> et le <strong>porteur de la cible<\/strong> caract\u00e9ristiques. La robe doit-elle servir de <strong>v\u00eatements d\u00e9contract\u00e9s de tous les jours<\/strong> ou doit-il fonctionner comme un syst\u00e8me plus <strong>tenue formelle<\/strong>? La conception doit d\u00e9cider entre \u00eatre un <strong>boh\u00e8me fluide<\/strong> conception ou un <strong>structure rigide ajust\u00e9e<\/strong>. La conception doit \u00eatre cr\u00e9\u00e9e pour laquelle <strong>d\u00e9mographique<\/strong>: <strong>tranche d&#039;\u00e2ge<\/strong>, <strong>dimensions physiques<\/strong>, et <strong>habitudes quotidiennes<\/strong>. <em>\u00c0 quelle occasion est-ce destin\u00e9\u00a0? \u00c0 quoi devrait-il \u00eatre consacr\u00e9\u00a0? <strong>mode<\/strong> ou <strong>fonction<\/strong>?<\/em> Le <strong>march\u00e9 am\u00e9ricain<\/strong> spectacles <strong>denim<\/strong> reste tr\u00e8s populaire depuis que les femmes <strong>soldes de jeans skinny<\/strong> diminu\u00e9 seulement <strong>3% en 2023<\/strong> <a href=\"https:\/\/www.circana.com\/post\/the-future-of-skinny-jeans\">[8]<\/a>, indiquant en cours <strong>int\u00e9r\u00eat pour la mode<\/strong> dans <strong>styles de denim<\/strong>. Le <strong>mesures<\/strong> du porteur (<strong>bousiller<\/strong>, <strong>taille<\/strong>, <strong>les hanches<\/strong>) aidera \u00e0 d\u00e9finir les bases <strong>silhouette<\/strong> tout en maintenant <strong>confort<\/strong>. Un pr\u00e9cis <strong>cahier des charges<\/strong> \u00e0 ce stade dirigera les op\u00e9rations suivantes.<\/p>\n<div id=\"attachment_6069\" style=\"width: 610px\" class=\"wp-caption aligncenter\"><img loading=\"lazy\" decoding=\"async\" aria-describedby=\"caption-attachment-6069\" class=\"wp-image-6069\" src=\"https:\/\/lydenim.com\/wp-content\/uploads\/2025\/08\/8d0693048fb3d23387e8920ed2870e75.jpg\" alt=\"\" width=\"600\" height=\"450\" srcset=\"https:\/\/lydenim.com\/wp-content\/uploads\/2025\/08\/8d0693048fb3d23387e8920ed2870e75.jpg 1194w, https:\/\/lydenim.com\/wp-content\/uploads\/2025\/08\/8d0693048fb3d23387e8920ed2870e75-300x225.jpg 300w, https:\/\/lydenim.com\/wp-content\/uploads\/2025\/08\/8d0693048fb3d23387e8920ed2870e75-1024x768.jpg 1024w, https:\/\/lydenim.com\/wp-content\/uploads\/2025\/08\/8d0693048fb3d23387e8920ed2870e75-768x576.jpg 768w, https:\/\/lydenim.com\/wp-content\/uploads\/2025\/08\/8d0693048fb3d23387e8920ed2870e75-16x12.jpg 16w, https:\/\/lydenim.com\/wp-content\/uploads\/2025\/08\/8d0693048fb3d23387e8920ed2870e75-600x450.jpg 600w, https:\/\/lydenim.com\/wp-content\/uploads\/2025\/08\/8d0693048fb3d23387e8920ed2870e75-150x113.jpg 150w\" sizes=\"auto, (max-width: 600px) 100vw, 600px\" \/><p id=\"caption-attachment-6069\" class=\"wp-caption-text\">D\u00e9finition de l&#039;intention de conception<\/p><\/div>\n<h2>Recherche sur la structure et les \u00e9l\u00e9ments<\/h2>\n<p>L&#039;\u00e9tude \u00e9value comment divers <strong>types de tissus en denim<\/strong> et <strong>proc\u00e9d\u00e9s de fabrication<\/strong> affecter leurs performances. Les caract\u00e9ristiques de <strong>poids du denim<\/strong> et <strong>composition du tissu<\/strong> d\u00e9terminer \u00e0 la fois le <strong>forme<\/strong> et comment \u00e7a <strong>se bloque<\/strong> sur le corps. Un <strong>denim de poids moyen<\/strong> avec une gamme de poids de <strong>8 \u00e0 12 oz<\/strong> s&#039;av\u00e8re \u00eatre le plus appropri\u00e9 pour <strong>robes<\/strong> car il fournit \u00e0 la fois <strong>structure<\/strong> et <strong>mouvement<\/strong>. L&#039;ajout de <strong>2\u20133% \u00e9lasthanne<\/strong> \u00e0 <strong>denim extensible<\/strong> fournit \u00e0 la fois <strong>confort<\/strong> et <strong>flexibilit\u00e9<\/strong> dans <strong>robes ajust\u00e9es<\/strong> <a href=\"https:\/\/jackofspades.com\/blogs\/mastering-denim-jos\/the-ultimate-guide-to-the-rise-on-jeans-finding-your-perfect-fit\">[9]<\/a>. Tester les v\u00eatements existants avec diff\u00e9rents <strong>poids<\/strong> de <strong>denim<\/strong> observer le <strong>r\u00e9tention de forme<\/strong> de <strong>denim \u00e9pais<\/strong> contre <strong>denim l\u00e9ger<\/strong> qui produit <strong>drap\u00e9 fluide<\/strong>. \u00c9tudiez le <strong>\u00e9l\u00e9ments de construction<\/strong> de <strong>coutures<\/strong> (<strong>abattu \u00e0 plat<\/strong> ou <strong>surjeteuse<\/strong>) et <strong>ourlets<\/strong> ainsi que <strong>m\u00e9thodes de couture<\/strong>. Recherche <strong>technologies textiles<\/strong> parce que <strong>gravure au laser<\/strong> m\u00e9thodes permettent aux concepteurs de cr\u00e9er des <strong>conceptions de surface<\/strong> sur <strong>tissu denim<\/strong> <a href=\"https:\/\/lydenim.com\/fr\/sources-dinspiration-pour-la-conception-de-vetements-de-mode\/\">[7]<\/a>. Recherchez le <strong>Palette de couleurs 2025<\/strong> et <strong>options de lavage<\/strong> qui comprennent <strong>indigo<\/strong>, <strong>lavage \u00e0 l&#039;acide<\/strong>, et <strong>bleu d\u00e9lav\u00e9<\/strong> pour s\u00e9lectionner un <strong>\u00e0 la mode<\/strong> et <strong>tissu denim pratique<\/strong> qui correspond <strong>tendances saisonni\u00e8res<\/strong>.<\/p>\n<div id=\"attachment_6070\" style=\"width: 610px\" class=\"wp-caption aligncenter\"><img loading=\"lazy\" decoding=\"async\" aria-describedby=\"caption-attachment-6070\" class=\"wp-image-6070\" src=\"https:\/\/lydenim.com\/wp-content\/uploads\/2025\/08\/9e000f4af9aeee1288409de6dbf2911d.jpg\" alt=\"\" width=\"600\" height=\"800\" srcset=\"https:\/\/lydenim.com\/wp-content\/uploads\/2025\/08\/9e000f4af9aeee1288409de6dbf2911d.jpg 1141w, https:\/\/lydenim.com\/wp-content\/uploads\/2025\/08\/9e000f4af9aeee1288409de6dbf2911d-225x300.jpg 225w, https:\/\/lydenim.com\/wp-content\/uploads\/2025\/08\/9e000f4af9aeee1288409de6dbf2911d-768x1024.jpg 768w, https:\/\/lydenim.com\/wp-content\/uploads\/2025\/08\/9e000f4af9aeee1288409de6dbf2911d-9x12.jpg 9w, https:\/\/lydenim.com\/wp-content\/uploads\/2025\/08\/9e000f4af9aeee1288409de6dbf2911d-600x800.jpg 600w, https:\/\/lydenim.com\/wp-content\/uploads\/2025\/08\/9e000f4af9aeee1288409de6dbf2911d-150x200.jpg 150w\" sizes=\"auto, (max-width: 600px) 100vw, 600px\" \/><p id=\"caption-attachment-6070\" class=\"wp-caption-text\">Recherche sur la structure et les \u00e9l\u00e9ments<\/p><\/div>\n<h2>Techniques d&#039;esquisse conceptuelle<\/h2>\n<p>Transformez les id\u00e9es en <strong>croquis<\/strong>. Utilisez un <strong>mod\u00e8le de croquis<\/strong> (un contour de figure de mode) pour dessiner votre <strong>silhouette de robe<\/strong> sous diff\u00e9rents angles de vue. Essayez diff\u00e9rents <strong>d\u00e9collet\u00e9s<\/strong> et <strong>motifs de manches<\/strong> en combinaison avec diff\u00e9rents <strong>mesures de la jupe<\/strong> et <strong>\u00e9l\u00e9ments d\u00e9coratifs<\/strong> qui incluent <strong>poches<\/strong>, <strong>colliers<\/strong>, et <strong>coutures des panneaux<\/strong>. Inclure <strong>\u00e9l\u00e9ments tendance<\/strong> qui correspondent au courant <strong>style de mode<\/strong> et le <strong>lavage indigo classique<\/strong> et <strong>empi\u00e8cement de style vintage<\/strong>. Le <strong>Carnet de croquis de mode<\/strong> et des applications num\u00e9riques comme <strong>Procr\u00e9er<\/strong> aider les utilisateurs \u00e0 conserver <strong>proportions<\/strong> pr\u00e9cis et faisant <strong>modifications de conception<\/strong> efficacement. Assurez-vous d&#039;inclure <strong>\u00e9chantillons de couleurs de denim<\/strong> avec <strong>notes de fin<\/strong> dans vos cr\u00e9ations. Vous devez g\u00e9n\u00e9rer des <strong>croquis<\/strong> qui montrent l&#039;int\u00e9gralit\u00e9 <strong>\u00e9l\u00e9ments de conception<\/strong> de votre <strong>robe<\/strong>.<\/p>\n<div id=\"attachment_6077\" style=\"width: 610px\" class=\"wp-caption aligncenter\"><img loading=\"lazy\" decoding=\"async\" aria-describedby=\"caption-attachment-6077\" class=\"wp-image-6077\" src=\"https:\/\/lydenim.com\/wp-content\/uploads\/2025\/08\/e7f3503df27fb576974da87ac0e06c2e.jpg\" alt=\"\" width=\"600\" height=\"800\" srcset=\"https:\/\/lydenim.com\/wp-content\/uploads\/2025\/08\/e7f3503df27fb576974da87ac0e06c2e.jpg 1178w, https:\/\/lydenim.com\/wp-content\/uploads\/2025\/08\/e7f3503df27fb576974da87ac0e06c2e-225x300.jpg 225w, https:\/\/lydenim.com\/wp-content\/uploads\/2025\/08\/e7f3503df27fb576974da87ac0e06c2e-768x1024.jpg 768w, https:\/\/lydenim.com\/wp-content\/uploads\/2025\/08\/e7f3503df27fb576974da87ac0e06c2e-1152x1536.jpg 1152w, https:\/\/lydenim.com\/wp-content\/uploads\/2025\/08\/e7f3503df27fb576974da87ac0e06c2e-9x12.jpg 9w, https:\/\/lydenim.com\/wp-content\/uploads\/2025\/08\/e7f3503df27fb576974da87ac0e06c2e-600x800.jpg 600w, https:\/\/lydenim.com\/wp-content\/uploads\/2025\/08\/e7f3503df27fb576974da87ac0e06c2e-150x200.jpg 150w\" sizes=\"auto, (max-width: 600px) 100vw, 600px\" \/><p id=\"caption-attachment-6077\" class=\"wp-caption-text\">Esquisse conceptuelle<\/p><\/div>\n<h2>Analyser votre concept de robe en jean<\/h2>\n<p>V\u00e9rifiez le <strong>croquis<\/strong> contre votre original <strong>intention de conception<\/strong> pour s&#039;assurer qu&#039;ils s&#039;alignent correctement. <strong>proportions<\/strong> correspond \u00e0 votre <strong>vision<\/strong>? Le <strong>style<\/strong> correspond \u00e0 la s\u00e9lection <strong>th\u00e8me<\/strong> et <strong>\u00e9l\u00e9ments d&#039;inspiration<\/strong>Les objectifs de conception comprenaient un <strong>look \u00ab nostalgique des ann\u00e9es 90 \u00bb<\/strong> mais est-ce que le <strong>forme<\/strong> et <strong>\u00e9l\u00e9ments d\u00e9coratifs<\/strong> r\u00e9aliser cette conception ? Ajuster <strong>aspects fonctionnels<\/strong> tel que <strong>placement de la fermeture \u00e9clair<\/strong> cr\u00e9er <strong>conceptions ergonomiques<\/strong>. Sont <strong>coutures<\/strong> renforc\u00e9s l\u00e0 o\u00f9 c&#039;est n\u00e9cessaire ? Vous devriez demander l&#039;avis de vos deux <strong>pairs<\/strong> et les gens qui pourraient porter le <strong>v\u00eatement<\/strong>. Partage <strong>croquis<\/strong> au d\u00e9but de <strong>projets de conception personnalis\u00e9s<\/strong> aide \u00e0 pr\u00e9venir l&#039;avenir <strong>retards de conception<\/strong>. Le design devient <strong>coh\u00e9sif<\/strong> \u00e0 travers de multiples r\u00e9visions qui impliquent des changements <strong>longueurs<\/strong> et <strong>pl\u00e9nitude<\/strong> et passer d&#039;un <strong>jupe droite<\/strong> \u00e0 un <strong>style trap\u00e8ze<\/strong>.<\/p>\n<div id=\"attachment_6071\" style=\"width: 610px\" class=\"wp-caption aligncenter\"><img loading=\"lazy\" decoding=\"async\" aria-describedby=\"caption-attachment-6071\" class=\"wp-image-6071\" src=\"https:\/\/lydenim.com\/wp-content\/uploads\/2025\/08\/24a4866bf0f14c7081f82cce9ca56e39.jpg\" alt=\"\" width=\"600\" height=\"800\" srcset=\"https:\/\/lydenim.com\/wp-content\/uploads\/2025\/08\/24a4866bf0f14c7081f82cce9ca56e39.jpg 1093w, https:\/\/lydenim.com\/wp-content\/uploads\/2025\/08\/24a4866bf0f14c7081f82cce9ca56e39-225x300.jpg 225w, https:\/\/lydenim.com\/wp-content\/uploads\/2025\/08\/24a4866bf0f14c7081f82cce9ca56e39-768x1024.jpg 768w, https:\/\/lydenim.com\/wp-content\/uploads\/2025\/08\/24a4866bf0f14c7081f82cce9ca56e39-9x12.jpg 9w, https:\/\/lydenim.com\/wp-content\/uploads\/2025\/08\/24a4866bf0f14c7081f82cce9ca56e39-600x800.jpg 600w, https:\/\/lydenim.com\/wp-content\/uploads\/2025\/08\/24a4866bf0f14c7081f82cce9ca56e39-150x200.jpg 150w\" sizes=\"auto, (max-width: 600px) 100vw, 600px\" \/><p id=\"caption-attachment-6071\" class=\"wp-caption-text\">Analyser votre concept de robe en jean<\/p><\/div>\n<h2>Illustrer la conception<\/h2>\n<p>Le <strong>processus d&#039;illustration<\/strong> implique la cr\u00e9ation de <strong>dessins<\/strong> qui affichent le <strong>robe<\/strong> tandis que le <strong>mod\u00e8le<\/strong> le porte. Le <strong>repr\u00e9sentation visuelle<\/strong> montre comment le <strong>mouvements de tenue<\/strong> pendant le port. Dessinez votre motif sur un <strong>mannequin mod\u00e8le<\/strong> ou esquisser un <strong>mod\u00e8le d&#039;ajustement<\/strong> d\u00e9montrer <strong>drap\u00e9 en tissu<\/strong> et <strong>mouvement<\/strong>. Le <strong>illustration<\/strong> devrait pr\u00e9senter des caract\u00e9ristiques distinctives <strong>aspects de conception<\/strong> y compris <strong>logos brod\u00e9s<\/strong> ainsi que <strong>graphiques imprim\u00e9s<\/strong> avec des particularit\u00e9s <strong>fermetures<\/strong>. Gr\u00e2ce \u00e0 un processus \u00e9labor\u00e9 <strong>illustration de mode<\/strong>, les concepteurs peuvent montrer efficacement leurs projets termin\u00e9s <strong>esth\u00e9tique du design<\/strong> avec son <strong>humeur \u00e9motionnelle<\/strong>. Vous pouvez marquer des zones sp\u00e9cifiques du <strong>illustration<\/strong> avec diff\u00e9rents <strong>couleurs<\/strong> d\u00e9montrer <strong>texture du tissu<\/strong> (<strong>denim indigo fonc\u00e9<\/strong> et <strong>coutures contrast\u00e9es<\/strong>) tout en ajoutant <strong>illustrations<\/strong> pour compl\u00e9ter <strong>accessoires de tenue<\/strong>.<\/p>\n<div id=\"attachment_6073\" style=\"width: 610px\" class=\"wp-caption aligncenter\"><img loading=\"lazy\" decoding=\"async\" aria-describedby=\"caption-attachment-6073\" class=\"wp-image-6073\" src=\"https:\/\/lydenim.com\/wp-content\/uploads\/2025\/08\/940b8418cb3f19ed290eba0e0ffc5ff6.jpg\" alt=\"\" width=\"600\" height=\"450\" srcset=\"https:\/\/lydenim.com\/wp-content\/uploads\/2025\/08\/940b8418cb3f19ed290eba0e0ffc5ff6.jpg 1352w, https:\/\/lydenim.com\/wp-content\/uploads\/2025\/08\/940b8418cb3f19ed290eba0e0ffc5ff6-300x225.jpg 300w, https:\/\/lydenim.com\/wp-content\/uploads\/2025\/08\/940b8418cb3f19ed290eba0e0ffc5ff6-1024x768.jpg 1024w, https:\/\/lydenim.com\/wp-content\/uploads\/2025\/08\/940b8418cb3f19ed290eba0e0ffc5ff6-768x576.jpg 768w, https:\/\/lydenim.com\/wp-content\/uploads\/2025\/08\/940b8418cb3f19ed290eba0e0ffc5ff6-16x12.jpg 16w, https:\/\/lydenim.com\/wp-content\/uploads\/2025\/08\/940b8418cb3f19ed290eba0e0ffc5ff6-600x450.jpg 600w, https:\/\/lydenim.com\/wp-content\/uploads\/2025\/08\/940b8418cb3f19ed290eba0e0ffc5ff6-150x113.jpg 150w\" sizes=\"auto, (max-width: 600px) 100vw, 600px\" \/><p id=\"caption-attachment-6073\" class=\"wp-caption-text\">Illustrer la conception<\/p><\/div>\n<h2>Conseils pratiques<\/h2>\n<ul>\n<li><strong>Mesures<\/strong>: V\u00e9rifier <strong>mensurations corporelles<\/strong> (<strong>bousiller<\/strong>, <strong>taille<\/strong>, <strong>hanche<\/strong>) pour la personne qui portera le <strong>v\u00eatement<\/strong> et le <strong>mod\u00e8le<\/strong> lui-m\u00eame deux fois pour \u00e9viter <strong>erreurs<\/strong>.\n<p><div id=\"attachment_6078\" style=\"width: 610px\" class=\"wp-caption aligncenter\"><img loading=\"lazy\" decoding=\"async\" aria-describedby=\"caption-attachment-6078\" class=\"wp-image-6078\" src=\"https:\/\/lydenim.com\/wp-content\/uploads\/2025\/08\/WechatIMG2250-scaled.jpeg\" alt=\"mensurations corporelles\" width=\"600\" height=\"1516\" srcset=\"https:\/\/lydenim.com\/wp-content\/uploads\/2025\/08\/WechatIMG2250-scaled.jpeg 1013w, https:\/\/lydenim.com\/wp-content\/uploads\/2025\/08\/WechatIMG2250-119x300.jpeg 119w, https:\/\/lydenim.com\/wp-content\/uploads\/2025\/08\/WechatIMG2250-405x1024.jpeg 405w, https:\/\/lydenim.com\/wp-content\/uploads\/2025\/08\/WechatIMG2250-768x1942.jpeg 768w, https:\/\/lydenim.com\/wp-content\/uploads\/2025\/08\/WechatIMG2250-608x1536.jpeg 608w, https:\/\/lydenim.com\/wp-content\/uploads\/2025\/08\/WechatIMG2250-810x2048.jpeg 810w, https:\/\/lydenim.com\/wp-content\/uploads\/2025\/08\/WechatIMG2250-5x12.jpeg 5w, https:\/\/lydenim.com\/wp-content\/uploads\/2025\/08\/WechatIMG2250-600x1517.jpeg 600w, https:\/\/lydenim.com\/wp-content\/uploads\/2025\/08\/WechatIMG2250-150x379.jpeg 150w\" sizes=\"auto, (max-width: 600px) 100vw, 600px\" \/><p id=\"caption-attachment-6078\" class=\"wp-caption-text\">mensurations corporelles<\/p><\/div><\/li>\n<li><strong>S\u00e9lection de tissus<\/strong>: Avant <strong>production<\/strong>, test <strong>\u00e9chantillons de denim<\/strong> pour d\u00e9terminer le meilleur <strong>choix du tissu<\/strong>. S\u00e9lectionner <strong>tissus en denim<\/strong> qui correspondent \u00e0 votre <strong>exigences de poids<\/strong> et <strong>besoins d&#039;\u00e9tirement<\/strong> pour votre <strong>conception<\/strong>. Le <strong>lourdeur<\/strong> de <strong>tissu denim<\/strong> d\u00e9termine son <strong>r\u00e9tention de forme<\/strong> mais \u00e7a devient <strong>rigide<\/strong>; <strong>denim l\u00e9ger<\/strong> <strong>tentures<\/strong> mieux mais a tendance \u00e0 <strong>ride<\/strong> facilement. Le choix de <strong>poids du denim<\/strong> d\u00e9pend de la <strong>saison<\/strong> parce que <strong>denim extensible plus l\u00e9ger<\/strong> costumes <strong>robes printemps\/\u00e9t\u00e9<\/strong> alors que <strong>poids plus lourds<\/strong> costume <strong>mod\u00e8les d&#039;automne\/hiver<\/strong>.<img loading=\"lazy\" decoding=\"async\" class=\"aligncenter wp-image-4518\" src=\"https:\/\/lydenim.com\/wp-content\/uploads\/2025\/03\/IMG_6232.jpg\" alt=\"\" width=\"600\" height=\"600\" srcset=\"https:\/\/lydenim.com\/wp-content\/uploads\/2025\/03\/IMG_6232.jpg 2196w, https:\/\/lydenim.com\/wp-content\/uploads\/2025\/03\/IMG_6232-300x300.jpg 300w, https:\/\/lydenim.com\/wp-content\/uploads\/2025\/03\/IMG_6232-1024x1024.jpg 1024w, https:\/\/lydenim.com\/wp-content\/uploads\/2025\/03\/IMG_6232-150x150.jpg 150w, https:\/\/lydenim.com\/wp-content\/uploads\/2025\/03\/IMG_6232-768x768.jpg 768w, https:\/\/lydenim.com\/wp-content\/uploads\/2025\/03\/IMG_6232-1536x1536.jpg 1536w, https:\/\/lydenim.com\/wp-content\/uploads\/2025\/03\/IMG_6232-2048x2048.jpg 2048w, https:\/\/lydenim.com\/wp-content\/uploads\/2025\/03\/IMG_6232-12x12.jpg 12w, https:\/\/lydenim.com\/wp-content\/uploads\/2025\/03\/IMG_6232-600x600.jpg 600w\" sizes=\"auto, (max-width: 600px) 100vw, 600px\" \/><\/li>\n<li><strong>Superposition<\/strong>: <strong>Robes en jean<\/strong> fonctionnent bien pour diff\u00e9rents <strong>saisons<\/strong> car ils peuvent \u00eatre port\u00e9s de diff\u00e9rentes mani\u00e8res <strong>combinaisons<\/strong>. Le <strong>robe en jean sans manches<\/strong> est plus beau lorsqu&#039;il est associ\u00e9 \u00e0 un <strong>chemise \u00e0 manches longues<\/strong> ou <strong>col roul\u00e9<\/strong> en dessous, et vous pouvez ajouter <strong>gu\u00eatres<\/strong> ou <strong>collants<\/strong> pour <strong>chaleur<\/strong>Vous pouvez compl\u00e9ter le look en mettant un <strong>veste assortie<\/strong> ou <strong>cardigan<\/strong>. Pendant <strong>m\u00e9t\u00e9o estivale<\/strong>, tu devrais porter le <strong>robe<\/strong> soit seul, soit avec un <strong>chemisier l\u00e9ger<\/strong> en choisissant entre <strong>sandales<\/strong> ou <strong>baskets<\/strong>. Le <strong>combinaison<\/strong> de <strong>techniques de superposition<\/strong> cr\u00e9e \u00e0 la fois <strong>mod\u00e8les \u00e0 la mode<\/strong> et augmente la fr\u00e9quence \u00e0 laquelle <strong>robe<\/strong> peut \u00eatre port\u00e9.\n<p><div id=\"attachment_4620\" style=\"width: 610px\" class=\"wp-caption aligncenter\"><img loading=\"lazy\" decoding=\"async\" aria-describedby=\"caption-attachment-4620\" class=\"wp-image-4620\" src=\"https:\/\/lydenim.com\/wp-content\/uploads\/2025\/04\/IMG_4829.jpg\" alt=\"Robes en jean\" width=\"600\" height=\"903\" srcset=\"https:\/\/lydenim.com\/wp-content\/uploads\/2025\/04\/IMG_4829.jpg 670w, https:\/\/lydenim.com\/wp-content\/uploads\/2025\/04\/IMG_4829-199x300.jpg 199w, https:\/\/lydenim.com\/wp-content\/uploads\/2025\/04\/IMG_4829-8x12.jpg 8w, https:\/\/lydenim.com\/wp-content\/uploads\/2025\/04\/IMG_4829-600x903.jpg 600w, https:\/\/lydenim.com\/wp-content\/uploads\/2025\/04\/IMG_4829-150x226.jpg 150w\" sizes=\"auto, (max-width: 600px) 100vw, 600px\" \/><p id=\"caption-attachment-4620\" class=\"wp-caption-text\">Robes en jean<\/p><\/div><\/li>\n<li><strong>Personnalisation<\/strong>: <strong>D\u00e9tails personnalis\u00e9s<\/strong> aider \u00e0 cr\u00e9er <strong>individualit\u00e9<\/strong> dans le <strong>conception<\/strong> \u00e0 travers <strong>personnalisation<\/strong>. <strong>Broderie<\/strong> avec <strong>graphiques imprim\u00e9s<\/strong> et <strong>couture d\u00e9corative<\/strong> et <strong>patchs<\/strong> repr\u00e9senter possible <strong>d\u00e9tails personnalis\u00e9s<\/strong> vous pouvez ajouter \u00e0 la <strong>conception<\/strong>. Le <strong>industrie de la mode<\/strong> pr\u00e9dit <strong>silhouettes en forme de tonneau<\/strong> deviendra important dans <strong>Tendances mode 2025<\/strong> m\u00eame pour <strong>robes<\/strong> car ils ressemblent <strong>jeans larges<\/strong> <a href=\"https:\/\/www.vogue.com\/article\/spring-denim-trends-experts\">[12]<\/a>. Vous pouvez cr\u00e9er un <strong>look avant-gardiste<\/strong> en mettant \u00ab<strong>couper<\/strong>&quot; <strong>denim<\/strong> (<strong>inspir\u00e9 des jorts<\/strong>) <strong>patchwork<\/strong> dans un <strong>panneau de robe<\/strong>.<img loading=\"lazy\" decoding=\"async\" class=\"aligncenter wp-image-5520\" src=\"https:\/\/lydenim.com\/wp-content\/uploads\/2025\/06\/IMG_6579.jpg\" alt=\"\" width=\"600\" height=\"800\" srcset=\"https:\/\/lydenim.com\/wp-content\/uploads\/2025\/06\/IMG_6579.jpg 1280w, https:\/\/lydenim.com\/wp-content\/uploads\/2025\/06\/IMG_6579-225x300.jpg 225w, https:\/\/lydenim.com\/wp-content\/uploads\/2025\/06\/IMG_6579-768x1024.jpg 768w, https:\/\/lydenim.com\/wp-content\/uploads\/2025\/06\/IMG_6579-1152x1536.jpg 1152w, https:\/\/lydenim.com\/wp-content\/uploads\/2025\/06\/IMG_6579-9x12.jpg 9w, https:\/\/lydenim.com\/wp-content\/uploads\/2025\/06\/IMG_6579-600x800.jpg 600w, https:\/\/lydenim.com\/wp-content\/uploads\/2025\/06\/IMG_6579-150x200.jpg 150w\" sizes=\"auto, (max-width: 600px) 100vw, 600px\" \/><\/li>\n<li><strong>Fournisseurs<\/strong>: S\u00e9lectionner <strong>fournisseurs de tissus denim<\/strong> qui se sp\u00e9cialisent dans leur domaine. <strong>usines de tissus<\/strong> et <strong>fournisseurs de denim personnalis\u00e9s<\/strong> (tel que <strong>LY Denim<\/strong>) peut produire des effets particuliers <strong>m\u00e9langes de tissus<\/strong> et <strong>options de finition<\/strong>. Leur <strong>collection<\/strong> comprend \u00e0 la fois <strong>mat\u00e9riaux en denim extensible personnalis\u00e9s<\/strong> et <strong>alternatives de tissus durables<\/strong>. Avant de faire <strong>achats de tissus<\/strong>, vous devriez demander les deux <strong>\u00e9chantillons<\/strong> et <strong>petites s\u00e9ries de tissus<\/strong> tout en ayant <strong>retour<\/strong> pr\u00e9par\u00e9 pour <strong>essais de mat\u00e9riaux<\/strong>. La majorit\u00e9 des <strong>fournisseurs<\/strong> fournir <strong>modifications du tissu<\/strong> jusqu&#039;\u00e0 ce que tu trouves le parfait <strong>tissu<\/strong> pour votre <strong>conception<\/strong>.\n<p><div id=\"attachment_6079\" style=\"width: 610px\" class=\"wp-caption aligncenter\"><img loading=\"lazy\" decoding=\"async\" aria-describedby=\"caption-attachment-6079\" class=\"wp-image-6079\" src=\"https:\/\/lydenim.com\/wp-content\/uploads\/2025\/08\/ly.png\" alt=\"\" width=\"600\" height=\"615\" srcset=\"https:\/\/lydenim.com\/wp-content\/uploads\/2025\/08\/ly.png 512w, https:\/\/lydenim.com\/wp-content\/uploads\/2025\/08\/ly-293x300.png 293w, https:\/\/lydenim.com\/wp-content\/uploads\/2025\/08\/ly-12x12.png 12w, https:\/\/lydenim.com\/wp-content\/uploads\/2025\/08\/ly-150x154.png 150w\" sizes=\"auto, (max-width: 600px) 100vw, 600px\" \/><p id=\"caption-attachment-6079\" class=\"wp-caption-text\">lydenim<\/p><\/div><\/li>\n<\/ul>\n<h2>Conclusion<\/h2>\n<p>Apprendre \u00e0 concevoir un <strong>robe en jean<\/strong> vous permet d&#039;int\u00e9grer votre <strong>style personnel<\/strong> avec un <strong>mat\u00e9riau classique<\/strong>Vous pouvez faire un choix en toute confiance <strong>robe en jean sur mesure<\/strong> c&#039;est les deux <strong>branch\u00e9<\/strong> et <strong>fonctionnel<\/strong> en suivant un <strong>processus structur\u00e9<\/strong> qui commence par <strong>rassemblement d&#039;inspiration<\/strong> et <strong>croquis<\/strong>, continue avec <strong>cr\u00e9ation de sp\u00e9cifications d\u00e9taill\u00e9es<\/strong>, et conclut par <strong>critiques approfondies<\/strong>. Dans <strong>2025<\/strong>, le <strong>monde du denim<\/strong> est motiv\u00e9 par les deux <strong>r\u00e9f\u00e9rences de design nostalgiques<\/strong> et <strong>durabilit\u00e9 innovante<\/strong> <a href=\"https:\/\/www.vogue.com\/article\/spring-denim-trends-experts\">[3]<\/a> <a href=\"https:\/\/www.fashionforgood.com\/our_news\/rethinking-denim\/\">[4]<\/a>. Avec ces \u00e9tapes, votre <strong>robe en jean<\/strong> sera bien positionn\u00e9 dans le <strong>march\u00e9 moderne<\/strong>Commencez d\u00e8s aujourd&#039;hui et cr\u00e9ez le v\u00f4tre <strong>chef-d&#039;\u0153uvre en denim<\/strong> attend!<\/p>\n<h2 dir=\"ltr\" data-pm-slice=\"1 1 []\">Services de personnalisation par LYDENIM<\/h2>\n<p dir=\"ltr\" data-pm-slice=\"1 1 []\">Recherche de prime <strong>\u00a0tissus en denim<\/strong> ou sur mesure <strong>\u00a0v\u00eatements en denim<\/strong>? LYDENIM propose des solutions sur mesure pour \u00e9lever vos objectifs de conception et de production avec des tissus luxueux et textur\u00e9s.<\/p>\n<p dir=\"ltr\">\ud83c\udfa8 <strong>Tissus personnalis\u00e9s<\/strong>:D\u00e9couvrez notre denim de haute qualit\u00e9, notamment nos options jacquard et serg\u00e9 \u00e0 4 harnais, ou cr\u00e9ez des m\u00e9langes personnalis\u00e9s (par exemple, coton-chenille, chenille-\u00e9lasthanne) aux textures uniques. Visitez <a href=\"https:\/\/lydenim.com\/fr\/?s=Chenille&amp;post_type=product\"><strong>lydenim.com<\/strong><\/a> pour d\u00e9couvrir notre gamme.<\/p>\n<p dir=\"ltr\">\ud83d\udecd\ufe0f <strong>V\u00eatements personnalis\u00e9s<\/strong>: Cr\u00e9ez des v\u00eatements en denim exceptionnels gr\u00e2ce \u00e0 nos tissages chenille polyvalents, des jeans doux au toucher aux vestes \u00e9l\u00e9gantes. Parcourez et personnalisez sur <a href=\"http:\/\/liangyuantextile.m.en.alibaba.com\"><strong>Myalibaba<\/strong><\/a>.<\/p>\n<p dir=\"ltr\">\ud83d\udce9 <strong>Contactez-nous<\/strong>: Connectez-vous avec notre \u00e9quipe \u00e0 <a href=\"mailto:malone@lydenim.com\"><strong>malone@lydenim.com<\/strong><\/a> pour discuter de vos besoins en tissus ou en v\u00eatements, des motifs de tissage aux m\u00e9langes durables.<\/p>\n<p dir=\"ltr\">Cr\u00e9ez votre vision avec LYDENIM, votre partenaire de confiance pour des projets innovants et de haute qualit\u00e9 <strong>\u00a0tissus en denim<\/strong> et des solutions de v\u00eatements personnalis\u00e9s.<\/p>","protected":false},"excerpt":{"rendered":"<p>Temps de lecture estim\u00e9 : ~5 minutes Introduction Concevoir une robe en jean n\u00e9cessite une combinaison de r\u00e9flexion cr\u00e9ative et de conception fonctionnelle pour<\/p>","protected":false},"author":1,"featured_media":6080,"comment_status":"open","ping_status":"open","sticky":false,"template":"","format":"standard","meta":{"two_page_speed":[],"footnotes":""},"categories":[76],"tags":[],"class_list":["post-6059","post","type-post","status-publish","format-standard","has-post-thumbnail","hentry","category-garment"],"aioseo_notices":[],"_links":{"self":[{"href":"https:\/\/lydenim.com\/fr\/wp-json\/wp\/v2\/posts\/6059","targetHints":{"allow":["GET"]}}],"collection":[{"href":"https:\/\/lydenim.com\/fr\/wp-json\/wp\/v2\/posts"}],"about":[{"href":"https:\/\/lydenim.com\/fr\/wp-json\/wp\/v2\/types\/post"}],"author":[{"embeddable":true,"href":"https:\/\/lydenim.com\/fr\/wp-json\/wp\/v2\/users\/1"}],"replies":[{"embeddable":true,"href":"https:\/\/lydenim.com\/fr\/wp-json\/wp\/v2\/comments?post=6059"}],"version-history":[{"count":2,"href":"https:\/\/lydenim.com\/fr\/wp-json\/wp\/v2\/posts\/6059\/revisions"}],"predecessor-version":[{"id":6081,"href":"https:\/\/lydenim.com\/fr\/wp-json\/wp\/v2\/posts\/6059\/revisions\/6081"}],"wp:featuredmedia":[{"embeddable":true,"href":"https:\/\/lydenim.com\/fr\/wp-json\/wp\/v2\/media\/6080"}],"wp:attachment":[{"href":"https:\/\/lydenim.com\/fr\/wp-json\/wp\/v2\/media?parent=6059"}],"wp:term":[{"taxonomy":"category","embeddable":true,"href":"https:\/\/lydenim.com\/fr\/wp-json\/wp\/v2\/categories?post=6059"},{"taxonomy":"post_tag","embeddable":true,"href":"https:\/\/lydenim.com\/fr\/wp-json\/wp\/v2\/tags?post=6059"}],"curies":[{"name":"wp","href":"https:\/\/api.w.org\/{rel}","templated":true}]}}