{"id":6136,"date":"2025-08-27T11:41:37","date_gmt":"2025-08-27T03:41:37","guid":{"rendered":"https:\/\/lydenim.com\/?p=6136"},"modified":"2025-08-27T16:44:15","modified_gmt":"2025-08-27T08:44:15","slug":"revolutionary-selvedge-denim-styles","status":"publish","type":"post","link":"https:\/\/lydenim.com\/fr\/styles-revolutionnaires-de-denim-selvedge\/","title":{"rendered":"Styles r\u00e9volutionnaires en denim Selvedge"},"content":{"rendered":"<h3 dir=\"ltr\" data-pm-slice=\"1 1 []\">Temps de lecture estim\u00e9 : ~4 minutes<\/h3>\n<h3 dir=\"ltr\" data-pm-slice=\"1 1 []\"><strong>Qu&#039;est-ce que <a href=\"https:\/\/lydenim.com\/fr\/?s=Selvedge&amp;post_type=product\">Denim Selvedge<\/a>?<\/strong><\/h3>\n<p dir=\"ltr\"><strong>Denim lisi\u00e8re<\/strong> est le <strong>bord tiss\u00e9 serr\u00e9<\/strong> sur <strong>jeans haut de gamme<\/strong>, souvent termin\u00e9 par un <strong>fil de couleur<\/strong>. En d&#039;autres termes, c&#039;est litt\u00e9ralement le <strong>\u00ab bord libre \u00bb<\/strong> de la <strong>tissu<\/strong>. Comme <strong>Levi Strauss &amp; Co.<\/strong> historien <strong>Tracey Panek<\/strong> notes, <strong>lisi\u00e8re<\/strong> (ou <strong>lisi\u00e8re<\/strong>) est un <strong>bord vertical<\/strong> de la <strong>tissu denim<\/strong> qui l&#039;emp\u00eache de <strong>d\u00e9m\u00ealage<\/strong>. Le <strong>bord propre et reli\u00e9<\/strong> est devenu un <strong>signe distinctif du denim de qualit\u00e9<\/strong>. <strong>Denim lisi\u00e8re<\/strong> se tisse sur <strong>m\u00e9tiers \u00e0 tisser \u00e0 navette traditionnels<\/strong>, qui cr\u00e9ent un <strong>tissu serr\u00e9 et \u00e9troit<\/strong> avec <strong>bords naturels<\/strong> qui ne le font pas <strong>combat<\/strong>Historiquement, le <strong>jean bleu<\/strong> est n\u00e9 en 1873 lorsque <strong>Levi Strauss<\/strong> et tailleur <strong>Jacob Davis<\/strong> brevet\u00e9 <strong>rivets m\u00e9talliques<\/strong> sur <strong>pantalon de travail<\/strong>, et depuis plus d&#039;un si\u00e8cle <strong>Japon<\/strong> est devenu le <strong>\u00e9picentre de la production de lisi\u00e8res haut de gamme<\/strong>. Contrairement \u00e0 <strong>denim extensible moderne<\/strong>, <strong>lisi\u00e8re<\/strong> est souvent vendu <strong>brut<\/strong> (non lav\u00e9) afin que les porteurs puissent <strong>le casser<\/strong> eux-m\u00eames. <strong>Denim lisi\u00e8re<\/strong> ne poss\u00e8de pas intrins\u00e8quement <strong>force<\/strong> mais il d\u00e9veloppe un <strong>texture distinctive<\/strong> que les gens appr\u00e9cient car il <strong>\u00e2ge<\/strong>.<\/p>\n<div id=\"attachment_6120\" style=\"width: 610px\" class=\"wp-caption aligncenter\"><img loading=\"lazy\" decoding=\"async\" aria-describedby=\"caption-attachment-6120\" class=\"wp-image-6120\" src=\"https:\/\/lydenim.com\/wp-content\/uploads\/2025\/08\/c67f8027959b3fdaa5fc2c4a36ea3b52.jpg\" alt=\"\" width=\"600\" height=\"800\" srcset=\"https:\/\/lydenim.com\/wp-content\/uploads\/2025\/08\/c67f8027959b3fdaa5fc2c4a36ea3b52.jpg 1098w, https:\/\/lydenim.com\/wp-content\/uploads\/2025\/08\/c67f8027959b3fdaa5fc2c4a36ea3b52-225x300.jpg 225w, https:\/\/lydenim.com\/wp-content\/uploads\/2025\/08\/c67f8027959b3fdaa5fc2c4a36ea3b52-768x1024.jpg 768w, https:\/\/lydenim.com\/wp-content\/uploads\/2025\/08\/c67f8027959b3fdaa5fc2c4a36ea3b52-9x12.jpg 9w, https:\/\/lydenim.com\/wp-content\/uploads\/2025\/08\/c67f8027959b3fdaa5fc2c4a36ea3b52-600x800.jpg 600w, https:\/\/lydenim.com\/wp-content\/uploads\/2025\/08\/c67f8027959b3fdaa5fc2c4a36ea3b52-150x200.jpg 150w\" sizes=\"auto, (max-width: 600px) 100vw, 600px\" \/><p id=\"caption-attachment-6120\" class=\"wp-caption-text\">Jean Selvedge Denim<\/p><\/div>\n<h3 dir=\"ltr\"><strong>Du serg\u00e9 pur \u00e0 la texture flamm\u00e9e\u00a0: une r\u00e9volution tactile<\/strong><\/h3>\n<p dir=\"ltr\"><strong>Denim selvedge classique<\/strong> est g\u00e9n\u00e9ralement tiss\u00e9 dans un <strong>serg\u00e9 lisse et uniforme<\/strong>Les fabricants utilisent d\u00e9sormais <strong>fils flamm\u00e9s<\/strong>\u2014<strong>fils plus \u00e9pais et irr\u00e9guliers<\/strong> qui cr\u00e9ent <strong>bosses intentionnelles<\/strong> et <strong>irr\u00e9gularit\u00e9s<\/strong> dans leurs produits. Le <strong>tissu<\/strong> d\u00e9veloppe un <strong>aspect artisanal vintage<\/strong> imm\u00e9diatement apr\u00e8s la premi\u00e8re utilisation. \u00c0 propos <strong>20%<\/strong> de <strong>denim haut de gamme<\/strong> aujourd&#039;hui utilise <strong>fils flamm\u00e9s<\/strong>. Le r\u00e9sultat est un \u00ab<strong>sel et poivre<\/strong>&quot; ou <strong>aspect stri\u00e9<\/strong> et <strong>d\u00e9coloration tr\u00e8s personnalis\u00e9e<\/strong>En fait, le <strong>segments \u00e9pais<\/strong> de <strong>fil flamm\u00e9<\/strong> s&#039;usent plus rapidement <strong>zones \u00e0 forte contrainte<\/strong> comme le <strong>genoux<\/strong> et <strong>si\u00e8ge<\/strong>, produisant <strong>\u00ab moustaches \u00bb dramatiques<\/strong> et <strong>d\u00e9coloration en nid d&#039;abeille<\/strong> qui sont <strong>unique \u00e0 chaque porteur<\/strong>. Comme un <strong>guide du denim<\/strong> explique, <strong>denim selvedge infus\u00e9 de flamm\u00e9<\/strong> commence par un <strong>stries verticales subtiles<\/strong> et <strong>texture semblable \u00e0 du marbre<\/strong>, faisant le <strong>s&#039;estompe \u00e9ventuellement<\/strong> plus <strong>frappant<\/strong>. Le <strong>innovation tactile<\/strong> apporte <strong>durabilit\u00e9<\/strong> avec <strong>style vintage<\/strong> pour cr\u00e9er un look qui ressemble <strong>jeans us\u00e9s<\/strong> de la <strong>usine<\/strong>.<a href=\"https:\/\/lydenim.com\/fr\/produit\/773913e-lisiere-bleue-epaisse\/\"><img loading=\"lazy\" decoding=\"async\" class=\"aligncenter wp-image-4542\" src=\"https:\/\/lydenim.com\/wp-content\/uploads\/2025\/03\/IMG_6254.jpg\" alt=\"\" width=\"600\" height=\"600\" srcset=\"https:\/\/lydenim.com\/wp-content\/uploads\/2025\/03\/IMG_6254.jpg 2196w, https:\/\/lydenim.com\/wp-content\/uploads\/2025\/03\/IMG_6254-300x300.jpg 300w, https:\/\/lydenim.com\/wp-content\/uploads\/2025\/03\/IMG_6254-1024x1024.jpg 1024w, https:\/\/lydenim.com\/wp-content\/uploads\/2025\/03\/IMG_6254-150x150.jpg 150w, https:\/\/lydenim.com\/wp-content\/uploads\/2025\/03\/IMG_6254-768x768.jpg 768w, https:\/\/lydenim.com\/wp-content\/uploads\/2025\/03\/IMG_6254-1536x1536.jpg 1536w, https:\/\/lydenim.com\/wp-content\/uploads\/2025\/03\/IMG_6254-2048x2048.jpg 2048w, https:\/\/lydenim.com\/wp-content\/uploads\/2025\/03\/IMG_6254-12x12.jpg 12w, https:\/\/lydenim.com\/wp-content\/uploads\/2025\/03\/IMG_6254-600x600.jpg 600w\" sizes=\"auto, (max-width: 600px) 100vw, 600px\" \/><\/a><\/p>\n<h3 dir=\"ltr\"><strong>La r\u00e9volution des couleurs : au-del\u00e0 du bleu et du blanc<\/strong><\/h3>\n<p dir=\"ltr\">Traditionnellement, <strong>denim lisi\u00e8re<\/strong> est <strong>indigo<\/strong> \u00e0 l&#039;ext\u00e9rieur avec un <strong>support de trame blanc<\/strong>, mais <strong>tendances modernes<\/strong> ont fait exploser le <strong>palette de couleurs<\/strong>Les marques tissent d\u00e9sormais <strong>noir<\/strong>, <strong>indigo profond<\/strong>, <strong>jaune<\/strong>, et m\u00eame <strong>pastel<\/strong> ou <strong>tissus lisi\u00e8re n\u00e9on<\/strong>. Le <strong>industrie de la mode<\/strong> rapporte que <strong>denim color\u00e9<\/strong> offre aux consommateurs un <strong>alternative \u00e0 la mode<\/strong> \u00e0 <strong>jeans bleus traditionnels<\/strong> pour ceux qui veulent exprimer leur <strong>style personnel<\/strong>. Commun <strong>combinaisons innovantes<\/strong> inclure:<\/p>\n<ul class=\"tight\" dir=\"ltr\" data-tight=\"true\">\n<li>\n<p dir=\"ltr\"><strong>Noir sur noir<\/strong>: UN <strong>look \u00e9pur\u00e9 et minimaliste<\/strong> o\u00f9 m\u00eame le <strong>trame<\/strong> est teint <strong>noir<\/strong>.<a href=\"https:\/\/lydenim.com\/fr\/produit\/a7389k-2a-lisiere-noire\/\"><img loading=\"lazy\" decoding=\"async\" class=\"aligncenter wp-image-4537\" src=\"https:\/\/lydenim.com\/wp-content\/uploads\/2025\/03\/IMG_6251.jpg\" alt=\"\" width=\"600\" height=\"600\" srcset=\"https:\/\/lydenim.com\/wp-content\/uploads\/2025\/03\/IMG_6251.jpg 2196w, https:\/\/lydenim.com\/wp-content\/uploads\/2025\/03\/IMG_6251-300x300.jpg 300w, https:\/\/lydenim.com\/wp-content\/uploads\/2025\/03\/IMG_6251-1024x1024.jpg 1024w, https:\/\/lydenim.com\/wp-content\/uploads\/2025\/03\/IMG_6251-150x150.jpg 150w, https:\/\/lydenim.com\/wp-content\/uploads\/2025\/03\/IMG_6251-768x768.jpg 768w, https:\/\/lydenim.com\/wp-content\/uploads\/2025\/03\/IMG_6251-1536x1536.jpg 1536w, https:\/\/lydenim.com\/wp-content\/uploads\/2025\/03\/IMG_6251-2048x2048.jpg 2048w, https:\/\/lydenim.com\/wp-content\/uploads\/2025\/03\/IMG_6251-12x12.jpg 12w, https:\/\/lydenim.com\/wp-content\/uploads\/2025\/03\/IMG_6251-600x600.jpg 600w\" sizes=\"auto, (max-width: 600px) 100vw, 600px\" \/><\/a><\/p>\n<\/li>\n<li>\n<p dir=\"ltr\"><strong>Indigo profond\/blanc<\/strong>: UN <strong>base indigo riche<\/strong> qui se transforme en <strong>blanc brillant<\/strong> au fil du temps pour cr\u00e9er <strong>fort contraste visuel<\/strong>.<img loading=\"lazy\" decoding=\"async\" class=\"aligncenter wp-image-4541\" src=\"https:\/\/lydenim.com\/wp-content\/uploads\/2025\/03\/IMG_6253.jpg\" alt=\"\" width=\"600\" height=\"600\" srcset=\"https:\/\/lydenim.com\/wp-content\/uploads\/2025\/03\/IMG_6253.jpg 2196w, https:\/\/lydenim.com\/wp-content\/uploads\/2025\/03\/IMG_6253-300x300.jpg 300w, https:\/\/lydenim.com\/wp-content\/uploads\/2025\/03\/IMG_6253-1024x1024.jpg 1024w, https:\/\/lydenim.com\/wp-content\/uploads\/2025\/03\/IMG_6253-150x150.jpg 150w, https:\/\/lydenim.com\/wp-content\/uploads\/2025\/03\/IMG_6253-768x768.jpg 768w, https:\/\/lydenim.com\/wp-content\/uploads\/2025\/03\/IMG_6253-1536x1536.jpg 1536w, https:\/\/lydenim.com\/wp-content\/uploads\/2025\/03\/IMG_6253-2048x2048.jpg 2048w, https:\/\/lydenim.com\/wp-content\/uploads\/2025\/03\/IMG_6253-12x12.jpg 12w, https:\/\/lydenim.com\/wp-content\/uploads\/2025\/03\/IMG_6253-600x600.jpg 600w\" sizes=\"auto, (max-width: 600px) 100vw, 600px\" \/><\/p>\n<\/li>\n<li>\n<p dir=\"ltr\"><strong>Jaune\/blanc<\/strong>: UN <strong>teinte estivale vibrante<\/strong> ce qui cr\u00e9e un <strong>fort contraste<\/strong> avec le <strong>trame blanche<\/strong>.<a href=\"https:\/\/lydenim.com\/fr\/produit\/denim-selvedge-zl4331323\/\"><img loading=\"lazy\" decoding=\"async\" class=\"aligncenter wp-image-4465\" src=\"https:\/\/lydenim.com\/wp-content\/uploads\/2025\/03\/IMG_6169.jpg\" alt=\"\" width=\"600\" height=\"600\" srcset=\"https:\/\/lydenim.com\/wp-content\/uploads\/2025\/03\/IMG_6169.jpg 2196w, https:\/\/lydenim.com\/wp-content\/uploads\/2025\/03\/IMG_6169-300x300.jpg 300w, https:\/\/lydenim.com\/wp-content\/uploads\/2025\/03\/IMG_6169-1024x1024.jpg 1024w, https:\/\/lydenim.com\/wp-content\/uploads\/2025\/03\/IMG_6169-150x150.jpg 150w, https:\/\/lydenim.com\/wp-content\/uploads\/2025\/03\/IMG_6169-768x768.jpg 768w, https:\/\/lydenim.com\/wp-content\/uploads\/2025\/03\/IMG_6169-1536x1536.jpg 1536w, https:\/\/lydenim.com\/wp-content\/uploads\/2025\/03\/IMG_6169-2048x2048.jpg 2048w, https:\/\/lydenim.com\/wp-content\/uploads\/2025\/03\/IMG_6169-12x12.jpg 12w, https:\/\/lydenim.com\/wp-content\/uploads\/2025\/03\/IMG_6169-600x600.jpg 600w\" sizes=\"auto, (max-width: 600px) 100vw, 600px\" \/><\/a><\/p>\n<\/li>\n<\/ul>\n<p dir=\"ltr\"><strong>Demande<\/strong> pour <strong>couleurs non traditionnelles<\/strong> a augment\u00e9 parmi <strong>les jeunes consommateurs<\/strong>: beaucoup <strong>Millennials<\/strong> et <strong>G\u00e9n\u00e9ration Z<\/strong> les acheteurs privil\u00e9gient d\u00e9sormais <strong>teintes denim vibrantes<\/strong> sur <strong>bleu classique<\/strong>. Le <strong>nouvelle palette de couleurs<\/strong> n&#039;affecte pas la <strong>caract\u00e9ristiques de d\u00e9coloration<\/strong> de ceux-ci <strong>tissus lisi\u00e8re<\/strong>, qui maintiennent leur <strong>potentiel de d\u00e9coloration du denim brut<\/strong>. Le processus de <strong>lavage<\/strong> et <strong>porter du denim<\/strong> r\u00e9sultats en <strong>patines distinctives<\/strong> qui cr\u00e9ent un <strong>dynamique<\/strong> et <strong>apparence personnelle<\/strong> pour chaque <strong>v\u00eatement<\/strong>. En bref, <strong>denim selvedge color\u00e9<\/strong> permet aux gens de montrer leur <strong>personnalit\u00e9<\/strong> tout en maintenant la <strong>fondus profonds<\/strong> et <strong>artisanat<\/strong> que <strong>lisi\u00e8re<\/strong> est c\u00e9l\u00e8bre pour.<\/p>\n<h3 dir=\"ltr\"><strong>Edge Artistry : le rouge n&#039;est pas la seule couleur<\/strong><\/h3>\n<p dir=\"ltr\">Le <strong>lisi\u00e8re<\/strong>, que les gens appellent commun\u00e9ment le \u00ab<strong>ligne rouge<\/strong>, &quot; sert de <strong>indicateur de statut traditionnel<\/strong>, mais <strong>designers modernes<\/strong> utilisez-le maintenant pour cr\u00e9er <strong>cr\u00e9ations artistiques<\/strong>. Par exemple, <strong>Broyeurs \u00e0 c\u00f4ne<\/strong> d\u00e9velopp\u00e9 un <strong>lisi\u00e8re rouge<\/strong> exclusivement pour <strong>Jean Levi&#039;s 501\u00ae<\/strong> en 1927 : un <strong>fil rouge unique<\/strong> courant \u00e0 travers le <strong>bord blanc<\/strong> pour identifier le <strong>tissu<\/strong> comme <strong>Jean Levi&#039;s<\/strong>Les marques ont commenc\u00e9 \u00e0 utiliser <strong>identifiants de lisi\u00e8re color\u00e9e<\/strong> dans <strong>noir<\/strong>, <strong>jaune<\/strong>, <strong>vert<\/strong>, et <strong>rayures arc-en-ciel<\/strong> de nos jours. Comme un <strong>r\u00e9dactrice de mode<\/strong> notes, <strong>concepteurs<\/strong> utilisent \u00ab<strong>lisi\u00e8re arc-en-ciel<\/strong>&quot; et &quot;<strong>lisi\u00e8re sur liste rouge<\/strong>\u00ab bords comme <strong>accents festifs<\/strong>. L&#039;acte de <strong>roulement des manchettes<\/strong> r\u00e9v\u00e8le ces <strong>\u00e9clats de couleurs<\/strong>, ce qui rend le <strong>lisi\u00e8re<\/strong> un <strong>identifiant personnel unique<\/strong>. Le <strong>accents forts<\/strong> servir \u00e0 <strong>distinguer les marques<\/strong> tout en permettant <strong>clients<\/strong> \u00e0 <strong>personnaliser<\/strong> leur <strong>choix de mode<\/strong> entre <strong>bords lisi\u00e8res noirs de base<\/strong> et <strong>rayures jaunes ludiques<\/strong>, qui cr\u00e9ent un <strong>look moderne incomparable<\/strong>.<a href=\"https:\/\/lydenim.com\/fr\/produit\/tissu-a-9-lisieres-de-73-817-po\/\"><img loading=\"lazy\" decoding=\"async\" class=\"aligncenter wp-image-4473\" src=\"https:\/\/lydenim.com\/wp-content\/uploads\/2025\/03\/IMG_6181.jpg\" alt=\"\" width=\"600\" height=\"600\" srcset=\"https:\/\/lydenim.com\/wp-content\/uploads\/2025\/03\/IMG_6181.jpg 2196w, https:\/\/lydenim.com\/wp-content\/uploads\/2025\/03\/IMG_6181-300x300.jpg 300w, https:\/\/lydenim.com\/wp-content\/uploads\/2025\/03\/IMG_6181-1024x1024.jpg 1024w, https:\/\/lydenim.com\/wp-content\/uploads\/2025\/03\/IMG_6181-150x150.jpg 150w, https:\/\/lydenim.com\/wp-content\/uploads\/2025\/03\/IMG_6181-768x768.jpg 768w, https:\/\/lydenim.com\/wp-content\/uploads\/2025\/03\/IMG_6181-1536x1536.jpg 1536w, https:\/\/lydenim.com\/wp-content\/uploads\/2025\/03\/IMG_6181-2048x2048.jpg 2048w, https:\/\/lydenim.com\/wp-content\/uploads\/2025\/03\/IMG_6181-12x12.jpg 12w, https:\/\/lydenim.com\/wp-content\/uploads\/2025\/03\/IMG_6181-600x600.jpg 600w\" sizes=\"auto, (max-width: 600px) 100vw, 600px\" \/><\/a><\/p>\n<h3 dir=\"ltr\"><strong>Innovations durables dans le denim Selvedge<\/strong><\/h3>\n<p dir=\"ltr\"><strong>Durabilit\u00e9<\/strong> est en train de se remodeler <strong>denim lisi\u00e8re<\/strong>. Le <strong>industrie textile<\/strong> a adopt\u00e9 <strong>coton biologique<\/strong>, <strong>fibres recycl\u00e9es<\/strong>, et <strong>colorants \u00e9cologiques innovants<\/strong> dans de nombreux <strong>moulins<\/strong> diminuer <strong>impact environnemental<\/strong>. <strong>Marques<\/strong> qui se concentrent sur <strong>durabilit\u00e9<\/strong> dans <strong>production de denim<\/strong> attirent davantage <strong>clients<\/strong>. La mise en \u0153uvre de <strong>nouvelle teinture<\/strong> et <strong>techniques de finition<\/strong> conduit \u00e0 <strong>conservation substantielle de l&#039;eau<\/strong> parce que ces m\u00e9thodes diminuent <strong>consommation d&#039;eau<\/strong> d&#039;environ <strong>40%<\/strong> par rapport \u00e0 <strong>m\u00e9thodes conventionnelles<\/strong>. L&#039;utilisation de <strong>lasers<\/strong> ou <strong>ozone<\/strong> au lieu de <strong>produits chimiques agressifs<\/strong> aide \u00e0 <strong>minimiser la consommation d&#039;eau<\/strong>. <strong>Colorants \u00e0 base de plantes<\/strong> et <strong>alternatives naturelles \u00e0 l&#039;indigo<\/strong> fournir les deux <strong>nouvelles options de couleurs<\/strong> et <strong>alternatives \u00e9cologiques<\/strong>. <strong>Denim selvedge durable<\/strong> maintient le m\u00eame <strong>apparence<\/strong> et <strong>durabilit\u00e9<\/strong> comme <strong>denim traditionnel<\/strong> parce que cela n\u00e9cessite <strong>moins d&#039;eau<\/strong> et <strong>moins de produits chimiques toxiques<\/strong> pendant <strong>production<\/strong>. Le moderne <strong>tissu \u00e9co-lisi\u00e8re<\/strong> la collection fournit <strong>la tranquillit\u00e9 d&#039;esprit de la mode \u00e9thique<\/strong> \u00e0 <strong>consommateurs<\/strong> qui valorisent <strong>durabilit\u00e9<\/strong> tout en maintenant la <strong>durabilit\u00e9<\/strong> que <strong>tissu lisi\u00e8re<\/strong> est connu pour.<img loading=\"lazy\" decoding=\"async\" class=\"aligncenter wp-image-4495\" src=\"https:\/\/lydenim.com\/wp-content\/uploads\/2025\/03\/IMG_6206.jpg\" alt=\"\" width=\"600\" height=\"600\" srcset=\"https:\/\/lydenim.com\/wp-content\/uploads\/2025\/03\/IMG_6206.jpg 2196w, https:\/\/lydenim.com\/wp-content\/uploads\/2025\/03\/IMG_6206-300x300.jpg 300w, https:\/\/lydenim.com\/wp-content\/uploads\/2025\/03\/IMG_6206-1024x1024.jpg 1024w, https:\/\/lydenim.com\/wp-content\/uploads\/2025\/03\/IMG_6206-150x150.jpg 150w, https:\/\/lydenim.com\/wp-content\/uploads\/2025\/03\/IMG_6206-768x768.jpg 768w, https:\/\/lydenim.com\/wp-content\/uploads\/2025\/03\/IMG_6206-1536x1536.jpg 1536w, https:\/\/lydenim.com\/wp-content\/uploads\/2025\/03\/IMG_6206-2048x2048.jpg 2048w, https:\/\/lydenim.com\/wp-content\/uploads\/2025\/03\/IMG_6206-12x12.jpg 12w, https:\/\/lydenim.com\/wp-content\/uploads\/2025\/03\/IMG_6206-600x600.jpg 600w\" sizes=\"auto, (max-width: 600px) 100vw, 600px\" \/><\/p>\n<h3 dir=\"ltr\"><strong>Tissages hybrides : entre tradition et innovation<\/strong><\/h3>\n<p dir=\"ltr\"><strong>Denim lisi\u00e8re<\/strong> contient <strong>tissages hybrides<\/strong> qui combinent <strong>serg\u00e9<\/strong> avec <strong>chevrons<\/strong> ou <strong>serg\u00e9 bris\u00e9<\/strong> mod\u00e8les en plus de <strong>textures flamm\u00e9es<\/strong>. Le <strong>mod\u00e8les d\u00e9taill\u00e9s<\/strong> cr\u00e9er <strong>int\u00e9r\u00eat visuel<\/strong> et un <strong>toucher doux<\/strong> qui fait appel \u00e0 <strong>consommateurs contemporains<\/strong>. L&#039;utilisation de <strong>plusieurs fils<\/strong> cr\u00e9e <strong>motifs en zigzag complexes<\/strong> et <strong>lignes diagonales bris\u00e9es<\/strong> lequel <strong>attirer le regard<\/strong>. <strong>Amateurs de denim<\/strong> rapport en hausse <strong>demande<\/strong> pour ceux-ci <strong>tissus \u00e0 lisi\u00e8re hybride<\/strong>, car ils maintiennent le <strong>force<\/strong> de <strong>lisi\u00e8re classique<\/strong> tout en ressentant <strong>plus souple<\/strong>. <strong>tissages hybrides<\/strong> \u00e9tablir un <strong>position sur le march\u00e9<\/strong> gr\u00e2ce \u00e0 leur combinaison de <strong>durabilit\u00e9<\/strong> avec <strong>confort<\/strong> et <strong>\u00e9l\u00e9ments de conception innovants<\/strong> qui cr\u00e9ent <strong>jeans selvedge \u00e9l\u00e9gants et polyvalents<\/strong> et <strong>vestes<\/strong>.<img loading=\"lazy\" decoding=\"async\" class=\"aligncenter wp-image-5429\" src=\"https:\/\/lydenim.com\/wp-content\/uploads\/2025\/06\/Denim-Quality.jpg\" alt=\"\" width=\"600\" height=\"401\" srcset=\"https:\/\/lydenim.com\/wp-content\/uploads\/2025\/06\/Denim-Quality.jpg 1617w, https:\/\/lydenim.com\/wp-content\/uploads\/2025\/06\/Denim-Quality-300x200.jpg 300w, https:\/\/lydenim.com\/wp-content\/uploads\/2025\/06\/Denim-Quality-1024x684.jpg 1024w, https:\/\/lydenim.com\/wp-content\/uploads\/2025\/06\/Denim-Quality-768x513.jpg 768w, https:\/\/lydenim.com\/wp-content\/uploads\/2025\/06\/Denim-Quality-1536x1026.jpg 1536w, https:\/\/lydenim.com\/wp-content\/uploads\/2025\/06\/Denim-Quality-18x12.jpg 18w, https:\/\/lydenim.com\/wp-content\/uploads\/2025\/06\/Denim-Quality-600x401.jpg 600w, https:\/\/lydenim.com\/wp-content\/uploads\/2025\/06\/Denim-Quality-150x100.jpg 150w\" sizes=\"auto, (max-width: 600px) 100vw, 600px\" \/><\/p>\n<h3 dir=\"ltr\"><strong>Avantages et inconv\u00e9nients du denim Selvedge<\/strong><\/h3>\n<h4 dir=\"ltr\"><strong>Avantages<\/strong><\/h4>\n<ul class=\"tight\" dir=\"ltr\" data-tight=\"true\">\n<li>\n<p dir=\"ltr\"><strong>Durabilit\u00e9 exceptionnelle<\/strong> (qui durent souvent beaucoup plus longtemps que <strong>denim produit en s\u00e9rie<\/strong>).<\/p>\n<\/li>\n<li>\n<p dir=\"ltr\"><strong>Un vieillissement vraiment unique<\/strong> (<strong>lisi\u00e8re brute<\/strong> d\u00e9veloppe <strong>fondus hautement personnalis\u00e9s<\/strong>).<\/p>\n<\/li>\n<li>\n<p dir=\"ltr\"><strong>Un attrait artisanal de haut niveau<\/strong>.<\/p>\n<\/li>\n<li>\n<p dir=\"ltr\">Beaucoup <strong>options de lisi\u00e8re<\/strong> sont \u00e9galement plus <strong>respectueux de l&#039;environnement<\/strong>: par exemple, en utilisant <strong>mat\u00e9riaux durables<\/strong> et <strong>processus<\/strong> peut couper <strong>consommation d&#039;eau<\/strong> d&#039;ici environ <strong>40%<\/strong>. Ces qualit\u00e9s font <strong>denim lisi\u00e8re<\/strong> souhaitable pour <strong>consommateurs soucieux de la qualit\u00e9<\/strong>.<\/p>\n<\/li>\n<\/ul>\n<h4 dir=\"ltr\"><strong>Inconv\u00e9nients<\/strong><\/h4>\n<ul class=\"tight\" dir=\"ltr\" data-tight=\"true\">\n<li>\n<p dir=\"ltr\"><strong>Prix premium<\/strong> \u2013 le co\u00fbt de <strong>production de navettes<\/strong> et <strong>mat\u00e9riaux haut de gamme<\/strong> met g\u00e9n\u00e9ralement <strong>lisi\u00e8re<\/strong> <strong>15\u201325%<\/strong> au-dessus de <strong>jeans standard<\/strong>.<\/p>\n<\/li>\n<li>\n<p dir=\"ltr\"><strong>Nouveau denim selvedge<\/strong> peut aussi \u00eatre <strong>initialement raide<\/strong>; le <strong>tissu brut<\/strong> a g\u00e9n\u00e9ralement besoin <strong>semaines d&#039;usure<\/strong> \u00e0 <strong>adoucir<\/strong> et <strong>se conformer \u00e0 votre corps<\/strong>.<\/p>\n<\/li>\n<li>\n<p dir=\"ltr\"><strong>Tissus lisi\u00e8res teints aux couleurs vives<\/strong> sont moins courants, donc certains <strong>styles de couleur\/bordure<\/strong> peut \u00eatre <strong>difficile \u00e0 trouver<\/strong> dans <strong>magasins de grande distribution<\/strong>.<\/p>\n<\/li>\n<\/ul>\n<h3 dir=\"ltr\"><strong>Conclusion<\/strong><\/h3>\n<p dir=\"ltr\"><strong>Denim lisi\u00e8re<\/strong> existe en tant que <strong>d\u00e9veloppement du textile<\/strong> qui combine <strong>m\u00e9thodes de fabrication traditionnelles<\/strong> avec <strong>aspects de conception moderne<\/strong>. Depuis <strong>fils flamm\u00e9s textur\u00e9s<\/strong> et <strong>de nouvelles teintes vibrantes<\/strong> \u00e0 <strong>identifiants de lisi\u00e8re en gras<\/strong> et <strong>mat\u00e9riaux \u00e9co-responsables<\/strong>, aujourd&#039;hui <strong>jeans selvedge<\/strong> et <strong>vestes<\/strong> aller bien au-del\u00e0 de leur <strong>racines des v\u00eatements de travail<\/strong>. Le <strong>march\u00e9 du denim haut de gamme<\/strong> est <strong>croissance<\/strong>, et ceux-ci <strong>styles r\u00e9volutionnaires<\/strong> s&#039;assurer que <strong>lisi\u00e8re<\/strong> reste un <strong>ic\u00f4ne de la mode authentique et personnalis\u00e9e<\/strong>. En les acceptant <strong>tendances<\/strong> vous permet de fabriquer <strong>pi\u00e8ces en denim<\/strong> qui sont comme <strong>polyvalent<\/strong> comme ils sont <strong>intemporel<\/strong> \u2013 votre prochain <strong>chef-d&#039;\u0153uvre en denim<\/strong> attend d&#039;\u00eatre <strong>port\u00e9 dans<\/strong>.<\/p>\n<h2 dir=\"ltr\" data-pm-slice=\"1 1 []\">Services de personnalisation par LYDENIM<\/h2>\n<p dir=\"ltr\">Vous recherchez des tissus denim haut de gamme ou des v\u00eatements en denim sur mesure\u00a0? LYDENIM propose des solutions sur mesure pour donner vie \u00e0 votre vision cr\u00e9ative gr\u00e2ce \u00e0 des textures uniques et de haute qualit\u00e9.<\/p>\n<p dir=\"ltr\">\ud83c\udfa8 <strong>Tissus personnalis\u00e9s<\/strong>: D\u00e9couvrez notre premium <strong>lisi\u00e8re<\/strong> D\u00e9couvrez notre collection denim et cr\u00e9ez vos propres tissus avec une vari\u00e9t\u00e9 de couleurs, de motifs et de textures qui s&#039;adaptent \u00e0 votre style. D\u00e9couvrez nos offres sur <a href=\"https:\/\/lydenim.com\/fr\/?s=Selvedge&amp;post_type=product\">lydenim.com.<\/a><\/p>\n<p dir=\"ltr\">\ud83d\udecd\ufe0f <strong>V\u00eatements personnalis\u00e9s<\/strong>: Cr\u00e9er des \u00e9l\u00e9ments distinctifs <strong>lisi\u00e8re <\/strong>Des pi\u00e8ces en denim aux tissages luxueux, du jean confortable \u00e0 la veste sophistiqu\u00e9e. Choisissez vos couleurs et styles pr\u00e9f\u00e9r\u00e9s pour les personnaliser. <a href=\"https:\/\/liangyuantextile.m.en.alibaba.com\/search\/product?SearchText=selvedge\">Myalibaba.<\/a><\/p>\n<p dir=\"ltr\">\ud83d\udce9 <strong>Contactez-nous<\/strong>: Contactez notre \u00e9quipe au <a href=\"mailto:malone@lydenim.com\">malone@lydenim.com<\/a> pour discuter de vos id\u00e9es de tissus ou de v\u00eatements, des motifs de tissage aux m\u00e9langes \u00e9cologiques.<\/p>\n<p dir=\"ltr\">Donnez vie \u00e0 votre vision unique avec LYDENIM, votre partenaire de confiance pour des tissus denim innovants et des solutions vestimentaires personnalis\u00e9es.<\/p>","protected":false},"excerpt":{"rendered":"<p>Temps de lecture estim\u00e9 : environ 4 minutes Qu&#039;est-ce que le denim selvedge ? Le denim selvedge est le bord tiss\u00e9 serr\u00e9 des jeans haut de gamme, souvent<\/p>","protected":false},"author":1,"featured_media":6401,"comment_status":"open","ping_status":"open","sticky":false,"template":"","format":"standard","meta":{"two_page_speed":[],"footnotes":""},"categories":[66],"tags":[],"class_list":["post-6136","post","type-post","status-publish","format-standard","has-post-thumbnail","hentry","category-denim-knowledge"],"aioseo_notices":[],"_links":{"self":[{"href":"https:\/\/lydenim.com\/fr\/wp-json\/wp\/v2\/posts\/6136","targetHints":{"allow":["GET"]}}],"collection":[{"href":"https:\/\/lydenim.com\/fr\/wp-json\/wp\/v2\/posts"}],"about":[{"href":"https:\/\/lydenim.com\/fr\/wp-json\/wp\/v2\/types\/post"}],"author":[{"embeddable":true,"href":"https:\/\/lydenim.com\/fr\/wp-json\/wp\/v2\/users\/1"}],"replies":[{"embeddable":true,"href":"https:\/\/lydenim.com\/fr\/wp-json\/wp\/v2\/comments?post=6136"}],"version-history":[{"count":2,"href":"https:\/\/lydenim.com\/fr\/wp-json\/wp\/v2\/posts\/6136\/revisions"}],"predecessor-version":[{"id":6400,"href":"https:\/\/lydenim.com\/fr\/wp-json\/wp\/v2\/posts\/6136\/revisions\/6400"}],"wp:featuredmedia":[{"embeddable":true,"href":"https:\/\/lydenim.com\/fr\/wp-json\/wp\/v2\/media\/6401"}],"wp:attachment":[{"href":"https:\/\/lydenim.com\/fr\/wp-json\/wp\/v2\/media?parent=6136"}],"wp:term":[{"taxonomy":"category","embeddable":true,"href":"https:\/\/lydenim.com\/fr\/wp-json\/wp\/v2\/categories?post=6136"},{"taxonomy":"post_tag","embeddable":true,"href":"https:\/\/lydenim.com\/fr\/wp-json\/wp\/v2\/tags?post=6136"}],"curies":[{"name":"wp","href":"https:\/\/api.w.org\/{rel}","templated":true}]}}