{"id":6224,"date":"2025-09-11T11:54:27","date_gmt":"2025-09-11T03:54:27","guid":{"rendered":"https:\/\/lydenim.com\/?p=6224"},"modified":"2025-09-11T11:54:27","modified_gmt":"2025-09-11T03:54:27","slug":"what-is-denim-a-complete-guide","status":"publish","type":"post","link":"https:\/\/lydenim.com\/fr\/quest-ce-que-le-denim-un-guide-complet\/","title":{"rendered":"Qu&#039;est-ce que le denim\u00a0: un guide complet"},"content":{"rendered":"<h3 dir=\"auto\" style=\"text-align: center;\">Table des mati\u00e8res<\/h3>\n<ol dir=\"auto\">\n<li style=\"text-align: center;\"><strong>Introduction au denim<\/strong><\/li>\n<li style=\"text-align: center;\"><strong>Origines et \u00e9volution du denim<\/strong><\/li>\n<li style=\"text-align: center;\"><strong>Mat\u00e9riaux et techniques de tissage<\/strong><\/li>\n<li style=\"text-align: center;\"><strong>Principaux types de denim<\/strong><\/li>\n<li style=\"text-align: center;\"><strong>Avantages et inconv\u00e9nients du denim<\/strong><\/li>\n<li style=\"text-align: center;\"><strong>Entretien et maintenance du denim<\/strong><\/li>\n<li style=\"text-align: center;\"><strong>Conseils de pr\u00e9vention et de r\u00e9tr\u00e9cissement du denim<\/strong><\/li>\n<li style=\"text-align: center;\"><strong>Conclusion<\/strong><\/li>\n<\/ol>\n<hr \/>\n<h3 dir=\"auto\">1. Introduction au denim<\/h3>\n<p dir=\"auto\"><strong>Denim<\/strong> est un robuste <strong>tissu en serg\u00e9 de coton<\/strong>, embl\u00e9matique pour son utilisation dans <strong>jeans<\/strong>. Tiss\u00e9 dans un <strong>Armure serg\u00e9e 3\/1<\/strong>, il comporte des fils de cha\u00eene teints \u00e0 l&#039;indigo sur des fils de trame non teints, cr\u00e9ant le classique <strong>contraste bleu et blanc<\/strong>. Cette structure fait que le denim <strong>s&#039;estomper naturellement<\/strong>, d\u00e9veloppant des motifs uniques dans les zones \u00e0 forte usure, rendant chaque pi\u00e8ce distincte.<\/p>\n<div id=\"attachment_6449\" style=\"width: 610px\" class=\"wp-caption aligncenter\"><img loading=\"lazy\" decoding=\"async\" aria-describedby=\"caption-attachment-6449\" class=\"wp-image-6449\" src=\"https:\/\/lydenim.com\/wp-content\/uploads\/2025\/08\/5dee0fd1422e7c39888f1a415f117dfd.jpg\" alt=\"\" width=\"600\" height=\"750\" srcset=\"https:\/\/lydenim.com\/wp-content\/uploads\/2025\/08\/5dee0fd1422e7c39888f1a415f117dfd.jpg 971w, https:\/\/lydenim.com\/wp-content\/uploads\/2025\/08\/5dee0fd1422e7c39888f1a415f117dfd-240x300.jpg 240w, https:\/\/lydenim.com\/wp-content\/uploads\/2025\/08\/5dee0fd1422e7c39888f1a415f117dfd-819x1024.jpg 819w, https:\/\/lydenim.com\/wp-content\/uploads\/2025\/08\/5dee0fd1422e7c39888f1a415f117dfd-768x960.jpg 768w, https:\/\/lydenim.com\/wp-content\/uploads\/2025\/08\/5dee0fd1422e7c39888f1a415f117dfd-10x12.jpg 10w, https:\/\/lydenim.com\/wp-content\/uploads\/2025\/08\/5dee0fd1422e7c39888f1a415f117dfd-600x750.jpg 600w, https:\/\/lydenim.com\/wp-content\/uploads\/2025\/08\/5dee0fd1422e7c39888f1a415f117dfd-150x188.jpg 150w\" sizes=\"auto, (max-width: 600px) 100vw, 600px\" \/><p id=\"caption-attachment-6449\" class=\"wp-caption-text\">Denim<\/p><\/div>\n<h3 dir=\"auto\">2. Origines et \u00e9volution du denim<\/h3>\n<p dir=\"auto\">Originaire des \u00c9tats-Unis du milieu du XIXe si\u00e8cle, <strong>denim<\/strong> a \u00e9t\u00e9 con\u00e7u pour <strong>v\u00eatements de travail<\/strong>, au service des mineurs et des ouvriers en raison de son <strong>durabilit\u00e9<\/strong>Au 20e si\u00e8cle, il est devenu une pierre angulaire de <strong>culture am\u00e9ricaine<\/strong>, popularis\u00e9 par l&#039;imagerie des cow-boys et Hollywood. Aujourd&#039;hui, <strong>denim<\/strong> transcende <strong>jeans<\/strong>, apparaissant sur des vestes, des jupes et des textiles de maison, symbolisant la r\u00e9bellion et le style. Pour en savoir plus, rendez-vous sur <a href=\"https:\/\/lydenim.com\/fr\/\" target=\"_blank\" rel=\"noopener noreferrer nofollow\">Le blog de LYDenim sur les tissus denim<\/a>.<\/p>\n<div id=\"attachment_6454\" style=\"width: 610px\" class=\"wp-caption aligncenter\"><img loading=\"lazy\" decoding=\"async\" aria-describedby=\"caption-attachment-6454\" class=\"wp-image-6454\" src=\"https:\/\/lydenim.com\/wp-content\/uploads\/2025\/08\/49d5ee553d79a7db5be505302f7bc359.jpg\" alt=\"\" width=\"600\" height=\"750\" srcset=\"https:\/\/lydenim.com\/wp-content\/uploads\/2025\/08\/49d5ee553d79a7db5be505302f7bc359.jpg 1167w, https:\/\/lydenim.com\/wp-content\/uploads\/2025\/08\/49d5ee553d79a7db5be505302f7bc359-240x300.jpg 240w, https:\/\/lydenim.com\/wp-content\/uploads\/2025\/08\/49d5ee553d79a7db5be505302f7bc359-819x1024.jpg 819w, https:\/\/lydenim.com\/wp-content\/uploads\/2025\/08\/49d5ee553d79a7db5be505302f7bc359-768x960.jpg 768w, https:\/\/lydenim.com\/wp-content\/uploads\/2025\/08\/49d5ee553d79a7db5be505302f7bc359-10x12.jpg 10w, https:\/\/lydenim.com\/wp-content\/uploads\/2025\/08\/49d5ee553d79a7db5be505302f7bc359-600x750.jpg 600w, https:\/\/lydenim.com\/wp-content\/uploads\/2025\/08\/49d5ee553d79a7db5be505302f7bc359-150x188.jpg 150w\" sizes=\"auto, (max-width: 600px) 100vw, 600px\" \/><p id=\"caption-attachment-6454\" class=\"wp-caption-text\">L&#039;\u00e9volution du denim<\/p><\/div>\n<h3 dir=\"auto\">3. Mat\u00e9riaux et techniques de tissage<\/h3>\n<p dir=\"auto\"><strong>Denim<\/strong> est principalement fabriqu\u00e9 \u00e0 partir de <strong>coton<\/strong>, offrant respirabilit\u00e9 et confort. Son <strong>structures tiss\u00e9es<\/strong> d\u00e9finir sa texture et son apparence. Selon <a href=\"https:\/\/lydenim.com\/fr\/comprendre-les-textures-de-surface-et-les-structures-de-tissage-du-tissu-denim-decodees\/\" target=\"_blank\" rel=\"noopener noreferrer nofollow\">Guide de tissage de LYDenim<\/a>, les types de cl\u00e9s incluent\u00a0:<\/p>\n<ul dir=\"auto\">\n<li><strong>Serg\u00e9 \u00e0 droite<\/strong>:Commun, avec des cr\u00eates diagonales ; semble rigide.\n<p><div id=\"attachment_6455\" style=\"width: 610px\" class=\"wp-caption aligncenter\"><img loading=\"lazy\" decoding=\"async\" aria-describedby=\"caption-attachment-6455\" class=\"wp-image-6455\" src=\"https:\/\/lydenim.com\/wp-content\/uploads\/2025\/08\/758825bff7d1ad935e374c53234bb6d8.jpg\" alt=\"\" width=\"600\" height=\"750\" srcset=\"https:\/\/lydenim.com\/wp-content\/uploads\/2025\/08\/758825bff7d1ad935e374c53234bb6d8.jpg 985w, https:\/\/lydenim.com\/wp-content\/uploads\/2025\/08\/758825bff7d1ad935e374c53234bb6d8-240x300.jpg 240w, https:\/\/lydenim.com\/wp-content\/uploads\/2025\/08\/758825bff7d1ad935e374c53234bb6d8-819x1024.jpg 819w, https:\/\/lydenim.com\/wp-content\/uploads\/2025\/08\/758825bff7d1ad935e374c53234bb6d8-768x960.jpg 768w, https:\/\/lydenim.com\/wp-content\/uploads\/2025\/08\/758825bff7d1ad935e374c53234bb6d8-10x12.jpg 10w, https:\/\/lydenim.com\/wp-content\/uploads\/2025\/08\/758825bff7d1ad935e374c53234bb6d8-600x750.jpg 600w, https:\/\/lydenim.com\/wp-content\/uploads\/2025\/08\/758825bff7d1ad935e374c53234bb6d8-150x187.jpg 150w\" sizes=\"auto, (max-width: 600px) 100vw, 600px\" \/><p id=\"caption-attachment-6455\" class=\"wp-caption-text\">Serg\u00e9 \u00e0 droite<\/p><\/div><\/li>\n<li><strong>Serg\u00e9 \u00e0 gauche<\/strong>:Plus doux, avec une d\u00e9coloration plus douce.\n<p><div id=\"attachment_6451\" style=\"width: 610px\" class=\"wp-caption aligncenter\"><img loading=\"lazy\" decoding=\"async\" aria-describedby=\"caption-attachment-6451\" class=\"wp-image-6451\" src=\"https:\/\/lydenim.com\/wp-content\/uploads\/2025\/08\/8bb17324b8ae85ede6f5c3fd8321ec36.jpg\" alt=\"\" width=\"600\" height=\"750\" srcset=\"https:\/\/lydenim.com\/wp-content\/uploads\/2025\/08\/8bb17324b8ae85ede6f5c3fd8321ec36.jpg 988w, https:\/\/lydenim.com\/wp-content\/uploads\/2025\/08\/8bb17324b8ae85ede6f5c3fd8321ec36-240x300.jpg 240w, https:\/\/lydenim.com\/wp-content\/uploads\/2025\/08\/8bb17324b8ae85ede6f5c3fd8321ec36-819x1024.jpg 819w, https:\/\/lydenim.com\/wp-content\/uploads\/2025\/08\/8bb17324b8ae85ede6f5c3fd8321ec36-768x960.jpg 768w, https:\/\/lydenim.com\/wp-content\/uploads\/2025\/08\/8bb17324b8ae85ede6f5c3fd8321ec36-10x12.jpg 10w, https:\/\/lydenim.com\/wp-content\/uploads\/2025\/08\/8bb17324b8ae85ede6f5c3fd8321ec36-600x750.jpg 600w, https:\/\/lydenim.com\/wp-content\/uploads\/2025\/08\/8bb17324b8ae85ede6f5c3fd8321ec36-150x188.jpg 150w\" sizes=\"auto, (max-width: 600px) 100vw, 600px\" \/><p id=\"caption-attachment-6451\" class=\"wp-caption-text\">Serg\u00e9 \u00e0 gauche<\/p><\/div><\/li>\n<li><strong>Serg\u00e9 bris\u00e9<\/strong>:Motif en zigzag, r\u00e9duisant la torsion du tissu.\n<p><div id=\"attachment_6458\" style=\"width: 610px\" class=\"wp-caption aligncenter\"><img loading=\"lazy\" decoding=\"async\" aria-describedby=\"caption-attachment-6458\" class=\"wp-image-6458\" src=\"https:\/\/lydenim.com\/wp-content\/uploads\/2025\/08\/de00e9009fa67cebcfe6880ee36461b7.jpg\" alt=\"\" width=\"600\" height=\"750\" srcset=\"https:\/\/lydenim.com\/wp-content\/uploads\/2025\/08\/de00e9009fa67cebcfe6880ee36461b7.jpg 830w, https:\/\/lydenim.com\/wp-content\/uploads\/2025\/08\/de00e9009fa67cebcfe6880ee36461b7-240x300.jpg 240w, https:\/\/lydenim.com\/wp-content\/uploads\/2025\/08\/de00e9009fa67cebcfe6880ee36461b7-820x1024.jpg 820w, https:\/\/lydenim.com\/wp-content\/uploads\/2025\/08\/de00e9009fa67cebcfe6880ee36461b7-768x960.jpg 768w, https:\/\/lydenim.com\/wp-content\/uploads\/2025\/08\/de00e9009fa67cebcfe6880ee36461b7-10x12.jpg 10w, https:\/\/lydenim.com\/wp-content\/uploads\/2025\/08\/de00e9009fa67cebcfe6880ee36461b7-600x750.jpg 600w, https:\/\/lydenim.com\/wp-content\/uploads\/2025\/08\/de00e9009fa67cebcfe6880ee36461b7-150x187.jpg 150w\" sizes=\"auto, (max-width: 600px) 100vw, 600px\" \/><p id=\"caption-attachment-6458\" class=\"wp-caption-text\">Serg\u00e9 bris\u00e9<\/p><\/div><\/li>\n<\/ul>\n<h3 dir=\"auto\">4. Principaux types de denim<\/h3>\n<p dir=\"auto\">Moderne <strong>denim<\/strong> varie pour r\u00e9pondre \u00e0 divers besoins :<\/p>\n<ul dir=\"auto\">\n<li><strong>Denim classique<\/strong>: Lourd, durable ; id\u00e9al pour <strong>jeans<\/strong> et des vestes.<\/li>\n<li><strong>Denim extensible<\/strong>: Coton m\u00e9lang\u00e9 \u00e0 de l&#039;\u00e9lasthanne pour plus de flexibilit\u00e9 ; utilis\u00e9 dans <strong>jeans skinny<\/strong>.\n<p><div id=\"attachment_5605\" style=\"width: 610px\" class=\"wp-caption aligncenter\"><img loading=\"lazy\" decoding=\"async\" aria-describedby=\"caption-attachment-5605\" class=\"size-full wp-image-5605\" src=\"https:\/\/lydenim.com\/wp-content\/uploads\/2025\/06\/Denim-Stretch-.jpg\" alt=\"\" width=\"600\" height=\"800\" srcset=\"https:\/\/lydenim.com\/wp-content\/uploads\/2025\/06\/Denim-Stretch-.jpg 600w, https:\/\/lydenim.com\/wp-content\/uploads\/2025\/06\/Denim-Stretch--225x300.jpg 225w, https:\/\/lydenim.com\/wp-content\/uploads\/2025\/06\/Denim-Stretch--9x12.jpg 9w, https:\/\/lydenim.com\/wp-content\/uploads\/2025\/06\/Denim-Stretch--150x200.jpg 150w\" sizes=\"auto, (max-width: 600px) 100vw, 600px\" \/><p id=\"caption-attachment-5605\" class=\"wp-caption-text\">Denim extensible<\/p><\/div><\/li>\n<li><strong>Chambray<\/strong>:L\u00e9ger, parfait pour les chemises et les v\u00eatements d&#039;\u00e9t\u00e9.\n<p><div id=\"attachment_5619\" style=\"width: 610px\" class=\"wp-caption aligncenter\"><img loading=\"lazy\" decoding=\"async\" aria-describedby=\"caption-attachment-5619\" class=\"wp-image-5619\" src=\"https:\/\/lydenim.com\/wp-content\/uploads\/2025\/06\/DM_20250628035851_001.jpg\" alt=\"\" width=\"600\" height=\"600\" srcset=\"https:\/\/lydenim.com\/wp-content\/uploads\/2025\/06\/DM_20250628035851_001.jpg 2133w, https:\/\/lydenim.com\/wp-content\/uploads\/2025\/06\/DM_20250628035851_001-300x300.jpg 300w, https:\/\/lydenim.com\/wp-content\/uploads\/2025\/06\/DM_20250628035851_001-1024x1024.jpg 1024w, https:\/\/lydenim.com\/wp-content\/uploads\/2025\/06\/DM_20250628035851_001-150x150.jpg 150w, https:\/\/lydenim.com\/wp-content\/uploads\/2025\/06\/DM_20250628035851_001-768x768.jpg 768w, https:\/\/lydenim.com\/wp-content\/uploads\/2025\/06\/DM_20250628035851_001-1536x1536.jpg 1536w, https:\/\/lydenim.com\/wp-content\/uploads\/2025\/06\/DM_20250628035851_001-2048x2048.jpg 2048w, https:\/\/lydenim.com\/wp-content\/uploads\/2025\/06\/DM_20250628035851_001-12x12.jpg 12w, https:\/\/lydenim.com\/wp-content\/uploads\/2025\/06\/DM_20250628035851_001-600x600.jpg 600w\" sizes=\"auto, (max-width: 600px) 100vw, 600px\" \/><p id=\"caption-attachment-5619\" class=\"wp-caption-text\">Chemise en chambray<\/p><\/div><\/li>\n<li><strong>Denim brut<\/strong>:Non lav\u00e9, rigide ; appr\u00e9ci\u00e9 pour ses <strong>d\u00e9coloration unique<\/strong> au fil du temps.\n<p><div id=\"attachment_6456\" style=\"width: 610px\" class=\"wp-caption aligncenter\"><img loading=\"lazy\" decoding=\"async\" aria-describedby=\"caption-attachment-6456\" class=\"wp-image-6456\" src=\"https:\/\/lydenim.com\/wp-content\/uploads\/2025\/08\/ac5847fe716e71f0df16b2e38405c99a.jpg\" alt=\"\" width=\"600\" height=\"750\" srcset=\"https:\/\/lydenim.com\/wp-content\/uploads\/2025\/08\/ac5847fe716e71f0df16b2e38405c99a.jpg 944w, https:\/\/lydenim.com\/wp-content\/uploads\/2025\/08\/ac5847fe716e71f0df16b2e38405c99a-240x300.jpg 240w, https:\/\/lydenim.com\/wp-content\/uploads\/2025\/08\/ac5847fe716e71f0df16b2e38405c99a-819x1024.jpg 819w, https:\/\/lydenim.com\/wp-content\/uploads\/2025\/08\/ac5847fe716e71f0df16b2e38405c99a-768x960.jpg 768w, https:\/\/lydenim.com\/wp-content\/uploads\/2025\/08\/ac5847fe716e71f0df16b2e38405c99a-10x12.jpg 10w, https:\/\/lydenim.com\/wp-content\/uploads\/2025\/08\/ac5847fe716e71f0df16b2e38405c99a-600x750.jpg 600w, https:\/\/lydenim.com\/wp-content\/uploads\/2025\/08\/ac5847fe716e71f0df16b2e38405c99a-150x188.jpg 150w\" sizes=\"auto, (max-width: 600px) 100vw, 600px\" \/><p id=\"caption-attachment-6456\" class=\"wp-caption-text\">Types de denim<\/p><\/div><\/li>\n<\/ul>\n<h3 dir=\"auto\">5. Avantages et inconv\u00e9nients du denim<\/h3>\n<p dir=\"auto\"><strong>Avantages<\/strong>:<\/p>\n<ul dir=\"auto\">\n<li><strong>Durabilit\u00e9<\/strong>:Le tissage serg\u00e9 assure la r\u00e9sistance.<\/li>\n<li><strong>Versatilit\u00e9<\/strong>:Convient aux styles d\u00e9contract\u00e9s et formels.<\/li>\n<li><strong>Vieillissement unique<\/strong>:Les fondus cr\u00e9ent des motifs personnalis\u00e9s.<\/li>\n<\/ul>\n<p dir=\"auto\"><strong>Inconv\u00e9nients<\/strong>:<\/p>\n<ul dir=\"auto\">\n<li><strong>R\u00e9tr\u00e9cissement<\/strong>: Le denim en coton peut r\u00e9tr\u00e9cir apr\u00e8s le lavage.<\/li>\n<li><strong>D\u00e9coloration<\/strong>:La teinture indigo d\u00e9teint facilement.<\/li>\n<li><strong>Poids<\/strong>:Le denim \u00e9pais peut \u00eatre inconfortable en cas de chaleur.<\/li>\n<\/ul>\n<p dir=\"auto\">Explorez-en davantage sur <a href=\"https:\/\/lydenim.com\/fr\/guide-des-avantages-et-des-inconvenients-des-tissus-courants\/\" target=\"_blank\" rel=\"noopener noreferrer nofollow\">Guide des avantages et des inconv\u00e9nients des tissus LYDenim<\/a>.<\/p>\n<div id=\"attachment_6452\" style=\"width: 610px\" class=\"wp-caption aligncenter\"><img loading=\"lazy\" decoding=\"async\" aria-describedby=\"caption-attachment-6452\" class=\"wp-image-6452\" src=\"https:\/\/lydenim.com\/wp-content\/uploads\/2025\/08\/09e0fc47fa479495e288ce5c281d9db6.jpg\" alt=\"\" width=\"600\" height=\"800\" srcset=\"https:\/\/lydenim.com\/wp-content\/uploads\/2025\/08\/09e0fc47fa479495e288ce5c281d9db6.jpg 1172w, https:\/\/lydenim.com\/wp-content\/uploads\/2025\/08\/09e0fc47fa479495e288ce5c281d9db6-225x300.jpg 225w, https:\/\/lydenim.com\/wp-content\/uploads\/2025\/08\/09e0fc47fa479495e288ce5c281d9db6-768x1024.jpg 768w, https:\/\/lydenim.com\/wp-content\/uploads\/2025\/08\/09e0fc47fa479495e288ce5c281d9db6-1152x1536.jpg 1152w, https:\/\/lydenim.com\/wp-content\/uploads\/2025\/08\/09e0fc47fa479495e288ce5c281d9db6-9x12.jpg 9w, https:\/\/lydenim.com\/wp-content\/uploads\/2025\/08\/09e0fc47fa479495e288ce5c281d9db6-600x800.jpg 600w, https:\/\/lydenim.com\/wp-content\/uploads\/2025\/08\/09e0fc47fa479495e288ce5c281d9db6-150x200.jpg 150w\" sizes=\"auto, (max-width: 600px) 100vw, 600px\" \/><p id=\"caption-attachment-6452\" class=\"wp-caption-text\">Avantages et inconv\u00e9nients du denim<\/p><\/div>\n<h3 dir=\"auto\">6. Entretien et maintenance du denim<\/h3>\n<p dir=\"auto\">Des soins appropri\u00e9s s&#039;\u00e9tendent <strong>denim<\/strong>Dur\u00e9e de vie de :<\/p>\n<ul dir=\"auto\">\n<li>Laver avec parcimonie pour conserver <strong>couleur<\/strong> et la structure.<\/li>\n<li>Utilisez de l&#039;eau froide (30\u00b0C\u201340\u00b0C) pour minimiser <strong>r\u00e9tr\u00e9cissement<\/strong>.<\/li>\n<li>Tourner <strong>jeans<\/strong> \u00e0 l&#039;envers pour r\u00e9duire la d\u00e9coloration.<\/li>\n<li>S\u00e9cher \u00e0 l&#039;air libre, en \u00e9vitant la lumi\u00e8re directe du soleil ou le s\u00e8che-linge.\n<p><div id=\"attachment_6459\" style=\"width: 610px\" class=\"wp-caption aligncenter\"><img loading=\"lazy\" decoding=\"async\" aria-describedby=\"caption-attachment-6459\" class=\"wp-image-6459\" src=\"https:\/\/lydenim.com\/wp-content\/uploads\/2025\/08\/\u725b\u4ed4\u517b\u62a4.jpg\" alt=\"\" width=\"600\" height=\"900\" srcset=\"https:\/\/lydenim.com\/wp-content\/uploads\/2025\/08\/\u725b\u4ed4\u517b\u62a4.jpg 683w, https:\/\/lydenim.com\/wp-content\/uploads\/2025\/08\/\u725b\u4ed4\u517b\u62a4-200x300.jpg 200w, https:\/\/lydenim.com\/wp-content\/uploads\/2025\/08\/\u725b\u4ed4\u517b\u62a4-8x12.jpg 8w, https:\/\/lydenim.com\/wp-content\/uploads\/2025\/08\/\u725b\u4ed4\u517b\u62a4-600x900.jpg 600w, https:\/\/lydenim.com\/wp-content\/uploads\/2025\/08\/\u725b\u4ed4\u517b\u62a4-150x225.jpg 150w\" sizes=\"auto, (max-width: 600px) 100vw, 600px\" \/><p id=\"caption-attachment-6459\" class=\"wp-caption-text\">Entretien et maintenance du denim<\/p><\/div><\/li>\n<\/ul>\n<h3 dir=\"auto\">7. Conseils de pr\u00e9vention et de r\u00e9tr\u00e9cissement du denim<\/h3>\n<p dir=\"auto\"><strong>Denim brut<\/strong> peut r\u00e9tr\u00e9cir <strong>5%\u201310%<\/strong> apr\u00e8s le lavage, par <a href=\"https:\/\/lydenim.com\/fr\/retrecissement-du-tissu-comment-leviter\/\" target=\"_blank\" rel=\"noopener noreferrer nofollow\">Guide de r\u00e9tr\u00e9cissement de LYDenim<\/a>Pour minimiser cela\u00a0:<\/p>\n<ul dir=\"auto\">\n<li>Optez pour <strong>denim sanforis\u00e9<\/strong> (pr\u00e9-r\u00e9tr\u00e9ci, sous r\u00e9tr\u00e9cissement 3%).<\/li>\n<li>Laver \u00e0 l&#039;eau froide en \u00e9vitant les cycles chauds.<\/li>\n<li>S\u00e9cher \u00e0 l&#039;air libre pour conserver la forme et la structure.<img loading=\"lazy\" decoding=\"async\" class=\"aligncenter wp-image-3779\" src=\"https:\/\/lydenim.com\/wp-content\/uploads\/2025\/02\/b5f7329023ab2999562048f6a3dbbb5f-e1741494133971.png\" alt=\"\" width=\"600\" height=\"802\" srcset=\"https:\/\/lydenim.com\/wp-content\/uploads\/2025\/02\/b5f7329023ab2999562048f6a3dbbb5f-e1741494133971.png 598w, https:\/\/lydenim.com\/wp-content\/uploads\/2025\/02\/b5f7329023ab2999562048f6a3dbbb5f-e1741494133971-225x300.png 225w, https:\/\/lydenim.com\/wp-content\/uploads\/2025\/02\/b5f7329023ab2999562048f6a3dbbb5f-e1741494133971-9x12.png 9w, https:\/\/lydenim.com\/wp-content\/uploads\/2025\/02\/b5f7329023ab2999562048f6a3dbbb5f-e1741494133971-150x200.png 150w\" sizes=\"auto, (max-width: 600px) 100vw, 600px\" \/><\/li>\n<\/ul>\n<h3 dir=\"auto\">8. Conclusion<\/h3>\n<p dir=\"auto\"><strong>Denim<\/strong> est intemporel <strong>tissu<\/strong>, \u00e9voluant \u00e0 partir de <strong>v\u00eatements de travail<\/strong> \u00e0 un incontournable de la mode mondiale. Comprendre son <strong>tissages<\/strong>, types, soins et <strong>solutions de retrait<\/strong> offre de meilleurs choix aux consommateurs et aux cr\u00e9ateurs. Approfondissez vos connaissances <strong>denim<\/strong> \u00e0 <a href=\"https:\/\/lydenim.com\/fr\/\" target=\"_blank\" rel=\"noopener noreferrer nofollow\">Le blog de LYDenim<\/a>.<\/p>","protected":false},"excerpt":{"rendered":"<p>Table des mati\u00e8res Introduction au denim Origines et \u00e9volution du denim Mat\u00e9riaux et techniques de tissage Principaux types de denim Avantages<\/p>","protected":false},"author":1,"featured_media":6460,"comment_status":"open","ping_status":"open","sticky":false,"template":"","format":"standard","meta":{"two_page_speed":[],"footnotes":""},"categories":[66],"tags":[],"class_list":["post-6224","post","type-post","status-publish","format-standard","has-post-thumbnail","hentry","category-denim-knowledge"],"aioseo_notices":[],"_links":{"self":[{"href":"https:\/\/lydenim.com\/fr\/wp-json\/wp\/v2\/posts\/6224","targetHints":{"allow":["GET"]}}],"collection":[{"href":"https:\/\/lydenim.com\/fr\/wp-json\/wp\/v2\/posts"}],"about":[{"href":"https:\/\/lydenim.com\/fr\/wp-json\/wp\/v2\/types\/post"}],"author":[{"embeddable":true,"href":"https:\/\/lydenim.com\/fr\/wp-json\/wp\/v2\/users\/1"}],"replies":[{"embeddable":true,"href":"https:\/\/lydenim.com\/fr\/wp-json\/wp\/v2\/comments?post=6224"}],"version-history":[{"count":3,"href":"https:\/\/lydenim.com\/fr\/wp-json\/wp\/v2\/posts\/6224\/revisions"}],"predecessor-version":[{"id":6537,"href":"https:\/\/lydenim.com\/fr\/wp-json\/wp\/v2\/posts\/6224\/revisions\/6537"}],"wp:featuredmedia":[{"embeddable":true,"href":"https:\/\/lydenim.com\/fr\/wp-json\/wp\/v2\/media\/6460"}],"wp:attachment":[{"href":"https:\/\/lydenim.com\/fr\/wp-json\/wp\/v2\/media?parent=6224"}],"wp:term":[{"taxonomy":"category","embeddable":true,"href":"https:\/\/lydenim.com\/fr\/wp-json\/wp\/v2\/categories?post=6224"},{"taxonomy":"post_tag","embeddable":true,"href":"https:\/\/lydenim.com\/fr\/wp-json\/wp\/v2\/tags?post=6224"}],"curies":[{"name":"wp","href":"https:\/\/api.w.org\/{rel}","templated":true}]}}