{"id":6407,"date":"2025-09-03T12:16:27","date_gmt":"2025-09-03T04:16:27","guid":{"rendered":"https:\/\/lydenim.com\/?p=6407"},"modified":"2025-09-03T12:16:27","modified_gmt":"2025-09-03T04:16:27","slug":"selvedge-denim-vs-regular-denim","status":"publish","type":"post","link":"https:\/\/lydenim.com\/fr\/denim-selvedge-vs-denim-classique\/","title":{"rendered":"Denim Selvedge vs Denim Regular"},"content":{"rendered":"<h2>Temps de lecture estim\u00e9 : ~6 minutes<\/h2>\n<h2 dir=\"ltr\" data-pm-slice=\"1 1 []\">Introduction<\/h2>\n<p dir=\"auto\">Le public se trompe souvent <strong>denim lisi\u00e8re<\/strong> pour <strong>denim r\u00e9gulier<\/strong> bien que ces deux tissus poss\u00e8dent des caract\u00e9ristiques de tissage distinctes. Le guide explore <strong>denim lisi\u00e8re<\/strong> contre <strong>denim r\u00e9gulier<\/strong> Gr\u00e2ce \u00e0 leurs proc\u00e9d\u00e9s de tissage, leurs finitions de bordure, leur durabilit\u00e9, leurs co\u00fbts et leurs diff\u00e9rences de style, les acheteurs de jeans et les amateurs de denim devraient lire ces informations pour choisir le jean adapt\u00e9 \u00e0 leurs besoins.<\/p>\n<div id=\"attachment_6474\" style=\"width: 610px\" class=\"wp-caption aligncenter\"><img loading=\"lazy\" decoding=\"async\" aria-describedby=\"caption-attachment-6474\" class=\"wp-image-6474\" src=\"https:\/\/lydenim.com\/wp-content\/uploads\/2025\/08\/e5424408606906371a860560432e6700.jpg\" alt=\"\" width=\"600\" height=\"750\" srcset=\"https:\/\/lydenim.com\/wp-content\/uploads\/2025\/08\/e5424408606906371a860560432e6700.jpg 1060w, https:\/\/lydenim.com\/wp-content\/uploads\/2025\/08\/e5424408606906371a860560432e6700-240x300.jpg 240w, https:\/\/lydenim.com\/wp-content\/uploads\/2025\/08\/e5424408606906371a860560432e6700-819x1024.jpg 819w, https:\/\/lydenim.com\/wp-content\/uploads\/2025\/08\/e5424408606906371a860560432e6700-768x960.jpg 768w, https:\/\/lydenim.com\/wp-content\/uploads\/2025\/08\/e5424408606906371a860560432e6700-10x12.jpg 10w, https:\/\/lydenim.com\/wp-content\/uploads\/2025\/08\/e5424408606906371a860560432e6700-600x750.jpg 600w, https:\/\/lydenim.com\/wp-content\/uploads\/2025\/08\/e5424408606906371a860560432e6700-150x188.jpg 150w\" sizes=\"auto, (max-width: 600px) 100vw, 600px\" \/><p id=\"caption-attachment-6474\" class=\"wp-caption-text\">denim lisi\u00e8re<\/p><\/div>\n<h2 dir=\"auto\">Qu&#039;est-ce que <strong>Denim Selvedge<\/strong>?<\/h2>\n<p dir=\"auto\"><strong>Denim lisi\u00e8re<\/strong> tire son nom du<strong> bord libre<\/strong> terme car il \u00e9merge du traditionnel <strong>m\u00e9tiers \u00e0 navette<\/strong>Le proc\u00e9d\u00e9 de fabrication de ces m\u00e9tiers \u00e0 tisser permet d&#039;obtenir de fines bandes de tissu (de 71 \u00e0 91 cm de large) aux bords herm\u00e9tiquement scell\u00e9s qui emp\u00eachent l&#039;effilochage. Une ligne rouge appara\u00eet sur le bord des jeans \u00e0 revers en denim selvedge, tandis que d&#039;autres couleurs comme l&#039;orange ou le bleu sont possibles. Ce proc\u00e9d\u00e9 de fabrication g\u00e9n\u00e8re un tissu plus \u00e9pais, aux textures organiques, appel\u00e9 <strong>slubs<\/strong>.<\/p>\n<div id=\"attachment_4338\" style=\"width: 610px\" class=\"wp-caption aligncenter\"><img loading=\"lazy\" decoding=\"async\" aria-describedby=\"caption-attachment-4338\" class=\"wp-image-4338\" src=\"https:\/\/lydenim.com\/wp-content\/uploads\/2025\/03\/slub.jpg\" alt=\"flamm\u00e9\" width=\"600\" height=\"401\" srcset=\"https:\/\/lydenim.com\/wp-content\/uploads\/2025\/03\/slub.jpg 1045w, https:\/\/lydenim.com\/wp-content\/uploads\/2025\/03\/slub-300x201.jpg 300w, https:\/\/lydenim.com\/wp-content\/uploads\/2025\/03\/slub-1024x685.jpg 1024w, https:\/\/lydenim.com\/wp-content\/uploads\/2025\/03\/slub-768x514.jpg 768w, https:\/\/lydenim.com\/wp-content\/uploads\/2025\/03\/slub-18x12.jpg 18w, https:\/\/lydenim.com\/wp-content\/uploads\/2025\/03\/slub-600x401.jpg 600w, https:\/\/lydenim.com\/wp-content\/uploads\/2025\/03\/slub-150x100.jpg 150w\" sizes=\"auto, (max-width: 600px) 100vw, 600px\" \/><p id=\"caption-attachment-4338\" class=\"wp-caption-text\">flamm\u00e9<\/p><\/div>\n<h2 dir=\"auto\">Qu&#039;est-ce que <strong>Denim r\u00e9gulier<\/strong>?<\/h2>\n<p dir=\"auto\"><strong>Denim r\u00e9gulier<\/strong> tire son nom du denim non-selvedge puisque sa production utilise des tissus modernes <strong>m\u00e9tiers \u00e0 tisser sans navette<\/strong> \u00c9galement appel\u00e9s m\u00e9tiers \u00e0 tisser \u00e0 projectile, ce proc\u00e9d\u00e9 de fabrication produit de grands rouleaux de tissu (152 \u00e0 190 cm) \u00e0 un rythme soutenu, pour une rentabilit\u00e9 optimale. Le denim classique n\u00e9cessite des points de surjet pour \u00e9viter que ses bords bruts ne s&#039;effilochent, car il ne poss\u00e8de pas les propri\u00e9t\u00e9s n\u00e9cessaires. <strong>bord autofini<\/strong> caract\u00e9ristique du denim selvedge.<img loading=\"lazy\" decoding=\"async\" class=\"aligncenter wp-image-2843\" src=\"https:\/\/lydenim.com\/wp-content\/uploads\/2025\/01\/DSC07921-scaled.jpg\" alt=\"\" width=\"600\" height=\"600\" srcset=\"https:\/\/lydenim.com\/wp-content\/uploads\/2025\/01\/DSC07921-scaled.jpg 2560w, https:\/\/lydenim.com\/wp-content\/uploads\/2025\/01\/DSC07921-300x300.jpg 300w, https:\/\/lydenim.com\/wp-content\/uploads\/2025\/01\/DSC07921-150x150.jpg 150w, https:\/\/lydenim.com\/wp-content\/uploads\/2025\/01\/DSC07921-scaled-600x600.jpg 600w, https:\/\/lydenim.com\/wp-content\/uploads\/2025\/01\/DSC07921-1024x1024.jpg 1024w, https:\/\/lydenim.com\/wp-content\/uploads\/2025\/01\/DSC07921-768x768.jpg 768w, https:\/\/lydenim.com\/wp-content\/uploads\/2025\/01\/DSC07921-1536x1536.jpg 1536w, https:\/\/lydenim.com\/wp-content\/uploads\/2025\/01\/DSC07921-2048x2048.jpg 2048w, https:\/\/lydenim.com\/wp-content\/uploads\/2025\/01\/DSC07921-12x12.jpg 12w\" sizes=\"auto, (max-width: 600px) 100vw, 600px\" \/><\/p>\n<h2 dir=\"auto\">Principales diff\u00e9rences entre <strong>Denim Selvedge<\/strong> et <strong>Denim r\u00e9gulier<\/strong><\/h2>\n<div dir=\"auto\">\n<div>\n<div><\/div>\n<\/div>\n<table dir=\"auto\" style=\"height: 285px;\" width=\"1048\" data-wide=\"false\">\n<thead>\n<tr>\n<th data-col-size=\"sm\">Fonctionnalit\u00e9<\/th>\n<th data-col-size=\"lg\"><strong>Denim Selvedge<\/strong><\/th>\n<th data-col-size=\"lg\"><strong>Denim r\u00e9gulier<\/strong><\/th>\n<\/tr>\n<\/thead>\n<tbody>\n<tr>\n<td data-col-size=\"sm\"><strong>M\u00e9thode de tissage<\/strong><\/td>\n<td data-col-size=\"lg\"><strong>M\u00e9tiers \u00e0 tisser \u00e0 navette<\/strong>, lent, \u00e9troit (28\u201336 pouces)<\/td>\n<td data-col-size=\"lg\"><strong>M\u00e9tiers \u00e0 tisser sans navette<\/strong>, rapide, large (60\u201375 pouces)<\/td>\n<\/tr>\n<tr>\n<td data-col-size=\"sm\"><strong>Finition des bords<\/strong><\/td>\n<td data-col-size=\"lg\"><strong>Auto-fini<\/strong>, ligne color\u00e9e<\/td>\n<td data-col-size=\"lg\">Bord brut, n\u00e9cessite <strong>couture surjet\u00e9e<\/strong><\/td>\n<\/tr>\n<tr>\n<td data-col-size=\"sm\"><strong>Largeur du tissu<\/strong><\/td>\n<td data-col-size=\"lg\">~28\u201336 pouces (90 cm)<\/td>\n<td data-col-size=\"lg\">~60\u201375 pouces (190 cm)<\/td>\n<\/tr>\n<tr>\n<td data-col-size=\"sm\"><strong>Efficacit\u00e9<\/strong><\/td>\n<td data-col-size=\"lg\">Faible, chronophage<\/td>\n<td data-col-size=\"lg\">\u00c9lev\u00e9 et rentable<\/td>\n<\/tr>\n<tr>\n<td data-col-size=\"sm\"><strong>Durabilit\u00e9<\/strong><\/td>\n<td data-col-size=\"lg\">Tissage serr\u00e9, souvent plus durable<\/td>\n<td data-col-size=\"lg\">Varie selon la qualit\u00e9 et le poids du fil<\/td>\n<\/tr>\n<tr>\n<td data-col-size=\"sm\"><strong>Look et style<\/strong><\/td>\n<td data-col-size=\"lg\">Ancien <strong>bord libre<\/strong> lorsqu&#039;il est menott\u00e9<\/td>\n<td data-col-size=\"lg\">Non <strong>bord libre<\/strong>, finitions polyvalentes<\/td>\n<\/tr>\n<tr>\n<td data-col-size=\"sm\"><strong>Gamme de prix<\/strong><\/td>\n<td data-col-size=\"lg\">Jean $120\u2013$400+<\/td>\n<td data-col-size=\"lg\">Jean $40\u2013$120<\/td>\n<\/tr>\n<tr>\n<td data-col-size=\"sm\"><strong>Public<\/strong><\/td>\n<td data-col-size=\"lg\">Passionn\u00e9s de denim, collectionneurs<\/td>\n<td data-col-size=\"lg\">Consommateurs grand public<\/td>\n<\/tr>\n<\/tbody>\n<\/table>\n<\/div>\n<h2 dir=\"auto\">Comparaison d\u00e9taill\u00e9e de <strong>Denim Selvedge<\/strong> contre <strong>Denim r\u00e9gulier<\/strong><\/h2>\n<h3 dir=\"auto\">1. <strong>M\u00e9thode de tissage<\/strong><\/h3>\n<ul dir=\"auto\">\n<li><strong>Denim Selvedge<\/strong>Le denim selvedge doit sa singularit\u00e9 \u00e0 des m\u00e9tiers \u00e0 navette vintage utilisant le syst\u00e8me de navettes \u00e0 fil de trame pour produire des tissus serr\u00e9s et \u00e9troits avec des finitions \u00e0 bords droits. Ce proc\u00e9d\u00e9 de fabrication \u00e0 vitesse r\u00e9duite produit une texture de tissu distinctive tout en g\u00e9n\u00e9rant des flamm\u00e9s naturels.\n<p><div id=\"attachment_6504\" style=\"width: 610px\" class=\"wp-caption aligncenter\"><img loading=\"lazy\" decoding=\"async\" aria-describedby=\"caption-attachment-6504\" class=\"wp-image-6504\" src=\"https:\/\/lydenim.com\/wp-content\/uploads\/2025\/08\/e3a17bbaf7341c9684f68cd87a920176.jpg\" alt=\"\" width=\"600\" height=\"750\" srcset=\"https:\/\/lydenim.com\/wp-content\/uploads\/2025\/08\/e3a17bbaf7341c9684f68cd87a920176.jpg 1094w, https:\/\/lydenim.com\/wp-content\/uploads\/2025\/08\/e3a17bbaf7341c9684f68cd87a920176-240x300.jpg 240w, https:\/\/lydenim.com\/wp-content\/uploads\/2025\/08\/e3a17bbaf7341c9684f68cd87a920176-819x1024.jpg 819w, https:\/\/lydenim.com\/wp-content\/uploads\/2025\/08\/e3a17bbaf7341c9684f68cd87a920176-768x960.jpg 768w, https:\/\/lydenim.com\/wp-content\/uploads\/2025\/08\/e3a17bbaf7341c9684f68cd87a920176-10x12.jpg 10w, https:\/\/lydenim.com\/wp-content\/uploads\/2025\/08\/e3a17bbaf7341c9684f68cd87a920176-600x750.jpg 600w, https:\/\/lydenim.com\/wp-content\/uploads\/2025\/08\/e3a17bbaf7341c9684f68cd87a920176-150x188.jpg 150w\" sizes=\"auto, (max-width: 600px) 100vw, 600px\" \/><p id=\"caption-attachment-6504\" class=\"wp-caption-text\">Tissage de lisi\u00e8re<\/p><\/div><\/li>\n<li><strong>Denim r\u00e9gulier<\/strong>Produit sur des m\u00e9tiers \u00e0 tisser modernes sans navette, qui tirent le fil de trame rapidement, cr\u00e9ant ainsi des rouleaux de tissu plus larges. Cette technique de fabrication permet une production rapide, mais cr\u00e9e des bords de tissu bruts n\u00e9cessitant une couture.<img loading=\"lazy\" decoding=\"async\" class=\"aligncenter wp-image-2495\" src=\"https:\/\/lydenim.com\/wp-content\/uploads\/2024\/12\/\u5e8f\u5217-Sequence-01.00_05_11_14.Still028-scaled.jpg\" alt=\"\" width=\"600\" height=\"338\" srcset=\"https:\/\/lydenim.com\/wp-content\/uploads\/2024\/12\/\u5e8f\u5217-Sequence-01.00_05_11_14.Still028-scaled.jpg 2560w, https:\/\/lydenim.com\/wp-content\/uploads\/2024\/12\/\u5e8f\u5217-Sequence-01.00_05_11_14.Still028-scaled-150x84.jpg 150w, https:\/\/lydenim.com\/wp-content\/uploads\/2024\/12\/\u5e8f\u5217-Sequence-01.00_05_11_14.Still028-scaled-600x338.jpg 600w, https:\/\/lydenim.com\/wp-content\/uploads\/2024\/12\/\u5e8f\u5217-Sequence-01.00_05_11_14.Still028-300x169.jpg 300w, https:\/\/lydenim.com\/wp-content\/uploads\/2024\/12\/\u5e8f\u5217-Sequence-01.00_05_11_14.Still028-1024x576.jpg 1024w, https:\/\/lydenim.com\/wp-content\/uploads\/2024\/12\/\u5e8f\u5217-Sequence-01.00_05_11_14.Still028-768x432.jpg 768w, https:\/\/lydenim.com\/wp-content\/uploads\/2024\/12\/\u5e8f\u5217-Sequence-01.00_05_11_14.Still028-1536x864.jpg 1536w, https:\/\/lydenim.com\/wp-content\/uploads\/2024\/12\/\u5e8f\u5217-Sequence-01.00_05_11_14.Still028-2048x1152.jpg 2048w, https:\/\/lydenim.com\/wp-content\/uploads\/2024\/12\/\u5e8f\u5217-Sequence-01.00_05_11_14.Still028-18x10.jpg 18w\" sizes=\"auto, (max-width: 600px) 100vw, 600px\" \/><\/li>\n<\/ul>\n<h3 dir=\"auto\">2. <strong>Finition des bords<\/strong><\/h3>\n<ul dir=\"auto\">\n<li><strong>Denim Selvedge<\/strong>: Dot\u00e9 d&#039;un bord fini avec une bande rouge visible lorsque le jean est retrouss\u00e9, ce bord conserve son int\u00e9grit\u00e9 sans couture suppl\u00e9mentaire gr\u00e2ce \u00e0 sa finition.\n<p><div id=\"attachment_6502\" style=\"width: 610px\" class=\"wp-caption aligncenter\"><img loading=\"lazy\" decoding=\"async\" aria-describedby=\"caption-attachment-6502\" class=\"wp-image-6502\" src=\"https:\/\/lydenim.com\/wp-content\/uploads\/2025\/08\/87404749a563b0c03a3f54394c4a0dd8.jpg\" alt=\"\" width=\"600\" height=\"750\" srcset=\"https:\/\/lydenim.com\/wp-content\/uploads\/2025\/08\/87404749a563b0c03a3f54394c4a0dd8.jpg 1215w, https:\/\/lydenim.com\/wp-content\/uploads\/2025\/08\/87404749a563b0c03a3f54394c4a0dd8-240x300.jpg 240w, https:\/\/lydenim.com\/wp-content\/uploads\/2025\/08\/87404749a563b0c03a3f54394c4a0dd8-819x1024.jpg 819w, https:\/\/lydenim.com\/wp-content\/uploads\/2025\/08\/87404749a563b0c03a3f54394c4a0dd8-768x960.jpg 768w, https:\/\/lydenim.com\/wp-content\/uploads\/2025\/08\/87404749a563b0c03a3f54394c4a0dd8-10x12.jpg 10w, https:\/\/lydenim.com\/wp-content\/uploads\/2025\/08\/87404749a563b0c03a3f54394c4a0dd8-600x750.jpg 600w, https:\/\/lydenim.com\/wp-content\/uploads\/2025\/08\/87404749a563b0c03a3f54394c4a0dd8-150x188.jpg 150w\" sizes=\"auto, (max-width: 600px) 100vw, 600px\" \/><p id=\"caption-attachment-6502\" class=\"wp-caption-text\">Finition des bords de lisi\u00e8re<\/p><\/div><\/li>\n<li><strong>Denim r\u00e9gulier<\/strong>:N\u00e9cessite une couture surjet\u00e9e pour emp\u00eacher ses bords coup\u00e9s bruts de s&#039;effilocher alors qu&#039;il n&#039;a pas la qualit\u00e9 attrayante du bord-c\u00f4te.<img loading=\"lazy\" decoding=\"async\" class=\"aligncenter wp-image-2748\" src=\"https:\/\/lydenim.com\/wp-content\/uploads\/2025\/01\/DSC07869-1-scaled.jpg\" alt=\"\" width=\"600\" height=\"600\" srcset=\"https:\/\/lydenim.com\/wp-content\/uploads\/2025\/01\/DSC07869-1-scaled.jpg 2560w, https:\/\/lydenim.com\/wp-content\/uploads\/2025\/01\/DSC07869-1-300x300.jpg 300w, https:\/\/lydenim.com\/wp-content\/uploads\/2025\/01\/DSC07869-1-150x150.jpg 150w, https:\/\/lydenim.com\/wp-content\/uploads\/2025\/01\/DSC07869-1-scaled-600x600.jpg 600w, https:\/\/lydenim.com\/wp-content\/uploads\/2025\/01\/DSC07869-1-1024x1024.jpg 1024w, https:\/\/lydenim.com\/wp-content\/uploads\/2025\/01\/DSC07869-1-768x768.jpg 768w, https:\/\/lydenim.com\/wp-content\/uploads\/2025\/01\/DSC07869-1-1536x1536.jpg 1536w, https:\/\/lydenim.com\/wp-content\/uploads\/2025\/01\/DSC07869-1-2048x2048.jpg 2048w, https:\/\/lydenim.com\/wp-content\/uploads\/2025\/01\/DSC07869-1-12x12.jpg 12w\" sizes=\"auto, (max-width: 600px) 100vw, 600px\" \/><\/li>\n<\/ul>\n<h3 dir=\"auto\">3. <strong>Largeur et perte du tissu<\/strong><\/h3>\n<ul dir=\"auto\">\n<li><strong>Denim Selvedge<\/strong>: les rouleaux atteignent 30 pouces de largeur car leurs bords auto-finis font partie de la d\u00e9coupe du mod\u00e8le lors de la production de jeans\n<p><div id=\"attachment_6497\" style=\"width: 610px\" class=\"wp-caption aligncenter\"><img loading=\"lazy\" decoding=\"async\" aria-describedby=\"caption-attachment-6497\" class=\"wp-image-6497\" src=\"https:\/\/lydenim.com\/wp-content\/uploads\/2025\/08\/25e8f49fe670a1f619fb7f6b55162563.jpg\" alt=\"\" width=\"600\" height=\"750\" srcset=\"https:\/\/lydenim.com\/wp-content\/uploads\/2025\/08\/25e8f49fe670a1f619fb7f6b55162563.jpg 1082w, https:\/\/lydenim.com\/wp-content\/uploads\/2025\/08\/25e8f49fe670a1f619fb7f6b55162563-240x300.jpg 240w, https:\/\/lydenim.com\/wp-content\/uploads\/2025\/08\/25e8f49fe670a1f619fb7f6b55162563-819x1024.jpg 819w, https:\/\/lydenim.com\/wp-content\/uploads\/2025\/08\/25e8f49fe670a1f619fb7f6b55162563-768x960.jpg 768w, https:\/\/lydenim.com\/wp-content\/uploads\/2025\/08\/25e8f49fe670a1f619fb7f6b55162563-10x12.jpg 10w, https:\/\/lydenim.com\/wp-content\/uploads\/2025\/08\/25e8f49fe670a1f619fb7f6b55162563-600x750.jpg 600w, https:\/\/lydenim.com\/wp-content\/uploads\/2025\/08\/25e8f49fe670a1f619fb7f6b55162563-150x188.jpg 150w\" sizes=\"auto, (max-width: 600px) 100vw, 600px\" \/><p id=\"caption-attachment-6497\" class=\"wp-caption-text\">Largeur de la lisi\u00e8re<\/p><\/div><\/li>\n<li><strong>Denim r\u00e9gulier<\/strong>: la production b\u00e9n\u00e9ficie de rouleaux larges de 60 \u00e0 75 pouces, mais ces rouleaux g\u00e9n\u00e8rent des d\u00e9chets suppl\u00e9mentaires lorsqu&#039;ils doivent \u00eatre coup\u00e9s.\n<p><div id=\"attachment_6505\" style=\"width: 610px\" class=\"wp-caption aligncenter\"><img loading=\"lazy\" decoding=\"async\" aria-describedby=\"caption-attachment-6505\" class=\"wp-image-6505\" src=\"https:\/\/lydenim.com\/wp-content\/uploads\/2025\/08\/\u666e\u901a\u7684\u95e8\u5e45.jpeg\" alt=\"\" width=\"600\" height=\"750\" srcset=\"https:\/\/lydenim.com\/wp-content\/uploads\/2025\/08\/\u666e\u901a\u7684\u95e8\u5e45.jpeg 1027w, https:\/\/lydenim.com\/wp-content\/uploads\/2025\/08\/\u666e\u901a\u7684\u95e8\u5e45-240x300.jpeg 240w, https:\/\/lydenim.com\/wp-content\/uploads\/2025\/08\/\u666e\u901a\u7684\u95e8\u5e45-819x1024.jpeg 819w, https:\/\/lydenim.com\/wp-content\/uploads\/2025\/08\/\u666e\u901a\u7684\u95e8\u5e45-768x960.jpeg 768w, https:\/\/lydenim.com\/wp-content\/uploads\/2025\/08\/\u666e\u901a\u7684\u95e8\u5e45-10x12.jpeg 10w, https:\/\/lydenim.com\/wp-content\/uploads\/2025\/08\/\u666e\u901a\u7684\u95e8\u5e45-600x750.jpeg 600w, https:\/\/lydenim.com\/wp-content\/uploads\/2025\/08\/\u666e\u901a\u7684\u95e8\u5e45-150x188.jpeg 150w\" sizes=\"auto, (max-width: 600px) 100vw, 600px\" \/><p id=\"caption-attachment-6505\" class=\"wp-caption-text\">Largeur de denim standard<\/p><\/div><\/li>\n<\/ul>\n<h3 dir=\"auto\">4. <strong>Qualit\u00e9 et durabilit\u00e9<\/strong><\/h3>\n<ul dir=\"auto\">\n<li><strong>Denim Selvedge<\/strong>:Utilise souvent des mat\u00e9riaux de haute qualit\u00e9 <strong>coton fil\u00e9 \u00e0 l&#039;anneau<\/strong> et une teinture experte, contribuant \u00e0 sa r\u00e9putation de durabilit\u00e9. <strong>denim lisi\u00e8re<\/strong> (12 \u00e0 21 oz) peut durer de 5 \u00e0 10 ans avec des soins appropri\u00e9s, d\u00e9veloppant des motifs de d\u00e9coloration uniques<\/li>\n<li><strong>Denim r\u00e9gulier<\/strong>: La durabilit\u00e9 d\u00e9pend de la qualit\u00e9 et du poids du fil, et non de la m\u00e9thode de tissage. Haute qualit\u00e9 <strong>denim r\u00e9gulier<\/strong> peut correspondre <strong>denim lisi\u00e8re<\/strong> en termes de r\u00e9sistance, mais les tissus plus l\u00e9gers peuvent s&#039;user plus rapidement\n<p><div id=\"attachment_6499\" style=\"width: 610px\" class=\"wp-caption aligncenter\"><img loading=\"lazy\" decoding=\"async\" aria-describedby=\"caption-attachment-6499\" class=\"wp-image-6499\" src=\"https:\/\/lydenim.com\/wp-content\/uploads\/2025\/08\/59d4084004479534273d33e5d5dd07ca.jpg\" alt=\"\" width=\"600\" height=\"375\" srcset=\"https:\/\/lydenim.com\/wp-content\/uploads\/2025\/08\/59d4084004479534273d33e5d5dd07ca.jpg 1726w, https:\/\/lydenim.com\/wp-content\/uploads\/2025\/08\/59d4084004479534273d33e5d5dd07ca-300x188.jpg 300w, https:\/\/lydenim.com\/wp-content\/uploads\/2025\/08\/59d4084004479534273d33e5d5dd07ca-1024x641.jpg 1024w, https:\/\/lydenim.com\/wp-content\/uploads\/2025\/08\/59d4084004479534273d33e5d5dd07ca-768x481.jpg 768w, https:\/\/lydenim.com\/wp-content\/uploads\/2025\/08\/59d4084004479534273d33e5d5dd07ca-1536x961.jpg 1536w, https:\/\/lydenim.com\/wp-content\/uploads\/2025\/08\/59d4084004479534273d33e5d5dd07ca-18x12.jpg 18w, https:\/\/lydenim.com\/wp-content\/uploads\/2025\/08\/59d4084004479534273d33e5d5dd07ca-600x375.jpg 600w, https:\/\/lydenim.com\/wp-content\/uploads\/2025\/08\/59d4084004479534273d33e5d5dd07ca-150x94.jpg 150w\" sizes=\"auto, (max-width: 600px) 100vw, 600px\" \/><p id=\"caption-attachment-6499\" class=\"wp-caption-text\">Comparaison de qualit\u00e9<\/p><\/div><\/li>\n<\/ul>\n<h3 dir=\"auto\">5. <strong>Co\u00fbt<\/strong><\/h3>\n<ul dir=\"auto\">\n<li><strong>Denim Selvedge<\/strong>:Plus cher en raison de la main-d&#039;\u0153uvre intensive <strong>m\u00e9tier \u00e0 tisser \u00e0 navette<\/strong> processus et petites s\u00e9ries. Les prix varient g\u00e9n\u00e9ralement de $120 \u00e0 $400+ (par exemple, <strong>C\u0153ur de fer<\/strong>: $300\u2013$450, <strong>Levi&#039;s Vintage Selvedge<\/strong>: $180\u2013$250).<\/li>\n<li><strong>Denim r\u00e9gulier<\/strong>: Produit en s\u00e9rie et rentable, avec des prix allant de $40 \u00e0 $120 (par exemple, <strong>Levi&#039;s 501 Regular<\/strong>: $50\u2013$100).\n<p><div id=\"attachment_6503\" style=\"width: 610px\" class=\"wp-caption aligncenter\"><img loading=\"lazy\" decoding=\"async\" aria-describedby=\"caption-attachment-6503\" class=\"wp-image-6503\" src=\"https:\/\/lydenim.com\/wp-content\/uploads\/2025\/08\/b4fe328a06112441e4f0eb21c103f6ce.jpg\" alt=\"\" width=\"600\" height=\"480\" srcset=\"https:\/\/lydenim.com\/wp-content\/uploads\/2025\/08\/b4fe328a06112441e4f0eb21c103f6ce.jpg 1996w, https:\/\/lydenim.com\/wp-content\/uploads\/2025\/08\/b4fe328a06112441e4f0eb21c103f6ce-300x240.jpg 300w, https:\/\/lydenim.com\/wp-content\/uploads\/2025\/08\/b4fe328a06112441e4f0eb21c103f6ce-1024x819.jpg 1024w, https:\/\/lydenim.com\/wp-content\/uploads\/2025\/08\/b4fe328a06112441e4f0eb21c103f6ce-768x614.jpg 768w, https:\/\/lydenim.com\/wp-content\/uploads\/2025\/08\/b4fe328a06112441e4f0eb21c103f6ce-1536x1229.jpg 1536w, https:\/\/lydenim.com\/wp-content\/uploads\/2025\/08\/b4fe328a06112441e4f0eb21c103f6ce-15x12.jpg 15w, https:\/\/lydenim.com\/wp-content\/uploads\/2025\/08\/b4fe328a06112441e4f0eb21c103f6ce-600x480.jpg 600w, https:\/\/lydenim.com\/wp-content\/uploads\/2025\/08\/b4fe328a06112441e4f0eb21c103f6ce-150x120.jpg 150w\" sizes=\"auto, (max-width: 600px) 100vw, 600px\" \/><p id=\"caption-attachment-6503\" class=\"wp-caption-text\">Qualit\u00e9 Co\u00fbt<\/p><\/div><\/li>\n<\/ul>\n<h3 dir=\"auto\">6. <strong>Style et esth\u00e9tique<\/strong><\/h3>\n<ul dir=\"auto\">\n<li><strong>Denim Selvedge<\/strong>:Prix\u00e9 pour son attrait patrimonial et <strong>bord autofini<\/strong>, qui ajoute une touche unique lorsqu&#039;il est retrouss\u00e9. Le tissage irr\u00e9gulier cr\u00e9e des d\u00e9tails personnalis\u00e9s. <strong>motifs de fondu<\/strong> au fil du temps, en particulier dans <strong>denim \u00e0 lisi\u00e8re brute<\/strong>.\n<p><div id=\"attachment_6496\" style=\"width: 610px\" class=\"wp-caption aligncenter\"><img loading=\"lazy\" decoding=\"async\" aria-describedby=\"caption-attachment-6496\" class=\"wp-image-6496\" src=\"https:\/\/lydenim.com\/wp-content\/uploads\/2025\/08\/23dbdb4caaeb937af46c7fa1f6196a12.jpg\" alt=\"\" width=\"600\" height=\"750\" srcset=\"https:\/\/lydenim.com\/wp-content\/uploads\/2025\/08\/23dbdb4caaeb937af46c7fa1f6196a12.jpg 1229w, https:\/\/lydenim.com\/wp-content\/uploads\/2025\/08\/23dbdb4caaeb937af46c7fa1f6196a12-240x300.jpg 240w, https:\/\/lydenim.com\/wp-content\/uploads\/2025\/08\/23dbdb4caaeb937af46c7fa1f6196a12-819x1024.jpg 819w, https:\/\/lydenim.com\/wp-content\/uploads\/2025\/08\/23dbdb4caaeb937af46c7fa1f6196a12-768x960.jpg 768w, https:\/\/lydenim.com\/wp-content\/uploads\/2025\/08\/23dbdb4caaeb937af46c7fa1f6196a12-10x12.jpg 10w, https:\/\/lydenim.com\/wp-content\/uploads\/2025\/08\/23dbdb4caaeb937af46c7fa1f6196a12-600x750.jpg 600w, https:\/\/lydenim.com\/wp-content\/uploads\/2025\/08\/23dbdb4caaeb937af46c7fa1f6196a12-150x187.jpg 150w\" sizes=\"auto, (max-width: 600px) 100vw, 600px\" \/><p id=\"caption-attachment-6496\" class=\"wp-caption-text\">Style lisi\u00e8re<\/p><\/div><\/li>\n<li><strong>Denim r\u00e9gulier<\/strong>: Offre une grande vari\u00e9t\u00e9 de coupes, de d\u00e9lavages et de finitions (par exemple, skinny, d\u00e9contract\u00e9, effet vieilli, stretch). Il manque <strong>bord libre<\/strong> mais est plus polyvalent pour les styles grand public.\n<p><div id=\"attachment_5971\" style=\"width: 610px\" class=\"wp-caption aligncenter\"><img loading=\"lazy\" decoding=\"async\" aria-describedby=\"caption-attachment-5971\" class=\"wp-image-5971\" src=\"https:\/\/lydenim.com\/wp-content\/uploads\/2025\/08\/7703-4\u7247-scaled.jpeg\" alt=\"\" width=\"600\" height=\"800\" srcset=\"https:\/\/lydenim.com\/wp-content\/uploads\/2025\/08\/7703-4\u7247-scaled.jpeg 1920w, https:\/\/lydenim.com\/wp-content\/uploads\/2025\/08\/7703-4\u7247-225x300.jpeg 225w, https:\/\/lydenim.com\/wp-content\/uploads\/2025\/08\/7703-4\u7247-768x1024.jpeg 768w, https:\/\/lydenim.com\/wp-content\/uploads\/2025\/08\/7703-4\u7247-1152x1536.jpeg 1152w, https:\/\/lydenim.com\/wp-content\/uploads\/2025\/08\/7703-4\u7247-1536x2048.jpeg 1536w, https:\/\/lydenim.com\/wp-content\/uploads\/2025\/08\/7703-4\u7247-9x12.jpeg 9w, https:\/\/lydenim.com\/wp-content\/uploads\/2025\/08\/7703-4\u7247-600x800.jpeg 600w, https:\/\/lydenim.com\/wp-content\/uploads\/2025\/08\/7703-4\u7247-150x200.jpeg 150w\" sizes=\"auto, (max-width: 600px) 100vw, 600px\" \/><p id=\"caption-attachment-5971\" class=\"wp-caption-text\">4-Harnais<\/p><\/div><\/li>\n<\/ul>\n<h3 dir=\"auto\">7. <strong>Denim brut vs denim selvedge\u00a0: dissiper les id\u00e9es re\u00e7ues<\/strong><\/h3>\n<ul dir=\"auto\">\n<li><strong>Denim brut<\/strong> fait r\u00e9f\u00e9rence au denim non lav\u00e9, qu&#039;il soit <strong>lisi\u00e8re<\/strong> ou <strong>sans lisi\u00e8re<\/strong>. <strong>Denim lisi\u00e8re<\/strong> d\u00e9crit la m\u00e9thode de tissage et la finition des bords. Vous pouvez <strong>denim \u00e0 lisi\u00e8re brute<\/strong>, <strong>denim selvedge lav\u00e9<\/strong>, <strong>denim brut r\u00e9gulier<\/strong>, ou <strong>denim r\u00e9gulier d\u00e9lav\u00e9<\/strong><\/li>\n<\/ul>\n<h2 dir=\"auto\">Avantages et inconv\u00e9nients de <strong>Denim Selvedge<\/strong> et <strong>Denim r\u00e9gulier<\/strong><\/h2>\n<h3 dir=\"auto\"><strong>Denim Selvedge<\/strong> Avantages<\/h3>\n<ul dir=\"auto\">\n<li><strong>Appel au patrimoine<\/strong>: Le <strong>bord autofini<\/strong> avec une ligne color\u00e9e est une marque de savoir-faire.<\/li>\n<li><strong>Tissage plus serr\u00e9<\/strong>: Produit un tissu plus dense et plus durable avec une <strong>motifs de fondu<\/strong>.<\/li>\n<li><strong>Valeur de collection<\/strong>:S\u00e9ries limit\u00e9es provenant d&#039;usines comme <strong>Kurabo<\/strong> ou <strong>Kuroki<\/strong> (Japon) sont tr\u00e8s recherch\u00e9s.<\/li>\n<li><strong>Longue dur\u00e9e de vie<\/strong>: Lourd <strong>denim lisi\u00e8re<\/strong> (14\u201321 oz) peut durer de 5 \u00e0 10 ans avec une belle d\u00e9coloration.<\/li>\n<\/ul>\n<h3 dir=\"auto\"><strong>Denim Selvedge<\/strong> Inconv\u00e9nients<\/h3>\n<ul dir=\"auto\">\n<li><strong>Cher<\/strong>: Souvent 2 \u00e0 4 fois le co\u00fbt de <strong>denim r\u00e9gulier<\/strong>.<\/li>\n<li><strong>Rigide au d\u00e9but<\/strong>:N\u00e9cessite une p\u00e9riode de rodage pour plus de confort.<\/li>\n<li><strong>Styles limit\u00e9s<\/strong>:La largeur \u00e9troite du tissu limite les mod\u00e8les aux coupes classiques ou droites.\n<p><div id=\"attachment_6465\" style=\"width: 610px\" class=\"wp-caption aligncenter\"><img loading=\"lazy\" decoding=\"async\" aria-describedby=\"caption-attachment-6465\" class=\"wp-image-6465\" src=\"https:\/\/lydenim.com\/wp-content\/uploads\/2025\/08\/9cb7da4da0a8234f10a97c55471aa21e.jpg\" alt=\"\" width=\"600\" height=\"414\" srcset=\"https:\/\/lydenim.com\/wp-content\/uploads\/2025\/08\/9cb7da4da0a8234f10a97c55471aa21e.jpg 1567w, https:\/\/lydenim.com\/wp-content\/uploads\/2025\/08\/9cb7da4da0a8234f10a97c55471aa21e-300x207.jpg 300w, https:\/\/lydenim.com\/wp-content\/uploads\/2025\/08\/9cb7da4da0a8234f10a97c55471aa21e-1024x706.jpg 1024w, https:\/\/lydenim.com\/wp-content\/uploads\/2025\/08\/9cb7da4da0a8234f10a97c55471aa21e-768x529.jpg 768w, https:\/\/lydenim.com\/wp-content\/uploads\/2025\/08\/9cb7da4da0a8234f10a97c55471aa21e-1536x1059.jpg 1536w, https:\/\/lydenim.com\/wp-content\/uploads\/2025\/08\/9cb7da4da0a8234f10a97c55471aa21e-18x12.jpg 18w, https:\/\/lydenim.com\/wp-content\/uploads\/2025\/08\/9cb7da4da0a8234f10a97c55471aa21e-600x414.jpg 600w, https:\/\/lydenim.com\/wp-content\/uploads\/2025\/08\/9cb7da4da0a8234f10a97c55471aa21e-150x103.jpg 150w\" sizes=\"auto, (max-width: 600px) 100vw, 600px\" \/><p id=\"caption-attachment-6465\" class=\"wp-caption-text\">Jeans Selvedge<\/p><\/div><\/li>\n<\/ul>\n<h3 dir=\"auto\"><strong>Denim r\u00e9gulier<\/strong> Avantages<\/h3>\n<ul dir=\"auto\">\n<li><strong>Abordable<\/strong>:Largement disponible \u00e0 $40\u2013$100.<\/li>\n<li><strong>Polyvalent<\/strong>: Offre diff\u00e9rentes coupes, lavages et options d&#039;\u00e9tirement pour plus de confort.<\/li>\n<li><strong>Options \u00e9cologiques<\/strong>:De nombreuses usines utilisent un lavage durable et une finition au laser.<\/li>\n<li><strong>Confortable<\/strong>:Le denim extensible avec \u00e9lasthanne est courant dans <strong>denim r\u00e9gulier<\/strong>.<\/li>\n<\/ul>\n<h3 dir=\"auto\"><strong>Denim r\u00e9gulier<\/strong> Inconv\u00e9nients<\/h3>\n<ul dir=\"auto\">\n<li><strong>Manque d&#039;unicit\u00e9<\/strong>: Non <strong>bord autofini<\/strong> ou un attrait patrimonial.<\/li>\n<li><strong>Caract\u00e8re moins fondu<\/strong>:Les finitions pr\u00e9lav\u00e9es n&#039;ont pas les d\u00e9colorations personnalis\u00e9es des <strong>denim brut<\/strong>.<\/li>\n<li><strong>Durabilit\u00e9 variable<\/strong>:Les tissus plus l\u00e9gers peuvent s&#039;user plus rapidement.\n<p><div id=\"attachment_5804\" style=\"width: 610px\" class=\"wp-caption aligncenter\"><img loading=\"lazy\" decoding=\"async\" aria-describedby=\"caption-attachment-5804\" class=\"wp-image-5804\" src=\"https:\/\/lydenim.com\/wp-content\/uploads\/2025\/07\/f01864cc5302883c5a45a74acd0ca308.jpg\" alt=\"\" width=\"600\" height=\"355\" srcset=\"https:\/\/lydenim.com\/wp-content\/uploads\/2025\/07\/f01864cc5302883c5a45a74acd0ca308.jpg 1823w, https:\/\/lydenim.com\/wp-content\/uploads\/2025\/07\/f01864cc5302883c5a45a74acd0ca308-300x178.jpg 300w, https:\/\/lydenim.com\/wp-content\/uploads\/2025\/07\/f01864cc5302883c5a45a74acd0ca308-1024x607.jpg 1024w, https:\/\/lydenim.com\/wp-content\/uploads\/2025\/07\/f01864cc5302883c5a45a74acd0ca308-768x455.jpg 768w, https:\/\/lydenim.com\/wp-content\/uploads\/2025\/07\/f01864cc5302883c5a45a74acd0ca308-1536x910.jpg 1536w, https:\/\/lydenim.com\/wp-content\/uploads\/2025\/07\/f01864cc5302883c5a45a74acd0ca308-18x12.jpg 18w, https:\/\/lydenim.com\/wp-content\/uploads\/2025\/07\/f01864cc5302883c5a45a74acd0ca308-600x355.jpg 600w, https:\/\/lydenim.com\/wp-content\/uploads\/2025\/07\/f01864cc5302883c5a45a74acd0ca308-150x89.jpg 150w\" sizes=\"auto, (max-width: 600px) 100vw, 600px\" \/><p id=\"caption-attachment-5804\" class=\"wp-caption-text\">Jean droit<\/p><\/div><\/li>\n<\/ul>\n<h2 dir=\"auto\">Qui devrait choisir <strong>Denim Selvedge<\/strong> contre <strong>Denim r\u00e9gulier<\/strong>?<\/h2>\n<ul dir=\"auto\">\n<li><strong>Choisissez le denim Selvedge<\/strong> si tu:\n<ul dir=\"auto\">\n<li>Valoriser l&#039;artisanat et le patrimoine.<\/li>\n<li>Vous voulez des jeans durables avec un look unique <strong>motifs de fondu<\/strong>.<\/li>\n<li>\u00cates-vous pr\u00eat \u00e0 investir dans du denim haut de gamme ($120\u2013$400+).<\/li>\n<li>Profitez de styles classiques ou droits.<\/li>\n<\/ul>\n<\/li>\n<li><strong>Choisissez un denim r\u00e9gulier<\/strong> si tu:\n<ul dir=\"auto\">\n<li>Donner la priorit\u00e9 \u00e0 l\u2019accessibilit\u00e9 ($40\u2013$120).<\/li>\n<li>Pr\u00e9f\u00e9rez une vari\u00e9t\u00e9 d\u2019ajustements, de lavages et d\u2019options extensibles.<\/li>\n<li>Vous souhaitez un jean confortable sans p\u00e9riode d&#039;adaptation.<\/li>\n<li>Besoin de styles polyvalents \u00e0 porter au quotidien.<\/li>\n<\/ul>\n<\/li>\n<\/ul>\n<h2 dir=\"auto\">Prix et informations sur les consommateurs<\/h2>\n<ul dir=\"auto\">\n<li><strong>Denim Selvedge<\/strong>: Produit dans de petites usines (Japon, Italie, \u00c9tats-Unis, par exemple), il s&#039;adresse aux amateurs et collectionneurs de denim. Les prix varient de $120 \u00e0 $400+ (par exemple, <strong>C\u0153ur de fer<\/strong>: $300\u2013$450, <strong>Levi&#039;s Vintage Selvedge<\/strong>: $180\u2013$250).<\/li>\n<li><strong>Denim r\u00e9gulier<\/strong>: Produit en s\u00e9rie \u00e0 l&#039;\u00e9chelle mondiale pour le grand public. Les prix varient de $40 \u00e0 $120 (par exemple, <strong>Levi&#039;s 501 Regular<\/strong>: $50\u2013$100).<\/li>\n<\/ul>\n<h2 dir=\"auto\">Lectures compl\u00e9mentaires<\/h2>\n<p dir=\"auto\">Pour plus d\u2019informations, explorez ces ressources\u00a0:<\/p>\n<ul dir=\"auto\">\n<li><a href=\"https:\/\/lydenim.com\/fr\/\" target=\"_blank\" rel=\"noopener noreferrer nofollow\">Guide LY Denim sur le denim brut et selvedge<\/a><\/li>\n<li><a href=\"https:\/\/lydenim.com\/fr\/comprendre-les-textures-de-surface-et-les-structures-de-tissage-du-tissu-denim-decodees\/\" target=\"_blank\" rel=\"noopener noreferrer nofollow\">Styles et textures de denim de LY Denim<\/a><\/li>\n<li><a href=\"https:\/\/www.levi.com\" target=\"_blank\" rel=\"noopener noreferrer nofollow\">Guide Levi&#039;s du denim Selvedge<\/a><\/li>\n<li><a href=\"https:\/\/www.denimhunters.com\" target=\"_blank\" rel=\"noopener noreferrer nofollow\">Aper\u00e7u du denim Selvedge de Denimhunters<\/a><\/li>\n<\/ul>\n<h2 dir=\"auto\">Conclusion<\/h2>\n<p dir=\"auto\">Le <strong>denim lisi\u00e8re<\/strong> contre <strong>denim r\u00e9gulier<\/strong> le d\u00e9bat d\u00e9pend de vos priorit\u00e9s. <strong>Denim lisi\u00e8re<\/strong> offre un <strong>bord autofini<\/strong>, un savoir-faire haut de gamme et une d\u00e9coloration unique, id\u00e9al pour les passionn\u00e9s pr\u00eats \u00e0 payer un prix plus \u00e9lev\u00e9. <strong>Denim r\u00e9gulier<\/strong> Abordable, polyvalent et confortable, il est parfait au quotidien. Aucun n&#039;est intrins\u00e8quement \u00ab\u00a0meilleur\u00a0\u00bb, mais chacun r\u00e9pond \u00e0 des besoins diff\u00e9rents. Choisissez <strong>denim lisi\u00e8re<\/strong> pour le patrimoine et la durabilit\u00e9, ou <strong>denim r\u00e9gulier<\/strong> pour la praticit\u00e9 et la vari\u00e9t\u00e9.<\/p>\n<h2 dir=\"ltr\" data-pm-slice=\"1 1 []\">Services de personnalisation par LYDENIM<\/h2>\n<p dir=\"ltr\">Vous r\u00eavez d&#039;un denim selvedge haut de gamme avec une finition rouge distinctive\u00a0? LYDENIM est sp\u00e9cialis\u00e9 dans la confection de tissus et de v\u00eatements en denim sur mesure, donnant vie \u00e0 votre vision unique avec une qualit\u00e9 et un confort in\u00e9gal\u00e9s.<\/p>\n<p dir=\"ltr\">\ud83c\udfa8 <strong>Tissus de lisi\u00e8re personnalis\u00e9s<\/strong><br \/>\nCr\u00e9ez votre propre denim selvedge avec notre collection selvedge premium. Choisissez parmi une gamme de couleurs vives, de motifs complexes et de textures luxueuses, adapt\u00e9es \u00e0 votre style. D\u00e9couvrez nos offres sur <a href=\"https:\/\/lydenim.com\/fr\/?s=Selvedge&amp;post_type=product\">lydenim.com<\/a><\/p>\n<p dir=\"ltr\">\ud83d\udecd\ufe0f <strong>V\u00eatements en denim sur mesure<\/strong><br \/>\nCr\u00e9ez des pi\u00e8ces exceptionnelles avec notre denim selvedge signature, reconnu pour son confort et sa durabilit\u00e9 exceptionnels. Du jean ajust\u00e9 \u00e0 la veste \u00e9l\u00e9gante, personnalisez votre coupe, votre couleur et votre style sur <a href=\"https:\/\/liangyuantextile.m.en.alibaba.com\/search\/product?SearchText=selvedge\">Myalibaba<\/a>.<\/p>\n<p dir=\"ltr\">\ud83d\udce9 <strong>Entrer en contact<\/strong><br \/>\nVous avez une id\u00e9e du denim selvedge id\u00e9al\u00a0? Contactez notre \u00e9quipe au <a href=\"mailto:malone@lydenim.com\">malone@lydenim.com<\/a> pour discuter de mod\u00e8les de tissage personnalis\u00e9s, de m\u00e9langes \u00e9cologiques ou de toute autre id\u00e9e.<\/p>\n<p dir=\"ltr\">Transformez vos id\u00e9es en r\u00e9alit\u00e9 avec LYDENIM, votre partenaire de confiance pour des solutions denim \u00e0 bords rouges innovantes, confortables et personnalis\u00e9es.<\/p>","protected":false},"excerpt":{"rendered":"<p>Temps de lecture estim\u00e9 : ~6 minutes Introduction Le public confond souvent le denim selvedge avec le denim ordinaire, bien que ces deux tissus poss\u00e8dent<\/p>","protected":false},"author":1,"featured_media":6507,"comment_status":"open","ping_status":"open","sticky":false,"template":"","format":"standard","meta":{"two_page_speed":[],"footnotes":""},"categories":[76],"tags":[],"class_list":["post-6407","post","type-post","status-publish","format-standard","has-post-thumbnail","hentry","category-garment"],"aioseo_notices":[],"_links":{"self":[{"href":"https:\/\/lydenim.com\/fr\/wp-json\/wp\/v2\/posts\/6407","targetHints":{"allow":["GET"]}}],"collection":[{"href":"https:\/\/lydenim.com\/fr\/wp-json\/wp\/v2\/posts"}],"about":[{"href":"https:\/\/lydenim.com\/fr\/wp-json\/wp\/v2\/types\/post"}],"author":[{"embeddable":true,"href":"https:\/\/lydenim.com\/fr\/wp-json\/wp\/v2\/users\/1"}],"replies":[{"embeddable":true,"href":"https:\/\/lydenim.com\/fr\/wp-json\/wp\/v2\/comments?post=6407"}],"version-history":[{"count":4,"href":"https:\/\/lydenim.com\/fr\/wp-json\/wp\/v2\/posts\/6407\/revisions"}],"predecessor-version":[{"id":6506,"href":"https:\/\/lydenim.com\/fr\/wp-json\/wp\/v2\/posts\/6407\/revisions\/6506"}],"wp:featuredmedia":[{"embeddable":true,"href":"https:\/\/lydenim.com\/fr\/wp-json\/wp\/v2\/media\/6507"}],"wp:attachment":[{"href":"https:\/\/lydenim.com\/fr\/wp-json\/wp\/v2\/media?parent=6407"}],"wp:term":[{"taxonomy":"category","embeddable":true,"href":"https:\/\/lydenim.com\/fr\/wp-json\/wp\/v2\/categories?post=6407"},{"taxonomy":"post_tag","embeddable":true,"href":"https:\/\/lydenim.com\/fr\/wp-json\/wp\/v2\/tags?post=6407"}],"curies":[{"name":"wp","href":"https:\/\/api.w.org\/{rel}","templated":true}]}}