{"id":6560,"date":"2025-10-04T13:42:36","date_gmt":"2025-10-04T05:42:36","guid":{"rendered":"https:\/\/lydenim.com\/?p=6560"},"modified":"2025-10-08T17:50:47","modified_gmt":"2025-10-08T09:50:47","slug":"colored-denim-clothing-vibrant-trends-and-styling","status":"publish","type":"post","link":"https:\/\/lydenim.com\/fr\/vetements-en-denim-colores-tendances-et-styles-vibrants\/","title":{"rendered":"V\u00eatements en denim color\u00e9\u00a0: tendances et styles dynamiques"},"content":{"rendered":"<h2>Temps de lecture estim\u00e9 : ~3 minutes<\/h2>\n<p>La mode moderne a \u00e9volu\u00e9 \u00e0 travers <strong>v\u00eatements en denim color\u00e9s<\/strong>, qui propose une large gamme de couleurs vibrantes permettant \u00e0 chacun d&#039;exprimer son individualit\u00e9 et son style personnel. L&#039;association de mat\u00e9riaux r\u00e9sistants et de multiples options de style <strong>jeans en denim color\u00e9s<\/strong>, jupes et vestes, ces pi\u00e8ces s&#039;adaptent aux tenues du quotidien comme aux tenues professionnelles d\u00e9contract\u00e9es. Ce guide examine l&#039;\u00e9volution historique de <strong>v\u00eatements en denim color\u00e9s<\/strong>, ses diff\u00e9rents types et m\u00e9thodes de style tout en montrant comment LY Denim permet aux clients de personnaliser des tissus durables en fonction des tendances du march\u00e9 et des connaissances de l&#039;industrie de la mode.<\/p>\n<div id=\"attachment_6650\" style=\"width: 610px\" class=\"wp-caption aligncenter\"><a href=\"https:\/\/lydenim.com\/fr\/?s=color&amp;post_type=product\"><img loading=\"lazy\" decoding=\"async\" aria-describedby=\"caption-attachment-6650\" class=\"wp-image-6650\" src=\"https:\/\/lydenim.com\/wp-content\/uploads\/2025\/09\/c2d90fba6f841b8dba3230a9f6e0f68d-2.jpg\" alt=\"\" width=\"600\" height=\"750\" srcset=\"https:\/\/lydenim.com\/wp-content\/uploads\/2025\/09\/c2d90fba6f841b8dba3230a9f6e0f68d-2.jpg 878w, https:\/\/lydenim.com\/wp-content\/uploads\/2025\/09\/c2d90fba6f841b8dba3230a9f6e0f68d-2-240x300.jpg 240w, https:\/\/lydenim.com\/wp-content\/uploads\/2025\/09\/c2d90fba6f841b8dba3230a9f6e0f68d-2-819x1024.jpg 819w, https:\/\/lydenim.com\/wp-content\/uploads\/2025\/09\/c2d90fba6f841b8dba3230a9f6e0f68d-2-768x960.jpg 768w, https:\/\/lydenim.com\/wp-content\/uploads\/2025\/09\/c2d90fba6f841b8dba3230a9f6e0f68d-2-10x12.jpg 10w, https:\/\/lydenim.com\/wp-content\/uploads\/2025\/09\/c2d90fba6f841b8dba3230a9f6e0f68d-2-600x750.jpg 600w, https:\/\/lydenim.com\/wp-content\/uploads\/2025\/09\/c2d90fba6f841b8dba3230a9f6e0f68d-2-150x188.jpg 150w\" sizes=\"auto, (max-width: 600px) 100vw, 600px\" \/><\/a><p id=\"caption-attachment-6650\" class=\"wp-caption-text\">denim color\u00e9<\/p><\/div>\n<h2>Histoire de <strong>V\u00eatements en denim color\u00e9s<\/strong><\/h2>\n<p>Les origines de <strong>v\u00eatements en denim color\u00e9s<\/strong> L&#039;invention du \u00ab serg\u00e9 de N\u00eemes \u00bb a d\u00e9but\u00e9 au XVIIe si\u00e8cle en France, o\u00f9 il servait de v\u00eatement de travail r\u00e9sistant. Au d\u00e9but du XXe si\u00e8cle, le denim kaki et marron a \u00e9t\u00e9 introduit dans les uniformes militaires. <strong>Denim de couleur noire<\/strong> Le denim est devenu populaire aupr\u00e8s des jeunes dans les ann\u00e9es 1950 gr\u00e2ce \u00e0 son adoption par les c\u00e9l\u00e8bres acteurs Marlon Brando et James Dean. Le mouvement punk des ann\u00e9es 1970 a introduit de nouvelles couleurs dans la mode avec l&#039;utilisation de nuances de rouge, de vert et de violet. L&#039;industrie de la mode propose aujourd&#039;hui plus de 18 couleurs vives pour les articles en denim, dont le <strong>jeans en denim color\u00e9s<\/strong>, jupes et vestes, qui permettent aux gens de s&#039;exprimer \u00e0 travers les v\u00eatements.<\/p>\n<div id=\"attachment_6649\" style=\"width: 610px\" class=\"wp-caption aligncenter\"><img loading=\"lazy\" decoding=\"async\" aria-describedby=\"caption-attachment-6649\" class=\"wp-image-6649\" src=\"https:\/\/lydenim.com\/wp-content\/uploads\/2025\/09\/b0d1e2696db8807a012c30221803a881-2.jpg\" alt=\"\" width=\"600\" height=\"750\" srcset=\"https:\/\/lydenim.com\/wp-content\/uploads\/2025\/09\/b0d1e2696db8807a012c30221803a881-2.jpg 1228w, https:\/\/lydenim.com\/wp-content\/uploads\/2025\/09\/b0d1e2696db8807a012c30221803a881-2-240x300.jpg 240w, https:\/\/lydenim.com\/wp-content\/uploads\/2025\/09\/b0d1e2696db8807a012c30221803a881-2-819x1024.jpg 819w, https:\/\/lydenim.com\/wp-content\/uploads\/2025\/09\/b0d1e2696db8807a012c30221803a881-2-768x960.jpg 768w, https:\/\/lydenim.com\/wp-content\/uploads\/2025\/09\/b0d1e2696db8807a012c30221803a881-2-10x12.jpg 10w, https:\/\/lydenim.com\/wp-content\/uploads\/2025\/09\/b0d1e2696db8807a012c30221803a881-2-600x750.jpg 600w, https:\/\/lydenim.com\/wp-content\/uploads\/2025\/09\/b0d1e2696db8807a012c30221803a881-2-150x188.jpg 150w\" sizes=\"auto, (max-width: 600px) 100vw, 600px\" \/><p id=\"caption-attachment-6649\" class=\"wp-caption-text\">Histoire des v\u00eatements en denim color\u00e9<\/p><\/div>\n<h2>Types de <strong>V\u00eatements en denim color\u00e9s<\/strong><\/h2>\n<p>Le <strong>v\u00eatements en denim color\u00e9s<\/strong> la collection comprend plusieurs mod\u00e8les qui combinent des \u00e9l\u00e9ments de confort avec des choix de style individuels :<\/p>\n<ul>\n<li><strong>Jean en denim color\u00e9<\/strong>Trois coloris principaux sont propos\u00e9s\u00a0: rouge pour un look affirm\u00e9, vert pour un design \u00e9co-responsable et violet pour une expression artistique. L&#039;association de m\u00e9langes de coton et de coupes structur\u00e9es allie confort respirant et \u00e9l\u00e9gance.\n<p><div id=\"attachment_6651\" style=\"width: 610px\" class=\"wp-caption aligncenter\"><a href=\"https:\/\/liangyuantextile.m.en.alibaba.com\/search\/product?SearchText=color\"><img loading=\"lazy\" decoding=\"async\" aria-describedby=\"caption-attachment-6651\" class=\"wp-image-6651\" src=\"https:\/\/lydenim.com\/wp-content\/uploads\/2025\/09\/d4dc5018e7d44dbb0adac4250d564d87-2.jpg\" alt=\"\" width=\"600\" height=\"750\" srcset=\"https:\/\/lydenim.com\/wp-content\/uploads\/2025\/09\/d4dc5018e7d44dbb0adac4250d564d87-2.jpg 975w, https:\/\/lydenim.com\/wp-content\/uploads\/2025\/09\/d4dc5018e7d44dbb0adac4250d564d87-2-240x300.jpg 240w, https:\/\/lydenim.com\/wp-content\/uploads\/2025\/09\/d4dc5018e7d44dbb0adac4250d564d87-2-819x1024.jpg 819w, https:\/\/lydenim.com\/wp-content\/uploads\/2025\/09\/d4dc5018e7d44dbb0adac4250d564d87-2-768x960.jpg 768w, https:\/\/lydenim.com\/wp-content\/uploads\/2025\/09\/d4dc5018e7d44dbb0adac4250d564d87-2-10x12.jpg 10w, https:\/\/lydenim.com\/wp-content\/uploads\/2025\/09\/d4dc5018e7d44dbb0adac4250d564d87-2-600x750.jpg 600w, https:\/\/lydenim.com\/wp-content\/uploads\/2025\/09\/d4dc5018e7d44dbb0adac4250d564d87-2-150x188.jpg 150w\" sizes=\"auto, (max-width: 600px) 100vw, 600px\" \/><\/a><p id=\"caption-attachment-6651\" class=\"wp-caption-text\">Jean en denim color\u00e9<\/p><\/div><\/li>\n<li><strong>Jupes en jean color\u00e9es<\/strong>Trois styles sont propos\u00e9s\u00a0: des mini-jupes et jupes longues bleues pour un look classique, des mini-jupes jaunes pour un charme espi\u00e8gle et des jupes longues orange pour une touche chaleureuse. Les mati\u00e8res l\u00e9g\u00e8res de ces v\u00eatements cr\u00e9ent une coupe fluide et confortable, id\u00e9ale pour les activit\u00e9s quotidiennes.\n<p><div id=\"attachment_6648\" style=\"width: 610px\" class=\"wp-caption aligncenter\"><a href=\"https:\/\/liangyuantextile.m.en.alibaba.com\/search\/product?SearchText=skirts\"><img loading=\"lazy\" decoding=\"async\" aria-describedby=\"caption-attachment-6648\" class=\"wp-image-6648\" src=\"https:\/\/lydenim.com\/wp-content\/uploads\/2025\/09\/343f7033e2efeebd0271ca116581cb4e-2.jpg\" alt=\"\" width=\"600\" height=\"750\" srcset=\"https:\/\/lydenim.com\/wp-content\/uploads\/2025\/09\/343f7033e2efeebd0271ca116581cb4e-2.jpg 1081w, https:\/\/lydenim.com\/wp-content\/uploads\/2025\/09\/343f7033e2efeebd0271ca116581cb4e-2-240x300.jpg 240w, https:\/\/lydenim.com\/wp-content\/uploads\/2025\/09\/343f7033e2efeebd0271ca116581cb4e-2-819x1024.jpg 819w, https:\/\/lydenim.com\/wp-content\/uploads\/2025\/09\/343f7033e2efeebd0271ca116581cb4e-2-768x960.jpg 768w, https:\/\/lydenim.com\/wp-content\/uploads\/2025\/09\/343f7033e2efeebd0271ca116581cb4e-2-10x12.jpg 10w, https:\/\/lydenim.com\/wp-content\/uploads\/2025\/09\/343f7033e2efeebd0271ca116581cb4e-2-600x750.jpg 600w, https:\/\/lydenim.com\/wp-content\/uploads\/2025\/09\/343f7033e2efeebd0271ca116581cb4e-2-150x187.jpg 150w\" sizes=\"auto, (max-width: 600px) 100vw, 600px\" \/><\/a><p id=\"caption-attachment-6648\" class=\"wp-caption-text\">Jupes en jean color\u00e9es<\/p><\/div><\/li>\n<li><strong>V\u00eatements en denim jacquard color\u00e9<\/strong>Les motifs textur\u00e9s bordeaux et turquoise apportent une touche de sophistication. Les m\u00e9langes extensibles utilis\u00e9s dans ces tissus cr\u00e9ent un toucher luxueux et doux au toucher, cr\u00e9ant ainsi des pi\u00e8ces d&#039;exception.\n<p><div id=\"attachment_6653\" style=\"width: 610px\" class=\"wp-caption aligncenter\"><a href=\"https:\/\/lydenim.com\/fr\/?s=Jacquard &amp;post_type=product\"><img loading=\"lazy\" decoding=\"async\" aria-describedby=\"caption-attachment-6653\" class=\"wp-image-6653\" src=\"https:\/\/lydenim.com\/wp-content\/uploads\/2025\/09\/dfdd045091145602af44944e9843f7fd-2.jpg\" alt=\"\" width=\"600\" height=\"750\" srcset=\"https:\/\/lydenim.com\/wp-content\/uploads\/2025\/09\/dfdd045091145602af44944e9843f7fd-2.jpg 975w, https:\/\/lydenim.com\/wp-content\/uploads\/2025\/09\/dfdd045091145602af44944e9843f7fd-2-240x300.jpg 240w, https:\/\/lydenim.com\/wp-content\/uploads\/2025\/09\/dfdd045091145602af44944e9843f7fd-2-819x1024.jpg 819w, https:\/\/lydenim.com\/wp-content\/uploads\/2025\/09\/dfdd045091145602af44944e9843f7fd-2-768x960.jpg 768w, https:\/\/lydenim.com\/wp-content\/uploads\/2025\/09\/dfdd045091145602af44944e9843f7fd-2-10x12.jpg 10w, https:\/\/lydenim.com\/wp-content\/uploads\/2025\/09\/dfdd045091145602af44944e9843f7fd-2-600x750.jpg 600w, https:\/\/lydenim.com\/wp-content\/uploads\/2025\/09\/dfdd045091145602af44944e9843f7fd-2-150x188.jpg 150w\" sizes=\"auto, (max-width: 600px) 100vw, 600px\" \/><\/a><p id=\"caption-attachment-6653\" class=\"wp-caption-text\">V\u00eatements en denim jacquard color\u00e9<\/p><\/div><\/li>\n<li><strong>V\u00eatements en jean gris<\/strong>La palette de couleurs neutres, du cendr\u00e9 clair au charbon fonc\u00e9, offre une grande libert\u00e9 de style. La texture douce du tissu offre un confort optimal, id\u00e9al pour les tenues d\u00e9contract\u00e9es comme formelles.\n<p><div id=\"attachment_6652\" style=\"width: 610px\" class=\"wp-caption aligncenter\"><img loading=\"lazy\" decoding=\"async\" aria-describedby=\"caption-attachment-6652\" class=\"wp-image-6652\" src=\"https:\/\/lydenim.com\/wp-content\/uploads\/2025\/09\/dc4715b3cb062e49674e57e98d3b1d82-2.jpg\" alt=\"\" width=\"600\" height=\"750\" srcset=\"https:\/\/lydenim.com\/wp-content\/uploads\/2025\/09\/dc4715b3cb062e49674e57e98d3b1d82-2.jpg 1223w, https:\/\/lydenim.com\/wp-content\/uploads\/2025\/09\/dc4715b3cb062e49674e57e98d3b1d82-2-240x300.jpg 240w, https:\/\/lydenim.com\/wp-content\/uploads\/2025\/09\/dc4715b3cb062e49674e57e98d3b1d82-2-819x1024.jpg 819w, https:\/\/lydenim.com\/wp-content\/uploads\/2025\/09\/dc4715b3cb062e49674e57e98d3b1d82-2-768x960.jpg 768w, https:\/\/lydenim.com\/wp-content\/uploads\/2025\/09\/dc4715b3cb062e49674e57e98d3b1d82-2-10x12.jpg 10w, https:\/\/lydenim.com\/wp-content\/uploads\/2025\/09\/dc4715b3cb062e49674e57e98d3b1d82-2-600x750.jpg 600w, https:\/\/lydenim.com\/wp-content\/uploads\/2025\/09\/dc4715b3cb062e49674e57e98d3b1d82-2-150x188.jpg 150w\" sizes=\"auto, (max-width: 600px) 100vw, 600px\" \/><p id=\"caption-attachment-6652\" class=\"wp-caption-text\">V\u00eatements en jean gris<\/p><\/div><\/li>\n<li>Couleurs suppl\u00e9mentaires\u00a0: bleu pour un confort classique, rose pour une touche f\u00e9minine et bleu sarcelle pour un style unique. La vaste gamme de couleurs offre des v\u00eatements confortables et respirants pour toutes les envies.<\/li>\n<\/ul>\n<h2>L&#039;individualit\u00e9 \u00e0 travers <strong>V\u00eatements en denim color\u00e9s<\/strong><\/h2>\n<p>Chaque <strong>v\u00eatements en denim color\u00e9s<\/strong> Chaque article permet d&#039;exprimer son individualit\u00e9 gr\u00e2ce \u00e0 des couleurs qui s&#039;adaptent \u00e0 diff\u00e9rents types de personnalit\u00e9. L&#039;allure audacieuse d&#039;un jean rouge s&#039;accorde avec des jupes vert terre et des vestes violettes artistiques. Le march\u00e9 mondial du denim conna\u00eet une croissance annuelle de 5,91\u00a0TP3T, selon <a href=\"https:\/\/www.grandviewresearch.com\/industry-analysis\/denim-jeans-market\">Recherche Grand View<\/a>, car les consommateurs recherchent des articles de mode personnalis\u00e9s. Une \u00e9tude montre que les couleurs vives repr\u00e9sentent 40% des ventes de denim, car les jeunes g\u00e9n\u00e9rations appr\u00e9cient de s&#039;exprimer \u00e0 travers la mode. Les personnes qui portent <strong>v\u00eatements en denim color\u00e9s<\/strong> peut cr\u00e9er des tenues uniques en combinant diff\u00e9rentes textures et motifs, ce qui donne des pi\u00e8ces tendance telles que des jeans audacieux avec des accessoires accrocheurs.<\/p>\n<div id=\"attachment_6654\" style=\"width: 610px\" class=\"wp-caption aligncenter\"><img loading=\"lazy\" decoding=\"async\" aria-describedby=\"caption-attachment-6654\" class=\"wp-image-6654\" src=\"https:\/\/lydenim.com\/wp-content\/uploads\/2025\/09\/e59335e08fe094bb796b6a59aafc5c97-2.jpg\" alt=\"\" width=\"600\" height=\"337\" srcset=\"https:\/\/lydenim.com\/wp-content\/uploads\/2025\/09\/e59335e08fe094bb796b6a59aafc5c97-2.jpg 1670w, https:\/\/lydenim.com\/wp-content\/uploads\/2025\/09\/e59335e08fe094bb796b6a59aafc5c97-2-300x169.jpg 300w, https:\/\/lydenim.com\/wp-content\/uploads\/2025\/09\/e59335e08fe094bb796b6a59aafc5c97-2-1024x576.jpg 1024w, https:\/\/lydenim.com\/wp-content\/uploads\/2025\/09\/e59335e08fe094bb796b6a59aafc5c97-2-768x432.jpg 768w, https:\/\/lydenim.com\/wp-content\/uploads\/2025\/09\/e59335e08fe094bb796b6a59aafc5c97-2-1536x864.jpg 1536w, https:\/\/lydenim.com\/wp-content\/uploads\/2025\/09\/e59335e08fe094bb796b6a59aafc5c97-2-18x10.jpg 18w, https:\/\/lydenim.com\/wp-content\/uploads\/2025\/09\/e59335e08fe094bb796b6a59aafc5c97-2-600x337.jpg 600w, https:\/\/lydenim.com\/wp-content\/uploads\/2025\/09\/e59335e08fe094bb796b6a59aafc5c97-2-150x84.jpg 150w\" sizes=\"auto, (max-width: 600px) 100vw, 600px\" \/><p id=\"caption-attachment-6654\" class=\"wp-caption-text\">Recherche sur le denim color\u00e9<\/p><\/div>\n<h2>LY Denim&#039;s <strong>V\u00eatements en denim color\u00e9s<\/strong> et personnalisation<\/h2>\n<p>LY Denim est le leader du march\u00e9 gr\u00e2ce \u00e0 sa vaste gamme de <strong>v\u00eatements en denim color\u00e9s<\/strong> produits, qui comprend plus de 18 nuances diff\u00e9rentes pour <strong>jeans en denim color\u00e9s<\/strong>, jupes et vestes. Les m\u00e9langes de coton biologique durable utilis\u00e9s par LY Denim cr\u00e9ent <strong>denim color\u00e9 durable<\/strong> Des tissus r\u00e9sistants \u00e0 la d\u00e9coloration et conformes aux normes OEKO-TEX en mati\u00e8re de s\u00e9curit\u00e9 et de responsabilit\u00e9 environnementale. L&#039;entreprise propose trois options de personnalisation\u00a0: coupe sur mesure, choix de grammage de 113 \u00e0 400 g, et <strong>denim jacquard color\u00e9<\/strong> Un large choix de motifs, notamment floraux et g\u00e9om\u00e9triques. La technique de tissage dobby utilis\u00e9e dans leur processus de production cr\u00e9e des effets textur\u00e9s permettant aux clients de personnaliser leurs cr\u00e9ations. <strong>jeans en denim color\u00e9s<\/strong> et des jupes. LY Denim propose des prix directs d&#039;usine, ce qui leur permet d&#039;exp\u00e9dier des articles sur mesure dans le monde entier tout en soutenant les clients qui souhaitent des designs uniques tels que des effets de d\u00e9grad\u00e9 et <strong>denim extensible color\u00e9<\/strong> m\u00e9langes pour une mode individualis\u00e9e.<\/p>\n<div id=\"attachment_6655\" style=\"width: 610px\" class=\"wp-caption aligncenter\"><img loading=\"lazy\" decoding=\"async\" aria-describedby=\"caption-attachment-6655\" class=\"wp-image-6655\" src=\"https:\/\/lydenim.com\/wp-content\/uploads\/2025\/09\/fd86eefeb87357cb1d30aa41faf4611f-2.jpg\" alt=\"\" width=\"600\" height=\"414\" srcset=\"https:\/\/lydenim.com\/wp-content\/uploads\/2025\/09\/fd86eefeb87357cb1d30aa41faf4611f-2.jpg 2247w, https:\/\/lydenim.com\/wp-content\/uploads\/2025\/09\/fd86eefeb87357cb1d30aa41faf4611f-2-300x207.jpg 300w, https:\/\/lydenim.com\/wp-content\/uploads\/2025\/09\/fd86eefeb87357cb1d30aa41faf4611f-2-1024x706.jpg 1024w, https:\/\/lydenim.com\/wp-content\/uploads\/2025\/09\/fd86eefeb87357cb1d30aa41faf4611f-2-768x529.jpg 768w, https:\/\/lydenim.com\/wp-content\/uploads\/2025\/09\/fd86eefeb87357cb1d30aa41faf4611f-2-1536x1059.jpg 1536w, https:\/\/lydenim.com\/wp-content\/uploads\/2025\/09\/fd86eefeb87357cb1d30aa41faf4611f-2-2048x1412.jpg 2048w, https:\/\/lydenim.com\/wp-content\/uploads\/2025\/09\/fd86eefeb87357cb1d30aa41faf4611f-2-18x12.jpg 18w, https:\/\/lydenim.com\/wp-content\/uploads\/2025\/09\/fd86eefeb87357cb1d30aa41faf4611f-2-600x414.jpg 600w, https:\/\/lydenim.com\/wp-content\/uploads\/2025\/09\/fd86eefeb87357cb1d30aa41faf4611f-2-150x103.jpg 150w\" sizes=\"auto, (max-width: 600px) 100vw, 600px\" \/><p id=\"caption-attachment-6655\" class=\"wp-caption-text\">V\u00eatements en denim color\u00e9s et personnalisation de LY Denim<\/p><\/div>\n<h2>Style et applications de <strong>V\u00eatements en denim color\u00e9s<\/strong><\/h2>\n<p>Les diff\u00e9rents styles de <strong>v\u00eatements en denim color\u00e9s<\/strong> offrent plusieurs fa\u00e7ons de cr\u00e9er des tenues\u00a0:<\/p>\n<ul>\n<li><strong>Jean en denim color\u00e9<\/strong>:Les jeans rouges cr\u00e9ent des looks \u00e9nergiques lorsqu&#039;ils sont associ\u00e9s \u00e0 des t-shirts blancs, tandis que les jeans verts s&#039;associent aux tons terreux pour une harmonie naturelle, les jeans bleus offrent une polyvalence classique et les jeans roses cr\u00e9ent des looks f\u00e9minins avec des hauts neutres.\n<p><div id=\"attachment_6645\" style=\"width: 610px\" class=\"wp-caption aligncenter\"><img loading=\"lazy\" decoding=\"async\" aria-describedby=\"caption-attachment-6645\" class=\"wp-image-6645\" src=\"https:\/\/lydenim.com\/wp-content\/uploads\/2025\/09\/5fe69501b5f3be64b0f9d76509de67ac-2.jpg\" alt=\"\" width=\"600\" height=\"750\" srcset=\"https:\/\/lydenim.com\/wp-content\/uploads\/2025\/09\/5fe69501b5f3be64b0f9d76509de67ac-2.jpg 1189w, https:\/\/lydenim.com\/wp-content\/uploads\/2025\/09\/5fe69501b5f3be64b0f9d76509de67ac-2-240x300.jpg 240w, https:\/\/lydenim.com\/wp-content\/uploads\/2025\/09\/5fe69501b5f3be64b0f9d76509de67ac-2-819x1024.jpg 819w, https:\/\/lydenim.com\/wp-content\/uploads\/2025\/09\/5fe69501b5f3be64b0f9d76509de67ac-2-768x960.jpg 768w, https:\/\/lydenim.com\/wp-content\/uploads\/2025\/09\/5fe69501b5f3be64b0f9d76509de67ac-2-10x12.jpg 10w, https:\/\/lydenim.com\/wp-content\/uploads\/2025\/09\/5fe69501b5f3be64b0f9d76509de67ac-2-600x750.jpg 600w, https:\/\/lydenim.com\/wp-content\/uploads\/2025\/09\/5fe69501b5f3be64b0f9d76509de67ac-2-150x187.jpg 150w\" sizes=\"auto, (max-width: 600px) 100vw, 600px\" \/><p id=\"caption-attachment-6645\" class=\"wp-caption-text\">Jean en denim color\u00e9<\/p><\/div><\/li>\n<li><strong>Jupes en jean color\u00e9es<\/strong>:La mini-jupe jaune trap\u00e8ze se marie bien avec des chemisiers fluides pour les tenues d&#039;\u00e9t\u00e9, tandis que les jupes longues bleu sarcelle se marient avec des hauts ajust\u00e9s pour des looks \u00e9l\u00e9gants, et les jupes bordeaux <strong>denim jacquard color\u00e9<\/strong> cr\u00e9e des textures sophistiqu\u00e9es.\n<p><div id=\"attachment_6647\" style=\"width: 610px\" class=\"wp-caption aligncenter\"><img loading=\"lazy\" decoding=\"async\" aria-describedby=\"caption-attachment-6647\" class=\"wp-image-6647\" src=\"https:\/\/lydenim.com\/wp-content\/uploads\/2025\/09\/242b6935b7103db74116ce6f360209d6-2.jpg\" alt=\"\" width=\"600\" height=\"750\" srcset=\"https:\/\/lydenim.com\/wp-content\/uploads\/2025\/09\/242b6935b7103db74116ce6f360209d6-2.jpg 974w, https:\/\/lydenim.com\/wp-content\/uploads\/2025\/09\/242b6935b7103db74116ce6f360209d6-2-240x300.jpg 240w, https:\/\/lydenim.com\/wp-content\/uploads\/2025\/09\/242b6935b7103db74116ce6f360209d6-2-819x1024.jpg 819w, https:\/\/lydenim.com\/wp-content\/uploads\/2025\/09\/242b6935b7103db74116ce6f360209d6-2-768x960.jpg 768w, https:\/\/lydenim.com\/wp-content\/uploads\/2025\/09\/242b6935b7103db74116ce6f360209d6-2-10x12.jpg 10w, https:\/\/lydenim.com\/wp-content\/uploads\/2025\/09\/242b6935b7103db74116ce6f360209d6-2-600x750.jpg 600w, https:\/\/lydenim.com\/wp-content\/uploads\/2025\/09\/242b6935b7103db74116ce6f360209d6-2-150x188.jpg 150w\" sizes=\"auto, (max-width: 600px) 100vw, 600px\" \/><p id=\"caption-attachment-6647\" class=\"wp-caption-text\">Jupes en jean color\u00e9es<\/p><\/div><\/li>\n<li><strong>Vestes en jean color\u00e9es<\/strong>:La veste violette cr\u00e9e un look cr\u00e9atif lorsqu&#039;elle est port\u00e9e sur des v\u00eatements basiques, tandis que le denim orange cr\u00e9e une chaleur saisonni\u00e8re, et <strong>v\u00eatements en jean gris<\/strong> offre un style minimaliste avec des pi\u00e8ces d&#039;accent audacieuses.\n<p><div id=\"attachment_6646\" style=\"width: 610px\" class=\"wp-caption aligncenter\"><img loading=\"lazy\" decoding=\"async\" aria-describedby=\"caption-attachment-6646\" class=\"wp-image-6646\" src=\"https:\/\/lydenim.com\/wp-content\/uploads\/2025\/09\/6db9bc7b46b7b1ff581df492c4c0370f-2.jpg\" alt=\"\" width=\"600\" height=\"750\" srcset=\"https:\/\/lydenim.com\/wp-content\/uploads\/2025\/09\/6db9bc7b46b7b1ff581df492c4c0370f-2.jpg 1190w, https:\/\/lydenim.com\/wp-content\/uploads\/2025\/09\/6db9bc7b46b7b1ff581df492c4c0370f-2-240x300.jpg 240w, https:\/\/lydenim.com\/wp-content\/uploads\/2025\/09\/6db9bc7b46b7b1ff581df492c4c0370f-2-819x1024.jpg 819w, https:\/\/lydenim.com\/wp-content\/uploads\/2025\/09\/6db9bc7b46b7b1ff581df492c4c0370f-2-768x960.jpg 768w, https:\/\/lydenim.com\/wp-content\/uploads\/2025\/09\/6db9bc7b46b7b1ff581df492c4c0370f-2-10x12.jpg 10w, https:\/\/lydenim.com\/wp-content\/uploads\/2025\/09\/6db9bc7b46b7b1ff581df492c4c0370f-2-600x750.jpg 600w, https:\/\/lydenim.com\/wp-content\/uploads\/2025\/09\/6db9bc7b46b7b1ff581df492c4c0370f-2-150x187.jpg 150w\" sizes=\"auto, (max-width: 600px) 100vw, 600px\" \/><p id=\"caption-attachment-6646\" class=\"wp-caption-text\">Vestes en jean color\u00e9es<\/p><\/div><\/li>\n<\/ul>\n<p>L\u2019industrie de la mode montre deux tendances principales, qui incluent <strong>denim de couleur noire<\/strong> pour la mode streetwear et le turquoise pour les v\u00eatements de sport. Le march\u00e9 se d\u00e9veloppe car les millennials choisissent <strong>denim color\u00e9 durable<\/strong> des produits qui associent des tons roses \u00e0 des nuances neutres pour cr\u00e9er des combinaisons de mode modernes.<\/p>\n<h2>Conclusion<\/h2>\n<p>La mode conna\u00eet une transformation compl\u00e8te gr\u00e2ce \u00e0 <strong>v\u00eatements en denim color\u00e9s<\/strong>, qui offre aux utilisateurs de multiples choix de style et options de personnalisation. L&#039;alliance du confort et du style personnel est pr\u00e9sente dans tous les mod\u00e8les. <strong>v\u00eatements en denim color\u00e9s<\/strong> articles, qui comprennent <strong>jeans en denim color\u00e9s<\/strong>, jupes et vestes. L&#039;\u00e9tude de march\u00e9 de <a href=\"https:\/\/www.databridgemarketresearch.com\/reports\/global-denim-market\">\u00c9tude de march\u00e9 sur Data Bridge<\/a> pr\u00e9voit un taux de croissance annuel de 6,7% de 2023 \u00e0 2031 gr\u00e2ce aux innovations de mode durable et aux produits personnalis\u00e9s comme LY Denim.<\/p>\n<h2 dir=\"ltr\" data-pm-slice=\"1 1 []\">Services de personnalisation par LYDENIM<\/h2>\n<p dir=\"ltr\">R\u00eaver de prime <strong>V\u00eatements en denim color\u00e9s<\/strong>? LYDENIM se sp\u00e9cialise dans la fabrication de tissus et de v\u00eatements en denim sur mesure, donnant vie \u00e0 votre vision unique avec une qualit\u00e9 et un confort in\u00e9gal\u00e9s.<\/p>\n<p dir=\"ltr\">\ud83c\udfa8 <strong>V\u00eatement en denim de couleur personnalis\u00e9e<\/strong><br \/>\nConcevez le v\u00f4tre <strong>Denim couleur<\/strong> avec notre tissu color\u00e9 haut de gamme. Choisissez parmi une gamme de couleurs vibrantes, de motifs raffin\u00e9s et de textures luxueuses, adapt\u00e9es \u00e0 votre style. D\u00e9couvrez nos offres sur <a href=\"https:\/\/lydenim.com\/fr\/?s=color&amp;post_type=product\">lydenim.com<\/a><\/p>\n<p dir=\"ltr\">\ud83d\udecd\ufe0f <strong>V\u00eatements en denim sur mesure<\/strong><br \/>\nCr\u00e9ez des pi\u00e8ces exceptionnelles avec notre tissu color\u00e9 signature, reconnu pour son confort et sa durabilit\u00e9 exceptionnels. Du jean ajust\u00e9 \u00e0 la veste \u00e9l\u00e9gante, personnalisez votre coupe, votre couleur et votre style sur <a href=\"https:\/\/liangyuantextile.m.en.alibaba.com\/productlist.html?spm=a2700.shop_index.88.10.14b53cf4cJMPG3\">Myalibaba<\/a>.<\/p>\n<p dir=\"ltr\">\ud83d\udce9 <strong>Entrer en contact<\/strong><br \/>\nAyez une vision de votre id\u00e9al <strong>Denim couleur<\/strong>? Contactez notre \u00e9quipe au <a href=\"mailto:malone@lydenim.com\">malone@lydenim.com<\/a> pour discuter de mod\u00e8les de tissage personnalis\u00e9s, de m\u00e9langes \u00e9cologiques ou de toute autre id\u00e9e.<\/p>\n<p dir=\"ltr\">Transformez vos id\u00e9es en r\u00e9alit\u00e9 avec LYDENIM, votre partenaire de confiance pour des solutions denim \u00e0 bords rouges innovantes, confortables et personnalis\u00e9es.<\/p>","protected":false},"excerpt":{"rendered":"<p>Temps de lecture estim\u00e9 : ~3 minutes La mode moderne a \u00e9volu\u00e9 gr\u00e2ce aux v\u00eatements en denim color\u00e9s, qui pr\u00e9sentent une large gamme de couleurs vibrantes.<\/p>","protected":false},"author":1,"featured_media":6656,"comment_status":"open","ping_status":"open","sticky":false,"template":"","format":"standard","meta":{"two_page_speed":[],"footnotes":""},"categories":[76],"tags":[],"class_list":["post-6560","post","type-post","status-publish","format-standard","has-post-thumbnail","hentry","category-garment"],"aioseo_notices":[],"_links":{"self":[{"href":"https:\/\/lydenim.com\/fr\/wp-json\/wp\/v2\/posts\/6560","targetHints":{"allow":["GET"]}}],"collection":[{"href":"https:\/\/lydenim.com\/fr\/wp-json\/wp\/v2\/posts"}],"about":[{"href":"https:\/\/lydenim.com\/fr\/wp-json\/wp\/v2\/types\/post"}],"author":[{"embeddable":true,"href":"https:\/\/lydenim.com\/fr\/wp-json\/wp\/v2\/users\/1"}],"replies":[{"embeddable":true,"href":"https:\/\/lydenim.com\/fr\/wp-json\/wp\/v2\/comments?post=6560"}],"version-history":[{"count":4,"href":"https:\/\/lydenim.com\/fr\/wp-json\/wp\/v2\/posts\/6560\/revisions"}],"predecessor-version":[{"id":6747,"href":"https:\/\/lydenim.com\/fr\/wp-json\/wp\/v2\/posts\/6560\/revisions\/6747"}],"wp:featuredmedia":[{"embeddable":true,"href":"https:\/\/lydenim.com\/fr\/wp-json\/wp\/v2\/media\/6656"}],"wp:attachment":[{"href":"https:\/\/lydenim.com\/fr\/wp-json\/wp\/v2\/media?parent=6560"}],"wp:term":[{"taxonomy":"category","embeddable":true,"href":"https:\/\/lydenim.com\/fr\/wp-json\/wp\/v2\/categories?post=6560"},{"taxonomy":"post_tag","embeddable":true,"href":"https:\/\/lydenim.com\/fr\/wp-json\/wp\/v2\/tags?post=6560"}],"curies":[{"name":"wp","href":"https:\/\/api.w.org\/{rel}","templated":true}]}}