{"id":6700,"date":"2025-10-17T11:55:38","date_gmt":"2025-10-17T03:55:38","guid":{"rendered":"https:\/\/lydenim.com\/?p=6700"},"modified":"2025-10-17T11:56:09","modified_gmt":"2025-10-17T03:56:09","slug":"denim-drape-engineering-how-denim-fabric-weight-shapes-garment-silhouettes","status":"publish","type":"post","link":"https:\/\/lydenim.com\/fr\/ingenierie-du-drape-du-denim-comment-le-poids-du-tissu-denim-faconne-les-silhouettes-des-vetements\/","title":{"rendered":"Ing\u00e9nierie du drap\u00e9 du denim\u00a0: comment le poids du tissu denim fa\u00e7onne la silhouette des v\u00eatements"},"content":{"rendered":"<h2 dir=\"auto\">Temps de lecture estim\u00e9 : ~3 minutes<\/h2>\n<h2 dir=\"auto\">Introduction<\/h2>\n<p dir=\"auto\">Dans la conception du denim, <em>drap\u00e9 en denim<\/em> et <em>poids du tissu denim<\/em> sont essentiels pour d\u00e9finir la silhouette et l&#039;ambiance finales d&#039;un v\u00eatement. Les cr\u00e9ateurs peuvent transformer des v\u00eatements l\u00e9gers <em>tissu denim personnalis\u00e9<\/em> en jupes fluides ou en jupes lourdes <em>denim durable<\/em> dans des vestes audacieuses. Cet article explore l&#039;ing\u00e9nierie de <em>poids du tissu denim<\/em> sur les silhouettes, offrant des id\u00e9es, des inspirations et des guides pratiques pour les cr\u00e9ateurs de mode.<\/p>\n<p dir=\"auto\"><em>Poids du tissu denim<\/em> impacte profond\u00e9ment <em>drap\u00e9 en denim<\/em>Les poids l\u00e9gers offrent une fluidit\u00e9 optimale, tandis que les plus lourds offrent une structure. Ces cat\u00e9gories incluent des conseils de cr\u00e9ateurs pour les tests et les pr\u00e9dictions de silhouette.<\/p>\n<ul dir=\"auto\">\n<li><strong>Denim l\u00e9ger (\u22647 oz) :<\/strong> Doux et fluide <em>drap\u00e9 en denim<\/em>, id\u00e9al pour les robes, les chemises et les pi\u00e8ces d&#039;\u00e9t\u00e9. <strong>Conseil du concepteur\u00a0:<\/strong> Effectuez un \u00ab test de drap\u00e9 \u00bb (accrochez le tissu pour observer les plis) ; Inspiration : d\u00e9fil\u00e9 Chlo\u00e9 l\u00e9ger <em>tissu denim personnalis\u00e9<\/em> robes pour silhouettes boh\u00e8mes.<\/li>\n<li><strong>Denim mi-lourd (8\u201312 oz) :<\/strong> \u00c9quilibre confort et structure, largement utilis\u00e9 pour les jeans et les vestes. <strong>Conseil du concepteur\u00a0:<\/strong> Testez avec des m\u00e9langes \u00e9lastiques pour la stabilit\u00e9 de l&#039;ajustement ; Inspiration : le jean droit classique de Levi&#039;s, o\u00f9 <em>drap\u00e9 en denim<\/em> d\u00e9finit l&#039;\u00e9l\u00e9gance d\u00e9contract\u00e9e.<\/li>\n<li><strong>Denim \u00e9pais (\u2265 13 oz) :<\/strong> Fortement structur\u00e9 <em>drap\u00e9 en denim<\/em>, parfait pour les v\u00eatements d&#039;ext\u00e9rieur et de travail avec des silhouettes audacieuses. <strong>Conseil du concepteur\u00a0:<\/strong> V\u00e9rifiez la r\u00e9sistance \u00e0 l&#039;abrasion pour les mod\u00e8les \u00e0 forte usure ; Inspiration : vestes de travail Dior Homme, utilisant des tissus \u00e9pais <em>denim durable<\/em> pour l&#039;avantage militaire.\n<p><div id=\"attachment_6633\" style=\"width: 610px\" class=\"wp-caption aligncenter\"><img loading=\"lazy\" decoding=\"async\" aria-describedby=\"caption-attachment-6633\" class=\"wp-image-6633\" src=\"https:\/\/lydenim.com\/wp-content\/uploads\/2025\/09\/07fac6d4cc08d24c59142b9ea2cc24bb.jpg\" alt=\"\" width=\"600\" height=\"750\" srcset=\"https:\/\/lydenim.com\/wp-content\/uploads\/2025\/09\/07fac6d4cc08d24c59142b9ea2cc24bb.jpg 922w, https:\/\/lydenim.com\/wp-content\/uploads\/2025\/09\/07fac6d4cc08d24c59142b9ea2cc24bb-240x300.jpg 240w, https:\/\/lydenim.com\/wp-content\/uploads\/2025\/09\/07fac6d4cc08d24c59142b9ea2cc24bb-820x1024.jpg 820w, https:\/\/lydenim.com\/wp-content\/uploads\/2025\/09\/07fac6d4cc08d24c59142b9ea2cc24bb-768x960.jpg 768w, https:\/\/lydenim.com\/wp-content\/uploads\/2025\/09\/07fac6d4cc08d24c59142b9ea2cc24bb-10x12.jpg 10w, https:\/\/lydenim.com\/wp-content\/uploads\/2025\/09\/07fac6d4cc08d24c59142b9ea2cc24bb-600x750.jpg 600w, https:\/\/lydenim.com\/wp-content\/uploads\/2025\/09\/07fac6d4cc08d24c59142b9ea2cc24bb-150x187.jpg 150w\" sizes=\"auto, (max-width: 600px) 100vw, 600px\" \/><p id=\"caption-attachment-6633\" class=\"wp-caption-text\">tissu denim<\/p><\/div><\/li>\n<\/ul>\n<h2 dir=\"auto\">2. Le r\u00f4le des finitions et du traitement dans <em>Drap\u00e9 en denim<\/em><\/h2>\n<p dir=\"auto\">Les processus de finition s&#039;affinent <em>poids du tissu denim<\/em>&#039;s <em>drap\u00e9 en denim<\/em>, lib\u00e9rant le potentiel de conception dans <em>denim durable<\/em>Les concepteurs peuvent les modifier pour passer d&#039;un flux doux \u00e0 une structure dimensionnelle.<\/p>\n<ul dir=\"auto\">\n<li><strong>Traitements de lavage :<\/strong> Les lavages aux enzymes et \u00e0 la pierre adoucissent le denim et augmentent la fluidit\u00e9 <em>drap\u00e9 en denim<\/em>. <strong>Conseil du concepteur\u00a0:<\/strong> Optez pour des lavages \u00e9co-enzymatiques pour vous aligner <em>denim durable<\/em> tendances; Inspiration : L\u00e9g\u00e8rement d\u00e9lav\u00e9 <em>tissu denim personnalis\u00e9<\/em> pour des jupes asym\u00e9triques, cr\u00e9ant des plis dynamiques.\n<p><div id=\"attachment_6797\" style=\"width: 610px\" class=\"wp-caption aligncenter\"><img loading=\"lazy\" decoding=\"async\" aria-describedby=\"caption-attachment-6797\" class=\"wp-image-6797\" src=\"https:\/\/lydenim.com\/wp-content\/uploads\/2025\/10\/25a671dc0569224d82d2300dfc05e507.jpg\" alt=\"\" width=\"600\" height=\"750\" srcset=\"https:\/\/lydenim.com\/wp-content\/uploads\/2025\/10\/25a671dc0569224d82d2300dfc05e507.jpg 1088w, https:\/\/lydenim.com\/wp-content\/uploads\/2025\/10\/25a671dc0569224d82d2300dfc05e507-240x300.jpg 240w, https:\/\/lydenim.com\/wp-content\/uploads\/2025\/10\/25a671dc0569224d82d2300dfc05e507-819x1024.jpg 819w, https:\/\/lydenim.com\/wp-content\/uploads\/2025\/10\/25a671dc0569224d82d2300dfc05e507-768x960.jpg 768w, https:\/\/lydenim.com\/wp-content\/uploads\/2025\/10\/25a671dc0569224d82d2300dfc05e507-10x12.jpg 10w, https:\/\/lydenim.com\/wp-content\/uploads\/2025\/10\/25a671dc0569224d82d2300dfc05e507-480x600.jpg 480w, https:\/\/lydenim.com\/wp-content\/uploads\/2025\/10\/25a671dc0569224d82d2300dfc05e507-600x750.jpg 600w, https:\/\/lydenim.com\/wp-content\/uploads\/2025\/10\/25a671dc0569224d82d2300dfc05e507-150x188.jpg 150w\" sizes=\"auto, (max-width: 600px) 100vw, 600px\" \/><p id=\"caption-attachment-6797\" class=\"wp-caption-text\">Traitements de lavage<\/p><\/div><\/li>\n<li><strong>M\u00e9langes de fibres :<\/strong> L&#039;ajout de spandex ou de viscose augmente l&#039;\u00e9lasticit\u00e9, modifiant <em>drap\u00e9 en denim<\/em> pour le confort. <strong>Conseil du concepteur\u00a0:<\/strong> Testez les ratios de m\u00e9lange pour la r\u00e9cup\u00e9ration de la silhouette ; Inspiration : jeans extensibles Acne Studios, m\u00e9langeant des tissus de poids moyen pour des coupes modernes.\n<p><div id=\"attachment_6798\" style=\"width: 610px\" class=\"wp-caption aligncenter\"><img loading=\"lazy\" decoding=\"async\" aria-describedby=\"caption-attachment-6798\" class=\"wp-image-6798\" src=\"https:\/\/lydenim.com\/wp-content\/uploads\/2025\/10\/60fefed8d475ee4916cc3d0f542269ec.jpg\" alt=\"\" width=\"600\" height=\"750\" srcset=\"https:\/\/lydenim.com\/wp-content\/uploads\/2025\/10\/60fefed8d475ee4916cc3d0f542269ec.jpg 1216w, https:\/\/lydenim.com\/wp-content\/uploads\/2025\/10\/60fefed8d475ee4916cc3d0f542269ec-240x300.jpg 240w, https:\/\/lydenim.com\/wp-content\/uploads\/2025\/10\/60fefed8d475ee4916cc3d0f542269ec-819x1024.jpg 819w, https:\/\/lydenim.com\/wp-content\/uploads\/2025\/10\/60fefed8d475ee4916cc3d0f542269ec-768x960.jpg 768w, https:\/\/lydenim.com\/wp-content\/uploads\/2025\/10\/60fefed8d475ee4916cc3d0f542269ec-10x12.jpg 10w, https:\/\/lydenim.com\/wp-content\/uploads\/2025\/10\/60fefed8d475ee4916cc3d0f542269ec-480x600.jpg 480w, https:\/\/lydenim.com\/wp-content\/uploads\/2025\/10\/60fefed8d475ee4916cc3d0f542269ec-600x750.jpg 600w, https:\/\/lydenim.com\/wp-content\/uploads\/2025\/10\/60fefed8d475ee4916cc3d0f542269ec-150x188.jpg 150w\" sizes=\"auto, (max-width: 600px) 100vw, 600px\" \/><p id=\"caption-attachment-6798\" class=\"wp-caption-text\">M\u00e9lange de fibres denim<\/p><\/div><\/li>\n<li><strong>Proc\u00e9d\u00e9s de finition :<\/strong> Le rev\u00eatement, le mercerisage et le brossage ajoutent de la brillance et de la profondeur, am\u00e9liorant ainsi la structure <em>poids du tissu denim<\/em>. <strong>Conseil du concepteur\u00a0:<\/strong> Mercerisage pour un r\u00e9sultat lisse <em>drap\u00e9 en denim<\/em> dans des vestes brillantes ; Inspiration : le denim enduit Balenciaga, offrant des contours futuristes.\n<p><div id=\"attachment_6800\" style=\"width: 610px\" class=\"wp-caption aligncenter\"><img loading=\"lazy\" decoding=\"async\" aria-describedby=\"caption-attachment-6800\" class=\"wp-image-6800\" src=\"https:\/\/lydenim.com\/wp-content\/uploads\/2025\/10\/aa14c6616848c3630293c1a52634d003.jpg\" alt=\"\" width=\"600\" height=\"480\" srcset=\"https:\/\/lydenim.com\/wp-content\/uploads\/2025\/10\/aa14c6616848c3630293c1a52634d003.jpg 1591w, https:\/\/lydenim.com\/wp-content\/uploads\/2025\/10\/aa14c6616848c3630293c1a52634d003-300x240.jpg 300w, https:\/\/lydenim.com\/wp-content\/uploads\/2025\/10\/aa14c6616848c3630293c1a52634d003-1024x819.jpg 1024w, https:\/\/lydenim.com\/wp-content\/uploads\/2025\/10\/aa14c6616848c3630293c1a52634d003-768x614.jpg 768w, https:\/\/lydenim.com\/wp-content\/uploads\/2025\/10\/aa14c6616848c3630293c1a52634d003-1536x1229.jpg 1536w, https:\/\/lydenim.com\/wp-content\/uploads\/2025\/10\/aa14c6616848c3630293c1a52634d003-15x12.jpg 15w, https:\/\/lydenim.com\/wp-content\/uploads\/2025\/10\/aa14c6616848c3630293c1a52634d003-600x480.jpg 600w, https:\/\/lydenim.com\/wp-content\/uploads\/2025\/10\/aa14c6616848c3630293c1a52634d003-150x120.jpg 150w\" sizes=\"auto, (max-width: 600px) 100vw, 600px\" \/><p id=\"caption-attachment-6800\" class=\"wp-caption-text\">Processus de finition<\/p><\/div><\/li>\n<\/ul>\n<h2 dir=\"auto\">3. <em>Guide de s\u00e9lection de tissus<\/em> pour les designers<\/h2>\n<p dir=\"auto\">Pour les cr\u00e9ateurs de mode, choisir le bon <em>poids du tissu denim<\/em> cr\u00e9e des silhouettes pr\u00e9cises. Ce guide relie <em>tissu denim personnalis\u00e9<\/em> aux cibles et aux contextes pour une int\u00e9gration de conception transparente.<\/p>\n<ul dir=\"auto\">\n<li><strong>Public cible :<\/strong> Les tendances jeunes privil\u00e9gient la douceur du denim l\u00e9ger <em>drap\u00e9 en denim<\/em>, tandis que le workwear\/vintage opte pour le poids lourd <em>denim durable<\/em>l&#039;audace de. <strong>Conseil du concepteur\u00a0:<\/strong> Sonder les insights consommateurs pour aligner les silhouettes \u00e9motionnelles.<\/li>\n<li><strong>Saisonnalit\u00e9 :<\/strong> \u2264 9 oz de liquide <em>drap\u00e9 en denim<\/em> pour le printemps\/\u00e9t\u00e9, \u226512 oz de chaleur pour l&#039;automne\/hiver. <strong>Conseil du concepteur\u00a0:<\/strong> Testez la respirabilit\u00e9 pour un ajustement climatique.<\/li>\n<li><strong>Correspondance de silhouette :<\/strong> Poids moyen pour la stabilit\u00e9 des jeans slim <em>drap\u00e9 en denim<\/em>, l\u00e9ger pour la fluidit\u00e9 des jupes trap\u00e8ze, lourd pour le maintien des vestes oversize. <strong>Conseil du concepteur\u00a0:<\/strong> Simuler <em>tissu denim personnalis\u00e9<\/em> sur des mod\u00e8les via CAO.\n<p><div id=\"attachment_6799\" style=\"width: 610px\" class=\"wp-caption aligncenter\"><img loading=\"lazy\" decoding=\"async\" aria-describedby=\"caption-attachment-6799\" class=\"wp-image-6799\" src=\"https:\/\/lydenim.com\/wp-content\/uploads\/2025\/10\/a8784b8f3a3bbb66b96e916e93b6ce31.jpg\" alt=\"\" width=\"600\" height=\"750\" srcset=\"https:\/\/lydenim.com\/wp-content\/uploads\/2025\/10\/a8784b8f3a3bbb66b96e916e93b6ce31.jpg 1117w, https:\/\/lydenim.com\/wp-content\/uploads\/2025\/10\/a8784b8f3a3bbb66b96e916e93b6ce31-240x300.jpg 240w, https:\/\/lydenim.com\/wp-content\/uploads\/2025\/10\/a8784b8f3a3bbb66b96e916e93b6ce31-819x1024.jpg 819w, https:\/\/lydenim.com\/wp-content\/uploads\/2025\/10\/a8784b8f3a3bbb66b96e916e93b6ce31-768x960.jpg 768w, https:\/\/lydenim.com\/wp-content\/uploads\/2025\/10\/a8784b8f3a3bbb66b96e916e93b6ce31-10x12.jpg 10w, https:\/\/lydenim.com\/wp-content\/uploads\/2025\/10\/a8784b8f3a3bbb66b96e916e93b6ce31-480x600.jpg 480w, https:\/\/lydenim.com\/wp-content\/uploads\/2025\/10\/a8784b8f3a3bbb66b96e916e93b6ce31-600x750.jpg 600w, https:\/\/lydenim.com\/wp-content\/uploads\/2025\/10\/a8784b8f3a3bbb66b96e916e93b6ce31-150x187.jpg 150w\" sizes=\"auto, (max-width: 600px) 100vw, 600px\" \/><p id=\"caption-attachment-6799\" class=\"wp-caption-text\">Guide pour les concepteurs<\/p><\/div><\/li>\n<\/ul>\n<h2 dir=\"auto\">4. Tendances et inspirations en <em>Denim durable<\/em><\/h2>\n<p dir=\"auto\">Tendances marquantes pour 2025 <em>poids du tissu denim<\/em> polyvalence, conduite <em>denim durable<\/em> innovation. Dessinez des inspirations silhouettes m\u00ealant \u00e9co et style.<\/p>\n<ul dir=\"auto\">\n<li><strong>Pistes SS25 :<\/strong> L\u00e9ger <em>tissu denim personnalis\u00e9<\/em> robes et ensembles amples en denim m\u00e8nent, avec <em>drap\u00e9 en denim<\/em> \u00e9voquant la facilit\u00e9 urbaine. <strong>Inspiration du cr\u00e9ateur :<\/strong> Denim recycl\u00e9 l\u00e9ger de Gucci pour des silhouettes superpos\u00e9es.<\/li>\n<li><strong>Tendance future :<\/strong> Le denim recycl\u00e9 et les tissus \u00e9cologiques l\u00e9gers dominent, optimisant <em>drap\u00e9 en denim<\/em> de mani\u00e8re durable. <strong>Inspiration du cr\u00e9ateur :<\/strong> Patagonie <em>denim durable<\/em> vestes, alliant structure lourde et fibres recycl\u00e9es pour des formes z\u00e9ro d\u00e9chet.\n<p><div id=\"attachment_6802\" style=\"width: 610px\" class=\"wp-caption aligncenter\"><img loading=\"lazy\" decoding=\"async\" aria-describedby=\"caption-attachment-6802\" class=\"wp-image-6802\" src=\"https:\/\/lydenim.com\/wp-content\/uploads\/2025\/10\/d1489079d8efb34694b9b60437828fff.jpg\" alt=\"\" width=\"600\" height=\"750\" srcset=\"https:\/\/lydenim.com\/wp-content\/uploads\/2025\/10\/d1489079d8efb34694b9b60437828fff.jpg 1077w, https:\/\/lydenim.com\/wp-content\/uploads\/2025\/10\/d1489079d8efb34694b9b60437828fff-240x300.jpg 240w, https:\/\/lydenim.com\/wp-content\/uploads\/2025\/10\/d1489079d8efb34694b9b60437828fff-819x1024.jpg 819w, https:\/\/lydenim.com\/wp-content\/uploads\/2025\/10\/d1489079d8efb34694b9b60437828fff-768x960.jpg 768w, https:\/\/lydenim.com\/wp-content\/uploads\/2025\/10\/d1489079d8efb34694b9b60437828fff-10x12.jpg 10w, https:\/\/lydenim.com\/wp-content\/uploads\/2025\/10\/d1489079d8efb34694b9b60437828fff-480x600.jpg 480w, https:\/\/lydenim.com\/wp-content\/uploads\/2025\/10\/d1489079d8efb34694b9b60437828fff-600x750.jpg 600w, https:\/\/lydenim.com\/wp-content\/uploads\/2025\/10\/d1489079d8efb34694b9b60437828fff-150x187.jpg 150w\" sizes=\"auto, (max-width: 600px) 100vw, 600px\" \/><p id=\"caption-attachment-6802\" class=\"wp-caption-text\">Tendances denim<\/p><\/div><\/li>\n<\/ul>\n<h2 dir=\"auto\">5. Solutions personnalis\u00e9es de Lydenim pour <em>Poids du tissu denim<\/em><\/h2>\n<p dir=\"auto\">Comme <em>tissu denim personnalis\u00e9<\/em> sp\u00e9cialistes, Lydenim propose une gamme compl\u00e8te de 4 \u00e0 14 oz <em>poids du tissu denim<\/em> spectre, des options l\u00e9g\u00e8res\/lourdes aux <em>denim durable<\/em> innovations, permettant aux concepteurs de concevoir des solutions parfaites <em>drap\u00e9 en denim<\/em> De la conception \u00e0 la r\u00e9alisation. D\u00e9couvrez nos tissus en stock et nos services sur mesure pour des silhouettes uniques. <strong>Appel \u00e0 l&#039;action :<\/strong> Contactez Lydenim d\u00e8s aujourd&#039;hui pour personnaliser votre prochaine collection denim !<\/p>\n<h2 dir=\"auto\">6. Services de personnalisation par LYDENIM<\/h2>\n<p>Vous r\u00eavez de tissus haut de gamme \u00e0 la texture et \u00e0 la durabilit\u00e9 exceptionnelles\u00a0? LYDENIM est sp\u00e9cialis\u00e9 dans les textiles de haute qualit\u00e9 et les solutions vestimentaires sur mesure, vous aidant \u00e0 concr\u00e9tiser vos id\u00e9es cr\u00e9atives avec pr\u00e9cision et style.<\/p>\n<p>\ud83c\udfa8 Tissus personnalis\u00e9s<br \/>\nCr\u00e9ez votre propre collection de tissus avec les mati\u00e8res haut de gamme de LYDENIM. Des m\u00e9langes de coton luxueux aux textiles \u00e9cologiques innovants, explorez les couleurs, les tissages et les finitions qui correspondent parfaitement \u00e0 votre marque ou \u00e0 votre vision du design. Visitez <a href=\"http:\/\/LYDENIM.COM\/PRODUCT\/\">LYDENIM<\/a> pour en savoir plus.<\/p>\n<p>\ud83d\udecd\ufe0f Solutions de v\u00eatements sur mesure<br \/>\nDonnez vie \u00e0 vos cr\u00e9ations gr\u00e2ce \u00e0 nos services de confection sur mesure. Costumes sur mesure, robes \u00e9l\u00e9gantes ou v\u00eatements de travail r\u00e9sistants, nous garantissons une coupe parfaite, un confort optimal et une qualit\u00e9 durable. D\u00e9couvrez nos options de personnalisation sur <a href=\"http:\/\/liangyuantextile.m.en.alibaba.com\">Myalibaba.<\/a><\/p>\n<p>\ud83d\udce9 Contactez-nous<br \/>\nVous avez un projet en t\u00eate\u00a0? Contactez notre \u00e9quipe au <a href=\"mailto:malone@lydenim.com\">malone@lydenim.com<\/a> pour discuter de tissus personnalis\u00e9s, de conception de v\u00eatements ou de solutions textiles durables.<\/p>\n<p>Transformez vos id\u00e9es en r\u00e9alit\u00e9 avec LYDENIM, votre partenaire de confiance pour des tissus innovants et de haute qualit\u00e9 et des solutions de v\u00eatements sur mesure.<\/p>","protected":false},"excerpt":{"rendered":"<p>Temps de lecture estim\u00e9 : ~3 minutes Introduction Dans la conception du denim, le drap\u00e9 du denim et le poids du tissu denim sont essentiels pour d\u00e9finir un<\/p>","protected":false},"author":1,"featured_media":6803,"comment_status":"open","ping_status":"open","sticky":false,"template":"","format":"standard","meta":{"two_page_speed":[],"footnotes":""},"categories":[66],"tags":[],"class_list":["post-6700","post","type-post","status-publish","format-standard","has-post-thumbnail","hentry","category-denim-knowledge"],"aioseo_notices":[],"_links":{"self":[{"href":"https:\/\/lydenim.com\/fr\/wp-json\/wp\/v2\/posts\/6700","targetHints":{"allow":["GET"]}}],"collection":[{"href":"https:\/\/lydenim.com\/fr\/wp-json\/wp\/v2\/posts"}],"about":[{"href":"https:\/\/lydenim.com\/fr\/wp-json\/wp\/v2\/types\/post"}],"author":[{"embeddable":true,"href":"https:\/\/lydenim.com\/fr\/wp-json\/wp\/v2\/users\/1"}],"replies":[{"embeddable":true,"href":"https:\/\/lydenim.com\/fr\/wp-json\/wp\/v2\/comments?post=6700"}],"version-history":[{"count":3,"href":"https:\/\/lydenim.com\/fr\/wp-json\/wp\/v2\/posts\/6700\/revisions"}],"predecessor-version":[{"id":6805,"href":"https:\/\/lydenim.com\/fr\/wp-json\/wp\/v2\/posts\/6700\/revisions\/6805"}],"wp:featuredmedia":[{"embeddable":true,"href":"https:\/\/lydenim.com\/fr\/wp-json\/wp\/v2\/media\/6803"}],"wp:attachment":[{"href":"https:\/\/lydenim.com\/fr\/wp-json\/wp\/v2\/media?parent=6700"}],"wp:term":[{"taxonomy":"category","embeddable":true,"href":"https:\/\/lydenim.com\/fr\/wp-json\/wp\/v2\/categories?post=6700"},{"taxonomy":"post_tag","embeddable":true,"href":"https:\/\/lydenim.com\/fr\/wp-json\/wp\/v2\/tags?post=6700"}],"curies":[{"name":"wp","href":"https:\/\/api.w.org\/{rel}","templated":true}]}}